{"id":86451,"date":"2025-10-29T18:43:08","date_gmt":"2025-10-29T17:43:08","guid":{"rendered":"https:\/\/vosgesinfo.fr\/remiremontinfo\/2025\/10\/concessions-hydroelectriques-daniel-gremillet-plaide-au-senat-pour-la-mise-en-oeuvre-dun-nouveau-regime-dexploitation\/"},"modified":"2025-10-29T18:43:08","modified_gmt":"2025-10-29T17:43:08","slug":"concessions-hydroelectriques-daniel-gremillet-plaide-au-senat-pour-la-mise-en-oeuvre-dun-nouveau-regime-dexploitation","status":"publish","type":"post","link":"https:\/\/vosgesinfo.fr\/remiremontinfo\/2025\/10\/concessions-hydroelectriques-daniel-gremillet-plaide-au-senat-pour-la-mise-en-oeuvre-dun-nouveau-regime-dexploitation\/","title":{"rendered":"Concessions hydro\u00e9lectriques : Daniel Gremillet plaide au S\u00e9nat pour la mise en \u0153uvre d&rsquo;un nouveau r\u00e9gime d\u2019exploitation"},"content":{"rendered":"<h2><strong><a href=\"https:\/\/vosgesinfo.fr\/app\/uploads\/sites\/3\/2024\/08\/201605dg20150312-agroalimentaire-02-gremillet-2.jpg\"><img decoding=\"async\" class=\"aligncenter wp-image-69914 size-full\" src=\"https:\/\/vosgesinfo.fr\/app\/uploads\/sites\/3\/2024\/08\/201605dg20150312-agroalimentaire-02-gremillet-2.jpg\" alt=\"\" width=\"640\" height=\"360\" \/><\/a>Dans la continuit\u00e9 de ses travaux de 2021, qui ont permis de supprimer des verrous et d\u2019inscrire l\u2019hydro\u00e9lectricit\u00e9 au c\u0153ur de la transition \u00e9nerg\u00e9tique dans la loi \u00ab Climat-R\u00e9silience \u00bb de 2021, Daniel Gremillet se mobilise \u00e0 nouveau au S\u00e9nat afin de lever un frein au d\u00e9veloppement de cette \u00e9nergie.<\/strong><\/h2>\n<p>S\u2019appuyant sur les travaux de la mission transpartisane sur l\u2019avenir des concessions hydro\u00e9lectriques, qu\u2019il a men\u00e9e aux c\u00f4t\u00e9s de trois coll\u00e8gues et dont les conclusions ont \u00e9t\u00e9 adopt\u00e9es \u00e0 la quasi-unanimit\u00e9 des voix au d\u00e9but du mois, il plaide pour la mise en \u0153uvre d\u2019un nouveau r\u00e9gime d\u2019exploitation des concessions.<\/p>\n<p>\u00ab La fili\u00e8re hydro\u00e9lectrique g\u00e9n\u00e8re une production d\u2019\u00e9lectricit\u00e9 importante &#8211; 12 % de notre production \u00e9lectrique, dont 42 % de celle renouvelable -, qui contribue \u00e0 la s\u00e9curisation de notre syst\u00e8me \u00e9lectrique et hydraulique, \u00e0 la d\u00e9carbonation de notre \u00e9conomie et encore au d\u00e9veloppement de nos territoires \u00bb a-t-il rappel\u00e9.<\/p>\n<p>Et de poursuivre : \u00ab Mais son d\u00e9veloppement reste frein\u00e9 par un diff\u00e9rend vieux de vingt ans avec la Commission europ\u00e9enne, qui bloque le renouvellement de nombreuses concessions. Aujourd\u2019hui, 38 d\u2019entre elles sont soumises \u00e0 un r\u00e9gime transitoire, dit des \u00ab d\u00e9lais glissants \u00bb, limitant investissements et projets. \u00bb<\/p>\n<p>La solution identifi\u00e9e par la mission ? Passer d\u2019un r\u00e9gime de concessions \u00e0 un r\u00e9gime d\u2019autorisation pour \u00e9viter la mise en concurrence des concessions hydro\u00e9lectriques fran\u00e7aises.<\/p>\n<p>\u00ab C\u2019est l\u2019option la plus rapide et consensuelle pour lever les freins et assurer l\u2019avenir de la fili\u00e8re. Nous appelons les d\u00e9put\u00e9s \u00e0 l\u2019inscrire dans la proposition de loi de programmation \u00e9nerg\u00e9tique dont je suis l\u2019auteur et qui doit d\u00e9sormais \u00eatre examin\u00e9e en deuxi\u00e8me lecture \u00e0 l\u2019Assembl\u00e9e nationale, apr\u00e8s l\u2019avoir \u00e9t\u00e9 au S\u00e9nat le 8 juillet dernier. Il s\u2019agit en effet du v\u00e9hicule l\u00e9gislatif le plus rapide et le plus ais\u00e9 \u00e0 faire prosp\u00e9rer. \u00bb<\/p>\n<p>Pour en savoir plus :<a href=\"https:\/\/www.senat.fr\/travaux-parlementaires\/commissions\/commission-des-affaires-economiques\/avenir-des-concessions-hydroelectriques.html\"> https:\/\/www.senat.fr\/travaux-parlementaires\/commissions\/commission-des-affaires-economiques\/avenir-des-concessions-hydroelectriques.html<\/a><\/p>\n","protected":false},"excerpt":{"rendered":"<p>Dans la continuit\u00e9 de ses travaux de 2021, qui ont permis de supprimer des verrous et d\u2019inscrire l\u2019hydro\u00e9lectricit\u00e9 au c\u0153ur [&hellip;]<\/p>\n","protected":false},"author":52,"featured_media":86452,"comment_status":"open","ping_status":"open","sticky":false,"template":"","format":"standard","meta":{"footnotes":""},"categories":[26,108,62,845,43,362],"tags":[],"class_list":["post-86451","post","type-post","status-publish","format-standard","has-post-thumbnail","hentry","category-a-la-une","category-epinal","category-gerardmer","category-la-plaine-des-vosges","category-remiremont-remiremont-son-canton","category-saint-die"],"acf":[],"yoast_head":"<!-- This site is optimized with the Yoast SEO plugin v22.5 - https:\/\/yoast.com\/wordpress\/plugins\/seo\/ -->\n<title>Concessions hydro\u00e9lectriques : Daniel Gremillet plaide au S\u00e9nat pour la mise en \u0153uvre d&#039;un nouveau r\u00e9gime d\u2019exploitation - Remiremont Info<\/title>\n<meta name=\"robots\" content=\"index, follow, max-snippet:-1, max-image-preview:large, max-video-preview:-1\" \/>\n<link rel=\"canonical\" href=\"https:\/\/vosgesinfo.fr\/remiremontinfo\/2025\/10\/concessions-hydroelectriques-daniel-gremillet-plaide-au-senat-pour-la-mise-en-oeuvre-dun-nouveau-regime-dexploitation\/\" \/>\n<meta name=\"twitter:card\" content=\"summary_large_image\" \/>\n<meta name=\"twitter:title\" content=\"Concessions hydro\u00e9lectriques : Daniel Gremillet plaide au S\u00e9nat pour la mise en \u0153uvre d&#039;un nouveau r\u00e9gime d\u2019exploitation - Remiremont Info\" \/>\n<meta name=\"twitter:description\" content=\"Dans la continuit\u00e9 de ses travaux de 2021, qui ont permis de supprimer des verrous et d\u2019inscrire l\u2019hydro\u00e9lectricit\u00e9 au c\u0153ur [&hellip;]\" \/>\n<meta name=\"twitter:image\" content=\"https:\/\/vosgesinfo.fr\/app\/uploads\/sites\/5\/2025\/10\/201605dg20150312-agroalimentaire-02-gremillet-2.jpg\" \/>\n<meta name=\"twitter:creator\" content=\"@VosgesInfo88\" \/>\n<meta name=\"twitter:site\" content=\"@VosgesInfo88\" \/>\n<meta name=\"twitter:label1\" content=\"\u00c9crit par\" \/>\n\t<meta name=\"twitter:data1\" content=\"C.K.\" \/>\n\t<meta name=\"twitter:label2\" content=\"Dur\u00e9e de lecture estim\u00e9e\" \/>\n\t<meta name=\"twitter:data2\" content=\"2 minutes\" \/>\n<script type=\"application\/ld+json\" class=\"yoast-schema-graph\">{\"@context\":\"https:\/\/schema.org\",\"@graph\":[{\"@type\":\"Article\",\"@id\":\"https:\/\/vosgesinfo.fr\/remiremontinfo\/2025\/10\/concessions-hydroelectriques-daniel-gremillet-plaide-au-senat-pour-la-mise-en-oeuvre-dun-nouveau-regime-dexploitation\/#article\",\"isPartOf\":{\"@id\":\"https:\/\/vosgesinfo.fr\/remiremontinfo\/2025\/10\/concessions-hydroelectriques-daniel-gremillet-plaide-au-senat-pour-la-mise-en-oeuvre-dun-nouveau-regime-dexploitation\/\"},\"author\":{\"name\":\"C.K.\",\"@id\":\"https:\/\/vosgesinfo.fr\/remiremontinfo\/#\/schema\/person\/6f9a650eeea99d969b6c4ab78fccbe81\"},\"headline\":\"Concessions hydro\u00e9lectriques : Daniel Gremillet plaide au S\u00e9nat pour la mise en \u0153uvre d&rsquo;un nouveau r\u00e9gime d\u2019exploitation\",\"datePublished\":\"2025-10-29T17:43:08+00:00\",\"dateModified\":\"2025-10-29T17:43:08+00:00\",\"mainEntityOfPage\":{\"@id\":\"https:\/\/vosgesinfo.fr\/remiremontinfo\/2025\/10\/concessions-hydroelectriques-daniel-gremillet-plaide-au-senat-pour-la-mise-en-oeuvre-dun-nouveau-regime-dexploitation\/\"},\"wordCount\":370,\"commentCount\":0,\"publisher\":{\"@id\":\"https:\/\/vosgesinfo.fr\/remiremontinfo\/#organization\"},\"image\":{\"@id\":\"https:\/\/vosgesinfo.fr\/remiremontinfo\/2025\/10\/concessions-hydroelectriques-daniel-gremillet-plaide-au-senat-pour-la-mise-en-oeuvre-dun-nouveau-regime-dexploitation\/#primaryimage\"},\"thumbnailUrl\":\"https:\/\/vosgesinfo.fr\/app\/uploads\/sites\/5\/2025\/10\/201605dg20150312-agroalimentaire-02-gremillet-2.jpg\",\"articleSection\":[\"A la Une\",\"Epinal\",\"G\u00e9rardmer\",\"La plaine des vosges\",\"Remiremont\",\"Saint-di\u00e9\"],\"inLanguage\":\"fr-FR\",\"potentialAction\":[{\"@type\":\"CommentAction\",\"name\":\"Comment\",\"target\":[\"https:\/\/vosgesinfo.fr\/remiremontinfo\/2025\/10\/concessions-hydroelectriques-daniel-gremillet-plaide-au-senat-pour-la-mise-en-oeuvre-dun-nouveau-regime-dexploitation\/#respond\"]}]},{\"@type\":\"WebPage\",\"@id\":\"https:\/\/vosgesinfo.fr\/remiremontinfo\/2025\/10\/concessions-hydroelectriques-daniel-gremillet-plaide-au-senat-pour-la-mise-en-oeuvre-dun-nouveau-regime-dexploitation\/\",\"url\":\"https:\/\/vosgesinfo.fr\/remiremontinfo\/2025\/10\/concessions-hydroelectriques-daniel-gremillet-plaide-au-senat-pour-la-mise-en-oeuvre-dun-nouveau-regime-dexploitation\/\",\"name\":\"Concessions hydro\u00e9lectriques : Daniel Gremillet plaide au S\u00e9nat pour la mise en \u0153uvre d'un nouveau r\u00e9gime d\u2019exploitation - Remiremont Info\",\"isPartOf\":{\"@id\":\"https:\/\/vosgesinfo.fr\/remiremontinfo\/#website\"},\"primaryImageOfPage\":{\"@id\":\"https:\/\/vosgesinfo.fr\/remiremontinfo\/2025\/10\/concessions-hydroelectriques-daniel-gremillet-plaide-au-senat-pour-la-mise-en-oeuvre-dun-nouveau-regime-dexploitation\/#primaryimage\"},\"image\":{\"@id\":\"https:\/\/vosgesinfo.fr\/remiremontinfo\/2025\/10\/concessions-hydroelectriques-daniel-gremillet-plaide-au-senat-pour-la-mise-en-oeuvre-dun-nouveau-regime-dexploitation\/#primaryimage\"},\"thumbnailUrl\":\"https:\/\/vosgesinfo.fr\/app\/uploads\/sites\/5\/2025\/10\/201605dg20150312-agroalimentaire-02-gremillet-2.jpg\",\"datePublished\":\"2025-10-29T17:43:08+00:00\",\"dateModified\":\"2025-10-29T17:43:08+00:00\",\"breadcrumb\":{\"@id\":\"https:\/\/vosgesinfo.fr\/remiremontinfo\/2025\/10\/concessions-hydroelectriques-daniel-gremillet-plaide-au-senat-pour-la-mise-en-oeuvre-dun-nouveau-regime-dexploitation\/#breadcrumb\"},\"inLanguage\":\"fr-FR\",\"potentialAction\":[{\"@type\":\"ReadAction\",\"target\":[\"https:\/\/vosgesinfo.fr\/remiremontinfo\/2025\/10\/concessions-hydroelectriques-daniel-gremillet-plaide-au-senat-pour-la-mise-en-oeuvre-dun-nouveau-regime-dexploitation\/\"]}]},{\"@type\":\"ImageObject\",\"inLanguage\":\"fr-FR\",\"@id\":\"https:\/\/vosgesinfo.fr\/remiremontinfo\/2025\/10\/concessions-hydroelectriques-daniel-gremillet-plaide-au-senat-pour-la-mise-en-oeuvre-dun-nouveau-regime-dexploitation\/#primaryimage\",\"url\":\"https:\/\/vosgesinfo.fr\/app\/uploads\/sites\/5\/2025\/10\/201605dg20150312-agroalimentaire-02-gremillet-2.jpg\",\"contentUrl\":\"https:\/\/vosgesinfo.fr\/app\/uploads\/sites\/5\/2025\/10\/201605dg20150312-agroalimentaire-02-gremillet-2.jpg\",\"width\":640,\"height\":360},{\"@type\":\"BreadcrumbList\",\"@id\":\"https:\/\/vosgesinfo.fr\/remiremontinfo\/2025\/10\/concessions-hydroelectriques-daniel-gremillet-plaide-au-senat-pour-la-mise-en-oeuvre-dun-nouveau-regime-dexploitation\/#breadcrumb\",\"itemListElement\":[{\"@type\":\"ListItem\",\"position\":1,\"name\":\"Home\",\"item\":\"https:\/\/vosgesinfo.fr\/remiremontinfo\/\"},{\"@type\":\"ListItem\",\"position\":2,\"name\":\"Concessions hydro\u00e9lectriques : Daniel Gremillet plaide au S\u00e9nat pour la mise en \u0153uvre d&rsquo;un nouveau r\u00e9gime d\u2019exploitation\"}]},{\"@type\":\"WebSite\",\"@id\":\"https:\/\/vosgesinfo.fr\/remiremontinfo\/#website\",\"url\":\"https:\/\/vosgesinfo.fr\/remiremontinfo\/\",\"name\":\"Remiremont Info\",\"description\":\"Toute l&#039;actualit\u00e9 de Remiremont\",\"publisher\":{\"@id\":\"https:\/\/vosgesinfo.fr\/remiremontinfo\/#organization\"},\"alternateName\":\"Toute l'actualit\u00e9 de Remiremont\",\"potentialAction\":[{\"@type\":\"SearchAction\",\"target\":{\"@type\":\"EntryPoint\",\"urlTemplate\":\"https:\/\/vosgesinfo.fr\/remiremontinfo\/?s={search_term_string}\"},\"query-input\":\"required name=search_term_string\"}],\"inLanguage\":\"fr-FR\"},{\"@type\":\"Organization\",\"@id\":\"https:\/\/vosgesinfo.fr\/remiremontinfo\/#organization\",\"name\":\"Remiremont Info\",\"url\":\"https:\/\/vosgesinfo.fr\/remiremontinfo\/\",\"logo\":{\"@type\":\"ImageObject\",\"inLanguage\":\"fr-FR\",\"@id\":\"https:\/\/vosgesinfo.fr\/remiremontinfo\/#\/schema\/logo\/image\/\",\"url\":\"https:\/\/vosgesinfo.fr\/app\/uploads\/sites\/5\/2023\/08\/favicon-remiremontinfo.png\",\"contentUrl\":\"https:\/\/vosgesinfo.fr\/app\/uploads\/sites\/5\/2023\/08\/favicon-remiremontinfo.png\",\"width\":512,\"height\":512,\"caption\":\"Remiremont Info\"},\"image\":{\"@id\":\"https:\/\/vosgesinfo.fr\/remiremontinfo\/#\/schema\/logo\/image\/\"},\"sameAs\":[\"https:\/\/www.facebook.com\/remiremontinfo\",\"https:\/\/x.com\/VosgesInfo88\",\"https:\/\/www.youtube.com\/@vosgesinfo\"]},{\"@type\":\"Person\",\"@id\":\"https:\/\/vosgesinfo.fr\/remiremontinfo\/#\/schema\/person\/6f9a650eeea99d969b6c4ab78fccbe81\",\"name\":\"C.K.\",\"image\":{\"@type\":\"ImageObject\",\"inLanguage\":\"fr-FR\",\"@id\":\"https:\/\/vosgesinfo.fr\/remiremontinfo\/#\/schema\/person\/image\/\",\"url\":\"https:\/\/secure.gravatar.com\/avatar\/48e3fc7f8421ba8942be6b74a2b7f014ca39bc00dece156b7a8e098ae7dc87bf?s=96&d=mm&r=g\",\"contentUrl\":\"https:\/\/secure.gravatar.com\/avatar\/48e3fc7f8421ba8942be6b74a2b7f014ca39bc00dece156b7a8e098ae7dc87bf?s=96&d=mm&r=g\",\"caption\":\"C.K.\"},\"url\":\"https:\/\/vosgesinfo.fr\/remiremontinfo\/author\/celia-k-n\/\"}]}<\/script>\n<!-- \/ Yoast SEO plugin. -->","yoast_head_json":{"title":"Concessions hydro\u00e9lectriques : Daniel Gremillet plaide au S\u00e9nat pour la mise en \u0153uvre d'un nouveau r\u00e9gime d\u2019exploitation - Remiremont Info","robots":{"index":"index","follow":"follow","max-snippet":"max-snippet:-1","max-image-preview":"max-image-preview:large","max-video-preview":"max-video-preview:-1"},"canonical":"https:\/\/vosgesinfo.fr\/remiremontinfo\/2025\/10\/concessions-hydroelectriques-daniel-gremillet-plaide-au-senat-pour-la-mise-en-oeuvre-dun-nouveau-regime-dexploitation\/","twitter_card":"summary_large_image","twitter_title":"Concessions hydro\u00e9lectriques : Daniel Gremillet plaide au S\u00e9nat pour la mise en \u0153uvre d'un nouveau r\u00e9gime d\u2019exploitation - Remiremont Info","twitter_description":"Dans la continuit\u00e9 de ses travaux de 2021, qui ont permis de supprimer des verrous et d\u2019inscrire l\u2019hydro\u00e9lectricit\u00e9 au c\u0153ur [&hellip;]","twitter_image":"https:\/\/vosgesinfo.fr\/app\/uploads\/sites\/5\/2025\/10\/201605dg20150312-agroalimentaire-02-gremillet-2.jpg","twitter_creator":"@VosgesInfo88","twitter_site":"@VosgesInfo88","twitter_misc":{"\u00c9crit par":"C.K.","Dur\u00e9e de lecture estim\u00e9e":"2 minutes"},"schema":{"@context":"https:\/\/schema.org","@graph":[{"@type":"Article","@id":"https:\/\/vosgesinfo.fr\/remiremontinfo\/2025\/10\/concessions-hydroelectriques-daniel-gremillet-plaide-au-senat-pour-la-mise-en-oeuvre-dun-nouveau-regime-dexploitation\/#article","isPartOf":{"@id":"https:\/\/vosgesinfo.fr\/remiremontinfo\/2025\/10\/concessions-hydroelectriques-daniel-gremillet-plaide-au-senat-pour-la-mise-en-oeuvre-dun-nouveau-regime-dexploitation\/"},"author":{"name":"C.K.","@id":"https:\/\/vosgesinfo.fr\/remiremontinfo\/#\/schema\/person\/6f9a650eeea99d969b6c4ab78fccbe81"},"headline":"Concessions hydro\u00e9lectriques : Daniel Gremillet plaide au S\u00e9nat pour la mise en \u0153uvre d&rsquo;un nouveau r\u00e9gime d\u2019exploitation","datePublished":"2025-10-29T17:43:08+00:00","dateModified":"2025-10-29T17:43:08+00:00","mainEntityOfPage":{"@id":"https:\/\/vosgesinfo.fr\/remiremontinfo\/2025\/10\/concessions-hydroelectriques-daniel-gremillet-plaide-au-senat-pour-la-mise-en-oeuvre-dun-nouveau-regime-dexploitation\/"},"wordCount":370,"commentCount":0,"publisher":{"@id":"https:\/\/vosgesinfo.fr\/remiremontinfo\/#organization"},"image":{"@id":"https:\/\/vosgesinfo.fr\/remiremontinfo\/2025\/10\/concessions-hydroelectriques-daniel-gremillet-plaide-au-senat-pour-la-mise-en-oeuvre-dun-nouveau-regime-dexploitation\/#primaryimage"},"thumbnailUrl":"https:\/\/vosgesinfo.fr\/app\/uploads\/sites\/5\/2025\/10\/201605dg20150312-agroalimentaire-02-gremillet-2.jpg","articleSection":["A la Une","Epinal","G\u00e9rardmer","La plaine des vosges","Remiremont","Saint-di\u00e9"],"inLanguage":"fr-FR","potentialAction":[{"@type":"CommentAction","name":"Comment","target":["https:\/\/vosgesinfo.fr\/remiremontinfo\/2025\/10\/concessions-hydroelectriques-daniel-gremillet-plaide-au-senat-pour-la-mise-en-oeuvre-dun-nouveau-regime-dexploitation\/#respond"]}]},{"@type":"WebPage","@id":"https:\/\/vosgesinfo.fr\/remiremontinfo\/2025\/10\/concessions-hydroelectriques-daniel-gremillet-plaide-au-senat-pour-la-mise-en-oeuvre-dun-nouveau-regime-dexploitation\/","url":"https:\/\/vosgesinfo.fr\/remiremontinfo\/2025\/10\/concessions-hydroelectriques-daniel-gremillet-plaide-au-senat-pour-la-mise-en-oeuvre-dun-nouveau-regime-dexploitation\/","name":"Concessions hydro\u00e9lectriques : Daniel Gremillet plaide au S\u00e9nat pour la mise en \u0153uvre d'un nouveau r\u00e9gime d\u2019exploitation - Remiremont Info","isPartOf":{"@id":"https:\/\/vosgesinfo.fr\/remiremontinfo\/#website"},"primaryImageOfPage":{"@id":"https:\/\/vosgesinfo.fr\/remiremontinfo\/2025\/10\/concessions-hydroelectriques-daniel-gremillet-plaide-au-senat-pour-la-mise-en-oeuvre-dun-nouveau-regime-dexploitation\/#primaryimage"},"image":{"@id":"https:\/\/vosgesinfo.fr\/remiremontinfo\/2025\/10\/concessions-hydroelectriques-daniel-gremillet-plaide-au-senat-pour-la-mise-en-oeuvre-dun-nouveau-regime-dexploitation\/#primaryimage"},"thumbnailUrl":"https:\/\/vosgesinfo.fr\/app\/uploads\/sites\/5\/2025\/10\/201605dg20150312-agroalimentaire-02-gremillet-2.jpg","datePublished":"2025-10-29T17:43:08+00:00","dateModified":"2025-10-29T17:43:08+00:00","breadcrumb":{"@id":"https:\/\/vosgesinfo.fr\/remiremontinfo\/2025\/10\/concessions-hydroelectriques-daniel-gremillet-plaide-au-senat-pour-la-mise-en-oeuvre-dun-nouveau-regime-dexploitation\/#breadcrumb"},"inLanguage":"fr-FR","potentialAction":[{"@type":"ReadAction","target":["https:\/\/vosgesinfo.fr\/remiremontinfo\/2025\/10\/concessions-hydroelectriques-daniel-gremillet-plaide-au-senat-pour-la-mise-en-oeuvre-dun-nouveau-regime-dexploitation\/"]}]},{"@type":"ImageObject","inLanguage":"fr-FR","@id":"https:\/\/vosgesinfo.fr\/remiremontinfo\/2025\/10\/concessions-hydroelectriques-daniel-gremillet-plaide-au-senat-pour-la-mise-en-oeuvre-dun-nouveau-regime-dexploitation\/#primaryimage","url":"https:\/\/vosgesinfo.fr\/app\/uploads\/sites\/5\/2025\/10\/201605dg20150312-agroalimentaire-02-gremillet-2.jpg","contentUrl":"https:\/\/vosgesinfo.fr\/app\/uploads\/sites\/5\/2025\/10\/201605dg20150312-agroalimentaire-02-gremillet-2.jpg","width":640,"height":360},{"@type":"BreadcrumbList","@id":"https:\/\/vosgesinfo.fr\/remiremontinfo\/2025\/10\/concessions-hydroelectriques-daniel-gremillet-plaide-au-senat-pour-la-mise-en-oeuvre-dun-nouveau-regime-dexploitation\/#breadcrumb","itemListElement":[{"@type":"ListItem","position":1,"name":"Home","item":"https:\/\/vosgesinfo.fr\/remiremontinfo\/"},{"@type":"ListItem","position":2,"name":"Concessions hydro\u00e9lectriques : Daniel Gremillet plaide au S\u00e9nat pour la mise en \u0153uvre d&rsquo;un nouveau r\u00e9gime d\u2019exploitation"}]},{"@type":"WebSite","@id":"https:\/\/vosgesinfo.fr\/remiremontinfo\/#website","url":"https:\/\/vosgesinfo.fr\/remiremontinfo\/","name":"Remiremont Info","description":"Toute l&#039;actualit\u00e9 de Remiremont","publisher":{"@id":"https:\/\/vosgesinfo.fr\/remiremontinfo\/#organization"},"alternateName":"Toute l'actualit\u00e9 de Remiremont","potentialAction":[{"@type":"SearchAction","target":{"@type":"EntryPoint","urlTemplate":"https:\/\/vosgesinfo.fr\/remiremontinfo\/?s={search_term_string}"},"query-input":"required name=search_term_string"}],"inLanguage":"fr-FR"},{"@type":"Organization","@id":"https:\/\/vosgesinfo.fr\/remiremontinfo\/#organization","name":"Remiremont Info","url":"https:\/\/vosgesinfo.fr\/remiremontinfo\/","logo":{"@type":"ImageObject","inLanguage":"fr-FR","@id":"https:\/\/vosgesinfo.fr\/remiremontinfo\/#\/schema\/logo\/image\/","url":"https:\/\/vosgesinfo.fr\/app\/uploads\/sites\/5\/2023\/08\/favicon-remiremontinfo.png","contentUrl":"https:\/\/vosgesinfo.fr\/app\/uploads\/sites\/5\/2023\/08\/favicon-remiremontinfo.png","width":512,"height":512,"caption":"Remiremont Info"},"image":{"@id":"https:\/\/vosgesinfo.fr\/remiremontinfo\/#\/schema\/logo\/image\/"},"sameAs":["https:\/\/www.facebook.com\/remiremontinfo","https:\/\/x.com\/VosgesInfo88","https:\/\/www.youtube.com\/@vosgesinfo"]},{"@type":"Person","@id":"https:\/\/vosgesinfo.fr\/remiremontinfo\/#\/schema\/person\/6f9a650eeea99d969b6c4ab78fccbe81","name":"C.K.","image":{"@type":"ImageObject","inLanguage":"fr-FR","@id":"https:\/\/vosgesinfo.fr\/remiremontinfo\/#\/schema\/person\/image\/","url":"https:\/\/secure.gravatar.com\/avatar\/48e3fc7f8421ba8942be6b74a2b7f014ca39bc00dece156b7a8e098ae7dc87bf?s=96&d=mm&r=g","contentUrl":"https:\/\/secure.gravatar.com\/avatar\/48e3fc7f8421ba8942be6b74a2b7f014ca39bc00dece156b7a8e098ae7dc87bf?s=96&d=mm&r=g","caption":"C.K."},"url":"https:\/\/vosgesinfo.fr\/remiremontinfo\/author\/celia-k-n\/"}]}},"_links":{"self":[{"href":"https:\/\/vosgesinfo.fr\/remiremontinfo\/wp-json\/wp\/v2\/posts\/86451","targetHints":{"allow":["GET"]}}],"collection":[{"href":"https:\/\/vosgesinfo.fr\/remiremontinfo\/wp-json\/wp\/v2\/posts"}],"about":[{"href":"https:\/\/vosgesinfo.fr\/remiremontinfo\/wp-json\/wp\/v2\/types\/post"}],"author":[{"embeddable":true,"href":"https:\/\/vosgesinfo.fr\/remiremontinfo\/wp-json\/wp\/v2\/users\/52"}],"replies":[{"embeddable":true,"href":"https:\/\/vosgesinfo.fr\/remiremontinfo\/wp-json\/wp\/v2\/comments?post=86451"}],"version-history":[{"count":0,"href":"https:\/\/vosgesinfo.fr\/remiremontinfo\/wp-json\/wp\/v2\/posts\/86451\/revisions"}],"wp:featuredmedia":[{"embeddable":true,"href":"https:\/\/vosgesinfo.fr\/remiremontinfo\/wp-json\/wp\/v2\/media\/86452"}],"wp:attachment":[{"href":"https:\/\/vosgesinfo.fr\/remiremontinfo\/wp-json\/wp\/v2\/media?parent=86451"}],"wp:term":[{"taxonomy":"category","embeddable":true,"href":"https:\/\/vosgesinfo.fr\/remiremontinfo\/wp-json\/wp\/v2\/categories?post=86451"},{"taxonomy":"post_tag","embeddable":true,"href":"https:\/\/vosgesinfo.fr\/remiremontinfo\/wp-json\/wp\/v2\/tags?post=86451"}],"curies":[{"name":"wp","href":"https:\/\/api.w.org\/{rel}","templated":true}]}}