{"id":86453,"date":"2025-10-29T18:55:50","date_gmt":"2025-10-29T17:55:50","guid":{"rendered":"https:\/\/vosgesinfo.fr\/remiremontinfo\/2025\/10\/mise-en-garde-demarchage-a-domicile-dans-le-secteur-de-la-vente-de-fruits-et-legumes\/"},"modified":"2025-10-29T18:55:50","modified_gmt":"2025-10-29T17:55:50","slug":"mise-en-garde-demarchage-a-domicile-dans-le-secteur-de-la-vente-de-fruits-et-legumes","status":"publish","type":"post","link":"https:\/\/vosgesinfo.fr\/remiremontinfo\/2025\/10\/mise-en-garde-demarchage-a-domicile-dans-le-secteur-de-la-vente-de-fruits-et-legumes\/","title":{"rendered":"Mise en garde \u2013 D\u00e9marchage \u00e0 domicile dans le secteur de la vente de fruits et l\u00e9gumes"},"content":{"rendered":"<h3 data-start=\"240\" data-end=\"321\"><a href=\"https:\/\/vosgesinfo.fr\/app\/uploads\/sites\/3\/2016\/04\/demarchage-frauduleux-2.jpg\"><img decoding=\"async\" class=\"aligncenter wp-image-3616 size-full\" src=\"https:\/\/vosgesinfo.fr\/app\/uploads\/sites\/3\/2016\/04\/demarchage-frauduleux-2.jpg\" alt=\"\" width=\"340\" height=\"330\" \/><\/a>La Pr\u00e9fecture des Vosges appelle les consommateurs \u00e0 la plus grande vigilance<\/h3>\n<p data-start=\"323\" data-end=\"653\">Depuis plusieurs jours, des habitants de diff\u00e9rentes communes vosgiennes signalent la pr\u00e9sence de d\u00e9marcheurs se pr\u00e9sentant \u00e0 leur domicile pour vendre des fruits et l\u00e9gumes. Ces individus se pr\u00e9sentent souvent comme <strong data-start=\"540\" data-end=\"562\">producteurs locaux<\/strong> ou <strong data-start=\"566\" data-end=\"604\">membres d\u2019une coop\u00e9rative agricole<\/strong>, parfois pr\u00e9tendument situ\u00e9e en <strong data-start=\"637\" data-end=\"650\">Normandie<\/strong>.<\/p>\n<p data-start=\"655\" data-end=\"817\">M\u00eame si la vente en porte-\u00e0-porte n\u2019est pas ill\u00e9gale, <strong data-start=\"709\" data-end=\"774\">certaines pratiques observ\u00e9es sont trompeuses, voire abusives<\/strong>. Les autorit\u00e9s mettent en garde contre :<\/p>\n<ul data-start=\"818\" data-end=\"1060\">\n<li data-start=\"818\" data-end=\"891\">\n<p data-start=\"820\" data-end=\"891\">la <strong data-start=\"823\" data-end=\"849\">vente \u00e0 la camionnette<\/strong> sans facture ni justificatif d\u2019origine,<\/p>\n<\/li>\n<li data-start=\"892\" data-end=\"950\">\n<p data-start=\"894\" data-end=\"950\">l\u2019<strong data-start=\"896\" data-end=\"947\">usurpation d\u2019une provenance locale ou fran\u00e7aise<\/strong>,<\/p>\n<\/li>\n<li data-start=\"951\" data-end=\"1017\">\n<p data-start=\"953\" data-end=\"1017\">la <strong data-start=\"956\" data-end=\"1014\">livraison de quantit\u00e9s sup\u00e9rieures \u00e0 celles command\u00e9es<\/strong>,<\/p>\n<\/li>\n<li data-start=\"1018\" data-end=\"1060\">\n<p data-start=\"1020\" data-end=\"1060\">des <strong data-start=\"1024\" data-end=\"1057\">prix bien au-dessus du march\u00e9<\/strong>.<\/p>\n<\/li>\n<\/ul>\n<p data-start=\"1062\" data-end=\"1206\">Ces m\u00e9thodes commerciales sont <strong data-start=\"1093\" data-end=\"1120\">sanctionn\u00e9es par la loi<\/strong>, pouvant entra\u00eener <strong data-start=\"1140\" data-end=\"1177\">jusqu\u2019\u00e0 deux ans d\u2019emprisonnement<\/strong> et <strong data-start=\"1181\" data-end=\"1203\">300 000 \u20ac d\u2019amende<\/strong>.<\/p>\n<h3 data-start=\"1208\" data-end=\"1245\">\u26a0\ufe0f Pas de droit de r\u00e9tractation<\/h3>\n<p data-start=\"1246\" data-end=\"1530\">Il est important de rappeler que le <strong data-start=\"1282\" data-end=\"1319\">droit de r\u00e9tractation de 14 jours<\/strong> \u2014 applicable pour la plupart des ventes \u00e0 distance \u2014 <strong data-start=\"1373\" data-end=\"1419\">ne s\u2019applique pas aux produits p\u00e9rissables<\/strong>, comme les fruits et l\u00e9gumes. Une fois l\u2019achat effectu\u00e9, il n\u2019est donc <strong data-start=\"1491\" data-end=\"1529\">pas possible de revenir en arri\u00e8re<\/strong>.<\/p>\n<h3 data-start=\"1532\" data-end=\"1571\">\ud83e\uddfe En cas de doute ou de probl\u00e8me<\/h3>\n<p data-start=\"1572\" data-end=\"1646\">Si vous pensez avoir \u00e9t\u00e9 victime de ce type de d\u00e9marchage, vous pouvez :<\/p>\n<ul data-start=\"1647\" data-end=\"1823\">\n<li data-start=\"1647\" data-end=\"1731\">\n<p data-start=\"1649\" data-end=\"1731\"><strong data-start=\"1649\" data-end=\"1675\">Signaler les faits sur<\/strong> <a class=\"decorated-link\" href=\"https:\/\/signal.conso.gouv.fr\" target=\"_new\" rel=\"noopener\" data-start=\"1676\" data-end=\"1728\">signal.conso.gouv.fr<\/a><\/p>\n<\/li>\n<\/ul>\n","protected":false},"excerpt":{"rendered":"<p>La Pr\u00e9fecture des Vosges appelle les consommateurs \u00e0 la plus grande vigilance Depuis plusieurs jours, des habitants de diff\u00e9rentes communes [&hellip;]<\/p>\n","protected":false},"author":52,"featured_media":86454,"comment_status":"open","ping_status":"open","sticky":false,"template":"","format":"standard","meta":{"footnotes":""},"categories":[26,108,62,845,43,362],"tags":[],"class_list":["post-86453","post","type-post","status-publish","format-standard","has-post-thumbnail","hentry","category-a-la-une","category-epinal","category-gerardmer","category-la-plaine-des-vosges","category-remiremont-remiremont-son-canton","category-saint-die"],"acf":[],"yoast_head":"<!-- This site is optimized with the Yoast SEO plugin v22.5 - https:\/\/yoast.com\/wordpress\/plugins\/seo\/ -->\n<title>Mise en garde \u2013 D\u00e9marchage \u00e0 domicile dans le secteur de la vente de fruits et l\u00e9gumes - Remiremont Info<\/title>\n<meta name=\"robots\" content=\"index, follow, max-snippet:-1, max-image-preview:large, max-video-preview:-1\" \/>\n<link rel=\"canonical\" href=\"https:\/\/vosgesinfo.fr\/remiremontinfo\/2025\/10\/mise-en-garde-demarchage-a-domicile-dans-le-secteur-de-la-vente-de-fruits-et-legumes\/\" \/>\n<meta name=\"twitter:card\" content=\"summary_large_image\" \/>\n<meta name=\"twitter:title\" content=\"Mise en garde \u2013 D\u00e9marchage \u00e0 domicile dans le secteur de la vente de fruits et l\u00e9gumes - Remiremont Info\" \/>\n<meta name=\"twitter:description\" content=\"La Pr\u00e9fecture des Vosges appelle les consommateurs \u00e0 la plus grande vigilance Depuis plusieurs jours, des habitants de diff\u00e9rentes communes [&hellip;]\" \/>\n<meta name=\"twitter:image\" content=\"https:\/\/vosgesinfo.fr\/app\/uploads\/sites\/5\/2025\/10\/demarchage-frauduleux-2.jpg\" \/>\n<meta name=\"twitter:creator\" content=\"@VosgesInfo88\" \/>\n<meta name=\"twitter:site\" content=\"@VosgesInfo88\" \/>\n<meta name=\"twitter:label1\" content=\"\u00c9crit par\" \/>\n\t<meta name=\"twitter:data1\" content=\"C.K.\" \/>\n\t<meta name=\"twitter:label2\" content=\"Dur\u00e9e de lecture estim\u00e9e\" \/>\n\t<meta name=\"twitter:data2\" content=\"1 minute\" \/>\n<script type=\"application\/ld+json\" class=\"yoast-schema-graph\">{\"@context\":\"https:\/\/schema.org\",\"@graph\":[{\"@type\":\"Article\",\"@id\":\"https:\/\/vosgesinfo.fr\/remiremontinfo\/2025\/10\/mise-en-garde-demarchage-a-domicile-dans-le-secteur-de-la-vente-de-fruits-et-legumes\/#article\",\"isPartOf\":{\"@id\":\"https:\/\/vosgesinfo.fr\/remiremontinfo\/2025\/10\/mise-en-garde-demarchage-a-domicile-dans-le-secteur-de-la-vente-de-fruits-et-legumes\/\"},\"author\":{\"name\":\"C.K.\",\"@id\":\"https:\/\/vosgesinfo.fr\/remiremontinfo\/#\/schema\/person\/6f9a650eeea99d969b6c4ab78fccbe81\"},\"headline\":\"Mise en garde \u2013 D\u00e9marchage \u00e0 domicile dans le secteur de la vente de fruits et l\u00e9gumes\",\"datePublished\":\"2025-10-29T17:55:50+00:00\",\"dateModified\":\"2025-10-29T17:55:50+00:00\",\"mainEntityOfPage\":{\"@id\":\"https:\/\/vosgesinfo.fr\/remiremontinfo\/2025\/10\/mise-en-garde-demarchage-a-domicile-dans-le-secteur-de-la-vente-de-fruits-et-legumes\/\"},\"wordCount\":251,\"commentCount\":0,\"publisher\":{\"@id\":\"https:\/\/vosgesinfo.fr\/remiremontinfo\/#organization\"},\"image\":{\"@id\":\"https:\/\/vosgesinfo.fr\/remiremontinfo\/2025\/10\/mise-en-garde-demarchage-a-domicile-dans-le-secteur-de-la-vente-de-fruits-et-legumes\/#primaryimage\"},\"thumbnailUrl\":\"https:\/\/vosgesinfo.fr\/app\/uploads\/sites\/5\/2025\/10\/demarchage-frauduleux-2.jpg\",\"articleSection\":[\"A la Une\",\"Epinal\",\"G\u00e9rardmer\",\"La plaine des vosges\",\"Remiremont\",\"Saint-di\u00e9\"],\"inLanguage\":\"fr-FR\",\"potentialAction\":[{\"@type\":\"CommentAction\",\"name\":\"Comment\",\"target\":[\"https:\/\/vosgesinfo.fr\/remiremontinfo\/2025\/10\/mise-en-garde-demarchage-a-domicile-dans-le-secteur-de-la-vente-de-fruits-et-legumes\/#respond\"]}]},{\"@type\":\"WebPage\",\"@id\":\"https:\/\/vosgesinfo.fr\/remiremontinfo\/2025\/10\/mise-en-garde-demarchage-a-domicile-dans-le-secteur-de-la-vente-de-fruits-et-legumes\/\",\"url\":\"https:\/\/vosgesinfo.fr\/remiremontinfo\/2025\/10\/mise-en-garde-demarchage-a-domicile-dans-le-secteur-de-la-vente-de-fruits-et-legumes\/\",\"name\":\"Mise en garde \u2013 D\u00e9marchage \u00e0 domicile dans le secteur de la vente de fruits et l\u00e9gumes - Remiremont Info\",\"isPartOf\":{\"@id\":\"https:\/\/vosgesinfo.fr\/remiremontinfo\/#website\"},\"primaryImageOfPage\":{\"@id\":\"https:\/\/vosgesinfo.fr\/remiremontinfo\/2025\/10\/mise-en-garde-demarchage-a-domicile-dans-le-secteur-de-la-vente-de-fruits-et-legumes\/#primaryimage\"},\"image\":{\"@id\":\"https:\/\/vosgesinfo.fr\/remiremontinfo\/2025\/10\/mise-en-garde-demarchage-a-domicile-dans-le-secteur-de-la-vente-de-fruits-et-legumes\/#primaryimage\"},\"thumbnailUrl\":\"https:\/\/vosgesinfo.fr\/app\/uploads\/sites\/5\/2025\/10\/demarchage-frauduleux-2.jpg\",\"datePublished\":\"2025-10-29T17:55:50+00:00\",\"dateModified\":\"2025-10-29T17:55:50+00:00\",\"breadcrumb\":{\"@id\":\"https:\/\/vosgesinfo.fr\/remiremontinfo\/2025\/10\/mise-en-garde-demarchage-a-domicile-dans-le-secteur-de-la-vente-de-fruits-et-legumes\/#breadcrumb\"},\"inLanguage\":\"fr-FR\",\"potentialAction\":[{\"@type\":\"ReadAction\",\"target\":[\"https:\/\/vosgesinfo.fr\/remiremontinfo\/2025\/10\/mise-en-garde-demarchage-a-domicile-dans-le-secteur-de-la-vente-de-fruits-et-legumes\/\"]}]},{\"@type\":\"ImageObject\",\"inLanguage\":\"fr-FR\",\"@id\":\"https:\/\/vosgesinfo.fr\/remiremontinfo\/2025\/10\/mise-en-garde-demarchage-a-domicile-dans-le-secteur-de-la-vente-de-fruits-et-legumes\/#primaryimage\",\"url\":\"https:\/\/vosgesinfo.fr\/app\/uploads\/sites\/5\/2025\/10\/demarchage-frauduleux-2.jpg\",\"contentUrl\":\"https:\/\/vosgesinfo.fr\/app\/uploads\/sites\/5\/2025\/10\/demarchage-frauduleux-2.jpg\",\"width\":340,\"height\":330},{\"@type\":\"BreadcrumbList\",\"@id\":\"https:\/\/vosgesinfo.fr\/remiremontinfo\/2025\/10\/mise-en-garde-demarchage-a-domicile-dans-le-secteur-de-la-vente-de-fruits-et-legumes\/#breadcrumb\",\"itemListElement\":[{\"@type\":\"ListItem\",\"position\":1,\"name\":\"Home\",\"item\":\"https:\/\/vosgesinfo.fr\/remiremontinfo\/\"},{\"@type\":\"ListItem\",\"position\":2,\"name\":\"Mise en garde \u2013 D\u00e9marchage \u00e0 domicile dans le secteur de la vente de fruits et l\u00e9gumes\"}]},{\"@type\":\"WebSite\",\"@id\":\"https:\/\/vosgesinfo.fr\/remiremontinfo\/#website\",\"url\":\"https:\/\/vosgesinfo.fr\/remiremontinfo\/\",\"name\":\"Remiremont Info\",\"description\":\"Toute l&#039;actualit\u00e9 de Remiremont\",\"publisher\":{\"@id\":\"https:\/\/vosgesinfo.fr\/remiremontinfo\/#organization\"},\"alternateName\":\"Toute l'actualit\u00e9 de Remiremont\",\"potentialAction\":[{\"@type\":\"SearchAction\",\"target\":{\"@type\":\"EntryPoint\",\"urlTemplate\":\"https:\/\/vosgesinfo.fr\/remiremontinfo\/?s={search_term_string}\"},\"query-input\":\"required name=search_term_string\"}],\"inLanguage\":\"fr-FR\"},{\"@type\":\"Organization\",\"@id\":\"https:\/\/vosgesinfo.fr\/remiremontinfo\/#organization\",\"name\":\"Remiremont Info\",\"url\":\"https:\/\/vosgesinfo.fr\/remiremontinfo\/\",\"logo\":{\"@type\":\"ImageObject\",\"inLanguage\":\"fr-FR\",\"@id\":\"https:\/\/vosgesinfo.fr\/remiremontinfo\/#\/schema\/logo\/image\/\",\"url\":\"https:\/\/vosgesinfo.fr\/app\/uploads\/sites\/5\/2023\/08\/favicon-remiremontinfo.png\",\"contentUrl\":\"https:\/\/vosgesinfo.fr\/app\/uploads\/sites\/5\/2023\/08\/favicon-remiremontinfo.png\",\"width\":512,\"height\":512,\"caption\":\"Remiremont Info\"},\"image\":{\"@id\":\"https:\/\/vosgesinfo.fr\/remiremontinfo\/#\/schema\/logo\/image\/\"},\"sameAs\":[\"https:\/\/www.facebook.com\/remiremontinfo\",\"https:\/\/x.com\/VosgesInfo88\",\"https:\/\/www.youtube.com\/@vosgesinfo\"]},{\"@type\":\"Person\",\"@id\":\"https:\/\/vosgesinfo.fr\/remiremontinfo\/#\/schema\/person\/6f9a650eeea99d969b6c4ab78fccbe81\",\"name\":\"C.K.\",\"image\":{\"@type\":\"ImageObject\",\"inLanguage\":\"fr-FR\",\"@id\":\"https:\/\/vosgesinfo.fr\/remiremontinfo\/#\/schema\/person\/image\/\",\"url\":\"https:\/\/secure.gravatar.com\/avatar\/48e3fc7f8421ba8942be6b74a2b7f014ca39bc00dece156b7a8e098ae7dc87bf?s=96&d=mm&r=g\",\"contentUrl\":\"https:\/\/secure.gravatar.com\/avatar\/48e3fc7f8421ba8942be6b74a2b7f014ca39bc00dece156b7a8e098ae7dc87bf?s=96&d=mm&r=g\",\"caption\":\"C.K.\"},\"url\":\"https:\/\/vosgesinfo.fr\/remiremontinfo\/author\/celia-k-n\/\"}]}<\/script>\n<!-- \/ Yoast SEO plugin. -->","yoast_head_json":{"title":"Mise en garde \u2013 D\u00e9marchage \u00e0 domicile dans le secteur de la vente de fruits et l\u00e9gumes - Remiremont Info","robots":{"index":"index","follow":"follow","max-snippet":"max-snippet:-1","max-image-preview":"max-image-preview:large","max-video-preview":"max-video-preview:-1"},"canonical":"https:\/\/vosgesinfo.fr\/remiremontinfo\/2025\/10\/mise-en-garde-demarchage-a-domicile-dans-le-secteur-de-la-vente-de-fruits-et-legumes\/","twitter_card":"summary_large_image","twitter_title":"Mise en garde \u2013 D\u00e9marchage \u00e0 domicile dans le secteur de la vente de fruits et l\u00e9gumes - Remiremont Info","twitter_description":"La Pr\u00e9fecture des Vosges appelle les consommateurs \u00e0 la plus grande vigilance Depuis plusieurs jours, des habitants de diff\u00e9rentes communes [&hellip;]","twitter_image":"https:\/\/vosgesinfo.fr\/app\/uploads\/sites\/5\/2025\/10\/demarchage-frauduleux-2.jpg","twitter_creator":"@VosgesInfo88","twitter_site":"@VosgesInfo88","twitter_misc":{"\u00c9crit par":"C.K.","Dur\u00e9e de lecture estim\u00e9e":"1 minute"},"schema":{"@context":"https:\/\/schema.org","@graph":[{"@type":"Article","@id":"https:\/\/vosgesinfo.fr\/remiremontinfo\/2025\/10\/mise-en-garde-demarchage-a-domicile-dans-le-secteur-de-la-vente-de-fruits-et-legumes\/#article","isPartOf":{"@id":"https:\/\/vosgesinfo.fr\/remiremontinfo\/2025\/10\/mise-en-garde-demarchage-a-domicile-dans-le-secteur-de-la-vente-de-fruits-et-legumes\/"},"author":{"name":"C.K.","@id":"https:\/\/vosgesinfo.fr\/remiremontinfo\/#\/schema\/person\/6f9a650eeea99d969b6c4ab78fccbe81"},"headline":"Mise en garde \u2013 D\u00e9marchage \u00e0 domicile dans le secteur de la vente de fruits et l\u00e9gumes","datePublished":"2025-10-29T17:55:50+00:00","dateModified":"2025-10-29T17:55:50+00:00","mainEntityOfPage":{"@id":"https:\/\/vosgesinfo.fr\/remiremontinfo\/2025\/10\/mise-en-garde-demarchage-a-domicile-dans-le-secteur-de-la-vente-de-fruits-et-legumes\/"},"wordCount":251,"commentCount":0,"publisher":{"@id":"https:\/\/vosgesinfo.fr\/remiremontinfo\/#organization"},"image":{"@id":"https:\/\/vosgesinfo.fr\/remiremontinfo\/2025\/10\/mise-en-garde-demarchage-a-domicile-dans-le-secteur-de-la-vente-de-fruits-et-legumes\/#primaryimage"},"thumbnailUrl":"https:\/\/vosgesinfo.fr\/app\/uploads\/sites\/5\/2025\/10\/demarchage-frauduleux-2.jpg","articleSection":["A la Une","Epinal","G\u00e9rardmer","La plaine des vosges","Remiremont","Saint-di\u00e9"],"inLanguage":"fr-FR","potentialAction":[{"@type":"CommentAction","name":"Comment","target":["https:\/\/vosgesinfo.fr\/remiremontinfo\/2025\/10\/mise-en-garde-demarchage-a-domicile-dans-le-secteur-de-la-vente-de-fruits-et-legumes\/#respond"]}]},{"@type":"WebPage","@id":"https:\/\/vosgesinfo.fr\/remiremontinfo\/2025\/10\/mise-en-garde-demarchage-a-domicile-dans-le-secteur-de-la-vente-de-fruits-et-legumes\/","url":"https:\/\/vosgesinfo.fr\/remiremontinfo\/2025\/10\/mise-en-garde-demarchage-a-domicile-dans-le-secteur-de-la-vente-de-fruits-et-legumes\/","name":"Mise en garde \u2013 D\u00e9marchage \u00e0 domicile dans le secteur de la vente de fruits et l\u00e9gumes - Remiremont Info","isPartOf":{"@id":"https:\/\/vosgesinfo.fr\/remiremontinfo\/#website"},"primaryImageOfPage":{"@id":"https:\/\/vosgesinfo.fr\/remiremontinfo\/2025\/10\/mise-en-garde-demarchage-a-domicile-dans-le-secteur-de-la-vente-de-fruits-et-legumes\/#primaryimage"},"image":{"@id":"https:\/\/vosgesinfo.fr\/remiremontinfo\/2025\/10\/mise-en-garde-demarchage-a-domicile-dans-le-secteur-de-la-vente-de-fruits-et-legumes\/#primaryimage"},"thumbnailUrl":"https:\/\/vosgesinfo.fr\/app\/uploads\/sites\/5\/2025\/10\/demarchage-frauduleux-2.jpg","datePublished":"2025-10-29T17:55:50+00:00","dateModified":"2025-10-29T17:55:50+00:00","breadcrumb":{"@id":"https:\/\/vosgesinfo.fr\/remiremontinfo\/2025\/10\/mise-en-garde-demarchage-a-domicile-dans-le-secteur-de-la-vente-de-fruits-et-legumes\/#breadcrumb"},"inLanguage":"fr-FR","potentialAction":[{"@type":"ReadAction","target":["https:\/\/vosgesinfo.fr\/remiremontinfo\/2025\/10\/mise-en-garde-demarchage-a-domicile-dans-le-secteur-de-la-vente-de-fruits-et-legumes\/"]}]},{"@type":"ImageObject","inLanguage":"fr-FR","@id":"https:\/\/vosgesinfo.fr\/remiremontinfo\/2025\/10\/mise-en-garde-demarchage-a-domicile-dans-le-secteur-de-la-vente-de-fruits-et-legumes\/#primaryimage","url":"https:\/\/vosgesinfo.fr\/app\/uploads\/sites\/5\/2025\/10\/demarchage-frauduleux-2.jpg","contentUrl":"https:\/\/vosgesinfo.fr\/app\/uploads\/sites\/5\/2025\/10\/demarchage-frauduleux-2.jpg","width":340,"height":330},{"@type":"BreadcrumbList","@id":"https:\/\/vosgesinfo.fr\/remiremontinfo\/2025\/10\/mise-en-garde-demarchage-a-domicile-dans-le-secteur-de-la-vente-de-fruits-et-legumes\/#breadcrumb","itemListElement":[{"@type":"ListItem","position":1,"name":"Home","item":"https:\/\/vosgesinfo.fr\/remiremontinfo\/"},{"@type":"ListItem","position":2,"name":"Mise en garde \u2013 D\u00e9marchage \u00e0 domicile dans le secteur de la vente de fruits et l\u00e9gumes"}]},{"@type":"WebSite","@id":"https:\/\/vosgesinfo.fr\/remiremontinfo\/#website","url":"https:\/\/vosgesinfo.fr\/remiremontinfo\/","name":"Remiremont Info","description":"Toute l&#039;actualit\u00e9 de Remiremont","publisher":{"@id":"https:\/\/vosgesinfo.fr\/remiremontinfo\/#organization"},"alternateName":"Toute l'actualit\u00e9 de Remiremont","potentialAction":[{"@type":"SearchAction","target":{"@type":"EntryPoint","urlTemplate":"https:\/\/vosgesinfo.fr\/remiremontinfo\/?s={search_term_string}"},"query-input":"required name=search_term_string"}],"inLanguage":"fr-FR"},{"@type":"Organization","@id":"https:\/\/vosgesinfo.fr\/remiremontinfo\/#organization","name":"Remiremont Info","url":"https:\/\/vosgesinfo.fr\/remiremontinfo\/","logo":{"@type":"ImageObject","inLanguage":"fr-FR","@id":"https:\/\/vosgesinfo.fr\/remiremontinfo\/#\/schema\/logo\/image\/","url":"https:\/\/vosgesinfo.fr\/app\/uploads\/sites\/5\/2023\/08\/favicon-remiremontinfo.png","contentUrl":"https:\/\/vosgesinfo.fr\/app\/uploads\/sites\/5\/2023\/08\/favicon-remiremontinfo.png","width":512,"height":512,"caption":"Remiremont Info"},"image":{"@id":"https:\/\/vosgesinfo.fr\/remiremontinfo\/#\/schema\/logo\/image\/"},"sameAs":["https:\/\/www.facebook.com\/remiremontinfo","https:\/\/x.com\/VosgesInfo88","https:\/\/www.youtube.com\/@vosgesinfo"]},{"@type":"Person","@id":"https:\/\/vosgesinfo.fr\/remiremontinfo\/#\/schema\/person\/6f9a650eeea99d969b6c4ab78fccbe81","name":"C.K.","image":{"@type":"ImageObject","inLanguage":"fr-FR","@id":"https:\/\/vosgesinfo.fr\/remiremontinfo\/#\/schema\/person\/image\/","url":"https:\/\/secure.gravatar.com\/avatar\/48e3fc7f8421ba8942be6b74a2b7f014ca39bc00dece156b7a8e098ae7dc87bf?s=96&d=mm&r=g","contentUrl":"https:\/\/secure.gravatar.com\/avatar\/48e3fc7f8421ba8942be6b74a2b7f014ca39bc00dece156b7a8e098ae7dc87bf?s=96&d=mm&r=g","caption":"C.K."},"url":"https:\/\/vosgesinfo.fr\/remiremontinfo\/author\/celia-k-n\/"}]}},"_links":{"self":[{"href":"https:\/\/vosgesinfo.fr\/remiremontinfo\/wp-json\/wp\/v2\/posts\/86453","targetHints":{"allow":["GET"]}}],"collection":[{"href":"https:\/\/vosgesinfo.fr\/remiremontinfo\/wp-json\/wp\/v2\/posts"}],"about":[{"href":"https:\/\/vosgesinfo.fr\/remiremontinfo\/wp-json\/wp\/v2\/types\/post"}],"author":[{"embeddable":true,"href":"https:\/\/vosgesinfo.fr\/remiremontinfo\/wp-json\/wp\/v2\/users\/52"}],"replies":[{"embeddable":true,"href":"https:\/\/vosgesinfo.fr\/remiremontinfo\/wp-json\/wp\/v2\/comments?post=86453"}],"version-history":[{"count":0,"href":"https:\/\/vosgesinfo.fr\/remiremontinfo\/wp-json\/wp\/v2\/posts\/86453\/revisions"}],"wp:featuredmedia":[{"embeddable":true,"href":"https:\/\/vosgesinfo.fr\/remiremontinfo\/wp-json\/wp\/v2\/media\/86454"}],"wp:attachment":[{"href":"https:\/\/vosgesinfo.fr\/remiremontinfo\/wp-json\/wp\/v2\/media?parent=86453"}],"wp:term":[{"taxonomy":"category","embeddable":true,"href":"https:\/\/vosgesinfo.fr\/remiremontinfo\/wp-json\/wp\/v2\/categories?post=86453"},{"taxonomy":"post_tag","embeddable":true,"href":"https:\/\/vosgesinfo.fr\/remiremontinfo\/wp-json\/wp\/v2\/tags?post=86453"}],"curies":[{"name":"wp","href":"https:\/\/api.w.org\/{rel}","templated":true}]}}