{"id":87186,"date":"2025-12-05T13:58:32","date_gmt":"2025-12-05T12:58:32","guid":{"rendered":"https:\/\/vosgesinfo.fr\/remiremontinfo\/?p=87186"},"modified":"2025-12-05T13:58:32","modified_gmt":"2025-12-05T12:58:32","slug":"des-eleves-du-lycee-malraux-a-la-rencontre-du-depute-christophe-naegelen","status":"publish","type":"post","link":"https:\/\/vosgesinfo.fr\/remiremontinfo\/2025\/12\/des-eleves-du-lycee-malraux-a-la-rencontre-du-depute-christophe-naegelen\/","title":{"rendered":"Des \u00e9l\u00e8ves du lyc\u00e9e Malraux \u00e0 la rencontre du d\u00e9put\u00e9 Christophe Naegelen"},"content":{"rendered":"<p data-pm-slice=\"1 1 []\"><a href=\"https:\/\/vosgesinfo.fr\/app\/uploads\/sites\/5\/2025\/12\/capture-decran-2025-12-05-131003.jpg\"><img decoding=\"async\" class=\"size-large wp-image-87187 aligncenter\" src=\"https:\/\/vosgesinfo.fr\/app\/uploads\/sites\/5\/2025\/12\/capture-decran-2025-12-05-131003-1024x500.jpg\" alt=\"\" width=\"1024\" height=\"500\" srcset=\"https:\/\/vosgesinfo.fr\/app\/uploads\/sites\/5\/2025\/12\/capture-decran-2025-12-05-131003-1024x500.jpg 1024w, https:\/\/vosgesinfo.fr\/app\/uploads\/sites\/5\/2025\/12\/capture-decran-2025-12-05-131003-300x146.jpg 300w, https:\/\/vosgesinfo.fr\/app\/uploads\/sites\/5\/2025\/12\/capture-decran-2025-12-05-131003-768x375.jpg 768w, https:\/\/vosgesinfo.fr\/app\/uploads\/sites\/5\/2025\/12\/capture-decran-2025-12-05-131003-1536x749.jpg 1536w, https:\/\/vosgesinfo.fr\/app\/uploads\/sites\/5\/2025\/12\/capture-decran-2025-12-05-131003.jpg 1812w\" sizes=\"(max-width: 1024px) 100vw, 1024px\" \/><\/a><\/p>\n<p data-pm-slice=\"1 1 []\"><strong>Remiremont Les lyc\u00e9ens de l&rsquo;option sant\u00e9 de Malraux \u00e0 la rencontre du d\u00e9put\u00e9 Christophe Naegelen<\/strong><\/p>\n<p>Une nouvelle \u00e9tape vient d&rsquo;\u00eatre franchie derni\u00e8rement par les \u00e9l\u00e8ves de l&rsquo;option sant\u00e9 du lyc\u00e9e Malraux. Apr\u00e8s avoir rencontr\u00e9 d&rsquo;anciens \u00e9l\u00e8ves devenus professionnels de sant\u00e9, visit\u00e9 les\u00a0services d&rsquo;imagerie et de pharmacie du centre hospitalier de Remiremont, ils se sont pr\u00eat\u00e9s \u00e0 un exercice d&rsquo;un nouveau genre pour eux, \u00e9l\u00e8ves de premi\u00e8re : une rencontre-d\u00e9bat avec le d\u00e9put\u00e9 Christophe Naegelen.<\/p>\n<div id=\"attachment_87188\" style=\"width: 157px\" class=\"wp-caption alignright\"><a href=\"https:\/\/vosgesinfo.fr\/app\/uploads\/sites\/5\/2025\/12\/capture-decran-2025-12-05-131255.jpg\"><img decoding=\"async\" aria-describedby=\"caption-attachment-87188\" class=\"size-medium wp-image-87188\" src=\"https:\/\/vosgesinfo.fr\/app\/uploads\/sites\/5\/2025\/12\/capture-decran-2025-12-05-131255-147x300.jpg\" alt=\"\" width=\"147\" height=\"300\" srcset=\"https:\/\/vosgesinfo.fr\/app\/uploads\/sites\/5\/2025\/12\/capture-decran-2025-12-05-131255-147x300.jpg 147w, https:\/\/vosgesinfo.fr\/app\/uploads\/sites\/5\/2025\/12\/capture-decran-2025-12-05-131255.jpg 438w\" sizes=\"(max-width: 147px) 100vw, 147px\" \/><\/a><p id=\"caption-attachment-87188\" class=\"wp-caption-text\">Le rapport de la commission d&rsquo;enqu\u00eate parlementaire<\/p><\/div>\n<p>Durant une heure, ils ont pu questionner en toute simplicit\u00e9 celui qui a \u00e9t\u00e9 le rapporteur de la commission d&rsquo;enqu\u00eate parlementaire sur la sant\u00e9 en France. C&rsquo;est dans l&rsquo;amphith\u00e9\u00e2tre totalement r\u00e9nov\u00e9 de l&rsquo;IFSI de Remiremont qu&rsquo;ils ont \u00e9t\u00e9 accueillis par Mme Testevide, directrice, avec leurs enseignants H\u00e9l\u00e8ne De Nardin, Daniel Thiebaut, Denis Chevrier, Jean-Charles Tisserand et Agatha Py, infirmi\u00e8re scolaire du lyc\u00e9e pleinement investie dans ce nouveau projet.<\/p>\n<p>Un beau moment d&rsquo;\u00e9changes qui a permis une meilleure compr\u00e9hension de la complexit\u00e9 de l&rsquo;organisation et des enjeux du syst\u00e8me de sant\u00e9 fran\u00e7ais du local au national.<\/p>\n<p><strong>PM avec le concours du Lyc\u00e9e Malraux<\/strong><\/p>\n<p><a href=\"https:\/\/vosgesinfo.fr\/app\/uploads\/sites\/5\/2025\/12\/capture-decran-2025-12-05-131348.jpg\"><img decoding=\"async\" class=\"alignright size-large wp-image-87189\" src=\"https:\/\/vosgesinfo.fr\/app\/uploads\/sites\/5\/2025\/12\/capture-decran-2025-12-05-131348-1024x499.jpg\" alt=\"\" width=\"1024\" height=\"499\" srcset=\"https:\/\/vosgesinfo.fr\/app\/uploads\/sites\/5\/2025\/12\/capture-decran-2025-12-05-131348-1024x499.jpg 1024w, https:\/\/vosgesinfo.fr\/app\/uploads\/sites\/5\/2025\/12\/capture-decran-2025-12-05-131348-300x146.jpg 300w, https:\/\/vosgesinfo.fr\/app\/uploads\/sites\/5\/2025\/12\/capture-decran-2025-12-05-131348-768x374.jpg 768w, https:\/\/vosgesinfo.fr\/app\/uploads\/sites\/5\/2025\/12\/capture-decran-2025-12-05-131348.jpg 1455w\" sizes=\"(max-width: 1024px) 100vw, 1024px\" \/><\/a><\/p>\n","protected":false},"excerpt":{"rendered":"<p>Remiremont Les lyc\u00e9ens de l&rsquo;option sant\u00e9 de Malraux \u00e0 la rencontre du d\u00e9put\u00e9 Christophe Naegelen Une nouvelle \u00e9tape vient d&rsquo;\u00eatre [&hellip;]<\/p>\n","protected":false},"author":413,"featured_media":87187,"comment_status":"open","ping_status":"open","sticky":false,"template":"","format":"standard","meta":{"footnotes":""},"categories":[26,6,165,35,12,13],"tags":[501,737],"class_list":["post-87186","post","type-post","status-publish","format-standard","has-post-thumbnail","hentry","category-a-la-une","category-education","category-enseignement","category-remiremont-son-canton","category-sante","category-societe","tag-christophe-naegelen","tag-lycee-andre-malraux"],"acf":[],"yoast_head":"<!-- This site is optimized with the Yoast SEO plugin v22.5 - https:\/\/yoast.com\/wordpress\/plugins\/seo\/ -->\n<title>Des \u00e9l\u00e8ves du lyc\u00e9e Malraux \u00e0 la rencontre du d\u00e9put\u00e9 Christophe Naegelen - Remiremont Info<\/title>\n<meta name=\"robots\" content=\"index, follow, max-snippet:-1, max-image-preview:large, max-video-preview:-1\" \/>\n<link rel=\"canonical\" href=\"https:\/\/vosgesinfo.fr\/remiremontinfo\/?p=87186\" \/>\n<meta name=\"twitter:card\" content=\"summary_large_image\" \/>\n<meta name=\"twitter:title\" content=\"Des \u00e9l\u00e8ves du lyc\u00e9e Malraux \u00e0 la rencontre du d\u00e9put\u00e9 Christophe Naegelen - Remiremont Info\" \/>\n<meta name=\"twitter:description\" content=\"Remiremont Les lyc\u00e9ens de l&rsquo;option sant\u00e9 de Malraux \u00e0 la rencontre du d\u00e9put\u00e9 Christophe Naegelen Une nouvelle \u00e9tape vient d&rsquo;\u00eatre [&hellip;]\" \/>\n<meta name=\"twitter:image\" content=\"https:\/\/vosgesinfo.fr\/app\/uploads\/sites\/5\/2025\/12\/capture-decran-2025-12-05-131003.jpg\" \/>\n<meta name=\"twitter:creator\" content=\"@VosgesInfo88\" \/>\n<meta name=\"twitter:site\" content=\"@VosgesInfo88\" \/>\n<meta name=\"twitter:label1\" content=\"\u00c9crit par\" \/>\n\t<meta name=\"twitter:data1\" content=\"P.M\" \/>\n\t<meta name=\"twitter:label2\" content=\"Dur\u00e9e de lecture estim\u00e9e\" \/>\n\t<meta name=\"twitter:data2\" content=\"2 minutes\" \/>\n<script type=\"application\/ld+json\" class=\"yoast-schema-graph\">{\"@context\":\"https:\/\/schema.org\",\"@graph\":[{\"@type\":\"Article\",\"@id\":\"https:\/\/vosgesinfo.fr\/remiremontinfo\/?p=87186#article\",\"isPartOf\":{\"@id\":\"https:\/\/vosgesinfo.fr\/remiremontinfo\/?p=87186\"},\"author\":{\"name\":\"P.M\",\"@id\":\"https:\/\/vosgesinfo.fr\/remiremontinfo\/#\/schema\/person\/a6fd2dde36da20be3679f2058b94c5b8\"},\"headline\":\"Des \u00e9l\u00e8ves du lyc\u00e9e Malraux \u00e0 la rencontre du d\u00e9put\u00e9 Christophe Naegelen\",\"datePublished\":\"2025-12-05T12:58:32+00:00\",\"dateModified\":\"2025-12-05T12:58:32+00:00\",\"mainEntityOfPage\":{\"@id\":\"https:\/\/vosgesinfo.fr\/remiremontinfo\/?p=87186\"},\"wordCount\":241,\"commentCount\":0,\"publisher\":{\"@id\":\"https:\/\/vosgesinfo.fr\/remiremontinfo\/#organization\"},\"image\":{\"@id\":\"https:\/\/vosgesinfo.fr\/remiremontinfo\/?p=87186#primaryimage\"},\"thumbnailUrl\":\"https:\/\/vosgesinfo.fr\/app\/uploads\/sites\/5\/2025\/12\/capture-decran-2025-12-05-131003.jpg\",\"keywords\":[\"Christophe Naegelen\",\"Lyc\u00e9e Andr\u00e9-Malraux\"],\"articleSection\":[\"A la Une\",\"\u00c9ducation\",\"Enseignement\",\"Remiremont &amp; son canton\",\"Sant\u00e9\",\"Soci\u00e9t\u00e9\"],\"inLanguage\":\"fr-FR\",\"potentialAction\":[{\"@type\":\"CommentAction\",\"name\":\"Comment\",\"target\":[\"https:\/\/vosgesinfo.fr\/remiremontinfo\/?p=87186#respond\"]}]},{\"@type\":\"WebPage\",\"@id\":\"https:\/\/vosgesinfo.fr\/remiremontinfo\/?p=87186\",\"url\":\"https:\/\/vosgesinfo.fr\/remiremontinfo\/?p=87186\",\"name\":\"Des \u00e9l\u00e8ves du lyc\u00e9e Malraux \u00e0 la rencontre du d\u00e9put\u00e9 Christophe Naegelen - Remiremont Info\",\"isPartOf\":{\"@id\":\"https:\/\/vosgesinfo.fr\/remiremontinfo\/#website\"},\"primaryImageOfPage\":{\"@id\":\"https:\/\/vosgesinfo.fr\/remiremontinfo\/?p=87186#primaryimage\"},\"image\":{\"@id\":\"https:\/\/vosgesinfo.fr\/remiremontinfo\/?p=87186#primaryimage\"},\"thumbnailUrl\":\"https:\/\/vosgesinfo.fr\/app\/uploads\/sites\/5\/2025\/12\/capture-decran-2025-12-05-131003.jpg\",\"datePublished\":\"2025-12-05T12:58:32+00:00\",\"dateModified\":\"2025-12-05T12:58:32+00:00\",\"breadcrumb\":{\"@id\":\"https:\/\/vosgesinfo.fr\/remiremontinfo\/?p=87186#breadcrumb\"},\"inLanguage\":\"fr-FR\",\"potentialAction\":[{\"@type\":\"ReadAction\",\"target\":[\"https:\/\/vosgesinfo.fr\/remiremontinfo\/?p=87186\"]}]},{\"@type\":\"ImageObject\",\"inLanguage\":\"fr-FR\",\"@id\":\"https:\/\/vosgesinfo.fr\/remiremontinfo\/?p=87186#primaryimage\",\"url\":\"https:\/\/vosgesinfo.fr\/app\/uploads\/sites\/5\/2025\/12\/capture-decran-2025-12-05-131003.jpg\",\"contentUrl\":\"https:\/\/vosgesinfo.fr\/app\/uploads\/sites\/5\/2025\/12\/capture-decran-2025-12-05-131003.jpg\",\"width\":1812,\"height\":884},{\"@type\":\"BreadcrumbList\",\"@id\":\"https:\/\/vosgesinfo.fr\/remiremontinfo\/?p=87186#breadcrumb\",\"itemListElement\":[{\"@type\":\"ListItem\",\"position\":1,\"name\":\"Home\",\"item\":\"https:\/\/vosgesinfo.fr\/remiremontinfo\/\"},{\"@type\":\"ListItem\",\"position\":2,\"name\":\"Des \u00e9l\u00e8ves du lyc\u00e9e Malraux \u00e0 la rencontre du d\u00e9put\u00e9 Christophe Naegelen\"}]},{\"@type\":\"WebSite\",\"@id\":\"https:\/\/vosgesinfo.fr\/remiremontinfo\/#website\",\"url\":\"https:\/\/vosgesinfo.fr\/remiremontinfo\/\",\"name\":\"Remiremont Info\",\"description\":\"Toute l&#039;actualit\u00e9 de Remiremont\",\"publisher\":{\"@id\":\"https:\/\/vosgesinfo.fr\/remiremontinfo\/#organization\"},\"alternateName\":\"Toute l'actualit\u00e9 de Remiremont\",\"potentialAction\":[{\"@type\":\"SearchAction\",\"target\":{\"@type\":\"EntryPoint\",\"urlTemplate\":\"https:\/\/vosgesinfo.fr\/remiremontinfo\/?s={search_term_string}\"},\"query-input\":\"required name=search_term_string\"}],\"inLanguage\":\"fr-FR\"},{\"@type\":\"Organization\",\"@id\":\"https:\/\/vosgesinfo.fr\/remiremontinfo\/#organization\",\"name\":\"Remiremont Info\",\"url\":\"https:\/\/vosgesinfo.fr\/remiremontinfo\/\",\"logo\":{\"@type\":\"ImageObject\",\"inLanguage\":\"fr-FR\",\"@id\":\"https:\/\/vosgesinfo.fr\/remiremontinfo\/#\/schema\/logo\/image\/\",\"url\":\"https:\/\/vosgesinfo.fr\/app\/uploads\/sites\/5\/2023\/08\/favicon-remiremontinfo.png\",\"contentUrl\":\"https:\/\/vosgesinfo.fr\/app\/uploads\/sites\/5\/2023\/08\/favicon-remiremontinfo.png\",\"width\":512,\"height\":512,\"caption\":\"Remiremont Info\"},\"image\":{\"@id\":\"https:\/\/vosgesinfo.fr\/remiremontinfo\/#\/schema\/logo\/image\/\"},\"sameAs\":[\"https:\/\/www.facebook.com\/remiremontinfo\",\"https:\/\/x.com\/VosgesInfo88\",\"https:\/\/www.youtube.com\/@vosgesinfo\"]},{\"@type\":\"Person\",\"@id\":\"https:\/\/vosgesinfo.fr\/remiremontinfo\/#\/schema\/person\/a6fd2dde36da20be3679f2058b94c5b8\",\"name\":\"P.M\",\"image\":{\"@type\":\"ImageObject\",\"inLanguage\":\"fr-FR\",\"@id\":\"https:\/\/vosgesinfo.fr\/remiremontinfo\/#\/schema\/person\/image\/\",\"url\":\"https:\/\/secure.gravatar.com\/avatar\/db38f6ef38bb165f6f4d352563f264129673ed4536984fbbcddf700bd12f8a9a?s=96&d=mm&r=g\",\"contentUrl\":\"https:\/\/secure.gravatar.com\/avatar\/db38f6ef38bb165f6f4d352563f264129673ed4536984fbbcddf700bd12f8a9a?s=96&d=mm&r=g\",\"caption\":\"P.M\"},\"url\":\"https:\/\/vosgesinfo.fr\/remiremontinfo\/author\/p-mangel88\/\"}]}<\/script>\n<!-- \/ Yoast SEO plugin. -->","yoast_head_json":{"title":"Des \u00e9l\u00e8ves du lyc\u00e9e Malraux \u00e0 la rencontre du d\u00e9put\u00e9 Christophe Naegelen - Remiremont Info","robots":{"index":"index","follow":"follow","max-snippet":"max-snippet:-1","max-image-preview":"max-image-preview:large","max-video-preview":"max-video-preview:-1"},"canonical":"https:\/\/vosgesinfo.fr\/remiremontinfo\/?p=87186","twitter_card":"summary_large_image","twitter_title":"Des \u00e9l\u00e8ves du lyc\u00e9e Malraux \u00e0 la rencontre du d\u00e9put\u00e9 Christophe Naegelen - Remiremont Info","twitter_description":"Remiremont Les lyc\u00e9ens de l&rsquo;option sant\u00e9 de Malraux \u00e0 la rencontre du d\u00e9put\u00e9 Christophe Naegelen Une nouvelle \u00e9tape vient d&rsquo;\u00eatre [&hellip;]","twitter_image":"https:\/\/vosgesinfo.fr\/app\/uploads\/sites\/5\/2025\/12\/capture-decran-2025-12-05-131003.jpg","twitter_creator":"@VosgesInfo88","twitter_site":"@VosgesInfo88","twitter_misc":{"\u00c9crit par":"P.M","Dur\u00e9e de lecture estim\u00e9e":"2 minutes"},"schema":{"@context":"https:\/\/schema.org","@graph":[{"@type":"Article","@id":"https:\/\/vosgesinfo.fr\/remiremontinfo\/?p=87186#article","isPartOf":{"@id":"https:\/\/vosgesinfo.fr\/remiremontinfo\/?p=87186"},"author":{"name":"P.M","@id":"https:\/\/vosgesinfo.fr\/remiremontinfo\/#\/schema\/person\/a6fd2dde36da20be3679f2058b94c5b8"},"headline":"Des \u00e9l\u00e8ves du lyc\u00e9e Malraux \u00e0 la rencontre du d\u00e9put\u00e9 Christophe Naegelen","datePublished":"2025-12-05T12:58:32+00:00","dateModified":"2025-12-05T12:58:32+00:00","mainEntityOfPage":{"@id":"https:\/\/vosgesinfo.fr\/remiremontinfo\/?p=87186"},"wordCount":241,"commentCount":0,"publisher":{"@id":"https:\/\/vosgesinfo.fr\/remiremontinfo\/#organization"},"image":{"@id":"https:\/\/vosgesinfo.fr\/remiremontinfo\/?p=87186#primaryimage"},"thumbnailUrl":"https:\/\/vosgesinfo.fr\/app\/uploads\/sites\/5\/2025\/12\/capture-decran-2025-12-05-131003.jpg","keywords":["Christophe Naegelen","Lyc\u00e9e Andr\u00e9-Malraux"],"articleSection":["A la Une","\u00c9ducation","Enseignement","Remiremont &amp; son canton","Sant\u00e9","Soci\u00e9t\u00e9"],"inLanguage":"fr-FR","potentialAction":[{"@type":"CommentAction","name":"Comment","target":["https:\/\/vosgesinfo.fr\/remiremontinfo\/?p=87186#respond"]}]},{"@type":"WebPage","@id":"https:\/\/vosgesinfo.fr\/remiremontinfo\/?p=87186","url":"https:\/\/vosgesinfo.fr\/remiremontinfo\/?p=87186","name":"Des \u00e9l\u00e8ves du lyc\u00e9e Malraux \u00e0 la rencontre du d\u00e9put\u00e9 Christophe Naegelen - Remiremont Info","isPartOf":{"@id":"https:\/\/vosgesinfo.fr\/remiremontinfo\/#website"},"primaryImageOfPage":{"@id":"https:\/\/vosgesinfo.fr\/remiremontinfo\/?p=87186#primaryimage"},"image":{"@id":"https:\/\/vosgesinfo.fr\/remiremontinfo\/?p=87186#primaryimage"},"thumbnailUrl":"https:\/\/vosgesinfo.fr\/app\/uploads\/sites\/5\/2025\/12\/capture-decran-2025-12-05-131003.jpg","datePublished":"2025-12-05T12:58:32+00:00","dateModified":"2025-12-05T12:58:32+00:00","breadcrumb":{"@id":"https:\/\/vosgesinfo.fr\/remiremontinfo\/?p=87186#breadcrumb"},"inLanguage":"fr-FR","potentialAction":[{"@type":"ReadAction","target":["https:\/\/vosgesinfo.fr\/remiremontinfo\/?p=87186"]}]},{"@type":"ImageObject","inLanguage":"fr-FR","@id":"https:\/\/vosgesinfo.fr\/remiremontinfo\/?p=87186#primaryimage","url":"https:\/\/vosgesinfo.fr\/app\/uploads\/sites\/5\/2025\/12\/capture-decran-2025-12-05-131003.jpg","contentUrl":"https:\/\/vosgesinfo.fr\/app\/uploads\/sites\/5\/2025\/12\/capture-decran-2025-12-05-131003.jpg","width":1812,"height":884},{"@type":"BreadcrumbList","@id":"https:\/\/vosgesinfo.fr\/remiremontinfo\/?p=87186#breadcrumb","itemListElement":[{"@type":"ListItem","position":1,"name":"Home","item":"https:\/\/vosgesinfo.fr\/remiremontinfo\/"},{"@type":"ListItem","position":2,"name":"Des \u00e9l\u00e8ves du lyc\u00e9e Malraux \u00e0 la rencontre du d\u00e9put\u00e9 Christophe Naegelen"}]},{"@type":"WebSite","@id":"https:\/\/vosgesinfo.fr\/remiremontinfo\/#website","url":"https:\/\/vosgesinfo.fr\/remiremontinfo\/","name":"Remiremont Info","description":"Toute l&#039;actualit\u00e9 de Remiremont","publisher":{"@id":"https:\/\/vosgesinfo.fr\/remiremontinfo\/#organization"},"alternateName":"Toute l'actualit\u00e9 de Remiremont","potentialAction":[{"@type":"SearchAction","target":{"@type":"EntryPoint","urlTemplate":"https:\/\/vosgesinfo.fr\/remiremontinfo\/?s={search_term_string}"},"query-input":"required name=search_term_string"}],"inLanguage":"fr-FR"},{"@type":"Organization","@id":"https:\/\/vosgesinfo.fr\/remiremontinfo\/#organization","name":"Remiremont Info","url":"https:\/\/vosgesinfo.fr\/remiremontinfo\/","logo":{"@type":"ImageObject","inLanguage":"fr-FR","@id":"https:\/\/vosgesinfo.fr\/remiremontinfo\/#\/schema\/logo\/image\/","url":"https:\/\/vosgesinfo.fr\/app\/uploads\/sites\/5\/2023\/08\/favicon-remiremontinfo.png","contentUrl":"https:\/\/vosgesinfo.fr\/app\/uploads\/sites\/5\/2023\/08\/favicon-remiremontinfo.png","width":512,"height":512,"caption":"Remiremont Info"},"image":{"@id":"https:\/\/vosgesinfo.fr\/remiremontinfo\/#\/schema\/logo\/image\/"},"sameAs":["https:\/\/www.facebook.com\/remiremontinfo","https:\/\/x.com\/VosgesInfo88","https:\/\/www.youtube.com\/@vosgesinfo"]},{"@type":"Person","@id":"https:\/\/vosgesinfo.fr\/remiremontinfo\/#\/schema\/person\/a6fd2dde36da20be3679f2058b94c5b8","name":"P.M","image":{"@type":"ImageObject","inLanguage":"fr-FR","@id":"https:\/\/vosgesinfo.fr\/remiremontinfo\/#\/schema\/person\/image\/","url":"https:\/\/secure.gravatar.com\/avatar\/db38f6ef38bb165f6f4d352563f264129673ed4536984fbbcddf700bd12f8a9a?s=96&d=mm&r=g","contentUrl":"https:\/\/secure.gravatar.com\/avatar\/db38f6ef38bb165f6f4d352563f264129673ed4536984fbbcddf700bd12f8a9a?s=96&d=mm&r=g","caption":"P.M"},"url":"https:\/\/vosgesinfo.fr\/remiremontinfo\/author\/p-mangel88\/"}]}},"_links":{"self":[{"href":"https:\/\/vosgesinfo.fr\/remiremontinfo\/wp-json\/wp\/v2\/posts\/87186","targetHints":{"allow":["GET"]}}],"collection":[{"href":"https:\/\/vosgesinfo.fr\/remiremontinfo\/wp-json\/wp\/v2\/posts"}],"about":[{"href":"https:\/\/vosgesinfo.fr\/remiremontinfo\/wp-json\/wp\/v2\/types\/post"}],"author":[{"embeddable":true,"href":"https:\/\/vosgesinfo.fr\/remiremontinfo\/wp-json\/wp\/v2\/users\/413"}],"replies":[{"embeddable":true,"href":"https:\/\/vosgesinfo.fr\/remiremontinfo\/wp-json\/wp\/v2\/comments?post=87186"}],"version-history":[{"count":2,"href":"https:\/\/vosgesinfo.fr\/remiremontinfo\/wp-json\/wp\/v2\/posts\/87186\/revisions"}],"predecessor-version":[{"id":87191,"href":"https:\/\/vosgesinfo.fr\/remiremontinfo\/wp-json\/wp\/v2\/posts\/87186\/revisions\/87191"}],"wp:featuredmedia":[{"embeddable":true,"href":"https:\/\/vosgesinfo.fr\/remiremontinfo\/wp-json\/wp\/v2\/media\/87187"}],"wp:attachment":[{"href":"https:\/\/vosgesinfo.fr\/remiremontinfo\/wp-json\/wp\/v2\/media?parent=87186"}],"wp:term":[{"taxonomy":"category","embeddable":true,"href":"https:\/\/vosgesinfo.fr\/remiremontinfo\/wp-json\/wp\/v2\/categories?post=87186"},{"taxonomy":"post_tag","embeddable":true,"href":"https:\/\/vosgesinfo.fr\/remiremontinfo\/wp-json\/wp\/v2\/tags?post=87186"}],"curies":[{"name":"wp","href":"https:\/\/api.w.org\/{rel}","templated":true}]}}