{"id":87195,"date":"2025-12-07T13:15:01","date_gmt":"2025-12-07T12:15:01","guid":{"rendered":"https:\/\/vosgesinfo.fr\/remiremontinfo\/?p=87195"},"modified":"2025-12-07T13:19:14","modified_gmt":"2025-12-07T12:19:14","slug":"retransmission-en-direct-du-defile-de-la-saint-nicolas-de-remiremont","status":"publish","type":"post","link":"https:\/\/vosgesinfo.fr\/remiremontinfo\/2025\/12\/retransmission-en-direct-du-defile-de-la-saint-nicolas-de-remiremont\/","title":{"rendered":"Retransmission en direct du d\u00e9fil\u00e9 de la Saint-Nicolas de Remiremont"},"content":{"rendered":"<h2 data-start=\"139\" data-end=\"443\"><strong><a href=\"https:\/\/vosgesinfo.fr\/app\/uploads\/sites\/5\/2025\/12\/thumbnail-direct-remiremont.jpg\"><img decoding=\"async\" class=\"aligncenter size-large wp-image-87196\" src=\"https:\/\/vosgesinfo.fr\/app\/uploads\/sites\/5\/2025\/12\/thumbnail-direct-remiremont-1024x576.jpg\" alt=\"\" width=\"1024\" height=\"576\" srcset=\"https:\/\/vosgesinfo.fr\/app\/uploads\/sites\/5\/2025\/12\/thumbnail-direct-remiremont-1024x576.jpg 1024w, https:\/\/vosgesinfo.fr\/app\/uploads\/sites\/5\/2025\/12\/thumbnail-direct-remiremont-300x169.jpg 300w, https:\/\/vosgesinfo.fr\/app\/uploads\/sites\/5\/2025\/12\/thumbnail-direct-remiremont-768x432.jpg 768w, https:\/\/vosgesinfo.fr\/app\/uploads\/sites\/5\/2025\/12\/thumbnail-direct-remiremont-1536x864.jpg 1536w, https:\/\/vosgesinfo.fr\/app\/uploads\/sites\/5\/2025\/12\/thumbnail-direct-remiremont.jpg 1920w\" sizes=\"(max-width: 1024px) 100vw, 1024px\" \/><\/a>Cette ann\u00e9e encore, la magie de la Saint-Nicolas s\u2019appr\u00eate \u00e0 illuminer les rues de Remiremont. Ce dimanche 7 d\u00e9cembre, \u00e0 la nuit tomb\u00e9e, Saint Nicolas et son grand cort\u00e8ge feront leur entr\u00e9e dans la cit\u00e9 des Chanoinesses pour un d\u00e9fil\u00e9 haut en couleurs, attendu chaque ann\u00e9e par petits et grands.<\/strong><\/h2>\n<p data-start=\"445\" data-end=\"639\">Costumes scintillants, chars d\u00e9cor\u00e9s, musiques entra\u00eenantes et ambiance festive rythmeront cette soir\u00e9e traditionnelle, marquant l\u2019un des moments forts des festivit\u00e9s hivernales dans les Vosges.<\/p>\n<p data-start=\"641\" data-end=\"897\">Cependant, tout le monde ne pourra pas se rendre sur place pour admirer le passage du patron des \u00e9coliers. Pour permettre au plus grand nombre de profiter de l\u2019\u00e9v\u00e9nement, <strong data-start=\"812\" data-end=\"852\">nos confr\u00e8res de <em data-start=\"831\" data-end=\"850\">Toutes les Vosges<\/em><\/strong> assureront une <strong data-start=\"868\" data-end=\"896\">retransmission en direct<\/strong>.<\/p>\n<p data-start=\"899\" data-end=\"993\">\ud83d\udcfa <strong data-start=\"902\" data-end=\"968\">Le d\u00e9fil\u00e9 sera diffus\u00e9 en live sur YouTube \u00e0 partir de 17 h 20<\/strong>, via le lien ci-dessous.<\/p>\n<p data-start=\"995\" data-end=\"1158\">Gr\u00e2ce \u00e0 cette diffusion, chacun pourra vivre la magie de la Saint-Nicolas depuis chez soi, en famille ou entre amis, et partager ce moment convivial et chaleureux.<\/p>\n<p data-start=\"995\" data-end=\"1158\"><a href=\"https:\/\/www.youtube.com\/live\/Tk0OcxMeng4?si=2CbuQrNM6PSBoJQb\">https:\/\/www.youtube.com\/live\/Tk0OcxMeng4?si=2CbuQrNM6PSBoJQb<\/a><\/p>\n","protected":false},"excerpt":{"rendered":"<p>Cette ann\u00e9e encore, la magie de la Saint-Nicolas s\u2019appr\u00eate \u00e0 illuminer les rues de Remiremont. Ce dimanche 7 d\u00e9cembre, \u00e0 [&hellip;]<\/p>\n","protected":false},"author":52,"featured_media":87196,"comment_status":"open","ping_status":"open","sticky":false,"template":"","format":"standard","meta":{"footnotes":""},"categories":[26,43,13,18],"tags":[],"class_list":["post-87195","post","type-post","status-publish","format-standard","has-post-thumbnail","hentry","category-a-la-une","category-remiremont-remiremont-son-canton","category-societe","category-vosges"],"acf":[],"yoast_head":"<!-- This site is optimized with the Yoast SEO plugin v22.5 - https:\/\/yoast.com\/wordpress\/plugins\/seo\/ -->\n<title>Retransmission en direct du d\u00e9fil\u00e9 de la Saint-Nicolas de Remiremont - Remiremont Info<\/title>\n<meta name=\"robots\" content=\"index, follow, max-snippet:-1, max-image-preview:large, max-video-preview:-1\" \/>\n<link rel=\"canonical\" href=\"https:\/\/vosgesinfo.fr\/remiremontinfo\/2025\/12\/retransmission-en-direct-du-defile-de-la-saint-nicolas-de-remiremont\/\" \/>\n<meta name=\"twitter:card\" content=\"summary_large_image\" \/>\n<meta name=\"twitter:title\" content=\"Retransmission en direct du d\u00e9fil\u00e9 de la Saint-Nicolas de Remiremont - Remiremont Info\" \/>\n<meta name=\"twitter:description\" content=\"Cette ann\u00e9e encore, la magie de la Saint-Nicolas s\u2019appr\u00eate \u00e0 illuminer les rues de Remiremont. Ce dimanche 7 d\u00e9cembre, \u00e0 [&hellip;]\" \/>\n<meta name=\"twitter:image\" content=\"https:\/\/vosgesinfo.fr\/app\/uploads\/sites\/5\/2025\/12\/thumbnail-direct-remiremont.jpg\" \/>\n<meta name=\"twitter:creator\" content=\"@VosgesInfo88\" \/>\n<meta name=\"twitter:site\" content=\"@VosgesInfo88\" \/>\n<meta name=\"twitter:label1\" content=\"\u00c9crit par\" \/>\n\t<meta name=\"twitter:data1\" content=\"C.K.\" \/>\n\t<meta name=\"twitter:label2\" content=\"Dur\u00e9e de lecture estim\u00e9e\" \/>\n\t<meta name=\"twitter:data2\" content=\"2 minutes\" \/>\n<script type=\"application\/ld+json\" class=\"yoast-schema-graph\">{\"@context\":\"https:\/\/schema.org\",\"@graph\":[{\"@type\":\"Article\",\"@id\":\"https:\/\/vosgesinfo.fr\/remiremontinfo\/2025\/12\/retransmission-en-direct-du-defile-de-la-saint-nicolas-de-remiremont\/#article\",\"isPartOf\":{\"@id\":\"https:\/\/vosgesinfo.fr\/remiremontinfo\/2025\/12\/retransmission-en-direct-du-defile-de-la-saint-nicolas-de-remiremont\/\"},\"author\":{\"name\":\"C.K.\",\"@id\":\"https:\/\/vosgesinfo.fr\/remiremontinfo\/#\/schema\/person\/6f9a650eeea99d969b6c4ab78fccbe81\"},\"headline\":\"Retransmission en direct du d\u00e9fil\u00e9 de la Saint-Nicolas de Remiremont\",\"datePublished\":\"2025-12-07T12:15:01+00:00\",\"dateModified\":\"2025-12-07T12:19:14+00:00\",\"mainEntityOfPage\":{\"@id\":\"https:\/\/vosgesinfo.fr\/remiremontinfo\/2025\/12\/retransmission-en-direct-du-defile-de-la-saint-nicolas-de-remiremont\/\"},\"wordCount\":193,\"commentCount\":0,\"publisher\":{\"@id\":\"https:\/\/vosgesinfo.fr\/remiremontinfo\/#organization\"},\"image\":{\"@id\":\"https:\/\/vosgesinfo.fr\/remiremontinfo\/2025\/12\/retransmission-en-direct-du-defile-de-la-saint-nicolas-de-remiremont\/#primaryimage\"},\"thumbnailUrl\":\"https:\/\/vosgesinfo.fr\/app\/uploads\/sites\/5\/2025\/12\/thumbnail-direct-remiremont.jpg\",\"articleSection\":[\"A la Une\",\"Remiremont\",\"Soci\u00e9t\u00e9\",\"Vosges\"],\"inLanguage\":\"fr-FR\",\"potentialAction\":[{\"@type\":\"CommentAction\",\"name\":\"Comment\",\"target\":[\"https:\/\/vosgesinfo.fr\/remiremontinfo\/2025\/12\/retransmission-en-direct-du-defile-de-la-saint-nicolas-de-remiremont\/#respond\"]}]},{\"@type\":\"WebPage\",\"@id\":\"https:\/\/vosgesinfo.fr\/remiremontinfo\/2025\/12\/retransmission-en-direct-du-defile-de-la-saint-nicolas-de-remiremont\/\",\"url\":\"https:\/\/vosgesinfo.fr\/remiremontinfo\/2025\/12\/retransmission-en-direct-du-defile-de-la-saint-nicolas-de-remiremont\/\",\"name\":\"Retransmission en direct du d\u00e9fil\u00e9 de la Saint-Nicolas de Remiremont - Remiremont Info\",\"isPartOf\":{\"@id\":\"https:\/\/vosgesinfo.fr\/remiremontinfo\/#website\"},\"primaryImageOfPage\":{\"@id\":\"https:\/\/vosgesinfo.fr\/remiremontinfo\/2025\/12\/retransmission-en-direct-du-defile-de-la-saint-nicolas-de-remiremont\/#primaryimage\"},\"image\":{\"@id\":\"https:\/\/vosgesinfo.fr\/remiremontinfo\/2025\/12\/retransmission-en-direct-du-defile-de-la-saint-nicolas-de-remiremont\/#primaryimage\"},\"thumbnailUrl\":\"https:\/\/vosgesinfo.fr\/app\/uploads\/sites\/5\/2025\/12\/thumbnail-direct-remiremont.jpg\",\"datePublished\":\"2025-12-07T12:15:01+00:00\",\"dateModified\":\"2025-12-07T12:19:14+00:00\",\"breadcrumb\":{\"@id\":\"https:\/\/vosgesinfo.fr\/remiremontinfo\/2025\/12\/retransmission-en-direct-du-defile-de-la-saint-nicolas-de-remiremont\/#breadcrumb\"},\"inLanguage\":\"fr-FR\",\"potentialAction\":[{\"@type\":\"ReadAction\",\"target\":[\"https:\/\/vosgesinfo.fr\/remiremontinfo\/2025\/12\/retransmission-en-direct-du-defile-de-la-saint-nicolas-de-remiremont\/\"]}]},{\"@type\":\"ImageObject\",\"inLanguage\":\"fr-FR\",\"@id\":\"https:\/\/vosgesinfo.fr\/remiremontinfo\/2025\/12\/retransmission-en-direct-du-defile-de-la-saint-nicolas-de-remiremont\/#primaryimage\",\"url\":\"https:\/\/vosgesinfo.fr\/app\/uploads\/sites\/5\/2025\/12\/thumbnail-direct-remiremont.jpg\",\"contentUrl\":\"https:\/\/vosgesinfo.fr\/app\/uploads\/sites\/5\/2025\/12\/thumbnail-direct-remiremont.jpg\",\"width\":1920,\"height\":1080},{\"@type\":\"BreadcrumbList\",\"@id\":\"https:\/\/vosgesinfo.fr\/remiremontinfo\/2025\/12\/retransmission-en-direct-du-defile-de-la-saint-nicolas-de-remiremont\/#breadcrumb\",\"itemListElement\":[{\"@type\":\"ListItem\",\"position\":1,\"name\":\"Home\",\"item\":\"https:\/\/vosgesinfo.fr\/remiremontinfo\/\"},{\"@type\":\"ListItem\",\"position\":2,\"name\":\"Retransmission en direct du d\u00e9fil\u00e9 de la Saint-Nicolas de Remiremont\"}]},{\"@type\":\"WebSite\",\"@id\":\"https:\/\/vosgesinfo.fr\/remiremontinfo\/#website\",\"url\":\"https:\/\/vosgesinfo.fr\/remiremontinfo\/\",\"name\":\"Remiremont Info\",\"description\":\"Toute l&#039;actualit\u00e9 de Remiremont\",\"publisher\":{\"@id\":\"https:\/\/vosgesinfo.fr\/remiremontinfo\/#organization\"},\"alternateName\":\"Toute l'actualit\u00e9 de Remiremont\",\"potentialAction\":[{\"@type\":\"SearchAction\",\"target\":{\"@type\":\"EntryPoint\",\"urlTemplate\":\"https:\/\/vosgesinfo.fr\/remiremontinfo\/?s={search_term_string}\"},\"query-input\":\"required name=search_term_string\"}],\"inLanguage\":\"fr-FR\"},{\"@type\":\"Organization\",\"@id\":\"https:\/\/vosgesinfo.fr\/remiremontinfo\/#organization\",\"name\":\"Remiremont Info\",\"url\":\"https:\/\/vosgesinfo.fr\/remiremontinfo\/\",\"logo\":{\"@type\":\"ImageObject\",\"inLanguage\":\"fr-FR\",\"@id\":\"https:\/\/vosgesinfo.fr\/remiremontinfo\/#\/schema\/logo\/image\/\",\"url\":\"https:\/\/vosgesinfo.fr\/app\/uploads\/sites\/5\/2023\/08\/favicon-remiremontinfo.png\",\"contentUrl\":\"https:\/\/vosgesinfo.fr\/app\/uploads\/sites\/5\/2023\/08\/favicon-remiremontinfo.png\",\"width\":512,\"height\":512,\"caption\":\"Remiremont Info\"},\"image\":{\"@id\":\"https:\/\/vosgesinfo.fr\/remiremontinfo\/#\/schema\/logo\/image\/\"},\"sameAs\":[\"https:\/\/www.facebook.com\/remiremontinfo\",\"https:\/\/x.com\/VosgesInfo88\",\"https:\/\/www.youtube.com\/@vosgesinfo\"]},{\"@type\":\"Person\",\"@id\":\"https:\/\/vosgesinfo.fr\/remiremontinfo\/#\/schema\/person\/6f9a650eeea99d969b6c4ab78fccbe81\",\"name\":\"C.K.\",\"image\":{\"@type\":\"ImageObject\",\"inLanguage\":\"fr-FR\",\"@id\":\"https:\/\/vosgesinfo.fr\/remiremontinfo\/#\/schema\/person\/image\/\",\"url\":\"https:\/\/secure.gravatar.com\/avatar\/48e3fc7f8421ba8942be6b74a2b7f014ca39bc00dece156b7a8e098ae7dc87bf?s=96&d=mm&r=g\",\"contentUrl\":\"https:\/\/secure.gravatar.com\/avatar\/48e3fc7f8421ba8942be6b74a2b7f014ca39bc00dece156b7a8e098ae7dc87bf?s=96&d=mm&r=g\",\"caption\":\"C.K.\"},\"url\":\"https:\/\/vosgesinfo.fr\/remiremontinfo\/author\/celia-k-n\/\"}]}<\/script>\n<!-- \/ Yoast SEO plugin. -->","yoast_head_json":{"title":"Retransmission en direct du d\u00e9fil\u00e9 de la Saint-Nicolas de Remiremont - Remiremont Info","robots":{"index":"index","follow":"follow","max-snippet":"max-snippet:-1","max-image-preview":"max-image-preview:large","max-video-preview":"max-video-preview:-1"},"canonical":"https:\/\/vosgesinfo.fr\/remiremontinfo\/2025\/12\/retransmission-en-direct-du-defile-de-la-saint-nicolas-de-remiremont\/","twitter_card":"summary_large_image","twitter_title":"Retransmission en direct du d\u00e9fil\u00e9 de la Saint-Nicolas de Remiremont - Remiremont Info","twitter_description":"Cette ann\u00e9e encore, la magie de la Saint-Nicolas s\u2019appr\u00eate \u00e0 illuminer les rues de Remiremont. Ce dimanche 7 d\u00e9cembre, \u00e0 [&hellip;]","twitter_image":"https:\/\/vosgesinfo.fr\/app\/uploads\/sites\/5\/2025\/12\/thumbnail-direct-remiremont.jpg","twitter_creator":"@VosgesInfo88","twitter_site":"@VosgesInfo88","twitter_misc":{"\u00c9crit par":"C.K.","Dur\u00e9e de lecture estim\u00e9e":"2 minutes"},"schema":{"@context":"https:\/\/schema.org","@graph":[{"@type":"Article","@id":"https:\/\/vosgesinfo.fr\/remiremontinfo\/2025\/12\/retransmission-en-direct-du-defile-de-la-saint-nicolas-de-remiremont\/#article","isPartOf":{"@id":"https:\/\/vosgesinfo.fr\/remiremontinfo\/2025\/12\/retransmission-en-direct-du-defile-de-la-saint-nicolas-de-remiremont\/"},"author":{"name":"C.K.","@id":"https:\/\/vosgesinfo.fr\/remiremontinfo\/#\/schema\/person\/6f9a650eeea99d969b6c4ab78fccbe81"},"headline":"Retransmission en direct du d\u00e9fil\u00e9 de la Saint-Nicolas de Remiremont","datePublished":"2025-12-07T12:15:01+00:00","dateModified":"2025-12-07T12:19:14+00:00","mainEntityOfPage":{"@id":"https:\/\/vosgesinfo.fr\/remiremontinfo\/2025\/12\/retransmission-en-direct-du-defile-de-la-saint-nicolas-de-remiremont\/"},"wordCount":193,"commentCount":0,"publisher":{"@id":"https:\/\/vosgesinfo.fr\/remiremontinfo\/#organization"},"image":{"@id":"https:\/\/vosgesinfo.fr\/remiremontinfo\/2025\/12\/retransmission-en-direct-du-defile-de-la-saint-nicolas-de-remiremont\/#primaryimage"},"thumbnailUrl":"https:\/\/vosgesinfo.fr\/app\/uploads\/sites\/5\/2025\/12\/thumbnail-direct-remiremont.jpg","articleSection":["A la Une","Remiremont","Soci\u00e9t\u00e9","Vosges"],"inLanguage":"fr-FR","potentialAction":[{"@type":"CommentAction","name":"Comment","target":["https:\/\/vosgesinfo.fr\/remiremontinfo\/2025\/12\/retransmission-en-direct-du-defile-de-la-saint-nicolas-de-remiremont\/#respond"]}]},{"@type":"WebPage","@id":"https:\/\/vosgesinfo.fr\/remiremontinfo\/2025\/12\/retransmission-en-direct-du-defile-de-la-saint-nicolas-de-remiremont\/","url":"https:\/\/vosgesinfo.fr\/remiremontinfo\/2025\/12\/retransmission-en-direct-du-defile-de-la-saint-nicolas-de-remiremont\/","name":"Retransmission en direct du d\u00e9fil\u00e9 de la Saint-Nicolas de Remiremont - Remiremont Info","isPartOf":{"@id":"https:\/\/vosgesinfo.fr\/remiremontinfo\/#website"},"primaryImageOfPage":{"@id":"https:\/\/vosgesinfo.fr\/remiremontinfo\/2025\/12\/retransmission-en-direct-du-defile-de-la-saint-nicolas-de-remiremont\/#primaryimage"},"image":{"@id":"https:\/\/vosgesinfo.fr\/remiremontinfo\/2025\/12\/retransmission-en-direct-du-defile-de-la-saint-nicolas-de-remiremont\/#primaryimage"},"thumbnailUrl":"https:\/\/vosgesinfo.fr\/app\/uploads\/sites\/5\/2025\/12\/thumbnail-direct-remiremont.jpg","datePublished":"2025-12-07T12:15:01+00:00","dateModified":"2025-12-07T12:19:14+00:00","breadcrumb":{"@id":"https:\/\/vosgesinfo.fr\/remiremontinfo\/2025\/12\/retransmission-en-direct-du-defile-de-la-saint-nicolas-de-remiremont\/#breadcrumb"},"inLanguage":"fr-FR","potentialAction":[{"@type":"ReadAction","target":["https:\/\/vosgesinfo.fr\/remiremontinfo\/2025\/12\/retransmission-en-direct-du-defile-de-la-saint-nicolas-de-remiremont\/"]}]},{"@type":"ImageObject","inLanguage":"fr-FR","@id":"https:\/\/vosgesinfo.fr\/remiremontinfo\/2025\/12\/retransmission-en-direct-du-defile-de-la-saint-nicolas-de-remiremont\/#primaryimage","url":"https:\/\/vosgesinfo.fr\/app\/uploads\/sites\/5\/2025\/12\/thumbnail-direct-remiremont.jpg","contentUrl":"https:\/\/vosgesinfo.fr\/app\/uploads\/sites\/5\/2025\/12\/thumbnail-direct-remiremont.jpg","width":1920,"height":1080},{"@type":"BreadcrumbList","@id":"https:\/\/vosgesinfo.fr\/remiremontinfo\/2025\/12\/retransmission-en-direct-du-defile-de-la-saint-nicolas-de-remiremont\/#breadcrumb","itemListElement":[{"@type":"ListItem","position":1,"name":"Home","item":"https:\/\/vosgesinfo.fr\/remiremontinfo\/"},{"@type":"ListItem","position":2,"name":"Retransmission en direct du d\u00e9fil\u00e9 de la Saint-Nicolas de Remiremont"}]},{"@type":"WebSite","@id":"https:\/\/vosgesinfo.fr\/remiremontinfo\/#website","url":"https:\/\/vosgesinfo.fr\/remiremontinfo\/","name":"Remiremont Info","description":"Toute l&#039;actualit\u00e9 de Remiremont","publisher":{"@id":"https:\/\/vosgesinfo.fr\/remiremontinfo\/#organization"},"alternateName":"Toute l'actualit\u00e9 de Remiremont","potentialAction":[{"@type":"SearchAction","target":{"@type":"EntryPoint","urlTemplate":"https:\/\/vosgesinfo.fr\/remiremontinfo\/?s={search_term_string}"},"query-input":"required name=search_term_string"}],"inLanguage":"fr-FR"},{"@type":"Organization","@id":"https:\/\/vosgesinfo.fr\/remiremontinfo\/#organization","name":"Remiremont Info","url":"https:\/\/vosgesinfo.fr\/remiremontinfo\/","logo":{"@type":"ImageObject","inLanguage":"fr-FR","@id":"https:\/\/vosgesinfo.fr\/remiremontinfo\/#\/schema\/logo\/image\/","url":"https:\/\/vosgesinfo.fr\/app\/uploads\/sites\/5\/2023\/08\/favicon-remiremontinfo.png","contentUrl":"https:\/\/vosgesinfo.fr\/app\/uploads\/sites\/5\/2023\/08\/favicon-remiremontinfo.png","width":512,"height":512,"caption":"Remiremont Info"},"image":{"@id":"https:\/\/vosgesinfo.fr\/remiremontinfo\/#\/schema\/logo\/image\/"},"sameAs":["https:\/\/www.facebook.com\/remiremontinfo","https:\/\/x.com\/VosgesInfo88","https:\/\/www.youtube.com\/@vosgesinfo"]},{"@type":"Person","@id":"https:\/\/vosgesinfo.fr\/remiremontinfo\/#\/schema\/person\/6f9a650eeea99d969b6c4ab78fccbe81","name":"C.K.","image":{"@type":"ImageObject","inLanguage":"fr-FR","@id":"https:\/\/vosgesinfo.fr\/remiremontinfo\/#\/schema\/person\/image\/","url":"https:\/\/secure.gravatar.com\/avatar\/48e3fc7f8421ba8942be6b74a2b7f014ca39bc00dece156b7a8e098ae7dc87bf?s=96&d=mm&r=g","contentUrl":"https:\/\/secure.gravatar.com\/avatar\/48e3fc7f8421ba8942be6b74a2b7f014ca39bc00dece156b7a8e098ae7dc87bf?s=96&d=mm&r=g","caption":"C.K."},"url":"https:\/\/vosgesinfo.fr\/remiremontinfo\/author\/celia-k-n\/"}]}},"_links":{"self":[{"href":"https:\/\/vosgesinfo.fr\/remiremontinfo\/wp-json\/wp\/v2\/posts\/87195","targetHints":{"allow":["GET"]}}],"collection":[{"href":"https:\/\/vosgesinfo.fr\/remiremontinfo\/wp-json\/wp\/v2\/posts"}],"about":[{"href":"https:\/\/vosgesinfo.fr\/remiremontinfo\/wp-json\/wp\/v2\/types\/post"}],"author":[{"embeddable":true,"href":"https:\/\/vosgesinfo.fr\/remiremontinfo\/wp-json\/wp\/v2\/users\/52"}],"replies":[{"embeddable":true,"href":"https:\/\/vosgesinfo.fr\/remiremontinfo\/wp-json\/wp\/v2\/comments?post=87195"}],"version-history":[{"count":1,"href":"https:\/\/vosgesinfo.fr\/remiremontinfo\/wp-json\/wp\/v2\/posts\/87195\/revisions"}],"predecessor-version":[{"id":87197,"href":"https:\/\/vosgesinfo.fr\/remiremontinfo\/wp-json\/wp\/v2\/posts\/87195\/revisions\/87197"}],"wp:featuredmedia":[{"embeddable":true,"href":"https:\/\/vosgesinfo.fr\/remiremontinfo\/wp-json\/wp\/v2\/media\/87196"}],"wp:attachment":[{"href":"https:\/\/vosgesinfo.fr\/remiremontinfo\/wp-json\/wp\/v2\/media?parent=87195"}],"wp:term":[{"taxonomy":"category","embeddable":true,"href":"https:\/\/vosgesinfo.fr\/remiremontinfo\/wp-json\/wp\/v2\/categories?post=87195"},{"taxonomy":"post_tag","embeddable":true,"href":"https:\/\/vosgesinfo.fr\/remiremontinfo\/wp-json\/wp\/v2\/tags?post=87195"}],"curies":[{"name":"wp","href":"https:\/\/api.w.org\/{rel}","templated":true}]}}