{"id":87213,"date":"2025-12-07T13:24:11","date_gmt":"2025-12-07T12:24:11","guid":{"rendered":"https:\/\/vosgesinfo.fr\/remiremontinfo\/?p=87213"},"modified":"2025-12-07T13:24:11","modified_gmt":"2025-12-07T12:24:11","slug":"marche-de-noel-de-raon-aux-bois","status":"publish","type":"post","link":"https:\/\/vosgesinfo.fr\/remiremontinfo\/2025\/12\/marche-de-noel-de-raon-aux-bois\/","title":{"rendered":"March\u00e9 de No\u00ebl de Raon-aux-Bois"},"content":{"rendered":"<p><a href=\"https:\/\/vosgesinfo.fr\/app\/uploads\/sites\/5\/2025\/12\/capture-decran-2025-12-06-165212.jpg\"><img decoding=\"async\" class=\"size-large wp-image-87215 aligncenter\" src=\"https:\/\/vosgesinfo.fr\/app\/uploads\/sites\/5\/2025\/12\/capture-decran-2025-12-06-165212-1024x684.jpg\" alt=\"\" width=\"1024\" height=\"684\" srcset=\"https:\/\/vosgesinfo.fr\/app\/uploads\/sites\/5\/2025\/12\/capture-decran-2025-12-06-165212-1024x684.jpg 1024w, https:\/\/vosgesinfo.fr\/app\/uploads\/sites\/5\/2025\/12\/capture-decran-2025-12-06-165212-300x200.jpg 300w, https:\/\/vosgesinfo.fr\/app\/uploads\/sites\/5\/2025\/12\/capture-decran-2025-12-06-165212-768x513.jpg 768w, https:\/\/vosgesinfo.fr\/app\/uploads\/sites\/5\/2025\/12\/capture-decran-2025-12-06-165212.jpg 1352w\" sizes=\"(max-width: 1024px) 100vw, 1024px\" \/><\/a><\/p>\n<p><strong>L\u2019association Les Amis de l\u2019\u00c9cole de Raon-aux-Bois a tenu ce vendredi 5 d\u00e9cembre son traditionnel march\u00e9 de No\u00ebl\u00a0<\/strong><strong> \u00e0 la salle polyvalente<\/strong><strong>.<\/strong><\/p>\n<p>C\u2019est dans une ambiance chaleureuse et festive que, non seulement les habitants du village, mais aussi des environs sont venus tr\u00e8s nombreux \u00e0 la rencontre des artisans et exposants exclusivement locaux, proposant bougies, d\u00e9corations de No\u00ebl, chocolats, terrines, saucissons et fuseau lorrain, biscuits, produits cosm\u00e9tiques\u2026<\/p>\n<p><a href=\"https:\/\/vosgesinfo.fr\/app\/uploads\/sites\/5\/2025\/12\/capture-decran-2025-12-06-164712.jpg\"><img decoding=\"async\" class=\"alignright size-medium wp-image-87214\" src=\"https:\/\/vosgesinfo.fr\/app\/uploads\/sites\/5\/2025\/12\/capture-decran-2025-12-06-164712-300x199.jpg\" alt=\"\" width=\"300\" height=\"199\" srcset=\"https:\/\/vosgesinfo.fr\/app\/uploads\/sites\/5\/2025\/12\/capture-decran-2025-12-06-164712-300x199.jpg 300w, https:\/\/vosgesinfo.fr\/app\/uploads\/sites\/5\/2025\/12\/capture-decran-2025-12-06-164712-1024x680.jpg 1024w, https:\/\/vosgesinfo.fr\/app\/uploads\/sites\/5\/2025\/12\/capture-decran-2025-12-06-164712-768x510.jpg 768w, https:\/\/vosgesinfo.fr\/app\/uploads\/sites\/5\/2025\/12\/capture-decran-2025-12-06-164712.jpg 1359w\" sizes=\"(max-width: 300px) 100vw, 300px\" \/><\/a>Mais avant de d\u00e9couvrir le march\u00e9, les parents, grands-parents et plus largement toutes celles et ceux qui ne voulaient pas manquer le spectacle propos\u00e9 par les enfants de l\u2019\u00e9cole \u00e9taient pr\u00e9sents. Les spectateurs \u00e9taient ainsi tr\u00e8s nombreux pour d\u00e9couvrir avec joie et \u00e9motion la repr\u00e9sentation. Cette ann\u00e9e, le th\u00e8me retenu \u00e9tait \u00ab\u00a0No\u00ebl et la paix pour les enfants du monde\u00a0\u00bb. Les 41 \u00e9l\u00e8ves de maternelle ont interpr\u00e9t\u00e9 \u00ab\u00a0la Danse des Esquimaux et celle du P\u00e8re No\u00ebl\u00a0\u00bb et les 62 \u00e9l\u00e8ves de l\u2019\u00e9l\u00e9mentaire ont chant\u00e9, entre autres,\u00a0\u00ab\u00a0No\u00ebl des enfants du monde\u00a0\u00bb et \u00ab\u00a0Vive le vent\u00a0\u00bb. \u00c0 noter que Saint Nicolas \u00e9tait pass\u00e9 auparavant dans les classes pour offrir de d\u00e9licieux chocolats tandis que P\u00e8re Fouettard, lui, fournissait des baguettes.<\/p>\n<p>Enfin, la buvette et l\u2019espace restauration avaient pr\u00e9vu de quoi se r\u00e9chauffer avec un vin ou un jus de pomme chaud ou autour d\u2019un repas (soupe, vosgiflette, boisson et cr\u00eapes) qui a r\u00e9gal\u00e9 plus d\u2019une centaine de convives.<\/p>\n<p>L\u2019ensemble des b\u00e9n\u00e9fices d\u00e9gag\u00e9s permettra de d\u00e9velopper les actions de l\u2019association\u00a0\u00ab\u00a0Les Amis de l\u2019\u00c9cole\u00bb.<\/p>\n<p><strong>PM<\/strong><\/p>\n\n\t\t<style type=\"text\/css\">\n\t\t\t#gallery-1 {\n\t\t\t\tmargin: auto;\n\t\t\t}\n\t\t\t#gallery-1 .gallery-item {\n\t\t\t\tfloat: left;\n\t\t\t\tmargin-top: 10px;\n\t\t\t\ttext-align: center;\n\t\t\t\twidth: 50%;\n\t\t\t}\n\t\t\t#gallery-1 img {\n\t\t\t\tborder: 2px solid #cfcfcf;\n\t\t\t}\n\t\t\t#gallery-1 .gallery-caption {\n\t\t\t\tmargin-left: 0;\n\t\t\t}\n\t\t\t\/* see gallery_shortcode() in wp-includes\/media.php *\/\n\t\t<\/style>\n\t\t<div id='gallery-1' class='gallery galleryid-87213 gallery-columns-2 gallery-size-medium'><dl class='gallery-item'>\n\t\t\t<dt class='gallery-icon landscape'>\n\t\t\t\t<a href='https:\/\/vosgesinfo.fr\/remiremontinfo\/2025\/12\/marche-de-noel-de-raon-aux-bois\/capture-decran-2025-12-06-164927\/'><img decoding=\"async\" width=\"300\" height=\"199\" src=\"https:\/\/vosgesinfo.fr\/app\/uploads\/sites\/5\/2025\/12\/capture-decran-2025-12-06-164927-300x199.jpg\" class=\"attachment-medium size-medium\" alt=\"\" srcset=\"https:\/\/vosgesinfo.fr\/app\/uploads\/sites\/5\/2025\/12\/capture-decran-2025-12-06-164927-300x199.jpg 300w, https:\/\/vosgesinfo.fr\/app\/uploads\/sites\/5\/2025\/12\/capture-decran-2025-12-06-164927-1024x681.jpg 1024w, https:\/\/vosgesinfo.fr\/app\/uploads\/sites\/5\/2025\/12\/capture-decran-2025-12-06-164927-768x511.jpg 768w, https:\/\/vosgesinfo.fr\/app\/uploads\/sites\/5\/2025\/12\/capture-decran-2025-12-06-164927.jpg 1355w\" sizes=\"(max-width: 300px) 100vw, 300px\" \/><\/a>\n\t\t\t<\/dt><\/dl><dl class='gallery-item'>\n\t\t\t<dt class='gallery-icon landscape'>\n\t\t\t\t<a href='https:\/\/vosgesinfo.fr\/remiremontinfo\/2025\/12\/marche-de-noel-de-raon-aux-bois\/capture-decran-2025-12-06-165057\/'><img decoding=\"async\" width=\"300\" height=\"199\" src=\"https:\/\/vosgesinfo.fr\/app\/uploads\/sites\/5\/2025\/12\/capture-decran-2025-12-06-165057-300x199.jpg\" class=\"attachment-medium size-medium\" alt=\"\" srcset=\"https:\/\/vosgesinfo.fr\/app\/uploads\/sites\/5\/2025\/12\/capture-decran-2025-12-06-165057-300x199.jpg 300w, https:\/\/vosgesinfo.fr\/app\/uploads\/sites\/5\/2025\/12\/capture-decran-2025-12-06-165057-1024x680.jpg 1024w, https:\/\/vosgesinfo.fr\/app\/uploads\/sites\/5\/2025\/12\/capture-decran-2025-12-06-165057-768x510.jpg 768w, https:\/\/vosgesinfo.fr\/app\/uploads\/sites\/5\/2025\/12\/capture-decran-2025-12-06-165057.jpg 1353w\" sizes=\"(max-width: 300px) 100vw, 300px\" \/><\/a>\n\t\t\t<\/dt><\/dl><br style=\"clear: both\" \/>\n\t\t<\/div>\n\n","protected":false},"excerpt":{"rendered":"<p>L\u2019association Les Amis de l\u2019\u00c9cole de Raon-aux-Bois a tenu ce vendredi 5 d\u00e9cembre son traditionnel march\u00e9 de No\u00ebl\u00a0 \u00e0 la [&hellip;]<\/p>\n","protected":false},"author":413,"featured_media":87214,"comment_status":"open","ping_status":"open","sticky":false,"template":"","format":"standard","meta":{"footnotes":""},"categories":[26,406,6648,8451,35,17],"tags":[6691],"class_list":["post-87213","post","type-post","status-publish","format-standard","has-post-thumbnail","hentry","category-a-la-une","category-divertissement","category-enfants","category-raon-aux-bois","category-remiremont-son-canton","category-vie-associative","tag-association-amis-de-lecole"],"acf":[],"yoast_head":"<!-- This site is optimized with the Yoast SEO plugin v22.5 - https:\/\/yoast.com\/wordpress\/plugins\/seo\/ -->\n<title>March\u00e9 de No\u00ebl de Raon-aux-Bois - Remiremont Info<\/title>\n<meta name=\"robots\" content=\"index, follow, max-snippet:-1, max-image-preview:large, max-video-preview:-1\" \/>\n<link rel=\"canonical\" href=\"https:\/\/vosgesinfo.fr\/remiremontinfo\/?p=87213\" \/>\n<meta name=\"twitter:card\" content=\"summary_large_image\" \/>\n<meta name=\"twitter:title\" content=\"March\u00e9 de No\u00ebl de Raon-aux-Bois - Remiremont Info\" \/>\n<meta name=\"twitter:description\" content=\"L\u2019association Les Amis de l\u2019\u00c9cole de Raon-aux-Bois a tenu ce vendredi 5 d\u00e9cembre son traditionnel march\u00e9 de No\u00ebl\u00a0 \u00e0 la [&hellip;]\" \/>\n<meta name=\"twitter:image\" content=\"https:\/\/vosgesinfo.fr\/app\/uploads\/sites\/5\/2025\/12\/capture-decran-2025-12-06-164712.jpg\" \/>\n<meta name=\"twitter:creator\" content=\"@VosgesInfo88\" \/>\n<meta name=\"twitter:site\" content=\"@VosgesInfo88\" \/>\n<meta name=\"twitter:label1\" content=\"\u00c9crit par\" \/>\n\t<meta name=\"twitter:data1\" content=\"P.M\" \/>\n\t<meta name=\"twitter:label2\" content=\"Dur\u00e9e de lecture estim\u00e9e\" \/>\n\t<meta name=\"twitter:data2\" content=\"2 minutes\" \/>\n<script type=\"application\/ld+json\" class=\"yoast-schema-graph\">{\"@context\":\"https:\/\/schema.org\",\"@graph\":[{\"@type\":\"Article\",\"@id\":\"https:\/\/vosgesinfo.fr\/remiremontinfo\/?p=87213#article\",\"isPartOf\":{\"@id\":\"https:\/\/vosgesinfo.fr\/remiremontinfo\/?p=87213\"},\"author\":{\"name\":\"P.M\",\"@id\":\"https:\/\/vosgesinfo.fr\/remiremontinfo\/#\/schema\/person\/a6fd2dde36da20be3679f2058b94c5b8\"},\"headline\":\"March\u00e9 de No\u00ebl de Raon-aux-Bois\",\"datePublished\":\"2025-12-07T12:24:11+00:00\",\"dateModified\":\"2025-12-07T12:24:11+00:00\",\"mainEntityOfPage\":{\"@id\":\"https:\/\/vosgesinfo.fr\/remiremontinfo\/?p=87213\"},\"wordCount\":288,\"commentCount\":0,\"publisher\":{\"@id\":\"https:\/\/vosgesinfo.fr\/remiremontinfo\/#organization\"},\"image\":{\"@id\":\"https:\/\/vosgesinfo.fr\/remiremontinfo\/?p=87213#primaryimage\"},\"thumbnailUrl\":\"https:\/\/vosgesinfo.fr\/app\/uploads\/sites\/5\/2025\/12\/capture-decran-2025-12-06-164712.jpg\",\"keywords\":[\"Association amis de l'\u00e9cole\"],\"articleSection\":[\"A la Une\",\"Divertissement\",\"Enfants\",\"Raon-aux-bois\",\"Remiremont &amp; son canton\",\"Vie associative\"],\"inLanguage\":\"fr-FR\",\"potentialAction\":[{\"@type\":\"CommentAction\",\"name\":\"Comment\",\"target\":[\"https:\/\/vosgesinfo.fr\/remiremontinfo\/?p=87213#respond\"]}]},{\"@type\":\"WebPage\",\"@id\":\"https:\/\/vosgesinfo.fr\/remiremontinfo\/?p=87213\",\"url\":\"https:\/\/vosgesinfo.fr\/remiremontinfo\/?p=87213\",\"name\":\"March\u00e9 de No\u00ebl de Raon-aux-Bois - Remiremont Info\",\"isPartOf\":{\"@id\":\"https:\/\/vosgesinfo.fr\/remiremontinfo\/#website\"},\"primaryImageOfPage\":{\"@id\":\"https:\/\/vosgesinfo.fr\/remiremontinfo\/?p=87213#primaryimage\"},\"image\":{\"@id\":\"https:\/\/vosgesinfo.fr\/remiremontinfo\/?p=87213#primaryimage\"},\"thumbnailUrl\":\"https:\/\/vosgesinfo.fr\/app\/uploads\/sites\/5\/2025\/12\/capture-decran-2025-12-06-164712.jpg\",\"datePublished\":\"2025-12-07T12:24:11+00:00\",\"dateModified\":\"2025-12-07T12:24:11+00:00\",\"breadcrumb\":{\"@id\":\"https:\/\/vosgesinfo.fr\/remiremontinfo\/?p=87213#breadcrumb\"},\"inLanguage\":\"fr-FR\",\"potentialAction\":[{\"@type\":\"ReadAction\",\"target\":[\"https:\/\/vosgesinfo.fr\/remiremontinfo\/?p=87213\"]}]},{\"@type\":\"ImageObject\",\"inLanguage\":\"fr-FR\",\"@id\":\"https:\/\/vosgesinfo.fr\/remiremontinfo\/?p=87213#primaryimage\",\"url\":\"https:\/\/vosgesinfo.fr\/app\/uploads\/sites\/5\/2025\/12\/capture-decran-2025-12-06-164712.jpg\",\"contentUrl\":\"https:\/\/vosgesinfo.fr\/app\/uploads\/sites\/5\/2025\/12\/capture-decran-2025-12-06-164712.jpg\",\"width\":1359,\"height\":903},{\"@type\":\"BreadcrumbList\",\"@id\":\"https:\/\/vosgesinfo.fr\/remiremontinfo\/?p=87213#breadcrumb\",\"itemListElement\":[{\"@type\":\"ListItem\",\"position\":1,\"name\":\"Home\",\"item\":\"https:\/\/vosgesinfo.fr\/remiremontinfo\/\"},{\"@type\":\"ListItem\",\"position\":2,\"name\":\"March\u00e9 de No\u00ebl de Raon-aux-Bois\"}]},{\"@type\":\"WebSite\",\"@id\":\"https:\/\/vosgesinfo.fr\/remiremontinfo\/#website\",\"url\":\"https:\/\/vosgesinfo.fr\/remiremontinfo\/\",\"name\":\"Remiremont Info\",\"description\":\"Toute l&#039;actualit\u00e9 de Remiremont\",\"publisher\":{\"@id\":\"https:\/\/vosgesinfo.fr\/remiremontinfo\/#organization\"},\"alternateName\":\"Toute l'actualit\u00e9 de Remiremont\",\"potentialAction\":[{\"@type\":\"SearchAction\",\"target\":{\"@type\":\"EntryPoint\",\"urlTemplate\":\"https:\/\/vosgesinfo.fr\/remiremontinfo\/?s={search_term_string}\"},\"query-input\":\"required name=search_term_string\"}],\"inLanguage\":\"fr-FR\"},{\"@type\":\"Organization\",\"@id\":\"https:\/\/vosgesinfo.fr\/remiremontinfo\/#organization\",\"name\":\"Remiremont Info\",\"url\":\"https:\/\/vosgesinfo.fr\/remiremontinfo\/\",\"logo\":{\"@type\":\"ImageObject\",\"inLanguage\":\"fr-FR\",\"@id\":\"https:\/\/vosgesinfo.fr\/remiremontinfo\/#\/schema\/logo\/image\/\",\"url\":\"https:\/\/vosgesinfo.fr\/app\/uploads\/sites\/5\/2023\/08\/favicon-remiremontinfo.png\",\"contentUrl\":\"https:\/\/vosgesinfo.fr\/app\/uploads\/sites\/5\/2023\/08\/favicon-remiremontinfo.png\",\"width\":512,\"height\":512,\"caption\":\"Remiremont Info\"},\"image\":{\"@id\":\"https:\/\/vosgesinfo.fr\/remiremontinfo\/#\/schema\/logo\/image\/\"},\"sameAs\":[\"https:\/\/www.facebook.com\/remiremontinfo\",\"https:\/\/x.com\/VosgesInfo88\",\"https:\/\/www.youtube.com\/@vosgesinfo\"]},{\"@type\":\"Person\",\"@id\":\"https:\/\/vosgesinfo.fr\/remiremontinfo\/#\/schema\/person\/a6fd2dde36da20be3679f2058b94c5b8\",\"name\":\"P.M\",\"image\":{\"@type\":\"ImageObject\",\"inLanguage\":\"fr-FR\",\"@id\":\"https:\/\/vosgesinfo.fr\/remiremontinfo\/#\/schema\/person\/image\/\",\"url\":\"https:\/\/secure.gravatar.com\/avatar\/db38f6ef38bb165f6f4d352563f264129673ed4536984fbbcddf700bd12f8a9a?s=96&d=mm&r=g\",\"contentUrl\":\"https:\/\/secure.gravatar.com\/avatar\/db38f6ef38bb165f6f4d352563f264129673ed4536984fbbcddf700bd12f8a9a?s=96&d=mm&r=g\",\"caption\":\"P.M\"},\"url\":\"https:\/\/vosgesinfo.fr\/remiremontinfo\/author\/p-mangel88\/\"}]}<\/script>\n<!-- \/ Yoast SEO plugin. -->","yoast_head_json":{"title":"March\u00e9 de No\u00ebl de Raon-aux-Bois - Remiremont Info","robots":{"index":"index","follow":"follow","max-snippet":"max-snippet:-1","max-image-preview":"max-image-preview:large","max-video-preview":"max-video-preview:-1"},"canonical":"https:\/\/vosgesinfo.fr\/remiremontinfo\/?p=87213","twitter_card":"summary_large_image","twitter_title":"March\u00e9 de No\u00ebl de Raon-aux-Bois - Remiremont Info","twitter_description":"L\u2019association Les Amis de l\u2019\u00c9cole de Raon-aux-Bois a tenu ce vendredi 5 d\u00e9cembre son traditionnel march\u00e9 de No\u00ebl\u00a0 \u00e0 la [&hellip;]","twitter_image":"https:\/\/vosgesinfo.fr\/app\/uploads\/sites\/5\/2025\/12\/capture-decran-2025-12-06-164712.jpg","twitter_creator":"@VosgesInfo88","twitter_site":"@VosgesInfo88","twitter_misc":{"\u00c9crit par":"P.M","Dur\u00e9e de lecture estim\u00e9e":"2 minutes"},"schema":{"@context":"https:\/\/schema.org","@graph":[{"@type":"Article","@id":"https:\/\/vosgesinfo.fr\/remiremontinfo\/?p=87213#article","isPartOf":{"@id":"https:\/\/vosgesinfo.fr\/remiremontinfo\/?p=87213"},"author":{"name":"P.M","@id":"https:\/\/vosgesinfo.fr\/remiremontinfo\/#\/schema\/person\/a6fd2dde36da20be3679f2058b94c5b8"},"headline":"March\u00e9 de No\u00ebl de Raon-aux-Bois","datePublished":"2025-12-07T12:24:11+00:00","dateModified":"2025-12-07T12:24:11+00:00","mainEntityOfPage":{"@id":"https:\/\/vosgesinfo.fr\/remiremontinfo\/?p=87213"},"wordCount":288,"commentCount":0,"publisher":{"@id":"https:\/\/vosgesinfo.fr\/remiremontinfo\/#organization"},"image":{"@id":"https:\/\/vosgesinfo.fr\/remiremontinfo\/?p=87213#primaryimage"},"thumbnailUrl":"https:\/\/vosgesinfo.fr\/app\/uploads\/sites\/5\/2025\/12\/capture-decran-2025-12-06-164712.jpg","keywords":["Association amis de l'\u00e9cole"],"articleSection":["A la Une","Divertissement","Enfants","Raon-aux-bois","Remiremont &amp; son canton","Vie associative"],"inLanguage":"fr-FR","potentialAction":[{"@type":"CommentAction","name":"Comment","target":["https:\/\/vosgesinfo.fr\/remiremontinfo\/?p=87213#respond"]}]},{"@type":"WebPage","@id":"https:\/\/vosgesinfo.fr\/remiremontinfo\/?p=87213","url":"https:\/\/vosgesinfo.fr\/remiremontinfo\/?p=87213","name":"March\u00e9 de No\u00ebl de Raon-aux-Bois - Remiremont Info","isPartOf":{"@id":"https:\/\/vosgesinfo.fr\/remiremontinfo\/#website"},"primaryImageOfPage":{"@id":"https:\/\/vosgesinfo.fr\/remiremontinfo\/?p=87213#primaryimage"},"image":{"@id":"https:\/\/vosgesinfo.fr\/remiremontinfo\/?p=87213#primaryimage"},"thumbnailUrl":"https:\/\/vosgesinfo.fr\/app\/uploads\/sites\/5\/2025\/12\/capture-decran-2025-12-06-164712.jpg","datePublished":"2025-12-07T12:24:11+00:00","dateModified":"2025-12-07T12:24:11+00:00","breadcrumb":{"@id":"https:\/\/vosgesinfo.fr\/remiremontinfo\/?p=87213#breadcrumb"},"inLanguage":"fr-FR","potentialAction":[{"@type":"ReadAction","target":["https:\/\/vosgesinfo.fr\/remiremontinfo\/?p=87213"]}]},{"@type":"ImageObject","inLanguage":"fr-FR","@id":"https:\/\/vosgesinfo.fr\/remiremontinfo\/?p=87213#primaryimage","url":"https:\/\/vosgesinfo.fr\/app\/uploads\/sites\/5\/2025\/12\/capture-decran-2025-12-06-164712.jpg","contentUrl":"https:\/\/vosgesinfo.fr\/app\/uploads\/sites\/5\/2025\/12\/capture-decran-2025-12-06-164712.jpg","width":1359,"height":903},{"@type":"BreadcrumbList","@id":"https:\/\/vosgesinfo.fr\/remiremontinfo\/?p=87213#breadcrumb","itemListElement":[{"@type":"ListItem","position":1,"name":"Home","item":"https:\/\/vosgesinfo.fr\/remiremontinfo\/"},{"@type":"ListItem","position":2,"name":"March\u00e9 de No\u00ebl de Raon-aux-Bois"}]},{"@type":"WebSite","@id":"https:\/\/vosgesinfo.fr\/remiremontinfo\/#website","url":"https:\/\/vosgesinfo.fr\/remiremontinfo\/","name":"Remiremont Info","description":"Toute l&#039;actualit\u00e9 de Remiremont","publisher":{"@id":"https:\/\/vosgesinfo.fr\/remiremontinfo\/#organization"},"alternateName":"Toute l'actualit\u00e9 de Remiremont","potentialAction":[{"@type":"SearchAction","target":{"@type":"EntryPoint","urlTemplate":"https:\/\/vosgesinfo.fr\/remiremontinfo\/?s={search_term_string}"},"query-input":"required name=search_term_string"}],"inLanguage":"fr-FR"},{"@type":"Organization","@id":"https:\/\/vosgesinfo.fr\/remiremontinfo\/#organization","name":"Remiremont Info","url":"https:\/\/vosgesinfo.fr\/remiremontinfo\/","logo":{"@type":"ImageObject","inLanguage":"fr-FR","@id":"https:\/\/vosgesinfo.fr\/remiremontinfo\/#\/schema\/logo\/image\/","url":"https:\/\/vosgesinfo.fr\/app\/uploads\/sites\/5\/2023\/08\/favicon-remiremontinfo.png","contentUrl":"https:\/\/vosgesinfo.fr\/app\/uploads\/sites\/5\/2023\/08\/favicon-remiremontinfo.png","width":512,"height":512,"caption":"Remiremont Info"},"image":{"@id":"https:\/\/vosgesinfo.fr\/remiremontinfo\/#\/schema\/logo\/image\/"},"sameAs":["https:\/\/www.facebook.com\/remiremontinfo","https:\/\/x.com\/VosgesInfo88","https:\/\/www.youtube.com\/@vosgesinfo"]},{"@type":"Person","@id":"https:\/\/vosgesinfo.fr\/remiremontinfo\/#\/schema\/person\/a6fd2dde36da20be3679f2058b94c5b8","name":"P.M","image":{"@type":"ImageObject","inLanguage":"fr-FR","@id":"https:\/\/vosgesinfo.fr\/remiremontinfo\/#\/schema\/person\/image\/","url":"https:\/\/secure.gravatar.com\/avatar\/db38f6ef38bb165f6f4d352563f264129673ed4536984fbbcddf700bd12f8a9a?s=96&d=mm&r=g","contentUrl":"https:\/\/secure.gravatar.com\/avatar\/db38f6ef38bb165f6f4d352563f264129673ed4536984fbbcddf700bd12f8a9a?s=96&d=mm&r=g","caption":"P.M"},"url":"https:\/\/vosgesinfo.fr\/remiremontinfo\/author\/p-mangel88\/"}]}},"_links":{"self":[{"href":"https:\/\/vosgesinfo.fr\/remiremontinfo\/wp-json\/wp\/v2\/posts\/87213","targetHints":{"allow":["GET"]}}],"collection":[{"href":"https:\/\/vosgesinfo.fr\/remiremontinfo\/wp-json\/wp\/v2\/posts"}],"about":[{"href":"https:\/\/vosgesinfo.fr\/remiremontinfo\/wp-json\/wp\/v2\/types\/post"}],"author":[{"embeddable":true,"href":"https:\/\/vosgesinfo.fr\/remiremontinfo\/wp-json\/wp\/v2\/users\/413"}],"replies":[{"embeddable":true,"href":"https:\/\/vosgesinfo.fr\/remiremontinfo\/wp-json\/wp\/v2\/comments?post=87213"}],"version-history":[{"count":3,"href":"https:\/\/vosgesinfo.fr\/remiremontinfo\/wp-json\/wp\/v2\/posts\/87213\/revisions"}],"predecessor-version":[{"id":87229,"href":"https:\/\/vosgesinfo.fr\/remiremontinfo\/wp-json\/wp\/v2\/posts\/87213\/revisions\/87229"}],"wp:featuredmedia":[{"embeddable":true,"href":"https:\/\/vosgesinfo.fr\/remiremontinfo\/wp-json\/wp\/v2\/media\/87214"}],"wp:attachment":[{"href":"https:\/\/vosgesinfo.fr\/remiremontinfo\/wp-json\/wp\/v2\/media?parent=87213"}],"wp:term":[{"taxonomy":"category","embeddable":true,"href":"https:\/\/vosgesinfo.fr\/remiremontinfo\/wp-json\/wp\/v2\/categories?post=87213"},{"taxonomy":"post_tag","embeddable":true,"href":"https:\/\/vosgesinfo.fr\/remiremontinfo\/wp-json\/wp\/v2\/tags?post=87213"}],"curies":[{"name":"wp","href":"https:\/\/api.w.org\/{rel}","templated":true}]}}