{"id":87219,"date":"2025-12-08T05:55:23","date_gmt":"2025-12-08T04:55:23","guid":{"rendered":"https:\/\/vosgesinfo.fr\/remiremontinfo\/?p=87219"},"modified":"2025-12-07T13:30:41","modified_gmt":"2025-12-07T12:30:41","slug":"vecoux-la-troupe-des-zados-du-petit-theatre-de-vecoux-en-pleine-ebullition","status":"publish","type":"post","link":"https:\/\/vosgesinfo.fr\/remiremontinfo\/2025\/12\/vecoux-la-troupe-des-zados-du-petit-theatre-de-vecoux-en-pleine-ebullition\/","title":{"rendered":"Vecoux La troupe des \u00ab Z&rsquo;Ados \u00bb du Petit th\u00e9\u00e2tre de Vecoux en pleine \u00e9bullition."},"content":{"rendered":"<p><a href=\"https:\/\/vosgesinfo.fr\/app\/uploads\/sites\/5\/2025\/12\/capture-decran-2025-12-06-202556.jpg\"><img decoding=\"async\" class=\"size-large wp-image-87220 aligncenter\" src=\"https:\/\/vosgesinfo.fr\/app\/uploads\/sites\/5\/2025\/12\/capture-decran-2025-12-06-202556-1024x468.jpg\" alt=\"\" width=\"1024\" height=\"468\" srcset=\"https:\/\/vosgesinfo.fr\/app\/uploads\/sites\/5\/2025\/12\/capture-decran-2025-12-06-202556-1024x468.jpg 1024w, https:\/\/vosgesinfo.fr\/app\/uploads\/sites\/5\/2025\/12\/capture-decran-2025-12-06-202556-300x137.jpg 300w, https:\/\/vosgesinfo.fr\/app\/uploads\/sites\/5\/2025\/12\/capture-decran-2025-12-06-202556-768x351.jpg 768w, https:\/\/vosgesinfo.fr\/app\/uploads\/sites\/5\/2025\/12\/capture-decran-2025-12-06-202556-1536x703.jpg 1536w, https:\/\/vosgesinfo.fr\/app\/uploads\/sites\/5\/2025\/12\/capture-decran-2025-12-06-202556.jpg 1788w\" sizes=\"(max-width: 1024px) 100vw, 1024px\" \/><\/a><\/p>\n<p><strong>Les r\u00e9p\u00e9titions vont bon train au Petit th\u00e9\u00e2tre de Vecoux ; les deux troupes Z&rsquo;Ados et adultes pr\u00e9parent avec intensit\u00e9 leur futur spectacle qui sera jou\u00e9 tous les week-ends \u00e0 partir du 30 janvier.\u00a0<\/strong><\/p>\n<p>Les 12 com\u00e9diens de la troupe des Z&rsquo;ados ont re\u00e7u samedi l&rsquo;appui des \u00ab\u00a0anciens de la troupe\u00a0\u00bb qui ont su prodiguer leurs conseils dans une ambiance tr\u00e8s sympa.<\/p>\n<p>\u00ab\u00a0Travailler s\u00e9rieusement sans jamais se prendre au s\u00e9rieux\u00a0\u00bb : une belle illustration de la devise du Petit th\u00e9\u00e2tre de Vecoux.<\/p>\n<p>Les r\u00e9servations vont ouvrir prochainement.<\/p>\n<p>Affaire \u00e0 suivre !<\/p>\n<p>&nbsp;<\/p>\n<p>PM avec la participation du Petit th\u00e9\u00e2tre de Vecoux<\/p>\n<p><a href=\"https:\/\/vosgesinfo.fr\/app\/uploads\/sites\/5\/2025\/12\/capture-decran-2025-12-06-202722.jpg\"><img decoding=\"async\" class=\"aligncenter size-large wp-image-87221\" src=\"https:\/\/vosgesinfo.fr\/app\/uploads\/sites\/5\/2025\/12\/capture-decran-2025-12-06-202722-1024x510.jpg\" alt=\"\" width=\"1024\" height=\"510\" srcset=\"https:\/\/vosgesinfo.fr\/app\/uploads\/sites\/5\/2025\/12\/capture-decran-2025-12-06-202722-1024x510.jpg 1024w, https:\/\/vosgesinfo.fr\/app\/uploads\/sites\/5\/2025\/12\/capture-decran-2025-12-06-202722-300x149.jpg 300w, https:\/\/vosgesinfo.fr\/app\/uploads\/sites\/5\/2025\/12\/capture-decran-2025-12-06-202722-768x383.jpg 768w, https:\/\/vosgesinfo.fr\/app\/uploads\/sites\/5\/2025\/12\/capture-decran-2025-12-06-202722-1536x765.jpg 1536w, https:\/\/vosgesinfo.fr\/app\/uploads\/sites\/5\/2025\/12\/capture-decran-2025-12-06-202722.jpg 1752w\" sizes=\"(max-width: 1024px) 100vw, 1024px\" \/><\/a><\/p>\n","protected":false},"excerpt":{"rendered":"<p>Les r\u00e9p\u00e9titions vont bon train au Petit th\u00e9\u00e2tre de Vecoux ; les deux troupes Z&rsquo;Ados et adultes pr\u00e9parent avec intensit\u00e9 [&hellip;]<\/p>\n","protected":false},"author":413,"featured_media":87220,"comment_status":"open","ping_status":"open","sticky":false,"template":"","format":"standard","meta":{"footnotes":""},"categories":[26,594,406,54,35,8655,8629],"tags":[1604],"class_list":["post-87219","post","type-post","status-publish","format-standard","has-post-thumbnail","hentry","category-a-la-une","category-agenda","category-divertissement","category-loisirs","category-remiremont-son-canton","category-theatre","category-vecoux","tag-le-petit-theatre-de-vecoux"],"acf":[],"yoast_head":"<!-- This site is optimized with the Yoast SEO plugin v22.5 - https:\/\/yoast.com\/wordpress\/plugins\/seo\/ -->\n<title>Vecoux La troupe des \u00ab Z&#039;Ados \u00bb du Petit th\u00e9\u00e2tre de Vecoux en pleine \u00e9bullition. - Remiremont Info<\/title>\n<meta name=\"robots\" content=\"index, follow, max-snippet:-1, max-image-preview:large, max-video-preview:-1\" \/>\n<link rel=\"canonical\" href=\"https:\/\/vosgesinfo.fr\/remiremontinfo\/2025\/12\/vecoux-la-troupe-des-zados-du-petit-theatre-de-vecoux-en-pleine-ebullition\/\" \/>\n<meta name=\"twitter:card\" content=\"summary_large_image\" \/>\n<meta name=\"twitter:title\" content=\"Vecoux La troupe des \u00ab Z&#039;Ados \u00bb du Petit th\u00e9\u00e2tre de Vecoux en pleine \u00e9bullition. - Remiremont Info\" \/>\n<meta name=\"twitter:description\" content=\"Les r\u00e9p\u00e9titions vont bon train au Petit th\u00e9\u00e2tre de Vecoux ; les deux troupes Z&rsquo;Ados et adultes pr\u00e9parent avec intensit\u00e9 [&hellip;]\" \/>\n<meta name=\"twitter:image\" content=\"https:\/\/vosgesinfo.fr\/app\/uploads\/sites\/5\/2025\/12\/capture-decran-2025-12-06-202556.jpg\" \/>\n<meta name=\"twitter:creator\" content=\"@VosgesInfo88\" \/>\n<meta name=\"twitter:site\" content=\"@VosgesInfo88\" \/>\n<meta name=\"twitter:label1\" content=\"\u00c9crit par\" \/>\n\t<meta name=\"twitter:data1\" content=\"P.M\" \/>\n\t<meta name=\"twitter:label2\" content=\"Dur\u00e9e de lecture estim\u00e9e\" \/>\n\t<meta name=\"twitter:data2\" content=\"1 minute\" \/>\n<script type=\"application\/ld+json\" class=\"yoast-schema-graph\">{\"@context\":\"https:\/\/schema.org\",\"@graph\":[{\"@type\":\"Article\",\"@id\":\"https:\/\/vosgesinfo.fr\/remiremontinfo\/2025\/12\/vecoux-la-troupe-des-zados-du-petit-theatre-de-vecoux-en-pleine-ebullition\/#article\",\"isPartOf\":{\"@id\":\"https:\/\/vosgesinfo.fr\/remiremontinfo\/2025\/12\/vecoux-la-troupe-des-zados-du-petit-theatre-de-vecoux-en-pleine-ebullition\/\"},\"author\":{\"name\":\"P.M\",\"@id\":\"https:\/\/vosgesinfo.fr\/remiremontinfo\/#\/schema\/person\/a6fd2dde36da20be3679f2058b94c5b8\"},\"headline\":\"Vecoux La troupe des \u00ab Z&rsquo;Ados \u00bb du Petit th\u00e9\u00e2tre de Vecoux en pleine \u00e9bullition.\",\"datePublished\":\"2025-12-08T04:55:23+00:00\",\"dateModified\":\"2025-12-07T12:30:41+00:00\",\"mainEntityOfPage\":{\"@id\":\"https:\/\/vosgesinfo.fr\/remiremontinfo\/2025\/12\/vecoux-la-troupe-des-zados-du-petit-theatre-de-vecoux-en-pleine-ebullition\/\"},\"wordCount\":124,\"commentCount\":0,\"publisher\":{\"@id\":\"https:\/\/vosgesinfo.fr\/remiremontinfo\/#organization\"},\"image\":{\"@id\":\"https:\/\/vosgesinfo.fr\/remiremontinfo\/2025\/12\/vecoux-la-troupe-des-zados-du-petit-theatre-de-vecoux-en-pleine-ebullition\/#primaryimage\"},\"thumbnailUrl\":\"https:\/\/vosgesinfo.fr\/app\/uploads\/sites\/5\/2025\/12\/capture-decran-2025-12-06-202556.jpg\",\"keywords\":[\"Le Petit Th\u00e9\u00e2tre de Vecoux\"],\"articleSection\":[\"A la Une\",\"Agenda\",\"Divertissement\",\"Loisirs\",\"Remiremont &amp; son canton\",\"Th\u00e9\u00e2tre\",\"Vecoux\"],\"inLanguage\":\"fr-FR\",\"potentialAction\":[{\"@type\":\"CommentAction\",\"name\":\"Comment\",\"target\":[\"https:\/\/vosgesinfo.fr\/remiremontinfo\/2025\/12\/vecoux-la-troupe-des-zados-du-petit-theatre-de-vecoux-en-pleine-ebullition\/#respond\"]}]},{\"@type\":\"WebPage\",\"@id\":\"https:\/\/vosgesinfo.fr\/remiremontinfo\/2025\/12\/vecoux-la-troupe-des-zados-du-petit-theatre-de-vecoux-en-pleine-ebullition\/\",\"url\":\"https:\/\/vosgesinfo.fr\/remiremontinfo\/2025\/12\/vecoux-la-troupe-des-zados-du-petit-theatre-de-vecoux-en-pleine-ebullition\/\",\"name\":\"Vecoux La troupe des \u00ab Z'Ados \u00bb du Petit th\u00e9\u00e2tre de Vecoux en pleine \u00e9bullition. - Remiremont Info\",\"isPartOf\":{\"@id\":\"https:\/\/vosgesinfo.fr\/remiremontinfo\/#website\"},\"primaryImageOfPage\":{\"@id\":\"https:\/\/vosgesinfo.fr\/remiremontinfo\/2025\/12\/vecoux-la-troupe-des-zados-du-petit-theatre-de-vecoux-en-pleine-ebullition\/#primaryimage\"},\"image\":{\"@id\":\"https:\/\/vosgesinfo.fr\/remiremontinfo\/2025\/12\/vecoux-la-troupe-des-zados-du-petit-theatre-de-vecoux-en-pleine-ebullition\/#primaryimage\"},\"thumbnailUrl\":\"https:\/\/vosgesinfo.fr\/app\/uploads\/sites\/5\/2025\/12\/capture-decran-2025-12-06-202556.jpg\",\"datePublished\":\"2025-12-08T04:55:23+00:00\",\"dateModified\":\"2025-12-07T12:30:41+00:00\",\"breadcrumb\":{\"@id\":\"https:\/\/vosgesinfo.fr\/remiremontinfo\/2025\/12\/vecoux-la-troupe-des-zados-du-petit-theatre-de-vecoux-en-pleine-ebullition\/#breadcrumb\"},\"inLanguage\":\"fr-FR\",\"potentialAction\":[{\"@type\":\"ReadAction\",\"target\":[\"https:\/\/vosgesinfo.fr\/remiremontinfo\/2025\/12\/vecoux-la-troupe-des-zados-du-petit-theatre-de-vecoux-en-pleine-ebullition\/\"]}]},{\"@type\":\"ImageObject\",\"inLanguage\":\"fr-FR\",\"@id\":\"https:\/\/vosgesinfo.fr\/remiremontinfo\/2025\/12\/vecoux-la-troupe-des-zados-du-petit-theatre-de-vecoux-en-pleine-ebullition\/#primaryimage\",\"url\":\"https:\/\/vosgesinfo.fr\/app\/uploads\/sites\/5\/2025\/12\/capture-decran-2025-12-06-202556.jpg\",\"contentUrl\":\"https:\/\/vosgesinfo.fr\/app\/uploads\/sites\/5\/2025\/12\/capture-decran-2025-12-06-202556.jpg\",\"width\":1788,\"height\":818},{\"@type\":\"BreadcrumbList\",\"@id\":\"https:\/\/vosgesinfo.fr\/remiremontinfo\/2025\/12\/vecoux-la-troupe-des-zados-du-petit-theatre-de-vecoux-en-pleine-ebullition\/#breadcrumb\",\"itemListElement\":[{\"@type\":\"ListItem\",\"position\":1,\"name\":\"Home\",\"item\":\"https:\/\/vosgesinfo.fr\/remiremontinfo\/\"},{\"@type\":\"ListItem\",\"position\":2,\"name\":\"Vecoux La troupe des \u00ab Z&rsquo;Ados \u00bb du Petit th\u00e9\u00e2tre de Vecoux en pleine \u00e9bullition.\"}]},{\"@type\":\"WebSite\",\"@id\":\"https:\/\/vosgesinfo.fr\/remiremontinfo\/#website\",\"url\":\"https:\/\/vosgesinfo.fr\/remiremontinfo\/\",\"name\":\"Remiremont Info\",\"description\":\"Toute l&#039;actualit\u00e9 de Remiremont\",\"publisher\":{\"@id\":\"https:\/\/vosgesinfo.fr\/remiremontinfo\/#organization\"},\"alternateName\":\"Toute l'actualit\u00e9 de Remiremont\",\"potentialAction\":[{\"@type\":\"SearchAction\",\"target\":{\"@type\":\"EntryPoint\",\"urlTemplate\":\"https:\/\/vosgesinfo.fr\/remiremontinfo\/?s={search_term_string}\"},\"query-input\":\"required name=search_term_string\"}],\"inLanguage\":\"fr-FR\"},{\"@type\":\"Organization\",\"@id\":\"https:\/\/vosgesinfo.fr\/remiremontinfo\/#organization\",\"name\":\"Remiremont Info\",\"url\":\"https:\/\/vosgesinfo.fr\/remiremontinfo\/\",\"logo\":{\"@type\":\"ImageObject\",\"inLanguage\":\"fr-FR\",\"@id\":\"https:\/\/vosgesinfo.fr\/remiremontinfo\/#\/schema\/logo\/image\/\",\"url\":\"https:\/\/vosgesinfo.fr\/app\/uploads\/sites\/5\/2023\/08\/favicon-remiremontinfo.png\",\"contentUrl\":\"https:\/\/vosgesinfo.fr\/app\/uploads\/sites\/5\/2023\/08\/favicon-remiremontinfo.png\",\"width\":512,\"height\":512,\"caption\":\"Remiremont Info\"},\"image\":{\"@id\":\"https:\/\/vosgesinfo.fr\/remiremontinfo\/#\/schema\/logo\/image\/\"},\"sameAs\":[\"https:\/\/www.facebook.com\/remiremontinfo\",\"https:\/\/x.com\/VosgesInfo88\",\"https:\/\/www.youtube.com\/@vosgesinfo\"]},{\"@type\":\"Person\",\"@id\":\"https:\/\/vosgesinfo.fr\/remiremontinfo\/#\/schema\/person\/a6fd2dde36da20be3679f2058b94c5b8\",\"name\":\"P.M\",\"image\":{\"@type\":\"ImageObject\",\"inLanguage\":\"fr-FR\",\"@id\":\"https:\/\/vosgesinfo.fr\/remiremontinfo\/#\/schema\/person\/image\/\",\"url\":\"https:\/\/secure.gravatar.com\/avatar\/db38f6ef38bb165f6f4d352563f264129673ed4536984fbbcddf700bd12f8a9a?s=96&d=mm&r=g\",\"contentUrl\":\"https:\/\/secure.gravatar.com\/avatar\/db38f6ef38bb165f6f4d352563f264129673ed4536984fbbcddf700bd12f8a9a?s=96&d=mm&r=g\",\"caption\":\"P.M\"},\"url\":\"https:\/\/vosgesinfo.fr\/remiremontinfo\/author\/p-mangel88\/\"}]}<\/script>\n<!-- \/ Yoast SEO plugin. -->","yoast_head_json":{"title":"Vecoux La troupe des \u00ab Z'Ados \u00bb du Petit th\u00e9\u00e2tre de Vecoux en pleine \u00e9bullition. - Remiremont Info","robots":{"index":"index","follow":"follow","max-snippet":"max-snippet:-1","max-image-preview":"max-image-preview:large","max-video-preview":"max-video-preview:-1"},"canonical":"https:\/\/vosgesinfo.fr\/remiremontinfo\/2025\/12\/vecoux-la-troupe-des-zados-du-petit-theatre-de-vecoux-en-pleine-ebullition\/","twitter_card":"summary_large_image","twitter_title":"Vecoux La troupe des \u00ab Z'Ados \u00bb du Petit th\u00e9\u00e2tre de Vecoux en pleine \u00e9bullition. - Remiremont Info","twitter_description":"Les r\u00e9p\u00e9titions vont bon train au Petit th\u00e9\u00e2tre de Vecoux ; les deux troupes Z&rsquo;Ados et adultes pr\u00e9parent avec intensit\u00e9 [&hellip;]","twitter_image":"https:\/\/vosgesinfo.fr\/app\/uploads\/sites\/5\/2025\/12\/capture-decran-2025-12-06-202556.jpg","twitter_creator":"@VosgesInfo88","twitter_site":"@VosgesInfo88","twitter_misc":{"\u00c9crit par":"P.M","Dur\u00e9e de lecture estim\u00e9e":"1 minute"},"schema":{"@context":"https:\/\/schema.org","@graph":[{"@type":"Article","@id":"https:\/\/vosgesinfo.fr\/remiremontinfo\/2025\/12\/vecoux-la-troupe-des-zados-du-petit-theatre-de-vecoux-en-pleine-ebullition\/#article","isPartOf":{"@id":"https:\/\/vosgesinfo.fr\/remiremontinfo\/2025\/12\/vecoux-la-troupe-des-zados-du-petit-theatre-de-vecoux-en-pleine-ebullition\/"},"author":{"name":"P.M","@id":"https:\/\/vosgesinfo.fr\/remiremontinfo\/#\/schema\/person\/a6fd2dde36da20be3679f2058b94c5b8"},"headline":"Vecoux La troupe des \u00ab Z&rsquo;Ados \u00bb du Petit th\u00e9\u00e2tre de Vecoux en pleine \u00e9bullition.","datePublished":"2025-12-08T04:55:23+00:00","dateModified":"2025-12-07T12:30:41+00:00","mainEntityOfPage":{"@id":"https:\/\/vosgesinfo.fr\/remiremontinfo\/2025\/12\/vecoux-la-troupe-des-zados-du-petit-theatre-de-vecoux-en-pleine-ebullition\/"},"wordCount":124,"commentCount":0,"publisher":{"@id":"https:\/\/vosgesinfo.fr\/remiremontinfo\/#organization"},"image":{"@id":"https:\/\/vosgesinfo.fr\/remiremontinfo\/2025\/12\/vecoux-la-troupe-des-zados-du-petit-theatre-de-vecoux-en-pleine-ebullition\/#primaryimage"},"thumbnailUrl":"https:\/\/vosgesinfo.fr\/app\/uploads\/sites\/5\/2025\/12\/capture-decran-2025-12-06-202556.jpg","keywords":["Le Petit Th\u00e9\u00e2tre de Vecoux"],"articleSection":["A la Une","Agenda","Divertissement","Loisirs","Remiremont &amp; son canton","Th\u00e9\u00e2tre","Vecoux"],"inLanguage":"fr-FR","potentialAction":[{"@type":"CommentAction","name":"Comment","target":["https:\/\/vosgesinfo.fr\/remiremontinfo\/2025\/12\/vecoux-la-troupe-des-zados-du-petit-theatre-de-vecoux-en-pleine-ebullition\/#respond"]}]},{"@type":"WebPage","@id":"https:\/\/vosgesinfo.fr\/remiremontinfo\/2025\/12\/vecoux-la-troupe-des-zados-du-petit-theatre-de-vecoux-en-pleine-ebullition\/","url":"https:\/\/vosgesinfo.fr\/remiremontinfo\/2025\/12\/vecoux-la-troupe-des-zados-du-petit-theatre-de-vecoux-en-pleine-ebullition\/","name":"Vecoux La troupe des \u00ab Z'Ados \u00bb du Petit th\u00e9\u00e2tre de Vecoux en pleine \u00e9bullition. - Remiremont Info","isPartOf":{"@id":"https:\/\/vosgesinfo.fr\/remiremontinfo\/#website"},"primaryImageOfPage":{"@id":"https:\/\/vosgesinfo.fr\/remiremontinfo\/2025\/12\/vecoux-la-troupe-des-zados-du-petit-theatre-de-vecoux-en-pleine-ebullition\/#primaryimage"},"image":{"@id":"https:\/\/vosgesinfo.fr\/remiremontinfo\/2025\/12\/vecoux-la-troupe-des-zados-du-petit-theatre-de-vecoux-en-pleine-ebullition\/#primaryimage"},"thumbnailUrl":"https:\/\/vosgesinfo.fr\/app\/uploads\/sites\/5\/2025\/12\/capture-decran-2025-12-06-202556.jpg","datePublished":"2025-12-08T04:55:23+00:00","dateModified":"2025-12-07T12:30:41+00:00","breadcrumb":{"@id":"https:\/\/vosgesinfo.fr\/remiremontinfo\/2025\/12\/vecoux-la-troupe-des-zados-du-petit-theatre-de-vecoux-en-pleine-ebullition\/#breadcrumb"},"inLanguage":"fr-FR","potentialAction":[{"@type":"ReadAction","target":["https:\/\/vosgesinfo.fr\/remiremontinfo\/2025\/12\/vecoux-la-troupe-des-zados-du-petit-theatre-de-vecoux-en-pleine-ebullition\/"]}]},{"@type":"ImageObject","inLanguage":"fr-FR","@id":"https:\/\/vosgesinfo.fr\/remiremontinfo\/2025\/12\/vecoux-la-troupe-des-zados-du-petit-theatre-de-vecoux-en-pleine-ebullition\/#primaryimage","url":"https:\/\/vosgesinfo.fr\/app\/uploads\/sites\/5\/2025\/12\/capture-decran-2025-12-06-202556.jpg","contentUrl":"https:\/\/vosgesinfo.fr\/app\/uploads\/sites\/5\/2025\/12\/capture-decran-2025-12-06-202556.jpg","width":1788,"height":818},{"@type":"BreadcrumbList","@id":"https:\/\/vosgesinfo.fr\/remiremontinfo\/2025\/12\/vecoux-la-troupe-des-zados-du-petit-theatre-de-vecoux-en-pleine-ebullition\/#breadcrumb","itemListElement":[{"@type":"ListItem","position":1,"name":"Home","item":"https:\/\/vosgesinfo.fr\/remiremontinfo\/"},{"@type":"ListItem","position":2,"name":"Vecoux La troupe des \u00ab Z&rsquo;Ados \u00bb du Petit th\u00e9\u00e2tre de Vecoux en pleine \u00e9bullition."}]},{"@type":"WebSite","@id":"https:\/\/vosgesinfo.fr\/remiremontinfo\/#website","url":"https:\/\/vosgesinfo.fr\/remiremontinfo\/","name":"Remiremont Info","description":"Toute l&#039;actualit\u00e9 de Remiremont","publisher":{"@id":"https:\/\/vosgesinfo.fr\/remiremontinfo\/#organization"},"alternateName":"Toute l'actualit\u00e9 de Remiremont","potentialAction":[{"@type":"SearchAction","target":{"@type":"EntryPoint","urlTemplate":"https:\/\/vosgesinfo.fr\/remiremontinfo\/?s={search_term_string}"},"query-input":"required name=search_term_string"}],"inLanguage":"fr-FR"},{"@type":"Organization","@id":"https:\/\/vosgesinfo.fr\/remiremontinfo\/#organization","name":"Remiremont Info","url":"https:\/\/vosgesinfo.fr\/remiremontinfo\/","logo":{"@type":"ImageObject","inLanguage":"fr-FR","@id":"https:\/\/vosgesinfo.fr\/remiremontinfo\/#\/schema\/logo\/image\/","url":"https:\/\/vosgesinfo.fr\/app\/uploads\/sites\/5\/2023\/08\/favicon-remiremontinfo.png","contentUrl":"https:\/\/vosgesinfo.fr\/app\/uploads\/sites\/5\/2023\/08\/favicon-remiremontinfo.png","width":512,"height":512,"caption":"Remiremont Info"},"image":{"@id":"https:\/\/vosgesinfo.fr\/remiremontinfo\/#\/schema\/logo\/image\/"},"sameAs":["https:\/\/www.facebook.com\/remiremontinfo","https:\/\/x.com\/VosgesInfo88","https:\/\/www.youtube.com\/@vosgesinfo"]},{"@type":"Person","@id":"https:\/\/vosgesinfo.fr\/remiremontinfo\/#\/schema\/person\/a6fd2dde36da20be3679f2058b94c5b8","name":"P.M","image":{"@type":"ImageObject","inLanguage":"fr-FR","@id":"https:\/\/vosgesinfo.fr\/remiremontinfo\/#\/schema\/person\/image\/","url":"https:\/\/secure.gravatar.com\/avatar\/db38f6ef38bb165f6f4d352563f264129673ed4536984fbbcddf700bd12f8a9a?s=96&d=mm&r=g","contentUrl":"https:\/\/secure.gravatar.com\/avatar\/db38f6ef38bb165f6f4d352563f264129673ed4536984fbbcddf700bd12f8a9a?s=96&d=mm&r=g","caption":"P.M"},"url":"https:\/\/vosgesinfo.fr\/remiremontinfo\/author\/p-mangel88\/"}]}},"_links":{"self":[{"href":"https:\/\/vosgesinfo.fr\/remiremontinfo\/wp-json\/wp\/v2\/posts\/87219","targetHints":{"allow":["GET"]}}],"collection":[{"href":"https:\/\/vosgesinfo.fr\/remiremontinfo\/wp-json\/wp\/v2\/posts"}],"about":[{"href":"https:\/\/vosgesinfo.fr\/remiremontinfo\/wp-json\/wp\/v2\/types\/post"}],"author":[{"embeddable":true,"href":"https:\/\/vosgesinfo.fr\/remiremontinfo\/wp-json\/wp\/v2\/users\/413"}],"replies":[{"embeddable":true,"href":"https:\/\/vosgesinfo.fr\/remiremontinfo\/wp-json\/wp\/v2\/comments?post=87219"}],"version-history":[{"count":4,"href":"https:\/\/vosgesinfo.fr\/remiremontinfo\/wp-json\/wp\/v2\/posts\/87219\/revisions"}],"predecessor-version":[{"id":87231,"href":"https:\/\/vosgesinfo.fr\/remiremontinfo\/wp-json\/wp\/v2\/posts\/87219\/revisions\/87231"}],"wp:featuredmedia":[{"embeddable":true,"href":"https:\/\/vosgesinfo.fr\/remiremontinfo\/wp-json\/wp\/v2\/media\/87220"}],"wp:attachment":[{"href":"https:\/\/vosgesinfo.fr\/remiremontinfo\/wp-json\/wp\/v2\/media?parent=87219"}],"wp:term":[{"taxonomy":"category","embeddable":true,"href":"https:\/\/vosgesinfo.fr\/remiremontinfo\/wp-json\/wp\/v2\/categories?post=87219"},{"taxonomy":"post_tag","embeddable":true,"href":"https:\/\/vosgesinfo.fr\/remiremontinfo\/wp-json\/wp\/v2\/tags?post=87219"}],"curies":[{"name":"wp","href":"https:\/\/api.w.org\/{rel}","templated":true}]}}