{"id":87279,"date":"2025-12-11T07:41:01","date_gmt":"2025-12-11T06:41:01","guid":{"rendered":"https:\/\/vosgesinfo.fr\/remiremontinfo\/?p=87279"},"modified":"2025-12-10T19:42:21","modified_gmt":"2025-12-10T18:42:21","slug":"programmes-des-animations-organisees-par-epicentre","status":"publish","type":"post","link":"https:\/\/vosgesinfo.fr\/remiremontinfo\/2025\/12\/programmes-des-animations-organisees-par-epicentre\/","title":{"rendered":"Programme des animations organis\u00e9es par Epicentre"},"content":{"rendered":"<div class=\"x_gmail_default\"><b data-olk-copy-source=\"MessageBody\"><a href=\"https:\/\/vosgesinfo.fr\/app\/uploads\/sites\/3\/2025\/12\/epicentre-affiche-dec-2025.jpg\"><img decoding=\"async\" class=\"aligncenter size-full wp-image-138069\" src=\"https:\/\/vosgesinfo.fr\/app\/uploads\/sites\/3\/2025\/12\/epicentre-affiche-dec-2025.jpg\" alt=\"\" width=\"663\" height=\"705\" \/><\/a>A\u00a0l&rsquo;occasion des f\u00eates de fin d&rsquo;ann\u00e9e, l&rsquo;Association des commer\u00e7ants et des artisans d&rsquo;Epinal organise, comme chaque ann\u00e9e, des festivit\u00e9s du 2 au 24 D\u00e9cembre<u>\u00a02025.<\/u><\/b><\/div>\n<div class=\"x_gmail_default\"><b><u>\u00a0<\/u><\/b><\/div>\n<div class=\"x_gmail_default\"><b><u>Jeu du Juste Prix, atelier cr\u00e9atif et conte de lutin\u00a0 :<\/u><\/b><\/div>\n<div class=\"x_gmail_default\">Ainsi vous pouvez participer au\u00a0grand jeu du JUSTE PRIX(jusqu&rsquo;au 24 D\u00e9c.), qui vous fera peut-\u00eatre remporter la vitrine des commer\u00e7ants\u00a0avec votre juste estimation, situ\u00e9e dans le coeur de la rue pi\u00e9tonne et via les bulletins de participation disponibles chez les commer\u00e7ants participants <u>!<\/u><\/div>\n<div class=\"x_gmail_default\"><u>\u00a0<\/u><\/div>\n<div class=\"x_gmail_default\">\n<div class=\"x_gmail_default\"><span style=\"font-family: arial, sans-serif;\">Les visiteurs auront la lourde t\u00e2che\u00a0d&rsquo;estimer la valeur totale de la vitrine, l<\/span><b>e participant se rapprochant le plus de la valeur r\u00e9elle de celle-ci, voire qui trouvera le\u00a0Juste Prix, se verra remporter la totalit\u00e9 de cette derni\u00e8re !<\/b><\/div>\n<div class=\"x_gmail_default\">Atelier cr\u00e9atif et conte de lutin Etincelle\u00a0le 13 D\u00e9cembre.<\/div>\n<div class=\"x_gmail_default\"><\/div>\n<div class=\"x_gmail_default\"><\/div>\n<div class=\"x_gmail_default\"><b><u>Animation Epi&rsquo;Songe<\/u><\/b><\/div>\n<div class=\"x_gmail_default\">le 14 D\u00e9cembre, aura lieu, comme l&rsquo;an pass\u00e9,\u00a0l&rsquo;\u00e9v\u00e8nement EPI&rsquo;SONGE, avec le spectacle des lutins et l&rsquo;arriv\u00e9e du P\u00e8re et M\u00e8re No\u00ebl, \u00e0 15h, rue du Boudiou, poneys, cal\u00e8che, ateliers, artisanat et d\u00e9ambulations vous attendent ;<\/div>\n<div class=\"x_gmail_default\">Participez \u00e9galement au record de France de danse folklorique, qui a lieu \u00e0 17h30 au 7 rue des Minimes, au profit de Solidarit\u00e9 \u00e0 Lilou.<\/div>\n<div class=\"x_gmail_default\"><\/div>\n<div class=\"x_gmail_default\"><b><u>Le P\u00e8re No\u00ebl <\/u><\/b>vous attend le dimanche 14 et 21 D\u00e9cembre de 14h30 \u00e0 18h30, ainsi que le mercredi 17, le samedi 20, le lundi 22 et le mercredi 24 D\u00e9cembre de 10h \u00e0 12h et de 14h \u00e0 16h.<\/div>\n<\/div>\n<div class=\"x_gmail_default\"><b>\u00a0<\/b><\/div>\n<p><b>R\u00e9veillons la magie de No\u00ebl au centre ville d&rsquo;Epinal avec vos commer\u00e7ants !<\/b><\/p>\n","protected":false},"excerpt":{"rendered":"<p>A\u00a0l&rsquo;occasion des f\u00eates de fin d&rsquo;ann\u00e9e, l&rsquo;Association des commer\u00e7ants et des artisans d&rsquo;Epinal organise, comme chaque ann\u00e9e, des festivit\u00e9s du [&hellip;]<\/p>\n","protected":false},"author":391,"featured_media":87280,"comment_status":"open","ping_status":"open","sticky":false,"template":"","format":"standard","meta":{"footnotes":""},"categories":[26,108,11,58,43],"tags":[],"class_list":["post-87279","post","type-post","status-publish","format-standard","has-post-thumbnail","hentry","category-a-la-une","category-epinal","category-publi-reportage","category-publireportage","category-remiremont-remiremont-son-canton"],"acf":[],"yoast_head":"<!-- This site is optimized with the Yoast SEO plugin v22.5 - https:\/\/yoast.com\/wordpress\/plugins\/seo\/ -->\n<title>Programme des animations organis\u00e9es par Epicentre - Remiremont Info<\/title>\n<meta name=\"robots\" content=\"index, follow, max-snippet:-1, max-image-preview:large, max-video-preview:-1\" \/>\n<link rel=\"canonical\" href=\"https:\/\/vosgesinfo.fr\/remiremontinfo\/2025\/12\/programmes-des-animations-organisees-par-epicentre\/\" \/>\n<meta name=\"twitter:card\" content=\"summary_large_image\" \/>\n<meta name=\"twitter:title\" content=\"Programme des animations organis\u00e9es par Epicentre - Remiremont Info\" \/>\n<meta name=\"twitter:description\" content=\"A\u00a0l&rsquo;occasion des f\u00eates de fin d&rsquo;ann\u00e9e, l&rsquo;Association des commer\u00e7ants et des artisans d&rsquo;Epinal organise, comme chaque ann\u00e9e, des festivit\u00e9s du [&hellip;]\" \/>\n<meta name=\"twitter:image\" content=\"https:\/\/vosgesinfo.fr\/app\/uploads\/sites\/5\/2025\/12\/epicentre-affiche-dec-2025.jpg\" \/>\n<meta name=\"twitter:creator\" content=\"@VosgesInfo88\" \/>\n<meta name=\"twitter:site\" content=\"@VosgesInfo88\" \/>\n<meta name=\"twitter:label1\" content=\"\u00c9crit par\" \/>\n\t<meta name=\"twitter:data1\" content=\"La redaction\" \/>\n\t<meta name=\"twitter:label2\" content=\"Dur\u00e9e de lecture estim\u00e9e\" \/>\n\t<meta name=\"twitter:data2\" content=\"2 minutes\" \/>\n<script type=\"application\/ld+json\" class=\"yoast-schema-graph\">{\"@context\":\"https:\/\/schema.org\",\"@graph\":[{\"@type\":\"Article\",\"@id\":\"https:\/\/vosgesinfo.fr\/remiremontinfo\/2025\/12\/programmes-des-animations-organisees-par-epicentre\/#article\",\"isPartOf\":{\"@id\":\"https:\/\/vosgesinfo.fr\/remiremontinfo\/2025\/12\/programmes-des-animations-organisees-par-epicentre\/\"},\"author\":{\"name\":\"La redaction\",\"@id\":\"https:\/\/vosgesinfo.fr\/remiremontinfo\/#\/schema\/person\/27a3695b06db98895b354c0765cdfc31\"},\"headline\":\"Programme des animations organis\u00e9es par Epicentre\",\"datePublished\":\"2025-12-11T06:41:01+00:00\",\"dateModified\":\"2025-12-10T18:42:21+00:00\",\"mainEntityOfPage\":{\"@id\":\"https:\/\/vosgesinfo.fr\/remiremontinfo\/2025\/12\/programmes-des-animations-organisees-par-epicentre\/\"},\"wordCount\":278,\"commentCount\":0,\"publisher\":{\"@id\":\"https:\/\/vosgesinfo.fr\/remiremontinfo\/#organization\"},\"image\":{\"@id\":\"https:\/\/vosgesinfo.fr\/remiremontinfo\/2025\/12\/programmes-des-animations-organisees-par-epicentre\/#primaryimage\"},\"thumbnailUrl\":\"https:\/\/vosgesinfo.fr\/app\/uploads\/sites\/5\/2025\/12\/epicentre-affiche-dec-2025.jpg\",\"articleSection\":[\"A la Une\",\"Epinal\",\"Publi-reportage\",\"Publireportage\",\"Remiremont\"],\"inLanguage\":\"fr-FR\",\"potentialAction\":[{\"@type\":\"CommentAction\",\"name\":\"Comment\",\"target\":[\"https:\/\/vosgesinfo.fr\/remiremontinfo\/2025\/12\/programmes-des-animations-organisees-par-epicentre\/#respond\"]}]},{\"@type\":\"WebPage\",\"@id\":\"https:\/\/vosgesinfo.fr\/remiremontinfo\/2025\/12\/programmes-des-animations-organisees-par-epicentre\/\",\"url\":\"https:\/\/vosgesinfo.fr\/remiremontinfo\/2025\/12\/programmes-des-animations-organisees-par-epicentre\/\",\"name\":\"Programme des animations organis\u00e9es par Epicentre - Remiremont Info\",\"isPartOf\":{\"@id\":\"https:\/\/vosgesinfo.fr\/remiremontinfo\/#website\"},\"primaryImageOfPage\":{\"@id\":\"https:\/\/vosgesinfo.fr\/remiremontinfo\/2025\/12\/programmes-des-animations-organisees-par-epicentre\/#primaryimage\"},\"image\":{\"@id\":\"https:\/\/vosgesinfo.fr\/remiremontinfo\/2025\/12\/programmes-des-animations-organisees-par-epicentre\/#primaryimage\"},\"thumbnailUrl\":\"https:\/\/vosgesinfo.fr\/app\/uploads\/sites\/5\/2025\/12\/epicentre-affiche-dec-2025.jpg\",\"datePublished\":\"2025-12-11T06:41:01+00:00\",\"dateModified\":\"2025-12-10T18:42:21+00:00\",\"breadcrumb\":{\"@id\":\"https:\/\/vosgesinfo.fr\/remiremontinfo\/2025\/12\/programmes-des-animations-organisees-par-epicentre\/#breadcrumb\"},\"inLanguage\":\"fr-FR\",\"potentialAction\":[{\"@type\":\"ReadAction\",\"target\":[\"https:\/\/vosgesinfo.fr\/remiremontinfo\/2025\/12\/programmes-des-animations-organisees-par-epicentre\/\"]}]},{\"@type\":\"ImageObject\",\"inLanguage\":\"fr-FR\",\"@id\":\"https:\/\/vosgesinfo.fr\/remiremontinfo\/2025\/12\/programmes-des-animations-organisees-par-epicentre\/#primaryimage\",\"url\":\"https:\/\/vosgesinfo.fr\/app\/uploads\/sites\/5\/2025\/12\/epicentre-affiche-dec-2025.jpg\",\"contentUrl\":\"https:\/\/vosgesinfo.fr\/app\/uploads\/sites\/5\/2025\/12\/epicentre-affiche-dec-2025.jpg\",\"width\":663,\"height\":705},{\"@type\":\"BreadcrumbList\",\"@id\":\"https:\/\/vosgesinfo.fr\/remiremontinfo\/2025\/12\/programmes-des-animations-organisees-par-epicentre\/#breadcrumb\",\"itemListElement\":[{\"@type\":\"ListItem\",\"position\":1,\"name\":\"Home\",\"item\":\"https:\/\/vosgesinfo.fr\/remiremontinfo\/\"},{\"@type\":\"ListItem\",\"position\":2,\"name\":\"Programme des animations organis\u00e9es par Epicentre\"}]},{\"@type\":\"WebSite\",\"@id\":\"https:\/\/vosgesinfo.fr\/remiremontinfo\/#website\",\"url\":\"https:\/\/vosgesinfo.fr\/remiremontinfo\/\",\"name\":\"Remiremont Info\",\"description\":\"Toute l&#039;actualit\u00e9 de Remiremont\",\"publisher\":{\"@id\":\"https:\/\/vosgesinfo.fr\/remiremontinfo\/#organization\"},\"alternateName\":\"Toute l'actualit\u00e9 de Remiremont\",\"potentialAction\":[{\"@type\":\"SearchAction\",\"target\":{\"@type\":\"EntryPoint\",\"urlTemplate\":\"https:\/\/vosgesinfo.fr\/remiremontinfo\/?s={search_term_string}\"},\"query-input\":\"required name=search_term_string\"}],\"inLanguage\":\"fr-FR\"},{\"@type\":\"Organization\",\"@id\":\"https:\/\/vosgesinfo.fr\/remiremontinfo\/#organization\",\"name\":\"Remiremont Info\",\"url\":\"https:\/\/vosgesinfo.fr\/remiremontinfo\/\",\"logo\":{\"@type\":\"ImageObject\",\"inLanguage\":\"fr-FR\",\"@id\":\"https:\/\/vosgesinfo.fr\/remiremontinfo\/#\/schema\/logo\/image\/\",\"url\":\"https:\/\/vosgesinfo.fr\/app\/uploads\/sites\/5\/2023\/08\/favicon-remiremontinfo.png\",\"contentUrl\":\"https:\/\/vosgesinfo.fr\/app\/uploads\/sites\/5\/2023\/08\/favicon-remiremontinfo.png\",\"width\":512,\"height\":512,\"caption\":\"Remiremont Info\"},\"image\":{\"@id\":\"https:\/\/vosgesinfo.fr\/remiremontinfo\/#\/schema\/logo\/image\/\"},\"sameAs\":[\"https:\/\/www.facebook.com\/remiremontinfo\",\"https:\/\/x.com\/VosgesInfo88\",\"https:\/\/www.youtube.com\/@vosgesinfo\"]},{\"@type\":\"Person\",\"@id\":\"https:\/\/vosgesinfo.fr\/remiremontinfo\/#\/schema\/person\/27a3695b06db98895b354c0765cdfc31\",\"name\":\"La redaction\",\"image\":{\"@type\":\"ImageObject\",\"inLanguage\":\"fr-FR\",\"@id\":\"https:\/\/vosgesinfo.fr\/remiremontinfo\/#\/schema\/person\/image\/\",\"url\":\"https:\/\/secure.gravatar.com\/avatar\/64c76a78e501cedee55736f43f332df901e1896ae9cd8fad269ae2236dd0e8b6?s=96&d=mm&r=g\",\"contentUrl\":\"https:\/\/secure.gravatar.com\/avatar\/64c76a78e501cedee55736f43f332df901e1896ae9cd8fad269ae2236dd0e8b6?s=96&d=mm&r=g\",\"caption\":\"La redaction\"},\"url\":\"https:\/\/vosgesinfo.fr\/remiremontinfo\/author\/la-redaction\/\"}]}<\/script>\n<!-- \/ Yoast SEO plugin. -->","yoast_head_json":{"title":"Programme des animations organis\u00e9es par Epicentre - Remiremont Info","robots":{"index":"index","follow":"follow","max-snippet":"max-snippet:-1","max-image-preview":"max-image-preview:large","max-video-preview":"max-video-preview:-1"},"canonical":"https:\/\/vosgesinfo.fr\/remiremontinfo\/2025\/12\/programmes-des-animations-organisees-par-epicentre\/","twitter_card":"summary_large_image","twitter_title":"Programme des animations organis\u00e9es par Epicentre - Remiremont Info","twitter_description":"A\u00a0l&rsquo;occasion des f\u00eates de fin d&rsquo;ann\u00e9e, l&rsquo;Association des commer\u00e7ants et des artisans d&rsquo;Epinal organise, comme chaque ann\u00e9e, des festivit\u00e9s du [&hellip;]","twitter_image":"https:\/\/vosgesinfo.fr\/app\/uploads\/sites\/5\/2025\/12\/epicentre-affiche-dec-2025.jpg","twitter_creator":"@VosgesInfo88","twitter_site":"@VosgesInfo88","twitter_misc":{"\u00c9crit par":"La redaction","Dur\u00e9e de lecture estim\u00e9e":"2 minutes"},"schema":{"@context":"https:\/\/schema.org","@graph":[{"@type":"Article","@id":"https:\/\/vosgesinfo.fr\/remiremontinfo\/2025\/12\/programmes-des-animations-organisees-par-epicentre\/#article","isPartOf":{"@id":"https:\/\/vosgesinfo.fr\/remiremontinfo\/2025\/12\/programmes-des-animations-organisees-par-epicentre\/"},"author":{"name":"La redaction","@id":"https:\/\/vosgesinfo.fr\/remiremontinfo\/#\/schema\/person\/27a3695b06db98895b354c0765cdfc31"},"headline":"Programme des animations organis\u00e9es par Epicentre","datePublished":"2025-12-11T06:41:01+00:00","dateModified":"2025-12-10T18:42:21+00:00","mainEntityOfPage":{"@id":"https:\/\/vosgesinfo.fr\/remiremontinfo\/2025\/12\/programmes-des-animations-organisees-par-epicentre\/"},"wordCount":278,"commentCount":0,"publisher":{"@id":"https:\/\/vosgesinfo.fr\/remiremontinfo\/#organization"},"image":{"@id":"https:\/\/vosgesinfo.fr\/remiremontinfo\/2025\/12\/programmes-des-animations-organisees-par-epicentre\/#primaryimage"},"thumbnailUrl":"https:\/\/vosgesinfo.fr\/app\/uploads\/sites\/5\/2025\/12\/epicentre-affiche-dec-2025.jpg","articleSection":["A la Une","Epinal","Publi-reportage","Publireportage","Remiremont"],"inLanguage":"fr-FR","potentialAction":[{"@type":"CommentAction","name":"Comment","target":["https:\/\/vosgesinfo.fr\/remiremontinfo\/2025\/12\/programmes-des-animations-organisees-par-epicentre\/#respond"]}]},{"@type":"WebPage","@id":"https:\/\/vosgesinfo.fr\/remiremontinfo\/2025\/12\/programmes-des-animations-organisees-par-epicentre\/","url":"https:\/\/vosgesinfo.fr\/remiremontinfo\/2025\/12\/programmes-des-animations-organisees-par-epicentre\/","name":"Programme des animations organis\u00e9es par Epicentre - Remiremont Info","isPartOf":{"@id":"https:\/\/vosgesinfo.fr\/remiremontinfo\/#website"},"primaryImageOfPage":{"@id":"https:\/\/vosgesinfo.fr\/remiremontinfo\/2025\/12\/programmes-des-animations-organisees-par-epicentre\/#primaryimage"},"image":{"@id":"https:\/\/vosgesinfo.fr\/remiremontinfo\/2025\/12\/programmes-des-animations-organisees-par-epicentre\/#primaryimage"},"thumbnailUrl":"https:\/\/vosgesinfo.fr\/app\/uploads\/sites\/5\/2025\/12\/epicentre-affiche-dec-2025.jpg","datePublished":"2025-12-11T06:41:01+00:00","dateModified":"2025-12-10T18:42:21+00:00","breadcrumb":{"@id":"https:\/\/vosgesinfo.fr\/remiremontinfo\/2025\/12\/programmes-des-animations-organisees-par-epicentre\/#breadcrumb"},"inLanguage":"fr-FR","potentialAction":[{"@type":"ReadAction","target":["https:\/\/vosgesinfo.fr\/remiremontinfo\/2025\/12\/programmes-des-animations-organisees-par-epicentre\/"]}]},{"@type":"ImageObject","inLanguage":"fr-FR","@id":"https:\/\/vosgesinfo.fr\/remiremontinfo\/2025\/12\/programmes-des-animations-organisees-par-epicentre\/#primaryimage","url":"https:\/\/vosgesinfo.fr\/app\/uploads\/sites\/5\/2025\/12\/epicentre-affiche-dec-2025.jpg","contentUrl":"https:\/\/vosgesinfo.fr\/app\/uploads\/sites\/5\/2025\/12\/epicentre-affiche-dec-2025.jpg","width":663,"height":705},{"@type":"BreadcrumbList","@id":"https:\/\/vosgesinfo.fr\/remiremontinfo\/2025\/12\/programmes-des-animations-organisees-par-epicentre\/#breadcrumb","itemListElement":[{"@type":"ListItem","position":1,"name":"Home","item":"https:\/\/vosgesinfo.fr\/remiremontinfo\/"},{"@type":"ListItem","position":2,"name":"Programme des animations organis\u00e9es par Epicentre"}]},{"@type":"WebSite","@id":"https:\/\/vosgesinfo.fr\/remiremontinfo\/#website","url":"https:\/\/vosgesinfo.fr\/remiremontinfo\/","name":"Remiremont Info","description":"Toute l&#039;actualit\u00e9 de Remiremont","publisher":{"@id":"https:\/\/vosgesinfo.fr\/remiremontinfo\/#organization"},"alternateName":"Toute l'actualit\u00e9 de Remiremont","potentialAction":[{"@type":"SearchAction","target":{"@type":"EntryPoint","urlTemplate":"https:\/\/vosgesinfo.fr\/remiremontinfo\/?s={search_term_string}"},"query-input":"required name=search_term_string"}],"inLanguage":"fr-FR"},{"@type":"Organization","@id":"https:\/\/vosgesinfo.fr\/remiremontinfo\/#organization","name":"Remiremont Info","url":"https:\/\/vosgesinfo.fr\/remiremontinfo\/","logo":{"@type":"ImageObject","inLanguage":"fr-FR","@id":"https:\/\/vosgesinfo.fr\/remiremontinfo\/#\/schema\/logo\/image\/","url":"https:\/\/vosgesinfo.fr\/app\/uploads\/sites\/5\/2023\/08\/favicon-remiremontinfo.png","contentUrl":"https:\/\/vosgesinfo.fr\/app\/uploads\/sites\/5\/2023\/08\/favicon-remiremontinfo.png","width":512,"height":512,"caption":"Remiremont Info"},"image":{"@id":"https:\/\/vosgesinfo.fr\/remiremontinfo\/#\/schema\/logo\/image\/"},"sameAs":["https:\/\/www.facebook.com\/remiremontinfo","https:\/\/x.com\/VosgesInfo88","https:\/\/www.youtube.com\/@vosgesinfo"]},{"@type":"Person","@id":"https:\/\/vosgesinfo.fr\/remiremontinfo\/#\/schema\/person\/27a3695b06db98895b354c0765cdfc31","name":"La redaction","image":{"@type":"ImageObject","inLanguage":"fr-FR","@id":"https:\/\/vosgesinfo.fr\/remiremontinfo\/#\/schema\/person\/image\/","url":"https:\/\/secure.gravatar.com\/avatar\/64c76a78e501cedee55736f43f332df901e1896ae9cd8fad269ae2236dd0e8b6?s=96&d=mm&r=g","contentUrl":"https:\/\/secure.gravatar.com\/avatar\/64c76a78e501cedee55736f43f332df901e1896ae9cd8fad269ae2236dd0e8b6?s=96&d=mm&r=g","caption":"La redaction"},"url":"https:\/\/vosgesinfo.fr\/remiremontinfo\/author\/la-redaction\/"}]}},"_links":{"self":[{"href":"https:\/\/vosgesinfo.fr\/remiremontinfo\/wp-json\/wp\/v2\/posts\/87279","targetHints":{"allow":["GET"]}}],"collection":[{"href":"https:\/\/vosgesinfo.fr\/remiremontinfo\/wp-json\/wp\/v2\/posts"}],"about":[{"href":"https:\/\/vosgesinfo.fr\/remiremontinfo\/wp-json\/wp\/v2\/types\/post"}],"author":[{"embeddable":true,"href":"https:\/\/vosgesinfo.fr\/remiremontinfo\/wp-json\/wp\/v2\/users\/391"}],"replies":[{"embeddable":true,"href":"https:\/\/vosgesinfo.fr\/remiremontinfo\/wp-json\/wp\/v2\/comments?post=87279"}],"version-history":[{"count":1,"href":"https:\/\/vosgesinfo.fr\/remiremontinfo\/wp-json\/wp\/v2\/posts\/87279\/revisions"}],"predecessor-version":[{"id":87282,"href":"https:\/\/vosgesinfo.fr\/remiremontinfo\/wp-json\/wp\/v2\/posts\/87279\/revisions\/87282"}],"wp:featuredmedia":[{"embeddable":true,"href":"https:\/\/vosgesinfo.fr\/remiremontinfo\/wp-json\/wp\/v2\/media\/87280"}],"wp:attachment":[{"href":"https:\/\/vosgesinfo.fr\/remiremontinfo\/wp-json\/wp\/v2\/media?parent=87279"}],"wp:term":[{"taxonomy":"category","embeddable":true,"href":"https:\/\/vosgesinfo.fr\/remiremontinfo\/wp-json\/wp\/v2\/categories?post=87279"},{"taxonomy":"post_tag","embeddable":true,"href":"https:\/\/vosgesinfo.fr\/remiremontinfo\/wp-json\/wp\/v2\/tags?post=87279"}],"curies":[{"name":"wp","href":"https:\/\/api.w.org\/{rel}","templated":true}]}}