{"id":87292,"date":"2025-12-11T15:20:08","date_gmt":"2025-12-11T14:20:08","guid":{"rendered":"https:\/\/vosgesinfo.fr\/remiremontinfo\/?p=87292"},"modified":"2025-12-11T15:20:08","modified_gmt":"2025-12-11T14:20:08","slug":"theatre-de-la-miroiterie","status":"publish","type":"post","link":"https:\/\/vosgesinfo.fr\/remiremontinfo\/2025\/12\/theatre-de-la-miroiterie\/","title":{"rendered":"Th\u00e9\u00e2tre de la Miroiterie"},"content":{"rendered":"<p><a href=\"https:\/\/vosgesinfo.fr\/app\/uploads\/sites\/5\/2025\/12\/decembre-2025.jpg\"><img decoding=\"async\" class=\"alignright size-full wp-image-87293\" src=\"https:\/\/vosgesinfo.fr\/app\/uploads\/sites\/5\/2025\/12\/decembre-2025.jpg\" alt=\"\" width=\"717\" height=\"329\" srcset=\"https:\/\/vosgesinfo.fr\/app\/uploads\/sites\/5\/2025\/12\/decembre-2025.jpg 717w, https:\/\/vosgesinfo.fr\/app\/uploads\/sites\/5\/2025\/12\/decembre-2025-300x138.jpg 300w\" sizes=\"(max-width: 717px) 100vw, 717px\" \/><\/a><\/p>\n<table class=\"r3-o\" role=\"presentation\" border=\"0\" width=\"100%\" cellspacing=\"0\" cellpadding=\"0\" align=\"center\">\n<tbody>\n<tr>\n<td class=\"r12-i\">\n<table role=\"presentation\" border=\"0\" width=\"100%\" cellspacing=\"0\" cellpadding=\"0\">\n<tbody>\n<tr>\n<th class=\"r5-c\" valign=\"top\" width=\"100%\">\n<table class=\"r6-o\" role=\"presentation\" border=\"0\" width=\"100%\" cellspacing=\"0\" cellpadding=\"0\">\n<tbody>\n<tr>\n<td class=\"r13-i\" valign=\"top\">\n<table role=\"presentation\" border=\"0\" width=\"100%\" cellspacing=\"0\" cellpadding=\"0\">\n<tbody>\n<tr>\n<td class=\"r14-c\" align=\"left\">\n<table class=\"r15-o\" role=\"presentation\" border=\"0\" width=\"100%\" cellspacing=\"0\" cellpadding=\"0\">\n<tbody>\n<tr>\n<td class=\"r16-i nl2go-default-textstyle\" align=\"center\" valign=\"top\">\n<div>\n<p id=\"isPasted\"><strong><span dir=\"auto\">En d\u00e9cembre, ne manquez pas nos deux rendez-vous chaleureux<\/span><\/strong><\/p>\n<\/div>\n<\/td>\n<\/tr>\n<\/tbody>\n<\/table>\n<\/td>\n<\/tr>\n<tr>\n<td class=\"r11-c nl2go-default-textstyle\" align=\"left\">\n<div>\n<h2 id=\"isPasted\" class=\"default-heading2\"><\/h2>\n<p><strong><span dir=\"auto\">Vendredi 12 D\u00e9cembre \u00e0 20h30<\/span><\/strong><\/p>\n<p class=\"default\"><span dir=\"auto\">Musique du monde \u2013 Ensemble\u00a0 <\/span><strong><span dir=\"auto\">IONNDA<\/span><\/strong><br \/>\n<span dir=\"auto\"> \u00a0 \u00a0 \u00a0 \u00a0 \u00a0Chants de No\u00ebl du monde &amp; interm\u00e8des cont\u00e9s \u00a0 \u00a0<\/span><\/p>\n<p class=\"default\"><span dir=\"auto\">Depuis 2019, la chanteuse Diane Bucciali et la harpiste Fanny Fuchs enchantent les sc\u00e8nes avec leurs voix et instruments celtiques. \u00a0 \u00a0 \u00a0 \u00a0 \u00a0 \u00a0 \u00a0 \u00a0 \u00a0 \u00a0 \u00a0 \u00a0 \u00a0 \u00a0 \u00a0 \u00a0 \u00a0\u00a0 <\/span><br \/>\n<span dir=\"auto\">Leur programme de No\u00ebl, p\u00e9tillant et chaleureux, voyage entre Irlande, \u00c9cosse et Angleterre. \u00a0 \u00a0 \u00a0 \u00a0 \u00a0 \u00a0 \u00a0 \u00a0 \u00a0 \u00a0 \u00a0 \u00a0 \u00a0 \u00a0 \u00a0 \u00a0\u00a0 <\/span><br \/>\n<span dir=\"auto\">\u00a0Entre airs dansants et m\u00e9lodies plus spirituelles, laissez-vous emporter dans la magie d&rsquo;un No\u00ebl celtique.<\/span><\/p>\n<\/div>\n<\/td>\n<\/tr>\n<\/tbody>\n<\/table>\n<\/td>\n<\/tr>\n<\/tbody>\n<\/table>\n<\/th>\n<\/tr>\n<\/tbody>\n<\/table>\n<\/td>\n<\/tr>\n<\/tbody>\n<\/table>\n<table class=\"r3-o\" role=\"presentation\" border=\"0\" width=\"100%\" cellspacing=\"0\" cellpadding=\"0\" align=\"center\">\n<tbody>\n<tr>\n<td class=\"r4-i\">\n<table role=\"presentation\" border=\"0\" width=\"100%\" cellspacing=\"0\" cellpadding=\"0\">\n<tbody>\n<tr>\n<th class=\"r5-c\" valign=\"top\" width=\"50%\">\n<table class=\"r6-o\" role=\"presentation\" border=\"0\" width=\"100%\" cellspacing=\"0\" cellpadding=\"0\">\n<tbody>\n<tr>\n<td class=\"r10-i\" valign=\"top\">\n<table role=\"presentation\" border=\"0\" width=\"100%\" cellspacing=\"0\" cellpadding=\"0\">\n<tbody>\n<tr>\n<td class=\"r17-c\" align=\"center\"><img decoding=\"async\" class=\"\" src=\"https:\/\/2wgu1.img.sp1-brevo.net\/im\/sh\/clb-qYRKjc7v.jpg?u=WtVElij8PJZGcrw8TZ9TygaVz95OYPDN\" width=\"270\" border=\"0\" data-class=\"loading\" \/><\/td>\n<\/tr>\n<\/tbody>\n<\/table>\n<\/td>\n<\/tr>\n<\/tbody>\n<\/table>\n<\/th>\n<th class=\"r5-c\" valign=\"top\" width=\"50%\">\n<table class=\"r6-o\" role=\"presentation\" border=\"0\" width=\"100%\" cellspacing=\"0\" cellpadding=\"0\">\n<tbody>\n<tr>\n<td class=\"r13-i\" valign=\"top\">\n<table role=\"presentation\" border=\"0\" width=\"100%\" cellspacing=\"0\" cellpadding=\"0\">\n<tbody>\n<tr>\n<td class=\"r14-c\" align=\"left\">\n<table class=\"r18-o\" role=\"presentation\" border=\"0\" width=\"100%\" cellspacing=\"0\" cellpadding=\"0\">\n<tbody>\n<tr>\n<td class=\"r19-i nl2go-default-textstyle\" align=\"left\" valign=\"top\">\n<div>\n<p id=\"isPasted\" class=\"default\"><strong><span dir=\"auto\">\ud83d\udccdTh\u00e9\u00e2tre de la \u00a0 \u00a0 \u00a0\u00a0 <\/span><\/strong><strong><span dir=\"auto\">Miroiterie\u00a0<\/span><\/strong><\/p>\n<p class=\"default\"><strong><span dir=\"auto\">\u23f0 \u00a0\u00a0\u00a0<\/span><span dir=\"auto\">D\u00e9but du concert 20h30\u00a0<\/span><span dir=\"auto\">tapante\u00a0<\/span><span dir=\"auto\"> (les artistes doivent repartir ensuite pour Strasbourg)<\/span><\/strong><\/p>\n<p id=\"isPasted\" class=\"default\"><strong><span dir=\"auto\">\ud83d\udcdeR\u00e9servation au 07 49 29 33 37<\/span><\/strong><\/p>\n<p class=\"default\"><strong>\u00a0<\/strong><\/p>\n<\/div>\n<\/td>\n<\/tr>\n<tr class=\"nl2go-responsive-hide\">\n<td height=\"15\">\u00ad<\/td>\n<\/tr>\n<\/tbody>\n<\/table>\n<\/td>\n<\/tr>\n<\/tbody>\n<\/table>\n<\/td>\n<\/tr>\n<\/tbody>\n<\/table>\n<\/th>\n<\/tr>\n<\/tbody>\n<\/table>\n<\/td>\n<\/tr>\n<\/tbody>\n<\/table>\n<table class=\"r3-o\" role=\"presentation\" border=\"0\" width=\"100%\" cellspacing=\"0\" cellpadding=\"0\" align=\"center\">\n<tbody>\n<tr>\n<td class=\"r12-i\">\n<table role=\"presentation\" border=\"0\" width=\"100%\" cellspacing=\"0\" cellpadding=\"0\">\n<tbody>\n<tr>\n<th class=\"r5-c\" valign=\"top\" width=\"100%\">\n<table class=\"r6-o\" role=\"presentation\" border=\"0\" width=\"100%\" cellspacing=\"0\" cellpadding=\"0\">\n<tbody>\n<tr>\n<td class=\"r13-i\" valign=\"top\">\n<table role=\"presentation\" border=\"0\" width=\"100%\" cellspacing=\"0\" cellpadding=\"0\">\n<tbody>\n<tr>\n<td class=\"r11-c nl2go-default-textstyle\" align=\"left\">\n<div>\n<h2 id=\"isPasted\" class=\"default-heading2\"><\/h2>\n<p><strong><span dir=\"auto\">Dimanche 14 D\u00e9cembre de 10h \u00e0\u00a0<\/span><span dir=\"auto\">16h<\/span><\/strong><\/p>\n<p class=\"default\"><span dir=\"auto\">Venez\u00a0 <\/span><span dir=\"auto\">PLIER\u00a0 <\/span><span dir=\"auto\">tout au long de la journ\u00e9e (entre 10h et 16h). \u00a0 \u00a0 \u00a0 \u00a0 \u00a0 \u00a0 \u00a0 \u00a0<\/span><\/p>\n<p class=\"default\"><span dir=\"auto\">De la petite \u00e9toile au bateau, l&rsquo;origami est \u00e0 votre port\u00e9e, comptez sur moi pour accompagner vos premiers pas.<\/span><\/p>\n<p id=\"isPasted\"><span dir=\"auto\">Il parait que lorsque que l&rsquo;on a pli\u00e9 1000 grues, on atteint la sagesse\u2026<\/span><\/p>\n<p><span dir=\"auto\">Anim\u00e9 par Isabelle Thiriet<\/span><\/p>\n<\/div>\n<\/td>\n<\/tr>\n<\/tbody>\n<\/table>\n<\/td>\n<\/tr>\n<\/tbody>\n<\/table>\n<\/th>\n<\/tr>\n<\/tbody>\n<\/table>\n<\/td>\n<\/tr>\n<\/tbody>\n<\/table>\n<table class=\"r3-o\" role=\"presentation\" border=\"0\" width=\"100%\" cellspacing=\"0\" cellpadding=\"0\" align=\"center\">\n<tbody>\n<tr>\n<td class=\"r12-i\">\n<table role=\"presentation\" border=\"0\" width=\"100%\" cellspacing=\"0\" cellpadding=\"0\">\n<tbody>\n<tr>\n<th class=\"r5-c\" valign=\"top\" width=\"50%\">\n<table class=\"r6-o\" role=\"presentation\" border=\"0\" width=\"100%\" cellspacing=\"0\" cellpadding=\"0\">\n<tbody>\n<tr>\n<td class=\"r10-i\" valign=\"top\">\n<table role=\"presentation\" border=\"0\" width=\"100%\" cellspacing=\"0\" cellpadding=\"0\">\n<tbody>\n<tr>\n<td class=\"r20-c\" align=\"center\"><img decoding=\"async\" class=\"\" src=\"https:\/\/2wgu1.img.sp1-brevo.net\/im\/sh\/XuvuGWuGTe0s.png?u=WtVElij8PJZGdKGqfzXq4bkm2yTDX8vR\" width=\"270\" border=\"0\" data-class=\"loading\" \/><\/td>\n<\/tr>\n<\/tbody>\n<\/table>\n<\/td>\n<\/tr>\n<\/tbody>\n<\/table>\n<\/th>\n<th class=\"r5-c\" valign=\"top\" width=\"50%\">\n<table class=\"r6-o\" role=\"presentation\" border=\"0\" width=\"100%\" cellspacing=\"0\" cellpadding=\"0\">\n<tbody>\n<tr>\n<td class=\"r13-i\" valign=\"top\">\n<table role=\"presentation\" border=\"0\" width=\"100%\" cellspacing=\"0\" cellpadding=\"0\">\n<tbody>\n<tr>\n<td class=\"r14-c\" align=\"left\">\n<table class=\"r18-o\" role=\"presentation\" border=\"0\" width=\"100%\" cellspacing=\"0\" cellpadding=\"0\">\n<tbody>\n<tr>\n<td class=\"r19-i nl2go-default-textstyle\" align=\"left\" valign=\"top\">\n<div>\n<p id=\"isPasted\" class=\"default\"><span dir=\"auto\">\ud83d\udccd\u00a0 Th\u00e9\u00e2tre de la Miroiterie\u00a0<\/span><\/p>\n<p class=\"default\"><span dir=\"auto\">\u00a0\ud83c\udf9f\ufe0f \u00a0 <\/span><strong><span dir=\"auto\">Prix libre et conscient<\/span><\/strong><\/p>\n<p class=\"default\"><span dir=\"auto\">Renseignements\u00a0<\/span><\/p>\n<p class=\"default\"><span dir=\"auto\">Lydia ANIKINOW<\/span><\/p>\n<p class=\"default\"><strong id=\"isPasted\"><span dir=\"auto\">\ud83d\udcde06 85 65 77 13<\/span><\/strong><\/p>\n<p class=\"default\"><strong id=\"isPasted\"><span dir=\"auto\">lanikinow@ctps.asso.fr\u00a0<\/span><\/strong><\/p>\n<\/div>\n<\/td>\n<\/tr>\n<\/tbody>\n<\/table>\n<\/td>\n<\/tr>\n<\/tbody>\n<\/table>\n<\/td>\n<\/tr>\n<\/tbody>\n<\/table>\n<\/th>\n<\/tr>\n<\/tbody>\n<\/table>\n<\/td>\n<\/tr>\n<\/tbody>\n<\/table>\n<p>&nbsp;<\/p>\n","protected":false},"excerpt":{"rendered":"<p>En d\u00e9cembre, ne manquez pas nos deux rendez-vous chaleureux Vendredi 12 D\u00e9cembre \u00e0 20h30 Musique du monde \u2013 Ensemble\u00a0 IONNDA [&hellip;]<\/p>\n","protected":false},"author":413,"featured_media":87293,"comment_status":"open","ping_status":"open","sticky":false,"template":"","format":"standard","meta":{"footnotes":""},"categories":[26,594,4,406,35],"tags":[279],"class_list":["post-87292","post","type-post","status-publish","format-standard","has-post-thumbnail","hentry","category-a-la-une","category-agenda","category-culture","category-divertissement","category-remiremont-son-canton","tag-theatre-de-la-miroiterie"],"acf":[],"yoast_head":"<!-- This site is optimized with the Yoast SEO plugin v22.5 - https:\/\/yoast.com\/wordpress\/plugins\/seo\/ -->\n<title>Th\u00e9\u00e2tre de la Miroiterie - Remiremont Info<\/title>\n<meta name=\"robots\" content=\"index, follow, max-snippet:-1, max-image-preview:large, max-video-preview:-1\" \/>\n<link rel=\"canonical\" href=\"https:\/\/vosgesinfo.fr\/remiremontinfo\/?p=87292\" \/>\n<meta name=\"twitter:card\" content=\"summary_large_image\" \/>\n<meta name=\"twitter:title\" content=\"Th\u00e9\u00e2tre de la Miroiterie - Remiremont Info\" \/>\n<meta name=\"twitter:description\" content=\"En d\u00e9cembre, ne manquez pas nos deux rendez-vous chaleureux Vendredi 12 D\u00e9cembre \u00e0 20h30 Musique du monde \u2013 Ensemble\u00a0 IONNDA [&hellip;]\" \/>\n<meta name=\"twitter:image\" content=\"https:\/\/vosgesinfo.fr\/app\/uploads\/sites\/5\/2025\/12\/decembre-2025.jpg\" \/>\n<meta name=\"twitter:creator\" content=\"@VosgesInfo88\" \/>\n<meta name=\"twitter:site\" content=\"@VosgesInfo88\" \/>\n<meta name=\"twitter:label1\" content=\"\u00c9crit par\" \/>\n\t<meta name=\"twitter:data1\" content=\"P.M\" \/>\n\t<meta name=\"twitter:label2\" content=\"Dur\u00e9e de lecture estim\u00e9e\" \/>\n\t<meta name=\"twitter:data2\" content=\"2 minutes\" \/>\n<script type=\"application\/ld+json\" class=\"yoast-schema-graph\">{\"@context\":\"https:\/\/schema.org\",\"@graph\":[{\"@type\":\"Article\",\"@id\":\"https:\/\/vosgesinfo.fr\/remiremontinfo\/?p=87292#article\",\"isPartOf\":{\"@id\":\"https:\/\/vosgesinfo.fr\/remiremontinfo\/?p=87292\"},\"author\":{\"name\":\"P.M\",\"@id\":\"https:\/\/vosgesinfo.fr\/remiremontinfo\/#\/schema\/person\/a6fd2dde36da20be3679f2058b94c5b8\"},\"headline\":\"Th\u00e9\u00e2tre de la Miroiterie\",\"datePublished\":\"2025-12-11T14:20:08+00:00\",\"dateModified\":\"2025-12-11T14:20:08+00:00\",\"mainEntityOfPage\":{\"@id\":\"https:\/\/vosgesinfo.fr\/remiremontinfo\/?p=87292\"},\"wordCount\":183,\"commentCount\":0,\"publisher\":{\"@id\":\"https:\/\/vosgesinfo.fr\/remiremontinfo\/#organization\"},\"image\":{\"@id\":\"https:\/\/vosgesinfo.fr\/remiremontinfo\/?p=87292#primaryimage\"},\"thumbnailUrl\":\"https:\/\/vosgesinfo.fr\/app\/uploads\/sites\/5\/2025\/12\/decembre-2025.jpg\",\"keywords\":[\"th\u00e9\u00e2tre de la Miroiterie\"],\"articleSection\":[\"A la Une\",\"Agenda\",\"Culture\",\"Divertissement\",\"Remiremont &amp; son canton\"],\"inLanguage\":\"fr-FR\",\"potentialAction\":[{\"@type\":\"CommentAction\",\"name\":\"Comment\",\"target\":[\"https:\/\/vosgesinfo.fr\/remiremontinfo\/?p=87292#respond\"]}]},{\"@type\":\"WebPage\",\"@id\":\"https:\/\/vosgesinfo.fr\/remiremontinfo\/?p=87292\",\"url\":\"https:\/\/vosgesinfo.fr\/remiremontinfo\/?p=87292\",\"name\":\"Th\u00e9\u00e2tre de la Miroiterie - Remiremont Info\",\"isPartOf\":{\"@id\":\"https:\/\/vosgesinfo.fr\/remiremontinfo\/#website\"},\"primaryImageOfPage\":{\"@id\":\"https:\/\/vosgesinfo.fr\/remiremontinfo\/?p=87292#primaryimage\"},\"image\":{\"@id\":\"https:\/\/vosgesinfo.fr\/remiremontinfo\/?p=87292#primaryimage\"},\"thumbnailUrl\":\"https:\/\/vosgesinfo.fr\/app\/uploads\/sites\/5\/2025\/12\/decembre-2025.jpg\",\"datePublished\":\"2025-12-11T14:20:08+00:00\",\"dateModified\":\"2025-12-11T14:20:08+00:00\",\"breadcrumb\":{\"@id\":\"https:\/\/vosgesinfo.fr\/remiremontinfo\/?p=87292#breadcrumb\"},\"inLanguage\":\"fr-FR\",\"potentialAction\":[{\"@type\":\"ReadAction\",\"target\":[\"https:\/\/vosgesinfo.fr\/remiremontinfo\/?p=87292\"]}]},{\"@type\":\"ImageObject\",\"inLanguage\":\"fr-FR\",\"@id\":\"https:\/\/vosgesinfo.fr\/remiremontinfo\/?p=87292#primaryimage\",\"url\":\"https:\/\/vosgesinfo.fr\/app\/uploads\/sites\/5\/2025\/12\/decembre-2025.jpg\",\"contentUrl\":\"https:\/\/vosgesinfo.fr\/app\/uploads\/sites\/5\/2025\/12\/decembre-2025.jpg\",\"width\":717,\"height\":329},{\"@type\":\"BreadcrumbList\",\"@id\":\"https:\/\/vosgesinfo.fr\/remiremontinfo\/?p=87292#breadcrumb\",\"itemListElement\":[{\"@type\":\"ListItem\",\"position\":1,\"name\":\"Home\",\"item\":\"https:\/\/vosgesinfo.fr\/remiremontinfo\/\"},{\"@type\":\"ListItem\",\"position\":2,\"name\":\"Th\u00e9\u00e2tre de la Miroiterie\"}]},{\"@type\":\"WebSite\",\"@id\":\"https:\/\/vosgesinfo.fr\/remiremontinfo\/#website\",\"url\":\"https:\/\/vosgesinfo.fr\/remiremontinfo\/\",\"name\":\"Remiremont Info\",\"description\":\"Toute l&#039;actualit\u00e9 de Remiremont\",\"publisher\":{\"@id\":\"https:\/\/vosgesinfo.fr\/remiremontinfo\/#organization\"},\"alternateName\":\"Toute l'actualit\u00e9 de Remiremont\",\"potentialAction\":[{\"@type\":\"SearchAction\",\"target\":{\"@type\":\"EntryPoint\",\"urlTemplate\":\"https:\/\/vosgesinfo.fr\/remiremontinfo\/?s={search_term_string}\"},\"query-input\":\"required name=search_term_string\"}],\"inLanguage\":\"fr-FR\"},{\"@type\":\"Organization\",\"@id\":\"https:\/\/vosgesinfo.fr\/remiremontinfo\/#organization\",\"name\":\"Remiremont Info\",\"url\":\"https:\/\/vosgesinfo.fr\/remiremontinfo\/\",\"logo\":{\"@type\":\"ImageObject\",\"inLanguage\":\"fr-FR\",\"@id\":\"https:\/\/vosgesinfo.fr\/remiremontinfo\/#\/schema\/logo\/image\/\",\"url\":\"https:\/\/vosgesinfo.fr\/app\/uploads\/sites\/5\/2023\/08\/favicon-remiremontinfo.png\",\"contentUrl\":\"https:\/\/vosgesinfo.fr\/app\/uploads\/sites\/5\/2023\/08\/favicon-remiremontinfo.png\",\"width\":512,\"height\":512,\"caption\":\"Remiremont Info\"},\"image\":{\"@id\":\"https:\/\/vosgesinfo.fr\/remiremontinfo\/#\/schema\/logo\/image\/\"},\"sameAs\":[\"https:\/\/www.facebook.com\/remiremontinfo\",\"https:\/\/x.com\/VosgesInfo88\",\"https:\/\/www.youtube.com\/@vosgesinfo\"]},{\"@type\":\"Person\",\"@id\":\"https:\/\/vosgesinfo.fr\/remiremontinfo\/#\/schema\/person\/a6fd2dde36da20be3679f2058b94c5b8\",\"name\":\"P.M\",\"image\":{\"@type\":\"ImageObject\",\"inLanguage\":\"fr-FR\",\"@id\":\"https:\/\/vosgesinfo.fr\/remiremontinfo\/#\/schema\/person\/image\/\",\"url\":\"https:\/\/secure.gravatar.com\/avatar\/db38f6ef38bb165f6f4d352563f264129673ed4536984fbbcddf700bd12f8a9a?s=96&d=mm&r=g\",\"contentUrl\":\"https:\/\/secure.gravatar.com\/avatar\/db38f6ef38bb165f6f4d352563f264129673ed4536984fbbcddf700bd12f8a9a?s=96&d=mm&r=g\",\"caption\":\"P.M\"},\"url\":\"https:\/\/vosgesinfo.fr\/remiremontinfo\/author\/p-mangel88\/\"}]}<\/script>\n<!-- \/ Yoast SEO plugin. -->","yoast_head_json":{"title":"Th\u00e9\u00e2tre de la Miroiterie - Remiremont Info","robots":{"index":"index","follow":"follow","max-snippet":"max-snippet:-1","max-image-preview":"max-image-preview:large","max-video-preview":"max-video-preview:-1"},"canonical":"https:\/\/vosgesinfo.fr\/remiremontinfo\/?p=87292","twitter_card":"summary_large_image","twitter_title":"Th\u00e9\u00e2tre de la Miroiterie - Remiremont Info","twitter_description":"En d\u00e9cembre, ne manquez pas nos deux rendez-vous chaleureux Vendredi 12 D\u00e9cembre \u00e0 20h30 Musique du monde \u2013 Ensemble\u00a0 IONNDA [&hellip;]","twitter_image":"https:\/\/vosgesinfo.fr\/app\/uploads\/sites\/5\/2025\/12\/decembre-2025.jpg","twitter_creator":"@VosgesInfo88","twitter_site":"@VosgesInfo88","twitter_misc":{"\u00c9crit par":"P.M","Dur\u00e9e de lecture estim\u00e9e":"2 minutes"},"schema":{"@context":"https:\/\/schema.org","@graph":[{"@type":"Article","@id":"https:\/\/vosgesinfo.fr\/remiremontinfo\/?p=87292#article","isPartOf":{"@id":"https:\/\/vosgesinfo.fr\/remiremontinfo\/?p=87292"},"author":{"name":"P.M","@id":"https:\/\/vosgesinfo.fr\/remiremontinfo\/#\/schema\/person\/a6fd2dde36da20be3679f2058b94c5b8"},"headline":"Th\u00e9\u00e2tre de la Miroiterie","datePublished":"2025-12-11T14:20:08+00:00","dateModified":"2025-12-11T14:20:08+00:00","mainEntityOfPage":{"@id":"https:\/\/vosgesinfo.fr\/remiremontinfo\/?p=87292"},"wordCount":183,"commentCount":0,"publisher":{"@id":"https:\/\/vosgesinfo.fr\/remiremontinfo\/#organization"},"image":{"@id":"https:\/\/vosgesinfo.fr\/remiremontinfo\/?p=87292#primaryimage"},"thumbnailUrl":"https:\/\/vosgesinfo.fr\/app\/uploads\/sites\/5\/2025\/12\/decembre-2025.jpg","keywords":["th\u00e9\u00e2tre de la Miroiterie"],"articleSection":["A la Une","Agenda","Culture","Divertissement","Remiremont &amp; son canton"],"inLanguage":"fr-FR","potentialAction":[{"@type":"CommentAction","name":"Comment","target":["https:\/\/vosgesinfo.fr\/remiremontinfo\/?p=87292#respond"]}]},{"@type":"WebPage","@id":"https:\/\/vosgesinfo.fr\/remiremontinfo\/?p=87292","url":"https:\/\/vosgesinfo.fr\/remiremontinfo\/?p=87292","name":"Th\u00e9\u00e2tre de la Miroiterie - Remiremont Info","isPartOf":{"@id":"https:\/\/vosgesinfo.fr\/remiremontinfo\/#website"},"primaryImageOfPage":{"@id":"https:\/\/vosgesinfo.fr\/remiremontinfo\/?p=87292#primaryimage"},"image":{"@id":"https:\/\/vosgesinfo.fr\/remiremontinfo\/?p=87292#primaryimage"},"thumbnailUrl":"https:\/\/vosgesinfo.fr\/app\/uploads\/sites\/5\/2025\/12\/decembre-2025.jpg","datePublished":"2025-12-11T14:20:08+00:00","dateModified":"2025-12-11T14:20:08+00:00","breadcrumb":{"@id":"https:\/\/vosgesinfo.fr\/remiremontinfo\/?p=87292#breadcrumb"},"inLanguage":"fr-FR","potentialAction":[{"@type":"ReadAction","target":["https:\/\/vosgesinfo.fr\/remiremontinfo\/?p=87292"]}]},{"@type":"ImageObject","inLanguage":"fr-FR","@id":"https:\/\/vosgesinfo.fr\/remiremontinfo\/?p=87292#primaryimage","url":"https:\/\/vosgesinfo.fr\/app\/uploads\/sites\/5\/2025\/12\/decembre-2025.jpg","contentUrl":"https:\/\/vosgesinfo.fr\/app\/uploads\/sites\/5\/2025\/12\/decembre-2025.jpg","width":717,"height":329},{"@type":"BreadcrumbList","@id":"https:\/\/vosgesinfo.fr\/remiremontinfo\/?p=87292#breadcrumb","itemListElement":[{"@type":"ListItem","position":1,"name":"Home","item":"https:\/\/vosgesinfo.fr\/remiremontinfo\/"},{"@type":"ListItem","position":2,"name":"Th\u00e9\u00e2tre de la Miroiterie"}]},{"@type":"WebSite","@id":"https:\/\/vosgesinfo.fr\/remiremontinfo\/#website","url":"https:\/\/vosgesinfo.fr\/remiremontinfo\/","name":"Remiremont Info","description":"Toute l&#039;actualit\u00e9 de Remiremont","publisher":{"@id":"https:\/\/vosgesinfo.fr\/remiremontinfo\/#organization"},"alternateName":"Toute l'actualit\u00e9 de Remiremont","potentialAction":[{"@type":"SearchAction","target":{"@type":"EntryPoint","urlTemplate":"https:\/\/vosgesinfo.fr\/remiremontinfo\/?s={search_term_string}"},"query-input":"required name=search_term_string"}],"inLanguage":"fr-FR"},{"@type":"Organization","@id":"https:\/\/vosgesinfo.fr\/remiremontinfo\/#organization","name":"Remiremont Info","url":"https:\/\/vosgesinfo.fr\/remiremontinfo\/","logo":{"@type":"ImageObject","inLanguage":"fr-FR","@id":"https:\/\/vosgesinfo.fr\/remiremontinfo\/#\/schema\/logo\/image\/","url":"https:\/\/vosgesinfo.fr\/app\/uploads\/sites\/5\/2023\/08\/favicon-remiremontinfo.png","contentUrl":"https:\/\/vosgesinfo.fr\/app\/uploads\/sites\/5\/2023\/08\/favicon-remiremontinfo.png","width":512,"height":512,"caption":"Remiremont Info"},"image":{"@id":"https:\/\/vosgesinfo.fr\/remiremontinfo\/#\/schema\/logo\/image\/"},"sameAs":["https:\/\/www.facebook.com\/remiremontinfo","https:\/\/x.com\/VosgesInfo88","https:\/\/www.youtube.com\/@vosgesinfo"]},{"@type":"Person","@id":"https:\/\/vosgesinfo.fr\/remiremontinfo\/#\/schema\/person\/a6fd2dde36da20be3679f2058b94c5b8","name":"P.M","image":{"@type":"ImageObject","inLanguage":"fr-FR","@id":"https:\/\/vosgesinfo.fr\/remiremontinfo\/#\/schema\/person\/image\/","url":"https:\/\/secure.gravatar.com\/avatar\/db38f6ef38bb165f6f4d352563f264129673ed4536984fbbcddf700bd12f8a9a?s=96&d=mm&r=g","contentUrl":"https:\/\/secure.gravatar.com\/avatar\/db38f6ef38bb165f6f4d352563f264129673ed4536984fbbcddf700bd12f8a9a?s=96&d=mm&r=g","caption":"P.M"},"url":"https:\/\/vosgesinfo.fr\/remiremontinfo\/author\/p-mangel88\/"}]}},"_links":{"self":[{"href":"https:\/\/vosgesinfo.fr\/remiremontinfo\/wp-json\/wp\/v2\/posts\/87292","targetHints":{"allow":["GET"]}}],"collection":[{"href":"https:\/\/vosgesinfo.fr\/remiremontinfo\/wp-json\/wp\/v2\/posts"}],"about":[{"href":"https:\/\/vosgesinfo.fr\/remiremontinfo\/wp-json\/wp\/v2\/types\/post"}],"author":[{"embeddable":true,"href":"https:\/\/vosgesinfo.fr\/remiremontinfo\/wp-json\/wp\/v2\/users\/413"}],"replies":[{"embeddable":true,"href":"https:\/\/vosgesinfo.fr\/remiremontinfo\/wp-json\/wp\/v2\/comments?post=87292"}],"version-history":[{"count":2,"href":"https:\/\/vosgesinfo.fr\/remiremontinfo\/wp-json\/wp\/v2\/posts\/87292\/revisions"}],"predecessor-version":[{"id":87295,"href":"https:\/\/vosgesinfo.fr\/remiremontinfo\/wp-json\/wp\/v2\/posts\/87292\/revisions\/87295"}],"wp:featuredmedia":[{"embeddable":true,"href":"https:\/\/vosgesinfo.fr\/remiremontinfo\/wp-json\/wp\/v2\/media\/87293"}],"wp:attachment":[{"href":"https:\/\/vosgesinfo.fr\/remiremontinfo\/wp-json\/wp\/v2\/media?parent=87292"}],"wp:term":[{"taxonomy":"category","embeddable":true,"href":"https:\/\/vosgesinfo.fr\/remiremontinfo\/wp-json\/wp\/v2\/categories?post=87292"},{"taxonomy":"post_tag","embeddable":true,"href":"https:\/\/vosgesinfo.fr\/remiremontinfo\/wp-json\/wp\/v2\/tags?post=87292"}],"curies":[{"name":"wp","href":"https:\/\/api.w.org\/{rel}","templated":true}]}}