{"id":87296,"date":"2025-12-12T16:12:27","date_gmt":"2025-12-12T15:12:27","guid":{"rendered":"https:\/\/vosgesinfo.fr\/remiremontinfo\/?p=87296"},"modified":"2025-12-12T16:12:27","modified_gmt":"2025-12-12T15:12:27","slug":"elections-municipales-2026-liste-avancons-pour-saulxures","status":"publish","type":"post","link":"https:\/\/vosgesinfo.fr\/remiremontinfo\/2025\/12\/elections-municipales-2026-liste-avancons-pour-saulxures\/","title":{"rendered":"\u00c9LECTIONS MUNICIPALES 2026 &#8211; LISTE AVAN\u00c7ONS POUR SAULXURES"},"content":{"rendered":"<p>\u00ab\u00a0Les 15 et 22 mars 2026, auront lieu les \u00e9lections municipales dans toute la France et \u00e0 Saulxures-sur-Moselotte, notre commune.<br \/>\nCitoyennes et citoyens de Saulxures comme vous, nous avons fait le constat qu\u2019un changement de cap doit \u00eatre op\u00e9r\u00e9 pour administrer notre village. Par cons\u00e9quent, nous prenons la responsabilit\u00e9 de pr\u00e9senter une liste : AVAN\u00c7ONS POUR SAULXURES, conduite par Patrick PICARDO, natif du village et bien connu des habitants pour son engagement local.<br \/>\n<a href=\"https:\/\/vosgesinfo.fr\/app\/uploads\/sites\/5\/2025\/12\/patrick-picardo-candidat-aux-elections-municipales-de-saulxures-sur-moselotte.jpg\"><img decoding=\"async\" class=\"alignright size-medium wp-image-87298\" src=\"https:\/\/vosgesinfo.fr\/app\/uploads\/sites\/5\/2025\/12\/patrick-picardo-candidat-aux-elections-municipales-de-saulxures-sur-moselotte-200x300.jpg\" alt=\"\" width=\"200\" height=\"300\" srcset=\"https:\/\/vosgesinfo.fr\/app\/uploads\/sites\/5\/2025\/12\/patrick-picardo-candidat-aux-elections-municipales-de-saulxures-sur-moselotte-200x300.jpg 200w, https:\/\/vosgesinfo.fr\/app\/uploads\/sites\/5\/2025\/12\/patrick-picardo-candidat-aux-elections-municipales-de-saulxures-sur-moselotte-683x1024.jpg 683w, https:\/\/vosgesinfo.fr\/app\/uploads\/sites\/5\/2025\/12\/patrick-picardo-candidat-aux-elections-municipales-de-saulxures-sur-moselotte.jpg 720w\" sizes=\"(max-width: 200px) 100vw, 200px\" \/><\/a>Notre liste se veut la plus repr\u00e9sentative possible, elle est compos\u00e9e de personnes aux profils vari\u00e9s et rassembl\u00e9s pour leurs comp\u00e9tences. Une \u00e9quipe pr\u00eate \u00e0 s\u2019engager et \u00e0 se mettre au service de la commune, au b\u00e9n\u00e9fice de toutes et tous.<br \/>\nNous sommes pleinement conscients des d\u00e9fis et des difficult\u00e9s qui se pr\u00e9senteront, en premier lieu les finances. Nous savons toutes et tous que les services publics, le cadre de vie, les \u00e9quipements, le lien social, la vie \u00e9conomique, associative et culturelle sont port\u00e9s par des finances saines.<br \/>\nNous avons donc engag\u00e9 un travail d\u2019analyse des dossiers de la municipalit\u00e9 actuelle pour comprendre pr\u00e9cis\u00e9ment quels sont les enjeux, les contraintes et les priorit\u00e9s \u00e0 venir. L\u2019objectif est simple, avoir une vision claire et pr\u00e9cise de la situation de la commune d\u00e8s la premi\u00e8re heure du mandat.<br \/>\nEn parall\u00e8le, nous avons ouvert le dialogue : rencontre avec les associations, \u00e9changes avec les acteurs \u00e9conomiques (commerces, entreprises, artisans et agriculteurs), discussions avec les habitants et entretiens avec les institutions partenaires (Conseil d\u00e9partemental, Communaut\u00e9 de communes des Hautes Vosges\u2026).<br \/>\nNotre d\u00e9marche repose sur une m\u00e9thode : \u00eatre \u00e0 l\u2019\u00e9coute, analyser les faits, examiner les pistes possibles pour construire un projet coh\u00e9rent, solide et responsable.<br \/>\nNous affirmons notre volont\u00e9 de travailler avec transparence. Une valeur que nous d\u00e9fendrons pour b\u00e2tir un lien de proximit\u00e9 avec la population, construire une relation sinc\u00e8re et restaurer la confiance.<br \/>\nPlusieurs temps d\u2019\u00e9changes sont programm\u00e9s durant les mois de janvier et f\u00e9vrier 2026. Deux ap\u00e9ro-rencontres et deux caf\u00e9-rencontres ainsi qu\u2019une r\u00e9union publique viendront rythmer les prochains mois.<br \/>\nPar cette d\u00e9marche de proximit\u00e9, notre volont\u00e9 est de raviver le go\u00fbt du dialogue et redonner l\u2019envie de participer \u00e0 la vie collective. Contribuons toutes et tous \u00e0 porter un nouveau regard sur notre commune, avec la fiert\u00e9 d\u2019appartenir \u00e0 un territoire vivant et dynamique.<br \/>\nNous sommes pr\u00eats et d\u00e9termin\u00e9s \u00e0 faire avancer Saulxures, ensemble.<br \/>\nRetrouvez nos actualit\u00e9s et l\u2019avanc\u00e9e de nos travaux sur les r\u00e9seaux sociaux<br \/>\n#AvanconsPourSaulxures.<br \/>\nNous poursuivons notre travail sur le terrain, restez attentifs \u00e0 votre bo\u00eete aux lettres et venez \u00e9changer avec nous lorsque l\u2019occasion se pr\u00e9sentera, nous venons \u00e0 votre rencontre\u00a0\u00bb.<\/p>\n","protected":false},"excerpt":{"rendered":"<p>\u00ab\u00a0Les 15 et 22 mars 2026, auront lieu les \u00e9lections municipales dans toute la France et \u00e0 Saulxures-sur-Moselotte, notre commune. [&hellip;]<\/p>\n","protected":false},"author":391,"featured_media":87297,"comment_status":"closed","ping_status":"open","sticky":false,"template":"","format":"standard","meta":{"footnotes":""},"categories":[26,1547,10,43,68],"tags":[8659],"class_list":["post-87296","post","type-post","status-publish","format-standard","has-post-thumbnail","hentry","category-a-la-une","category-gerardmer-2","category-politique","category-remiremont-remiremont-son-canton","category-saulxures-sur-moselotte","tag-patrick-ricardo"],"acf":[],"yoast_head":"<!-- This site is optimized with the Yoast SEO plugin v22.5 - https:\/\/yoast.com\/wordpress\/plugins\/seo\/ -->\n<title>\u00c9LECTIONS MUNICIPALES 2026 - LISTE AVAN\u00c7ONS POUR SAULXURES - Remiremont Info<\/title>\n<meta name=\"robots\" content=\"index, follow, max-snippet:-1, max-image-preview:large, max-video-preview:-1\" \/>\n<link rel=\"canonical\" href=\"https:\/\/vosgesinfo.fr\/remiremontinfo\/?p=87296\" \/>\n<meta name=\"twitter:card\" content=\"summary_large_image\" \/>\n<meta name=\"twitter:title\" content=\"\u00c9LECTIONS MUNICIPALES 2026 - LISTE AVAN\u00c7ONS POUR SAULXURES - Remiremont Info\" \/>\n<meta name=\"twitter:description\" content=\"\u00ab\u00a0Les 15 et 22 mars 2026, auront lieu les \u00e9lections municipales dans toute la France et \u00e0 Saulxures-sur-Moselotte, notre commune. [&hellip;]\" \/>\n<meta name=\"twitter:image\" content=\"https:\/\/vosgesinfo.fr\/app\/uploads\/sites\/5\/2025\/12\/patrick-picardo-candidat-format-paysage-300x169.jpg\" \/>\n<meta name=\"twitter:creator\" content=\"@VosgesInfo88\" \/>\n<meta name=\"twitter:site\" content=\"@VosgesInfo88\" \/>\n<meta name=\"twitter:label1\" content=\"\u00c9crit par\" \/>\n\t<meta name=\"twitter:data1\" content=\"La redaction\" \/>\n\t<meta name=\"twitter:label2\" content=\"Dur\u00e9e de lecture estim\u00e9e\" \/>\n\t<meta name=\"twitter:data2\" content=\"2 minutes\" \/>\n<script type=\"application\/ld+json\" class=\"yoast-schema-graph\">{\"@context\":\"https:\/\/schema.org\",\"@graph\":[{\"@type\":\"Article\",\"@id\":\"https:\/\/vosgesinfo.fr\/remiremontinfo\/?p=87296#article\",\"isPartOf\":{\"@id\":\"https:\/\/vosgesinfo.fr\/remiremontinfo\/?p=87296\"},\"author\":{\"name\":\"La redaction\",\"@id\":\"https:\/\/vosgesinfo.fr\/remiremontinfo\/#\/schema\/person\/27a3695b06db98895b354c0765cdfc31\"},\"headline\":\"\u00c9LECTIONS MUNICIPALES 2026 &#8211; LISTE AVAN\u00c7ONS POUR SAULXURES\",\"datePublished\":\"2025-12-12T15:12:27+00:00\",\"dateModified\":\"2025-12-12T15:12:27+00:00\",\"mainEntityOfPage\":{\"@id\":\"https:\/\/vosgesinfo.fr\/remiremontinfo\/?p=87296\"},\"wordCount\":473,\"publisher\":{\"@id\":\"https:\/\/vosgesinfo.fr\/remiremontinfo\/#organization\"},\"image\":{\"@id\":\"https:\/\/vosgesinfo.fr\/remiremontinfo\/?p=87296#primaryimage\"},\"thumbnailUrl\":\"https:\/\/vosgesinfo.fr\/app\/uploads\/sites\/5\/2025\/12\/patrick-picardo-candidat-format-paysage.jpg\",\"keywords\":[\"Patrick Ricardo\"],\"articleSection\":[\"A la Une\",\"Gerardmer\",\"Politique\",\"Remiremont\",\"Saulxures-Sur-Moselotte\"],\"inLanguage\":\"fr-FR\"},{\"@type\":\"WebPage\",\"@id\":\"https:\/\/vosgesinfo.fr\/remiremontinfo\/?p=87296\",\"url\":\"https:\/\/vosgesinfo.fr\/remiremontinfo\/?p=87296\",\"name\":\"\u00c9LECTIONS MUNICIPALES 2026 - LISTE AVAN\u00c7ONS POUR SAULXURES - Remiremont Info\",\"isPartOf\":{\"@id\":\"https:\/\/vosgesinfo.fr\/remiremontinfo\/#website\"},\"primaryImageOfPage\":{\"@id\":\"https:\/\/vosgesinfo.fr\/remiremontinfo\/?p=87296#primaryimage\"},\"image\":{\"@id\":\"https:\/\/vosgesinfo.fr\/remiremontinfo\/?p=87296#primaryimage\"},\"thumbnailUrl\":\"https:\/\/vosgesinfo.fr\/app\/uploads\/sites\/5\/2025\/12\/patrick-picardo-candidat-format-paysage.jpg\",\"datePublished\":\"2025-12-12T15:12:27+00:00\",\"dateModified\":\"2025-12-12T15:12:27+00:00\",\"breadcrumb\":{\"@id\":\"https:\/\/vosgesinfo.fr\/remiremontinfo\/?p=87296#breadcrumb\"},\"inLanguage\":\"fr-FR\",\"potentialAction\":[{\"@type\":\"ReadAction\",\"target\":[\"https:\/\/vosgesinfo.fr\/remiremontinfo\/?p=87296\"]}]},{\"@type\":\"ImageObject\",\"inLanguage\":\"fr-FR\",\"@id\":\"https:\/\/vosgesinfo.fr\/remiremontinfo\/?p=87296#primaryimage\",\"url\":\"https:\/\/vosgesinfo.fr\/app\/uploads\/sites\/5\/2025\/12\/patrick-picardo-candidat-format-paysage.jpg\",\"contentUrl\":\"https:\/\/vosgesinfo.fr\/app\/uploads\/sites\/5\/2025\/12\/patrick-picardo-candidat-format-paysage.jpg\",\"width\":1912,\"height\":1080},{\"@type\":\"BreadcrumbList\",\"@id\":\"https:\/\/vosgesinfo.fr\/remiremontinfo\/?p=87296#breadcrumb\",\"itemListElement\":[{\"@type\":\"ListItem\",\"position\":1,\"name\":\"Home\",\"item\":\"https:\/\/vosgesinfo.fr\/remiremontinfo\/\"},{\"@type\":\"ListItem\",\"position\":2,\"name\":\"\u00c9LECTIONS MUNICIPALES 2026 &#8211; LISTE AVAN\u00c7ONS POUR SAULXURES\"}]},{\"@type\":\"WebSite\",\"@id\":\"https:\/\/vosgesinfo.fr\/remiremontinfo\/#website\",\"url\":\"https:\/\/vosgesinfo.fr\/remiremontinfo\/\",\"name\":\"Remiremont Info\",\"description\":\"Toute l&#039;actualit\u00e9 de Remiremont\",\"publisher\":{\"@id\":\"https:\/\/vosgesinfo.fr\/remiremontinfo\/#organization\"},\"alternateName\":\"Toute l'actualit\u00e9 de Remiremont\",\"potentialAction\":[{\"@type\":\"SearchAction\",\"target\":{\"@type\":\"EntryPoint\",\"urlTemplate\":\"https:\/\/vosgesinfo.fr\/remiremontinfo\/?s={search_term_string}\"},\"query-input\":\"required name=search_term_string\"}],\"inLanguage\":\"fr-FR\"},{\"@type\":\"Organization\",\"@id\":\"https:\/\/vosgesinfo.fr\/remiremontinfo\/#organization\",\"name\":\"Remiremont Info\",\"url\":\"https:\/\/vosgesinfo.fr\/remiremontinfo\/\",\"logo\":{\"@type\":\"ImageObject\",\"inLanguage\":\"fr-FR\",\"@id\":\"https:\/\/vosgesinfo.fr\/remiremontinfo\/#\/schema\/logo\/image\/\",\"url\":\"https:\/\/vosgesinfo.fr\/app\/uploads\/sites\/5\/2023\/08\/favicon-remiremontinfo.png\",\"contentUrl\":\"https:\/\/vosgesinfo.fr\/app\/uploads\/sites\/5\/2023\/08\/favicon-remiremontinfo.png\",\"width\":512,\"height\":512,\"caption\":\"Remiremont Info\"},\"image\":{\"@id\":\"https:\/\/vosgesinfo.fr\/remiremontinfo\/#\/schema\/logo\/image\/\"},\"sameAs\":[\"https:\/\/www.facebook.com\/remiremontinfo\",\"https:\/\/x.com\/VosgesInfo88\",\"https:\/\/www.youtube.com\/@vosgesinfo\"]},{\"@type\":\"Person\",\"@id\":\"https:\/\/vosgesinfo.fr\/remiremontinfo\/#\/schema\/person\/27a3695b06db98895b354c0765cdfc31\",\"name\":\"La redaction\",\"image\":{\"@type\":\"ImageObject\",\"inLanguage\":\"fr-FR\",\"@id\":\"https:\/\/vosgesinfo.fr\/remiremontinfo\/#\/schema\/person\/image\/\",\"url\":\"https:\/\/secure.gravatar.com\/avatar\/64c76a78e501cedee55736f43f332df901e1896ae9cd8fad269ae2236dd0e8b6?s=96&d=mm&r=g\",\"contentUrl\":\"https:\/\/secure.gravatar.com\/avatar\/64c76a78e501cedee55736f43f332df901e1896ae9cd8fad269ae2236dd0e8b6?s=96&d=mm&r=g\",\"caption\":\"La redaction\"},\"url\":\"https:\/\/vosgesinfo.fr\/remiremontinfo\/author\/la-redaction\/\"}]}<\/script>\n<!-- \/ Yoast SEO plugin. -->","yoast_head_json":{"title":"\u00c9LECTIONS MUNICIPALES 2026 - LISTE AVAN\u00c7ONS POUR SAULXURES - Remiremont Info","robots":{"index":"index","follow":"follow","max-snippet":"max-snippet:-1","max-image-preview":"max-image-preview:large","max-video-preview":"max-video-preview:-1"},"canonical":"https:\/\/vosgesinfo.fr\/remiremontinfo\/?p=87296","twitter_card":"summary_large_image","twitter_title":"\u00c9LECTIONS MUNICIPALES 2026 - LISTE AVAN\u00c7ONS POUR SAULXURES - Remiremont Info","twitter_description":"\u00ab\u00a0Les 15 et 22 mars 2026, auront lieu les \u00e9lections municipales dans toute la France et \u00e0 Saulxures-sur-Moselotte, notre commune. [&hellip;]","twitter_image":"https:\/\/vosgesinfo.fr\/app\/uploads\/sites\/5\/2025\/12\/patrick-picardo-candidat-format-paysage-300x169.jpg","twitter_creator":"@VosgesInfo88","twitter_site":"@VosgesInfo88","twitter_misc":{"\u00c9crit par":"La redaction","Dur\u00e9e de lecture estim\u00e9e":"2 minutes"},"schema":{"@context":"https:\/\/schema.org","@graph":[{"@type":"Article","@id":"https:\/\/vosgesinfo.fr\/remiremontinfo\/?p=87296#article","isPartOf":{"@id":"https:\/\/vosgesinfo.fr\/remiremontinfo\/?p=87296"},"author":{"name":"La redaction","@id":"https:\/\/vosgesinfo.fr\/remiremontinfo\/#\/schema\/person\/27a3695b06db98895b354c0765cdfc31"},"headline":"\u00c9LECTIONS MUNICIPALES 2026 &#8211; LISTE AVAN\u00c7ONS POUR SAULXURES","datePublished":"2025-12-12T15:12:27+00:00","dateModified":"2025-12-12T15:12:27+00:00","mainEntityOfPage":{"@id":"https:\/\/vosgesinfo.fr\/remiremontinfo\/?p=87296"},"wordCount":473,"publisher":{"@id":"https:\/\/vosgesinfo.fr\/remiremontinfo\/#organization"},"image":{"@id":"https:\/\/vosgesinfo.fr\/remiremontinfo\/?p=87296#primaryimage"},"thumbnailUrl":"https:\/\/vosgesinfo.fr\/app\/uploads\/sites\/5\/2025\/12\/patrick-picardo-candidat-format-paysage.jpg","keywords":["Patrick Ricardo"],"articleSection":["A la Une","Gerardmer","Politique","Remiremont","Saulxures-Sur-Moselotte"],"inLanguage":"fr-FR"},{"@type":"WebPage","@id":"https:\/\/vosgesinfo.fr\/remiremontinfo\/?p=87296","url":"https:\/\/vosgesinfo.fr\/remiremontinfo\/?p=87296","name":"\u00c9LECTIONS MUNICIPALES 2026 - LISTE AVAN\u00c7ONS POUR SAULXURES - Remiremont Info","isPartOf":{"@id":"https:\/\/vosgesinfo.fr\/remiremontinfo\/#website"},"primaryImageOfPage":{"@id":"https:\/\/vosgesinfo.fr\/remiremontinfo\/?p=87296#primaryimage"},"image":{"@id":"https:\/\/vosgesinfo.fr\/remiremontinfo\/?p=87296#primaryimage"},"thumbnailUrl":"https:\/\/vosgesinfo.fr\/app\/uploads\/sites\/5\/2025\/12\/patrick-picardo-candidat-format-paysage.jpg","datePublished":"2025-12-12T15:12:27+00:00","dateModified":"2025-12-12T15:12:27+00:00","breadcrumb":{"@id":"https:\/\/vosgesinfo.fr\/remiremontinfo\/?p=87296#breadcrumb"},"inLanguage":"fr-FR","potentialAction":[{"@type":"ReadAction","target":["https:\/\/vosgesinfo.fr\/remiremontinfo\/?p=87296"]}]},{"@type":"ImageObject","inLanguage":"fr-FR","@id":"https:\/\/vosgesinfo.fr\/remiremontinfo\/?p=87296#primaryimage","url":"https:\/\/vosgesinfo.fr\/app\/uploads\/sites\/5\/2025\/12\/patrick-picardo-candidat-format-paysage.jpg","contentUrl":"https:\/\/vosgesinfo.fr\/app\/uploads\/sites\/5\/2025\/12\/patrick-picardo-candidat-format-paysage.jpg","width":1912,"height":1080},{"@type":"BreadcrumbList","@id":"https:\/\/vosgesinfo.fr\/remiremontinfo\/?p=87296#breadcrumb","itemListElement":[{"@type":"ListItem","position":1,"name":"Home","item":"https:\/\/vosgesinfo.fr\/remiremontinfo\/"},{"@type":"ListItem","position":2,"name":"\u00c9LECTIONS MUNICIPALES 2026 &#8211; LISTE AVAN\u00c7ONS POUR SAULXURES"}]},{"@type":"WebSite","@id":"https:\/\/vosgesinfo.fr\/remiremontinfo\/#website","url":"https:\/\/vosgesinfo.fr\/remiremontinfo\/","name":"Remiremont Info","description":"Toute l&#039;actualit\u00e9 de Remiremont","publisher":{"@id":"https:\/\/vosgesinfo.fr\/remiremontinfo\/#organization"},"alternateName":"Toute l'actualit\u00e9 de Remiremont","potentialAction":[{"@type":"SearchAction","target":{"@type":"EntryPoint","urlTemplate":"https:\/\/vosgesinfo.fr\/remiremontinfo\/?s={search_term_string}"},"query-input":"required name=search_term_string"}],"inLanguage":"fr-FR"},{"@type":"Organization","@id":"https:\/\/vosgesinfo.fr\/remiremontinfo\/#organization","name":"Remiremont Info","url":"https:\/\/vosgesinfo.fr\/remiremontinfo\/","logo":{"@type":"ImageObject","inLanguage":"fr-FR","@id":"https:\/\/vosgesinfo.fr\/remiremontinfo\/#\/schema\/logo\/image\/","url":"https:\/\/vosgesinfo.fr\/app\/uploads\/sites\/5\/2023\/08\/favicon-remiremontinfo.png","contentUrl":"https:\/\/vosgesinfo.fr\/app\/uploads\/sites\/5\/2023\/08\/favicon-remiremontinfo.png","width":512,"height":512,"caption":"Remiremont Info"},"image":{"@id":"https:\/\/vosgesinfo.fr\/remiremontinfo\/#\/schema\/logo\/image\/"},"sameAs":["https:\/\/www.facebook.com\/remiremontinfo","https:\/\/x.com\/VosgesInfo88","https:\/\/www.youtube.com\/@vosgesinfo"]},{"@type":"Person","@id":"https:\/\/vosgesinfo.fr\/remiremontinfo\/#\/schema\/person\/27a3695b06db98895b354c0765cdfc31","name":"La redaction","image":{"@type":"ImageObject","inLanguage":"fr-FR","@id":"https:\/\/vosgesinfo.fr\/remiremontinfo\/#\/schema\/person\/image\/","url":"https:\/\/secure.gravatar.com\/avatar\/64c76a78e501cedee55736f43f332df901e1896ae9cd8fad269ae2236dd0e8b6?s=96&d=mm&r=g","contentUrl":"https:\/\/secure.gravatar.com\/avatar\/64c76a78e501cedee55736f43f332df901e1896ae9cd8fad269ae2236dd0e8b6?s=96&d=mm&r=g","caption":"La redaction"},"url":"https:\/\/vosgesinfo.fr\/remiremontinfo\/author\/la-redaction\/"}]}},"_links":{"self":[{"href":"https:\/\/vosgesinfo.fr\/remiremontinfo\/wp-json\/wp\/v2\/posts\/87296","targetHints":{"allow":["GET"]}}],"collection":[{"href":"https:\/\/vosgesinfo.fr\/remiremontinfo\/wp-json\/wp\/v2\/posts"}],"about":[{"href":"https:\/\/vosgesinfo.fr\/remiremontinfo\/wp-json\/wp\/v2\/types\/post"}],"author":[{"embeddable":true,"href":"https:\/\/vosgesinfo.fr\/remiremontinfo\/wp-json\/wp\/v2\/users\/391"}],"replies":[{"embeddable":true,"href":"https:\/\/vosgesinfo.fr\/remiremontinfo\/wp-json\/wp\/v2\/comments?post=87296"}],"version-history":[{"count":1,"href":"https:\/\/vosgesinfo.fr\/remiremontinfo\/wp-json\/wp\/v2\/posts\/87296\/revisions"}],"predecessor-version":[{"id":87299,"href":"https:\/\/vosgesinfo.fr\/remiremontinfo\/wp-json\/wp\/v2\/posts\/87296\/revisions\/87299"}],"wp:featuredmedia":[{"embeddable":true,"href":"https:\/\/vosgesinfo.fr\/remiremontinfo\/wp-json\/wp\/v2\/media\/87297"}],"wp:attachment":[{"href":"https:\/\/vosgesinfo.fr\/remiremontinfo\/wp-json\/wp\/v2\/media?parent=87296"}],"wp:term":[{"taxonomy":"category","embeddable":true,"href":"https:\/\/vosgesinfo.fr\/remiremontinfo\/wp-json\/wp\/v2\/categories?post=87296"},{"taxonomy":"post_tag","embeddable":true,"href":"https:\/\/vosgesinfo.fr\/remiremontinfo\/wp-json\/wp\/v2\/tags?post=87296"}],"curies":[{"name":"wp","href":"https:\/\/api.w.org\/{rel}","templated":true}]}}