{"id":87331,"date":"2025-12-15T13:11:24","date_gmt":"2025-12-15T12:11:24","guid":{"rendered":"https:\/\/vosgesinfo.fr\/remiremontinfo\/2025\/12\/vosges-le-dernier-grand-tetras-suivi-par-gps-est-mort-symbole-dun-echec-annonce-de-la-reintroduction\/"},"modified":"2025-12-15T13:11:24","modified_gmt":"2025-12-15T12:11:24","slug":"vosges-le-dernier-grand-tetras-suivi-par-gps-est-mort-symbole-dun-echec-annonce-de-la-reintroduction","status":"publish","type":"post","link":"https:\/\/vosgesinfo.fr\/remiremontinfo\/2025\/12\/vosges-le-dernier-grand-tetras-suivi-par-gps-est-mort-symbole-dun-echec-annonce-de-la-reintroduction\/","title":{"rendered":"Vosges : le dernier Grand T\u00e9tras suivi par GPS est mort, symbole d\u2019un \u00e9chec annonc\u00e9 de la r\u00e9introduction"},"content":{"rendered":"<h2 data-start=\"291\" data-end=\"704\"><strong><a href=\"https:\/\/vosgesinfo.fr\/app\/uploads\/sites\/3\/2025\/05\/grand-tetras.jpg\"><img decoding=\"async\" class=\"aligncenter size-full wp-image-131729\" src=\"https:\/\/vosgesinfo.fr\/app\/uploads\/sites\/3\/2025\/05\/grand-tetras.jpg\" alt=\"\" width=\"540\" height=\"358\" \/><\/a>Le dernier Grand T\u00e9tras r\u00e9introduit dans le massif des Vosges et encore \u00e9quip\u00e9 d\u2019une balise de suivi \u00e9lectronique est mort au d\u00e9but du mois. L\u2019information a \u00e9t\u00e9 confirm\u00e9e par le Parc naturel r\u00e9gional des Ballons des Vosges (PNRBV), qui \u00e9voque une mort \u00ab par pr\u00e9dation \u00bb. Cette disparition marque un tournant symbolique : d\u00e9sormais, plus aucun oiseau issu du programme de r\u00e9introduction n\u2019est suivi par t\u00e9l\u00e9m\u00e9trie.<\/strong><\/h2>\n<p data-start=\"706\" data-end=\"1135\">L\u2019oiseau, un coq originaire de Norv\u00e8ge, faisait partie des individus rel\u00e2ch\u00e9s en avril 2025 sur le massif du Grand Ventron, dans le cadre du programme port\u00e9 par le PNRBV. Il s\u2019agissait du dernier Grand T\u00e9tras issu de ce plan encore vivant et \u00e9quip\u00e9 d\u2019un dispositif de suivi combinant GPS et acc\u00e9l\u00e9rom\u00e8tre. Selon le collectif d\u2019opposants SOS Massif des Vosges, il \u00e9tait \u00e9galement le dernier individu encore suivi \u00e9lectroniquement.<\/p>\n<p data-start=\"1137\" data-end=\"1505\">Dans un communiqu\u00e9 publi\u00e9 sur son site internet, le parc reconna\u00eet que \u00ab cette nouvelle mortalit\u00e9 confirme le fort impact de la pr\u00e9dation sur la mortalit\u00e9 des oiseaux \u00bb. Lors des recherches men\u00e9es apr\u00e8s la perte du signal, un autre coq a toutefois \u00e9t\u00e9 aper\u00e7u vivant. Rel\u00e2ch\u00e9 en avril 2024, celui-ci n\u2019est plus suivi par t\u00e9l\u00e9m\u00e9trie, sa balise GPS ayant cess\u00e9 d\u2019\u00e9mettre.<\/p>\n<h3 data-start=\"1507\" data-end=\"1552\">Une population r\u00e9siduelle tr\u00e8s incertaine<\/h3>\n<p data-start=\"1554\" data-end=\"1821\">D\u2019apr\u00e8s les estimations actuelles du PNRBV, la population de Grand T\u00e9tras dans le massif des Vosges serait d\u00e9sormais comprise entre cinq et six individus : \u00ab un \u00e0 deux coqs et une poule issus des r\u00e9introductions, ainsi que trois poules autochtones encore pr\u00e9sentes \u00bb.<\/p>\n<p data-start=\"1823\" data-end=\"2374\">Des chiffres vivement contest\u00e9s par les membres du collectif SOS Massif des Vosges.<\/p>\n<p data-start=\"2416\" data-end=\"2826\">Pour les associations oppos\u00e9es au programme, cette derni\u00e8re mortalit\u00e9 s\u2019inscrit dans une s\u00e9rie d\u2019\u00e9checs qu\u2019elles jugent largement sous-estim\u00e9s, voire pass\u00e9s sous silence, par la communication institutionnelle.<\/p>\n<p data-start=\"2828\" data-end=\"3202\">Avec la mort de ce dernier individu \u00e9quip\u00e9, tous les oiseaux suivis \u00e9lectroniquement dans le cadre du programme de r\u00e9introduction sont d\u00e9sormais d\u00e9c\u00e9d\u00e9s. Une situation qui relance le d\u00e9bat sur la pertinence de poursuivre des l\u00e2chers dans un massif o\u00f9 le Grand T\u00e9tras, esp\u00e8ce embl\u00e9matique des for\u00eats de montagne, semble ne plus trouver les conditions n\u00e9cessaires \u00e0 sa survie.<\/p>\n","protected":false},"excerpt":{"rendered":"<p>Le dernier Grand T\u00e9tras r\u00e9introduit dans le massif des Vosges et encore \u00e9quip\u00e9 d\u2019une balise de suivi \u00e9lectronique est mort [&hellip;]<\/p>\n","protected":false},"author":52,"featured_media":87332,"comment_status":"open","ping_status":"open","sticky":false,"template":"","format":"standard","meta":{"footnotes":""},"categories":[26,108,62,845,43,362,18],"tags":[],"class_list":["post-87331","post","type-post","status-publish","format-standard","has-post-thumbnail","hentry","category-a-la-une","category-epinal","category-gerardmer","category-la-plaine-des-vosges","category-remiremont-remiremont-son-canton","category-saint-die","category-vosges"],"acf":[],"yoast_head":"<!-- This site is optimized with the Yoast SEO plugin v22.5 - https:\/\/yoast.com\/wordpress\/plugins\/seo\/ -->\n<title>Vosges : le dernier Grand T\u00e9tras suivi par GPS est mort, symbole d\u2019un \u00e9chec annonc\u00e9 de la r\u00e9introduction - Remiremont Info<\/title>\n<meta name=\"robots\" content=\"index, follow, max-snippet:-1, max-image-preview:large, max-video-preview:-1\" \/>\n<link rel=\"canonical\" href=\"https:\/\/vosgesinfo.fr\/remiremontinfo\/2025\/12\/vosges-le-dernier-grand-tetras-suivi-par-gps-est-mort-symbole-dun-echec-annonce-de-la-reintroduction\/\" \/>\n<meta name=\"twitter:card\" content=\"summary_large_image\" \/>\n<meta name=\"twitter:title\" content=\"Vosges : le dernier Grand T\u00e9tras suivi par GPS est mort, symbole d\u2019un \u00e9chec annonc\u00e9 de la r\u00e9introduction - Remiremont Info\" \/>\n<meta name=\"twitter:description\" content=\"Le dernier Grand T\u00e9tras r\u00e9introduit dans le massif des Vosges et encore \u00e9quip\u00e9 d\u2019une balise de suivi \u00e9lectronique est mort [&hellip;]\" \/>\n<meta name=\"twitter:image\" content=\"https:\/\/vosgesinfo.fr\/app\/uploads\/sites\/5\/2025\/12\/grand-tetras.jpg\" \/>\n<meta name=\"twitter:creator\" content=\"@VosgesInfo88\" \/>\n<meta name=\"twitter:site\" content=\"@VosgesInfo88\" \/>\n<meta name=\"twitter:label1\" content=\"\u00c9crit par\" \/>\n\t<meta name=\"twitter:data1\" content=\"C.K.\" \/>\n\t<meta name=\"twitter:label2\" content=\"Dur\u00e9e de lecture estim\u00e9e\" \/>\n\t<meta name=\"twitter:data2\" content=\"2 minutes\" \/>\n<script type=\"application\/ld+json\" class=\"yoast-schema-graph\">{\"@context\":\"https:\/\/schema.org\",\"@graph\":[{\"@type\":\"Article\",\"@id\":\"https:\/\/vosgesinfo.fr\/remiremontinfo\/2025\/12\/vosges-le-dernier-grand-tetras-suivi-par-gps-est-mort-symbole-dun-echec-annonce-de-la-reintroduction\/#article\",\"isPartOf\":{\"@id\":\"https:\/\/vosgesinfo.fr\/remiremontinfo\/2025\/12\/vosges-le-dernier-grand-tetras-suivi-par-gps-est-mort-symbole-dun-echec-annonce-de-la-reintroduction\/\"},\"author\":{\"name\":\"C.K.\",\"@id\":\"https:\/\/vosgesinfo.fr\/remiremontinfo\/#\/schema\/person\/6f9a650eeea99d969b6c4ab78fccbe81\"},\"headline\":\"Vosges : le dernier Grand T\u00e9tras suivi par GPS est mort, symbole d\u2019un \u00e9chec annonc\u00e9 de la r\u00e9introduction\",\"datePublished\":\"2025-12-15T12:11:24+00:00\",\"dateModified\":\"2025-12-15T12:11:24+00:00\",\"mainEntityOfPage\":{\"@id\":\"https:\/\/vosgesinfo.fr\/remiremontinfo\/2025\/12\/vosges-le-dernier-grand-tetras-suivi-par-gps-est-mort-symbole-dun-echec-annonce-de-la-reintroduction\/\"},\"wordCount\":416,\"commentCount\":2,\"publisher\":{\"@id\":\"https:\/\/vosgesinfo.fr\/remiremontinfo\/#organization\"},\"image\":{\"@id\":\"https:\/\/vosgesinfo.fr\/remiremontinfo\/2025\/12\/vosges-le-dernier-grand-tetras-suivi-par-gps-est-mort-symbole-dun-echec-annonce-de-la-reintroduction\/#primaryimage\"},\"thumbnailUrl\":\"https:\/\/vosgesinfo.fr\/app\/uploads\/sites\/5\/2025\/12\/grand-tetras.jpg\",\"articleSection\":[\"A la Une\",\"Epinal\",\"G\u00e9rardmer\",\"La plaine des vosges\",\"Remiremont\",\"Saint-di\u00e9\",\"Vosges\"],\"inLanguage\":\"fr-FR\",\"potentialAction\":[{\"@type\":\"CommentAction\",\"name\":\"Comment\",\"target\":[\"https:\/\/vosgesinfo.fr\/remiremontinfo\/2025\/12\/vosges-le-dernier-grand-tetras-suivi-par-gps-est-mort-symbole-dun-echec-annonce-de-la-reintroduction\/#respond\"]}]},{\"@type\":\"WebPage\",\"@id\":\"https:\/\/vosgesinfo.fr\/remiremontinfo\/2025\/12\/vosges-le-dernier-grand-tetras-suivi-par-gps-est-mort-symbole-dun-echec-annonce-de-la-reintroduction\/\",\"url\":\"https:\/\/vosgesinfo.fr\/remiremontinfo\/2025\/12\/vosges-le-dernier-grand-tetras-suivi-par-gps-est-mort-symbole-dun-echec-annonce-de-la-reintroduction\/\",\"name\":\"Vosges : le dernier Grand T\u00e9tras suivi par GPS est mort, symbole d\u2019un \u00e9chec annonc\u00e9 de la r\u00e9introduction - Remiremont Info\",\"isPartOf\":{\"@id\":\"https:\/\/vosgesinfo.fr\/remiremontinfo\/#website\"},\"primaryImageOfPage\":{\"@id\":\"https:\/\/vosgesinfo.fr\/remiremontinfo\/2025\/12\/vosges-le-dernier-grand-tetras-suivi-par-gps-est-mort-symbole-dun-echec-annonce-de-la-reintroduction\/#primaryimage\"},\"image\":{\"@id\":\"https:\/\/vosgesinfo.fr\/remiremontinfo\/2025\/12\/vosges-le-dernier-grand-tetras-suivi-par-gps-est-mort-symbole-dun-echec-annonce-de-la-reintroduction\/#primaryimage\"},\"thumbnailUrl\":\"https:\/\/vosgesinfo.fr\/app\/uploads\/sites\/5\/2025\/12\/grand-tetras.jpg\",\"datePublished\":\"2025-12-15T12:11:24+00:00\",\"dateModified\":\"2025-12-15T12:11:24+00:00\",\"breadcrumb\":{\"@id\":\"https:\/\/vosgesinfo.fr\/remiremontinfo\/2025\/12\/vosges-le-dernier-grand-tetras-suivi-par-gps-est-mort-symbole-dun-echec-annonce-de-la-reintroduction\/#breadcrumb\"},\"inLanguage\":\"fr-FR\",\"potentialAction\":[{\"@type\":\"ReadAction\",\"target\":[\"https:\/\/vosgesinfo.fr\/remiremontinfo\/2025\/12\/vosges-le-dernier-grand-tetras-suivi-par-gps-est-mort-symbole-dun-echec-annonce-de-la-reintroduction\/\"]}]},{\"@type\":\"ImageObject\",\"inLanguage\":\"fr-FR\",\"@id\":\"https:\/\/vosgesinfo.fr\/remiremontinfo\/2025\/12\/vosges-le-dernier-grand-tetras-suivi-par-gps-est-mort-symbole-dun-echec-annonce-de-la-reintroduction\/#primaryimage\",\"url\":\"https:\/\/vosgesinfo.fr\/app\/uploads\/sites\/5\/2025\/12\/grand-tetras.jpg\",\"contentUrl\":\"https:\/\/vosgesinfo.fr\/app\/uploads\/sites\/5\/2025\/12\/grand-tetras.jpg\",\"width\":540,\"height\":358},{\"@type\":\"BreadcrumbList\",\"@id\":\"https:\/\/vosgesinfo.fr\/remiremontinfo\/2025\/12\/vosges-le-dernier-grand-tetras-suivi-par-gps-est-mort-symbole-dun-echec-annonce-de-la-reintroduction\/#breadcrumb\",\"itemListElement\":[{\"@type\":\"ListItem\",\"position\":1,\"name\":\"Home\",\"item\":\"https:\/\/vosgesinfo.fr\/remiremontinfo\/\"},{\"@type\":\"ListItem\",\"position\":2,\"name\":\"Vosges : le dernier Grand T\u00e9tras suivi par GPS est mort, symbole d\u2019un \u00e9chec annonc\u00e9 de la r\u00e9introduction\"}]},{\"@type\":\"WebSite\",\"@id\":\"https:\/\/vosgesinfo.fr\/remiremontinfo\/#website\",\"url\":\"https:\/\/vosgesinfo.fr\/remiremontinfo\/\",\"name\":\"Remiremont Info\",\"description\":\"Toute l&#039;actualit\u00e9 de Remiremont\",\"publisher\":{\"@id\":\"https:\/\/vosgesinfo.fr\/remiremontinfo\/#organization\"},\"alternateName\":\"Toute l'actualit\u00e9 de Remiremont\",\"potentialAction\":[{\"@type\":\"SearchAction\",\"target\":{\"@type\":\"EntryPoint\",\"urlTemplate\":\"https:\/\/vosgesinfo.fr\/remiremontinfo\/?s={search_term_string}\"},\"query-input\":\"required name=search_term_string\"}],\"inLanguage\":\"fr-FR\"},{\"@type\":\"Organization\",\"@id\":\"https:\/\/vosgesinfo.fr\/remiremontinfo\/#organization\",\"name\":\"Remiremont Info\",\"url\":\"https:\/\/vosgesinfo.fr\/remiremontinfo\/\",\"logo\":{\"@type\":\"ImageObject\",\"inLanguage\":\"fr-FR\",\"@id\":\"https:\/\/vosgesinfo.fr\/remiremontinfo\/#\/schema\/logo\/image\/\",\"url\":\"https:\/\/vosgesinfo.fr\/app\/uploads\/sites\/5\/2023\/08\/favicon-remiremontinfo.png\",\"contentUrl\":\"https:\/\/vosgesinfo.fr\/app\/uploads\/sites\/5\/2023\/08\/favicon-remiremontinfo.png\",\"width\":512,\"height\":512,\"caption\":\"Remiremont Info\"},\"image\":{\"@id\":\"https:\/\/vosgesinfo.fr\/remiremontinfo\/#\/schema\/logo\/image\/\"},\"sameAs\":[\"https:\/\/www.facebook.com\/remiremontinfo\",\"https:\/\/x.com\/VosgesInfo88\",\"https:\/\/www.youtube.com\/@vosgesinfo\"]},{\"@type\":\"Person\",\"@id\":\"https:\/\/vosgesinfo.fr\/remiremontinfo\/#\/schema\/person\/6f9a650eeea99d969b6c4ab78fccbe81\",\"name\":\"C.K.\",\"image\":{\"@type\":\"ImageObject\",\"inLanguage\":\"fr-FR\",\"@id\":\"https:\/\/vosgesinfo.fr\/remiremontinfo\/#\/schema\/person\/image\/\",\"url\":\"https:\/\/secure.gravatar.com\/avatar\/48e3fc7f8421ba8942be6b74a2b7f014ca39bc00dece156b7a8e098ae7dc87bf?s=96&d=mm&r=g\",\"contentUrl\":\"https:\/\/secure.gravatar.com\/avatar\/48e3fc7f8421ba8942be6b74a2b7f014ca39bc00dece156b7a8e098ae7dc87bf?s=96&d=mm&r=g\",\"caption\":\"C.K.\"},\"url\":\"https:\/\/vosgesinfo.fr\/remiremontinfo\/author\/celia-k-n\/\"}]}<\/script>\n<!-- \/ Yoast SEO plugin. -->","yoast_head_json":{"title":"Vosges : le dernier Grand T\u00e9tras suivi par GPS est mort, symbole d\u2019un \u00e9chec annonc\u00e9 de la r\u00e9introduction - Remiremont Info","robots":{"index":"index","follow":"follow","max-snippet":"max-snippet:-1","max-image-preview":"max-image-preview:large","max-video-preview":"max-video-preview:-1"},"canonical":"https:\/\/vosgesinfo.fr\/remiremontinfo\/2025\/12\/vosges-le-dernier-grand-tetras-suivi-par-gps-est-mort-symbole-dun-echec-annonce-de-la-reintroduction\/","twitter_card":"summary_large_image","twitter_title":"Vosges : le dernier Grand T\u00e9tras suivi par GPS est mort, symbole d\u2019un \u00e9chec annonc\u00e9 de la r\u00e9introduction - Remiremont Info","twitter_description":"Le dernier Grand T\u00e9tras r\u00e9introduit dans le massif des Vosges et encore \u00e9quip\u00e9 d\u2019une balise de suivi \u00e9lectronique est mort [&hellip;]","twitter_image":"https:\/\/vosgesinfo.fr\/app\/uploads\/sites\/5\/2025\/12\/grand-tetras.jpg","twitter_creator":"@VosgesInfo88","twitter_site":"@VosgesInfo88","twitter_misc":{"\u00c9crit par":"C.K.","Dur\u00e9e de lecture estim\u00e9e":"2 minutes"},"schema":{"@context":"https:\/\/schema.org","@graph":[{"@type":"Article","@id":"https:\/\/vosgesinfo.fr\/remiremontinfo\/2025\/12\/vosges-le-dernier-grand-tetras-suivi-par-gps-est-mort-symbole-dun-echec-annonce-de-la-reintroduction\/#article","isPartOf":{"@id":"https:\/\/vosgesinfo.fr\/remiremontinfo\/2025\/12\/vosges-le-dernier-grand-tetras-suivi-par-gps-est-mort-symbole-dun-echec-annonce-de-la-reintroduction\/"},"author":{"name":"C.K.","@id":"https:\/\/vosgesinfo.fr\/remiremontinfo\/#\/schema\/person\/6f9a650eeea99d969b6c4ab78fccbe81"},"headline":"Vosges : le dernier Grand T\u00e9tras suivi par GPS est mort, symbole d\u2019un \u00e9chec annonc\u00e9 de la r\u00e9introduction","datePublished":"2025-12-15T12:11:24+00:00","dateModified":"2025-12-15T12:11:24+00:00","mainEntityOfPage":{"@id":"https:\/\/vosgesinfo.fr\/remiremontinfo\/2025\/12\/vosges-le-dernier-grand-tetras-suivi-par-gps-est-mort-symbole-dun-echec-annonce-de-la-reintroduction\/"},"wordCount":416,"commentCount":2,"publisher":{"@id":"https:\/\/vosgesinfo.fr\/remiremontinfo\/#organization"},"image":{"@id":"https:\/\/vosgesinfo.fr\/remiremontinfo\/2025\/12\/vosges-le-dernier-grand-tetras-suivi-par-gps-est-mort-symbole-dun-echec-annonce-de-la-reintroduction\/#primaryimage"},"thumbnailUrl":"https:\/\/vosgesinfo.fr\/app\/uploads\/sites\/5\/2025\/12\/grand-tetras.jpg","articleSection":["A la Une","Epinal","G\u00e9rardmer","La plaine des vosges","Remiremont","Saint-di\u00e9","Vosges"],"inLanguage":"fr-FR","potentialAction":[{"@type":"CommentAction","name":"Comment","target":["https:\/\/vosgesinfo.fr\/remiremontinfo\/2025\/12\/vosges-le-dernier-grand-tetras-suivi-par-gps-est-mort-symbole-dun-echec-annonce-de-la-reintroduction\/#respond"]}]},{"@type":"WebPage","@id":"https:\/\/vosgesinfo.fr\/remiremontinfo\/2025\/12\/vosges-le-dernier-grand-tetras-suivi-par-gps-est-mort-symbole-dun-echec-annonce-de-la-reintroduction\/","url":"https:\/\/vosgesinfo.fr\/remiremontinfo\/2025\/12\/vosges-le-dernier-grand-tetras-suivi-par-gps-est-mort-symbole-dun-echec-annonce-de-la-reintroduction\/","name":"Vosges : le dernier Grand T\u00e9tras suivi par GPS est mort, symbole d\u2019un \u00e9chec annonc\u00e9 de la r\u00e9introduction - Remiremont Info","isPartOf":{"@id":"https:\/\/vosgesinfo.fr\/remiremontinfo\/#website"},"primaryImageOfPage":{"@id":"https:\/\/vosgesinfo.fr\/remiremontinfo\/2025\/12\/vosges-le-dernier-grand-tetras-suivi-par-gps-est-mort-symbole-dun-echec-annonce-de-la-reintroduction\/#primaryimage"},"image":{"@id":"https:\/\/vosgesinfo.fr\/remiremontinfo\/2025\/12\/vosges-le-dernier-grand-tetras-suivi-par-gps-est-mort-symbole-dun-echec-annonce-de-la-reintroduction\/#primaryimage"},"thumbnailUrl":"https:\/\/vosgesinfo.fr\/app\/uploads\/sites\/5\/2025\/12\/grand-tetras.jpg","datePublished":"2025-12-15T12:11:24+00:00","dateModified":"2025-12-15T12:11:24+00:00","breadcrumb":{"@id":"https:\/\/vosgesinfo.fr\/remiremontinfo\/2025\/12\/vosges-le-dernier-grand-tetras-suivi-par-gps-est-mort-symbole-dun-echec-annonce-de-la-reintroduction\/#breadcrumb"},"inLanguage":"fr-FR","potentialAction":[{"@type":"ReadAction","target":["https:\/\/vosgesinfo.fr\/remiremontinfo\/2025\/12\/vosges-le-dernier-grand-tetras-suivi-par-gps-est-mort-symbole-dun-echec-annonce-de-la-reintroduction\/"]}]},{"@type":"ImageObject","inLanguage":"fr-FR","@id":"https:\/\/vosgesinfo.fr\/remiremontinfo\/2025\/12\/vosges-le-dernier-grand-tetras-suivi-par-gps-est-mort-symbole-dun-echec-annonce-de-la-reintroduction\/#primaryimage","url":"https:\/\/vosgesinfo.fr\/app\/uploads\/sites\/5\/2025\/12\/grand-tetras.jpg","contentUrl":"https:\/\/vosgesinfo.fr\/app\/uploads\/sites\/5\/2025\/12\/grand-tetras.jpg","width":540,"height":358},{"@type":"BreadcrumbList","@id":"https:\/\/vosgesinfo.fr\/remiremontinfo\/2025\/12\/vosges-le-dernier-grand-tetras-suivi-par-gps-est-mort-symbole-dun-echec-annonce-de-la-reintroduction\/#breadcrumb","itemListElement":[{"@type":"ListItem","position":1,"name":"Home","item":"https:\/\/vosgesinfo.fr\/remiremontinfo\/"},{"@type":"ListItem","position":2,"name":"Vosges : le dernier Grand T\u00e9tras suivi par GPS est mort, symbole d\u2019un \u00e9chec annonc\u00e9 de la r\u00e9introduction"}]},{"@type":"WebSite","@id":"https:\/\/vosgesinfo.fr\/remiremontinfo\/#website","url":"https:\/\/vosgesinfo.fr\/remiremontinfo\/","name":"Remiremont Info","description":"Toute l&#039;actualit\u00e9 de Remiremont","publisher":{"@id":"https:\/\/vosgesinfo.fr\/remiremontinfo\/#organization"},"alternateName":"Toute l'actualit\u00e9 de Remiremont","potentialAction":[{"@type":"SearchAction","target":{"@type":"EntryPoint","urlTemplate":"https:\/\/vosgesinfo.fr\/remiremontinfo\/?s={search_term_string}"},"query-input":"required name=search_term_string"}],"inLanguage":"fr-FR"},{"@type":"Organization","@id":"https:\/\/vosgesinfo.fr\/remiremontinfo\/#organization","name":"Remiremont Info","url":"https:\/\/vosgesinfo.fr\/remiremontinfo\/","logo":{"@type":"ImageObject","inLanguage":"fr-FR","@id":"https:\/\/vosgesinfo.fr\/remiremontinfo\/#\/schema\/logo\/image\/","url":"https:\/\/vosgesinfo.fr\/app\/uploads\/sites\/5\/2023\/08\/favicon-remiremontinfo.png","contentUrl":"https:\/\/vosgesinfo.fr\/app\/uploads\/sites\/5\/2023\/08\/favicon-remiremontinfo.png","width":512,"height":512,"caption":"Remiremont Info"},"image":{"@id":"https:\/\/vosgesinfo.fr\/remiremontinfo\/#\/schema\/logo\/image\/"},"sameAs":["https:\/\/www.facebook.com\/remiremontinfo","https:\/\/x.com\/VosgesInfo88","https:\/\/www.youtube.com\/@vosgesinfo"]},{"@type":"Person","@id":"https:\/\/vosgesinfo.fr\/remiremontinfo\/#\/schema\/person\/6f9a650eeea99d969b6c4ab78fccbe81","name":"C.K.","image":{"@type":"ImageObject","inLanguage":"fr-FR","@id":"https:\/\/vosgesinfo.fr\/remiremontinfo\/#\/schema\/person\/image\/","url":"https:\/\/secure.gravatar.com\/avatar\/48e3fc7f8421ba8942be6b74a2b7f014ca39bc00dece156b7a8e098ae7dc87bf?s=96&d=mm&r=g","contentUrl":"https:\/\/secure.gravatar.com\/avatar\/48e3fc7f8421ba8942be6b74a2b7f014ca39bc00dece156b7a8e098ae7dc87bf?s=96&d=mm&r=g","caption":"C.K."},"url":"https:\/\/vosgesinfo.fr\/remiremontinfo\/author\/celia-k-n\/"}]}},"_links":{"self":[{"href":"https:\/\/vosgesinfo.fr\/remiremontinfo\/wp-json\/wp\/v2\/posts\/87331","targetHints":{"allow":["GET"]}}],"collection":[{"href":"https:\/\/vosgesinfo.fr\/remiremontinfo\/wp-json\/wp\/v2\/posts"}],"about":[{"href":"https:\/\/vosgesinfo.fr\/remiremontinfo\/wp-json\/wp\/v2\/types\/post"}],"author":[{"embeddable":true,"href":"https:\/\/vosgesinfo.fr\/remiremontinfo\/wp-json\/wp\/v2\/users\/52"}],"replies":[{"embeddable":true,"href":"https:\/\/vosgesinfo.fr\/remiremontinfo\/wp-json\/wp\/v2\/comments?post=87331"}],"version-history":[{"count":0,"href":"https:\/\/vosgesinfo.fr\/remiremontinfo\/wp-json\/wp\/v2\/posts\/87331\/revisions"}],"wp:featuredmedia":[{"embeddable":true,"href":"https:\/\/vosgesinfo.fr\/remiremontinfo\/wp-json\/wp\/v2\/media\/87332"}],"wp:attachment":[{"href":"https:\/\/vosgesinfo.fr\/remiremontinfo\/wp-json\/wp\/v2\/media?parent=87331"}],"wp:term":[{"taxonomy":"category","embeddable":true,"href":"https:\/\/vosgesinfo.fr\/remiremontinfo\/wp-json\/wp\/v2\/categories?post=87331"},{"taxonomy":"post_tag","embeddable":true,"href":"https:\/\/vosgesinfo.fr\/remiremontinfo\/wp-json\/wp\/v2\/tags?post=87331"}],"curies":[{"name":"wp","href":"https:\/\/api.w.org\/{rel}","templated":true}]}}