{"id":88148,"date":"2026-01-21T10:15:47","date_gmt":"2026-01-21T09:15:47","guid":{"rendered":"https:\/\/vosgesinfo.fr\/remiremontinfo\/?p=88148"},"modified":"2026-01-21T10:15:10","modified_gmt":"2026-01-21T09:15:10","slug":"elections-municipales-julien-laroyenne-candidat-sur-la-commune-de-le-menil","status":"publish","type":"post","link":"https:\/\/vosgesinfo.fr\/remiremontinfo\/2026\/01\/elections-municipales-julien-laroyenne-candidat-sur-la-commune-de-le-menil\/","title":{"rendered":"ELECTIONS MUNICIPALES &#8211; Julien Laroyenne candidat sur la commune de Le M\u00e9nil"},"content":{"rendered":"<p>\u00ab\u00a0Ch\u00e8res Gu\u00e9donnes, chers Gu\u00e9dons,<br \/>\n\u00c0 l\u2019approche des \u00e9lections municipales, j\u2019ai souhait\u00e9 m\u2019adresser \u00e0 vous directement, avec simplicit\u00e9 et sinc\u00e9rit\u00e9.<br \/>\nJe suis un enfant du village : mes racines sont ici, j\u2019y ai grandi, construit ma famille, et c\u2019est ici que j\u2019ai choisi de m\u2019engager au service de l\u2019int\u00e9r\u00eat g\u00e9n\u00e9ral. Cet attachement profond pour Le M\u00e9nil se traduit aujourd\u2019hui par mon engagement dans le monde associatif, au sein du conseil communautaire et du conseil municipal o\u00f9 j\u2019exerce mon mandat avec s\u00e9rieux, disponibilit\u00e9 et constance.<br \/>\nFort de cette exp\u00e9rience, et avec le soutien de plusieurs \u00e9lus municipaux actuels, j\u2019ai d\u00e9cid\u00e9 de me porter candidat \u00e0 la fonction de maire. Cette d\u00e9cision est le fruit d\u2019un travail collectif, de nombreuses discussions et d\u2019une vision partag\u00e9e de l\u2019avenir de notre village.<br \/>\nPour m\u2019\u00e9pauler, je suis fier de pouvoir compter sur des femmes et des hommes exp\u00e9riment\u00e9s, qui connaissent les dossiers, les r\u00e9alit\u00e9s locales et les attentes des habitants. Certains ont choisi de poursuivre leur engagement \u00e0 mes c\u00f4t\u00e9s ; d\u2019autres nous ont rejoints avec un regard neuf.<br \/>\nEnsemble, ils apportent des comp\u00e9tences compl\u00e9mentaires et une \u00e9nergie pr\u00e9cieuse. Nous formons une \u00e9quipe \u00e9quilibr\u00e9e, rassembl\u00e9e autour de valeurs communes : le sens du service public, la proximit\u00e9, l\u2019\u00e9coute et la responsabilit\u00e9. Cette continuit\u00e9, associ\u00e9e au renouvellement, est un gage de stabilit\u00e9 et d\u2019efficacit\u00e9 pour notre commune.<br \/>\nNotre ambition est claire : faire vivre notre village, pr\u00e9server son identit\u00e9 et pr\u00e9parer son avenir. Nous sommes profond\u00e9ment attach\u00e9s \u00e0 nos jeunes et \u00e0 nos a\u00een\u00e9s, \u00e0 notre cadre de vie et \u00e0 la qualit\u00e9 des relations humaines qui font la richesse de notre commune. Nous voulons un village solidaire, dynamique et attentif aux besoins de chacun, sans jamais perdre de vue ce qui fait son caract\u00e8re.<br \/>\nNous savons \u00e9galement qu\u2019aujourd\u2019hui, un village ne peut plus avancer seul. L\u2019avenir de notre commune se construit aussi \u00e0 l\u2019\u00e9chelle intercommunale. Notre village a besoin de travailler \u00e9troitement avec les communes voisines, dans un esprit de coop\u00e9ration, de dialogue et de respect mutuel. Avec l\u2019appui d\u2019\u00e9lus engag\u00e9s et exp\u00e9riment\u00e9s, nous souhaitons que notre commune y occupe une place pleinement reconnue, active et constructive. Il s\u2019agit de d\u00e9fendre nos int\u00e9r\u00eats<br \/>\navec clart\u00e9 et fermet\u00e9 lorsque c\u2019est n\u00e9cessaire, tout en participant activement \u00e0 des projets communs b\u00e9n\u00e9fiques \u00e0 l\u2019ensemble du territoire.<br \/>\nParce que l\u2019avenir de notre village ne peut se d\u00e9cider sans vous, l\u2019\u00e9coute et le dialogue resteront au c\u0153ur de notre d\u00e9marche. La d\u00e9mocratie locale prend tout son sens lorsque chacune et chacun peut s\u2019exprimer, \u00eatre entendu et contribuer aux d\u00e9cisions qui engagent notre avenir commun. Prochainement, nous vous pr\u00e9senterons l\u2019\u00e9quipe souhaitant s\u2019engager ainsi que les id\u00e9es et projets que nous comptons d\u00e9fendre. Un moment d\u2019\u00e9changes sera \u00e9galement organis\u00e9 pour vous \u00e9couter et partager notre vision pour les ann\u00e9es \u00e0 venir. Je vous remercie sinc\u00e8rement pour votre attention et votre confiance\u00a0\u00bb.<\/p>\n<p>Julien Laroyenne<br \/>\nCandidat aux \u00e9lections municipales de 2026, t\u00eate de liste pour \u00ab Notre village comme ambition ! \u00bb<\/p>\n","protected":false},"excerpt":{"rendered":"<p>\u00ab\u00a0Ch\u00e8res Gu\u00e9donnes, chers Gu\u00e9dons, \u00c0 l\u2019approche des \u00e9lections municipales, j\u2019ai souhait\u00e9 m\u2019adresser \u00e0 vous directement, avec simplicit\u00e9 et sinc\u00e9rit\u00e9. Je [&hellip;]<\/p>\n","protected":false},"author":391,"featured_media":88150,"comment_status":"closed","ping_status":"open","sticky":false,"template":"","format":"standard","meta":{"footnotes":""},"categories":[1],"tags":[8775,513],"class_list":["post-88148","post","type-post","status-publish","format-standard","has-post-thumbnail","hentry","category-non-classe","tag-julien-laroyenne","tag-le-menil"],"acf":[],"yoast_head":"<!-- This site is optimized with the Yoast SEO plugin v22.5 - https:\/\/yoast.com\/wordpress\/plugins\/seo\/ -->\n<title>ELECTIONS MUNICIPALES - Julien Laroyenne candidat sur la commune de Le M\u00e9nil - Remiremont Info<\/title>\n<meta name=\"robots\" content=\"index, follow, max-snippet:-1, max-image-preview:large, max-video-preview:-1\" \/>\n<link rel=\"canonical\" href=\"https:\/\/vosgesinfo.fr\/remiremontinfo\/2026\/01\/elections-municipales-julien-laroyenne-candidat-sur-la-commune-de-le-menil\/\" \/>\n<meta name=\"twitter:card\" content=\"summary_large_image\" \/>\n<meta name=\"twitter:title\" content=\"ELECTIONS MUNICIPALES - Julien Laroyenne candidat sur la commune de Le M\u00e9nil - Remiremont Info\" \/>\n<meta name=\"twitter:description\" content=\"\u00ab\u00a0Ch\u00e8res Gu\u00e9donnes, chers Gu\u00e9dons, \u00c0 l\u2019approche des \u00e9lections municipales, j\u2019ai souhait\u00e9 m\u2019adresser \u00e0 vous directement, avec simplicit\u00e9 et sinc\u00e9rit\u00e9. Je [&hellip;]\" \/>\n<meta name=\"twitter:image\" content=\"https:\/\/vosgesinfo.fr\/app\/uploads\/sites\/5\/2026\/01\/julien-laroyenne-portrait.jpg\" \/>\n<meta name=\"twitter:creator\" content=\"@VosgesInfo88\" \/>\n<meta name=\"twitter:site\" content=\"@VosgesInfo88\" \/>\n<meta name=\"twitter:label1\" content=\"\u00c9crit par\" \/>\n\t<meta name=\"twitter:data1\" content=\"La redaction\" \/>\n\t<meta name=\"twitter:label2\" content=\"Dur\u00e9e de lecture estim\u00e9e\" \/>\n\t<meta name=\"twitter:data2\" content=\"3 minutes\" \/>\n<script type=\"application\/ld+json\" class=\"yoast-schema-graph\">{\"@context\":\"https:\/\/schema.org\",\"@graph\":[{\"@type\":\"Article\",\"@id\":\"https:\/\/vosgesinfo.fr\/remiremontinfo\/2026\/01\/elections-municipales-julien-laroyenne-candidat-sur-la-commune-de-le-menil\/#article\",\"isPartOf\":{\"@id\":\"https:\/\/vosgesinfo.fr\/remiremontinfo\/2026\/01\/elections-municipales-julien-laroyenne-candidat-sur-la-commune-de-le-menil\/\"},\"author\":{\"name\":\"La redaction\",\"@id\":\"https:\/\/vosgesinfo.fr\/remiremontinfo\/#\/schema\/person\/27a3695b06db98895b354c0765cdfc31\"},\"headline\":\"ELECTIONS MUNICIPALES &#8211; Julien Laroyenne candidat sur la commune de Le M\u00e9nil\",\"datePublished\":\"2026-01-21T09:15:47+00:00\",\"dateModified\":\"2026-01-21T09:15:10+00:00\",\"mainEntityOfPage\":{\"@id\":\"https:\/\/vosgesinfo.fr\/remiremontinfo\/2026\/01\/elections-municipales-julien-laroyenne-candidat-sur-la-commune-de-le-menil\/\"},\"wordCount\":567,\"publisher\":{\"@id\":\"https:\/\/vosgesinfo.fr\/remiremontinfo\/#organization\"},\"image\":{\"@id\":\"https:\/\/vosgesinfo.fr\/remiremontinfo\/2026\/01\/elections-municipales-julien-laroyenne-candidat-sur-la-commune-de-le-menil\/#primaryimage\"},\"thumbnailUrl\":\"https:\/\/vosgesinfo.fr\/app\/uploads\/sites\/5\/2026\/01\/julien-laroyenne-portrait.jpg\",\"keywords\":[\"Julien Laroyenne\",\"Le M\u00e9nil\"],\"inLanguage\":\"fr-FR\"},{\"@type\":\"WebPage\",\"@id\":\"https:\/\/vosgesinfo.fr\/remiremontinfo\/2026\/01\/elections-municipales-julien-laroyenne-candidat-sur-la-commune-de-le-menil\/\",\"url\":\"https:\/\/vosgesinfo.fr\/remiremontinfo\/2026\/01\/elections-municipales-julien-laroyenne-candidat-sur-la-commune-de-le-menil\/\",\"name\":\"ELECTIONS MUNICIPALES - Julien Laroyenne candidat sur la commune de Le M\u00e9nil - Remiremont Info\",\"isPartOf\":{\"@id\":\"https:\/\/vosgesinfo.fr\/remiremontinfo\/#website\"},\"primaryImageOfPage\":{\"@id\":\"https:\/\/vosgesinfo.fr\/remiremontinfo\/2026\/01\/elections-municipales-julien-laroyenne-candidat-sur-la-commune-de-le-menil\/#primaryimage\"},\"image\":{\"@id\":\"https:\/\/vosgesinfo.fr\/remiremontinfo\/2026\/01\/elections-municipales-julien-laroyenne-candidat-sur-la-commune-de-le-menil\/#primaryimage\"},\"thumbnailUrl\":\"https:\/\/vosgesinfo.fr\/app\/uploads\/sites\/5\/2026\/01\/julien-laroyenne-portrait.jpg\",\"datePublished\":\"2026-01-21T09:15:47+00:00\",\"dateModified\":\"2026-01-21T09:15:10+00:00\",\"breadcrumb\":{\"@id\":\"https:\/\/vosgesinfo.fr\/remiremontinfo\/2026\/01\/elections-municipales-julien-laroyenne-candidat-sur-la-commune-de-le-menil\/#breadcrumb\"},\"inLanguage\":\"fr-FR\",\"potentialAction\":[{\"@type\":\"ReadAction\",\"target\":[\"https:\/\/vosgesinfo.fr\/remiremontinfo\/2026\/01\/elections-municipales-julien-laroyenne-candidat-sur-la-commune-de-le-menil\/\"]}]},{\"@type\":\"ImageObject\",\"inLanguage\":\"fr-FR\",\"@id\":\"https:\/\/vosgesinfo.fr\/remiremontinfo\/2026\/01\/elections-municipales-julien-laroyenne-candidat-sur-la-commune-de-le-menil\/#primaryimage\",\"url\":\"https:\/\/vosgesinfo.fr\/app\/uploads\/sites\/5\/2026\/01\/julien-laroyenne-portrait.jpg\",\"contentUrl\":\"https:\/\/vosgesinfo.fr\/app\/uploads\/sites\/5\/2026\/01\/julien-laroyenne-portrait.jpg\",\"width\":780,\"height\":1080},{\"@type\":\"BreadcrumbList\",\"@id\":\"https:\/\/vosgesinfo.fr\/remiremontinfo\/2026\/01\/elections-municipales-julien-laroyenne-candidat-sur-la-commune-de-le-menil\/#breadcrumb\",\"itemListElement\":[{\"@type\":\"ListItem\",\"position\":1,\"name\":\"Home\",\"item\":\"https:\/\/vosgesinfo.fr\/remiremontinfo\/\"},{\"@type\":\"ListItem\",\"position\":2,\"name\":\"ELECTIONS MUNICIPALES &#8211; Julien Laroyenne candidat sur la commune de Le M\u00e9nil\"}]},{\"@type\":\"WebSite\",\"@id\":\"https:\/\/vosgesinfo.fr\/remiremontinfo\/#website\",\"url\":\"https:\/\/vosgesinfo.fr\/remiremontinfo\/\",\"name\":\"Remiremont Info\",\"description\":\"Toute l&#039;actualit\u00e9 de Remiremont\",\"publisher\":{\"@id\":\"https:\/\/vosgesinfo.fr\/remiremontinfo\/#organization\"},\"alternateName\":\"Toute l'actualit\u00e9 de Remiremont\",\"potentialAction\":[{\"@type\":\"SearchAction\",\"target\":{\"@type\":\"EntryPoint\",\"urlTemplate\":\"https:\/\/vosgesinfo.fr\/remiremontinfo\/?s={search_term_string}\"},\"query-input\":\"required name=search_term_string\"}],\"inLanguage\":\"fr-FR\"},{\"@type\":\"Organization\",\"@id\":\"https:\/\/vosgesinfo.fr\/remiremontinfo\/#organization\",\"name\":\"Remiremont Info\",\"url\":\"https:\/\/vosgesinfo.fr\/remiremontinfo\/\",\"logo\":{\"@type\":\"ImageObject\",\"inLanguage\":\"fr-FR\",\"@id\":\"https:\/\/vosgesinfo.fr\/remiremontinfo\/#\/schema\/logo\/image\/\",\"url\":\"https:\/\/vosgesinfo.fr\/app\/uploads\/sites\/5\/2023\/08\/favicon-remiremontinfo.png\",\"contentUrl\":\"https:\/\/vosgesinfo.fr\/app\/uploads\/sites\/5\/2023\/08\/favicon-remiremontinfo.png\",\"width\":512,\"height\":512,\"caption\":\"Remiremont Info\"},\"image\":{\"@id\":\"https:\/\/vosgesinfo.fr\/remiremontinfo\/#\/schema\/logo\/image\/\"},\"sameAs\":[\"https:\/\/www.facebook.com\/remiremontinfo\",\"https:\/\/x.com\/VosgesInfo88\",\"https:\/\/www.youtube.com\/@vosgesinfo\"]},{\"@type\":\"Person\",\"@id\":\"https:\/\/vosgesinfo.fr\/remiremontinfo\/#\/schema\/person\/27a3695b06db98895b354c0765cdfc31\",\"name\":\"La redaction\",\"image\":{\"@type\":\"ImageObject\",\"inLanguage\":\"fr-FR\",\"@id\":\"https:\/\/vosgesinfo.fr\/remiremontinfo\/#\/schema\/person\/image\/\",\"url\":\"https:\/\/secure.gravatar.com\/avatar\/64c76a78e501cedee55736f43f332df901e1896ae9cd8fad269ae2236dd0e8b6?s=96&d=mm&r=g\",\"contentUrl\":\"https:\/\/secure.gravatar.com\/avatar\/64c76a78e501cedee55736f43f332df901e1896ae9cd8fad269ae2236dd0e8b6?s=96&d=mm&r=g\",\"caption\":\"La redaction\"},\"url\":\"https:\/\/vosgesinfo.fr\/remiremontinfo\/author\/la-redaction\/\"}]}<\/script>\n<!-- \/ Yoast SEO plugin. -->","yoast_head_json":{"title":"ELECTIONS MUNICIPALES - Julien Laroyenne candidat sur la commune de Le M\u00e9nil - Remiremont Info","robots":{"index":"index","follow":"follow","max-snippet":"max-snippet:-1","max-image-preview":"max-image-preview:large","max-video-preview":"max-video-preview:-1"},"canonical":"https:\/\/vosgesinfo.fr\/remiremontinfo\/2026\/01\/elections-municipales-julien-laroyenne-candidat-sur-la-commune-de-le-menil\/","twitter_card":"summary_large_image","twitter_title":"ELECTIONS MUNICIPALES - Julien Laroyenne candidat sur la commune de Le M\u00e9nil - Remiremont Info","twitter_description":"\u00ab\u00a0Ch\u00e8res Gu\u00e9donnes, chers Gu\u00e9dons, \u00c0 l\u2019approche des \u00e9lections municipales, j\u2019ai souhait\u00e9 m\u2019adresser \u00e0 vous directement, avec simplicit\u00e9 et sinc\u00e9rit\u00e9. Je [&hellip;]","twitter_image":"https:\/\/vosgesinfo.fr\/app\/uploads\/sites\/5\/2026\/01\/julien-laroyenne-portrait.jpg","twitter_creator":"@VosgesInfo88","twitter_site":"@VosgesInfo88","twitter_misc":{"\u00c9crit par":"La redaction","Dur\u00e9e de lecture estim\u00e9e":"3 minutes"},"schema":{"@context":"https:\/\/schema.org","@graph":[{"@type":"Article","@id":"https:\/\/vosgesinfo.fr\/remiremontinfo\/2026\/01\/elections-municipales-julien-laroyenne-candidat-sur-la-commune-de-le-menil\/#article","isPartOf":{"@id":"https:\/\/vosgesinfo.fr\/remiremontinfo\/2026\/01\/elections-municipales-julien-laroyenne-candidat-sur-la-commune-de-le-menil\/"},"author":{"name":"La redaction","@id":"https:\/\/vosgesinfo.fr\/remiremontinfo\/#\/schema\/person\/27a3695b06db98895b354c0765cdfc31"},"headline":"ELECTIONS MUNICIPALES &#8211; Julien Laroyenne candidat sur la commune de Le M\u00e9nil","datePublished":"2026-01-21T09:15:47+00:00","dateModified":"2026-01-21T09:15:10+00:00","mainEntityOfPage":{"@id":"https:\/\/vosgesinfo.fr\/remiremontinfo\/2026\/01\/elections-municipales-julien-laroyenne-candidat-sur-la-commune-de-le-menil\/"},"wordCount":567,"publisher":{"@id":"https:\/\/vosgesinfo.fr\/remiremontinfo\/#organization"},"image":{"@id":"https:\/\/vosgesinfo.fr\/remiremontinfo\/2026\/01\/elections-municipales-julien-laroyenne-candidat-sur-la-commune-de-le-menil\/#primaryimage"},"thumbnailUrl":"https:\/\/vosgesinfo.fr\/app\/uploads\/sites\/5\/2026\/01\/julien-laroyenne-portrait.jpg","keywords":["Julien Laroyenne","Le M\u00e9nil"],"inLanguage":"fr-FR"},{"@type":"WebPage","@id":"https:\/\/vosgesinfo.fr\/remiremontinfo\/2026\/01\/elections-municipales-julien-laroyenne-candidat-sur-la-commune-de-le-menil\/","url":"https:\/\/vosgesinfo.fr\/remiremontinfo\/2026\/01\/elections-municipales-julien-laroyenne-candidat-sur-la-commune-de-le-menil\/","name":"ELECTIONS MUNICIPALES - Julien Laroyenne candidat sur la commune de Le M\u00e9nil - Remiremont Info","isPartOf":{"@id":"https:\/\/vosgesinfo.fr\/remiremontinfo\/#website"},"primaryImageOfPage":{"@id":"https:\/\/vosgesinfo.fr\/remiremontinfo\/2026\/01\/elections-municipales-julien-laroyenne-candidat-sur-la-commune-de-le-menil\/#primaryimage"},"image":{"@id":"https:\/\/vosgesinfo.fr\/remiremontinfo\/2026\/01\/elections-municipales-julien-laroyenne-candidat-sur-la-commune-de-le-menil\/#primaryimage"},"thumbnailUrl":"https:\/\/vosgesinfo.fr\/app\/uploads\/sites\/5\/2026\/01\/julien-laroyenne-portrait.jpg","datePublished":"2026-01-21T09:15:47+00:00","dateModified":"2026-01-21T09:15:10+00:00","breadcrumb":{"@id":"https:\/\/vosgesinfo.fr\/remiremontinfo\/2026\/01\/elections-municipales-julien-laroyenne-candidat-sur-la-commune-de-le-menil\/#breadcrumb"},"inLanguage":"fr-FR","potentialAction":[{"@type":"ReadAction","target":["https:\/\/vosgesinfo.fr\/remiremontinfo\/2026\/01\/elections-municipales-julien-laroyenne-candidat-sur-la-commune-de-le-menil\/"]}]},{"@type":"ImageObject","inLanguage":"fr-FR","@id":"https:\/\/vosgesinfo.fr\/remiremontinfo\/2026\/01\/elections-municipales-julien-laroyenne-candidat-sur-la-commune-de-le-menil\/#primaryimage","url":"https:\/\/vosgesinfo.fr\/app\/uploads\/sites\/5\/2026\/01\/julien-laroyenne-portrait.jpg","contentUrl":"https:\/\/vosgesinfo.fr\/app\/uploads\/sites\/5\/2026\/01\/julien-laroyenne-portrait.jpg","width":780,"height":1080},{"@type":"BreadcrumbList","@id":"https:\/\/vosgesinfo.fr\/remiremontinfo\/2026\/01\/elections-municipales-julien-laroyenne-candidat-sur-la-commune-de-le-menil\/#breadcrumb","itemListElement":[{"@type":"ListItem","position":1,"name":"Home","item":"https:\/\/vosgesinfo.fr\/remiremontinfo\/"},{"@type":"ListItem","position":2,"name":"ELECTIONS MUNICIPALES &#8211; Julien Laroyenne candidat sur la commune de Le M\u00e9nil"}]},{"@type":"WebSite","@id":"https:\/\/vosgesinfo.fr\/remiremontinfo\/#website","url":"https:\/\/vosgesinfo.fr\/remiremontinfo\/","name":"Remiremont Info","description":"Toute l&#039;actualit\u00e9 de Remiremont","publisher":{"@id":"https:\/\/vosgesinfo.fr\/remiremontinfo\/#organization"},"alternateName":"Toute l'actualit\u00e9 de Remiremont","potentialAction":[{"@type":"SearchAction","target":{"@type":"EntryPoint","urlTemplate":"https:\/\/vosgesinfo.fr\/remiremontinfo\/?s={search_term_string}"},"query-input":"required name=search_term_string"}],"inLanguage":"fr-FR"},{"@type":"Organization","@id":"https:\/\/vosgesinfo.fr\/remiremontinfo\/#organization","name":"Remiremont Info","url":"https:\/\/vosgesinfo.fr\/remiremontinfo\/","logo":{"@type":"ImageObject","inLanguage":"fr-FR","@id":"https:\/\/vosgesinfo.fr\/remiremontinfo\/#\/schema\/logo\/image\/","url":"https:\/\/vosgesinfo.fr\/app\/uploads\/sites\/5\/2023\/08\/favicon-remiremontinfo.png","contentUrl":"https:\/\/vosgesinfo.fr\/app\/uploads\/sites\/5\/2023\/08\/favicon-remiremontinfo.png","width":512,"height":512,"caption":"Remiremont Info"},"image":{"@id":"https:\/\/vosgesinfo.fr\/remiremontinfo\/#\/schema\/logo\/image\/"},"sameAs":["https:\/\/www.facebook.com\/remiremontinfo","https:\/\/x.com\/VosgesInfo88","https:\/\/www.youtube.com\/@vosgesinfo"]},{"@type":"Person","@id":"https:\/\/vosgesinfo.fr\/remiremontinfo\/#\/schema\/person\/27a3695b06db98895b354c0765cdfc31","name":"La redaction","image":{"@type":"ImageObject","inLanguage":"fr-FR","@id":"https:\/\/vosgesinfo.fr\/remiremontinfo\/#\/schema\/person\/image\/","url":"https:\/\/secure.gravatar.com\/avatar\/64c76a78e501cedee55736f43f332df901e1896ae9cd8fad269ae2236dd0e8b6?s=96&d=mm&r=g","contentUrl":"https:\/\/secure.gravatar.com\/avatar\/64c76a78e501cedee55736f43f332df901e1896ae9cd8fad269ae2236dd0e8b6?s=96&d=mm&r=g","caption":"La redaction"},"url":"https:\/\/vosgesinfo.fr\/remiremontinfo\/author\/la-redaction\/"}]}},"_links":{"self":[{"href":"https:\/\/vosgesinfo.fr\/remiremontinfo\/wp-json\/wp\/v2\/posts\/88148","targetHints":{"allow":["GET"]}}],"collection":[{"href":"https:\/\/vosgesinfo.fr\/remiremontinfo\/wp-json\/wp\/v2\/posts"}],"about":[{"href":"https:\/\/vosgesinfo.fr\/remiremontinfo\/wp-json\/wp\/v2\/types\/post"}],"author":[{"embeddable":true,"href":"https:\/\/vosgesinfo.fr\/remiremontinfo\/wp-json\/wp\/v2\/users\/391"}],"replies":[{"embeddable":true,"href":"https:\/\/vosgesinfo.fr\/remiremontinfo\/wp-json\/wp\/v2\/comments?post=88148"}],"version-history":[{"count":1,"href":"https:\/\/vosgesinfo.fr\/remiremontinfo\/wp-json\/wp\/v2\/posts\/88148\/revisions"}],"predecessor-version":[{"id":88151,"href":"https:\/\/vosgesinfo.fr\/remiremontinfo\/wp-json\/wp\/v2\/posts\/88148\/revisions\/88151"}],"wp:featuredmedia":[{"embeddable":true,"href":"https:\/\/vosgesinfo.fr\/remiremontinfo\/wp-json\/wp\/v2\/media\/88150"}],"wp:attachment":[{"href":"https:\/\/vosgesinfo.fr\/remiremontinfo\/wp-json\/wp\/v2\/media?parent=88148"}],"wp:term":[{"taxonomy":"category","embeddable":true,"href":"https:\/\/vosgesinfo.fr\/remiremontinfo\/wp-json\/wp\/v2\/categories?post=88148"},{"taxonomy":"post_tag","embeddable":true,"href":"https:\/\/vosgesinfo.fr\/remiremontinfo\/wp-json\/wp\/v2\/tags?post=88148"}],"curies":[{"name":"wp","href":"https:\/\/api.w.org\/{rel}","templated":true}]}}