{"id":88163,"date":"2026-01-21T16:02:22","date_gmt":"2026-01-21T15:02:22","guid":{"rendered":"https:\/\/vosgesinfo.fr\/remiremontinfo\/?p=88163"},"modified":"2026-01-21T16:02:22","modified_gmt":"2026-01-21T15:02:22","slug":"atelier-costumes-a-la-miroiterie-vendredi-7-et-samedi-8-fevrier","status":"publish","type":"post","link":"https:\/\/vosgesinfo.fr\/remiremontinfo\/2026\/01\/atelier-costumes-a-la-miroiterie-vendredi-7-et-samedi-8-fevrier\/","title":{"rendered":"Atelier Costumes \u00e0 la Miroiterie \u2013 Vendredi 7 et Samedi 8 f\u00e9vrier"},"content":{"rendered":"<h3 id=\"v1isPasted\" class=\"v1default\" style=\"text-align: center;\"><strong> <a href=\"https:\/\/vosgesinfo.fr\/app\/uploads\/sites\/5\/2026\/01\/atelier-costumes.png\"><img decoding=\"async\" class=\"aligncenter size-full wp-image-88164\" src=\"https:\/\/vosgesinfo.fr\/app\/uploads\/sites\/5\/2026\/01\/atelier-costumes.png\" alt=\"\" width=\"650\" height=\"300\" srcset=\"https:\/\/vosgesinfo.fr\/app\/uploads\/sites\/5\/2026\/01\/atelier-costumes.png 650w, https:\/\/vosgesinfo.fr\/app\/uploads\/sites\/5\/2026\/01\/atelier-costumes-300x138.png 300w\" sizes=\"(max-width: 650px) 100vw, 650px\" \/><\/a><\/strong><\/h3>\n<h3><\/h3>\n<h3 class=\"v1default\" style=\"text-align: center;\"><strong>ATELIER COSTUMES\u00a0<\/strong><\/h3>\n<p class=\"v1default\"><strong>\ud83e\udea1 Les transformations du tablier : de la cuisine au dressing<\/strong><\/p>\n<p id=\"v1isPasted\" class=\"v1default\"><strong>\ud83d\udc57 Anim\u00e9 par Laure HIERONYMUS<\/strong><\/p>\n<p class=\"v1default\"><strong>Habilleuse et costumi\u00e8re<\/strong><\/p>\n<p id=\"v1isPasted\" class=\"v1default\"><strong>\u00a0<\/strong><strong>\u2702\ufe0f AU PROGRAMME<\/strong><\/p>\n<p class=\"v1default\"><strong>Dans cet atelier, ouvert aux d\u00e9butants*, nous partirons d&rsquo;un patron de tablier et tenterons de cr\u00e9er un v\u00eatement ou un accessoire sur mesure :<\/strong><\/p>\n<p class=\"v1default\"><strong>\u00a0<\/strong><\/p>\n<p id=\"v1isPasted\" class=\"v1default\"><strong>\ud83d\udc58 Robe portefeuille<\/strong><\/p>\n<p class=\"v1default\"><strong>\ud83d\udc56 Tenue japonaise ou tha\u00ef<\/strong><\/p>\n<p class=\"v1default\"><strong>\ud83d\udc57 Jupe en forme<\/strong><\/p>\n<p class=\"v1default\"><strong>\ud83d\udc5c Sac banane<\/strong><\/p>\n<p class=\"v1default\"><strong>\ud83e\udea1 Tablier de couture<\/strong><\/p>\n<p class=\"v1default\"><strong>Nous d\u00e9velopperons des techniques de patronages pour cr\u00e9er un mod\u00e8le personnalis\u00e9 et original (poches, cols, volant, broderies fermetures) et apprendre des techniques de finitions pour r\u00e9aliser un v\u00eatement unique.\u00a0<\/strong><\/p>\n<p class=\"v1default\"><strong>* D\u00e9butants :\u00a0savoir faire fonctionner une machine \u00e0 coudre, assembler un v\u00eatement de base\u00a0<\/strong><\/p>\n<h3><\/h3>\n<h3 id=\"v1isPasted\" class=\"v1default-heading3\">INFOS PRATIQUES :<\/h3>\n<p class=\"v1default\">\ud83d\udcc6 <strong>Samedi 7 &amp; dimanche 8 f\u00e9vrier 2026<\/strong><br \/>\n\ud83d\udd59\u00a0<strong>10h \u2192 17h<\/strong> (repas tir\u00e9 du sac)<br \/>\n\ud83d\udccd <strong>Th\u00e9\u00e2tre de la Miroiterie<\/strong><br \/>\n28 rue de la Joncherie \u2013 88200 Remiremont<\/p>\n<p id=\"v1isPasted\" class=\"v1default\">\ud83d\udcb6 <strong>TARIF<\/strong><\/p>\n<p class=\"v1default\">\ud83d\udcb3 90 \u20ac<\/p>\n<p class=\"v1default\">\u2795 10 \u20ac d&rsquo;adh\u00e9sion (obligatoire \u2013assurance)<\/p>\n<h3 id=\"v1isPasted\" class=\"v1default-heading3\">\ud83d\udce9 INSCRIPTIONS &amp; RENSEIGNEMENTS<\/h3>\n<p class=\"v1default\">\ud83d\udc64 <strong>Lydia ANIKINOW<\/strong><br \/>\n\ud83d\udce7 <a href=\"mailto:lanikinow@ctps.asso.fr\" rel=\"noreferrer\">lanikinow@ctps.asso.fr<\/a><br \/>\n\ud83d\udcde 06 85 65 77 13<\/p>\n","protected":false},"excerpt":{"rendered":"<p>ATELIER COSTUMES\u00a0 \ud83e\udea1 Les transformations du tablier : de la cuisine au dressing \ud83d\udc57 Anim\u00e9 par Laure HIERONYMUS Habilleuse et [&hellip;]<\/p>\n","protected":false},"author":42,"featured_media":88164,"comment_status":"open","ping_status":"open","sticky":false,"template":"","format":"standard","meta":{"footnotes":""},"categories":[26,4,43],"tags":[8776,8777,279],"class_list":["post-88163","post","type-post","status-publish","format-standard","has-post-thumbnail","hentry","category-a-la-une","category-culture","category-remiremont-remiremont-son-canton","tag-atelier-costumes","tag-lydia-anikinow","tag-theatre-de-la-miroiterie"],"acf":[],"yoast_head":"<!-- This site is optimized with the Yoast SEO plugin v22.5 - https:\/\/yoast.com\/wordpress\/plugins\/seo\/ -->\n<title>Atelier Costumes \u00e0 la Miroiterie \u2013 Vendredi 7 et Samedi 8 f\u00e9vrier - Remiremont Info<\/title>\n<meta name=\"robots\" content=\"index, follow, max-snippet:-1, max-image-preview:large, max-video-preview:-1\" \/>\n<link rel=\"canonical\" href=\"https:\/\/vosgesinfo.fr\/remiremontinfo\/?p=88163\" \/>\n<meta name=\"twitter:card\" content=\"summary_large_image\" \/>\n<meta name=\"twitter:title\" content=\"Atelier Costumes \u00e0 la Miroiterie \u2013 Vendredi 7 et Samedi 8 f\u00e9vrier - Remiremont Info\" \/>\n<meta name=\"twitter:description\" content=\"ATELIER COSTUMES\u00a0 \ud83e\udea1 Les transformations du tablier : de la cuisine au dressing \ud83d\udc57 Anim\u00e9 par Laure HIERONYMUS Habilleuse et [&hellip;]\" \/>\n<meta name=\"twitter:creator\" content=\"@VosgesInfo88\" \/>\n<meta name=\"twitter:site\" content=\"@VosgesInfo88\" \/>\n<meta name=\"twitter:label1\" content=\"\u00c9crit par\" \/>\n\t<meta name=\"twitter:data1\" content=\"QG\" \/>\n\t<meta name=\"twitter:label2\" content=\"Dur\u00e9e de lecture estim\u00e9e\" \/>\n\t<meta name=\"twitter:data2\" content=\"1 minute\" \/>\n<script type=\"application\/ld+json\" class=\"yoast-schema-graph\">{\"@context\":\"https:\/\/schema.org\",\"@graph\":[{\"@type\":\"Article\",\"@id\":\"https:\/\/vosgesinfo.fr\/remiremontinfo\/?p=88163#article\",\"isPartOf\":{\"@id\":\"https:\/\/vosgesinfo.fr\/remiremontinfo\/?p=88163\"},\"author\":{\"name\":\"QG\",\"@id\":\"https:\/\/vosgesinfo.fr\/remiremontinfo\/#\/schema\/person\/db5605779a843dad16b5368f3e7613a5\"},\"headline\":\"Atelier Costumes \u00e0 la Miroiterie \u2013 Vendredi 7 et Samedi 8 f\u00e9vrier\",\"datePublished\":\"2026-01-21T15:02:22+00:00\",\"dateModified\":\"2026-01-21T15:02:22+00:00\",\"mainEntityOfPage\":{\"@id\":\"https:\/\/vosgesinfo.fr\/remiremontinfo\/?p=88163\"},\"wordCount\":157,\"commentCount\":0,\"publisher\":{\"@id\":\"https:\/\/vosgesinfo.fr\/remiremontinfo\/#organization\"},\"image\":{\"@id\":\"https:\/\/vosgesinfo.fr\/remiremontinfo\/?p=88163#primaryimage\"},\"thumbnailUrl\":\"https:\/\/vosgesinfo.fr\/app\/uploads\/sites\/5\/2026\/01\/atelier-costumes.png\",\"keywords\":[\"atelier costumes\",\"Lydia ANIKINOW\",\"th\u00e9\u00e2tre de la Miroiterie\"],\"articleSection\":[\"A la Une\",\"Culture\",\"Remiremont\"],\"inLanguage\":\"fr-FR\",\"potentialAction\":[{\"@type\":\"CommentAction\",\"name\":\"Comment\",\"target\":[\"https:\/\/vosgesinfo.fr\/remiremontinfo\/?p=88163#respond\"]}]},{\"@type\":\"WebPage\",\"@id\":\"https:\/\/vosgesinfo.fr\/remiremontinfo\/?p=88163\",\"url\":\"https:\/\/vosgesinfo.fr\/remiremontinfo\/?p=88163\",\"name\":\"Atelier Costumes \u00e0 la Miroiterie \u2013 Vendredi 7 et Samedi 8 f\u00e9vrier - Remiremont Info\",\"isPartOf\":{\"@id\":\"https:\/\/vosgesinfo.fr\/remiremontinfo\/#website\"},\"primaryImageOfPage\":{\"@id\":\"https:\/\/vosgesinfo.fr\/remiremontinfo\/?p=88163#primaryimage\"},\"image\":{\"@id\":\"https:\/\/vosgesinfo.fr\/remiremontinfo\/?p=88163#primaryimage\"},\"thumbnailUrl\":\"https:\/\/vosgesinfo.fr\/app\/uploads\/sites\/5\/2026\/01\/atelier-costumes.png\",\"datePublished\":\"2026-01-21T15:02:22+00:00\",\"dateModified\":\"2026-01-21T15:02:22+00:00\",\"breadcrumb\":{\"@id\":\"https:\/\/vosgesinfo.fr\/remiremontinfo\/?p=88163#breadcrumb\"},\"inLanguage\":\"fr-FR\",\"potentialAction\":[{\"@type\":\"ReadAction\",\"target\":[\"https:\/\/vosgesinfo.fr\/remiremontinfo\/?p=88163\"]}]},{\"@type\":\"ImageObject\",\"inLanguage\":\"fr-FR\",\"@id\":\"https:\/\/vosgesinfo.fr\/remiremontinfo\/?p=88163#primaryimage\",\"url\":\"https:\/\/vosgesinfo.fr\/app\/uploads\/sites\/5\/2026\/01\/atelier-costumes.png\",\"contentUrl\":\"https:\/\/vosgesinfo.fr\/app\/uploads\/sites\/5\/2026\/01\/atelier-costumes.png\",\"width\":650,\"height\":300},{\"@type\":\"BreadcrumbList\",\"@id\":\"https:\/\/vosgesinfo.fr\/remiremontinfo\/?p=88163#breadcrumb\",\"itemListElement\":[{\"@type\":\"ListItem\",\"position\":1,\"name\":\"Home\",\"item\":\"https:\/\/vosgesinfo.fr\/remiremontinfo\/\"},{\"@type\":\"ListItem\",\"position\":2,\"name\":\"Atelier Costumes \u00e0 la Miroiterie \u2013 Vendredi 7 et Samedi 8 f\u00e9vrier\"}]},{\"@type\":\"WebSite\",\"@id\":\"https:\/\/vosgesinfo.fr\/remiremontinfo\/#website\",\"url\":\"https:\/\/vosgesinfo.fr\/remiremontinfo\/\",\"name\":\"Remiremont Info\",\"description\":\"Toute l&#039;actualit\u00e9 de Remiremont\",\"publisher\":{\"@id\":\"https:\/\/vosgesinfo.fr\/remiremontinfo\/#organization\"},\"alternateName\":\"Toute l'actualit\u00e9 de Remiremont\",\"potentialAction\":[{\"@type\":\"SearchAction\",\"target\":{\"@type\":\"EntryPoint\",\"urlTemplate\":\"https:\/\/vosgesinfo.fr\/remiremontinfo\/?s={search_term_string}\"},\"query-input\":\"required name=search_term_string\"}],\"inLanguage\":\"fr-FR\"},{\"@type\":\"Organization\",\"@id\":\"https:\/\/vosgesinfo.fr\/remiremontinfo\/#organization\",\"name\":\"Remiremont Info\",\"url\":\"https:\/\/vosgesinfo.fr\/remiremontinfo\/\",\"logo\":{\"@type\":\"ImageObject\",\"inLanguage\":\"fr-FR\",\"@id\":\"https:\/\/vosgesinfo.fr\/remiremontinfo\/#\/schema\/logo\/image\/\",\"url\":\"https:\/\/vosgesinfo.fr\/app\/uploads\/sites\/5\/2023\/08\/favicon-remiremontinfo.png\",\"contentUrl\":\"https:\/\/vosgesinfo.fr\/app\/uploads\/sites\/5\/2023\/08\/favicon-remiremontinfo.png\",\"width\":512,\"height\":512,\"caption\":\"Remiremont Info\"},\"image\":{\"@id\":\"https:\/\/vosgesinfo.fr\/remiremontinfo\/#\/schema\/logo\/image\/\"},\"sameAs\":[\"https:\/\/www.facebook.com\/remiremontinfo\",\"https:\/\/x.com\/VosgesInfo88\",\"https:\/\/www.youtube.com\/@vosgesinfo\"]},{\"@type\":\"Person\",\"@id\":\"https:\/\/vosgesinfo.fr\/remiremontinfo\/#\/schema\/person\/db5605779a843dad16b5368f3e7613a5\",\"name\":\"QG\",\"image\":{\"@type\":\"ImageObject\",\"inLanguage\":\"fr-FR\",\"@id\":\"https:\/\/vosgesinfo.fr\/remiremontinfo\/#\/schema\/person\/image\/\",\"url\":\"https:\/\/secure.gravatar.com\/avatar\/ea80c42c204b534408512832fde52504ecabb9706bcb6151cf6175e5b64e6793?s=96&d=mm&r=g\",\"contentUrl\":\"https:\/\/secure.gravatar.com\/avatar\/ea80c42c204b534408512832fde52504ecabb9706bcb6151cf6175e5b64e6793?s=96&d=mm&r=g\",\"caption\":\"QG\"},\"url\":\"https:\/\/vosgesinfo.fr\/remiremontinfo\/author\/quentin88\/\"}]}<\/script>\n<!-- \/ Yoast SEO plugin. -->","yoast_head_json":{"title":"Atelier Costumes \u00e0 la Miroiterie \u2013 Vendredi 7 et Samedi 8 f\u00e9vrier - Remiremont Info","robots":{"index":"index","follow":"follow","max-snippet":"max-snippet:-1","max-image-preview":"max-image-preview:large","max-video-preview":"max-video-preview:-1"},"canonical":"https:\/\/vosgesinfo.fr\/remiremontinfo\/?p=88163","twitter_card":"summary_large_image","twitter_title":"Atelier Costumes \u00e0 la Miroiterie \u2013 Vendredi 7 et Samedi 8 f\u00e9vrier - Remiremont Info","twitter_description":"ATELIER COSTUMES\u00a0 \ud83e\udea1 Les transformations du tablier : de la cuisine au dressing \ud83d\udc57 Anim\u00e9 par Laure HIERONYMUS Habilleuse et [&hellip;]","twitter_creator":"@VosgesInfo88","twitter_site":"@VosgesInfo88","twitter_misc":{"\u00c9crit par":"QG","Dur\u00e9e de lecture estim\u00e9e":"1 minute"},"schema":{"@context":"https:\/\/schema.org","@graph":[{"@type":"Article","@id":"https:\/\/vosgesinfo.fr\/remiremontinfo\/?p=88163#article","isPartOf":{"@id":"https:\/\/vosgesinfo.fr\/remiremontinfo\/?p=88163"},"author":{"name":"QG","@id":"https:\/\/vosgesinfo.fr\/remiremontinfo\/#\/schema\/person\/db5605779a843dad16b5368f3e7613a5"},"headline":"Atelier Costumes \u00e0 la Miroiterie \u2013 Vendredi 7 et Samedi 8 f\u00e9vrier","datePublished":"2026-01-21T15:02:22+00:00","dateModified":"2026-01-21T15:02:22+00:00","mainEntityOfPage":{"@id":"https:\/\/vosgesinfo.fr\/remiremontinfo\/?p=88163"},"wordCount":157,"commentCount":0,"publisher":{"@id":"https:\/\/vosgesinfo.fr\/remiremontinfo\/#organization"},"image":{"@id":"https:\/\/vosgesinfo.fr\/remiremontinfo\/?p=88163#primaryimage"},"thumbnailUrl":"https:\/\/vosgesinfo.fr\/app\/uploads\/sites\/5\/2026\/01\/atelier-costumes.png","keywords":["atelier costumes","Lydia ANIKINOW","th\u00e9\u00e2tre de la Miroiterie"],"articleSection":["A la Une","Culture","Remiremont"],"inLanguage":"fr-FR","potentialAction":[{"@type":"CommentAction","name":"Comment","target":["https:\/\/vosgesinfo.fr\/remiremontinfo\/?p=88163#respond"]}]},{"@type":"WebPage","@id":"https:\/\/vosgesinfo.fr\/remiremontinfo\/?p=88163","url":"https:\/\/vosgesinfo.fr\/remiremontinfo\/?p=88163","name":"Atelier Costumes \u00e0 la Miroiterie \u2013 Vendredi 7 et Samedi 8 f\u00e9vrier - Remiremont Info","isPartOf":{"@id":"https:\/\/vosgesinfo.fr\/remiremontinfo\/#website"},"primaryImageOfPage":{"@id":"https:\/\/vosgesinfo.fr\/remiremontinfo\/?p=88163#primaryimage"},"image":{"@id":"https:\/\/vosgesinfo.fr\/remiremontinfo\/?p=88163#primaryimage"},"thumbnailUrl":"https:\/\/vosgesinfo.fr\/app\/uploads\/sites\/5\/2026\/01\/atelier-costumes.png","datePublished":"2026-01-21T15:02:22+00:00","dateModified":"2026-01-21T15:02:22+00:00","breadcrumb":{"@id":"https:\/\/vosgesinfo.fr\/remiremontinfo\/?p=88163#breadcrumb"},"inLanguage":"fr-FR","potentialAction":[{"@type":"ReadAction","target":["https:\/\/vosgesinfo.fr\/remiremontinfo\/?p=88163"]}]},{"@type":"ImageObject","inLanguage":"fr-FR","@id":"https:\/\/vosgesinfo.fr\/remiremontinfo\/?p=88163#primaryimage","url":"https:\/\/vosgesinfo.fr\/app\/uploads\/sites\/5\/2026\/01\/atelier-costumes.png","contentUrl":"https:\/\/vosgesinfo.fr\/app\/uploads\/sites\/5\/2026\/01\/atelier-costumes.png","width":650,"height":300},{"@type":"BreadcrumbList","@id":"https:\/\/vosgesinfo.fr\/remiremontinfo\/?p=88163#breadcrumb","itemListElement":[{"@type":"ListItem","position":1,"name":"Home","item":"https:\/\/vosgesinfo.fr\/remiremontinfo\/"},{"@type":"ListItem","position":2,"name":"Atelier Costumes \u00e0 la Miroiterie \u2013 Vendredi 7 et Samedi 8 f\u00e9vrier"}]},{"@type":"WebSite","@id":"https:\/\/vosgesinfo.fr\/remiremontinfo\/#website","url":"https:\/\/vosgesinfo.fr\/remiremontinfo\/","name":"Remiremont Info","description":"Toute l&#039;actualit\u00e9 de Remiremont","publisher":{"@id":"https:\/\/vosgesinfo.fr\/remiremontinfo\/#organization"},"alternateName":"Toute l'actualit\u00e9 de Remiremont","potentialAction":[{"@type":"SearchAction","target":{"@type":"EntryPoint","urlTemplate":"https:\/\/vosgesinfo.fr\/remiremontinfo\/?s={search_term_string}"},"query-input":"required name=search_term_string"}],"inLanguage":"fr-FR"},{"@type":"Organization","@id":"https:\/\/vosgesinfo.fr\/remiremontinfo\/#organization","name":"Remiremont Info","url":"https:\/\/vosgesinfo.fr\/remiremontinfo\/","logo":{"@type":"ImageObject","inLanguage":"fr-FR","@id":"https:\/\/vosgesinfo.fr\/remiremontinfo\/#\/schema\/logo\/image\/","url":"https:\/\/vosgesinfo.fr\/app\/uploads\/sites\/5\/2023\/08\/favicon-remiremontinfo.png","contentUrl":"https:\/\/vosgesinfo.fr\/app\/uploads\/sites\/5\/2023\/08\/favicon-remiremontinfo.png","width":512,"height":512,"caption":"Remiremont Info"},"image":{"@id":"https:\/\/vosgesinfo.fr\/remiremontinfo\/#\/schema\/logo\/image\/"},"sameAs":["https:\/\/www.facebook.com\/remiremontinfo","https:\/\/x.com\/VosgesInfo88","https:\/\/www.youtube.com\/@vosgesinfo"]},{"@type":"Person","@id":"https:\/\/vosgesinfo.fr\/remiremontinfo\/#\/schema\/person\/db5605779a843dad16b5368f3e7613a5","name":"QG","image":{"@type":"ImageObject","inLanguage":"fr-FR","@id":"https:\/\/vosgesinfo.fr\/remiremontinfo\/#\/schema\/person\/image\/","url":"https:\/\/secure.gravatar.com\/avatar\/ea80c42c204b534408512832fde52504ecabb9706bcb6151cf6175e5b64e6793?s=96&d=mm&r=g","contentUrl":"https:\/\/secure.gravatar.com\/avatar\/ea80c42c204b534408512832fde52504ecabb9706bcb6151cf6175e5b64e6793?s=96&d=mm&r=g","caption":"QG"},"url":"https:\/\/vosgesinfo.fr\/remiremontinfo\/author\/quentin88\/"}]}},"_links":{"self":[{"href":"https:\/\/vosgesinfo.fr\/remiremontinfo\/wp-json\/wp\/v2\/posts\/88163","targetHints":{"allow":["GET"]}}],"collection":[{"href":"https:\/\/vosgesinfo.fr\/remiremontinfo\/wp-json\/wp\/v2\/posts"}],"about":[{"href":"https:\/\/vosgesinfo.fr\/remiremontinfo\/wp-json\/wp\/v2\/types\/post"}],"author":[{"embeddable":true,"href":"https:\/\/vosgesinfo.fr\/remiremontinfo\/wp-json\/wp\/v2\/users\/42"}],"replies":[{"embeddable":true,"href":"https:\/\/vosgesinfo.fr\/remiremontinfo\/wp-json\/wp\/v2\/comments?post=88163"}],"version-history":[{"count":1,"href":"https:\/\/vosgesinfo.fr\/remiremontinfo\/wp-json\/wp\/v2\/posts\/88163\/revisions"}],"predecessor-version":[{"id":88165,"href":"https:\/\/vosgesinfo.fr\/remiremontinfo\/wp-json\/wp\/v2\/posts\/88163\/revisions\/88165"}],"wp:featuredmedia":[{"embeddable":true,"href":"https:\/\/vosgesinfo.fr\/remiremontinfo\/wp-json\/wp\/v2\/media\/88164"}],"wp:attachment":[{"href":"https:\/\/vosgesinfo.fr\/remiremontinfo\/wp-json\/wp\/v2\/media?parent=88163"}],"wp:term":[{"taxonomy":"category","embeddable":true,"href":"https:\/\/vosgesinfo.fr\/remiremontinfo\/wp-json\/wp\/v2\/categories?post=88163"},{"taxonomy":"post_tag","embeddable":true,"href":"https:\/\/vosgesinfo.fr\/remiremontinfo\/wp-json\/wp\/v2\/tags?post=88163"}],"curies":[{"name":"wp","href":"https:\/\/api.w.org\/{rel}","templated":true}]}}