{"id":88177,"date":"2026-01-22T20:17:01","date_gmt":"2026-01-22T19:17:01","guid":{"rendered":"https:\/\/vosgesinfo.fr\/remiremontinfo\/?p=88177"},"modified":"2026-01-22T20:17:01","modified_gmt":"2026-01-22T19:17:01","slug":"le-groupe-rando-de-fallieres-sport-detente-a-fete-lepiphanie","status":"publish","type":"post","link":"https:\/\/vosgesinfo.fr\/remiremontinfo\/2026\/01\/le-groupe-rando-de-fallieres-sport-detente-a-fete-lepiphanie\/","title":{"rendered":"Le groupe \u00ab rando \u00bb de Falli\u00e8res Sport D\u00e9tente a f\u00eat\u00e9 l\u2019\u00c9piphanie."},"content":{"rendered":"<div id=\"attachment_88178\" style=\"width: 1034px\" class=\"wp-caption aligncenter\"><a href=\"https:\/\/vosgesinfo.fr\/app\/uploads\/sites\/5\/2026\/01\/capture-decran-2026-01-22-134856.jpg\"><img decoding=\"async\" aria-describedby=\"caption-attachment-88178\" class=\"wp-image-88178 size-large\" src=\"https:\/\/vosgesinfo.fr\/app\/uploads\/sites\/5\/2026\/01\/capture-decran-2026-01-22-134856-1024x474.jpg\" alt=\"\" width=\"1024\" height=\"474\" srcset=\"https:\/\/vosgesinfo.fr\/app\/uploads\/sites\/5\/2026\/01\/capture-decran-2026-01-22-134856-1024x474.jpg 1024w, https:\/\/vosgesinfo.fr\/app\/uploads\/sites\/5\/2026\/01\/capture-decran-2026-01-22-134856-300x139.jpg 300w, https:\/\/vosgesinfo.fr\/app\/uploads\/sites\/5\/2026\/01\/capture-decran-2026-01-22-134856-768x355.jpg 768w, https:\/\/vosgesinfo.fr\/app\/uploads\/sites\/5\/2026\/01\/capture-decran-2026-01-22-134856-1536x710.jpg 1536w, https:\/\/vosgesinfo.fr\/app\/uploads\/sites\/5\/2026\/01\/capture-decran-2026-01-22-134856.jpg 1814w\" sizes=\"(max-width: 1024px) 100vw, 1024px\" \/><\/a><p id=\"caption-attachment-88178\" class=\"wp-caption-text\">Un bel apr\u00e8s-midi convivial<\/p><\/div>\n<p>&nbsp;<\/p>\n<p class=\"Titreecho\"><strong><span style=\"font-size: 12pt;\">Ce mardi, pr\u00e8s de 70 membres de la section \u00ab\u00a0randonn\u00e9e\u00a0\u00bb de l\u2019association Falli\u00e8res Sport D\u00e9tente (FSD) se sont retrouv\u00e9s au centre socioculturel pour partager un moment convivial \u00e0 l\u2019occasion de la traditionnelle galette des Rois.<\/span><\/strong><\/p>\n<p class=\"Titreecho\"><span style=\"font-size: 12.0pt; font-weight: normal;\">Avant de f\u00eater l\u2019\u00c9piphanie, les marcheurs ont d\u00fb arpenter pr\u00e8s de 10 km dans les environs de Saint-Nabord et surmonter environ 250 m de d\u00e9nivel\u00e9. Une belle randonn\u00e9e, men\u00e9e par Michel Febvay, qui a fait passer le groupe par\u00a0: l\u2019\u00e9tang de Huch\u00e8re, le col de Raon-aux-Bois et l\u2019Arboretum.<\/span><\/p>\n<div id=\"attachment_88179\" style=\"width: 196px\" class=\"wp-caption alignright\"><a href=\"https:\/\/vosgesinfo.fr\/app\/uploads\/sites\/5\/2026\/01\/aline-la-presidente-presente-ses-voeux.jpg\"><img decoding=\"async\" aria-describedby=\"caption-attachment-88179\" class=\"size-medium wp-image-88179\" src=\"https:\/\/vosgesinfo.fr\/app\/uploads\/sites\/5\/2026\/01\/aline-la-presidente-presente-ses-voeux-186x300.jpg\" alt=\"\" width=\"186\" height=\"300\" srcset=\"https:\/\/vosgesinfo.fr\/app\/uploads\/sites\/5\/2026\/01\/aline-la-presidente-presente-ses-voeux-186x300.jpg 186w, https:\/\/vosgesinfo.fr\/app\/uploads\/sites\/5\/2026\/01\/aline-la-presidente-presente-ses-voeux.jpg 559w\" sizes=\"(max-width: 186px) 100vw, 186px\" \/><\/a><p id=\"caption-attachment-88179\" class=\"wp-caption-text\">Aline, la pr\u00e9sidente pr\u00e9sente ses v\u0153ux<\/p><\/div>\n<p class=\"Titreecho\"><span style=\"font-size: 12.0pt; font-weight: normal;\">De retour au centre socioculturel, les marcheurs ont alors d\u00e9couvert des tables magnifiquement d\u00e9cor\u00e9es avec des pr\u00e9parations con\u00e7ues, comme chaque ann\u00e9e, par Colette Febvay. Au cours de la d\u00e9gustation des galettes, les participants ont chant\u00e9 en ch\u0153ur une composition titr\u00e9e \u00ab Pour Nono, sur l\u2019air de Mon beau sapin \u00bb. En effet, Norbert Perrin fut largement applaudi car il s\u2019investit chaque ann\u00e9e en organisant des marches sp\u00e9ciales : \u00ab Marche des illuminations \u00bb au mois de d\u00e9cembre, \u00ab Marche des andouilles \u00bb au mois de f\u00e9vrier.\u00a0<\/span><span style=\"font-size: 12.0pt; font-weight: normal;\">La pr\u00e9sidente de FSD, Aline Claude, a \u00e9galement rejoint le groupe pour souhaiter une bonne ann\u00e9e aux marcheurs du groupe \u00ab rando \u00bb.<\/span><\/p>\n<p class=\"Titreecho\"><span style=\"font-size: 12.0pt;\">\u00a0<\/span><\/p>\n<p class=\"Titreecho\"><strong><span style=\"font-size: 12.0pt;\">PM avec participation et photos de J.C. Bigorne \u00a0<\/span><\/strong><\/p>\n<p class=\"Titreecho\"><span style=\"font-size: 12.0pt;\"> <a href=\"https:\/\/vosgesinfo.fr\/app\/uploads\/sites\/5\/2026\/01\/capture-decran-2026-01-22-135111.jpg\"><img decoding=\"async\" class=\"alignright size-large wp-image-88180\" src=\"https:\/\/vosgesinfo.fr\/app\/uploads\/sites\/5\/2026\/01\/capture-decran-2026-01-22-135111-1024x471.jpg\" alt=\"\" width=\"1024\" height=\"471\" srcset=\"https:\/\/vosgesinfo.fr\/app\/uploads\/sites\/5\/2026\/01\/capture-decran-2026-01-22-135111-1024x471.jpg 1024w, https:\/\/vosgesinfo.fr\/app\/uploads\/sites\/5\/2026\/01\/capture-decran-2026-01-22-135111-300x138.jpg 300w, https:\/\/vosgesinfo.fr\/app\/uploads\/sites\/5\/2026\/01\/capture-decran-2026-01-22-135111-768x353.jpg 768w, https:\/\/vosgesinfo.fr\/app\/uploads\/sites\/5\/2026\/01\/capture-decran-2026-01-22-135111-1536x706.jpg 1536w, https:\/\/vosgesinfo.fr\/app\/uploads\/sites\/5\/2026\/01\/capture-decran-2026-01-22-135111.jpg 1825w\" sizes=\"(max-width: 1024px) 100vw, 1024px\" \/><\/a><\/span><\/p>\n","protected":false},"excerpt":{"rendered":"<p>&nbsp; Ce mardi, pr\u00e8s de 70 membres de la section \u00ab\u00a0randonn\u00e9e\u00a0\u00bb de l\u2019association Falli\u00e8res Sport D\u00e9tente (FSD) se sont retrouv\u00e9s [&hellip;]<\/p>\n","protected":false},"author":413,"featured_media":88178,"comment_status":"open","ping_status":"open","sticky":false,"template":"","format":"standard","meta":{"footnotes":""},"categories":[26,35,100,17],"tags":[7891],"class_list":["post-88177","post","type-post","status-publish","format-standard","has-post-thumbnail","hentry","category-a-la-une","category-remiremont-son-canton","category-saint-nabord","category-vie-associative","tag-association-fallieres-sport-detente"],"acf":[],"yoast_head":"<!-- This site is optimized with the Yoast SEO plugin v22.5 - https:\/\/yoast.com\/wordpress\/plugins\/seo\/ -->\n<title>Le groupe \u00ab rando \u00bb de Falli\u00e8res Sport D\u00e9tente a f\u00eat\u00e9 l\u2019\u00c9piphanie. - Remiremont Info<\/title>\n<meta name=\"robots\" content=\"index, follow, max-snippet:-1, max-image-preview:large, max-video-preview:-1\" \/>\n<link rel=\"canonical\" href=\"https:\/\/vosgesinfo.fr\/remiremontinfo\/?p=88177\" \/>\n<meta name=\"twitter:card\" content=\"summary_large_image\" \/>\n<meta name=\"twitter:title\" content=\"Le groupe \u00ab rando \u00bb de Falli\u00e8res Sport D\u00e9tente a f\u00eat\u00e9 l\u2019\u00c9piphanie. - Remiremont Info\" \/>\n<meta name=\"twitter:description\" content=\"&nbsp; Ce mardi, pr\u00e8s de 70 membres de la section \u00ab\u00a0randonn\u00e9e\u00a0\u00bb de l\u2019association Falli\u00e8res Sport D\u00e9tente (FSD) se sont retrouv\u00e9s [&hellip;]\" \/>\n<meta name=\"twitter:image\" content=\"https:\/\/vosgesinfo.fr\/app\/uploads\/sites\/5\/2026\/01\/capture-decran-2026-01-22-134856.jpg\" \/>\n<meta name=\"twitter:creator\" content=\"@VosgesInfo88\" \/>\n<meta name=\"twitter:site\" content=\"@VosgesInfo88\" \/>\n<meta name=\"twitter:label1\" content=\"\u00c9crit par\" \/>\n\t<meta name=\"twitter:data1\" content=\"P.M\" \/>\n\t<meta name=\"twitter:label2\" content=\"Dur\u00e9e de lecture estim\u00e9e\" \/>\n\t<meta name=\"twitter:data2\" content=\"2 minutes\" \/>\n<script type=\"application\/ld+json\" class=\"yoast-schema-graph\">{\"@context\":\"https:\/\/schema.org\",\"@graph\":[{\"@type\":\"Article\",\"@id\":\"https:\/\/vosgesinfo.fr\/remiremontinfo\/?p=88177#article\",\"isPartOf\":{\"@id\":\"https:\/\/vosgesinfo.fr\/remiremontinfo\/?p=88177\"},\"author\":{\"name\":\"P.M\",\"@id\":\"https:\/\/vosgesinfo.fr\/remiremontinfo\/#\/schema\/person\/a6fd2dde36da20be3679f2058b94c5b8\"},\"headline\":\"Le groupe \u00ab rando \u00bb de Falli\u00e8res Sport D\u00e9tente a f\u00eat\u00e9 l\u2019\u00c9piphanie.\",\"datePublished\":\"2026-01-22T19:17:01+00:00\",\"dateModified\":\"2026-01-22T19:17:01+00:00\",\"mainEntityOfPage\":{\"@id\":\"https:\/\/vosgesinfo.fr\/remiremontinfo\/?p=88177\"},\"wordCount\":264,\"commentCount\":0,\"publisher\":{\"@id\":\"https:\/\/vosgesinfo.fr\/remiremontinfo\/#organization\"},\"image\":{\"@id\":\"https:\/\/vosgesinfo.fr\/remiremontinfo\/?p=88177#primaryimage\"},\"thumbnailUrl\":\"https:\/\/vosgesinfo.fr\/app\/uploads\/sites\/5\/2026\/01\/capture-decran-2026-01-22-134856.jpg\",\"keywords\":[\"Association Falli\u00e8res Sport D\u00e9tente\"],\"articleSection\":[\"A la Une\",\"Remiremont &amp; son canton\",\"Saint-Nabord\",\"Vie associative\"],\"inLanguage\":\"fr-FR\",\"potentialAction\":[{\"@type\":\"CommentAction\",\"name\":\"Comment\",\"target\":[\"https:\/\/vosgesinfo.fr\/remiremontinfo\/?p=88177#respond\"]}]},{\"@type\":\"WebPage\",\"@id\":\"https:\/\/vosgesinfo.fr\/remiremontinfo\/?p=88177\",\"url\":\"https:\/\/vosgesinfo.fr\/remiremontinfo\/?p=88177\",\"name\":\"Le groupe \u00ab rando \u00bb de Falli\u00e8res Sport D\u00e9tente a f\u00eat\u00e9 l\u2019\u00c9piphanie. - Remiremont Info\",\"isPartOf\":{\"@id\":\"https:\/\/vosgesinfo.fr\/remiremontinfo\/#website\"},\"primaryImageOfPage\":{\"@id\":\"https:\/\/vosgesinfo.fr\/remiremontinfo\/?p=88177#primaryimage\"},\"image\":{\"@id\":\"https:\/\/vosgesinfo.fr\/remiremontinfo\/?p=88177#primaryimage\"},\"thumbnailUrl\":\"https:\/\/vosgesinfo.fr\/app\/uploads\/sites\/5\/2026\/01\/capture-decran-2026-01-22-134856.jpg\",\"datePublished\":\"2026-01-22T19:17:01+00:00\",\"dateModified\":\"2026-01-22T19:17:01+00:00\",\"breadcrumb\":{\"@id\":\"https:\/\/vosgesinfo.fr\/remiremontinfo\/?p=88177#breadcrumb\"},\"inLanguage\":\"fr-FR\",\"potentialAction\":[{\"@type\":\"ReadAction\",\"target\":[\"https:\/\/vosgesinfo.fr\/remiremontinfo\/?p=88177\"]}]},{\"@type\":\"ImageObject\",\"inLanguage\":\"fr-FR\",\"@id\":\"https:\/\/vosgesinfo.fr\/remiremontinfo\/?p=88177#primaryimage\",\"url\":\"https:\/\/vosgesinfo.fr\/app\/uploads\/sites\/5\/2026\/01\/capture-decran-2026-01-22-134856.jpg\",\"contentUrl\":\"https:\/\/vosgesinfo.fr\/app\/uploads\/sites\/5\/2026\/01\/capture-decran-2026-01-22-134856.jpg\",\"width\":1814,\"height\":839},{\"@type\":\"BreadcrumbList\",\"@id\":\"https:\/\/vosgesinfo.fr\/remiremontinfo\/?p=88177#breadcrumb\",\"itemListElement\":[{\"@type\":\"ListItem\",\"position\":1,\"name\":\"Home\",\"item\":\"https:\/\/vosgesinfo.fr\/remiremontinfo\/\"},{\"@type\":\"ListItem\",\"position\":2,\"name\":\"Le groupe \u00ab rando \u00bb de Falli\u00e8res Sport D\u00e9tente a f\u00eat\u00e9 l\u2019\u00c9piphanie.\"}]},{\"@type\":\"WebSite\",\"@id\":\"https:\/\/vosgesinfo.fr\/remiremontinfo\/#website\",\"url\":\"https:\/\/vosgesinfo.fr\/remiremontinfo\/\",\"name\":\"Remiremont Info\",\"description\":\"Toute l&#039;actualit\u00e9 de Remiremont\",\"publisher\":{\"@id\":\"https:\/\/vosgesinfo.fr\/remiremontinfo\/#organization\"},\"alternateName\":\"Toute l'actualit\u00e9 de Remiremont\",\"potentialAction\":[{\"@type\":\"SearchAction\",\"target\":{\"@type\":\"EntryPoint\",\"urlTemplate\":\"https:\/\/vosgesinfo.fr\/remiremontinfo\/?s={search_term_string}\"},\"query-input\":\"required name=search_term_string\"}],\"inLanguage\":\"fr-FR\"},{\"@type\":\"Organization\",\"@id\":\"https:\/\/vosgesinfo.fr\/remiremontinfo\/#organization\",\"name\":\"Remiremont Info\",\"url\":\"https:\/\/vosgesinfo.fr\/remiremontinfo\/\",\"logo\":{\"@type\":\"ImageObject\",\"inLanguage\":\"fr-FR\",\"@id\":\"https:\/\/vosgesinfo.fr\/remiremontinfo\/#\/schema\/logo\/image\/\",\"url\":\"https:\/\/vosgesinfo.fr\/app\/uploads\/sites\/5\/2023\/08\/favicon-remiremontinfo.png\",\"contentUrl\":\"https:\/\/vosgesinfo.fr\/app\/uploads\/sites\/5\/2023\/08\/favicon-remiremontinfo.png\",\"width\":512,\"height\":512,\"caption\":\"Remiremont Info\"},\"image\":{\"@id\":\"https:\/\/vosgesinfo.fr\/remiremontinfo\/#\/schema\/logo\/image\/\"},\"sameAs\":[\"https:\/\/www.facebook.com\/remiremontinfo\",\"https:\/\/x.com\/VosgesInfo88\",\"https:\/\/www.youtube.com\/@vosgesinfo\"]},{\"@type\":\"Person\",\"@id\":\"https:\/\/vosgesinfo.fr\/remiremontinfo\/#\/schema\/person\/a6fd2dde36da20be3679f2058b94c5b8\",\"name\":\"P.M\",\"image\":{\"@type\":\"ImageObject\",\"inLanguage\":\"fr-FR\",\"@id\":\"https:\/\/vosgesinfo.fr\/remiremontinfo\/#\/schema\/person\/image\/\",\"url\":\"https:\/\/secure.gravatar.com\/avatar\/db38f6ef38bb165f6f4d352563f264129673ed4536984fbbcddf700bd12f8a9a?s=96&d=mm&r=g\",\"contentUrl\":\"https:\/\/secure.gravatar.com\/avatar\/db38f6ef38bb165f6f4d352563f264129673ed4536984fbbcddf700bd12f8a9a?s=96&d=mm&r=g\",\"caption\":\"P.M\"},\"url\":\"https:\/\/vosgesinfo.fr\/remiremontinfo\/author\/p-mangel88\/\"}]}<\/script>\n<!-- \/ Yoast SEO plugin. -->","yoast_head_json":{"title":"Le groupe \u00ab rando \u00bb de Falli\u00e8res Sport D\u00e9tente a f\u00eat\u00e9 l\u2019\u00c9piphanie. - Remiremont Info","robots":{"index":"index","follow":"follow","max-snippet":"max-snippet:-1","max-image-preview":"max-image-preview:large","max-video-preview":"max-video-preview:-1"},"canonical":"https:\/\/vosgesinfo.fr\/remiremontinfo\/?p=88177","twitter_card":"summary_large_image","twitter_title":"Le groupe \u00ab rando \u00bb de Falli\u00e8res Sport D\u00e9tente a f\u00eat\u00e9 l\u2019\u00c9piphanie. - Remiremont Info","twitter_description":"&nbsp; Ce mardi, pr\u00e8s de 70 membres de la section \u00ab\u00a0randonn\u00e9e\u00a0\u00bb de l\u2019association Falli\u00e8res Sport D\u00e9tente (FSD) se sont retrouv\u00e9s [&hellip;]","twitter_image":"https:\/\/vosgesinfo.fr\/app\/uploads\/sites\/5\/2026\/01\/capture-decran-2026-01-22-134856.jpg","twitter_creator":"@VosgesInfo88","twitter_site":"@VosgesInfo88","twitter_misc":{"\u00c9crit par":"P.M","Dur\u00e9e de lecture estim\u00e9e":"2 minutes"},"schema":{"@context":"https:\/\/schema.org","@graph":[{"@type":"Article","@id":"https:\/\/vosgesinfo.fr\/remiremontinfo\/?p=88177#article","isPartOf":{"@id":"https:\/\/vosgesinfo.fr\/remiremontinfo\/?p=88177"},"author":{"name":"P.M","@id":"https:\/\/vosgesinfo.fr\/remiremontinfo\/#\/schema\/person\/a6fd2dde36da20be3679f2058b94c5b8"},"headline":"Le groupe \u00ab rando \u00bb de Falli\u00e8res Sport D\u00e9tente a f\u00eat\u00e9 l\u2019\u00c9piphanie.","datePublished":"2026-01-22T19:17:01+00:00","dateModified":"2026-01-22T19:17:01+00:00","mainEntityOfPage":{"@id":"https:\/\/vosgesinfo.fr\/remiremontinfo\/?p=88177"},"wordCount":264,"commentCount":0,"publisher":{"@id":"https:\/\/vosgesinfo.fr\/remiremontinfo\/#organization"},"image":{"@id":"https:\/\/vosgesinfo.fr\/remiremontinfo\/?p=88177#primaryimage"},"thumbnailUrl":"https:\/\/vosgesinfo.fr\/app\/uploads\/sites\/5\/2026\/01\/capture-decran-2026-01-22-134856.jpg","keywords":["Association Falli\u00e8res Sport D\u00e9tente"],"articleSection":["A la Une","Remiremont &amp; son canton","Saint-Nabord","Vie associative"],"inLanguage":"fr-FR","potentialAction":[{"@type":"CommentAction","name":"Comment","target":["https:\/\/vosgesinfo.fr\/remiremontinfo\/?p=88177#respond"]}]},{"@type":"WebPage","@id":"https:\/\/vosgesinfo.fr\/remiremontinfo\/?p=88177","url":"https:\/\/vosgesinfo.fr\/remiremontinfo\/?p=88177","name":"Le groupe \u00ab rando \u00bb de Falli\u00e8res Sport D\u00e9tente a f\u00eat\u00e9 l\u2019\u00c9piphanie. - Remiremont Info","isPartOf":{"@id":"https:\/\/vosgesinfo.fr\/remiremontinfo\/#website"},"primaryImageOfPage":{"@id":"https:\/\/vosgesinfo.fr\/remiremontinfo\/?p=88177#primaryimage"},"image":{"@id":"https:\/\/vosgesinfo.fr\/remiremontinfo\/?p=88177#primaryimage"},"thumbnailUrl":"https:\/\/vosgesinfo.fr\/app\/uploads\/sites\/5\/2026\/01\/capture-decran-2026-01-22-134856.jpg","datePublished":"2026-01-22T19:17:01+00:00","dateModified":"2026-01-22T19:17:01+00:00","breadcrumb":{"@id":"https:\/\/vosgesinfo.fr\/remiremontinfo\/?p=88177#breadcrumb"},"inLanguage":"fr-FR","potentialAction":[{"@type":"ReadAction","target":["https:\/\/vosgesinfo.fr\/remiremontinfo\/?p=88177"]}]},{"@type":"ImageObject","inLanguage":"fr-FR","@id":"https:\/\/vosgesinfo.fr\/remiremontinfo\/?p=88177#primaryimage","url":"https:\/\/vosgesinfo.fr\/app\/uploads\/sites\/5\/2026\/01\/capture-decran-2026-01-22-134856.jpg","contentUrl":"https:\/\/vosgesinfo.fr\/app\/uploads\/sites\/5\/2026\/01\/capture-decran-2026-01-22-134856.jpg","width":1814,"height":839},{"@type":"BreadcrumbList","@id":"https:\/\/vosgesinfo.fr\/remiremontinfo\/?p=88177#breadcrumb","itemListElement":[{"@type":"ListItem","position":1,"name":"Home","item":"https:\/\/vosgesinfo.fr\/remiremontinfo\/"},{"@type":"ListItem","position":2,"name":"Le groupe \u00ab rando \u00bb de Falli\u00e8res Sport D\u00e9tente a f\u00eat\u00e9 l\u2019\u00c9piphanie."}]},{"@type":"WebSite","@id":"https:\/\/vosgesinfo.fr\/remiremontinfo\/#website","url":"https:\/\/vosgesinfo.fr\/remiremontinfo\/","name":"Remiremont Info","description":"Toute l&#039;actualit\u00e9 de Remiremont","publisher":{"@id":"https:\/\/vosgesinfo.fr\/remiremontinfo\/#organization"},"alternateName":"Toute l'actualit\u00e9 de Remiremont","potentialAction":[{"@type":"SearchAction","target":{"@type":"EntryPoint","urlTemplate":"https:\/\/vosgesinfo.fr\/remiremontinfo\/?s={search_term_string}"},"query-input":"required name=search_term_string"}],"inLanguage":"fr-FR"},{"@type":"Organization","@id":"https:\/\/vosgesinfo.fr\/remiremontinfo\/#organization","name":"Remiremont Info","url":"https:\/\/vosgesinfo.fr\/remiremontinfo\/","logo":{"@type":"ImageObject","inLanguage":"fr-FR","@id":"https:\/\/vosgesinfo.fr\/remiremontinfo\/#\/schema\/logo\/image\/","url":"https:\/\/vosgesinfo.fr\/app\/uploads\/sites\/5\/2023\/08\/favicon-remiremontinfo.png","contentUrl":"https:\/\/vosgesinfo.fr\/app\/uploads\/sites\/5\/2023\/08\/favicon-remiremontinfo.png","width":512,"height":512,"caption":"Remiremont Info"},"image":{"@id":"https:\/\/vosgesinfo.fr\/remiremontinfo\/#\/schema\/logo\/image\/"},"sameAs":["https:\/\/www.facebook.com\/remiremontinfo","https:\/\/x.com\/VosgesInfo88","https:\/\/www.youtube.com\/@vosgesinfo"]},{"@type":"Person","@id":"https:\/\/vosgesinfo.fr\/remiremontinfo\/#\/schema\/person\/a6fd2dde36da20be3679f2058b94c5b8","name":"P.M","image":{"@type":"ImageObject","inLanguage":"fr-FR","@id":"https:\/\/vosgesinfo.fr\/remiremontinfo\/#\/schema\/person\/image\/","url":"https:\/\/secure.gravatar.com\/avatar\/db38f6ef38bb165f6f4d352563f264129673ed4536984fbbcddf700bd12f8a9a?s=96&d=mm&r=g","contentUrl":"https:\/\/secure.gravatar.com\/avatar\/db38f6ef38bb165f6f4d352563f264129673ed4536984fbbcddf700bd12f8a9a?s=96&d=mm&r=g","caption":"P.M"},"url":"https:\/\/vosgesinfo.fr\/remiremontinfo\/author\/p-mangel88\/"}]}},"_links":{"self":[{"href":"https:\/\/vosgesinfo.fr\/remiremontinfo\/wp-json\/wp\/v2\/posts\/88177","targetHints":{"allow":["GET"]}}],"collection":[{"href":"https:\/\/vosgesinfo.fr\/remiremontinfo\/wp-json\/wp\/v2\/posts"}],"about":[{"href":"https:\/\/vosgesinfo.fr\/remiremontinfo\/wp-json\/wp\/v2\/types\/post"}],"author":[{"embeddable":true,"href":"https:\/\/vosgesinfo.fr\/remiremontinfo\/wp-json\/wp\/v2\/users\/413"}],"replies":[{"embeddable":true,"href":"https:\/\/vosgesinfo.fr\/remiremontinfo\/wp-json\/wp\/v2\/comments?post=88177"}],"version-history":[{"count":3,"href":"https:\/\/vosgesinfo.fr\/remiremontinfo\/wp-json\/wp\/v2\/posts\/88177\/revisions"}],"predecessor-version":[{"id":88196,"href":"https:\/\/vosgesinfo.fr\/remiremontinfo\/wp-json\/wp\/v2\/posts\/88177\/revisions\/88196"}],"wp:featuredmedia":[{"embeddable":true,"href":"https:\/\/vosgesinfo.fr\/remiremontinfo\/wp-json\/wp\/v2\/media\/88178"}],"wp:attachment":[{"href":"https:\/\/vosgesinfo.fr\/remiremontinfo\/wp-json\/wp\/v2\/media?parent=88177"}],"wp:term":[{"taxonomy":"category","embeddable":true,"href":"https:\/\/vosgesinfo.fr\/remiremontinfo\/wp-json\/wp\/v2\/categories?post=88177"},{"taxonomy":"post_tag","embeddable":true,"href":"https:\/\/vosgesinfo.fr\/remiremontinfo\/wp-json\/wp\/v2\/tags?post=88177"}],"curies":[{"name":"wp","href":"https:\/\/api.w.org\/{rel}","templated":true}]}}