{"id":88185,"date":"2026-01-22T14:14:38","date_gmt":"2026-01-22T13:14:38","guid":{"rendered":"https:\/\/vosgesinfo.fr\/remiremontinfo\/?p=88185"},"modified":"2026-01-23T22:23:52","modified_gmt":"2026-01-23T21:23:52","slug":"remiremont-municipales-2026-jean-benoit-tisserand-se-lance-dans-la-course-video","status":"publish","type":"post","link":"https:\/\/vosgesinfo.fr\/remiremontinfo\/2026\/01\/remiremont-municipales-2026-jean-benoit-tisserand-se-lance-dans-la-course-video\/","title":{"rendered":"Remiremont \u2013 Municipales 2026 : Jean-Beno\u00eet Tisserand se lance dans la course [video]"},"content":{"rendered":"<h2 data-start=\"213\" data-end=\"466\"><strong><a href=\"https:\/\/vosgesinfo.fr\/app\/uploads\/sites\/5\/2026\/01\/jean-benoit-tisserand.jpg\"><img decoding=\"async\" class=\"aligncenter size-full wp-image-88186\" src=\"https:\/\/vosgesinfo.fr\/app\/uploads\/sites\/5\/2026\/01\/jean-benoit-tisserand.jpg\" alt=\"\" width=\"497\" height=\"569\" srcset=\"https:\/\/vosgesinfo.fr\/app\/uploads\/sites\/5\/2026\/01\/jean-benoit-tisserand.jpg 497w, https:\/\/vosgesinfo.fr\/app\/uploads\/sites\/5\/2026\/01\/jean-benoit-tisserand-262x300.jpg 262w\" sizes=\"(max-width: 497px) 100vw, 497px\" \/><\/a>\u00c0 quelques semaines des \u00e9lections municipales, le maire de Remiremont officialise son intention de briguer un nouveau mandat. En fonction depuis l\u2019automne 2020, Jean-Beno\u00eet Tisserand sera t\u00eate de liste en mars 2026 sous la banni\u00e8re \u00ab Agir pour Remiremont \u00bb.<\/strong><\/h2>\n<p data-start=\"468\" data-end=\"762\">Arriv\u00e9 \u00e0 la t\u00eate de la municipalit\u00e9 apr\u00e8s le d\u00e9part de Jean Hingray, \u00e9lu s\u00e9nateur des Vosges en cours de mandat, Jean-Beno\u00eet Tisserand avait \u00e9t\u00e9 d\u00e9sign\u00e9 maire par le conseil municipal en octobre 2020. Il aura ainsi exerc\u00e9 la fonction quasiment sur l\u2019int\u00e9gralit\u00e9 du mandat, \u00e0 quelques mois pr\u00e8s.<\/p>\n<p data-start=\"764\" data-end=\"1074\">S\u2019il n\u2019avait encore rien officialis\u00e9, sa candidature ne faisait gu\u00e8re de doute depuis plusieurs mois. C\u2019est d\u00e9sormais chose faite. Dans une vid\u00e9o diffus\u00e9e mercredi soir sur les r\u00e9seaux sociaux, l\u2019\u00e9dile annonce sa participation au scrutin des <strong data-start=\"1006\" data-end=\"1028\">15 et 22 mars 2026<\/strong> et pr\u00e9sente les grandes lignes de son projet.<\/p>\n<p data-start=\"1076\" data-end=\"1368\">Il entend s\u2019appuyer sur une \u00e9quipe m\u00ealant continuit\u00e9 et renouveau, avec pr\u00e8s de <strong data-start=\"1156\" data-end=\"1184\">40 % de nouveaux visages<\/strong>. \u00ab Notre objectif est de poursuivre le travail engag\u00e9 pour Remiremont et de porter des projets ambitieux pour l\u2019avenir de la ville, au b\u00e9n\u00e9fice de tous ses habitants \u00bb, souligne-t-il.<\/p>\n<p data-start=\"1370\" data-end=\"1597\">Ce scrutin marquera une premi\u00e8re pour Jean-Beno\u00eet Tisserand, qui conduira pour la premi\u00e8re fois une liste municipale. Lors des \u00e9lections de 2020, il figurait sur la liste men\u00e9e par Jean Hingray, en qualit\u00e9 de quatri\u00e8me adjoint.<\/p>\n<p data-start=\"1599\" data-end=\"1752\">La campagne municipale est d\u00e9sormais lanc\u00e9e \u00e0 Remiremont, avec un maire sortant d\u00e9termin\u00e9 \u00e0 poursuivre son action et \u00e0 inscrire son projet dans la dur\u00e9e.<\/p>\n<p data-start=\"1599\" data-end=\"1752\"><iframe loading=\"lazy\" style=\"border: none; overflow: hidden;\" src=\"https:\/\/www.facebook.com\/plugins\/video.php?height=476&amp;href=https%3A%2F%2Fwww.facebook.com%2Fjeanbenoit.tisserand%2Fvideos%2F1271346211719225%2F&amp;show_text=false&amp;width=267&amp;t=0\" width=\"267\" height=\"476\" frameborder=\"0\" scrolling=\"no\" allowfullscreen=\"allowfullscreen\"><\/iframe><\/p>\n","protected":false},"excerpt":{"rendered":"<p>\u00c0 quelques semaines des \u00e9lections municipales, le maire de Remiremont officialise son intention de briguer un nouveau mandat. En fonction [&hellip;]<\/p>\n","protected":false},"author":52,"featured_media":88186,"comment_status":"open","ping_status":"open","sticky":false,"template":"","format":"standard","meta":{"footnotes":""},"categories":[26,10,43],"tags":[],"class_list":["post-88185","post","type-post","status-publish","format-standard","has-post-thumbnail","hentry","category-a-la-une","category-politique","category-remiremont-remiremont-son-canton"],"acf":[],"yoast_head":"<!-- This site is optimized with the Yoast SEO plugin v22.5 - https:\/\/yoast.com\/wordpress\/plugins\/seo\/ -->\n<title>Remiremont \u2013 Municipales 2026 : Jean-Beno\u00eet Tisserand se lance dans la course [video] - Remiremont Info<\/title>\n<meta name=\"robots\" content=\"index, follow, max-snippet:-1, max-image-preview:large, max-video-preview:-1\" \/>\n<link rel=\"canonical\" href=\"https:\/\/vosgesinfo.fr\/remiremontinfo\/2026\/01\/remiremont-municipales-2026-jean-benoit-tisserand-se-lance-dans-la-course-video\/\" \/>\n<meta name=\"twitter:card\" content=\"summary_large_image\" \/>\n<meta name=\"twitter:title\" content=\"Remiremont \u2013 Municipales 2026 : Jean-Beno\u00eet Tisserand se lance dans la course [video] - Remiremont Info\" \/>\n<meta name=\"twitter:description\" content=\"\u00c0 quelques semaines des \u00e9lections municipales, le maire de Remiremont officialise son intention de briguer un nouveau mandat. En fonction [&hellip;]\" \/>\n<meta name=\"twitter:image\" content=\"https:\/\/vosgesinfo.fr\/app\/uploads\/sites\/5\/2026\/01\/jean-benoit-tisserand.jpg\" \/>\n<meta name=\"twitter:creator\" content=\"@VosgesInfo88\" \/>\n<meta name=\"twitter:site\" content=\"@VosgesInfo88\" \/>\n<meta name=\"twitter:label1\" content=\"\u00c9crit par\" \/>\n\t<meta name=\"twitter:data1\" content=\"C.K.\" \/>\n\t<meta name=\"twitter:label2\" content=\"Dur\u00e9e de lecture estim\u00e9e\" \/>\n\t<meta name=\"twitter:data2\" content=\"2 minutes\" \/>\n<script type=\"application\/ld+json\" class=\"yoast-schema-graph\">{\"@context\":\"https:\/\/schema.org\",\"@graph\":[{\"@type\":\"Article\",\"@id\":\"https:\/\/vosgesinfo.fr\/remiremontinfo\/2026\/01\/remiremont-municipales-2026-jean-benoit-tisserand-se-lance-dans-la-course-video\/#article\",\"isPartOf\":{\"@id\":\"https:\/\/vosgesinfo.fr\/remiremontinfo\/2026\/01\/remiremont-municipales-2026-jean-benoit-tisserand-se-lance-dans-la-course-video\/\"},\"author\":{\"name\":\"C.K.\",\"@id\":\"https:\/\/vosgesinfo.fr\/remiremontinfo\/#\/schema\/person\/6f9a650eeea99d969b6c4ab78fccbe81\"},\"headline\":\"Remiremont \u2013 Municipales 2026 : Jean-Beno\u00eet Tisserand se lance dans la course [video]\",\"datePublished\":\"2026-01-22T13:14:38+00:00\",\"dateModified\":\"2026-01-23T21:23:52+00:00\",\"mainEntityOfPage\":{\"@id\":\"https:\/\/vosgesinfo.fr\/remiremontinfo\/2026\/01\/remiremont-municipales-2026-jean-benoit-tisserand-se-lance-dans-la-course-video\/\"},\"wordCount\":277,\"commentCount\":0,\"publisher\":{\"@id\":\"https:\/\/vosgesinfo.fr\/remiremontinfo\/#organization\"},\"image\":{\"@id\":\"https:\/\/vosgesinfo.fr\/remiremontinfo\/2026\/01\/remiremont-municipales-2026-jean-benoit-tisserand-se-lance-dans-la-course-video\/#primaryimage\"},\"thumbnailUrl\":\"https:\/\/vosgesinfo.fr\/app\/uploads\/sites\/5\/2026\/01\/jean-benoit-tisserand.jpg\",\"articleSection\":[\"A la Une\",\"Politique\",\"Remiremont\"],\"inLanguage\":\"fr-FR\",\"potentialAction\":[{\"@type\":\"CommentAction\",\"name\":\"Comment\",\"target\":[\"https:\/\/vosgesinfo.fr\/remiremontinfo\/2026\/01\/remiremont-municipales-2026-jean-benoit-tisserand-se-lance-dans-la-course-video\/#respond\"]}]},{\"@type\":\"WebPage\",\"@id\":\"https:\/\/vosgesinfo.fr\/remiremontinfo\/2026\/01\/remiremont-municipales-2026-jean-benoit-tisserand-se-lance-dans-la-course-video\/\",\"url\":\"https:\/\/vosgesinfo.fr\/remiremontinfo\/2026\/01\/remiremont-municipales-2026-jean-benoit-tisserand-se-lance-dans-la-course-video\/\",\"name\":\"Remiremont \u2013 Municipales 2026 : Jean-Beno\u00eet Tisserand se lance dans la course [video] - Remiremont Info\",\"isPartOf\":{\"@id\":\"https:\/\/vosgesinfo.fr\/remiremontinfo\/#website\"},\"primaryImageOfPage\":{\"@id\":\"https:\/\/vosgesinfo.fr\/remiremontinfo\/2026\/01\/remiremont-municipales-2026-jean-benoit-tisserand-se-lance-dans-la-course-video\/#primaryimage\"},\"image\":{\"@id\":\"https:\/\/vosgesinfo.fr\/remiremontinfo\/2026\/01\/remiremont-municipales-2026-jean-benoit-tisserand-se-lance-dans-la-course-video\/#primaryimage\"},\"thumbnailUrl\":\"https:\/\/vosgesinfo.fr\/app\/uploads\/sites\/5\/2026\/01\/jean-benoit-tisserand.jpg\",\"datePublished\":\"2026-01-22T13:14:38+00:00\",\"dateModified\":\"2026-01-23T21:23:52+00:00\",\"breadcrumb\":{\"@id\":\"https:\/\/vosgesinfo.fr\/remiremontinfo\/2026\/01\/remiremont-municipales-2026-jean-benoit-tisserand-se-lance-dans-la-course-video\/#breadcrumb\"},\"inLanguage\":\"fr-FR\",\"potentialAction\":[{\"@type\":\"ReadAction\",\"target\":[\"https:\/\/vosgesinfo.fr\/remiremontinfo\/2026\/01\/remiremont-municipales-2026-jean-benoit-tisserand-se-lance-dans-la-course-video\/\"]}]},{\"@type\":\"ImageObject\",\"inLanguage\":\"fr-FR\",\"@id\":\"https:\/\/vosgesinfo.fr\/remiremontinfo\/2026\/01\/remiremont-municipales-2026-jean-benoit-tisserand-se-lance-dans-la-course-video\/#primaryimage\",\"url\":\"https:\/\/vosgesinfo.fr\/app\/uploads\/sites\/5\/2026\/01\/jean-benoit-tisserand.jpg\",\"contentUrl\":\"https:\/\/vosgesinfo.fr\/app\/uploads\/sites\/5\/2026\/01\/jean-benoit-tisserand.jpg\",\"width\":497,\"height\":569},{\"@type\":\"BreadcrumbList\",\"@id\":\"https:\/\/vosgesinfo.fr\/remiremontinfo\/2026\/01\/remiremont-municipales-2026-jean-benoit-tisserand-se-lance-dans-la-course-video\/#breadcrumb\",\"itemListElement\":[{\"@type\":\"ListItem\",\"position\":1,\"name\":\"Home\",\"item\":\"https:\/\/vosgesinfo.fr\/remiremontinfo\/\"},{\"@type\":\"ListItem\",\"position\":2,\"name\":\"Remiremont \u2013 Municipales 2026 : Jean-Beno\u00eet Tisserand se lance dans la course [video]\"}]},{\"@type\":\"WebSite\",\"@id\":\"https:\/\/vosgesinfo.fr\/remiremontinfo\/#website\",\"url\":\"https:\/\/vosgesinfo.fr\/remiremontinfo\/\",\"name\":\"Remiremont Info\",\"description\":\"Toute l&#039;actualit\u00e9 de Remiremont\",\"publisher\":{\"@id\":\"https:\/\/vosgesinfo.fr\/remiremontinfo\/#organization\"},\"alternateName\":\"Toute l'actualit\u00e9 de Remiremont\",\"potentialAction\":[{\"@type\":\"SearchAction\",\"target\":{\"@type\":\"EntryPoint\",\"urlTemplate\":\"https:\/\/vosgesinfo.fr\/remiremontinfo\/?s={search_term_string}\"},\"query-input\":\"required name=search_term_string\"}],\"inLanguage\":\"fr-FR\"},{\"@type\":\"Organization\",\"@id\":\"https:\/\/vosgesinfo.fr\/remiremontinfo\/#organization\",\"name\":\"Remiremont Info\",\"url\":\"https:\/\/vosgesinfo.fr\/remiremontinfo\/\",\"logo\":{\"@type\":\"ImageObject\",\"inLanguage\":\"fr-FR\",\"@id\":\"https:\/\/vosgesinfo.fr\/remiremontinfo\/#\/schema\/logo\/image\/\",\"url\":\"https:\/\/vosgesinfo.fr\/app\/uploads\/sites\/5\/2023\/08\/favicon-remiremontinfo.png\",\"contentUrl\":\"https:\/\/vosgesinfo.fr\/app\/uploads\/sites\/5\/2023\/08\/favicon-remiremontinfo.png\",\"width\":512,\"height\":512,\"caption\":\"Remiremont Info\"},\"image\":{\"@id\":\"https:\/\/vosgesinfo.fr\/remiremontinfo\/#\/schema\/logo\/image\/\"},\"sameAs\":[\"https:\/\/www.facebook.com\/remiremontinfo\",\"https:\/\/x.com\/VosgesInfo88\",\"https:\/\/www.youtube.com\/@vosgesinfo\"]},{\"@type\":\"Person\",\"@id\":\"https:\/\/vosgesinfo.fr\/remiremontinfo\/#\/schema\/person\/6f9a650eeea99d969b6c4ab78fccbe81\",\"name\":\"C.K.\",\"image\":{\"@type\":\"ImageObject\",\"inLanguage\":\"fr-FR\",\"@id\":\"https:\/\/vosgesinfo.fr\/remiremontinfo\/#\/schema\/person\/image\/\",\"url\":\"https:\/\/secure.gravatar.com\/avatar\/48e3fc7f8421ba8942be6b74a2b7f014ca39bc00dece156b7a8e098ae7dc87bf?s=96&d=mm&r=g\",\"contentUrl\":\"https:\/\/secure.gravatar.com\/avatar\/48e3fc7f8421ba8942be6b74a2b7f014ca39bc00dece156b7a8e098ae7dc87bf?s=96&d=mm&r=g\",\"caption\":\"C.K.\"},\"url\":\"https:\/\/vosgesinfo.fr\/remiremontinfo\/author\/celia-k-n\/\"}]}<\/script>\n<!-- \/ Yoast SEO plugin. -->","yoast_head_json":{"title":"Remiremont \u2013 Municipales 2026 : Jean-Beno\u00eet Tisserand se lance dans la course [video] - Remiremont Info","robots":{"index":"index","follow":"follow","max-snippet":"max-snippet:-1","max-image-preview":"max-image-preview:large","max-video-preview":"max-video-preview:-1"},"canonical":"https:\/\/vosgesinfo.fr\/remiremontinfo\/2026\/01\/remiremont-municipales-2026-jean-benoit-tisserand-se-lance-dans-la-course-video\/","twitter_card":"summary_large_image","twitter_title":"Remiremont \u2013 Municipales 2026 : Jean-Beno\u00eet Tisserand se lance dans la course [video] - Remiremont Info","twitter_description":"\u00c0 quelques semaines des \u00e9lections municipales, le maire de Remiremont officialise son intention de briguer un nouveau mandat. En fonction [&hellip;]","twitter_image":"https:\/\/vosgesinfo.fr\/app\/uploads\/sites\/5\/2026\/01\/jean-benoit-tisserand.jpg","twitter_creator":"@VosgesInfo88","twitter_site":"@VosgesInfo88","twitter_misc":{"\u00c9crit par":"C.K.","Dur\u00e9e de lecture estim\u00e9e":"2 minutes"},"schema":{"@context":"https:\/\/schema.org","@graph":[{"@type":"Article","@id":"https:\/\/vosgesinfo.fr\/remiremontinfo\/2026\/01\/remiremont-municipales-2026-jean-benoit-tisserand-se-lance-dans-la-course-video\/#article","isPartOf":{"@id":"https:\/\/vosgesinfo.fr\/remiremontinfo\/2026\/01\/remiremont-municipales-2026-jean-benoit-tisserand-se-lance-dans-la-course-video\/"},"author":{"name":"C.K.","@id":"https:\/\/vosgesinfo.fr\/remiremontinfo\/#\/schema\/person\/6f9a650eeea99d969b6c4ab78fccbe81"},"headline":"Remiremont \u2013 Municipales 2026 : Jean-Beno\u00eet Tisserand se lance dans la course [video]","datePublished":"2026-01-22T13:14:38+00:00","dateModified":"2026-01-23T21:23:52+00:00","mainEntityOfPage":{"@id":"https:\/\/vosgesinfo.fr\/remiremontinfo\/2026\/01\/remiremont-municipales-2026-jean-benoit-tisserand-se-lance-dans-la-course-video\/"},"wordCount":277,"commentCount":0,"publisher":{"@id":"https:\/\/vosgesinfo.fr\/remiremontinfo\/#organization"},"image":{"@id":"https:\/\/vosgesinfo.fr\/remiremontinfo\/2026\/01\/remiremont-municipales-2026-jean-benoit-tisserand-se-lance-dans-la-course-video\/#primaryimage"},"thumbnailUrl":"https:\/\/vosgesinfo.fr\/app\/uploads\/sites\/5\/2026\/01\/jean-benoit-tisserand.jpg","articleSection":["A la Une","Politique","Remiremont"],"inLanguage":"fr-FR","potentialAction":[{"@type":"CommentAction","name":"Comment","target":["https:\/\/vosgesinfo.fr\/remiremontinfo\/2026\/01\/remiremont-municipales-2026-jean-benoit-tisserand-se-lance-dans-la-course-video\/#respond"]}]},{"@type":"WebPage","@id":"https:\/\/vosgesinfo.fr\/remiremontinfo\/2026\/01\/remiremont-municipales-2026-jean-benoit-tisserand-se-lance-dans-la-course-video\/","url":"https:\/\/vosgesinfo.fr\/remiremontinfo\/2026\/01\/remiremont-municipales-2026-jean-benoit-tisserand-se-lance-dans-la-course-video\/","name":"Remiremont \u2013 Municipales 2026 : Jean-Beno\u00eet Tisserand se lance dans la course [video] - Remiremont Info","isPartOf":{"@id":"https:\/\/vosgesinfo.fr\/remiremontinfo\/#website"},"primaryImageOfPage":{"@id":"https:\/\/vosgesinfo.fr\/remiremontinfo\/2026\/01\/remiremont-municipales-2026-jean-benoit-tisserand-se-lance-dans-la-course-video\/#primaryimage"},"image":{"@id":"https:\/\/vosgesinfo.fr\/remiremontinfo\/2026\/01\/remiremont-municipales-2026-jean-benoit-tisserand-se-lance-dans-la-course-video\/#primaryimage"},"thumbnailUrl":"https:\/\/vosgesinfo.fr\/app\/uploads\/sites\/5\/2026\/01\/jean-benoit-tisserand.jpg","datePublished":"2026-01-22T13:14:38+00:00","dateModified":"2026-01-23T21:23:52+00:00","breadcrumb":{"@id":"https:\/\/vosgesinfo.fr\/remiremontinfo\/2026\/01\/remiremont-municipales-2026-jean-benoit-tisserand-se-lance-dans-la-course-video\/#breadcrumb"},"inLanguage":"fr-FR","potentialAction":[{"@type":"ReadAction","target":["https:\/\/vosgesinfo.fr\/remiremontinfo\/2026\/01\/remiremont-municipales-2026-jean-benoit-tisserand-se-lance-dans-la-course-video\/"]}]},{"@type":"ImageObject","inLanguage":"fr-FR","@id":"https:\/\/vosgesinfo.fr\/remiremontinfo\/2026\/01\/remiremont-municipales-2026-jean-benoit-tisserand-se-lance-dans-la-course-video\/#primaryimage","url":"https:\/\/vosgesinfo.fr\/app\/uploads\/sites\/5\/2026\/01\/jean-benoit-tisserand.jpg","contentUrl":"https:\/\/vosgesinfo.fr\/app\/uploads\/sites\/5\/2026\/01\/jean-benoit-tisserand.jpg","width":497,"height":569},{"@type":"BreadcrumbList","@id":"https:\/\/vosgesinfo.fr\/remiremontinfo\/2026\/01\/remiremont-municipales-2026-jean-benoit-tisserand-se-lance-dans-la-course-video\/#breadcrumb","itemListElement":[{"@type":"ListItem","position":1,"name":"Home","item":"https:\/\/vosgesinfo.fr\/remiremontinfo\/"},{"@type":"ListItem","position":2,"name":"Remiremont \u2013 Municipales 2026 : Jean-Beno\u00eet Tisserand se lance dans la course [video]"}]},{"@type":"WebSite","@id":"https:\/\/vosgesinfo.fr\/remiremontinfo\/#website","url":"https:\/\/vosgesinfo.fr\/remiremontinfo\/","name":"Remiremont Info","description":"Toute l&#039;actualit\u00e9 de Remiremont","publisher":{"@id":"https:\/\/vosgesinfo.fr\/remiremontinfo\/#organization"},"alternateName":"Toute l'actualit\u00e9 de Remiremont","potentialAction":[{"@type":"SearchAction","target":{"@type":"EntryPoint","urlTemplate":"https:\/\/vosgesinfo.fr\/remiremontinfo\/?s={search_term_string}"},"query-input":"required name=search_term_string"}],"inLanguage":"fr-FR"},{"@type":"Organization","@id":"https:\/\/vosgesinfo.fr\/remiremontinfo\/#organization","name":"Remiremont Info","url":"https:\/\/vosgesinfo.fr\/remiremontinfo\/","logo":{"@type":"ImageObject","inLanguage":"fr-FR","@id":"https:\/\/vosgesinfo.fr\/remiremontinfo\/#\/schema\/logo\/image\/","url":"https:\/\/vosgesinfo.fr\/app\/uploads\/sites\/5\/2023\/08\/favicon-remiremontinfo.png","contentUrl":"https:\/\/vosgesinfo.fr\/app\/uploads\/sites\/5\/2023\/08\/favicon-remiremontinfo.png","width":512,"height":512,"caption":"Remiremont Info"},"image":{"@id":"https:\/\/vosgesinfo.fr\/remiremontinfo\/#\/schema\/logo\/image\/"},"sameAs":["https:\/\/www.facebook.com\/remiremontinfo","https:\/\/x.com\/VosgesInfo88","https:\/\/www.youtube.com\/@vosgesinfo"]},{"@type":"Person","@id":"https:\/\/vosgesinfo.fr\/remiremontinfo\/#\/schema\/person\/6f9a650eeea99d969b6c4ab78fccbe81","name":"C.K.","image":{"@type":"ImageObject","inLanguage":"fr-FR","@id":"https:\/\/vosgesinfo.fr\/remiremontinfo\/#\/schema\/person\/image\/","url":"https:\/\/secure.gravatar.com\/avatar\/48e3fc7f8421ba8942be6b74a2b7f014ca39bc00dece156b7a8e098ae7dc87bf?s=96&d=mm&r=g","contentUrl":"https:\/\/secure.gravatar.com\/avatar\/48e3fc7f8421ba8942be6b74a2b7f014ca39bc00dece156b7a8e098ae7dc87bf?s=96&d=mm&r=g","caption":"C.K."},"url":"https:\/\/vosgesinfo.fr\/remiremontinfo\/author\/celia-k-n\/"}]}},"_links":{"self":[{"href":"https:\/\/vosgesinfo.fr\/remiremontinfo\/wp-json\/wp\/v2\/posts\/88185","targetHints":{"allow":["GET"]}}],"collection":[{"href":"https:\/\/vosgesinfo.fr\/remiremontinfo\/wp-json\/wp\/v2\/posts"}],"about":[{"href":"https:\/\/vosgesinfo.fr\/remiremontinfo\/wp-json\/wp\/v2\/types\/post"}],"author":[{"embeddable":true,"href":"https:\/\/vosgesinfo.fr\/remiremontinfo\/wp-json\/wp\/v2\/users\/52"}],"replies":[{"embeddable":true,"href":"https:\/\/vosgesinfo.fr\/remiremontinfo\/wp-json\/wp\/v2\/comments?post=88185"}],"version-history":[{"count":2,"href":"https:\/\/vosgesinfo.fr\/remiremontinfo\/wp-json\/wp\/v2\/posts\/88185\/revisions"}],"predecessor-version":[{"id":88232,"href":"https:\/\/vosgesinfo.fr\/remiremontinfo\/wp-json\/wp\/v2\/posts\/88185\/revisions\/88232"}],"wp:featuredmedia":[{"embeddable":true,"href":"https:\/\/vosgesinfo.fr\/remiremontinfo\/wp-json\/wp\/v2\/media\/88186"}],"wp:attachment":[{"href":"https:\/\/vosgesinfo.fr\/remiremontinfo\/wp-json\/wp\/v2\/media?parent=88185"}],"wp:term":[{"taxonomy":"category","embeddable":true,"href":"https:\/\/vosgesinfo.fr\/remiremontinfo\/wp-json\/wp\/v2\/categories?post=88185"},{"taxonomy":"post_tag","embeddable":true,"href":"https:\/\/vosgesinfo.fr\/remiremontinfo\/wp-json\/wp\/v2\/tags?post=88185"}],"curies":[{"name":"wp","href":"https:\/\/api.w.org\/{rel}","templated":true}]}}