{"id":88201,"date":"2026-01-23T13:45:32","date_gmt":"2026-01-23T12:45:32","guid":{"rendered":"https:\/\/vosgesinfo.fr\/remiremontinfo\/2026\/01\/centre-hospitalier-de-remiremont-suspension-des-urgences-de-remiremont-le-samedi-24-janvier\/"},"modified":"2026-01-23T13:45:32","modified_gmt":"2026-01-23T12:45:32","slug":"centre-hospitalier-de-remiremont-suspension-des-urgences-de-remiremont-le-samedi-24-janvier","status":"publish","type":"post","link":"https:\/\/vosgesinfo.fr\/remiremontinfo\/2026\/01\/centre-hospitalier-de-remiremont-suspension-des-urgences-de-remiremont-le-samedi-24-janvier\/","title":{"rendered":"Centre Hospitalier de Remiremont : suspension des urgences de Remiremont le samedi 24 janvier"},"content":{"rendered":"<p data-start=\"248\" data-end=\"476\"><a href=\"https:\/\/vosgesinfo.fr\/app\/uploads\/sites\/3\/2025\/02\/hopital-de-remiremont-12.jpg\"><img decoding=\"async\" class=\"aligncenter size-full wp-image-128060\" src=\"https:\/\/vosgesinfo.fr\/app\/uploads\/sites\/3\/2025\/02\/hopital-de-remiremont-12.jpg\" alt=\"\" width=\"1024\" height=\"683\" \/><\/a>En raison de difficult\u00e9s persistantes li\u00e9es \u00e0 l\u2019effectif m\u00e9dical sur le territoire, le <strong data-start=\"335\" data-end=\"371\">Centre Hospitalier de Remiremont<\/strong> informe la population d\u2019une <strong data-start=\"400\" data-end=\"475\">adaptation exceptionnelle de l\u2019organisation de son Service des Urgences<\/strong>.<\/p>\n<p data-start=\"478\" data-end=\"569\">\ud83d\udc49 <strong data-start=\"481\" data-end=\"569\">Le service des Urgences du CH de Remiremont sera suspendu le samedi 24 janvier 2026.<\/strong><\/p>\n<h3 data-start=\"571\" data-end=\"615\">Continuit\u00e9 de certaines prises en charge<\/h3>\n<p data-start=\"616\" data-end=\"758\">Malgr\u00e9 cette suspension temporaire, les <strong data-start=\"656\" data-end=\"681\">urgences sp\u00e9cialis\u00e9es<\/strong> suivantes continueront \u00e0 \u00eatre assur\u00e9es <strong data-start=\"721\" data-end=\"756\">dans des conditions habituelles<\/strong> :<\/p>\n<ul data-start=\"759\" data-end=\"857\">\n<li data-start=\"759\" data-end=\"804\">\n<p data-start=\"761\" data-end=\"804\">urgences gyn\u00e9cologiques et obst\u00e9tricales,<\/p>\n<\/li>\n<li data-start=\"805\" data-end=\"841\">\n<p data-start=\"807\" data-end=\"841\">urgences ortho-traumatologiques,<\/p>\n<\/li>\n<li data-start=\"842\" data-end=\"857\">\n<p data-start=\"844\" data-end=\"857\">urgences ORL.<\/p>\n<\/li>\n<\/ul>\n<h3 data-start=\"859\" data-end=\"903\">Solutions alternatives pour les patients<\/h3>\n<p data-start=\"904\" data-end=\"996\">En dehors de ces prises en charge sp\u00e9cifiques, les patients sont invit\u00e9s \u00e0 se diriger vers :<\/p>\n<ul data-start=\"997\" data-end=\"1261\">\n<li data-start=\"997\" data-end=\"1056\">\n<p data-start=\"999\" data-end=\"1056\">les <strong data-start=\"1003\" data-end=\"1053\">services des urgences de Saint-Di\u00e9 ou d\u2019\u00c9pinal<\/strong>,<\/p>\n<\/li>\n<li data-start=\"1057\" data-end=\"1112\">\n<p data-start=\"1059\" data-end=\"1112\">le <strong data-start=\"1062\" data-end=\"1109\">Centre de soins non programm\u00e9s de G\u00e9rardmer<\/strong>,<\/p>\n<\/li>\n<li data-start=\"1113\" data-end=\"1261\">\n<p data-start=\"1115\" data-end=\"1261\">le <strong data-start=\"1118\" data-end=\"1155\">Centre m\u00e9dical de soins imm\u00e9diats<\/strong>, situ\u00e9 au sein de la <strong data-start=\"1177\" data-end=\"1213\">Clinique La Ligne Bleue \u00e0 \u00c9pinal<\/strong> (ouvert les jours ouvr\u00e9s et hors jours f\u00e9ri\u00e9s).<\/p>\n<\/li>\n<\/ul>\n<h3 data-start=\"1263\" data-end=\"1305\">Les bons r\u00e9flexes avant de se d\u00e9placer<\/h3>\n<p data-start=\"1306\" data-end=\"1481\">Afin de garantir une orientation adapt\u00e9e et \u00e9viter des d\u00e9placements inutiles, il est fortement recommand\u00e9, <strong data-start=\"1413\" data-end=\"1447\">avant toute venue aux Urgences<\/strong>, de suivre les \u00e9tapes suivantes :<\/p>\n<ol data-start=\"1482\" data-end=\"1742\">\n<li data-start=\"1482\" data-end=\"1535\">\n<p data-start=\"1485\" data-end=\"1535\"><strong data-start=\"1485\" data-end=\"1531\">Contacter en priorit\u00e9 son m\u00e9decin traitant<\/strong> ;<\/p>\n<\/li>\n<li data-start=\"1536\" data-end=\"1652\">\n<p data-start=\"1539\" data-end=\"1652\">Pour les <strong data-start=\"1548\" data-end=\"1572\">urgences non vitales<\/strong>, appeler le <strong data-start=\"1585\" data-end=\"1620\">Service d\u2019Acc\u00e8s aux Soins (SAS)<\/strong> en composant le <strong data-start=\"1637\" data-end=\"1648\">116 117<\/strong> ;<\/p>\n<\/li>\n<li data-start=\"1653\" data-end=\"1742\">\n<p data-start=\"1656\" data-end=\"1742\">En cas <strong data-start=\"1663\" data-end=\"1683\">d\u2019urgence vitale<\/strong>, appeler imm\u00e9diatement le <strong data-start=\"1710\" data-end=\"1718\">SAMU<\/strong> en composant le <strong data-start=\"1735\" data-end=\"1741\">15<\/strong>.<\/p>\n<\/li>\n<\/ol>\n<p data-start=\"1744\" data-end=\"2007\">Pour plus d\u2019informations sur les diff\u00e9rentes solutions de prise en charge selon votre besoin de soins, consultez le site de l\u2019Agence R\u00e9gionale de Sant\u00e9 Grand Est :<br data-start=\"1907\" data-end=\"1910\" \/><a class=\"decorated-link cursor-pointer\" target=\"_new\" rel=\"noopener\" data-start=\"1910\" data-end=\"2007\">https:\/\/www.grand-est.ars.sante.fr\/urgences-les-differentes-solutions-selon-votre-besoin-de-soins<\/a><\/p>\n<p data-start=\"2009\" data-end=\"2248\">Le Centre Hospitalier de Remiremont remercie l\u2019ensemble des usagers pour leur compr\u00e9hension et leur coop\u00e9ration face \u00e0 cette organisation exceptionnelle, mise en place afin de garantir la s\u00e9curit\u00e9 et la qualit\u00e9 des soins sur le territoire.<\/p>\n","protected":false},"excerpt":{"rendered":"<p>En raison de difficult\u00e9s persistantes li\u00e9es \u00e0 l\u2019effectif m\u00e9dical sur le territoire, le Centre Hospitalier de Remiremont informe la population [&hellip;]<\/p>\n","protected":false},"author":52,"featured_media":88202,"comment_status":"open","ping_status":"open","sticky":false,"template":"","format":"standard","meta":{"footnotes":""},"categories":[26,108,43,12],"tags":[6045],"class_list":["post-88201","post","type-post","status-publish","format-standard","has-post-thumbnail","hentry","category-a-la-une","category-epinal","category-remiremont-remiremont-son-canton","category-sante","tag-centre-hospitalier-de-remiremont"],"acf":[],"yoast_head":"<!-- This site is optimized with the Yoast SEO plugin v22.5 - https:\/\/yoast.com\/wordpress\/plugins\/seo\/ -->\n<title>Centre Hospitalier de Remiremont : suspension des urgences de Remiremont le samedi 24 janvier - Remiremont Info<\/title>\n<meta name=\"robots\" content=\"index, follow, max-snippet:-1, max-image-preview:large, max-video-preview:-1\" \/>\n<link rel=\"canonical\" href=\"https:\/\/vosgesinfo.fr\/remiremontinfo\/2026\/01\/centre-hospitalier-de-remiremont-suspension-des-urgences-de-remiremont-le-samedi-24-janvier\/\" \/>\n<meta name=\"twitter:card\" content=\"summary_large_image\" \/>\n<meta name=\"twitter:title\" content=\"Centre Hospitalier de Remiremont : suspension des urgences de Remiremont le samedi 24 janvier - Remiremont Info\" \/>\n<meta name=\"twitter:description\" content=\"En raison de difficult\u00e9s persistantes li\u00e9es \u00e0 l\u2019effectif m\u00e9dical sur le territoire, le Centre Hospitalier de Remiremont informe la population [&hellip;]\" \/>\n<meta name=\"twitter:image\" content=\"https:\/\/vosgesinfo.fr\/app\/uploads\/sites\/5\/2026\/01\/hopital-de-remiremont-12.jpg\" \/>\n<meta name=\"twitter:creator\" content=\"@VosgesInfo88\" \/>\n<meta name=\"twitter:site\" content=\"@VosgesInfo88\" \/>\n<meta name=\"twitter:label1\" content=\"\u00c9crit par\" \/>\n\t<meta name=\"twitter:data1\" content=\"C.K.\" \/>\n\t<meta name=\"twitter:label2\" content=\"Dur\u00e9e de lecture estim\u00e9e\" \/>\n\t<meta name=\"twitter:data2\" content=\"2 minutes\" \/>\n<script type=\"application\/ld+json\" class=\"yoast-schema-graph\">{\"@context\":\"https:\/\/schema.org\",\"@graph\":[{\"@type\":\"Article\",\"@id\":\"https:\/\/vosgesinfo.fr\/remiremontinfo\/2026\/01\/centre-hospitalier-de-remiremont-suspension-des-urgences-de-remiremont-le-samedi-24-janvier\/#article\",\"isPartOf\":{\"@id\":\"https:\/\/vosgesinfo.fr\/remiremontinfo\/2026\/01\/centre-hospitalier-de-remiremont-suspension-des-urgences-de-remiremont-le-samedi-24-janvier\/\"},\"author\":{\"name\":\"C.K.\",\"@id\":\"https:\/\/vosgesinfo.fr\/remiremontinfo\/#\/schema\/person\/6f9a650eeea99d969b6c4ab78fccbe81\"},\"headline\":\"Centre Hospitalier de Remiremont : suspension des urgences de Remiremont le samedi 24 janvier\",\"datePublished\":\"2026-01-23T12:45:32+00:00\",\"dateModified\":\"2026-01-23T12:45:32+00:00\",\"mainEntityOfPage\":{\"@id\":\"https:\/\/vosgesinfo.fr\/remiremontinfo\/2026\/01\/centre-hospitalier-de-remiremont-suspension-des-urgences-de-remiremont-le-samedi-24-janvier\/\"},\"wordCount\":313,\"commentCount\":0,\"publisher\":{\"@id\":\"https:\/\/vosgesinfo.fr\/remiremontinfo\/#organization\"},\"image\":{\"@id\":\"https:\/\/vosgesinfo.fr\/remiremontinfo\/2026\/01\/centre-hospitalier-de-remiremont-suspension-des-urgences-de-remiremont-le-samedi-24-janvier\/#primaryimage\"},\"thumbnailUrl\":\"https:\/\/vosgesinfo.fr\/app\/uploads\/sites\/5\/2026\/01\/hopital-de-remiremont-12.jpg\",\"keywords\":[\"Centre hospitalier de remiremont\"],\"articleSection\":[\"A la Une\",\"Epinal\",\"Remiremont\",\"Sant\u00e9\"],\"inLanguage\":\"fr-FR\",\"potentialAction\":[{\"@type\":\"CommentAction\",\"name\":\"Comment\",\"target\":[\"https:\/\/vosgesinfo.fr\/remiremontinfo\/2026\/01\/centre-hospitalier-de-remiremont-suspension-des-urgences-de-remiremont-le-samedi-24-janvier\/#respond\"]}]},{\"@type\":\"WebPage\",\"@id\":\"https:\/\/vosgesinfo.fr\/remiremontinfo\/2026\/01\/centre-hospitalier-de-remiremont-suspension-des-urgences-de-remiremont-le-samedi-24-janvier\/\",\"url\":\"https:\/\/vosgesinfo.fr\/remiremontinfo\/2026\/01\/centre-hospitalier-de-remiremont-suspension-des-urgences-de-remiremont-le-samedi-24-janvier\/\",\"name\":\"Centre Hospitalier de Remiremont : suspension des urgences de Remiremont le samedi 24 janvier - Remiremont Info\",\"isPartOf\":{\"@id\":\"https:\/\/vosgesinfo.fr\/remiremontinfo\/#website\"},\"primaryImageOfPage\":{\"@id\":\"https:\/\/vosgesinfo.fr\/remiremontinfo\/2026\/01\/centre-hospitalier-de-remiremont-suspension-des-urgences-de-remiremont-le-samedi-24-janvier\/#primaryimage\"},\"image\":{\"@id\":\"https:\/\/vosgesinfo.fr\/remiremontinfo\/2026\/01\/centre-hospitalier-de-remiremont-suspension-des-urgences-de-remiremont-le-samedi-24-janvier\/#primaryimage\"},\"thumbnailUrl\":\"https:\/\/vosgesinfo.fr\/app\/uploads\/sites\/5\/2026\/01\/hopital-de-remiremont-12.jpg\",\"datePublished\":\"2026-01-23T12:45:32+00:00\",\"dateModified\":\"2026-01-23T12:45:32+00:00\",\"breadcrumb\":{\"@id\":\"https:\/\/vosgesinfo.fr\/remiremontinfo\/2026\/01\/centre-hospitalier-de-remiremont-suspension-des-urgences-de-remiremont-le-samedi-24-janvier\/#breadcrumb\"},\"inLanguage\":\"fr-FR\",\"potentialAction\":[{\"@type\":\"ReadAction\",\"target\":[\"https:\/\/vosgesinfo.fr\/remiremontinfo\/2026\/01\/centre-hospitalier-de-remiremont-suspension-des-urgences-de-remiremont-le-samedi-24-janvier\/\"]}]},{\"@type\":\"ImageObject\",\"inLanguage\":\"fr-FR\",\"@id\":\"https:\/\/vosgesinfo.fr\/remiremontinfo\/2026\/01\/centre-hospitalier-de-remiremont-suspension-des-urgences-de-remiremont-le-samedi-24-janvier\/#primaryimage\",\"url\":\"https:\/\/vosgesinfo.fr\/app\/uploads\/sites\/5\/2026\/01\/hopital-de-remiremont-12.jpg\",\"contentUrl\":\"https:\/\/vosgesinfo.fr\/app\/uploads\/sites\/5\/2026\/01\/hopital-de-remiremont-12.jpg\",\"width\":1024,\"height\":683},{\"@type\":\"BreadcrumbList\",\"@id\":\"https:\/\/vosgesinfo.fr\/remiremontinfo\/2026\/01\/centre-hospitalier-de-remiremont-suspension-des-urgences-de-remiremont-le-samedi-24-janvier\/#breadcrumb\",\"itemListElement\":[{\"@type\":\"ListItem\",\"position\":1,\"name\":\"Home\",\"item\":\"https:\/\/vosgesinfo.fr\/remiremontinfo\/\"},{\"@type\":\"ListItem\",\"position\":2,\"name\":\"Centre Hospitalier de Remiremont : suspension des urgences de Remiremont le samedi 24 janvier\"}]},{\"@type\":\"WebSite\",\"@id\":\"https:\/\/vosgesinfo.fr\/remiremontinfo\/#website\",\"url\":\"https:\/\/vosgesinfo.fr\/remiremontinfo\/\",\"name\":\"Remiremont Info\",\"description\":\"Toute l&#039;actualit\u00e9 de Remiremont\",\"publisher\":{\"@id\":\"https:\/\/vosgesinfo.fr\/remiremontinfo\/#organization\"},\"alternateName\":\"Toute l'actualit\u00e9 de Remiremont\",\"potentialAction\":[{\"@type\":\"SearchAction\",\"target\":{\"@type\":\"EntryPoint\",\"urlTemplate\":\"https:\/\/vosgesinfo.fr\/remiremontinfo\/?s={search_term_string}\"},\"query-input\":\"required name=search_term_string\"}],\"inLanguage\":\"fr-FR\"},{\"@type\":\"Organization\",\"@id\":\"https:\/\/vosgesinfo.fr\/remiremontinfo\/#organization\",\"name\":\"Remiremont Info\",\"url\":\"https:\/\/vosgesinfo.fr\/remiremontinfo\/\",\"logo\":{\"@type\":\"ImageObject\",\"inLanguage\":\"fr-FR\",\"@id\":\"https:\/\/vosgesinfo.fr\/remiremontinfo\/#\/schema\/logo\/image\/\",\"url\":\"https:\/\/vosgesinfo.fr\/app\/uploads\/sites\/5\/2023\/08\/favicon-remiremontinfo.png\",\"contentUrl\":\"https:\/\/vosgesinfo.fr\/app\/uploads\/sites\/5\/2023\/08\/favicon-remiremontinfo.png\",\"width\":512,\"height\":512,\"caption\":\"Remiremont Info\"},\"image\":{\"@id\":\"https:\/\/vosgesinfo.fr\/remiremontinfo\/#\/schema\/logo\/image\/\"},\"sameAs\":[\"https:\/\/www.facebook.com\/remiremontinfo\",\"https:\/\/x.com\/VosgesInfo88\",\"https:\/\/www.youtube.com\/@vosgesinfo\"]},{\"@type\":\"Person\",\"@id\":\"https:\/\/vosgesinfo.fr\/remiremontinfo\/#\/schema\/person\/6f9a650eeea99d969b6c4ab78fccbe81\",\"name\":\"C.K.\",\"image\":{\"@type\":\"ImageObject\",\"inLanguage\":\"fr-FR\",\"@id\":\"https:\/\/vosgesinfo.fr\/remiremontinfo\/#\/schema\/person\/image\/\",\"url\":\"https:\/\/secure.gravatar.com\/avatar\/48e3fc7f8421ba8942be6b74a2b7f014ca39bc00dece156b7a8e098ae7dc87bf?s=96&d=mm&r=g\",\"contentUrl\":\"https:\/\/secure.gravatar.com\/avatar\/48e3fc7f8421ba8942be6b74a2b7f014ca39bc00dece156b7a8e098ae7dc87bf?s=96&d=mm&r=g\",\"caption\":\"C.K.\"},\"url\":\"https:\/\/vosgesinfo.fr\/remiremontinfo\/author\/celia-k-n\/\"}]}<\/script>\n<!-- \/ Yoast SEO plugin. -->","yoast_head_json":{"title":"Centre Hospitalier de Remiremont : suspension des urgences de Remiremont le samedi 24 janvier - Remiremont Info","robots":{"index":"index","follow":"follow","max-snippet":"max-snippet:-1","max-image-preview":"max-image-preview:large","max-video-preview":"max-video-preview:-1"},"canonical":"https:\/\/vosgesinfo.fr\/remiremontinfo\/2026\/01\/centre-hospitalier-de-remiremont-suspension-des-urgences-de-remiremont-le-samedi-24-janvier\/","twitter_card":"summary_large_image","twitter_title":"Centre Hospitalier de Remiremont : suspension des urgences de Remiremont le samedi 24 janvier - Remiremont Info","twitter_description":"En raison de difficult\u00e9s persistantes li\u00e9es \u00e0 l\u2019effectif m\u00e9dical sur le territoire, le Centre Hospitalier de Remiremont informe la population [&hellip;]","twitter_image":"https:\/\/vosgesinfo.fr\/app\/uploads\/sites\/5\/2026\/01\/hopital-de-remiremont-12.jpg","twitter_creator":"@VosgesInfo88","twitter_site":"@VosgesInfo88","twitter_misc":{"\u00c9crit par":"C.K.","Dur\u00e9e de lecture estim\u00e9e":"2 minutes"},"schema":{"@context":"https:\/\/schema.org","@graph":[{"@type":"Article","@id":"https:\/\/vosgesinfo.fr\/remiremontinfo\/2026\/01\/centre-hospitalier-de-remiremont-suspension-des-urgences-de-remiremont-le-samedi-24-janvier\/#article","isPartOf":{"@id":"https:\/\/vosgesinfo.fr\/remiremontinfo\/2026\/01\/centre-hospitalier-de-remiremont-suspension-des-urgences-de-remiremont-le-samedi-24-janvier\/"},"author":{"name":"C.K.","@id":"https:\/\/vosgesinfo.fr\/remiremontinfo\/#\/schema\/person\/6f9a650eeea99d969b6c4ab78fccbe81"},"headline":"Centre Hospitalier de Remiremont : suspension des urgences de Remiremont le samedi 24 janvier","datePublished":"2026-01-23T12:45:32+00:00","dateModified":"2026-01-23T12:45:32+00:00","mainEntityOfPage":{"@id":"https:\/\/vosgesinfo.fr\/remiremontinfo\/2026\/01\/centre-hospitalier-de-remiremont-suspension-des-urgences-de-remiremont-le-samedi-24-janvier\/"},"wordCount":313,"commentCount":0,"publisher":{"@id":"https:\/\/vosgesinfo.fr\/remiremontinfo\/#organization"},"image":{"@id":"https:\/\/vosgesinfo.fr\/remiremontinfo\/2026\/01\/centre-hospitalier-de-remiremont-suspension-des-urgences-de-remiremont-le-samedi-24-janvier\/#primaryimage"},"thumbnailUrl":"https:\/\/vosgesinfo.fr\/app\/uploads\/sites\/5\/2026\/01\/hopital-de-remiremont-12.jpg","keywords":["Centre hospitalier de remiremont"],"articleSection":["A la Une","Epinal","Remiremont","Sant\u00e9"],"inLanguage":"fr-FR","potentialAction":[{"@type":"CommentAction","name":"Comment","target":["https:\/\/vosgesinfo.fr\/remiremontinfo\/2026\/01\/centre-hospitalier-de-remiremont-suspension-des-urgences-de-remiremont-le-samedi-24-janvier\/#respond"]}]},{"@type":"WebPage","@id":"https:\/\/vosgesinfo.fr\/remiremontinfo\/2026\/01\/centre-hospitalier-de-remiremont-suspension-des-urgences-de-remiremont-le-samedi-24-janvier\/","url":"https:\/\/vosgesinfo.fr\/remiremontinfo\/2026\/01\/centre-hospitalier-de-remiremont-suspension-des-urgences-de-remiremont-le-samedi-24-janvier\/","name":"Centre Hospitalier de Remiremont : suspension des urgences de Remiremont le samedi 24 janvier - Remiremont Info","isPartOf":{"@id":"https:\/\/vosgesinfo.fr\/remiremontinfo\/#website"},"primaryImageOfPage":{"@id":"https:\/\/vosgesinfo.fr\/remiremontinfo\/2026\/01\/centre-hospitalier-de-remiremont-suspension-des-urgences-de-remiremont-le-samedi-24-janvier\/#primaryimage"},"image":{"@id":"https:\/\/vosgesinfo.fr\/remiremontinfo\/2026\/01\/centre-hospitalier-de-remiremont-suspension-des-urgences-de-remiremont-le-samedi-24-janvier\/#primaryimage"},"thumbnailUrl":"https:\/\/vosgesinfo.fr\/app\/uploads\/sites\/5\/2026\/01\/hopital-de-remiremont-12.jpg","datePublished":"2026-01-23T12:45:32+00:00","dateModified":"2026-01-23T12:45:32+00:00","breadcrumb":{"@id":"https:\/\/vosgesinfo.fr\/remiremontinfo\/2026\/01\/centre-hospitalier-de-remiremont-suspension-des-urgences-de-remiremont-le-samedi-24-janvier\/#breadcrumb"},"inLanguage":"fr-FR","potentialAction":[{"@type":"ReadAction","target":["https:\/\/vosgesinfo.fr\/remiremontinfo\/2026\/01\/centre-hospitalier-de-remiremont-suspension-des-urgences-de-remiremont-le-samedi-24-janvier\/"]}]},{"@type":"ImageObject","inLanguage":"fr-FR","@id":"https:\/\/vosgesinfo.fr\/remiremontinfo\/2026\/01\/centre-hospitalier-de-remiremont-suspension-des-urgences-de-remiremont-le-samedi-24-janvier\/#primaryimage","url":"https:\/\/vosgesinfo.fr\/app\/uploads\/sites\/5\/2026\/01\/hopital-de-remiremont-12.jpg","contentUrl":"https:\/\/vosgesinfo.fr\/app\/uploads\/sites\/5\/2026\/01\/hopital-de-remiremont-12.jpg","width":1024,"height":683},{"@type":"BreadcrumbList","@id":"https:\/\/vosgesinfo.fr\/remiremontinfo\/2026\/01\/centre-hospitalier-de-remiremont-suspension-des-urgences-de-remiremont-le-samedi-24-janvier\/#breadcrumb","itemListElement":[{"@type":"ListItem","position":1,"name":"Home","item":"https:\/\/vosgesinfo.fr\/remiremontinfo\/"},{"@type":"ListItem","position":2,"name":"Centre Hospitalier de Remiremont : suspension des urgences de Remiremont le samedi 24 janvier"}]},{"@type":"WebSite","@id":"https:\/\/vosgesinfo.fr\/remiremontinfo\/#website","url":"https:\/\/vosgesinfo.fr\/remiremontinfo\/","name":"Remiremont Info","description":"Toute l&#039;actualit\u00e9 de Remiremont","publisher":{"@id":"https:\/\/vosgesinfo.fr\/remiremontinfo\/#organization"},"alternateName":"Toute l'actualit\u00e9 de Remiremont","potentialAction":[{"@type":"SearchAction","target":{"@type":"EntryPoint","urlTemplate":"https:\/\/vosgesinfo.fr\/remiremontinfo\/?s={search_term_string}"},"query-input":"required name=search_term_string"}],"inLanguage":"fr-FR"},{"@type":"Organization","@id":"https:\/\/vosgesinfo.fr\/remiremontinfo\/#organization","name":"Remiremont Info","url":"https:\/\/vosgesinfo.fr\/remiremontinfo\/","logo":{"@type":"ImageObject","inLanguage":"fr-FR","@id":"https:\/\/vosgesinfo.fr\/remiremontinfo\/#\/schema\/logo\/image\/","url":"https:\/\/vosgesinfo.fr\/app\/uploads\/sites\/5\/2023\/08\/favicon-remiremontinfo.png","contentUrl":"https:\/\/vosgesinfo.fr\/app\/uploads\/sites\/5\/2023\/08\/favicon-remiremontinfo.png","width":512,"height":512,"caption":"Remiremont Info"},"image":{"@id":"https:\/\/vosgesinfo.fr\/remiremontinfo\/#\/schema\/logo\/image\/"},"sameAs":["https:\/\/www.facebook.com\/remiremontinfo","https:\/\/x.com\/VosgesInfo88","https:\/\/www.youtube.com\/@vosgesinfo"]},{"@type":"Person","@id":"https:\/\/vosgesinfo.fr\/remiremontinfo\/#\/schema\/person\/6f9a650eeea99d969b6c4ab78fccbe81","name":"C.K.","image":{"@type":"ImageObject","inLanguage":"fr-FR","@id":"https:\/\/vosgesinfo.fr\/remiremontinfo\/#\/schema\/person\/image\/","url":"https:\/\/secure.gravatar.com\/avatar\/48e3fc7f8421ba8942be6b74a2b7f014ca39bc00dece156b7a8e098ae7dc87bf?s=96&d=mm&r=g","contentUrl":"https:\/\/secure.gravatar.com\/avatar\/48e3fc7f8421ba8942be6b74a2b7f014ca39bc00dece156b7a8e098ae7dc87bf?s=96&d=mm&r=g","caption":"C.K."},"url":"https:\/\/vosgesinfo.fr\/remiremontinfo\/author\/celia-k-n\/"}]}},"_links":{"self":[{"href":"https:\/\/vosgesinfo.fr\/remiremontinfo\/wp-json\/wp\/v2\/posts\/88201","targetHints":{"allow":["GET"]}}],"collection":[{"href":"https:\/\/vosgesinfo.fr\/remiremontinfo\/wp-json\/wp\/v2\/posts"}],"about":[{"href":"https:\/\/vosgesinfo.fr\/remiremontinfo\/wp-json\/wp\/v2\/types\/post"}],"author":[{"embeddable":true,"href":"https:\/\/vosgesinfo.fr\/remiremontinfo\/wp-json\/wp\/v2\/users\/52"}],"replies":[{"embeddable":true,"href":"https:\/\/vosgesinfo.fr\/remiremontinfo\/wp-json\/wp\/v2\/comments?post=88201"}],"version-history":[{"count":0,"href":"https:\/\/vosgesinfo.fr\/remiremontinfo\/wp-json\/wp\/v2\/posts\/88201\/revisions"}],"wp:featuredmedia":[{"embeddable":true,"href":"https:\/\/vosgesinfo.fr\/remiremontinfo\/wp-json\/wp\/v2\/media\/88202"}],"wp:attachment":[{"href":"https:\/\/vosgesinfo.fr\/remiremontinfo\/wp-json\/wp\/v2\/media?parent=88201"}],"wp:term":[{"taxonomy":"category","embeddable":true,"href":"https:\/\/vosgesinfo.fr\/remiremontinfo\/wp-json\/wp\/v2\/categories?post=88201"},{"taxonomy":"post_tag","embeddable":true,"href":"https:\/\/vosgesinfo.fr\/remiremontinfo\/wp-json\/wp\/v2\/tags?post=88201"}],"curies":[{"name":"wp","href":"https:\/\/api.w.org\/{rel}","templated":true}]}}