{"id":88220,"date":"2026-01-23T18:42:33","date_gmt":"2026-01-23T17:42:33","guid":{"rendered":"https:\/\/vosgesinfo.fr\/remiremontinfo\/?p=88220"},"modified":"2026-01-23T18:42:33","modified_gmt":"2026-01-23T17:42:33","slug":"les-ministres-laurent-nunez-et-michel-fournier-en-deplacement-dans-les-vosges-aupres-des-forces-de-lordre","status":"publish","type":"post","link":"https:\/\/vosgesinfo.fr\/remiremontinfo\/2026\/01\/les-ministres-laurent-nunez-et-michel-fournier-en-deplacement-dans-les-vosges-aupres-des-forces-de-lordre\/","title":{"rendered":"Les ministres Laurent Nu\u00f1ez et Michel Fournier en d\u00e9placement dans les Vosges aupr\u00e8s des forces de l\u2019ordre"},"content":{"rendered":"<p data-start=\"0\" data-end=\"330\"><a href=\"https:\/\/vosgesinfo.fr\/app\/uploads\/sites\/4\/2026\/01\/vosges-visite-ministres-laurent-nunezmichel-fournier-5.jpg\"><img decoding=\"async\" class=\"alignnone size-large wp-image-87112\" src=\"https:\/\/vosgesinfo.fr\/app\/uploads\/sites\/4\/2026\/01\/vosges-visite-ministres-laurent-nunezmichel-fournier-5-1024x768.jpg\" alt=\"\" width=\"1024\" height=\"768\" \/><\/a><\/p>\n<h2 data-start=\"0\" data-end=\"330\">Leur visite avait \u00e9t\u00e9 initialement pr\u00e9vue vendredi dernier, avant d&rsquo;\u00eatre report\u00e9e \u00e0 une date ult\u00e9rieure. C&rsquo;est finalement ce vendredi apr\u00e8s-midi que les ministres <strong data-start=\"163\" data-end=\"180\">Laurent Nu\u00f1ez<\/strong> et <strong data-start=\"184\" data-end=\"203\">Michel Fournier<\/strong>, respectivement <strong data-start=\"220\" data-end=\"247\">ministre de l&rsquo;Int\u00e9rieur<\/strong> et <strong data-start=\"251\" data-end=\"293\">ministre d\u00e9l\u00e9gu\u00e9 charg\u00e9 de la Ruralit\u00e9<\/strong>, sont en visite dans <strong data-start=\"315\" data-end=\"329\">les Vosges<\/strong>.<\/h2>\n<p data-start=\"0\" data-end=\"330\"><!--more--><\/p>\n<h3 data-start=\"332\" data-end=\"365\"><strong>\u00c0 Aydoilles puis \u00e0 Remiremont<\/strong><\/h3>\n<p data-start=\"367\" data-end=\"640\">Dans un premier temps \u00e0 <strong data-start=\"391\" data-end=\"404\">Aydoilles<\/strong>, pour l&rsquo;inauguration de la <strong data-start=\"432\" data-end=\"467\">nouvelle brigade de gendarmerie<\/strong>, puis au <strong data-start=\"477\" data-end=\"507\">commissariat de Remiremont<\/strong>, o\u00f9 les ministres ont rencontr\u00e9 les <strong data-start=\"544\" data-end=\"557\">policiers<\/strong> r\u00e9cemment bless\u00e9s lors d&rsquo;une intervention, \u00e0 la suite d&rsquo;un <strong data-start=\"617\" data-end=\"639\">refus d&rsquo;obtemp\u00e9rer<\/strong>.Durant cette s\u00e9quence, Laurent Nu\u00f1ez a notamment d\u00e9clar\u00e9 qu&rsquo;il \u00ab\u00a0voulait <strong data-start=\"76\" data-end=\"100\">durcir les sanctions<\/strong> sur des th\u00e9matiques comme les <strong data-start=\"131\" data-end=\"149\">rod\u00e9os urbains<\/strong> ou l&rsquo;<strong data-start=\"155\" data-end=\"176\">usage d&rsquo;artifices<\/strong> sur les <strong data-start=\"185\" data-end=\"206\">forces de l&rsquo;ordre<\/strong>.\u00a0\u00bb<\/p>\n\n\t\t<style type=\"text\/css\">\n\t\t\t#gallery-1 {\n\t\t\t\tmargin: auto;\n\t\t\t}\n\t\t\t#gallery-1 .gallery-item {\n\t\t\t\tfloat: left;\n\t\t\t\tmargin-top: 10px;\n\t\t\t\ttext-align: center;\n\t\t\t\twidth: 33%;\n\t\t\t}\n\t\t\t#gallery-1 img {\n\t\t\t\tborder: 2px solid #cfcfcf;\n\t\t\t}\n\t\t\t#gallery-1 .gallery-caption {\n\t\t\t\tmargin-left: 0;\n\t\t\t}\n\t\t\t\/* see gallery_shortcode() in wp-includes\/media.php *\/\n\t\t<\/style>\n\t\t<div id='gallery-1' class='gallery galleryid-88220 gallery-columns-3 gallery-size-thumbnail'><dl class='gallery-item'>\n\t\t\t<dt class='gallery-icon landscape'>\n\t\t\t\t<a href='https:\/\/vosgesinfo.fr\/app\/uploads\/sites\/5\/2026\/01\/vosges-visite-ministres-laurent-nunezmichel-fournier-6.jpg'><img decoding=\"async\" width=\"150\" height=\"150\" src=\"https:\/\/vosgesinfo.fr\/app\/uploads\/sites\/5\/2026\/01\/vosges-visite-ministres-laurent-nunezmichel-fournier-6-150x150.jpg\" class=\"attachment-thumbnail size-thumbnail\" alt=\"\" \/><\/a>\n\t\t\t<\/dt><\/dl><dl class='gallery-item'>\n\t\t\t<dt class='gallery-icon landscape'>\n\t\t\t\t<a href='https:\/\/vosgesinfo.fr\/app\/uploads\/sites\/5\/2026\/01\/vosges-visite-ministres-laurent-nunezmichel-fournier-3.jpg'><img decoding=\"async\" width=\"150\" height=\"150\" src=\"https:\/\/vosgesinfo.fr\/app\/uploads\/sites\/5\/2026\/01\/vosges-visite-ministres-laurent-nunezmichel-fournier-3-150x150.jpg\" class=\"attachment-thumbnail size-thumbnail\" alt=\"\" \/><\/a>\n\t\t\t<\/dt><\/dl><dl class='gallery-item'>\n\t\t\t<dt class='gallery-icon landscape'>\n\t\t\t\t<a href='https:\/\/vosgesinfo.fr\/app\/uploads\/sites\/5\/2026\/01\/vosges-visite-ministres-laurent-nunezmichel-fournier-4.jpg'><img decoding=\"async\" width=\"150\" height=\"150\" src=\"https:\/\/vosgesinfo.fr\/app\/uploads\/sites\/5\/2026\/01\/vosges-visite-ministres-laurent-nunezmichel-fournier-4-150x150.jpg\" class=\"attachment-thumbnail size-thumbnail\" alt=\"\" \/><\/a>\n\t\t\t<\/dt><\/dl><br style=\"clear: both\" \/><dl class='gallery-item'>\n\t\t\t<dt class='gallery-icon landscape'>\n\t\t\t\t<a href='https:\/\/vosgesinfo.fr\/app\/uploads\/sites\/5\/2026\/01\/vosges-visite-ministres-laurent-nunezmichel-fournier-2.jpg'><img decoding=\"async\" width=\"150\" height=\"150\" src=\"https:\/\/vosgesinfo.fr\/app\/uploads\/sites\/5\/2026\/01\/vosges-visite-ministres-laurent-nunezmichel-fournier-2-150x150.jpg\" class=\"attachment-thumbnail size-thumbnail\" alt=\"\" \/><\/a>\n\t\t\t<\/dt><\/dl><dl class='gallery-item'>\n\t\t\t<dt class='gallery-icon landscape'>\n\t\t\t\t<a href='https:\/\/vosgesinfo.fr\/app\/uploads\/sites\/5\/2026\/01\/vosges-visite-ministres-laurent-nunezmichel-fournier-1.jpg'><img decoding=\"async\" width=\"150\" height=\"150\" src=\"https:\/\/vosgesinfo.fr\/app\/uploads\/sites\/5\/2026\/01\/vosges-visite-ministres-laurent-nunezmichel-fournier-1-150x150.jpg\" class=\"attachment-thumbnail size-thumbnail\" alt=\"\" \/><\/a>\n\t\t\t<\/dt><\/dl><dl class='gallery-item'>\n\t\t\t<dt class='gallery-icon landscape'>\n\t\t\t\t<a href='https:\/\/vosgesinfo.fr\/app\/uploads\/sites\/5\/2026\/01\/vosges-visite-ministres-laurent-nunezmichel-fournier-7.jpg'><img decoding=\"async\" width=\"150\" height=\"150\" src=\"https:\/\/vosgesinfo.fr\/app\/uploads\/sites\/5\/2026\/01\/vosges-visite-ministres-laurent-nunezmichel-fournier-7-150x150.jpg\" class=\"attachment-thumbnail size-thumbnail\" alt=\"\" \/><\/a>\n\t\t\t<\/dt><\/dl><br style=\"clear: both\" \/><dl class='gallery-item'>\n\t\t\t<dt class='gallery-icon landscape'>\n\t\t\t\t<a href='https:\/\/vosgesinfo.fr\/app\/uploads\/sites\/5\/2026\/01\/vosges-visite-ministres-laurent-nunezmichel-fournier-8.jpg'><img decoding=\"async\" width=\"150\" height=\"150\" src=\"https:\/\/vosgesinfo.fr\/app\/uploads\/sites\/5\/2026\/01\/vosges-visite-ministres-laurent-nunezmichel-fournier-8-150x150.jpg\" class=\"attachment-thumbnail size-thumbnail\" alt=\"\" \/><\/a>\n\t\t\t<\/dt><\/dl>\n\t\t\t<br style='clear: both' \/>\n\t\t<\/div>\n\n","protected":false},"excerpt":{"rendered":"<p>Leur visite avait \u00e9t\u00e9 initialement pr\u00e9vue vendredi dernier, avant d&rsquo;\u00eatre report\u00e9e \u00e0 une date ult\u00e9rieure. C&rsquo;est finalement ce vendredi apr\u00e8s-midi [&hellip;]<\/p>\n","protected":false},"author":46,"featured_media":88221,"comment_status":"open","ping_status":"open","sticky":false,"template":"","format":"standard","meta":{"footnotes":""},"categories":[26,108,62,845,10,43,891],"tags":[8779,8780,3268,8781,3246,8782,8783,8747,44,32],"class_list":["post-88220","post","type-post","status-publish","format-standard","has-post-thumbnail","hentry","category-a-la-une","category-epinal","category-gerardmer","category-la-plaine-des-vosges","category-politique","category-remiremont-remiremont-son-canton","category-saint-die-des-vosges-et-son-agglomeration","tag-aydoilles","tag-brigade-de-gendarmerie","tag-commissariat","tag-laurent-nunez","tag-michel-fournier","tag-ministre-de-linterieur","tag-ministre-delegue-charge-de-la-ruralite","tag-refus-dobtemperer","tag-remiremont","tag-vosges"],"acf":[],"yoast_head":"<!-- This site is optimized with the Yoast SEO plugin v22.5 - https:\/\/yoast.com\/wordpress\/plugins\/seo\/ -->\n<title>Les ministres Laurent Nu\u00f1ez et Michel Fournier en d\u00e9placement dans les Vosges aupr\u00e8s des forces de l\u2019ordre - Remiremont Info<\/title>\n<meta name=\"robots\" content=\"index, follow, max-snippet:-1, max-image-preview:large, max-video-preview:-1\" \/>\n<link rel=\"canonical\" href=\"https:\/\/vosgesinfo.fr\/remiremontinfo\/2026\/01\/les-ministres-laurent-nunez-et-michel-fournier-en-deplacement-dans-les-vosges-aupres-des-forces-de-lordre\/\" \/>\n<meta name=\"twitter:card\" content=\"summary_large_image\" \/>\n<meta name=\"twitter:title\" content=\"Les ministres Laurent Nu\u00f1ez et Michel Fournier en d\u00e9placement dans les Vosges aupr\u00e8s des forces de l\u2019ordre - Remiremont Info\" \/>\n<meta name=\"twitter:description\" content=\"Leur visite avait \u00e9t\u00e9 initialement pr\u00e9vue vendredi dernier, avant d&rsquo;\u00eatre report\u00e9e \u00e0 une date ult\u00e9rieure. C&rsquo;est finalement ce vendredi apr\u00e8s-midi [&hellip;]\" \/>\n<meta name=\"twitter:image\" content=\"https:\/\/vosgesinfo.fr\/app\/uploads\/sites\/5\/2026\/01\/vosges-visite-ministres-laurent-nunezmichel-fournier-5.jpg\" \/>\n<meta name=\"twitter:creator\" content=\"@VosgesInfo88\" \/>\n<meta name=\"twitter:site\" content=\"@VosgesInfo88\" \/>\n<meta name=\"twitter:label1\" content=\"\u00c9crit par\" \/>\n\t<meta name=\"twitter:data1\" content=\"J.J.\" \/>\n\t<meta name=\"twitter:label2\" content=\"Dur\u00e9e de lecture estim\u00e9e\" \/>\n\t<meta name=\"twitter:data2\" content=\"1 minute\" \/>\n<script type=\"application\/ld+json\" class=\"yoast-schema-graph\">{\"@context\":\"https:\/\/schema.org\",\"@graph\":[{\"@type\":\"Article\",\"@id\":\"https:\/\/vosgesinfo.fr\/remiremontinfo\/2026\/01\/les-ministres-laurent-nunez-et-michel-fournier-en-deplacement-dans-les-vosges-aupres-des-forces-de-lordre\/#article\",\"isPartOf\":{\"@id\":\"https:\/\/vosgesinfo.fr\/remiremontinfo\/2026\/01\/les-ministres-laurent-nunez-et-michel-fournier-en-deplacement-dans-les-vosges-aupres-des-forces-de-lordre\/\"},\"author\":{\"name\":\"J.J.\",\"@id\":\"https:\/\/vosgesinfo.fr\/remiremontinfo\/#\/schema\/person\/fa73e9f726d67bb88f46d5b7943cb572\"},\"headline\":\"Les ministres Laurent Nu\u00f1ez et Michel Fournier en d\u00e9placement dans les Vosges aupr\u00e8s des forces de l\u2019ordre\",\"datePublished\":\"2026-01-23T17:42:33+00:00\",\"dateModified\":\"2026-01-23T17:42:33+00:00\",\"mainEntityOfPage\":{\"@id\":\"https:\/\/vosgesinfo.fr\/remiremontinfo\/2026\/01\/les-ministres-laurent-nunez-et-michel-fournier-en-deplacement-dans-les-vosges-aupres-des-forces-de-lordre\/\"},\"wordCount\":162,\"commentCount\":0,\"publisher\":{\"@id\":\"https:\/\/vosgesinfo.fr\/remiremontinfo\/#organization\"},\"image\":{\"@id\":\"https:\/\/vosgesinfo.fr\/remiremontinfo\/2026\/01\/les-ministres-laurent-nunez-et-michel-fournier-en-deplacement-dans-les-vosges-aupres-des-forces-de-lordre\/#primaryimage\"},\"thumbnailUrl\":\"https:\/\/vosgesinfo.fr\/app\/uploads\/sites\/5\/2026\/01\/vosges-visite-ministres-laurent-nunezmichel-fournier-5.jpg\",\"keywords\":[\"Aydoilles\",\"brigade de gendarmerie\",\"Commissariat\",\"Laurent Nu\u00f1ez\",\"michel fournier\",\"Ministre de l'Int\u00e9rieur\",\"ministre d\u00e9l\u00e9gu\u00e9 charg\u00e9 de la Ruralit\u00e9\",\"refus d'obtemp\u00e9rer\",\"remiremont\",\"Vosges\"],\"articleSection\":[\"A la Une\",\"Epinal\",\"G\u00e9rardmer\",\"La plaine des vosges\",\"Politique\",\"Remiremont\",\"Saint-Di\u00e9-des-Vosges et son Agglom\u00e9ration\"],\"inLanguage\":\"fr-FR\",\"potentialAction\":[{\"@type\":\"CommentAction\",\"name\":\"Comment\",\"target\":[\"https:\/\/vosgesinfo.fr\/remiremontinfo\/2026\/01\/les-ministres-laurent-nunez-et-michel-fournier-en-deplacement-dans-les-vosges-aupres-des-forces-de-lordre\/#respond\"]}]},{\"@type\":\"WebPage\",\"@id\":\"https:\/\/vosgesinfo.fr\/remiremontinfo\/2026\/01\/les-ministres-laurent-nunez-et-michel-fournier-en-deplacement-dans-les-vosges-aupres-des-forces-de-lordre\/\",\"url\":\"https:\/\/vosgesinfo.fr\/remiremontinfo\/2026\/01\/les-ministres-laurent-nunez-et-michel-fournier-en-deplacement-dans-les-vosges-aupres-des-forces-de-lordre\/\",\"name\":\"Les ministres Laurent Nu\u00f1ez et Michel Fournier en d\u00e9placement dans les Vosges aupr\u00e8s des forces de l\u2019ordre - Remiremont Info\",\"isPartOf\":{\"@id\":\"https:\/\/vosgesinfo.fr\/remiremontinfo\/#website\"},\"primaryImageOfPage\":{\"@id\":\"https:\/\/vosgesinfo.fr\/remiremontinfo\/2026\/01\/les-ministres-laurent-nunez-et-michel-fournier-en-deplacement-dans-les-vosges-aupres-des-forces-de-lordre\/#primaryimage\"},\"image\":{\"@id\":\"https:\/\/vosgesinfo.fr\/remiremontinfo\/2026\/01\/les-ministres-laurent-nunez-et-michel-fournier-en-deplacement-dans-les-vosges-aupres-des-forces-de-lordre\/#primaryimage\"},\"thumbnailUrl\":\"https:\/\/vosgesinfo.fr\/app\/uploads\/sites\/5\/2026\/01\/vosges-visite-ministres-laurent-nunezmichel-fournier-5.jpg\",\"datePublished\":\"2026-01-23T17:42:33+00:00\",\"dateModified\":\"2026-01-23T17:42:33+00:00\",\"breadcrumb\":{\"@id\":\"https:\/\/vosgesinfo.fr\/remiremontinfo\/2026\/01\/les-ministres-laurent-nunez-et-michel-fournier-en-deplacement-dans-les-vosges-aupres-des-forces-de-lordre\/#breadcrumb\"},\"inLanguage\":\"fr-FR\",\"potentialAction\":[{\"@type\":\"ReadAction\",\"target\":[\"https:\/\/vosgesinfo.fr\/remiremontinfo\/2026\/01\/les-ministres-laurent-nunez-et-michel-fournier-en-deplacement-dans-les-vosges-aupres-des-forces-de-lordre\/\"]}]},{\"@type\":\"ImageObject\",\"inLanguage\":\"fr-FR\",\"@id\":\"https:\/\/vosgesinfo.fr\/remiremontinfo\/2026\/01\/les-ministres-laurent-nunez-et-michel-fournier-en-deplacement-dans-les-vosges-aupres-des-forces-de-lordre\/#primaryimage\",\"url\":\"https:\/\/vosgesinfo.fr\/app\/uploads\/sites\/5\/2026\/01\/vosges-visite-ministres-laurent-nunezmichel-fournier-5.jpg\",\"contentUrl\":\"https:\/\/vosgesinfo.fr\/app\/uploads\/sites\/5\/2026\/01\/vosges-visite-ministres-laurent-nunezmichel-fournier-5.jpg\",\"width\":1440,\"height\":1080},{\"@type\":\"BreadcrumbList\",\"@id\":\"https:\/\/vosgesinfo.fr\/remiremontinfo\/2026\/01\/les-ministres-laurent-nunez-et-michel-fournier-en-deplacement-dans-les-vosges-aupres-des-forces-de-lordre\/#breadcrumb\",\"itemListElement\":[{\"@type\":\"ListItem\",\"position\":1,\"name\":\"Home\",\"item\":\"https:\/\/vosgesinfo.fr\/remiremontinfo\/\"},{\"@type\":\"ListItem\",\"position\":2,\"name\":\"Les ministres Laurent Nu\u00f1ez et Michel Fournier en d\u00e9placement dans les Vosges aupr\u00e8s des forces de l\u2019ordre\"}]},{\"@type\":\"WebSite\",\"@id\":\"https:\/\/vosgesinfo.fr\/remiremontinfo\/#website\",\"url\":\"https:\/\/vosgesinfo.fr\/remiremontinfo\/\",\"name\":\"Remiremont Info\",\"description\":\"Toute l&#039;actualit\u00e9 de Remiremont\",\"publisher\":{\"@id\":\"https:\/\/vosgesinfo.fr\/remiremontinfo\/#organization\"},\"alternateName\":\"Toute l'actualit\u00e9 de Remiremont\",\"potentialAction\":[{\"@type\":\"SearchAction\",\"target\":{\"@type\":\"EntryPoint\",\"urlTemplate\":\"https:\/\/vosgesinfo.fr\/remiremontinfo\/?s={search_term_string}\"},\"query-input\":\"required name=search_term_string\"}],\"inLanguage\":\"fr-FR\"},{\"@type\":\"Organization\",\"@id\":\"https:\/\/vosgesinfo.fr\/remiremontinfo\/#organization\",\"name\":\"Remiremont Info\",\"url\":\"https:\/\/vosgesinfo.fr\/remiremontinfo\/\",\"logo\":{\"@type\":\"ImageObject\",\"inLanguage\":\"fr-FR\",\"@id\":\"https:\/\/vosgesinfo.fr\/remiremontinfo\/#\/schema\/logo\/image\/\",\"url\":\"https:\/\/vosgesinfo.fr\/app\/uploads\/sites\/5\/2023\/08\/favicon-remiremontinfo.png\",\"contentUrl\":\"https:\/\/vosgesinfo.fr\/app\/uploads\/sites\/5\/2023\/08\/favicon-remiremontinfo.png\",\"width\":512,\"height\":512,\"caption\":\"Remiremont Info\"},\"image\":{\"@id\":\"https:\/\/vosgesinfo.fr\/remiremontinfo\/#\/schema\/logo\/image\/\"},\"sameAs\":[\"https:\/\/www.facebook.com\/remiremontinfo\",\"https:\/\/x.com\/VosgesInfo88\",\"https:\/\/www.youtube.com\/@vosgesinfo\"]},{\"@type\":\"Person\",\"@id\":\"https:\/\/vosgesinfo.fr\/remiremontinfo\/#\/schema\/person\/fa73e9f726d67bb88f46d5b7943cb572\",\"name\":\"J.J.\",\"image\":{\"@type\":\"ImageObject\",\"inLanguage\":\"fr-FR\",\"@id\":\"https:\/\/vosgesinfo.fr\/remiremontinfo\/#\/schema\/person\/image\/\",\"url\":\"https:\/\/secure.gravatar.com\/avatar\/219e749e47ffbcca018a360ae4add7d4cdf1cdaaf8bc7676b27efade3fe65615?s=96&d=mm&r=g\",\"contentUrl\":\"https:\/\/secure.gravatar.com\/avatar\/219e749e47ffbcca018a360ae4add7d4cdf1cdaaf8bc7676b27efade3fe65615?s=96&d=mm&r=g\",\"caption\":\"J.J.\"},\"url\":\"https:\/\/vosgesinfo.fr\/remiremontinfo\/author\/j-j\/\"}]}<\/script>\n<!-- \/ Yoast SEO plugin. -->","yoast_head_json":{"title":"Les ministres Laurent Nu\u00f1ez et Michel Fournier en d\u00e9placement dans les Vosges aupr\u00e8s des forces de l\u2019ordre - Remiremont Info","robots":{"index":"index","follow":"follow","max-snippet":"max-snippet:-1","max-image-preview":"max-image-preview:large","max-video-preview":"max-video-preview:-1"},"canonical":"https:\/\/vosgesinfo.fr\/remiremontinfo\/2026\/01\/les-ministres-laurent-nunez-et-michel-fournier-en-deplacement-dans-les-vosges-aupres-des-forces-de-lordre\/","twitter_card":"summary_large_image","twitter_title":"Les ministres Laurent Nu\u00f1ez et Michel Fournier en d\u00e9placement dans les Vosges aupr\u00e8s des forces de l\u2019ordre - Remiremont Info","twitter_description":"Leur visite avait \u00e9t\u00e9 initialement pr\u00e9vue vendredi dernier, avant d&rsquo;\u00eatre report\u00e9e \u00e0 une date ult\u00e9rieure. C&rsquo;est finalement ce vendredi apr\u00e8s-midi [&hellip;]","twitter_image":"https:\/\/vosgesinfo.fr\/app\/uploads\/sites\/5\/2026\/01\/vosges-visite-ministres-laurent-nunezmichel-fournier-5.jpg","twitter_creator":"@VosgesInfo88","twitter_site":"@VosgesInfo88","twitter_misc":{"\u00c9crit par":"J.J.","Dur\u00e9e de lecture estim\u00e9e":"1 minute"},"schema":{"@context":"https:\/\/schema.org","@graph":[{"@type":"Article","@id":"https:\/\/vosgesinfo.fr\/remiremontinfo\/2026\/01\/les-ministres-laurent-nunez-et-michel-fournier-en-deplacement-dans-les-vosges-aupres-des-forces-de-lordre\/#article","isPartOf":{"@id":"https:\/\/vosgesinfo.fr\/remiremontinfo\/2026\/01\/les-ministres-laurent-nunez-et-michel-fournier-en-deplacement-dans-les-vosges-aupres-des-forces-de-lordre\/"},"author":{"name":"J.J.","@id":"https:\/\/vosgesinfo.fr\/remiremontinfo\/#\/schema\/person\/fa73e9f726d67bb88f46d5b7943cb572"},"headline":"Les ministres Laurent Nu\u00f1ez et Michel Fournier en d\u00e9placement dans les Vosges aupr\u00e8s des forces de l\u2019ordre","datePublished":"2026-01-23T17:42:33+00:00","dateModified":"2026-01-23T17:42:33+00:00","mainEntityOfPage":{"@id":"https:\/\/vosgesinfo.fr\/remiremontinfo\/2026\/01\/les-ministres-laurent-nunez-et-michel-fournier-en-deplacement-dans-les-vosges-aupres-des-forces-de-lordre\/"},"wordCount":162,"commentCount":0,"publisher":{"@id":"https:\/\/vosgesinfo.fr\/remiremontinfo\/#organization"},"image":{"@id":"https:\/\/vosgesinfo.fr\/remiremontinfo\/2026\/01\/les-ministres-laurent-nunez-et-michel-fournier-en-deplacement-dans-les-vosges-aupres-des-forces-de-lordre\/#primaryimage"},"thumbnailUrl":"https:\/\/vosgesinfo.fr\/app\/uploads\/sites\/5\/2026\/01\/vosges-visite-ministres-laurent-nunezmichel-fournier-5.jpg","keywords":["Aydoilles","brigade de gendarmerie","Commissariat","Laurent Nu\u00f1ez","michel fournier","Ministre de l'Int\u00e9rieur","ministre d\u00e9l\u00e9gu\u00e9 charg\u00e9 de la Ruralit\u00e9","refus d'obtemp\u00e9rer","remiremont","Vosges"],"articleSection":["A la Une","Epinal","G\u00e9rardmer","La plaine des vosges","Politique","Remiremont","Saint-Di\u00e9-des-Vosges et son Agglom\u00e9ration"],"inLanguage":"fr-FR","potentialAction":[{"@type":"CommentAction","name":"Comment","target":["https:\/\/vosgesinfo.fr\/remiremontinfo\/2026\/01\/les-ministres-laurent-nunez-et-michel-fournier-en-deplacement-dans-les-vosges-aupres-des-forces-de-lordre\/#respond"]}]},{"@type":"WebPage","@id":"https:\/\/vosgesinfo.fr\/remiremontinfo\/2026\/01\/les-ministres-laurent-nunez-et-michel-fournier-en-deplacement-dans-les-vosges-aupres-des-forces-de-lordre\/","url":"https:\/\/vosgesinfo.fr\/remiremontinfo\/2026\/01\/les-ministres-laurent-nunez-et-michel-fournier-en-deplacement-dans-les-vosges-aupres-des-forces-de-lordre\/","name":"Les ministres Laurent Nu\u00f1ez et Michel Fournier en d\u00e9placement dans les Vosges aupr\u00e8s des forces de l\u2019ordre - Remiremont Info","isPartOf":{"@id":"https:\/\/vosgesinfo.fr\/remiremontinfo\/#website"},"primaryImageOfPage":{"@id":"https:\/\/vosgesinfo.fr\/remiremontinfo\/2026\/01\/les-ministres-laurent-nunez-et-michel-fournier-en-deplacement-dans-les-vosges-aupres-des-forces-de-lordre\/#primaryimage"},"image":{"@id":"https:\/\/vosgesinfo.fr\/remiremontinfo\/2026\/01\/les-ministres-laurent-nunez-et-michel-fournier-en-deplacement-dans-les-vosges-aupres-des-forces-de-lordre\/#primaryimage"},"thumbnailUrl":"https:\/\/vosgesinfo.fr\/app\/uploads\/sites\/5\/2026\/01\/vosges-visite-ministres-laurent-nunezmichel-fournier-5.jpg","datePublished":"2026-01-23T17:42:33+00:00","dateModified":"2026-01-23T17:42:33+00:00","breadcrumb":{"@id":"https:\/\/vosgesinfo.fr\/remiremontinfo\/2026\/01\/les-ministres-laurent-nunez-et-michel-fournier-en-deplacement-dans-les-vosges-aupres-des-forces-de-lordre\/#breadcrumb"},"inLanguage":"fr-FR","potentialAction":[{"@type":"ReadAction","target":["https:\/\/vosgesinfo.fr\/remiremontinfo\/2026\/01\/les-ministres-laurent-nunez-et-michel-fournier-en-deplacement-dans-les-vosges-aupres-des-forces-de-lordre\/"]}]},{"@type":"ImageObject","inLanguage":"fr-FR","@id":"https:\/\/vosgesinfo.fr\/remiremontinfo\/2026\/01\/les-ministres-laurent-nunez-et-michel-fournier-en-deplacement-dans-les-vosges-aupres-des-forces-de-lordre\/#primaryimage","url":"https:\/\/vosgesinfo.fr\/app\/uploads\/sites\/5\/2026\/01\/vosges-visite-ministres-laurent-nunezmichel-fournier-5.jpg","contentUrl":"https:\/\/vosgesinfo.fr\/app\/uploads\/sites\/5\/2026\/01\/vosges-visite-ministres-laurent-nunezmichel-fournier-5.jpg","width":1440,"height":1080},{"@type":"BreadcrumbList","@id":"https:\/\/vosgesinfo.fr\/remiremontinfo\/2026\/01\/les-ministres-laurent-nunez-et-michel-fournier-en-deplacement-dans-les-vosges-aupres-des-forces-de-lordre\/#breadcrumb","itemListElement":[{"@type":"ListItem","position":1,"name":"Home","item":"https:\/\/vosgesinfo.fr\/remiremontinfo\/"},{"@type":"ListItem","position":2,"name":"Les ministres Laurent Nu\u00f1ez et Michel Fournier en d\u00e9placement dans les Vosges aupr\u00e8s des forces de l\u2019ordre"}]},{"@type":"WebSite","@id":"https:\/\/vosgesinfo.fr\/remiremontinfo\/#website","url":"https:\/\/vosgesinfo.fr\/remiremontinfo\/","name":"Remiremont Info","description":"Toute l&#039;actualit\u00e9 de Remiremont","publisher":{"@id":"https:\/\/vosgesinfo.fr\/remiremontinfo\/#organization"},"alternateName":"Toute l'actualit\u00e9 de Remiremont","potentialAction":[{"@type":"SearchAction","target":{"@type":"EntryPoint","urlTemplate":"https:\/\/vosgesinfo.fr\/remiremontinfo\/?s={search_term_string}"},"query-input":"required name=search_term_string"}],"inLanguage":"fr-FR"},{"@type":"Organization","@id":"https:\/\/vosgesinfo.fr\/remiremontinfo\/#organization","name":"Remiremont Info","url":"https:\/\/vosgesinfo.fr\/remiremontinfo\/","logo":{"@type":"ImageObject","inLanguage":"fr-FR","@id":"https:\/\/vosgesinfo.fr\/remiremontinfo\/#\/schema\/logo\/image\/","url":"https:\/\/vosgesinfo.fr\/app\/uploads\/sites\/5\/2023\/08\/favicon-remiremontinfo.png","contentUrl":"https:\/\/vosgesinfo.fr\/app\/uploads\/sites\/5\/2023\/08\/favicon-remiremontinfo.png","width":512,"height":512,"caption":"Remiremont Info"},"image":{"@id":"https:\/\/vosgesinfo.fr\/remiremontinfo\/#\/schema\/logo\/image\/"},"sameAs":["https:\/\/www.facebook.com\/remiremontinfo","https:\/\/x.com\/VosgesInfo88","https:\/\/www.youtube.com\/@vosgesinfo"]},{"@type":"Person","@id":"https:\/\/vosgesinfo.fr\/remiremontinfo\/#\/schema\/person\/fa73e9f726d67bb88f46d5b7943cb572","name":"J.J.","image":{"@type":"ImageObject","inLanguage":"fr-FR","@id":"https:\/\/vosgesinfo.fr\/remiremontinfo\/#\/schema\/person\/image\/","url":"https:\/\/secure.gravatar.com\/avatar\/219e749e47ffbcca018a360ae4add7d4cdf1cdaaf8bc7676b27efade3fe65615?s=96&d=mm&r=g","contentUrl":"https:\/\/secure.gravatar.com\/avatar\/219e749e47ffbcca018a360ae4add7d4cdf1cdaaf8bc7676b27efade3fe65615?s=96&d=mm&r=g","caption":"J.J."},"url":"https:\/\/vosgesinfo.fr\/remiremontinfo\/author\/j-j\/"}]}},"_links":{"self":[{"href":"https:\/\/vosgesinfo.fr\/remiremontinfo\/wp-json\/wp\/v2\/posts\/88220","targetHints":{"allow":["GET"]}}],"collection":[{"href":"https:\/\/vosgesinfo.fr\/remiremontinfo\/wp-json\/wp\/v2\/posts"}],"about":[{"href":"https:\/\/vosgesinfo.fr\/remiremontinfo\/wp-json\/wp\/v2\/types\/post"}],"author":[{"embeddable":true,"href":"https:\/\/vosgesinfo.fr\/remiremontinfo\/wp-json\/wp\/v2\/users\/46"}],"replies":[{"embeddable":true,"href":"https:\/\/vosgesinfo.fr\/remiremontinfo\/wp-json\/wp\/v2\/comments?post=88220"}],"version-history":[{"count":1,"href":"https:\/\/vosgesinfo.fr\/remiremontinfo\/wp-json\/wp\/v2\/posts\/88220\/revisions"}],"predecessor-version":[{"id":88223,"href":"https:\/\/vosgesinfo.fr\/remiremontinfo\/wp-json\/wp\/v2\/posts\/88220\/revisions\/88223"}],"wp:featuredmedia":[{"embeddable":true,"href":"https:\/\/vosgesinfo.fr\/remiremontinfo\/wp-json\/wp\/v2\/media\/88221"}],"wp:attachment":[{"href":"https:\/\/vosgesinfo.fr\/remiremontinfo\/wp-json\/wp\/v2\/media?parent=88220"}],"wp:term":[{"taxonomy":"category","embeddable":true,"href":"https:\/\/vosgesinfo.fr\/remiremontinfo\/wp-json\/wp\/v2\/categories?post=88220"},{"taxonomy":"post_tag","embeddable":true,"href":"https:\/\/vosgesinfo.fr\/remiremontinfo\/wp-json\/wp\/v2\/tags?post=88220"}],"curies":[{"name":"wp","href":"https:\/\/api.w.org\/{rel}","templated":true}]}}