{"id":88234,"date":"2026-01-25T10:50:53","date_gmt":"2026-01-25T09:50:53","guid":{"rendered":"https:\/\/vosgesinfo.fr\/remiremontinfo\/?p=88234"},"modified":"2026-01-25T10:50:53","modified_gmt":"2026-01-25T09:50:53","slug":"une-centaine-dadherents-presents-pour-lassemblee-generale-de-lademat-h-qui-a-fete-ses-dix-ans","status":"publish","type":"post","link":"https:\/\/vosgesinfo.fr\/remiremontinfo\/2026\/01\/une-centaine-dadherents-presents-pour-lassemblee-generale-de-lademat-h-qui-a-fete-ses-dix-ans\/","title":{"rendered":"Une centaine d&rsquo;adh\u00e9rents pr\u00e9sents pour l&#038;assembl\u00e9e G\u00e9n\u00e9rale de l\u2019ADEMAT-H qui a f\u00eat\u00e9 ses dix ans !"},"content":{"rendered":"<p><a href=\"https:\/\/vosgesinfo.fr\/app\/uploads\/sites\/5\/2026\/01\/capture-decran-2026-01-23-230309.jpg\"><img decoding=\"async\" class=\"size-large wp-image-88235 aligncenter\" src=\"https:\/\/vosgesinfo.fr\/app\/uploads\/sites\/5\/2026\/01\/capture-decran-2026-01-23-230309-1024x682.jpg\" alt=\"\" width=\"1024\" height=\"682\" srcset=\"https:\/\/vosgesinfo.fr\/app\/uploads\/sites\/5\/2026\/01\/capture-decran-2026-01-23-230309-1024x682.jpg 1024w, https:\/\/vosgesinfo.fr\/app\/uploads\/sites\/5\/2026\/01\/capture-decran-2026-01-23-230309-300x200.jpg 300w, https:\/\/vosgesinfo.fr\/app\/uploads\/sites\/5\/2026\/01\/capture-decran-2026-01-23-230309-768x512.jpg 768w, https:\/\/vosgesinfo.fr\/app\/uploads\/sites\/5\/2026\/01\/capture-decran-2026-01-23-230309.jpg 1354w\" sizes=\"(max-width: 1024px) 100vw, 1024px\" \/><\/a><\/p>\n<p><strong>L\u2019ADEMAT-H a tenu ce vendredi soir son assembl\u00e9e g\u00e9n\u00e9rale annuelle au centre culturel Zaug \u00e0 Remiremont. Pour l\u2019occasion, plus d\u2019une centaine d\u2019adh\u00e9rents \u00e9taient pr\u00e9sents.<\/strong><\/p>\n<p>Si les adh\u00e9rents \u00e9taient bien repr\u00e9sent\u00e9s, les contraintes de calendriers (visite du ministre de l\u2019Int\u00e9rieur, v\u0153ux de la communaut\u00e9 de communes et de quelques communes\u2026) ont emp\u00each\u00e9 bon nombre d\u2019\u00e9lus d\u2019\u00eatre pr\u00e9sents. Le maire de Remiremont a quant \u00e0 lui rejoint l\u2019assembl\u00e9e en cours de route. Le s\u00e9nateur Jean Hingray, lui qui a montr\u00e9 r\u00e9guli\u00e8rement son attachement \u00e0 l\u2019ADEMAT-H, regrettant de ne pouvoir \u00eatre pr\u00e9sent, a tenu \u00e0 adresser un courrier qui a \u00e9t\u00e9 remis \u00e0 tous les participants.<\/p>\n<p>Le pr\u00e9sident Jean Pierrel a d\u00e9but\u00e9 son rapport moral en\u00a0\u00ab\u00a0soulignant et saluant la victoire, suite \u00e0 l\u2019annonce de l\u2019ouverture d\u2019un dispositif d\u2019accueil et d\u2019orientation des enfants sur le secteur de Bruy\u00e8res. Victoire apr\u00e8s 8 ann\u00e9es de mobilisations et d&rsquo;actions diverses auxquelles l\u2019ADEMAT-H a apport\u00e9 un fid\u00e8le soutien. Preuve qu\u2019il n\u2019y a pas de fatalit\u00e9 et que l\u2019action est d\u00e9terminante.\u00a0\u00bb Il a aussi mis en \u00e9vidence un autre point positif\u00a0: \u00ab\u00a0En ce qui concerne la maternit\u00e9, r\u00e9jouissons-nous d\u2019abord que, dans un contexte global de forte baisse de la natalit\u00e9 o\u00f9, pour la premi\u00e8re fois en France depuis la derni\u00e8re guerre, le nombre de d\u00e9c\u00e8s en 2025 est sup\u00e9rieur aux naissances,<strong> ici \u00e0 Remiremont, les naissances ont progress\u00e9<\/strong>.\u00a0\u00bb<\/p>\n<p>Dans son rapport d\u2019activit\u00e9, Claude Grive est revenu sur l\u2019ensemble des actions et activit\u00e9s dans lesquelles l\u2019association s\u2019investit, nous pouvons reprendre ici : l\u2019action pour faire rouvrir les urgences la nuit ; l\u2019interpellation de l\u2019ARS, du pr\u00e9fet, du ministre de la Ruralit\u00e9, de la direction de l\u2019h\u00f4pital, des \u00e9lus\u2026 ; la repr\u00e9sentation des usagers ; le bras de fer pour obtenir une coronarographie interventionnelle \u00e0 \u00c9pinal pour toutes les Vosges ; ou encore la diffusion des informations sur les risques environnementaux\u2026\u00a0Autant de bonnes raisons de venir rejoindre et adh\u00e9rer \u00e0 l\u2019ADEMAT-H, car fatalement, de pr\u00e8s ou de loin, tous seront un jour concern\u00e9s.<\/p>\n<div id=\"attachment_88236\" style=\"width: 211px\" class=\"wp-caption alignright\"><a href=\"https:\/\/vosgesinfo.fr\/app\/uploads\/sites\/5\/2026\/01\/capture-decran-2026-01-23-230649.png\"><img decoding=\"async\" aria-describedby=\"caption-attachment-88236\" class=\"size-medium wp-image-88236\" src=\"https:\/\/vosgesinfo.fr\/app\/uploads\/sites\/5\/2026\/01\/capture-decran-2026-01-23-230649-201x300.png\" alt=\"\" width=\"201\" height=\"300\" srcset=\"https:\/\/vosgesinfo.fr\/app\/uploads\/sites\/5\/2026\/01\/capture-decran-2026-01-23-230649-201x300.png 201w, https:\/\/vosgesinfo.fr\/app\/uploads\/sites\/5\/2026\/01\/capture-decran-2026-01-23-230649.png 604w\" sizes=\"(max-width: 201px) 100vw, 201px\" \/><\/a><p id=\"caption-attachment-88236\" class=\"wp-caption-text\">Moussa Aridja sur sc\u00e8ne<\/p><\/div>\n<p>Au moment de l\u2019appel \u00e0 candidatures pour le renouvellement de la moiti\u00e9 des membres du conseil d\u2019administration, le pr\u00e9sident Jean Pierrel a soulev\u00e9, non sans humour, un paradoxe : \u00ab Dommage que ce soient principalement des messieurs barbus et grisonnants qui d\u00e9fendent la maternit\u00e9 \u00bb.\u00a0En cl\u00f4ture, \u00e0 l\u2019occasion des 80 ans de la S\u00e9curit\u00e9 sociale, Moussa Aridja est mont\u00e9 sur sc\u00e8ne pour r\u00e9aliser quelques sc\u00e9nettes humoristiques sur le th\u00e8me : \u00ab Id\u00e9es re\u00e7ues sur la S\u00e9curit\u00e9 sociale \u00bb. L\u2019assembl\u00e9e s\u2019est ensuite termin\u00e9e par le traditionnel verre de l\u2019amiti\u00e9.<\/p>\n<p><strong>PM<\/strong><\/p>\n<p><a href=\"https:\/\/vosgesinfo.fr\/app\/uploads\/sites\/5\/2026\/01\/capture-decran-2026-01-23-230511.jpg\"><img decoding=\"async\" class=\"alignright size-large wp-image-88237\" src=\"https:\/\/vosgesinfo.fr\/app\/uploads\/sites\/5\/2026\/01\/capture-decran-2026-01-23-230511-1024x683.jpg\" alt=\"\" width=\"1024\" height=\"683\" srcset=\"https:\/\/vosgesinfo.fr\/app\/uploads\/sites\/5\/2026\/01\/capture-decran-2026-01-23-230511-1024x683.jpg 1024w, https:\/\/vosgesinfo.fr\/app\/uploads\/sites\/5\/2026\/01\/capture-decran-2026-01-23-230511-300x200.jpg 300w, https:\/\/vosgesinfo.fr\/app\/uploads\/sites\/5\/2026\/01\/capture-decran-2026-01-23-230511-768x513.jpg 768w, https:\/\/vosgesinfo.fr\/app\/uploads\/sites\/5\/2026\/01\/capture-decran-2026-01-23-230511.jpg 1347w\" sizes=\"(max-width: 1024px) 100vw, 1024px\" \/><\/a><\/p>\n","protected":false},"excerpt":{"rendered":"<p>L\u2019ADEMAT-H a tenu ce vendredi soir son assembl\u00e9e g\u00e9n\u00e9rale annuelle au centre culturel Zaug \u00e0 Remiremont. Pour l\u2019occasion, plus d\u2019une [&hellip;]<\/p>\n","protected":false},"author":413,"featured_media":88235,"comment_status":"open","ping_status":"open","sticky":false,"template":"","format":"standard","meta":{"footnotes":""},"categories":[26,25,37,82,192,35,12,13,17,18],"tags":[518],"class_list":["post-88234","post","type-post","status-publish","format-standard","has-post-thumbnail","hentry","category-a-la-une","category-la-bresse-son-canton","category-le-thillot-son-canton","category-le-val-dajol-son-canton","category-massif-vosgien","category-remiremont-son-canton","category-sante","category-societe","category-vie-associative","category-vosges","tag-ademat-h"],"acf":[],"yoast_head":"<!-- This site is optimized with the Yoast SEO plugin v22.5 - https:\/\/yoast.com\/wordpress\/plugins\/seo\/ -->\n<title>Une centaine d&#039;adh\u00e9rents pr\u00e9sents pour l&amp;assembl\u00e9e G\u00e9n\u00e9rale de l\u2019ADEMAT-H qui a f\u00eat\u00e9 ses dix ans ! - Remiremont Info<\/title>\n<meta name=\"robots\" content=\"index, follow, max-snippet:-1, max-image-preview:large, max-video-preview:-1\" \/>\n<link rel=\"canonical\" href=\"https:\/\/vosgesinfo.fr\/remiremontinfo\/?p=88234\" \/>\n<meta name=\"twitter:card\" content=\"summary_large_image\" \/>\n<meta name=\"twitter:title\" content=\"Une centaine d&#039;adh\u00e9rents pr\u00e9sents pour l&amp;assembl\u00e9e G\u00e9n\u00e9rale de l\u2019ADEMAT-H qui a f\u00eat\u00e9 ses dix ans ! - Remiremont Info\" \/>\n<meta name=\"twitter:description\" content=\"L\u2019ADEMAT-H a tenu ce vendredi soir son assembl\u00e9e g\u00e9n\u00e9rale annuelle au centre culturel Zaug \u00e0 Remiremont. Pour l\u2019occasion, plus d\u2019une [&hellip;]\" \/>\n<meta name=\"twitter:image\" content=\"https:\/\/vosgesinfo.fr\/app\/uploads\/sites\/5\/2026\/01\/capture-decran-2026-01-23-230309.jpg\" \/>\n<meta name=\"twitter:creator\" content=\"@VosgesInfo88\" \/>\n<meta name=\"twitter:site\" content=\"@VosgesInfo88\" \/>\n<meta name=\"twitter:label1\" content=\"\u00c9crit par\" \/>\n\t<meta name=\"twitter:data1\" content=\"P.M\" \/>\n\t<meta name=\"twitter:label2\" content=\"Dur\u00e9e de lecture estim\u00e9e\" \/>\n\t<meta name=\"twitter:data2\" content=\"3 minutes\" \/>\n<script type=\"application\/ld+json\" class=\"yoast-schema-graph\">{\"@context\":\"https:\/\/schema.org\",\"@graph\":[{\"@type\":\"Article\",\"@id\":\"https:\/\/vosgesinfo.fr\/remiremontinfo\/?p=88234#article\",\"isPartOf\":{\"@id\":\"https:\/\/vosgesinfo.fr\/remiremontinfo\/?p=88234\"},\"author\":{\"name\":\"P.M\",\"@id\":\"https:\/\/vosgesinfo.fr\/remiremontinfo\/#\/schema\/person\/a6fd2dde36da20be3679f2058b94c5b8\"},\"headline\":\"Une centaine d&rsquo;adh\u00e9rents pr\u00e9sents pour l&#038;assembl\u00e9e G\u00e9n\u00e9rale de l\u2019ADEMAT-H qui a f\u00eat\u00e9 ses dix ans !\",\"datePublished\":\"2026-01-25T09:50:53+00:00\",\"dateModified\":\"2026-01-25T09:50:53+00:00\",\"mainEntityOfPage\":{\"@id\":\"https:\/\/vosgesinfo.fr\/remiremontinfo\/?p=88234\"},\"wordCount\":510,\"commentCount\":1,\"publisher\":{\"@id\":\"https:\/\/vosgesinfo.fr\/remiremontinfo\/#organization\"},\"image\":{\"@id\":\"https:\/\/vosgesinfo.fr\/remiremontinfo\/?p=88234#primaryimage\"},\"thumbnailUrl\":\"https:\/\/vosgesinfo.fr\/app\/uploads\/sites\/5\/2026\/01\/capture-decran-2026-01-23-230309.jpg\",\"keywords\":[\"ademat-h\"],\"articleSection\":[\"A la Une\",\"La Bresse &amp; son canton\",\"Le Thillot &amp; son canton\",\"Le Val-d'Ajol &amp; son canton\",\"Massif vosgien\",\"Remiremont &amp; son canton\",\"Sant\u00e9\",\"Soci\u00e9t\u00e9\",\"Vie associative\",\"Vosges\"],\"inLanguage\":\"fr-FR\",\"potentialAction\":[{\"@type\":\"CommentAction\",\"name\":\"Comment\",\"target\":[\"https:\/\/vosgesinfo.fr\/remiremontinfo\/?p=88234#respond\"]}]},{\"@type\":\"WebPage\",\"@id\":\"https:\/\/vosgesinfo.fr\/remiremontinfo\/?p=88234\",\"url\":\"https:\/\/vosgesinfo.fr\/remiremontinfo\/?p=88234\",\"name\":\"Une centaine d'adh\u00e9rents pr\u00e9sents pour l&assembl\u00e9e G\u00e9n\u00e9rale de l\u2019ADEMAT-H qui a f\u00eat\u00e9 ses dix ans ! - Remiremont Info\",\"isPartOf\":{\"@id\":\"https:\/\/vosgesinfo.fr\/remiremontinfo\/#website\"},\"primaryImageOfPage\":{\"@id\":\"https:\/\/vosgesinfo.fr\/remiremontinfo\/?p=88234#primaryimage\"},\"image\":{\"@id\":\"https:\/\/vosgesinfo.fr\/remiremontinfo\/?p=88234#primaryimage\"},\"thumbnailUrl\":\"https:\/\/vosgesinfo.fr\/app\/uploads\/sites\/5\/2026\/01\/capture-decran-2026-01-23-230309.jpg\",\"datePublished\":\"2026-01-25T09:50:53+00:00\",\"dateModified\":\"2026-01-25T09:50:53+00:00\",\"breadcrumb\":{\"@id\":\"https:\/\/vosgesinfo.fr\/remiremontinfo\/?p=88234#breadcrumb\"},\"inLanguage\":\"fr-FR\",\"potentialAction\":[{\"@type\":\"ReadAction\",\"target\":[\"https:\/\/vosgesinfo.fr\/remiremontinfo\/?p=88234\"]}]},{\"@type\":\"ImageObject\",\"inLanguage\":\"fr-FR\",\"@id\":\"https:\/\/vosgesinfo.fr\/remiremontinfo\/?p=88234#primaryimage\",\"url\":\"https:\/\/vosgesinfo.fr\/app\/uploads\/sites\/5\/2026\/01\/capture-decran-2026-01-23-230309.jpg\",\"contentUrl\":\"https:\/\/vosgesinfo.fr\/app\/uploads\/sites\/5\/2026\/01\/capture-decran-2026-01-23-230309.jpg\",\"width\":1354,\"height\":902},{\"@type\":\"BreadcrumbList\",\"@id\":\"https:\/\/vosgesinfo.fr\/remiremontinfo\/?p=88234#breadcrumb\",\"itemListElement\":[{\"@type\":\"ListItem\",\"position\":1,\"name\":\"Home\",\"item\":\"https:\/\/vosgesinfo.fr\/remiremontinfo\/\"},{\"@type\":\"ListItem\",\"position\":2,\"name\":\"Assembl\u00e9e G\u00e9n\u00e9rale de l\u2019ADEMAT-H qui a aussi f\u00eat\u00e9 ses dix ans !\"}]},{\"@type\":\"WebSite\",\"@id\":\"https:\/\/vosgesinfo.fr\/remiremontinfo\/#website\",\"url\":\"https:\/\/vosgesinfo.fr\/remiremontinfo\/\",\"name\":\"Remiremont Info\",\"description\":\"Toute l&#039;actualit\u00e9 de Remiremont\",\"publisher\":{\"@id\":\"https:\/\/vosgesinfo.fr\/remiremontinfo\/#organization\"},\"alternateName\":\"Toute l'actualit\u00e9 de Remiremont\",\"potentialAction\":[{\"@type\":\"SearchAction\",\"target\":{\"@type\":\"EntryPoint\",\"urlTemplate\":\"https:\/\/vosgesinfo.fr\/remiremontinfo\/?s={search_term_string}\"},\"query-input\":\"required name=search_term_string\"}],\"inLanguage\":\"fr-FR\"},{\"@type\":\"Organization\",\"@id\":\"https:\/\/vosgesinfo.fr\/remiremontinfo\/#organization\",\"name\":\"Remiremont Info\",\"url\":\"https:\/\/vosgesinfo.fr\/remiremontinfo\/\",\"logo\":{\"@type\":\"ImageObject\",\"inLanguage\":\"fr-FR\",\"@id\":\"https:\/\/vosgesinfo.fr\/remiremontinfo\/#\/schema\/logo\/image\/\",\"url\":\"https:\/\/vosgesinfo.fr\/app\/uploads\/sites\/5\/2023\/08\/favicon-remiremontinfo.png\",\"contentUrl\":\"https:\/\/vosgesinfo.fr\/app\/uploads\/sites\/5\/2023\/08\/favicon-remiremontinfo.png\",\"width\":512,\"height\":512,\"caption\":\"Remiremont Info\"},\"image\":{\"@id\":\"https:\/\/vosgesinfo.fr\/remiremontinfo\/#\/schema\/logo\/image\/\"},\"sameAs\":[\"https:\/\/www.facebook.com\/remiremontinfo\",\"https:\/\/x.com\/VosgesInfo88\",\"https:\/\/www.youtube.com\/@vosgesinfo\"]},{\"@type\":\"Person\",\"@id\":\"https:\/\/vosgesinfo.fr\/remiremontinfo\/#\/schema\/person\/a6fd2dde36da20be3679f2058b94c5b8\",\"name\":\"P.M\",\"image\":{\"@type\":\"ImageObject\",\"inLanguage\":\"fr-FR\",\"@id\":\"https:\/\/vosgesinfo.fr\/remiremontinfo\/#\/schema\/person\/image\/\",\"url\":\"https:\/\/secure.gravatar.com\/avatar\/db38f6ef38bb165f6f4d352563f264129673ed4536984fbbcddf700bd12f8a9a?s=96&d=mm&r=g\",\"contentUrl\":\"https:\/\/secure.gravatar.com\/avatar\/db38f6ef38bb165f6f4d352563f264129673ed4536984fbbcddf700bd12f8a9a?s=96&d=mm&r=g\",\"caption\":\"P.M\"},\"url\":\"https:\/\/vosgesinfo.fr\/remiremontinfo\/author\/p-mangel88\/\"}]}<\/script>\n<!-- \/ Yoast SEO plugin. -->","yoast_head_json":{"title":"Une centaine d'adh\u00e9rents pr\u00e9sents pour l&assembl\u00e9e G\u00e9n\u00e9rale de l\u2019ADEMAT-H qui a f\u00eat\u00e9 ses dix ans ! - Remiremont Info","robots":{"index":"index","follow":"follow","max-snippet":"max-snippet:-1","max-image-preview":"max-image-preview:large","max-video-preview":"max-video-preview:-1"},"canonical":"https:\/\/vosgesinfo.fr\/remiremontinfo\/?p=88234","twitter_card":"summary_large_image","twitter_title":"Une centaine d'adh\u00e9rents pr\u00e9sents pour l&assembl\u00e9e G\u00e9n\u00e9rale de l\u2019ADEMAT-H qui a f\u00eat\u00e9 ses dix ans ! - Remiremont Info","twitter_description":"L\u2019ADEMAT-H a tenu ce vendredi soir son assembl\u00e9e g\u00e9n\u00e9rale annuelle au centre culturel Zaug \u00e0 Remiremont. Pour l\u2019occasion, plus d\u2019une [&hellip;]","twitter_image":"https:\/\/vosgesinfo.fr\/app\/uploads\/sites\/5\/2026\/01\/capture-decran-2026-01-23-230309.jpg","twitter_creator":"@VosgesInfo88","twitter_site":"@VosgesInfo88","twitter_misc":{"\u00c9crit par":"P.M","Dur\u00e9e de lecture estim\u00e9e":"3 minutes"},"schema":{"@context":"https:\/\/schema.org","@graph":[{"@type":"Article","@id":"https:\/\/vosgesinfo.fr\/remiremontinfo\/?p=88234#article","isPartOf":{"@id":"https:\/\/vosgesinfo.fr\/remiremontinfo\/?p=88234"},"author":{"name":"P.M","@id":"https:\/\/vosgesinfo.fr\/remiremontinfo\/#\/schema\/person\/a6fd2dde36da20be3679f2058b94c5b8"},"headline":"Une centaine d&rsquo;adh\u00e9rents pr\u00e9sents pour l&#038;assembl\u00e9e G\u00e9n\u00e9rale de l\u2019ADEMAT-H qui a f\u00eat\u00e9 ses dix ans !","datePublished":"2026-01-25T09:50:53+00:00","dateModified":"2026-01-25T09:50:53+00:00","mainEntityOfPage":{"@id":"https:\/\/vosgesinfo.fr\/remiremontinfo\/?p=88234"},"wordCount":510,"commentCount":1,"publisher":{"@id":"https:\/\/vosgesinfo.fr\/remiremontinfo\/#organization"},"image":{"@id":"https:\/\/vosgesinfo.fr\/remiremontinfo\/?p=88234#primaryimage"},"thumbnailUrl":"https:\/\/vosgesinfo.fr\/app\/uploads\/sites\/5\/2026\/01\/capture-decran-2026-01-23-230309.jpg","keywords":["ademat-h"],"articleSection":["A la Une","La Bresse &amp; son canton","Le Thillot &amp; son canton","Le Val-d'Ajol &amp; son canton","Massif vosgien","Remiremont &amp; son canton","Sant\u00e9","Soci\u00e9t\u00e9","Vie associative","Vosges"],"inLanguage":"fr-FR","potentialAction":[{"@type":"CommentAction","name":"Comment","target":["https:\/\/vosgesinfo.fr\/remiremontinfo\/?p=88234#respond"]}]},{"@type":"WebPage","@id":"https:\/\/vosgesinfo.fr\/remiremontinfo\/?p=88234","url":"https:\/\/vosgesinfo.fr\/remiremontinfo\/?p=88234","name":"Une centaine d'adh\u00e9rents pr\u00e9sents pour l&assembl\u00e9e G\u00e9n\u00e9rale de l\u2019ADEMAT-H qui a f\u00eat\u00e9 ses dix ans ! - Remiremont Info","isPartOf":{"@id":"https:\/\/vosgesinfo.fr\/remiremontinfo\/#website"},"primaryImageOfPage":{"@id":"https:\/\/vosgesinfo.fr\/remiremontinfo\/?p=88234#primaryimage"},"image":{"@id":"https:\/\/vosgesinfo.fr\/remiremontinfo\/?p=88234#primaryimage"},"thumbnailUrl":"https:\/\/vosgesinfo.fr\/app\/uploads\/sites\/5\/2026\/01\/capture-decran-2026-01-23-230309.jpg","datePublished":"2026-01-25T09:50:53+00:00","dateModified":"2026-01-25T09:50:53+00:00","breadcrumb":{"@id":"https:\/\/vosgesinfo.fr\/remiremontinfo\/?p=88234#breadcrumb"},"inLanguage":"fr-FR","potentialAction":[{"@type":"ReadAction","target":["https:\/\/vosgesinfo.fr\/remiremontinfo\/?p=88234"]}]},{"@type":"ImageObject","inLanguage":"fr-FR","@id":"https:\/\/vosgesinfo.fr\/remiremontinfo\/?p=88234#primaryimage","url":"https:\/\/vosgesinfo.fr\/app\/uploads\/sites\/5\/2026\/01\/capture-decran-2026-01-23-230309.jpg","contentUrl":"https:\/\/vosgesinfo.fr\/app\/uploads\/sites\/5\/2026\/01\/capture-decran-2026-01-23-230309.jpg","width":1354,"height":902},{"@type":"BreadcrumbList","@id":"https:\/\/vosgesinfo.fr\/remiremontinfo\/?p=88234#breadcrumb","itemListElement":[{"@type":"ListItem","position":1,"name":"Home","item":"https:\/\/vosgesinfo.fr\/remiremontinfo\/"},{"@type":"ListItem","position":2,"name":"Assembl\u00e9e G\u00e9n\u00e9rale de l\u2019ADEMAT-H qui a aussi f\u00eat\u00e9 ses dix ans !"}]},{"@type":"WebSite","@id":"https:\/\/vosgesinfo.fr\/remiremontinfo\/#website","url":"https:\/\/vosgesinfo.fr\/remiremontinfo\/","name":"Remiremont Info","description":"Toute l&#039;actualit\u00e9 de Remiremont","publisher":{"@id":"https:\/\/vosgesinfo.fr\/remiremontinfo\/#organization"},"alternateName":"Toute l'actualit\u00e9 de Remiremont","potentialAction":[{"@type":"SearchAction","target":{"@type":"EntryPoint","urlTemplate":"https:\/\/vosgesinfo.fr\/remiremontinfo\/?s={search_term_string}"},"query-input":"required name=search_term_string"}],"inLanguage":"fr-FR"},{"@type":"Organization","@id":"https:\/\/vosgesinfo.fr\/remiremontinfo\/#organization","name":"Remiremont Info","url":"https:\/\/vosgesinfo.fr\/remiremontinfo\/","logo":{"@type":"ImageObject","inLanguage":"fr-FR","@id":"https:\/\/vosgesinfo.fr\/remiremontinfo\/#\/schema\/logo\/image\/","url":"https:\/\/vosgesinfo.fr\/app\/uploads\/sites\/5\/2023\/08\/favicon-remiremontinfo.png","contentUrl":"https:\/\/vosgesinfo.fr\/app\/uploads\/sites\/5\/2023\/08\/favicon-remiremontinfo.png","width":512,"height":512,"caption":"Remiremont Info"},"image":{"@id":"https:\/\/vosgesinfo.fr\/remiremontinfo\/#\/schema\/logo\/image\/"},"sameAs":["https:\/\/www.facebook.com\/remiremontinfo","https:\/\/x.com\/VosgesInfo88","https:\/\/www.youtube.com\/@vosgesinfo"]},{"@type":"Person","@id":"https:\/\/vosgesinfo.fr\/remiremontinfo\/#\/schema\/person\/a6fd2dde36da20be3679f2058b94c5b8","name":"P.M","image":{"@type":"ImageObject","inLanguage":"fr-FR","@id":"https:\/\/vosgesinfo.fr\/remiremontinfo\/#\/schema\/person\/image\/","url":"https:\/\/secure.gravatar.com\/avatar\/db38f6ef38bb165f6f4d352563f264129673ed4536984fbbcddf700bd12f8a9a?s=96&d=mm&r=g","contentUrl":"https:\/\/secure.gravatar.com\/avatar\/db38f6ef38bb165f6f4d352563f264129673ed4536984fbbcddf700bd12f8a9a?s=96&d=mm&r=g","caption":"P.M"},"url":"https:\/\/vosgesinfo.fr\/remiremontinfo\/author\/p-mangel88\/"}]}},"_links":{"self":[{"href":"https:\/\/vosgesinfo.fr\/remiremontinfo\/wp-json\/wp\/v2\/posts\/88234","targetHints":{"allow":["GET"]}}],"collection":[{"href":"https:\/\/vosgesinfo.fr\/remiremontinfo\/wp-json\/wp\/v2\/posts"}],"about":[{"href":"https:\/\/vosgesinfo.fr\/remiremontinfo\/wp-json\/wp\/v2\/types\/post"}],"author":[{"embeddable":true,"href":"https:\/\/vosgesinfo.fr\/remiremontinfo\/wp-json\/wp\/v2\/users\/413"}],"replies":[{"embeddable":true,"href":"https:\/\/vosgesinfo.fr\/remiremontinfo\/wp-json\/wp\/v2\/comments?post=88234"}],"version-history":[{"count":4,"href":"https:\/\/vosgesinfo.fr\/remiremontinfo\/wp-json\/wp\/v2\/posts\/88234\/revisions"}],"predecessor-version":[{"id":88244,"href":"https:\/\/vosgesinfo.fr\/remiremontinfo\/wp-json\/wp\/v2\/posts\/88234\/revisions\/88244"}],"wp:featuredmedia":[{"embeddable":true,"href":"https:\/\/vosgesinfo.fr\/remiremontinfo\/wp-json\/wp\/v2\/media\/88235"}],"wp:attachment":[{"href":"https:\/\/vosgesinfo.fr\/remiremontinfo\/wp-json\/wp\/v2\/media?parent=88234"}],"wp:term":[{"taxonomy":"category","embeddable":true,"href":"https:\/\/vosgesinfo.fr\/remiremontinfo\/wp-json\/wp\/v2\/categories?post=88234"},{"taxonomy":"post_tag","embeddable":true,"href":"https:\/\/vosgesinfo.fr\/remiremontinfo\/wp-json\/wp\/v2\/tags?post=88234"}],"curies":[{"name":"wp","href":"https:\/\/api.w.org\/{rel}","templated":true}]}}