{"id":88245,"date":"2026-01-26T09:14:44","date_gmt":"2026-01-26T08:14:44","guid":{"rendered":"https:\/\/vosgesinfo.fr\/remiremontinfo\/2026\/01\/des-agriculteurs-vosgiens-interpellent-le-ministre-de-la-ruralite-lors-des-voeux-municipaux\/"},"modified":"2026-01-26T09:14:44","modified_gmt":"2026-01-26T08:14:44","slug":"des-agriculteurs-vosgiens-interpellent-le-ministre-de-la-ruralite-lors-des-voeux-municipaux","status":"publish","type":"post","link":"https:\/\/vosgesinfo.fr\/remiremontinfo\/2026\/01\/des-agriculteurs-vosgiens-interpellent-le-ministre-de-la-ruralite-lors-des-voeux-municipaux\/","title":{"rendered":"Des agriculteurs vosgiens interpellent le ministre de la Ruralit\u00e9 lors des v\u0153ux municipaux"},"content":{"rendered":"<h2 data-start=\"231\" data-end=\"581\"><strong><a href=\"https:\/\/vosgesinfo.fr\/app\/uploads\/sites\/3\/2026\/01\/coordination-rurale-inistre-de-la-ruralite-a-hadigny-les-verrieres.jpg\"><img decoding=\"async\" class=\"aligncenter size-large wp-image-139227\" src=\"https:\/\/vosgesinfo.fr\/app\/uploads\/sites\/3\/2026\/01\/coordination-rurale-inistre-de-la-ruralite-a-hadigny-les-verrieres-1024x576.jpg\" alt=\"\" width=\"1024\" height=\"576\" \/><\/a>La c\u00e9r\u00e9monie des v\u0153ux du maire de Hadigny-les-Verri\u00e8res, organis\u00e9e le samedi 24 janvier, a pris une tournure inattendue. Alors que l\u2019\u00e9v\u00e9nement se d\u00e9roulait en pr\u00e9sence du ministre de la Ruralit\u00e9, Michel Fournier, une vingtaine d\u2019adh\u00e9rents de la Coordination Rurale des Vosges ont fait une apparition surprise pour faire entendre leurs revendications.<\/strong><\/h2>\n<p data-start=\"583\" data-end=\"881\">Peu avant 20 heures, les tracteurs des exploitants ont investi les abords de la salle des f\u00eates, klaxons retentissants \u00e0 l\u2019appui, au moment m\u00eame o\u00f9 les discours officiels s\u2019achevaient. Une action symbolique et d\u00e9termin\u00e9e, destin\u00e9e \u00e0 provoquer un \u00e9change direct avec le repr\u00e9sentant du gouvernement.<\/p>\n<p data-start=\"883\" data-end=\"1166\">Les agriculteurs souhaitaient notamment alerter le ministre sur plusieurs dossiers sensibles, parmi lesquels la r\u00e9cente signature de l\u2019accord de libre-\u00e9change avec le Mercosur et la gestion de l\u2019\u00e9pid\u00e9mie de Dermatose Nodulaire Contagieuse (DNC), qui inqui\u00e8te fortement la profession.<\/p>\n<p data-start=\"1168\" data-end=\"1448\">Face \u00e0 la mobilisation, Michel Fournier a accept\u00e9 de quitter la salle pour aller \u00e0 la rencontre des manifestants, donnant lieu \u00e0 un \u00e9change improvis\u00e9 \u00e0 l\u2019ext\u00e9rieur. Un geste salu\u00e9 par les repr\u00e9sentants syndicaux, d\u00e9sireux de voir leurs pr\u00e9occupations relay\u00e9es au plus haut niveau.<\/p>\n<p data-start=\"1450\" data-end=\"1791\">Dans une touche \u00e0 la fois ironique et symbolique, la vice-pr\u00e9sidente de la Coordination Rurale des Vosges a remis au ministre un cadeau inattendu : deux poules pondeuses.<\/p>\n<p data-start=\"1793\" data-end=\"2041\" data-is-last-node=\"\" data-is-only-node=\"\">Cette action coup de poing illustre une nouvelle fois la tension persistante entre les agriculteurs et les pouvoirs publics, ainsi que la volont\u00e9 des exploitants de ne plus rester silencieux face aux d\u00e9cisions qui impactent directement leur avenir.<\/p>\n<p data-start=\"1793\" data-end=\"2041\" data-is-last-node=\"\" data-is-only-node=\"\"><iframe loading=\"lazy\" src=\"\/\/www.youtube.com\/embed\/GRBvNwKVlOw\" width=\"560\" height=\"314\" allowfullscreen=\"allowfullscreen\"><\/iframe><\/p>\n","protected":false},"excerpt":{"rendered":"<p>La c\u00e9r\u00e9monie des v\u0153ux du maire de Hadigny-les-Verri\u00e8res, organis\u00e9e le samedi 24 janvier, a pris une tournure inattendue. Alors que [&hellip;]<\/p>\n","protected":false},"author":52,"featured_media":88246,"comment_status":"open","ping_status":"open","sticky":false,"template":"","format":"standard","meta":{"footnotes":""},"categories":[26,47,108,62,845,43,362],"tags":[],"class_list":["post-88245","post","type-post","status-publish","format-standard","has-post-thumbnail","hentry","category-a-la-une","category-agriculture","category-epinal","category-gerardmer","category-la-plaine-des-vosges","category-remiremont-remiremont-son-canton","category-saint-die"],"acf":[],"yoast_head":"<!-- This site is optimized with the Yoast SEO plugin v22.5 - https:\/\/yoast.com\/wordpress\/plugins\/seo\/ -->\n<title>Des agriculteurs vosgiens interpellent le ministre de la Ruralit\u00e9 lors des v\u0153ux municipaux - Remiremont Info<\/title>\n<meta name=\"robots\" content=\"index, follow, max-snippet:-1, max-image-preview:large, max-video-preview:-1\" \/>\n<link rel=\"canonical\" href=\"https:\/\/vosgesinfo.fr\/remiremontinfo\/2026\/01\/des-agriculteurs-vosgiens-interpellent-le-ministre-de-la-ruralite-lors-des-voeux-municipaux\/\" \/>\n<meta name=\"twitter:card\" content=\"summary_large_image\" \/>\n<meta name=\"twitter:title\" content=\"Des agriculteurs vosgiens interpellent le ministre de la Ruralit\u00e9 lors des v\u0153ux municipaux - Remiremont Info\" \/>\n<meta name=\"twitter:description\" content=\"La c\u00e9r\u00e9monie des v\u0153ux du maire de Hadigny-les-Verri\u00e8res, organis\u00e9e le samedi 24 janvier, a pris une tournure inattendue. Alors que [&hellip;]\" \/>\n<meta name=\"twitter:image\" content=\"https:\/\/vosgesinfo.fr\/app\/uploads\/sites\/5\/2026\/01\/coordination-rurale-inistre-de-la-ruralite-a-hadigny-les-verrieres.jpg\" \/>\n<meta name=\"twitter:creator\" content=\"@VosgesInfo88\" \/>\n<meta name=\"twitter:site\" content=\"@VosgesInfo88\" \/>\n<meta name=\"twitter:label1\" content=\"\u00c9crit par\" \/>\n\t<meta name=\"twitter:data1\" content=\"C.K.\" \/>\n\t<meta name=\"twitter:label2\" content=\"Dur\u00e9e de lecture estim\u00e9e\" \/>\n\t<meta name=\"twitter:data2\" content=\"1 minute\" \/>\n<script type=\"application\/ld+json\" class=\"yoast-schema-graph\">{\"@context\":\"https:\/\/schema.org\",\"@graph\":[{\"@type\":\"Article\",\"@id\":\"https:\/\/vosgesinfo.fr\/remiremontinfo\/2026\/01\/des-agriculteurs-vosgiens-interpellent-le-ministre-de-la-ruralite-lors-des-voeux-municipaux\/#article\",\"isPartOf\":{\"@id\":\"https:\/\/vosgesinfo.fr\/remiremontinfo\/2026\/01\/des-agriculteurs-vosgiens-interpellent-le-ministre-de-la-ruralite-lors-des-voeux-municipaux\/\"},\"author\":{\"name\":\"C.K.\",\"@id\":\"https:\/\/vosgesinfo.fr\/remiremontinfo\/#\/schema\/person\/6f9a650eeea99d969b6c4ab78fccbe81\"},\"headline\":\"Des agriculteurs vosgiens interpellent le ministre de la Ruralit\u00e9 lors des v\u0153ux municipaux\",\"datePublished\":\"2026-01-26T08:14:44+00:00\",\"dateModified\":\"2026-01-26T08:14:44+00:00\",\"mainEntityOfPage\":{\"@id\":\"https:\/\/vosgesinfo.fr\/remiremontinfo\/2026\/01\/des-agriculteurs-vosgiens-interpellent-le-ministre-de-la-ruralite-lors-des-voeux-municipaux\/\"},\"wordCount\":281,\"commentCount\":0,\"publisher\":{\"@id\":\"https:\/\/vosgesinfo.fr\/remiremontinfo\/#organization\"},\"image\":{\"@id\":\"https:\/\/vosgesinfo.fr\/remiremontinfo\/2026\/01\/des-agriculteurs-vosgiens-interpellent-le-ministre-de-la-ruralite-lors-des-voeux-municipaux\/#primaryimage\"},\"thumbnailUrl\":\"https:\/\/vosgesinfo.fr\/app\/uploads\/sites\/5\/2026\/01\/coordination-rurale-inistre-de-la-ruralite-a-hadigny-les-verrieres.jpg\",\"articleSection\":[\"A la Une\",\"Agriculture\",\"Epinal\",\"G\u00e9rardmer\",\"La plaine des vosges\",\"Remiremont\",\"Saint-di\u00e9\"],\"inLanguage\":\"fr-FR\",\"potentialAction\":[{\"@type\":\"CommentAction\",\"name\":\"Comment\",\"target\":[\"https:\/\/vosgesinfo.fr\/remiremontinfo\/2026\/01\/des-agriculteurs-vosgiens-interpellent-le-ministre-de-la-ruralite-lors-des-voeux-municipaux\/#respond\"]}]},{\"@type\":\"WebPage\",\"@id\":\"https:\/\/vosgesinfo.fr\/remiremontinfo\/2026\/01\/des-agriculteurs-vosgiens-interpellent-le-ministre-de-la-ruralite-lors-des-voeux-municipaux\/\",\"url\":\"https:\/\/vosgesinfo.fr\/remiremontinfo\/2026\/01\/des-agriculteurs-vosgiens-interpellent-le-ministre-de-la-ruralite-lors-des-voeux-municipaux\/\",\"name\":\"Des agriculteurs vosgiens interpellent le ministre de la Ruralit\u00e9 lors des v\u0153ux municipaux - Remiremont Info\",\"isPartOf\":{\"@id\":\"https:\/\/vosgesinfo.fr\/remiremontinfo\/#website\"},\"primaryImageOfPage\":{\"@id\":\"https:\/\/vosgesinfo.fr\/remiremontinfo\/2026\/01\/des-agriculteurs-vosgiens-interpellent-le-ministre-de-la-ruralite-lors-des-voeux-municipaux\/#primaryimage\"},\"image\":{\"@id\":\"https:\/\/vosgesinfo.fr\/remiremontinfo\/2026\/01\/des-agriculteurs-vosgiens-interpellent-le-ministre-de-la-ruralite-lors-des-voeux-municipaux\/#primaryimage\"},\"thumbnailUrl\":\"https:\/\/vosgesinfo.fr\/app\/uploads\/sites\/5\/2026\/01\/coordination-rurale-inistre-de-la-ruralite-a-hadigny-les-verrieres.jpg\",\"datePublished\":\"2026-01-26T08:14:44+00:00\",\"dateModified\":\"2026-01-26T08:14:44+00:00\",\"breadcrumb\":{\"@id\":\"https:\/\/vosgesinfo.fr\/remiremontinfo\/2026\/01\/des-agriculteurs-vosgiens-interpellent-le-ministre-de-la-ruralite-lors-des-voeux-municipaux\/#breadcrumb\"},\"inLanguage\":\"fr-FR\",\"potentialAction\":[{\"@type\":\"ReadAction\",\"target\":[\"https:\/\/vosgesinfo.fr\/remiremontinfo\/2026\/01\/des-agriculteurs-vosgiens-interpellent-le-ministre-de-la-ruralite-lors-des-voeux-municipaux\/\"]}]},{\"@type\":\"ImageObject\",\"inLanguage\":\"fr-FR\",\"@id\":\"https:\/\/vosgesinfo.fr\/remiremontinfo\/2026\/01\/des-agriculteurs-vosgiens-interpellent-le-ministre-de-la-ruralite-lors-des-voeux-municipaux\/#primaryimage\",\"url\":\"https:\/\/vosgesinfo.fr\/app\/uploads\/sites\/5\/2026\/01\/coordination-rurale-inistre-de-la-ruralite-a-hadigny-les-verrieres.jpg\",\"contentUrl\":\"https:\/\/vosgesinfo.fr\/app\/uploads\/sites\/5\/2026\/01\/coordination-rurale-inistre-de-la-ruralite-a-hadigny-les-verrieres.jpg\",\"width\":1920,\"height\":1080},{\"@type\":\"BreadcrumbList\",\"@id\":\"https:\/\/vosgesinfo.fr\/remiremontinfo\/2026\/01\/des-agriculteurs-vosgiens-interpellent-le-ministre-de-la-ruralite-lors-des-voeux-municipaux\/#breadcrumb\",\"itemListElement\":[{\"@type\":\"ListItem\",\"position\":1,\"name\":\"Home\",\"item\":\"https:\/\/vosgesinfo.fr\/remiremontinfo\/\"},{\"@type\":\"ListItem\",\"position\":2,\"name\":\"Des agriculteurs vosgiens interpellent le ministre de la Ruralit\u00e9 lors des v\u0153ux municipaux\"}]},{\"@type\":\"WebSite\",\"@id\":\"https:\/\/vosgesinfo.fr\/remiremontinfo\/#website\",\"url\":\"https:\/\/vosgesinfo.fr\/remiremontinfo\/\",\"name\":\"Remiremont Info\",\"description\":\"Toute l&#039;actualit\u00e9 de Remiremont\",\"publisher\":{\"@id\":\"https:\/\/vosgesinfo.fr\/remiremontinfo\/#organization\"},\"alternateName\":\"Toute l'actualit\u00e9 de Remiremont\",\"potentialAction\":[{\"@type\":\"SearchAction\",\"target\":{\"@type\":\"EntryPoint\",\"urlTemplate\":\"https:\/\/vosgesinfo.fr\/remiremontinfo\/?s={search_term_string}\"},\"query-input\":\"required name=search_term_string\"}],\"inLanguage\":\"fr-FR\"},{\"@type\":\"Organization\",\"@id\":\"https:\/\/vosgesinfo.fr\/remiremontinfo\/#organization\",\"name\":\"Remiremont Info\",\"url\":\"https:\/\/vosgesinfo.fr\/remiremontinfo\/\",\"logo\":{\"@type\":\"ImageObject\",\"inLanguage\":\"fr-FR\",\"@id\":\"https:\/\/vosgesinfo.fr\/remiremontinfo\/#\/schema\/logo\/image\/\",\"url\":\"https:\/\/vosgesinfo.fr\/app\/uploads\/sites\/5\/2023\/08\/favicon-remiremontinfo.png\",\"contentUrl\":\"https:\/\/vosgesinfo.fr\/app\/uploads\/sites\/5\/2023\/08\/favicon-remiremontinfo.png\",\"width\":512,\"height\":512,\"caption\":\"Remiremont Info\"},\"image\":{\"@id\":\"https:\/\/vosgesinfo.fr\/remiremontinfo\/#\/schema\/logo\/image\/\"},\"sameAs\":[\"https:\/\/www.facebook.com\/remiremontinfo\",\"https:\/\/x.com\/VosgesInfo88\",\"https:\/\/www.youtube.com\/@vosgesinfo\"]},{\"@type\":\"Person\",\"@id\":\"https:\/\/vosgesinfo.fr\/remiremontinfo\/#\/schema\/person\/6f9a650eeea99d969b6c4ab78fccbe81\",\"name\":\"C.K.\",\"image\":{\"@type\":\"ImageObject\",\"inLanguage\":\"fr-FR\",\"@id\":\"https:\/\/vosgesinfo.fr\/remiremontinfo\/#\/schema\/person\/image\/\",\"url\":\"https:\/\/secure.gravatar.com\/avatar\/48e3fc7f8421ba8942be6b74a2b7f014ca39bc00dece156b7a8e098ae7dc87bf?s=96&d=mm&r=g\",\"contentUrl\":\"https:\/\/secure.gravatar.com\/avatar\/48e3fc7f8421ba8942be6b74a2b7f014ca39bc00dece156b7a8e098ae7dc87bf?s=96&d=mm&r=g\",\"caption\":\"C.K.\"},\"url\":\"https:\/\/vosgesinfo.fr\/remiremontinfo\/author\/celia-k-n\/\"}]}<\/script>\n<!-- \/ Yoast SEO plugin. -->","yoast_head_json":{"title":"Des agriculteurs vosgiens interpellent le ministre de la Ruralit\u00e9 lors des v\u0153ux municipaux - Remiremont Info","robots":{"index":"index","follow":"follow","max-snippet":"max-snippet:-1","max-image-preview":"max-image-preview:large","max-video-preview":"max-video-preview:-1"},"canonical":"https:\/\/vosgesinfo.fr\/remiremontinfo\/2026\/01\/des-agriculteurs-vosgiens-interpellent-le-ministre-de-la-ruralite-lors-des-voeux-municipaux\/","twitter_card":"summary_large_image","twitter_title":"Des agriculteurs vosgiens interpellent le ministre de la Ruralit\u00e9 lors des v\u0153ux municipaux - Remiremont Info","twitter_description":"La c\u00e9r\u00e9monie des v\u0153ux du maire de Hadigny-les-Verri\u00e8res, organis\u00e9e le samedi 24 janvier, a pris une tournure inattendue. Alors que [&hellip;]","twitter_image":"https:\/\/vosgesinfo.fr\/app\/uploads\/sites\/5\/2026\/01\/coordination-rurale-inistre-de-la-ruralite-a-hadigny-les-verrieres.jpg","twitter_creator":"@VosgesInfo88","twitter_site":"@VosgesInfo88","twitter_misc":{"\u00c9crit par":"C.K.","Dur\u00e9e de lecture estim\u00e9e":"1 minute"},"schema":{"@context":"https:\/\/schema.org","@graph":[{"@type":"Article","@id":"https:\/\/vosgesinfo.fr\/remiremontinfo\/2026\/01\/des-agriculteurs-vosgiens-interpellent-le-ministre-de-la-ruralite-lors-des-voeux-municipaux\/#article","isPartOf":{"@id":"https:\/\/vosgesinfo.fr\/remiremontinfo\/2026\/01\/des-agriculteurs-vosgiens-interpellent-le-ministre-de-la-ruralite-lors-des-voeux-municipaux\/"},"author":{"name":"C.K.","@id":"https:\/\/vosgesinfo.fr\/remiremontinfo\/#\/schema\/person\/6f9a650eeea99d969b6c4ab78fccbe81"},"headline":"Des agriculteurs vosgiens interpellent le ministre de la Ruralit\u00e9 lors des v\u0153ux municipaux","datePublished":"2026-01-26T08:14:44+00:00","dateModified":"2026-01-26T08:14:44+00:00","mainEntityOfPage":{"@id":"https:\/\/vosgesinfo.fr\/remiremontinfo\/2026\/01\/des-agriculteurs-vosgiens-interpellent-le-ministre-de-la-ruralite-lors-des-voeux-municipaux\/"},"wordCount":281,"commentCount":0,"publisher":{"@id":"https:\/\/vosgesinfo.fr\/remiremontinfo\/#organization"},"image":{"@id":"https:\/\/vosgesinfo.fr\/remiremontinfo\/2026\/01\/des-agriculteurs-vosgiens-interpellent-le-ministre-de-la-ruralite-lors-des-voeux-municipaux\/#primaryimage"},"thumbnailUrl":"https:\/\/vosgesinfo.fr\/app\/uploads\/sites\/5\/2026\/01\/coordination-rurale-inistre-de-la-ruralite-a-hadigny-les-verrieres.jpg","articleSection":["A la Une","Agriculture","Epinal","G\u00e9rardmer","La plaine des vosges","Remiremont","Saint-di\u00e9"],"inLanguage":"fr-FR","potentialAction":[{"@type":"CommentAction","name":"Comment","target":["https:\/\/vosgesinfo.fr\/remiremontinfo\/2026\/01\/des-agriculteurs-vosgiens-interpellent-le-ministre-de-la-ruralite-lors-des-voeux-municipaux\/#respond"]}]},{"@type":"WebPage","@id":"https:\/\/vosgesinfo.fr\/remiremontinfo\/2026\/01\/des-agriculteurs-vosgiens-interpellent-le-ministre-de-la-ruralite-lors-des-voeux-municipaux\/","url":"https:\/\/vosgesinfo.fr\/remiremontinfo\/2026\/01\/des-agriculteurs-vosgiens-interpellent-le-ministre-de-la-ruralite-lors-des-voeux-municipaux\/","name":"Des agriculteurs vosgiens interpellent le ministre de la Ruralit\u00e9 lors des v\u0153ux municipaux - Remiremont Info","isPartOf":{"@id":"https:\/\/vosgesinfo.fr\/remiremontinfo\/#website"},"primaryImageOfPage":{"@id":"https:\/\/vosgesinfo.fr\/remiremontinfo\/2026\/01\/des-agriculteurs-vosgiens-interpellent-le-ministre-de-la-ruralite-lors-des-voeux-municipaux\/#primaryimage"},"image":{"@id":"https:\/\/vosgesinfo.fr\/remiremontinfo\/2026\/01\/des-agriculteurs-vosgiens-interpellent-le-ministre-de-la-ruralite-lors-des-voeux-municipaux\/#primaryimage"},"thumbnailUrl":"https:\/\/vosgesinfo.fr\/app\/uploads\/sites\/5\/2026\/01\/coordination-rurale-inistre-de-la-ruralite-a-hadigny-les-verrieres.jpg","datePublished":"2026-01-26T08:14:44+00:00","dateModified":"2026-01-26T08:14:44+00:00","breadcrumb":{"@id":"https:\/\/vosgesinfo.fr\/remiremontinfo\/2026\/01\/des-agriculteurs-vosgiens-interpellent-le-ministre-de-la-ruralite-lors-des-voeux-municipaux\/#breadcrumb"},"inLanguage":"fr-FR","potentialAction":[{"@type":"ReadAction","target":["https:\/\/vosgesinfo.fr\/remiremontinfo\/2026\/01\/des-agriculteurs-vosgiens-interpellent-le-ministre-de-la-ruralite-lors-des-voeux-municipaux\/"]}]},{"@type":"ImageObject","inLanguage":"fr-FR","@id":"https:\/\/vosgesinfo.fr\/remiremontinfo\/2026\/01\/des-agriculteurs-vosgiens-interpellent-le-ministre-de-la-ruralite-lors-des-voeux-municipaux\/#primaryimage","url":"https:\/\/vosgesinfo.fr\/app\/uploads\/sites\/5\/2026\/01\/coordination-rurale-inistre-de-la-ruralite-a-hadigny-les-verrieres.jpg","contentUrl":"https:\/\/vosgesinfo.fr\/app\/uploads\/sites\/5\/2026\/01\/coordination-rurale-inistre-de-la-ruralite-a-hadigny-les-verrieres.jpg","width":1920,"height":1080},{"@type":"BreadcrumbList","@id":"https:\/\/vosgesinfo.fr\/remiremontinfo\/2026\/01\/des-agriculteurs-vosgiens-interpellent-le-ministre-de-la-ruralite-lors-des-voeux-municipaux\/#breadcrumb","itemListElement":[{"@type":"ListItem","position":1,"name":"Home","item":"https:\/\/vosgesinfo.fr\/remiremontinfo\/"},{"@type":"ListItem","position":2,"name":"Des agriculteurs vosgiens interpellent le ministre de la Ruralit\u00e9 lors des v\u0153ux municipaux"}]},{"@type":"WebSite","@id":"https:\/\/vosgesinfo.fr\/remiremontinfo\/#website","url":"https:\/\/vosgesinfo.fr\/remiremontinfo\/","name":"Remiremont Info","description":"Toute l&#039;actualit\u00e9 de Remiremont","publisher":{"@id":"https:\/\/vosgesinfo.fr\/remiremontinfo\/#organization"},"alternateName":"Toute l'actualit\u00e9 de Remiremont","potentialAction":[{"@type":"SearchAction","target":{"@type":"EntryPoint","urlTemplate":"https:\/\/vosgesinfo.fr\/remiremontinfo\/?s={search_term_string}"},"query-input":"required name=search_term_string"}],"inLanguage":"fr-FR"},{"@type":"Organization","@id":"https:\/\/vosgesinfo.fr\/remiremontinfo\/#organization","name":"Remiremont Info","url":"https:\/\/vosgesinfo.fr\/remiremontinfo\/","logo":{"@type":"ImageObject","inLanguage":"fr-FR","@id":"https:\/\/vosgesinfo.fr\/remiremontinfo\/#\/schema\/logo\/image\/","url":"https:\/\/vosgesinfo.fr\/app\/uploads\/sites\/5\/2023\/08\/favicon-remiremontinfo.png","contentUrl":"https:\/\/vosgesinfo.fr\/app\/uploads\/sites\/5\/2023\/08\/favicon-remiremontinfo.png","width":512,"height":512,"caption":"Remiremont Info"},"image":{"@id":"https:\/\/vosgesinfo.fr\/remiremontinfo\/#\/schema\/logo\/image\/"},"sameAs":["https:\/\/www.facebook.com\/remiremontinfo","https:\/\/x.com\/VosgesInfo88","https:\/\/www.youtube.com\/@vosgesinfo"]},{"@type":"Person","@id":"https:\/\/vosgesinfo.fr\/remiremontinfo\/#\/schema\/person\/6f9a650eeea99d969b6c4ab78fccbe81","name":"C.K.","image":{"@type":"ImageObject","inLanguage":"fr-FR","@id":"https:\/\/vosgesinfo.fr\/remiremontinfo\/#\/schema\/person\/image\/","url":"https:\/\/secure.gravatar.com\/avatar\/48e3fc7f8421ba8942be6b74a2b7f014ca39bc00dece156b7a8e098ae7dc87bf?s=96&d=mm&r=g","contentUrl":"https:\/\/secure.gravatar.com\/avatar\/48e3fc7f8421ba8942be6b74a2b7f014ca39bc00dece156b7a8e098ae7dc87bf?s=96&d=mm&r=g","caption":"C.K."},"url":"https:\/\/vosgesinfo.fr\/remiremontinfo\/author\/celia-k-n\/"}]}},"_links":{"self":[{"href":"https:\/\/vosgesinfo.fr\/remiremontinfo\/wp-json\/wp\/v2\/posts\/88245","targetHints":{"allow":["GET"]}}],"collection":[{"href":"https:\/\/vosgesinfo.fr\/remiremontinfo\/wp-json\/wp\/v2\/posts"}],"about":[{"href":"https:\/\/vosgesinfo.fr\/remiremontinfo\/wp-json\/wp\/v2\/types\/post"}],"author":[{"embeddable":true,"href":"https:\/\/vosgesinfo.fr\/remiremontinfo\/wp-json\/wp\/v2\/users\/52"}],"replies":[{"embeddable":true,"href":"https:\/\/vosgesinfo.fr\/remiremontinfo\/wp-json\/wp\/v2\/comments?post=88245"}],"version-history":[{"count":0,"href":"https:\/\/vosgesinfo.fr\/remiremontinfo\/wp-json\/wp\/v2\/posts\/88245\/revisions"}],"wp:featuredmedia":[{"embeddable":true,"href":"https:\/\/vosgesinfo.fr\/remiremontinfo\/wp-json\/wp\/v2\/media\/88246"}],"wp:attachment":[{"href":"https:\/\/vosgesinfo.fr\/remiremontinfo\/wp-json\/wp\/v2\/media?parent=88245"}],"wp:term":[{"taxonomy":"category","embeddable":true,"href":"https:\/\/vosgesinfo.fr\/remiremontinfo\/wp-json\/wp\/v2\/categories?post=88245"},{"taxonomy":"post_tag","embeddable":true,"href":"https:\/\/vosgesinfo.fr\/remiremontinfo\/wp-json\/wp\/v2\/tags?post=88245"}],"curies":[{"name":"wp","href":"https:\/\/api.w.org\/{rel}","templated":true}]}}