{"id":88247,"date":"2026-01-26T09:25:41","date_gmt":"2026-01-26T08:25:41","guid":{"rendered":"https:\/\/vosgesinfo.fr\/remiremontinfo\/2026\/01\/une-vosgienne-au-volant-dans-la-nouvelle-saison-des-reines-de-la-route-sur-6ter\/"},"modified":"2026-01-26T09:25:41","modified_gmt":"2026-01-26T08:25:41","slug":"une-vosgienne-au-volant-dans-la-nouvelle-saison-des-reines-de-la-route-sur-6ter","status":"publish","type":"post","link":"https:\/\/vosgesinfo.fr\/remiremontinfo\/2026\/01\/une-vosgienne-au-volant-dans-la-nouvelle-saison-des-reines-de-la-route-sur-6ter\/","title":{"rendered":"Une Vosgienne au volant dans la nouvelle saison des Reines de la route sur 6ter"},"content":{"rendered":"<h2 data-start=\"183\" data-end=\"516\"><strong><a href=\"https:\/\/vosgesinfo.fr\/app\/uploads\/sites\/3\/2026\/01\/mylene-les-reines-de-la-route-vosges.jpg\"><img decoding=\"async\" class=\"aligncenter size-full wp-image-139230\" src=\"https:\/\/vosgesinfo.fr\/app\/uploads\/sites\/3\/2026\/01\/mylene-les-reines-de-la-route-vosges.jpg\" alt=\"\" width=\"283\" height=\"508\" \/><\/a>Depuis le 15 janvier, l\u2019\u00e9mission <em data-start=\"216\" data-end=\"240\">Les Reines de la route<\/em> a repris du service sur 6ter avec une sixi\u00e8me saison in\u00e9dite qui met les nerfs et les comp\u00e9tences des conductrices \u00e0 rude \u00e9preuve. Cette nouvelle \u00e9dition transporte les t\u00e9l\u00e9spectateurs au c\u0153ur de l\u2019hiver, l\u00e0 o\u00f9 la conduite de poids lourds devient un v\u00e9ritable d\u00e9fi quotidien.<\/strong><\/h2>\n<p data-start=\"518\" data-end=\"921\">Neige persistante, chauss\u00e9es gel\u00e9es, nappes de brouillard soudaines et visibilit\u00e9 parfois quasi nulle : les conditions climatiques dictent le rythme de cette saison. Qu\u2019elles circulent en zone rurale ou sur des axes de montagne, les chauffeuses doivent redoubler de vigilance. Chaque kilom\u00e8tre parcouru exige une attention constante, tant les risques sont nombreux malgr\u00e9 des d\u00e9cors \u00e0 couper le souffle.<\/p>\n<p data-start=\"923\" data-end=\"1504\">Parmi les huit professionnelles mises en lumi\u00e8re cette ann\u00e9e figure Myl\u00e8ne, 37 ans, originaire des Vosges. Ancienne ambulanci\u00e8re, elle a chang\u00e9 de voie il y a deux ans pour se lancer dans le transport routier. Aujourd\u2019hui, elle sillonne le massif vosgien au volant d\u2019un ensemble plateau-grue de 32 tonnes. Son quotidien : acheminer des plaques de pl\u00e2tre, man\u0153uvrer dans des zones de chantier exigu\u00ebs, effectuer des livraisons d\u2019une pr\u00e9cision extr\u00eame et g\u00e9rer seule la circulation environnante. Une mission exigeante qui demande m\u00e9thode, sang-froid et une grande ma\u00eetrise technique.<\/p>\n<p data-start=\"1506\" data-end=\"1802\">Cette saison se d\u00e9marque \u00e9galement par des situations in\u00e9dites jamais abord\u00e9es auparavant dans le programme. Dans le Massif central, Marie affronte des pistes foresti\u00e8res fragilis\u00e9es par la neige pour transporter des grumes imposantes, o\u00f9 la moindre erreur peut avoir des cons\u00e9quences imm\u00e9diates.<\/p>\n<p data-start=\"1804\" data-end=\"2017\">Dans les Alpes, Valentine se rend jusqu\u2019aux hauteurs du Beaufortain afin d\u2019assurer la collecte du lait. Entre routes \u00e9troites, pentes abruptes et plaques de verglas, chaque virage devient une \u00e9preuve de pr\u00e9cision.<\/p>\n<p data-start=\"2019\" data-end=\"2309\">L\u2019\u00e9mission innove aussi en levant le voile sur un m\u00e9tier rarement mis en avant : celui de ripeuse en altitude. Edwige parcourt les villages escarp\u00e9s de la Vanoise \u00e0 bord de son camion-benne, n\u00e9gociant des lacets serr\u00e9s et des voies \u00e9troites, pour un travail aussi discret qu\u2019impressionnant.<\/p>\n<p data-start=\"2311\" data-end=\"2531\">Cette sixi\u00e8me saison confirme une nouvelle fois la volont\u00e9 de <em data-start=\"2373\" data-end=\"2397\">Les Reines de la route<\/em> de valoriser des parcours f\u00e9minins forts, ancr\u00e9s dans la r\u00e9alit\u00e9 du terrain, o\u00f9 courage, technicit\u00e9 et passion sont les ma\u00eetres-mots.<\/p>\n<p data-start=\"2533\" data-end=\"2595\" data-is-last-node=\"\" data-is-only-node=\"\"><strong>Les \u00e9pisodes sont \u00e0 retrouver en replay sur la plateforme M6+ : <a href=\"https:\/\/www.m6.fr\/les-reines-de-la-route-p_18855?at_medium=blog_m6plusactu&amp;at_campaign=les-reines-de-la-route&amp;at_format=google&amp;at_type=seo&amp;at_term=m6plusactu\">https:\/\/www.m6.fr\/les-reines-de-la-route-p_18855?at_medium=blog_m6plusactu&amp;at_campaign=les-reines-de-la-route&amp;at_format=google&amp;at_type=seo&amp;at_term=m6plusactu<\/a><\/strong><\/p>\n<div id=\"attachment_139232\" style=\"width: 1034px\" class=\"wp-caption aligncenter\"><a href=\"https:\/\/vosgesinfo.fr\/app\/uploads\/sites\/3\/2026\/01\/renies-de-la-route-s6-1.jpg\"><img decoding=\"async\" aria-describedby=\"caption-attachment-139232\" class=\"size-large wp-image-139232\" src=\"https:\/\/vosgesinfo.fr\/app\/uploads\/sites\/3\/2026\/01\/renies-de-la-route-s6-1-1024x576.jpg\" alt=\"\" width=\"1024\" height=\"576\" \/><\/a><p id=\"caption-attachment-139232\" class=\"wp-caption-text\">photo M6<\/p><\/div>\n","protected":false},"excerpt":{"rendered":"<p>Depuis le 15 janvier, l\u2019\u00e9mission Les Reines de la route a repris du service sur 6ter avec une sixi\u00e8me saison [&hellip;]<\/p>\n","protected":false},"author":52,"featured_media":88248,"comment_status":"open","ping_status":"open","sticky":false,"template":"","format":"standard","meta":{"footnotes":""},"categories":[26,108,62,845,43,362],"tags":[],"class_list":["post-88247","post","type-post","status-publish","format-standard","has-post-thumbnail","hentry","category-a-la-une","category-epinal","category-gerardmer","category-la-plaine-des-vosges","category-remiremont-remiremont-son-canton","category-saint-die"],"acf":[],"yoast_head":"<!-- This site is optimized with the Yoast SEO plugin v22.5 - https:\/\/yoast.com\/wordpress\/plugins\/seo\/ -->\n<title>Une Vosgienne au volant dans la nouvelle saison des Reines de la route sur 6ter - Remiremont Info<\/title>\n<meta name=\"robots\" content=\"index, follow, max-snippet:-1, max-image-preview:large, max-video-preview:-1\" \/>\n<link rel=\"canonical\" href=\"https:\/\/vosgesinfo.fr\/remiremontinfo\/2026\/01\/une-vosgienne-au-volant-dans-la-nouvelle-saison-des-reines-de-la-route-sur-6ter\/\" \/>\n<meta name=\"twitter:card\" content=\"summary_large_image\" \/>\n<meta name=\"twitter:title\" content=\"Une Vosgienne au volant dans la nouvelle saison des Reines de la route sur 6ter - Remiremont Info\" \/>\n<meta name=\"twitter:description\" content=\"Depuis le 15 janvier, l\u2019\u00e9mission Les Reines de la route a repris du service sur 6ter avec une sixi\u00e8me saison [&hellip;]\" \/>\n<meta name=\"twitter:image\" content=\"https:\/\/vosgesinfo.fr\/app\/uploads\/sites\/5\/2026\/01\/renies-de-la-route-s6.jpg\" \/>\n<meta name=\"twitter:creator\" content=\"@VosgesInfo88\" \/>\n<meta name=\"twitter:site\" content=\"@VosgesInfo88\" \/>\n<meta name=\"twitter:label1\" content=\"\u00c9crit par\" \/>\n\t<meta name=\"twitter:data1\" content=\"C.K.\" \/>\n\t<meta name=\"twitter:label2\" content=\"Dur\u00e9e de lecture estim\u00e9e\" \/>\n\t<meta name=\"twitter:data2\" content=\"2 minutes\" \/>\n<script type=\"application\/ld+json\" class=\"yoast-schema-graph\">{\"@context\":\"https:\/\/schema.org\",\"@graph\":[{\"@type\":\"Article\",\"@id\":\"https:\/\/vosgesinfo.fr\/remiremontinfo\/2026\/01\/une-vosgienne-au-volant-dans-la-nouvelle-saison-des-reines-de-la-route-sur-6ter\/#article\",\"isPartOf\":{\"@id\":\"https:\/\/vosgesinfo.fr\/remiremontinfo\/2026\/01\/une-vosgienne-au-volant-dans-la-nouvelle-saison-des-reines-de-la-route-sur-6ter\/\"},\"author\":{\"name\":\"C.K.\",\"@id\":\"https:\/\/vosgesinfo.fr\/remiremontinfo\/#\/schema\/person\/6f9a650eeea99d969b6c4ab78fccbe81\"},\"headline\":\"Une Vosgienne au volant dans la nouvelle saison des Reines de la route sur 6ter\",\"datePublished\":\"2026-01-26T08:25:41+00:00\",\"dateModified\":\"2026-01-26T08:25:41+00:00\",\"mainEntityOfPage\":{\"@id\":\"https:\/\/vosgesinfo.fr\/remiremontinfo\/2026\/01\/une-vosgienne-au-volant-dans-la-nouvelle-saison-des-reines-de-la-route-sur-6ter\/\"},\"wordCount\":461,\"commentCount\":0,\"publisher\":{\"@id\":\"https:\/\/vosgesinfo.fr\/remiremontinfo\/#organization\"},\"image\":{\"@id\":\"https:\/\/vosgesinfo.fr\/remiremontinfo\/2026\/01\/une-vosgienne-au-volant-dans-la-nouvelle-saison-des-reines-de-la-route-sur-6ter\/#primaryimage\"},\"thumbnailUrl\":\"https:\/\/vosgesinfo.fr\/app\/uploads\/sites\/5\/2026\/01\/renies-de-la-route-s6.jpg\",\"articleSection\":[\"A la Une\",\"Epinal\",\"G\u00e9rardmer\",\"La plaine des vosges\",\"Remiremont\",\"Saint-di\u00e9\"],\"inLanguage\":\"fr-FR\",\"potentialAction\":[{\"@type\":\"CommentAction\",\"name\":\"Comment\",\"target\":[\"https:\/\/vosgesinfo.fr\/remiremontinfo\/2026\/01\/une-vosgienne-au-volant-dans-la-nouvelle-saison-des-reines-de-la-route-sur-6ter\/#respond\"]}]},{\"@type\":\"WebPage\",\"@id\":\"https:\/\/vosgesinfo.fr\/remiremontinfo\/2026\/01\/une-vosgienne-au-volant-dans-la-nouvelle-saison-des-reines-de-la-route-sur-6ter\/\",\"url\":\"https:\/\/vosgesinfo.fr\/remiremontinfo\/2026\/01\/une-vosgienne-au-volant-dans-la-nouvelle-saison-des-reines-de-la-route-sur-6ter\/\",\"name\":\"Une Vosgienne au volant dans la nouvelle saison des Reines de la route sur 6ter - Remiremont Info\",\"isPartOf\":{\"@id\":\"https:\/\/vosgesinfo.fr\/remiremontinfo\/#website\"},\"primaryImageOfPage\":{\"@id\":\"https:\/\/vosgesinfo.fr\/remiremontinfo\/2026\/01\/une-vosgienne-au-volant-dans-la-nouvelle-saison-des-reines-de-la-route-sur-6ter\/#primaryimage\"},\"image\":{\"@id\":\"https:\/\/vosgesinfo.fr\/remiremontinfo\/2026\/01\/une-vosgienne-au-volant-dans-la-nouvelle-saison-des-reines-de-la-route-sur-6ter\/#primaryimage\"},\"thumbnailUrl\":\"https:\/\/vosgesinfo.fr\/app\/uploads\/sites\/5\/2026\/01\/renies-de-la-route-s6.jpg\",\"datePublished\":\"2026-01-26T08:25:41+00:00\",\"dateModified\":\"2026-01-26T08:25:41+00:00\",\"breadcrumb\":{\"@id\":\"https:\/\/vosgesinfo.fr\/remiremontinfo\/2026\/01\/une-vosgienne-au-volant-dans-la-nouvelle-saison-des-reines-de-la-route-sur-6ter\/#breadcrumb\"},\"inLanguage\":\"fr-FR\",\"potentialAction\":[{\"@type\":\"ReadAction\",\"target\":[\"https:\/\/vosgesinfo.fr\/remiremontinfo\/2026\/01\/une-vosgienne-au-volant-dans-la-nouvelle-saison-des-reines-de-la-route-sur-6ter\/\"]}]},{\"@type\":\"ImageObject\",\"inLanguage\":\"fr-FR\",\"@id\":\"https:\/\/vosgesinfo.fr\/remiremontinfo\/2026\/01\/une-vosgienne-au-volant-dans-la-nouvelle-saison-des-reines-de-la-route-sur-6ter\/#primaryimage\",\"url\":\"https:\/\/vosgesinfo.fr\/app\/uploads\/sites\/5\/2026\/01\/renies-de-la-route-s6.jpg\",\"contentUrl\":\"https:\/\/vosgesinfo.fr\/app\/uploads\/sites\/5\/2026\/01\/renies-de-la-route-s6.jpg\",\"width\":1280,\"height\":720},{\"@type\":\"BreadcrumbList\",\"@id\":\"https:\/\/vosgesinfo.fr\/remiremontinfo\/2026\/01\/une-vosgienne-au-volant-dans-la-nouvelle-saison-des-reines-de-la-route-sur-6ter\/#breadcrumb\",\"itemListElement\":[{\"@type\":\"ListItem\",\"position\":1,\"name\":\"Home\",\"item\":\"https:\/\/vosgesinfo.fr\/remiremontinfo\/\"},{\"@type\":\"ListItem\",\"position\":2,\"name\":\"Une Vosgienne au volant dans la nouvelle saison des Reines de la route sur 6ter\"}]},{\"@type\":\"WebSite\",\"@id\":\"https:\/\/vosgesinfo.fr\/remiremontinfo\/#website\",\"url\":\"https:\/\/vosgesinfo.fr\/remiremontinfo\/\",\"name\":\"Remiremont Info\",\"description\":\"Toute l&#039;actualit\u00e9 de Remiremont\",\"publisher\":{\"@id\":\"https:\/\/vosgesinfo.fr\/remiremontinfo\/#organization\"},\"alternateName\":\"Toute l'actualit\u00e9 de Remiremont\",\"potentialAction\":[{\"@type\":\"SearchAction\",\"target\":{\"@type\":\"EntryPoint\",\"urlTemplate\":\"https:\/\/vosgesinfo.fr\/remiremontinfo\/?s={search_term_string}\"},\"query-input\":\"required name=search_term_string\"}],\"inLanguage\":\"fr-FR\"},{\"@type\":\"Organization\",\"@id\":\"https:\/\/vosgesinfo.fr\/remiremontinfo\/#organization\",\"name\":\"Remiremont Info\",\"url\":\"https:\/\/vosgesinfo.fr\/remiremontinfo\/\",\"logo\":{\"@type\":\"ImageObject\",\"inLanguage\":\"fr-FR\",\"@id\":\"https:\/\/vosgesinfo.fr\/remiremontinfo\/#\/schema\/logo\/image\/\",\"url\":\"https:\/\/vosgesinfo.fr\/app\/uploads\/sites\/5\/2023\/08\/favicon-remiremontinfo.png\",\"contentUrl\":\"https:\/\/vosgesinfo.fr\/app\/uploads\/sites\/5\/2023\/08\/favicon-remiremontinfo.png\",\"width\":512,\"height\":512,\"caption\":\"Remiremont Info\"},\"image\":{\"@id\":\"https:\/\/vosgesinfo.fr\/remiremontinfo\/#\/schema\/logo\/image\/\"},\"sameAs\":[\"https:\/\/www.facebook.com\/remiremontinfo\",\"https:\/\/x.com\/VosgesInfo88\",\"https:\/\/www.youtube.com\/@vosgesinfo\"]},{\"@type\":\"Person\",\"@id\":\"https:\/\/vosgesinfo.fr\/remiremontinfo\/#\/schema\/person\/6f9a650eeea99d969b6c4ab78fccbe81\",\"name\":\"C.K.\",\"image\":{\"@type\":\"ImageObject\",\"inLanguage\":\"fr-FR\",\"@id\":\"https:\/\/vosgesinfo.fr\/remiremontinfo\/#\/schema\/person\/image\/\",\"url\":\"https:\/\/secure.gravatar.com\/avatar\/48e3fc7f8421ba8942be6b74a2b7f014ca39bc00dece156b7a8e098ae7dc87bf?s=96&d=mm&r=g\",\"contentUrl\":\"https:\/\/secure.gravatar.com\/avatar\/48e3fc7f8421ba8942be6b74a2b7f014ca39bc00dece156b7a8e098ae7dc87bf?s=96&d=mm&r=g\",\"caption\":\"C.K.\"},\"url\":\"https:\/\/vosgesinfo.fr\/remiremontinfo\/author\/celia-k-n\/\"}]}<\/script>\n<!-- \/ Yoast SEO plugin. -->","yoast_head_json":{"title":"Une Vosgienne au volant dans la nouvelle saison des Reines de la route sur 6ter - Remiremont Info","robots":{"index":"index","follow":"follow","max-snippet":"max-snippet:-1","max-image-preview":"max-image-preview:large","max-video-preview":"max-video-preview:-1"},"canonical":"https:\/\/vosgesinfo.fr\/remiremontinfo\/2026\/01\/une-vosgienne-au-volant-dans-la-nouvelle-saison-des-reines-de-la-route-sur-6ter\/","twitter_card":"summary_large_image","twitter_title":"Une Vosgienne au volant dans la nouvelle saison des Reines de la route sur 6ter - Remiremont Info","twitter_description":"Depuis le 15 janvier, l\u2019\u00e9mission Les Reines de la route a repris du service sur 6ter avec une sixi\u00e8me saison [&hellip;]","twitter_image":"https:\/\/vosgesinfo.fr\/app\/uploads\/sites\/5\/2026\/01\/renies-de-la-route-s6.jpg","twitter_creator":"@VosgesInfo88","twitter_site":"@VosgesInfo88","twitter_misc":{"\u00c9crit par":"C.K.","Dur\u00e9e de lecture estim\u00e9e":"2 minutes"},"schema":{"@context":"https:\/\/schema.org","@graph":[{"@type":"Article","@id":"https:\/\/vosgesinfo.fr\/remiremontinfo\/2026\/01\/une-vosgienne-au-volant-dans-la-nouvelle-saison-des-reines-de-la-route-sur-6ter\/#article","isPartOf":{"@id":"https:\/\/vosgesinfo.fr\/remiremontinfo\/2026\/01\/une-vosgienne-au-volant-dans-la-nouvelle-saison-des-reines-de-la-route-sur-6ter\/"},"author":{"name":"C.K.","@id":"https:\/\/vosgesinfo.fr\/remiremontinfo\/#\/schema\/person\/6f9a650eeea99d969b6c4ab78fccbe81"},"headline":"Une Vosgienne au volant dans la nouvelle saison des Reines de la route sur 6ter","datePublished":"2026-01-26T08:25:41+00:00","dateModified":"2026-01-26T08:25:41+00:00","mainEntityOfPage":{"@id":"https:\/\/vosgesinfo.fr\/remiremontinfo\/2026\/01\/une-vosgienne-au-volant-dans-la-nouvelle-saison-des-reines-de-la-route-sur-6ter\/"},"wordCount":461,"commentCount":0,"publisher":{"@id":"https:\/\/vosgesinfo.fr\/remiremontinfo\/#organization"},"image":{"@id":"https:\/\/vosgesinfo.fr\/remiremontinfo\/2026\/01\/une-vosgienne-au-volant-dans-la-nouvelle-saison-des-reines-de-la-route-sur-6ter\/#primaryimage"},"thumbnailUrl":"https:\/\/vosgesinfo.fr\/app\/uploads\/sites\/5\/2026\/01\/renies-de-la-route-s6.jpg","articleSection":["A la Une","Epinal","G\u00e9rardmer","La plaine des vosges","Remiremont","Saint-di\u00e9"],"inLanguage":"fr-FR","potentialAction":[{"@type":"CommentAction","name":"Comment","target":["https:\/\/vosgesinfo.fr\/remiremontinfo\/2026\/01\/une-vosgienne-au-volant-dans-la-nouvelle-saison-des-reines-de-la-route-sur-6ter\/#respond"]}]},{"@type":"WebPage","@id":"https:\/\/vosgesinfo.fr\/remiremontinfo\/2026\/01\/une-vosgienne-au-volant-dans-la-nouvelle-saison-des-reines-de-la-route-sur-6ter\/","url":"https:\/\/vosgesinfo.fr\/remiremontinfo\/2026\/01\/une-vosgienne-au-volant-dans-la-nouvelle-saison-des-reines-de-la-route-sur-6ter\/","name":"Une Vosgienne au volant dans la nouvelle saison des Reines de la route sur 6ter - Remiremont Info","isPartOf":{"@id":"https:\/\/vosgesinfo.fr\/remiremontinfo\/#website"},"primaryImageOfPage":{"@id":"https:\/\/vosgesinfo.fr\/remiremontinfo\/2026\/01\/une-vosgienne-au-volant-dans-la-nouvelle-saison-des-reines-de-la-route-sur-6ter\/#primaryimage"},"image":{"@id":"https:\/\/vosgesinfo.fr\/remiremontinfo\/2026\/01\/une-vosgienne-au-volant-dans-la-nouvelle-saison-des-reines-de-la-route-sur-6ter\/#primaryimage"},"thumbnailUrl":"https:\/\/vosgesinfo.fr\/app\/uploads\/sites\/5\/2026\/01\/renies-de-la-route-s6.jpg","datePublished":"2026-01-26T08:25:41+00:00","dateModified":"2026-01-26T08:25:41+00:00","breadcrumb":{"@id":"https:\/\/vosgesinfo.fr\/remiremontinfo\/2026\/01\/une-vosgienne-au-volant-dans-la-nouvelle-saison-des-reines-de-la-route-sur-6ter\/#breadcrumb"},"inLanguage":"fr-FR","potentialAction":[{"@type":"ReadAction","target":["https:\/\/vosgesinfo.fr\/remiremontinfo\/2026\/01\/une-vosgienne-au-volant-dans-la-nouvelle-saison-des-reines-de-la-route-sur-6ter\/"]}]},{"@type":"ImageObject","inLanguage":"fr-FR","@id":"https:\/\/vosgesinfo.fr\/remiremontinfo\/2026\/01\/une-vosgienne-au-volant-dans-la-nouvelle-saison-des-reines-de-la-route-sur-6ter\/#primaryimage","url":"https:\/\/vosgesinfo.fr\/app\/uploads\/sites\/5\/2026\/01\/renies-de-la-route-s6.jpg","contentUrl":"https:\/\/vosgesinfo.fr\/app\/uploads\/sites\/5\/2026\/01\/renies-de-la-route-s6.jpg","width":1280,"height":720},{"@type":"BreadcrumbList","@id":"https:\/\/vosgesinfo.fr\/remiremontinfo\/2026\/01\/une-vosgienne-au-volant-dans-la-nouvelle-saison-des-reines-de-la-route-sur-6ter\/#breadcrumb","itemListElement":[{"@type":"ListItem","position":1,"name":"Home","item":"https:\/\/vosgesinfo.fr\/remiremontinfo\/"},{"@type":"ListItem","position":2,"name":"Une Vosgienne au volant dans la nouvelle saison des Reines de la route sur 6ter"}]},{"@type":"WebSite","@id":"https:\/\/vosgesinfo.fr\/remiremontinfo\/#website","url":"https:\/\/vosgesinfo.fr\/remiremontinfo\/","name":"Remiremont Info","description":"Toute l&#039;actualit\u00e9 de Remiremont","publisher":{"@id":"https:\/\/vosgesinfo.fr\/remiremontinfo\/#organization"},"alternateName":"Toute l'actualit\u00e9 de Remiremont","potentialAction":[{"@type":"SearchAction","target":{"@type":"EntryPoint","urlTemplate":"https:\/\/vosgesinfo.fr\/remiremontinfo\/?s={search_term_string}"},"query-input":"required name=search_term_string"}],"inLanguage":"fr-FR"},{"@type":"Organization","@id":"https:\/\/vosgesinfo.fr\/remiremontinfo\/#organization","name":"Remiremont Info","url":"https:\/\/vosgesinfo.fr\/remiremontinfo\/","logo":{"@type":"ImageObject","inLanguage":"fr-FR","@id":"https:\/\/vosgesinfo.fr\/remiremontinfo\/#\/schema\/logo\/image\/","url":"https:\/\/vosgesinfo.fr\/app\/uploads\/sites\/5\/2023\/08\/favicon-remiremontinfo.png","contentUrl":"https:\/\/vosgesinfo.fr\/app\/uploads\/sites\/5\/2023\/08\/favicon-remiremontinfo.png","width":512,"height":512,"caption":"Remiremont Info"},"image":{"@id":"https:\/\/vosgesinfo.fr\/remiremontinfo\/#\/schema\/logo\/image\/"},"sameAs":["https:\/\/www.facebook.com\/remiremontinfo","https:\/\/x.com\/VosgesInfo88","https:\/\/www.youtube.com\/@vosgesinfo"]},{"@type":"Person","@id":"https:\/\/vosgesinfo.fr\/remiremontinfo\/#\/schema\/person\/6f9a650eeea99d969b6c4ab78fccbe81","name":"C.K.","image":{"@type":"ImageObject","inLanguage":"fr-FR","@id":"https:\/\/vosgesinfo.fr\/remiremontinfo\/#\/schema\/person\/image\/","url":"https:\/\/secure.gravatar.com\/avatar\/48e3fc7f8421ba8942be6b74a2b7f014ca39bc00dece156b7a8e098ae7dc87bf?s=96&d=mm&r=g","contentUrl":"https:\/\/secure.gravatar.com\/avatar\/48e3fc7f8421ba8942be6b74a2b7f014ca39bc00dece156b7a8e098ae7dc87bf?s=96&d=mm&r=g","caption":"C.K."},"url":"https:\/\/vosgesinfo.fr\/remiremontinfo\/author\/celia-k-n\/"}]}},"_links":{"self":[{"href":"https:\/\/vosgesinfo.fr\/remiremontinfo\/wp-json\/wp\/v2\/posts\/88247","targetHints":{"allow":["GET"]}}],"collection":[{"href":"https:\/\/vosgesinfo.fr\/remiremontinfo\/wp-json\/wp\/v2\/posts"}],"about":[{"href":"https:\/\/vosgesinfo.fr\/remiremontinfo\/wp-json\/wp\/v2\/types\/post"}],"author":[{"embeddable":true,"href":"https:\/\/vosgesinfo.fr\/remiremontinfo\/wp-json\/wp\/v2\/users\/52"}],"replies":[{"embeddable":true,"href":"https:\/\/vosgesinfo.fr\/remiremontinfo\/wp-json\/wp\/v2\/comments?post=88247"}],"version-history":[{"count":0,"href":"https:\/\/vosgesinfo.fr\/remiremontinfo\/wp-json\/wp\/v2\/posts\/88247\/revisions"}],"wp:featuredmedia":[{"embeddable":true,"href":"https:\/\/vosgesinfo.fr\/remiremontinfo\/wp-json\/wp\/v2\/media\/88248"}],"wp:attachment":[{"href":"https:\/\/vosgesinfo.fr\/remiremontinfo\/wp-json\/wp\/v2\/media?parent=88247"}],"wp:term":[{"taxonomy":"category","embeddable":true,"href":"https:\/\/vosgesinfo.fr\/remiremontinfo\/wp-json\/wp\/v2\/categories?post=88247"},{"taxonomy":"post_tag","embeddable":true,"href":"https:\/\/vosgesinfo.fr\/remiremontinfo\/wp-json\/wp\/v2\/tags?post=88247"}],"curies":[{"name":"wp","href":"https:\/\/api.w.org\/{rel}","templated":true}]}}