{"id":88252,"date":"2026-01-26T09:52:39","date_gmt":"2026-01-26T08:52:39","guid":{"rendered":"https:\/\/vosgesinfo.fr\/remiremontinfo\/?p=88252"},"modified":"2026-01-26T09:52:39","modified_gmt":"2026-01-26T08:52:39","slug":"municipales-benoit-perrin-officialise-sa-candidature-a-la-mairie-de-basse-sur-le-rupt","status":"publish","type":"post","link":"https:\/\/vosgesinfo.fr\/remiremontinfo\/2026\/01\/municipales-benoit-perrin-officialise-sa-candidature-a-la-mairie-de-basse-sur-le-rupt\/","title":{"rendered":"Municipales &#8211; Benoit PERRIN officialise sa candidature \u00e0 la mairie de Basse-sur-le-Rupt"},"content":{"rendered":"<p><a href=\"https:\/\/vosgesinfo.fr\/app\/uploads\/sites\/5\/2026\/01\/b-perrin-la-bresse-2026.pdf.jpg\"><img decoding=\"async\" class=\"aligncenter size-medium wp-image-88253\" src=\"https:\/\/vosgesinfo.fr\/app\/uploads\/sites\/5\/2026\/01\/b-perrin-la-bresse-2026.pdf-300x240.jpg\" alt=\"\" width=\"300\" height=\"240\" srcset=\"https:\/\/vosgesinfo.fr\/app\/uploads\/sites\/5\/2026\/01\/b-perrin-la-bresse-2026.pdf-300x240.jpg 300w, https:\/\/vosgesinfo.fr\/app\/uploads\/sites\/5\/2026\/01\/b-perrin-la-bresse-2026.pdf.jpg 717w\" sizes=\"(max-width: 300px) 100vw, 300px\" \/><\/a><br \/>\nBasse-sur-le-Rupt, le 24 janvier 2026<\/p>\n<p>Benoit PERRIN, conseiller municipal sortant, annonce officiellement sa candidature \u00e0 la mairie de Basse-sur-le-Rupt pour les prochaines \u00e9lections. \u00c0 38 ans, il conduit la liste d\u2019union<br \/>\ncitoyenne : \u00ab Basse-sur-le-Rupt, un village \u00e0 pr\u00e9server, un avenir \u00e0 construire ensemble \u00bb.<\/p>\n<p>L\u2019exp\u00e9rience du terrain et de la gestion<br \/>\nIng\u00e9nieur ind\u00e9pendant sp\u00e9cialis\u00e9 dans le milieu montagnard et ancien directeur de domaines skiables, impliqu\u00e9 dans la vie associative locale, Benoit PERRIN allie expertise technique et<br \/>\nma\u00eetrise des enjeux territoriaux. Son statut professionnel lui offre la flexibilit\u00e9 et la disponibilit\u00e9 indispensable \u00e0 l&rsquo;exercice rigoureux de la fonction de maire.<br \/>\n\u00ab Mon engagement est le prolongement naturel de mon action au sein du conseil municipal depuis 2020. Je souhaite mettre mon \u00e9nergie et mes comp\u00e9tences au service d&rsquo;un projet \u00e9quilibr\u00e9 pour notre village \u00bb, explique-t-il.<\/p>\n<p>Une \u00e9quipe soud\u00e9e et sans \u00e9tiquette<br \/>\nLa liste, sans \u00e9tiquette politique, se compose de 7 candidates et 8 candidats qui pr\u00e9sentent des profils compl\u00e9mentaires n\u00e9cessaires \u00e0 la mise en \u0153uvre d&rsquo;une gestion municipale efficace.<br \/>\nElle s\u2019appuie \u00e9galement sur la pr\u00e9sence de cinq conseillers sortants, qui, forts de leur exp\u00e9rience, pourront garantir une continuit\u00e9 sereine dans les dossiers d\u00e9j\u00e0 lanc\u00e9s, tout en accueillant de nouveaux visages pour dynamiser les futurs projets.<br \/>\nSoucieux d&rsquo;agir au plus pr\u00e8s du terrain, les membres de l&rsquo;\u00e9quipe de Beno\u00eet PERRIN habitent les diff\u00e9rents hameaux de la commune et sont le reflet de la diversit\u00e9 des activit\u00e9s et m\u00e9tiers exerc\u00e9s par la population bassuroise.<\/p>\n<p>Une vision pour le village<br \/>\nLe programme de la liste s&rsquo;articule autour de piliers fondamentaux : la protection de l&rsquo;identit\u00e9 rurale et patrimoniale de Basse-sur-le-Rupt, le renforcement du lien avec les associations locales qui animent le territoire, la transition \u00e9cologique adapt\u00e9e \u00e0 la montagne, ainsi que l&rsquo;engagement des investissements n\u00e9cessaires \u00e0 l&rsquo;attractivit\u00e9 future de la commune et le<br \/>\nmaintien de sa population.<br \/>\nD\u00e9sireux de r\u00e9pondre aux attentes concr\u00e8tes des habitants, Benoit PERRIN et son \u00e9quipe peaufinent actuellement les derni\u00e8res orientations de leur projet. Le programme d\u00e9taill\u00e9, fruit d\u2019un travail de terrain et d\u2019\u00e9changes avec les forces vives locales, sera d\u00e9voil\u00e9 dans les semaines \u00e0 venir. Il sera pr\u00e9sent\u00e9 lors de rencontres publiques permettant un dialogue direct avec l&rsquo;ensemble des administr\u00e9s.<\/p>\n<p>Benoit PERRIN et ses colistiers se tiennent d\u00e8s \u00e0 pr\u00e9sent pr\u00eats \u00e0 engager cette campagne avec transparence et d\u00e9termination, au service de l&rsquo;int\u00e9r\u00eat g\u00e9n\u00e9ral et du rayonnement de Basse-<br \/>\nsur-le-Rupt.<\/p>\n<p>&nbsp;<\/p>\n<p><a href=\"https:\/\/www.facebook.com\/profile.php?id=61586904991363\" target=\"_blank\" rel=\"noopener\">Facebook<\/a><\/p>\n","protected":false},"excerpt":{"rendered":"<p>Basse-sur-le-Rupt, le 24 janvier 2026 Benoit PERRIN, conseiller municipal sortant, annonce officiellement sa candidature \u00e0 la mairie de Basse-sur-le-Rupt pour [&hellip;]<\/p>\n","protected":false},"author":391,"featured_media":88253,"comment_status":"closed","ping_status":"open","sticky":false,"template":"","format":"standard","meta":{"footnotes":""},"categories":[1],"tags":[8784],"class_list":["post-88252","post","type-post","status-publish","format-standard","has-post-thumbnail","hentry","category-non-classe","tag-benoit-perrin"],"acf":[],"yoast_head":"<!-- This site is optimized with the Yoast SEO plugin v22.5 - https:\/\/yoast.com\/wordpress\/plugins\/seo\/ -->\n<title>Municipales - Benoit PERRIN officialise sa candidature \u00e0 la mairie de Basse-sur-le-Rupt - Remiremont Info<\/title>\n<meta name=\"robots\" content=\"index, follow, max-snippet:-1, max-image-preview:large, max-video-preview:-1\" \/>\n<link rel=\"canonical\" href=\"https:\/\/vosgesinfo.fr\/remiremontinfo\/?p=88252\" \/>\n<meta name=\"twitter:card\" content=\"summary_large_image\" \/>\n<meta name=\"twitter:title\" content=\"Municipales - Benoit PERRIN officialise sa candidature \u00e0 la mairie de Basse-sur-le-Rupt - Remiremont Info\" \/>\n<meta name=\"twitter:description\" content=\"Basse-sur-le-Rupt, le 24 janvier 2026 Benoit PERRIN, conseiller municipal sortant, annonce officiellement sa candidature \u00e0 la mairie de Basse-sur-le-Rupt pour [&hellip;]\" \/>\n<meta name=\"twitter:creator\" content=\"@VosgesInfo88\" \/>\n<meta name=\"twitter:site\" content=\"@VosgesInfo88\" \/>\n<meta name=\"twitter:label1\" content=\"\u00c9crit par\" \/>\n\t<meta name=\"twitter:data1\" content=\"La redaction\" \/>\n\t<meta name=\"twitter:label2\" content=\"Dur\u00e9e de lecture estim\u00e9e\" \/>\n\t<meta name=\"twitter:data2\" content=\"2 minutes\" \/>\n<script type=\"application\/ld+json\" class=\"yoast-schema-graph\">{\"@context\":\"https:\/\/schema.org\",\"@graph\":[{\"@type\":\"Article\",\"@id\":\"https:\/\/vosgesinfo.fr\/remiremontinfo\/?p=88252#article\",\"isPartOf\":{\"@id\":\"https:\/\/vosgesinfo.fr\/remiremontinfo\/?p=88252\"},\"author\":{\"name\":\"La redaction\",\"@id\":\"https:\/\/vosgesinfo.fr\/remiremontinfo\/#\/schema\/person\/27a3695b06db98895b354c0765cdfc31\"},\"headline\":\"Municipales &#8211; Benoit PERRIN officialise sa candidature \u00e0 la mairie de Basse-sur-le-Rupt\",\"datePublished\":\"2026-01-26T08:52:39+00:00\",\"dateModified\":\"2026-01-26T08:52:39+00:00\",\"mainEntityOfPage\":{\"@id\":\"https:\/\/vosgesinfo.fr\/remiremontinfo\/?p=88252\"},\"wordCount\":437,\"publisher\":{\"@id\":\"https:\/\/vosgesinfo.fr\/remiremontinfo\/#organization\"},\"image\":{\"@id\":\"https:\/\/vosgesinfo.fr\/remiremontinfo\/?p=88252#primaryimage\"},\"thumbnailUrl\":\"https:\/\/vosgesinfo.fr\/app\/uploads\/sites\/5\/2026\/01\/b-perrin-la-bresse-2026.pdf.jpg\",\"keywords\":[\"Beno\u00eet Perrin\"],\"inLanguage\":\"fr-FR\"},{\"@type\":\"WebPage\",\"@id\":\"https:\/\/vosgesinfo.fr\/remiremontinfo\/?p=88252\",\"url\":\"https:\/\/vosgesinfo.fr\/remiremontinfo\/?p=88252\",\"name\":\"Municipales - Benoit PERRIN officialise sa candidature \u00e0 la mairie de Basse-sur-le-Rupt - Remiremont Info\",\"isPartOf\":{\"@id\":\"https:\/\/vosgesinfo.fr\/remiremontinfo\/#website\"},\"primaryImageOfPage\":{\"@id\":\"https:\/\/vosgesinfo.fr\/remiremontinfo\/?p=88252#primaryimage\"},\"image\":{\"@id\":\"https:\/\/vosgesinfo.fr\/remiremontinfo\/?p=88252#primaryimage\"},\"thumbnailUrl\":\"https:\/\/vosgesinfo.fr\/app\/uploads\/sites\/5\/2026\/01\/b-perrin-la-bresse-2026.pdf.jpg\",\"datePublished\":\"2026-01-26T08:52:39+00:00\",\"dateModified\":\"2026-01-26T08:52:39+00:00\",\"breadcrumb\":{\"@id\":\"https:\/\/vosgesinfo.fr\/remiremontinfo\/?p=88252#breadcrumb\"},\"inLanguage\":\"fr-FR\",\"potentialAction\":[{\"@type\":\"ReadAction\",\"target\":[\"https:\/\/vosgesinfo.fr\/remiremontinfo\/?p=88252\"]}]},{\"@type\":\"ImageObject\",\"inLanguage\":\"fr-FR\",\"@id\":\"https:\/\/vosgesinfo.fr\/remiremontinfo\/?p=88252#primaryimage\",\"url\":\"https:\/\/vosgesinfo.fr\/app\/uploads\/sites\/5\/2026\/01\/b-perrin-la-bresse-2026.pdf.jpg\",\"contentUrl\":\"https:\/\/vosgesinfo.fr\/app\/uploads\/sites\/5\/2026\/01\/b-perrin-la-bresse-2026.pdf.jpg\",\"width\":717,\"height\":574},{\"@type\":\"BreadcrumbList\",\"@id\":\"https:\/\/vosgesinfo.fr\/remiremontinfo\/?p=88252#breadcrumb\",\"itemListElement\":[{\"@type\":\"ListItem\",\"position\":1,\"name\":\"Home\",\"item\":\"https:\/\/vosgesinfo.fr\/remiremontinfo\/\"},{\"@type\":\"ListItem\",\"position\":2,\"name\":\"Municipales &#8211; Benoit PERRIN officialise sa candidature \u00e0 la mairie de Basse-sur-le-Rupt\"}]},{\"@type\":\"WebSite\",\"@id\":\"https:\/\/vosgesinfo.fr\/remiremontinfo\/#website\",\"url\":\"https:\/\/vosgesinfo.fr\/remiremontinfo\/\",\"name\":\"Remiremont Info\",\"description\":\"Toute l&#039;actualit\u00e9 de Remiremont\",\"publisher\":{\"@id\":\"https:\/\/vosgesinfo.fr\/remiremontinfo\/#organization\"},\"alternateName\":\"Toute l'actualit\u00e9 de Remiremont\",\"potentialAction\":[{\"@type\":\"SearchAction\",\"target\":{\"@type\":\"EntryPoint\",\"urlTemplate\":\"https:\/\/vosgesinfo.fr\/remiremontinfo\/?s={search_term_string}\"},\"query-input\":\"required name=search_term_string\"}],\"inLanguage\":\"fr-FR\"},{\"@type\":\"Organization\",\"@id\":\"https:\/\/vosgesinfo.fr\/remiremontinfo\/#organization\",\"name\":\"Remiremont Info\",\"url\":\"https:\/\/vosgesinfo.fr\/remiremontinfo\/\",\"logo\":{\"@type\":\"ImageObject\",\"inLanguage\":\"fr-FR\",\"@id\":\"https:\/\/vosgesinfo.fr\/remiremontinfo\/#\/schema\/logo\/image\/\",\"url\":\"https:\/\/vosgesinfo.fr\/app\/uploads\/sites\/5\/2023\/08\/favicon-remiremontinfo.png\",\"contentUrl\":\"https:\/\/vosgesinfo.fr\/app\/uploads\/sites\/5\/2023\/08\/favicon-remiremontinfo.png\",\"width\":512,\"height\":512,\"caption\":\"Remiremont Info\"},\"image\":{\"@id\":\"https:\/\/vosgesinfo.fr\/remiremontinfo\/#\/schema\/logo\/image\/\"},\"sameAs\":[\"https:\/\/www.facebook.com\/remiremontinfo\",\"https:\/\/x.com\/VosgesInfo88\",\"https:\/\/www.youtube.com\/@vosgesinfo\"]},{\"@type\":\"Person\",\"@id\":\"https:\/\/vosgesinfo.fr\/remiremontinfo\/#\/schema\/person\/27a3695b06db98895b354c0765cdfc31\",\"name\":\"La redaction\",\"image\":{\"@type\":\"ImageObject\",\"inLanguage\":\"fr-FR\",\"@id\":\"https:\/\/vosgesinfo.fr\/remiremontinfo\/#\/schema\/person\/image\/\",\"url\":\"https:\/\/secure.gravatar.com\/avatar\/64c76a78e501cedee55736f43f332df901e1896ae9cd8fad269ae2236dd0e8b6?s=96&d=mm&r=g\",\"contentUrl\":\"https:\/\/secure.gravatar.com\/avatar\/64c76a78e501cedee55736f43f332df901e1896ae9cd8fad269ae2236dd0e8b6?s=96&d=mm&r=g\",\"caption\":\"La redaction\"},\"url\":\"https:\/\/vosgesinfo.fr\/remiremontinfo\/author\/la-redaction\/\"}]}<\/script>\n<!-- \/ Yoast SEO plugin. -->","yoast_head_json":{"title":"Municipales - Benoit PERRIN officialise sa candidature \u00e0 la mairie de Basse-sur-le-Rupt - Remiremont Info","robots":{"index":"index","follow":"follow","max-snippet":"max-snippet:-1","max-image-preview":"max-image-preview:large","max-video-preview":"max-video-preview:-1"},"canonical":"https:\/\/vosgesinfo.fr\/remiremontinfo\/?p=88252","twitter_card":"summary_large_image","twitter_title":"Municipales - Benoit PERRIN officialise sa candidature \u00e0 la mairie de Basse-sur-le-Rupt - Remiremont Info","twitter_description":"Basse-sur-le-Rupt, le 24 janvier 2026 Benoit PERRIN, conseiller municipal sortant, annonce officiellement sa candidature \u00e0 la mairie de Basse-sur-le-Rupt pour [&hellip;]","twitter_creator":"@VosgesInfo88","twitter_site":"@VosgesInfo88","twitter_misc":{"\u00c9crit par":"La redaction","Dur\u00e9e de lecture estim\u00e9e":"2 minutes"},"schema":{"@context":"https:\/\/schema.org","@graph":[{"@type":"Article","@id":"https:\/\/vosgesinfo.fr\/remiremontinfo\/?p=88252#article","isPartOf":{"@id":"https:\/\/vosgesinfo.fr\/remiremontinfo\/?p=88252"},"author":{"name":"La redaction","@id":"https:\/\/vosgesinfo.fr\/remiremontinfo\/#\/schema\/person\/27a3695b06db98895b354c0765cdfc31"},"headline":"Municipales &#8211; Benoit PERRIN officialise sa candidature \u00e0 la mairie de Basse-sur-le-Rupt","datePublished":"2026-01-26T08:52:39+00:00","dateModified":"2026-01-26T08:52:39+00:00","mainEntityOfPage":{"@id":"https:\/\/vosgesinfo.fr\/remiremontinfo\/?p=88252"},"wordCount":437,"publisher":{"@id":"https:\/\/vosgesinfo.fr\/remiremontinfo\/#organization"},"image":{"@id":"https:\/\/vosgesinfo.fr\/remiremontinfo\/?p=88252#primaryimage"},"thumbnailUrl":"https:\/\/vosgesinfo.fr\/app\/uploads\/sites\/5\/2026\/01\/b-perrin-la-bresse-2026.pdf.jpg","keywords":["Beno\u00eet Perrin"],"inLanguage":"fr-FR"},{"@type":"WebPage","@id":"https:\/\/vosgesinfo.fr\/remiremontinfo\/?p=88252","url":"https:\/\/vosgesinfo.fr\/remiremontinfo\/?p=88252","name":"Municipales - Benoit PERRIN officialise sa candidature \u00e0 la mairie de Basse-sur-le-Rupt - Remiremont Info","isPartOf":{"@id":"https:\/\/vosgesinfo.fr\/remiremontinfo\/#website"},"primaryImageOfPage":{"@id":"https:\/\/vosgesinfo.fr\/remiremontinfo\/?p=88252#primaryimage"},"image":{"@id":"https:\/\/vosgesinfo.fr\/remiremontinfo\/?p=88252#primaryimage"},"thumbnailUrl":"https:\/\/vosgesinfo.fr\/app\/uploads\/sites\/5\/2026\/01\/b-perrin-la-bresse-2026.pdf.jpg","datePublished":"2026-01-26T08:52:39+00:00","dateModified":"2026-01-26T08:52:39+00:00","breadcrumb":{"@id":"https:\/\/vosgesinfo.fr\/remiremontinfo\/?p=88252#breadcrumb"},"inLanguage":"fr-FR","potentialAction":[{"@type":"ReadAction","target":["https:\/\/vosgesinfo.fr\/remiremontinfo\/?p=88252"]}]},{"@type":"ImageObject","inLanguage":"fr-FR","@id":"https:\/\/vosgesinfo.fr\/remiremontinfo\/?p=88252#primaryimage","url":"https:\/\/vosgesinfo.fr\/app\/uploads\/sites\/5\/2026\/01\/b-perrin-la-bresse-2026.pdf.jpg","contentUrl":"https:\/\/vosgesinfo.fr\/app\/uploads\/sites\/5\/2026\/01\/b-perrin-la-bresse-2026.pdf.jpg","width":717,"height":574},{"@type":"BreadcrumbList","@id":"https:\/\/vosgesinfo.fr\/remiremontinfo\/?p=88252#breadcrumb","itemListElement":[{"@type":"ListItem","position":1,"name":"Home","item":"https:\/\/vosgesinfo.fr\/remiremontinfo\/"},{"@type":"ListItem","position":2,"name":"Municipales &#8211; Benoit PERRIN officialise sa candidature \u00e0 la mairie de Basse-sur-le-Rupt"}]},{"@type":"WebSite","@id":"https:\/\/vosgesinfo.fr\/remiremontinfo\/#website","url":"https:\/\/vosgesinfo.fr\/remiremontinfo\/","name":"Remiremont Info","description":"Toute l&#039;actualit\u00e9 de Remiremont","publisher":{"@id":"https:\/\/vosgesinfo.fr\/remiremontinfo\/#organization"},"alternateName":"Toute l'actualit\u00e9 de Remiremont","potentialAction":[{"@type":"SearchAction","target":{"@type":"EntryPoint","urlTemplate":"https:\/\/vosgesinfo.fr\/remiremontinfo\/?s={search_term_string}"},"query-input":"required name=search_term_string"}],"inLanguage":"fr-FR"},{"@type":"Organization","@id":"https:\/\/vosgesinfo.fr\/remiremontinfo\/#organization","name":"Remiremont Info","url":"https:\/\/vosgesinfo.fr\/remiremontinfo\/","logo":{"@type":"ImageObject","inLanguage":"fr-FR","@id":"https:\/\/vosgesinfo.fr\/remiremontinfo\/#\/schema\/logo\/image\/","url":"https:\/\/vosgesinfo.fr\/app\/uploads\/sites\/5\/2023\/08\/favicon-remiremontinfo.png","contentUrl":"https:\/\/vosgesinfo.fr\/app\/uploads\/sites\/5\/2023\/08\/favicon-remiremontinfo.png","width":512,"height":512,"caption":"Remiremont Info"},"image":{"@id":"https:\/\/vosgesinfo.fr\/remiremontinfo\/#\/schema\/logo\/image\/"},"sameAs":["https:\/\/www.facebook.com\/remiremontinfo","https:\/\/x.com\/VosgesInfo88","https:\/\/www.youtube.com\/@vosgesinfo"]},{"@type":"Person","@id":"https:\/\/vosgesinfo.fr\/remiremontinfo\/#\/schema\/person\/27a3695b06db98895b354c0765cdfc31","name":"La redaction","image":{"@type":"ImageObject","inLanguage":"fr-FR","@id":"https:\/\/vosgesinfo.fr\/remiremontinfo\/#\/schema\/person\/image\/","url":"https:\/\/secure.gravatar.com\/avatar\/64c76a78e501cedee55736f43f332df901e1896ae9cd8fad269ae2236dd0e8b6?s=96&d=mm&r=g","contentUrl":"https:\/\/secure.gravatar.com\/avatar\/64c76a78e501cedee55736f43f332df901e1896ae9cd8fad269ae2236dd0e8b6?s=96&d=mm&r=g","caption":"La redaction"},"url":"https:\/\/vosgesinfo.fr\/remiremontinfo\/author\/la-redaction\/"}]}},"_links":{"self":[{"href":"https:\/\/vosgesinfo.fr\/remiremontinfo\/wp-json\/wp\/v2\/posts\/88252","targetHints":{"allow":["GET"]}}],"collection":[{"href":"https:\/\/vosgesinfo.fr\/remiremontinfo\/wp-json\/wp\/v2\/posts"}],"about":[{"href":"https:\/\/vosgesinfo.fr\/remiremontinfo\/wp-json\/wp\/v2\/types\/post"}],"author":[{"embeddable":true,"href":"https:\/\/vosgesinfo.fr\/remiremontinfo\/wp-json\/wp\/v2\/users\/391"}],"replies":[{"embeddable":true,"href":"https:\/\/vosgesinfo.fr\/remiremontinfo\/wp-json\/wp\/v2\/comments?post=88252"}],"version-history":[{"count":1,"href":"https:\/\/vosgesinfo.fr\/remiremontinfo\/wp-json\/wp\/v2\/posts\/88252\/revisions"}],"predecessor-version":[{"id":88254,"href":"https:\/\/vosgesinfo.fr\/remiremontinfo\/wp-json\/wp\/v2\/posts\/88252\/revisions\/88254"}],"wp:featuredmedia":[{"embeddable":true,"href":"https:\/\/vosgesinfo.fr\/remiremontinfo\/wp-json\/wp\/v2\/media\/88253"}],"wp:attachment":[{"href":"https:\/\/vosgesinfo.fr\/remiremontinfo\/wp-json\/wp\/v2\/media?parent=88252"}],"wp:term":[{"taxonomy":"category","embeddable":true,"href":"https:\/\/vosgesinfo.fr\/remiremontinfo\/wp-json\/wp\/v2\/categories?post=88252"},{"taxonomy":"post_tag","embeddable":true,"href":"https:\/\/vosgesinfo.fr\/remiremontinfo\/wp-json\/wp\/v2\/tags?post=88252"}],"curies":[{"name":"wp","href":"https:\/\/api.w.org\/{rel}","templated":true}]}}