{"id":88255,"date":"2026-01-26T09:59:35","date_gmt":"2026-01-26T08:59:35","guid":{"rendered":"https:\/\/vosgesinfo.fr\/remiremontinfo\/?p=88255"},"modified":"2026-01-26T09:59:35","modified_gmt":"2026-01-26T08:59:35","slug":"municipales-marie-helene-claude-officialise-sa-candidature-a-la-mairie-de-cleurie","status":"publish","type":"post","link":"https:\/\/vosgesinfo.fr\/remiremontinfo\/2026\/01\/municipales-marie-helene-claude-officialise-sa-candidature-a-la-mairie-de-cleurie\/","title":{"rendered":"Municipales &#8211; Marie-H\u00e9l\u00e8ne Claude officialise sa candidature \u00e0 la mairie de Cleurie"},"content":{"rendered":"<p>\u00ab\u00a0Cleurie fait partie de ma vie depuis toujours.<br \/>\nJ\u2019y ai grandi, j\u2019y ai appris, j\u2019y ai construit mon parcours et partag\u00e9, \u00e0 mon tour, ce que l\u2019on m\u2019a transmis. Ce village m\u2019a fa\u00e7onn\u00e9e et a nourri mes engagements, mes valeurs et mon attachement<br \/>\nprofond \u00e0 la vie collective.<br \/>\n<a href=\"https:\/\/vosgesinfo.fr\/app\/uploads\/sites\/5\/2026\/01\/photo-mh.jpg\"><img decoding=\"async\" class=\"alignright size-medium wp-image-88256\" src=\"https:\/\/vosgesinfo.fr\/app\/uploads\/sites\/5\/2026\/01\/photo-mh-203x300.jpg\" alt=\"\" width=\"203\" height=\"300\" srcset=\"https:\/\/vosgesinfo.fr\/app\/uploads\/sites\/5\/2026\/01\/photo-mh-203x300.jpg 203w, https:\/\/vosgesinfo.fr\/app\/uploads\/sites\/5\/2026\/01\/photo-mh.jpg 640w\" sizes=\"(max-width: 203px) 100vw, 203px\" \/><\/a>Depuis 25 ans, je m\u2019investis au service de notre commune, dont un mandat en tant que premi\u00e8re adjointe. Aujourd\u2019hui, je fais le choix de me porter candidate en t\u00eate de liste aux prochaines \u00e9lections municipales : Pour Cleurie, agissons ensemble.<br \/>\nAncienne infirmi\u00e8re, directrice d\u2019\u00e9cole depuis 26 ans, engag\u00e9e depuis toujours dans la vie associative, mon parcours est bas\u00e9 autour de l\u2019\u00e9coute, du sens des responsabilit\u00e9s et de l\u2019attention port\u00e9e aux autres. Ces exp\u00e9riences m\u2019ont appris que rien de durable ne se fait seul : c\u2019est ensemble, par le dialogue et le travail collectif, que l\u2019on fait avancer un village.<br \/>\nUne \u00e9quipe de 17 personnes s\u2019est cr\u00e9\u00e9e d\u2019\u00e9lus sortants, d\u2019anciens \u00e9lus, d\u2019anciens et de nouveaux habitants. Ce sont des femmes et des hommes aux parcours et aux comp\u00e9tences vari\u00e9s. Cette diversit\u00e9 est une force. Toutes et tous partagent la m\u00eame exigence : s\u2019engager avec s\u00e9rieux, \u00e9coute et responsabilit\u00e9 au service de Cleurie.<br \/>\nMa candidature est dirig\u00e9e pour le village, pour ses habitants et pour son avenir. Elle vise \u00e0 pr\u00e9server ce qui fait notre identit\u00e9, \u00e0 renforcer les liens entre les g\u00e9n\u00e9rations et \u00e0 faire vivre une<br \/>\ncommune humaine, solidaire et attentive aux r\u00e9alit\u00e9s du quotidien.<br \/>\nPlusieurs sujets importants nous attendent : le devenir du site d\u2019Asteelflash, l\u2019anticipation des d\u00e9cisions de l\u2019\u00c9ducation nationale concernant les postes, la poursuite des projets engag\u00e9s comme la r\u00e9fection des ponts, les dispositifs de protection contre l\u2019incendie ou encore les travaux de la station de neutralisation men\u00e9s avec la communaut\u00e9 de communes.<br \/>\nLa gestion financi\u00e8re de la commune demande aujourd\u2019hui de la vigilance. La situation budg\u00e9taire est fragile et chaque projet devra \u00eatre pens\u00e9 avec responsabilit\u00e9. Avant de s\u2019engager, nous<br \/>\nanalyserons pr\u00e9cis\u00e9ment les co\u00fbts, les capacit\u00e9s de la commune et les aides possibles. Les projets seront conduits sur la dur\u00e9e du mandat, en privil\u00e9giant ceux qui r\u00e9pondent aux besoins du quotidien, afin de pr\u00e9server l\u2019\u00e9quilibre financier et l\u2019avenir de Cleurie.<br \/>\nEnfin, nous souhaitons redonner toute sa place \u00e0 l\u2019animation et \u00e0 la vie du village, en nous appuyant sur les forces vives locales : associations, b\u00e9n\u00e9voles, acteurs \u00e9conomiques et les habitants. Faire vivre Cleurie, c\u2019est cr\u00e9er du lien, favoriser les rencontres et cultiver ce qui nous rassemble.<br \/>\nAujourd\u2019hui, avec humilit\u00e9, entour\u00e9e d\u2019une \u00e9quipe engag\u00e9e et comp\u00e9tente, je souhaite proposer un projet rassembleur pour les habitants.<br \/>\nJe crois profond\u00e9ment en Cleurie, en ses habitants et en notre capacit\u00e9 collective \u00e0 construire un avenir respectueux, solidaire et fid\u00e8le \u00e0 ce que nous sommes.<\/p>\n<p>Pour Cleurie, agissons ensemble\u00a0\u00bb.<\/p>\n<p>Marie Helen CLAUDE candidate aux \u00e9lections municipales 2026 t\u00eate de liste pour \u00ab\u00a0Pour Cleurie, agissons ensemble\u00a0\u00bb<\/p>\n","protected":false},"excerpt":{"rendered":"<p>\u00ab\u00a0Cleurie fait partie de ma vie depuis toujours. J\u2019y ai grandi, j\u2019y ai appris, j\u2019y ai construit mon parcours et [&hellip;]<\/p>\n","protected":false},"author":42,"featured_media":88256,"comment_status":"closed","ping_status":"open","sticky":false,"template":"","format":"standard","meta":{"footnotes":""},"categories":[26,10,43],"tags":[],"class_list":["post-88255","post","type-post","status-publish","format-standard","has-post-thumbnail","hentry","category-a-la-une","category-politique","category-remiremont-remiremont-son-canton"],"acf":[],"yoast_head":"<!-- This site is optimized with the Yoast SEO plugin v22.5 - https:\/\/yoast.com\/wordpress\/plugins\/seo\/ -->\n<title>Municipales - Marie-H\u00e9l\u00e8ne Claude officialise sa candidature \u00e0 la mairie de Cleurie - Remiremont Info<\/title>\n<meta name=\"robots\" content=\"index, follow, max-snippet:-1, max-image-preview:large, max-video-preview:-1\" \/>\n<link rel=\"canonical\" href=\"https:\/\/vosgesinfo.fr\/remiremontinfo\/?p=88255\" \/>\n<meta name=\"twitter:card\" content=\"summary_large_image\" \/>\n<meta name=\"twitter:title\" content=\"Municipales - Marie-H\u00e9l\u00e8ne Claude officialise sa candidature \u00e0 la mairie de Cleurie - Remiremont Info\" \/>\n<meta name=\"twitter:description\" content=\"\u00ab\u00a0Cleurie fait partie de ma vie depuis toujours. J\u2019y ai grandi, j\u2019y ai appris, j\u2019y ai construit mon parcours et [&hellip;]\" \/>\n<meta name=\"twitter:image\" content=\"https:\/\/vosgesinfo.fr\/app\/uploads\/sites\/5\/2026\/01\/photo-mh-203x300.jpg\" \/>\n<meta name=\"twitter:creator\" content=\"@VosgesInfo88\" \/>\n<meta name=\"twitter:site\" content=\"@VosgesInfo88\" \/>\n<meta name=\"twitter:label1\" content=\"\u00c9crit par\" \/>\n\t<meta name=\"twitter:data1\" content=\"QG\" \/>\n\t<meta name=\"twitter:label2\" content=\"Dur\u00e9e de lecture estim\u00e9e\" \/>\n\t<meta name=\"twitter:data2\" content=\"3 minutes\" \/>\n<script type=\"application\/ld+json\" class=\"yoast-schema-graph\">{\"@context\":\"https:\/\/schema.org\",\"@graph\":[{\"@type\":\"Article\",\"@id\":\"https:\/\/vosgesinfo.fr\/remiremontinfo\/?p=88255#article\",\"isPartOf\":{\"@id\":\"https:\/\/vosgesinfo.fr\/remiremontinfo\/?p=88255\"},\"author\":{\"name\":\"QG\",\"@id\":\"https:\/\/vosgesinfo.fr\/remiremontinfo\/#\/schema\/person\/db5605779a843dad16b5368f3e7613a5\"},\"headline\":\"Municipales &#8211; Marie-H\u00e9l\u00e8ne Claude officialise sa candidature \u00e0 la mairie de Cleurie\",\"datePublished\":\"2026-01-26T08:59:35+00:00\",\"dateModified\":\"2026-01-26T08:59:35+00:00\",\"mainEntityOfPage\":{\"@id\":\"https:\/\/vosgesinfo.fr\/remiremontinfo\/?p=88255\"},\"wordCount\":542,\"publisher\":{\"@id\":\"https:\/\/vosgesinfo.fr\/remiremontinfo\/#organization\"},\"image\":{\"@id\":\"https:\/\/vosgesinfo.fr\/remiremontinfo\/?p=88255#primaryimage\"},\"thumbnailUrl\":\"https:\/\/vosgesinfo.fr\/app\/uploads\/sites\/5\/2026\/01\/photo-mh.jpg\",\"articleSection\":[\"A la Une\",\"Politique\",\"Remiremont\"],\"inLanguage\":\"fr-FR\"},{\"@type\":\"WebPage\",\"@id\":\"https:\/\/vosgesinfo.fr\/remiremontinfo\/?p=88255\",\"url\":\"https:\/\/vosgesinfo.fr\/remiremontinfo\/?p=88255\",\"name\":\"Municipales - Marie-H\u00e9l\u00e8ne Claude officialise sa candidature \u00e0 la mairie de Cleurie - Remiremont Info\",\"isPartOf\":{\"@id\":\"https:\/\/vosgesinfo.fr\/remiremontinfo\/#website\"},\"primaryImageOfPage\":{\"@id\":\"https:\/\/vosgesinfo.fr\/remiremontinfo\/?p=88255#primaryimage\"},\"image\":{\"@id\":\"https:\/\/vosgesinfo.fr\/remiremontinfo\/?p=88255#primaryimage\"},\"thumbnailUrl\":\"https:\/\/vosgesinfo.fr\/app\/uploads\/sites\/5\/2026\/01\/photo-mh.jpg\",\"datePublished\":\"2026-01-26T08:59:35+00:00\",\"dateModified\":\"2026-01-26T08:59:35+00:00\",\"breadcrumb\":{\"@id\":\"https:\/\/vosgesinfo.fr\/remiremontinfo\/?p=88255#breadcrumb\"},\"inLanguage\":\"fr-FR\",\"potentialAction\":[{\"@type\":\"ReadAction\",\"target\":[\"https:\/\/vosgesinfo.fr\/remiremontinfo\/?p=88255\"]}]},{\"@type\":\"ImageObject\",\"inLanguage\":\"fr-FR\",\"@id\":\"https:\/\/vosgesinfo.fr\/remiremontinfo\/?p=88255#primaryimage\",\"url\":\"https:\/\/vosgesinfo.fr\/app\/uploads\/sites\/5\/2026\/01\/photo-mh.jpg\",\"contentUrl\":\"https:\/\/vosgesinfo.fr\/app\/uploads\/sites\/5\/2026\/01\/photo-mh.jpg\",\"width\":640,\"height\":946},{\"@type\":\"BreadcrumbList\",\"@id\":\"https:\/\/vosgesinfo.fr\/remiremontinfo\/?p=88255#breadcrumb\",\"itemListElement\":[{\"@type\":\"ListItem\",\"position\":1,\"name\":\"Home\",\"item\":\"https:\/\/vosgesinfo.fr\/remiremontinfo\/\"},{\"@type\":\"ListItem\",\"position\":2,\"name\":\"Municipales &#8211; Marie-H\u00e9l\u00e8ne Claude officialise sa candidature \u00e0 la mairie de Cleurie\"}]},{\"@type\":\"WebSite\",\"@id\":\"https:\/\/vosgesinfo.fr\/remiremontinfo\/#website\",\"url\":\"https:\/\/vosgesinfo.fr\/remiremontinfo\/\",\"name\":\"Remiremont Info\",\"description\":\"Toute l&#039;actualit\u00e9 de Remiremont\",\"publisher\":{\"@id\":\"https:\/\/vosgesinfo.fr\/remiremontinfo\/#organization\"},\"alternateName\":\"Toute l'actualit\u00e9 de Remiremont\",\"potentialAction\":[{\"@type\":\"SearchAction\",\"target\":{\"@type\":\"EntryPoint\",\"urlTemplate\":\"https:\/\/vosgesinfo.fr\/remiremontinfo\/?s={search_term_string}\"},\"query-input\":\"required name=search_term_string\"}],\"inLanguage\":\"fr-FR\"},{\"@type\":\"Organization\",\"@id\":\"https:\/\/vosgesinfo.fr\/remiremontinfo\/#organization\",\"name\":\"Remiremont Info\",\"url\":\"https:\/\/vosgesinfo.fr\/remiremontinfo\/\",\"logo\":{\"@type\":\"ImageObject\",\"inLanguage\":\"fr-FR\",\"@id\":\"https:\/\/vosgesinfo.fr\/remiremontinfo\/#\/schema\/logo\/image\/\",\"url\":\"https:\/\/vosgesinfo.fr\/app\/uploads\/sites\/5\/2023\/08\/favicon-remiremontinfo.png\",\"contentUrl\":\"https:\/\/vosgesinfo.fr\/app\/uploads\/sites\/5\/2023\/08\/favicon-remiremontinfo.png\",\"width\":512,\"height\":512,\"caption\":\"Remiremont Info\"},\"image\":{\"@id\":\"https:\/\/vosgesinfo.fr\/remiremontinfo\/#\/schema\/logo\/image\/\"},\"sameAs\":[\"https:\/\/www.facebook.com\/remiremontinfo\",\"https:\/\/x.com\/VosgesInfo88\",\"https:\/\/www.youtube.com\/@vosgesinfo\"]},{\"@type\":\"Person\",\"@id\":\"https:\/\/vosgesinfo.fr\/remiremontinfo\/#\/schema\/person\/db5605779a843dad16b5368f3e7613a5\",\"name\":\"QG\",\"image\":{\"@type\":\"ImageObject\",\"inLanguage\":\"fr-FR\",\"@id\":\"https:\/\/vosgesinfo.fr\/remiremontinfo\/#\/schema\/person\/image\/\",\"url\":\"https:\/\/secure.gravatar.com\/avatar\/ea80c42c204b534408512832fde52504ecabb9706bcb6151cf6175e5b64e6793?s=96&d=mm&r=g\",\"contentUrl\":\"https:\/\/secure.gravatar.com\/avatar\/ea80c42c204b534408512832fde52504ecabb9706bcb6151cf6175e5b64e6793?s=96&d=mm&r=g\",\"caption\":\"QG\"},\"url\":\"https:\/\/vosgesinfo.fr\/remiremontinfo\/author\/quentin88\/\"}]}<\/script>\n<!-- \/ Yoast SEO plugin. -->","yoast_head_json":{"title":"Municipales - Marie-H\u00e9l\u00e8ne Claude officialise sa candidature \u00e0 la mairie de Cleurie - Remiremont Info","robots":{"index":"index","follow":"follow","max-snippet":"max-snippet:-1","max-image-preview":"max-image-preview:large","max-video-preview":"max-video-preview:-1"},"canonical":"https:\/\/vosgesinfo.fr\/remiremontinfo\/?p=88255","twitter_card":"summary_large_image","twitter_title":"Municipales - Marie-H\u00e9l\u00e8ne Claude officialise sa candidature \u00e0 la mairie de Cleurie - Remiremont Info","twitter_description":"\u00ab\u00a0Cleurie fait partie de ma vie depuis toujours. J\u2019y ai grandi, j\u2019y ai appris, j\u2019y ai construit mon parcours et [&hellip;]","twitter_image":"https:\/\/vosgesinfo.fr\/app\/uploads\/sites\/5\/2026\/01\/photo-mh-203x300.jpg","twitter_creator":"@VosgesInfo88","twitter_site":"@VosgesInfo88","twitter_misc":{"\u00c9crit par":"QG","Dur\u00e9e de lecture estim\u00e9e":"3 minutes"},"schema":{"@context":"https:\/\/schema.org","@graph":[{"@type":"Article","@id":"https:\/\/vosgesinfo.fr\/remiremontinfo\/?p=88255#article","isPartOf":{"@id":"https:\/\/vosgesinfo.fr\/remiremontinfo\/?p=88255"},"author":{"name":"QG","@id":"https:\/\/vosgesinfo.fr\/remiremontinfo\/#\/schema\/person\/db5605779a843dad16b5368f3e7613a5"},"headline":"Municipales &#8211; Marie-H\u00e9l\u00e8ne Claude officialise sa candidature \u00e0 la mairie de Cleurie","datePublished":"2026-01-26T08:59:35+00:00","dateModified":"2026-01-26T08:59:35+00:00","mainEntityOfPage":{"@id":"https:\/\/vosgesinfo.fr\/remiremontinfo\/?p=88255"},"wordCount":542,"publisher":{"@id":"https:\/\/vosgesinfo.fr\/remiremontinfo\/#organization"},"image":{"@id":"https:\/\/vosgesinfo.fr\/remiremontinfo\/?p=88255#primaryimage"},"thumbnailUrl":"https:\/\/vosgesinfo.fr\/app\/uploads\/sites\/5\/2026\/01\/photo-mh.jpg","articleSection":["A la Une","Politique","Remiremont"],"inLanguage":"fr-FR"},{"@type":"WebPage","@id":"https:\/\/vosgesinfo.fr\/remiremontinfo\/?p=88255","url":"https:\/\/vosgesinfo.fr\/remiremontinfo\/?p=88255","name":"Municipales - Marie-H\u00e9l\u00e8ne Claude officialise sa candidature \u00e0 la mairie de Cleurie - Remiremont Info","isPartOf":{"@id":"https:\/\/vosgesinfo.fr\/remiremontinfo\/#website"},"primaryImageOfPage":{"@id":"https:\/\/vosgesinfo.fr\/remiremontinfo\/?p=88255#primaryimage"},"image":{"@id":"https:\/\/vosgesinfo.fr\/remiremontinfo\/?p=88255#primaryimage"},"thumbnailUrl":"https:\/\/vosgesinfo.fr\/app\/uploads\/sites\/5\/2026\/01\/photo-mh.jpg","datePublished":"2026-01-26T08:59:35+00:00","dateModified":"2026-01-26T08:59:35+00:00","breadcrumb":{"@id":"https:\/\/vosgesinfo.fr\/remiremontinfo\/?p=88255#breadcrumb"},"inLanguage":"fr-FR","potentialAction":[{"@type":"ReadAction","target":["https:\/\/vosgesinfo.fr\/remiremontinfo\/?p=88255"]}]},{"@type":"ImageObject","inLanguage":"fr-FR","@id":"https:\/\/vosgesinfo.fr\/remiremontinfo\/?p=88255#primaryimage","url":"https:\/\/vosgesinfo.fr\/app\/uploads\/sites\/5\/2026\/01\/photo-mh.jpg","contentUrl":"https:\/\/vosgesinfo.fr\/app\/uploads\/sites\/5\/2026\/01\/photo-mh.jpg","width":640,"height":946},{"@type":"BreadcrumbList","@id":"https:\/\/vosgesinfo.fr\/remiremontinfo\/?p=88255#breadcrumb","itemListElement":[{"@type":"ListItem","position":1,"name":"Home","item":"https:\/\/vosgesinfo.fr\/remiremontinfo\/"},{"@type":"ListItem","position":2,"name":"Municipales &#8211; Marie-H\u00e9l\u00e8ne Claude officialise sa candidature \u00e0 la mairie de Cleurie"}]},{"@type":"WebSite","@id":"https:\/\/vosgesinfo.fr\/remiremontinfo\/#website","url":"https:\/\/vosgesinfo.fr\/remiremontinfo\/","name":"Remiremont Info","description":"Toute l&#039;actualit\u00e9 de Remiremont","publisher":{"@id":"https:\/\/vosgesinfo.fr\/remiremontinfo\/#organization"},"alternateName":"Toute l'actualit\u00e9 de Remiremont","potentialAction":[{"@type":"SearchAction","target":{"@type":"EntryPoint","urlTemplate":"https:\/\/vosgesinfo.fr\/remiremontinfo\/?s={search_term_string}"},"query-input":"required name=search_term_string"}],"inLanguage":"fr-FR"},{"@type":"Organization","@id":"https:\/\/vosgesinfo.fr\/remiremontinfo\/#organization","name":"Remiremont Info","url":"https:\/\/vosgesinfo.fr\/remiremontinfo\/","logo":{"@type":"ImageObject","inLanguage":"fr-FR","@id":"https:\/\/vosgesinfo.fr\/remiremontinfo\/#\/schema\/logo\/image\/","url":"https:\/\/vosgesinfo.fr\/app\/uploads\/sites\/5\/2023\/08\/favicon-remiremontinfo.png","contentUrl":"https:\/\/vosgesinfo.fr\/app\/uploads\/sites\/5\/2023\/08\/favicon-remiremontinfo.png","width":512,"height":512,"caption":"Remiremont Info"},"image":{"@id":"https:\/\/vosgesinfo.fr\/remiremontinfo\/#\/schema\/logo\/image\/"},"sameAs":["https:\/\/www.facebook.com\/remiremontinfo","https:\/\/x.com\/VosgesInfo88","https:\/\/www.youtube.com\/@vosgesinfo"]},{"@type":"Person","@id":"https:\/\/vosgesinfo.fr\/remiremontinfo\/#\/schema\/person\/db5605779a843dad16b5368f3e7613a5","name":"QG","image":{"@type":"ImageObject","inLanguage":"fr-FR","@id":"https:\/\/vosgesinfo.fr\/remiremontinfo\/#\/schema\/person\/image\/","url":"https:\/\/secure.gravatar.com\/avatar\/ea80c42c204b534408512832fde52504ecabb9706bcb6151cf6175e5b64e6793?s=96&d=mm&r=g","contentUrl":"https:\/\/secure.gravatar.com\/avatar\/ea80c42c204b534408512832fde52504ecabb9706bcb6151cf6175e5b64e6793?s=96&d=mm&r=g","caption":"QG"},"url":"https:\/\/vosgesinfo.fr\/remiremontinfo\/author\/quentin88\/"}]}},"_links":{"self":[{"href":"https:\/\/vosgesinfo.fr\/remiremontinfo\/wp-json\/wp\/v2\/posts\/88255","targetHints":{"allow":["GET"]}}],"collection":[{"href":"https:\/\/vosgesinfo.fr\/remiremontinfo\/wp-json\/wp\/v2\/posts"}],"about":[{"href":"https:\/\/vosgesinfo.fr\/remiremontinfo\/wp-json\/wp\/v2\/types\/post"}],"author":[{"embeddable":true,"href":"https:\/\/vosgesinfo.fr\/remiremontinfo\/wp-json\/wp\/v2\/users\/42"}],"replies":[{"embeddable":true,"href":"https:\/\/vosgesinfo.fr\/remiremontinfo\/wp-json\/wp\/v2\/comments?post=88255"}],"version-history":[{"count":1,"href":"https:\/\/vosgesinfo.fr\/remiremontinfo\/wp-json\/wp\/v2\/posts\/88255\/revisions"}],"predecessor-version":[{"id":88257,"href":"https:\/\/vosgesinfo.fr\/remiremontinfo\/wp-json\/wp\/v2\/posts\/88255\/revisions\/88257"}],"wp:featuredmedia":[{"embeddable":true,"href":"https:\/\/vosgesinfo.fr\/remiremontinfo\/wp-json\/wp\/v2\/media\/88256"}],"wp:attachment":[{"href":"https:\/\/vosgesinfo.fr\/remiremontinfo\/wp-json\/wp\/v2\/media?parent=88255"}],"wp:term":[{"taxonomy":"category","embeddable":true,"href":"https:\/\/vosgesinfo.fr\/remiremontinfo\/wp-json\/wp\/v2\/categories?post=88255"},{"taxonomy":"post_tag","embeddable":true,"href":"https:\/\/vosgesinfo.fr\/remiremontinfo\/wp-json\/wp\/v2\/tags?post=88255"}],"curies":[{"name":"wp","href":"https:\/\/api.w.org\/{rel}","templated":true}]}}