{"id":88280,"date":"2026-01-26T11:41:31","date_gmt":"2026-01-26T10:41:31","guid":{"rendered":"https:\/\/vosgesinfo.fr\/remiremontinfo\/2026\/01\/le-terroir-vosgien-a-lhonneur-lors-de-la-commission-je-vois-la-vie-en-vosges-terroir-a-epinal\/"},"modified":"2026-01-26T11:41:31","modified_gmt":"2026-01-26T10:41:31","slug":"le-terroir-vosgien-a-lhonneur-lors-de-la-commission-je-vois-la-vie-en-vosges-terroir-a-epinal","status":"publish","type":"post","link":"https:\/\/vosgesinfo.fr\/remiremontinfo\/2026\/01\/le-terroir-vosgien-a-lhonneur-lors-de-la-commission-je-vois-la-vie-en-vosges-terroir-a-epinal\/","title":{"rendered":"Le terroir vosgien \u00e0 l\u2019honneur lors de la commission \u00ab Je vois la vie en Vosges Terroir \u00bb \u00e0 \u00c9pinal"},"content":{"rendered":"<h2 data-start=\"249\" data-end=\"586\"><strong><a href=\"https:\/\/vosgesinfo.fr\/app\/uploads\/sites\/3\/2026\/01\/je-vois-la-vie-en-vosges-terroir89.jpg\"><img decoding=\"async\" class=\"aligncenter size-large wp-image-139236\" src=\"https:\/\/vosgesinfo.fr\/app\/uploads\/sites\/3\/2026\/01\/je-vois-la-vie-en-vosges-terroir89-1024x768.jpg\" alt=\"\" width=\"1024\" height=\"768\" \/><\/a>Le restaurant Saint Jean \u00e0 \u00c9pinal a accueilli la commission \u00ab Je vois la vie en Vosges Terroir \u00bb, un rendez-vous incontournable pour la valorisation des savoir-faire gastronomiques du territoire. Cet \u00e9v\u00e9nement marque un moment cl\u00e9 pour les producteurs locaux engag\u00e9s dans la qualit\u00e9, l\u2019authenticit\u00e9 et la transmission du terroir vosgien.<\/strong><\/h2>\n<p data-start=\"588\" data-end=\"948\">Au total, 77 produits \u00e9taient en lice pour d\u00e9crocher le label \u00ab Je vois la vie en Vosges Terroir \u00bb, dont 54 nouveaut\u00e9s pr\u00e9sent\u00e9es cette ann\u00e9e. Une diversit\u00e9 remarquable qui t\u00e9moigne du dynamisme et de la cr\u00e9ativit\u00e9 des producteurs vosgiens. Fromages, charcuteries, boissons, produits transform\u00e9s ou sp\u00e9cialit\u00e9s locales ont \u00e9t\u00e9 d\u00e9gust\u00e9s avec rigueur et passion.<\/p>\n<p data-start=\"950\" data-end=\"1317\">Pas moins de 36 jur\u00e9s ont \u00e9t\u00e9 mobilis\u00e9s pour \u00e9valuer ces produits. Le jury, volontairement pluriel, \u00e9tait compos\u00e9 de professionnels de la gastronomie, de producteurs, d\u2019\u00e9l\u00e8ves issus du milieu agricole ainsi que de simples consommateurs. Une diversit\u00e9 de profils garantissant une appr\u00e9ciation \u00e0 la fois technique, sensorielle et accessible, fid\u00e8le \u00e0 l\u2019esprit du label.<\/p>\n<p data-start=\"1319\" data-end=\"1559\">La commission \u00e9tait plac\u00e9e sous la pr\u00e9sidence de Sophie L\u2019\u00c9tang, professeure de cuisine au lyc\u00e9e Camille Claudel de Remiremont, dont l\u2019expertise et l\u2019engagement en faveur de la gastronomie locale ont guid\u00e9 les \u00e9changes et les d\u00e9lib\u00e9rations.<\/p>\n<p data-start=\"1561\" data-end=\"2016\">Cette \u00e9dition a \u00e9galement \u00e9t\u00e9 marqu\u00e9e par l\u2019arriv\u00e9e de deux nouveaux producteurs parmi les 22 inscrits. La ferme Jo\u00ebl et Alexandra Pierra, situ\u00e9e \u00e0 Vagney, incarne une exploitation familiale au c\u0153ur de la nature vosgienne, attach\u00e9e \u00e0 des pratiques respectueuses de l\u2019environnement. Autre nouvelle venue, l\u2019entreprise Les Petits Crus Vosgiens, bas\u00e9e \u00e0 G\u00e9rardmer, propose des boissons ferment\u00e9es embl\u00e9matiques du territoire, alliant tradition et innovation.<\/p>\n<p data-start=\"2018\" data-end=\"2351\" data-is-last-node=\"\" data-is-only-node=\"\">Un v\u00e9ritable levier de valorisation pour les producteurs et une garantie de qualit\u00e9 pour les consommateurs en qu\u00eate de produits authentiques et ancr\u00e9s dans leur territoire.<\/p>\n\n\t\t<style type=\"text\/css\">\n\t\t\t#gallery-1 {\n\t\t\t\tmargin: auto;\n\t\t\t}\n\t\t\t#gallery-1 .gallery-item {\n\t\t\t\tfloat: left;\n\t\t\t\tmargin-top: 10px;\n\t\t\t\ttext-align: center;\n\t\t\t\twidth: 33%;\n\t\t\t}\n\t\t\t#gallery-1 img {\n\t\t\t\tborder: 2px solid #cfcfcf;\n\t\t\t}\n\t\t\t#gallery-1 .gallery-caption {\n\t\t\t\tmargin-left: 0;\n\t\t\t}\n\t\t\t\/* see gallery_shortcode() in wp-includes\/media.php *\/\n\t\t<\/style>\n\t\t<div id='gallery-1' class='gallery galleryid-88280 gallery-columns-3 gallery-size-thumbnail'><dl class='gallery-item'>\n\t\t\t<dt class='gallery-icon landscape'>\n\t\t\t\t<a href='https:\/\/vosgesinfo.fr\/app\/uploads\/sites\/5\/2026\/01\/je-vois-la-vie-en-vosges-terroir89-1.jpg'><img decoding=\"async\" width=\"150\" height=\"150\" src=\"https:\/\/vosgesinfo.fr\/app\/uploads\/sites\/5\/2026\/01\/je-vois-la-vie-en-vosges-terroir89-1-150x150.jpg\" class=\"attachment-thumbnail size-thumbnail\" alt=\"\" \/><\/a>\n\t\t\t<\/dt><\/dl><dl class='gallery-item'>\n\t\t\t<dt class='gallery-icon landscape'>\n\t\t\t\t<a href='https:\/\/vosgesinfo.fr\/app\/uploads\/sites\/5\/2026\/01\/je-vois-la-vie-en-vosges-terroir.jpg'><img decoding=\"async\" width=\"150\" height=\"150\" src=\"https:\/\/vosgesinfo.fr\/app\/uploads\/sites\/5\/2026\/01\/je-vois-la-vie-en-vosges-terroir-150x150.jpg\" class=\"attachment-thumbnail size-thumbnail\" alt=\"\" \/><\/a>\n\t\t\t<\/dt><\/dl><dl class='gallery-item'>\n\t\t\t<dt class='gallery-icon landscape'>\n\t\t\t\t<a href='https:\/\/vosgesinfo.fr\/app\/uploads\/sites\/5\/2026\/01\/je-vois-la-vie-en-vosges-terroir2.jpg'><img decoding=\"async\" width=\"150\" height=\"150\" src=\"https:\/\/vosgesinfo.fr\/app\/uploads\/sites\/5\/2026\/01\/je-vois-la-vie-en-vosges-terroir2-150x150.jpg\" class=\"attachment-thumbnail size-thumbnail\" alt=\"\" \/><\/a>\n\t\t\t<\/dt><\/dl><br style=\"clear: both\" \/><dl class='gallery-item'>\n\t\t\t<dt class='gallery-icon landscape'>\n\t\t\t\t<a href='https:\/\/vosgesinfo.fr\/app\/uploads\/sites\/5\/2026\/01\/je-vois-la-vie-en-vosges-terroir3.jpg'><img decoding=\"async\" width=\"150\" height=\"150\" src=\"https:\/\/vosgesinfo.fr\/app\/uploads\/sites\/5\/2026\/01\/je-vois-la-vie-en-vosges-terroir3-150x150.jpg\" class=\"attachment-thumbnail size-thumbnail\" alt=\"\" \/><\/a>\n\t\t\t<\/dt><\/dl><dl class='gallery-item'>\n\t\t\t<dt class='gallery-icon landscape'>\n\t\t\t\t<a href='https:\/\/vosgesinfo.fr\/app\/uploads\/sites\/5\/2026\/01\/je-vois-la-vie-en-vosges-terroir4.jpg'><img decoding=\"async\" width=\"150\" height=\"150\" src=\"https:\/\/vosgesinfo.fr\/app\/uploads\/sites\/5\/2026\/01\/je-vois-la-vie-en-vosges-terroir4-150x150.jpg\" class=\"attachment-thumbnail size-thumbnail\" alt=\"\" \/><\/a>\n\t\t\t<\/dt><\/dl><dl class='gallery-item'>\n\t\t\t<dt class='gallery-icon landscape'>\n\t\t\t\t<a href='https:\/\/vosgesinfo.fr\/app\/uploads\/sites\/5\/2026\/01\/je-vois-la-vie-en-vosges-terroir6.jpg'><img decoding=\"async\" width=\"150\" height=\"150\" src=\"https:\/\/vosgesinfo.fr\/app\/uploads\/sites\/5\/2026\/01\/je-vois-la-vie-en-vosges-terroir6-150x150.jpg\" class=\"attachment-thumbnail size-thumbnail\" alt=\"\" \/><\/a>\n\t\t\t<\/dt><\/dl><br style=\"clear: both\" \/><dl class='gallery-item'>\n\t\t\t<dt class='gallery-icon landscape'>\n\t\t\t\t<a href='https:\/\/vosgesinfo.fr\/app\/uploads\/sites\/5\/2026\/01\/je-vois-la-vie-en-vosges-terroir7.jpg'><img decoding=\"async\" width=\"150\" height=\"150\" src=\"https:\/\/vosgesinfo.fr\/app\/uploads\/sites\/5\/2026\/01\/je-vois-la-vie-en-vosges-terroir7-150x150.jpg\" class=\"attachment-thumbnail size-thumbnail\" alt=\"\" \/><\/a>\n\t\t\t<\/dt><\/dl><dl class='gallery-item'>\n\t\t\t<dt class='gallery-icon landscape'>\n\t\t\t\t<a href='https:\/\/vosgesinfo.fr\/app\/uploads\/sites\/5\/2026\/01\/je-vois-la-vie-en-vosges-terroir8.jpg'><img decoding=\"async\" width=\"150\" height=\"150\" src=\"https:\/\/vosgesinfo.fr\/app\/uploads\/sites\/5\/2026\/01\/je-vois-la-vie-en-vosges-terroir8-150x150.jpg\" class=\"attachment-thumbnail size-thumbnail\" alt=\"\" \/><\/a>\n\t\t\t<\/dt><\/dl><dl class='gallery-item'>\n\t\t\t<dt class='gallery-icon landscape'>\n\t\t\t\t<a href='https:\/\/vosgesinfo.fr\/app\/uploads\/sites\/5\/2026\/01\/je-vois-la-vie-en-vosges-terroir10.jpg'><img decoding=\"async\" width=\"150\" height=\"150\" src=\"https:\/\/vosgesinfo.fr\/app\/uploads\/sites\/5\/2026\/01\/je-vois-la-vie-en-vosges-terroir10-150x150.jpg\" class=\"attachment-thumbnail size-thumbnail\" alt=\"\" \/><\/a>\n\t\t\t<\/dt><\/dl><br style=\"clear: both\" \/><dl class='gallery-item'>\n\t\t\t<dt class='gallery-icon landscape'>\n\t\t\t\t<a href='https:\/\/vosgesinfo.fr\/app\/uploads\/sites\/5\/2026\/01\/je-vois-la-vie-en-vosges-terroir55.jpg'><img decoding=\"async\" width=\"150\" height=\"150\" src=\"https:\/\/vosgesinfo.fr\/app\/uploads\/sites\/5\/2026\/01\/je-vois-la-vie-en-vosges-terroir55-150x150.jpg\" class=\"attachment-thumbnail size-thumbnail\" alt=\"\" \/><\/a>\n\t\t\t<\/dt><\/dl>\n\t\t\t<br style='clear: both' \/>\n\t\t<\/div>\n\n","protected":false},"excerpt":{"rendered":"<p>Le restaurant Saint Jean \u00e0 \u00c9pinal a accueilli la commission \u00ab Je vois la vie en Vosges Terroir \u00bb, un [&hellip;]<\/p>\n","protected":false},"author":52,"featured_media":88281,"comment_status":"open","ping_status":"open","sticky":false,"template":"","format":"standard","meta":{"footnotes":""},"categories":[26,47,108,62,845,43,362],"tags":[],"class_list":["post-88280","post","type-post","status-publish","format-standard","has-post-thumbnail","hentry","category-a-la-une","category-agriculture","category-epinal","category-gerardmer","category-la-plaine-des-vosges","category-remiremont-remiremont-son-canton","category-saint-die"],"acf":[],"yoast_head":"<!-- This site is optimized with the Yoast SEO plugin v22.5 - https:\/\/yoast.com\/wordpress\/plugins\/seo\/ -->\n<title>Le terroir vosgien \u00e0 l\u2019honneur lors de la commission \u00ab Je vois la vie en Vosges Terroir \u00bb \u00e0 \u00c9pinal - Remiremont Info<\/title>\n<meta name=\"robots\" content=\"index, follow, max-snippet:-1, max-image-preview:large, max-video-preview:-1\" \/>\n<link rel=\"canonical\" href=\"https:\/\/vosgesinfo.fr\/remiremontinfo\/2026\/01\/le-terroir-vosgien-a-lhonneur-lors-de-la-commission-je-vois-la-vie-en-vosges-terroir-a-epinal\/\" \/>\n<meta name=\"twitter:card\" content=\"summary_large_image\" \/>\n<meta name=\"twitter:title\" content=\"Le terroir vosgien \u00e0 l\u2019honneur lors de la commission \u00ab Je vois la vie en Vosges Terroir \u00bb \u00e0 \u00c9pinal - Remiremont Info\" \/>\n<meta name=\"twitter:description\" content=\"Le restaurant Saint Jean \u00e0 \u00c9pinal a accueilli la commission \u00ab Je vois la vie en Vosges Terroir \u00bb, un [&hellip;]\" \/>\n<meta name=\"twitter:image\" content=\"https:\/\/vosgesinfo.fr\/app\/uploads\/sites\/5\/2026\/01\/je-vois-la-vie-en-vosges-terroir89.jpg\" \/>\n<meta name=\"twitter:creator\" content=\"@VosgesInfo88\" \/>\n<meta name=\"twitter:site\" content=\"@VosgesInfo88\" \/>\n<meta name=\"twitter:label1\" content=\"\u00c9crit par\" \/>\n\t<meta name=\"twitter:data1\" content=\"C.K.\" \/>\n\t<meta name=\"twitter:label2\" content=\"Dur\u00e9e de lecture estim\u00e9e\" \/>\n\t<meta name=\"twitter:data2\" content=\"2 minutes\" \/>\n<script type=\"application\/ld+json\" class=\"yoast-schema-graph\">{\"@context\":\"https:\/\/schema.org\",\"@graph\":[{\"@type\":\"Article\",\"@id\":\"https:\/\/vosgesinfo.fr\/remiremontinfo\/2026\/01\/le-terroir-vosgien-a-lhonneur-lors-de-la-commission-je-vois-la-vie-en-vosges-terroir-a-epinal\/#article\",\"isPartOf\":{\"@id\":\"https:\/\/vosgesinfo.fr\/remiremontinfo\/2026\/01\/le-terroir-vosgien-a-lhonneur-lors-de-la-commission-je-vois-la-vie-en-vosges-terroir-a-epinal\/\"},\"author\":{\"name\":\"C.K.\",\"@id\":\"https:\/\/vosgesinfo.fr\/remiremontinfo\/#\/schema\/person\/6f9a650eeea99d969b6c4ab78fccbe81\"},\"headline\":\"Le terroir vosgien \u00e0 l\u2019honneur lors de la commission \u00ab Je vois la vie en Vosges Terroir \u00bb \u00e0 \u00c9pinal\",\"datePublished\":\"2026-01-26T10:41:31+00:00\",\"dateModified\":\"2026-01-26T10:41:31+00:00\",\"mainEntityOfPage\":{\"@id\":\"https:\/\/vosgesinfo.fr\/remiremontinfo\/2026\/01\/le-terroir-vosgien-a-lhonneur-lors-de-la-commission-je-vois-la-vie-en-vosges-terroir-a-epinal\/\"},\"wordCount\":339,\"commentCount\":0,\"publisher\":{\"@id\":\"https:\/\/vosgesinfo.fr\/remiremontinfo\/#organization\"},\"image\":{\"@id\":\"https:\/\/vosgesinfo.fr\/remiremontinfo\/2026\/01\/le-terroir-vosgien-a-lhonneur-lors-de-la-commission-je-vois-la-vie-en-vosges-terroir-a-epinal\/#primaryimage\"},\"thumbnailUrl\":\"https:\/\/vosgesinfo.fr\/app\/uploads\/sites\/5\/2026\/01\/je-vois-la-vie-en-vosges-terroir89.jpg\",\"articleSection\":[\"A la Une\",\"Agriculture\",\"Epinal\",\"G\u00e9rardmer\",\"La plaine des vosges\",\"Remiremont\",\"Saint-di\u00e9\"],\"inLanguage\":\"fr-FR\",\"potentialAction\":[{\"@type\":\"CommentAction\",\"name\":\"Comment\",\"target\":[\"https:\/\/vosgesinfo.fr\/remiremontinfo\/2026\/01\/le-terroir-vosgien-a-lhonneur-lors-de-la-commission-je-vois-la-vie-en-vosges-terroir-a-epinal\/#respond\"]}]},{\"@type\":\"WebPage\",\"@id\":\"https:\/\/vosgesinfo.fr\/remiremontinfo\/2026\/01\/le-terroir-vosgien-a-lhonneur-lors-de-la-commission-je-vois-la-vie-en-vosges-terroir-a-epinal\/\",\"url\":\"https:\/\/vosgesinfo.fr\/remiremontinfo\/2026\/01\/le-terroir-vosgien-a-lhonneur-lors-de-la-commission-je-vois-la-vie-en-vosges-terroir-a-epinal\/\",\"name\":\"Le terroir vosgien \u00e0 l\u2019honneur lors de la commission \u00ab Je vois la vie en Vosges Terroir \u00bb \u00e0 \u00c9pinal - Remiremont Info\",\"isPartOf\":{\"@id\":\"https:\/\/vosgesinfo.fr\/remiremontinfo\/#website\"},\"primaryImageOfPage\":{\"@id\":\"https:\/\/vosgesinfo.fr\/remiremontinfo\/2026\/01\/le-terroir-vosgien-a-lhonneur-lors-de-la-commission-je-vois-la-vie-en-vosges-terroir-a-epinal\/#primaryimage\"},\"image\":{\"@id\":\"https:\/\/vosgesinfo.fr\/remiremontinfo\/2026\/01\/le-terroir-vosgien-a-lhonneur-lors-de-la-commission-je-vois-la-vie-en-vosges-terroir-a-epinal\/#primaryimage\"},\"thumbnailUrl\":\"https:\/\/vosgesinfo.fr\/app\/uploads\/sites\/5\/2026\/01\/je-vois-la-vie-en-vosges-terroir89.jpg\",\"datePublished\":\"2026-01-26T10:41:31+00:00\",\"dateModified\":\"2026-01-26T10:41:31+00:00\",\"breadcrumb\":{\"@id\":\"https:\/\/vosgesinfo.fr\/remiremontinfo\/2026\/01\/le-terroir-vosgien-a-lhonneur-lors-de-la-commission-je-vois-la-vie-en-vosges-terroir-a-epinal\/#breadcrumb\"},\"inLanguage\":\"fr-FR\",\"potentialAction\":[{\"@type\":\"ReadAction\",\"target\":[\"https:\/\/vosgesinfo.fr\/remiremontinfo\/2026\/01\/le-terroir-vosgien-a-lhonneur-lors-de-la-commission-je-vois-la-vie-en-vosges-terroir-a-epinal\/\"]}]},{\"@type\":\"ImageObject\",\"inLanguage\":\"fr-FR\",\"@id\":\"https:\/\/vosgesinfo.fr\/remiremontinfo\/2026\/01\/le-terroir-vosgien-a-lhonneur-lors-de-la-commission-je-vois-la-vie-en-vosges-terroir-a-epinal\/#primaryimage\",\"url\":\"https:\/\/vosgesinfo.fr\/app\/uploads\/sites\/5\/2026\/01\/je-vois-la-vie-en-vosges-terroir89.jpg\",\"contentUrl\":\"https:\/\/vosgesinfo.fr\/app\/uploads\/sites\/5\/2026\/01\/je-vois-la-vie-en-vosges-terroir89.jpg\",\"width\":1440,\"height\":1080},{\"@type\":\"BreadcrumbList\",\"@id\":\"https:\/\/vosgesinfo.fr\/remiremontinfo\/2026\/01\/le-terroir-vosgien-a-lhonneur-lors-de-la-commission-je-vois-la-vie-en-vosges-terroir-a-epinal\/#breadcrumb\",\"itemListElement\":[{\"@type\":\"ListItem\",\"position\":1,\"name\":\"Home\",\"item\":\"https:\/\/vosgesinfo.fr\/remiremontinfo\/\"},{\"@type\":\"ListItem\",\"position\":2,\"name\":\"Le terroir vosgien \u00e0 l\u2019honneur lors de la commission \u00ab Je vois la vie en Vosges Terroir \u00bb \u00e0 \u00c9pinal\"}]},{\"@type\":\"WebSite\",\"@id\":\"https:\/\/vosgesinfo.fr\/remiremontinfo\/#website\",\"url\":\"https:\/\/vosgesinfo.fr\/remiremontinfo\/\",\"name\":\"Remiremont Info\",\"description\":\"Toute l&#039;actualit\u00e9 de Remiremont\",\"publisher\":{\"@id\":\"https:\/\/vosgesinfo.fr\/remiremontinfo\/#organization\"},\"alternateName\":\"Toute l'actualit\u00e9 de Remiremont\",\"potentialAction\":[{\"@type\":\"SearchAction\",\"target\":{\"@type\":\"EntryPoint\",\"urlTemplate\":\"https:\/\/vosgesinfo.fr\/remiremontinfo\/?s={search_term_string}\"},\"query-input\":\"required name=search_term_string\"}],\"inLanguage\":\"fr-FR\"},{\"@type\":\"Organization\",\"@id\":\"https:\/\/vosgesinfo.fr\/remiremontinfo\/#organization\",\"name\":\"Remiremont Info\",\"url\":\"https:\/\/vosgesinfo.fr\/remiremontinfo\/\",\"logo\":{\"@type\":\"ImageObject\",\"inLanguage\":\"fr-FR\",\"@id\":\"https:\/\/vosgesinfo.fr\/remiremontinfo\/#\/schema\/logo\/image\/\",\"url\":\"https:\/\/vosgesinfo.fr\/app\/uploads\/sites\/5\/2023\/08\/favicon-remiremontinfo.png\",\"contentUrl\":\"https:\/\/vosgesinfo.fr\/app\/uploads\/sites\/5\/2023\/08\/favicon-remiremontinfo.png\",\"width\":512,\"height\":512,\"caption\":\"Remiremont Info\"},\"image\":{\"@id\":\"https:\/\/vosgesinfo.fr\/remiremontinfo\/#\/schema\/logo\/image\/\"},\"sameAs\":[\"https:\/\/www.facebook.com\/remiremontinfo\",\"https:\/\/x.com\/VosgesInfo88\",\"https:\/\/www.youtube.com\/@vosgesinfo\"]},{\"@type\":\"Person\",\"@id\":\"https:\/\/vosgesinfo.fr\/remiremontinfo\/#\/schema\/person\/6f9a650eeea99d969b6c4ab78fccbe81\",\"name\":\"C.K.\",\"image\":{\"@type\":\"ImageObject\",\"inLanguage\":\"fr-FR\",\"@id\":\"https:\/\/vosgesinfo.fr\/remiremontinfo\/#\/schema\/person\/image\/\",\"url\":\"https:\/\/secure.gravatar.com\/avatar\/48e3fc7f8421ba8942be6b74a2b7f014ca39bc00dece156b7a8e098ae7dc87bf?s=96&d=mm&r=g\",\"contentUrl\":\"https:\/\/secure.gravatar.com\/avatar\/48e3fc7f8421ba8942be6b74a2b7f014ca39bc00dece156b7a8e098ae7dc87bf?s=96&d=mm&r=g\",\"caption\":\"C.K.\"},\"url\":\"https:\/\/vosgesinfo.fr\/remiremontinfo\/author\/celia-k-n\/\"}]}<\/script>\n<!-- \/ Yoast SEO plugin. -->","yoast_head_json":{"title":"Le terroir vosgien \u00e0 l\u2019honneur lors de la commission \u00ab Je vois la vie en Vosges Terroir \u00bb \u00e0 \u00c9pinal - Remiremont Info","robots":{"index":"index","follow":"follow","max-snippet":"max-snippet:-1","max-image-preview":"max-image-preview:large","max-video-preview":"max-video-preview:-1"},"canonical":"https:\/\/vosgesinfo.fr\/remiremontinfo\/2026\/01\/le-terroir-vosgien-a-lhonneur-lors-de-la-commission-je-vois-la-vie-en-vosges-terroir-a-epinal\/","twitter_card":"summary_large_image","twitter_title":"Le terroir vosgien \u00e0 l\u2019honneur lors de la commission \u00ab Je vois la vie en Vosges Terroir \u00bb \u00e0 \u00c9pinal - Remiremont Info","twitter_description":"Le restaurant Saint Jean \u00e0 \u00c9pinal a accueilli la commission \u00ab Je vois la vie en Vosges Terroir \u00bb, un [&hellip;]","twitter_image":"https:\/\/vosgesinfo.fr\/app\/uploads\/sites\/5\/2026\/01\/je-vois-la-vie-en-vosges-terroir89.jpg","twitter_creator":"@VosgesInfo88","twitter_site":"@VosgesInfo88","twitter_misc":{"\u00c9crit par":"C.K.","Dur\u00e9e de lecture estim\u00e9e":"2 minutes"},"schema":{"@context":"https:\/\/schema.org","@graph":[{"@type":"Article","@id":"https:\/\/vosgesinfo.fr\/remiremontinfo\/2026\/01\/le-terroir-vosgien-a-lhonneur-lors-de-la-commission-je-vois-la-vie-en-vosges-terroir-a-epinal\/#article","isPartOf":{"@id":"https:\/\/vosgesinfo.fr\/remiremontinfo\/2026\/01\/le-terroir-vosgien-a-lhonneur-lors-de-la-commission-je-vois-la-vie-en-vosges-terroir-a-epinal\/"},"author":{"name":"C.K.","@id":"https:\/\/vosgesinfo.fr\/remiremontinfo\/#\/schema\/person\/6f9a650eeea99d969b6c4ab78fccbe81"},"headline":"Le terroir vosgien \u00e0 l\u2019honneur lors de la commission \u00ab Je vois la vie en Vosges Terroir \u00bb \u00e0 \u00c9pinal","datePublished":"2026-01-26T10:41:31+00:00","dateModified":"2026-01-26T10:41:31+00:00","mainEntityOfPage":{"@id":"https:\/\/vosgesinfo.fr\/remiremontinfo\/2026\/01\/le-terroir-vosgien-a-lhonneur-lors-de-la-commission-je-vois-la-vie-en-vosges-terroir-a-epinal\/"},"wordCount":339,"commentCount":0,"publisher":{"@id":"https:\/\/vosgesinfo.fr\/remiremontinfo\/#organization"},"image":{"@id":"https:\/\/vosgesinfo.fr\/remiremontinfo\/2026\/01\/le-terroir-vosgien-a-lhonneur-lors-de-la-commission-je-vois-la-vie-en-vosges-terroir-a-epinal\/#primaryimage"},"thumbnailUrl":"https:\/\/vosgesinfo.fr\/app\/uploads\/sites\/5\/2026\/01\/je-vois-la-vie-en-vosges-terroir89.jpg","articleSection":["A la Une","Agriculture","Epinal","G\u00e9rardmer","La plaine des vosges","Remiremont","Saint-di\u00e9"],"inLanguage":"fr-FR","potentialAction":[{"@type":"CommentAction","name":"Comment","target":["https:\/\/vosgesinfo.fr\/remiremontinfo\/2026\/01\/le-terroir-vosgien-a-lhonneur-lors-de-la-commission-je-vois-la-vie-en-vosges-terroir-a-epinal\/#respond"]}]},{"@type":"WebPage","@id":"https:\/\/vosgesinfo.fr\/remiremontinfo\/2026\/01\/le-terroir-vosgien-a-lhonneur-lors-de-la-commission-je-vois-la-vie-en-vosges-terroir-a-epinal\/","url":"https:\/\/vosgesinfo.fr\/remiremontinfo\/2026\/01\/le-terroir-vosgien-a-lhonneur-lors-de-la-commission-je-vois-la-vie-en-vosges-terroir-a-epinal\/","name":"Le terroir vosgien \u00e0 l\u2019honneur lors de la commission \u00ab Je vois la vie en Vosges Terroir \u00bb \u00e0 \u00c9pinal - Remiremont Info","isPartOf":{"@id":"https:\/\/vosgesinfo.fr\/remiremontinfo\/#website"},"primaryImageOfPage":{"@id":"https:\/\/vosgesinfo.fr\/remiremontinfo\/2026\/01\/le-terroir-vosgien-a-lhonneur-lors-de-la-commission-je-vois-la-vie-en-vosges-terroir-a-epinal\/#primaryimage"},"image":{"@id":"https:\/\/vosgesinfo.fr\/remiremontinfo\/2026\/01\/le-terroir-vosgien-a-lhonneur-lors-de-la-commission-je-vois-la-vie-en-vosges-terroir-a-epinal\/#primaryimage"},"thumbnailUrl":"https:\/\/vosgesinfo.fr\/app\/uploads\/sites\/5\/2026\/01\/je-vois-la-vie-en-vosges-terroir89.jpg","datePublished":"2026-01-26T10:41:31+00:00","dateModified":"2026-01-26T10:41:31+00:00","breadcrumb":{"@id":"https:\/\/vosgesinfo.fr\/remiremontinfo\/2026\/01\/le-terroir-vosgien-a-lhonneur-lors-de-la-commission-je-vois-la-vie-en-vosges-terroir-a-epinal\/#breadcrumb"},"inLanguage":"fr-FR","potentialAction":[{"@type":"ReadAction","target":["https:\/\/vosgesinfo.fr\/remiremontinfo\/2026\/01\/le-terroir-vosgien-a-lhonneur-lors-de-la-commission-je-vois-la-vie-en-vosges-terroir-a-epinal\/"]}]},{"@type":"ImageObject","inLanguage":"fr-FR","@id":"https:\/\/vosgesinfo.fr\/remiremontinfo\/2026\/01\/le-terroir-vosgien-a-lhonneur-lors-de-la-commission-je-vois-la-vie-en-vosges-terroir-a-epinal\/#primaryimage","url":"https:\/\/vosgesinfo.fr\/app\/uploads\/sites\/5\/2026\/01\/je-vois-la-vie-en-vosges-terroir89.jpg","contentUrl":"https:\/\/vosgesinfo.fr\/app\/uploads\/sites\/5\/2026\/01\/je-vois-la-vie-en-vosges-terroir89.jpg","width":1440,"height":1080},{"@type":"BreadcrumbList","@id":"https:\/\/vosgesinfo.fr\/remiremontinfo\/2026\/01\/le-terroir-vosgien-a-lhonneur-lors-de-la-commission-je-vois-la-vie-en-vosges-terroir-a-epinal\/#breadcrumb","itemListElement":[{"@type":"ListItem","position":1,"name":"Home","item":"https:\/\/vosgesinfo.fr\/remiremontinfo\/"},{"@type":"ListItem","position":2,"name":"Le terroir vosgien \u00e0 l\u2019honneur lors de la commission \u00ab Je vois la vie en Vosges Terroir \u00bb \u00e0 \u00c9pinal"}]},{"@type":"WebSite","@id":"https:\/\/vosgesinfo.fr\/remiremontinfo\/#website","url":"https:\/\/vosgesinfo.fr\/remiremontinfo\/","name":"Remiremont Info","description":"Toute l&#039;actualit\u00e9 de Remiremont","publisher":{"@id":"https:\/\/vosgesinfo.fr\/remiremontinfo\/#organization"},"alternateName":"Toute l'actualit\u00e9 de Remiremont","potentialAction":[{"@type":"SearchAction","target":{"@type":"EntryPoint","urlTemplate":"https:\/\/vosgesinfo.fr\/remiremontinfo\/?s={search_term_string}"},"query-input":"required name=search_term_string"}],"inLanguage":"fr-FR"},{"@type":"Organization","@id":"https:\/\/vosgesinfo.fr\/remiremontinfo\/#organization","name":"Remiremont Info","url":"https:\/\/vosgesinfo.fr\/remiremontinfo\/","logo":{"@type":"ImageObject","inLanguage":"fr-FR","@id":"https:\/\/vosgesinfo.fr\/remiremontinfo\/#\/schema\/logo\/image\/","url":"https:\/\/vosgesinfo.fr\/app\/uploads\/sites\/5\/2023\/08\/favicon-remiremontinfo.png","contentUrl":"https:\/\/vosgesinfo.fr\/app\/uploads\/sites\/5\/2023\/08\/favicon-remiremontinfo.png","width":512,"height":512,"caption":"Remiremont Info"},"image":{"@id":"https:\/\/vosgesinfo.fr\/remiremontinfo\/#\/schema\/logo\/image\/"},"sameAs":["https:\/\/www.facebook.com\/remiremontinfo","https:\/\/x.com\/VosgesInfo88","https:\/\/www.youtube.com\/@vosgesinfo"]},{"@type":"Person","@id":"https:\/\/vosgesinfo.fr\/remiremontinfo\/#\/schema\/person\/6f9a650eeea99d969b6c4ab78fccbe81","name":"C.K.","image":{"@type":"ImageObject","inLanguage":"fr-FR","@id":"https:\/\/vosgesinfo.fr\/remiremontinfo\/#\/schema\/person\/image\/","url":"https:\/\/secure.gravatar.com\/avatar\/48e3fc7f8421ba8942be6b74a2b7f014ca39bc00dece156b7a8e098ae7dc87bf?s=96&d=mm&r=g","contentUrl":"https:\/\/secure.gravatar.com\/avatar\/48e3fc7f8421ba8942be6b74a2b7f014ca39bc00dece156b7a8e098ae7dc87bf?s=96&d=mm&r=g","caption":"C.K."},"url":"https:\/\/vosgesinfo.fr\/remiremontinfo\/author\/celia-k-n\/"}]}},"_links":{"self":[{"href":"https:\/\/vosgesinfo.fr\/remiremontinfo\/wp-json\/wp\/v2\/posts\/88280","targetHints":{"allow":["GET"]}}],"collection":[{"href":"https:\/\/vosgesinfo.fr\/remiremontinfo\/wp-json\/wp\/v2\/posts"}],"about":[{"href":"https:\/\/vosgesinfo.fr\/remiremontinfo\/wp-json\/wp\/v2\/types\/post"}],"author":[{"embeddable":true,"href":"https:\/\/vosgesinfo.fr\/remiremontinfo\/wp-json\/wp\/v2\/users\/52"}],"replies":[{"embeddable":true,"href":"https:\/\/vosgesinfo.fr\/remiremontinfo\/wp-json\/wp\/v2\/comments?post=88280"}],"version-history":[{"count":0,"href":"https:\/\/vosgesinfo.fr\/remiremontinfo\/wp-json\/wp\/v2\/posts\/88280\/revisions"}],"wp:featuredmedia":[{"embeddable":true,"href":"https:\/\/vosgesinfo.fr\/remiremontinfo\/wp-json\/wp\/v2\/media\/88281"}],"wp:attachment":[{"href":"https:\/\/vosgesinfo.fr\/remiremontinfo\/wp-json\/wp\/v2\/media?parent=88280"}],"wp:term":[{"taxonomy":"category","embeddable":true,"href":"https:\/\/vosgesinfo.fr\/remiremontinfo\/wp-json\/wp\/v2\/categories?post=88280"},{"taxonomy":"post_tag","embeddable":true,"href":"https:\/\/vosgesinfo.fr\/remiremontinfo\/wp-json\/wp\/v2\/tags?post=88280"}],"curies":[{"name":"wp","href":"https:\/\/api.w.org\/{rel}","templated":true}]}}