{"id":88289,"date":"2026-01-27T06:00:01","date_gmt":"2026-01-27T05:00:01","guid":{"rendered":"https:\/\/vosgesinfo.fr\/remiremontinfo\/?p=88289"},"modified":"2026-01-26T18:07:14","modified_gmt":"2026-01-26T17:07:14","slug":"printemps-des-poetes-spectacle-debout-30-ans-apres","status":"publish","type":"post","link":"https:\/\/vosgesinfo.fr\/remiremontinfo\/2026\/01\/printemps-des-poetes-spectacle-debout-30-ans-apres\/","title":{"rendered":"PRINTEMPS DES PO\u00c8TES SPECTACLE \u00ab DEBOUT 30 ANS APR\u00c8S \u00bb"},"content":{"rendered":"<p><strong>PRINTEMPS DES PO\u00c8TES<\/strong><br \/>\n<strong>SPECTACLE \u00ab\u00a0DEBOUT 30 ANS APR\u00c8S\u00a0\u00bb<\/strong><br \/>\n<strong>Clotilde Pratt<\/strong><\/p>\n<p><strong>Le Printemps des Po\u00e8tes<\/strong><br \/>\nLe\u00a0Printemps\u00a0des\u00a0Po\u00e8tes\u00a02026\u00a0se\u00a0d\u00e9roulera\u00a0du\u00a014\u00a0au\u00a031\u00a0mars\u00a02026,\u00a0avec\u00a0le\u00a0th\u00e8me\u00a0\u00ab\u00a0La\u00a0libert\u00e9.\u00a0Force\u00a0vive,\u00a0d\u00e9ploy\u00e9e\u00a0\u00bb. Le Printemps des po\u00e8tes est lanc\u00e9 en 1998, et incite le plus grand nombre \u00e0 c\u00e9l\u00e9brer la\u00a0po\u00e9sie, quelle que soit sa forme d&rsquo;expression sur tout le territoire<\/p>\n<p><strong>L\u2019artiste<\/strong><br \/>\n<a href=\"https:\/\/vosgesinfo.fr\/app\/uploads\/sites\/5\/2026\/01\/spectacle-debout-30-ans-apres.jpg\"><img decoding=\"async\" class=\"alignright size-medium wp-image-88290\" src=\"https:\/\/vosgesinfo.fr\/app\/uploads\/sites\/5\/2026\/01\/spectacle-debout-30-ans-apres-213x300.jpg\" alt=\"\" width=\"213\" height=\"300\" srcset=\"https:\/\/vosgesinfo.fr\/app\/uploads\/sites\/5\/2026\/01\/spectacle-debout-30-ans-apres-213x300.jpg 213w, https:\/\/vosgesinfo.fr\/app\/uploads\/sites\/5\/2026\/01\/spectacle-debout-30-ans-apres.jpg 491w\" sizes=\"(max-width: 213px) 100vw, 213px\" \/><\/a>Po\u00e9tesse, sir\u00e8ne slameuse avant tout, le camp de base de Clothilde Pratt est \u00e0 Strasbourg. Apr\u00e8s une ma\u00eetrise de philosophie et une licence d\u2019art du spectacle, elle exp\u00e9rimente diff\u00e9rents m\u00e9tiers du social au soin, et ne cesse en parall\u00e8le, pendant toutes ces ann\u00e9es, d\u2019\u00e9crire.<br \/>\nChez elle, une montagne de carnets de voyages.<br \/>\nEn 2023, elle d\u00e9croche une\u00a0bourse litt\u00e9raire de la R\u00e9gion Grand Est\u00a0pour son manuscrit\u00a0De nu v\u00eatue,\u00a0pr\u00e9fac\u00e9 par David Le Breton), r\u00e9cit original sur son m\u00e9tier de mod\u00e8le vivant pour les \u00e9coles d\u2019art et ateliers d\u2019artistes. Elle se consacre alors enti\u00e8rement \u00e0 sa plume, et la performance sc\u00e9nique. Elle participe \u00e0 des\u00a0tournois nationaux de slam\u00a0(Grand Slam National \u00e0 Paris, Les joutes po\u00e9tiques granvillaises, Slam Fait une Belle Jambe) \u00e0 travers toute la France. Elle sillonne aussi le pays \u00e0 v\u00e9lo avec les po\u00e8tes slameurs\u00a0En roue libre, ou \u00e0 pied avec les artistes de la\u00a0marche du r\u00eave, Clotilde Pratt est une plume toujours nomade.<br \/>\nMembre des collectifs d\u2019\u00e9crivains strasbourgeois \u00ab\u00a0Turbulences\u00a0\u00bb, et \u00ab\u00a0Slamobile\u00a0\u00bb,\u00a01er prix Europo\u00e9sie Unicef 2023\u00a0pour son po\u00e8me engag\u00e9 \u00ab \u00c0 toi femme iranienne \u00bb, elle a surtout os\u00e9 briser le tabou de l\u2019inceste \u00e0 travers son seule-en-sc\u00e8ne et livre\u00a0Debout 30 ans apr\u00e8s, un puissant message de reconstruction et d\u2019espoir.<br \/>\nSes textes publi\u00e9s dans plusieurs revues po\u00e9tiques t\u00e9moignent d\u2019une plume libre et sensible toujours tourn\u00e9e vers l\u2019autre, le vaste monde, et une qu\u00eate perp\u00e9tuelle de l\u2019essentiel.<\/p>\n<p>Un spectacle po\u00e9tique sur le th\u00e8me de l\u2019inceste<br \/>\nDebout 30 ans apr\u00e8s est un spectacle qui fait la part belle aux combats, \u00e0 la r\u00e9silience et \u00e0 l\u2019espoir. Clothilde Pratt nous livre le combat de sa propre vie. Ses mots r\u00e9habilitent les victimes, d\u00e9passent les montagnes de la honte, ouvrent les yeux, conscientisent ce fl\u00e9au.<br \/>\nClothilde Pratt nous livre un spectacle po\u00e9tique, ma\u00eetris\u00e9, \u00e0 la plume aiguis\u00e9e, incisive, un spectacle touchant et dr\u00f4le, qui nous percute en plein c\u0153ur.<\/p>\n<p><strong>Sur inscription, Public ados\/adultes<\/strong><br \/>\n<strong>Vendredi 13 mars<\/strong><br \/>\n<strong>A 20h30<\/strong><br \/>\n<strong>\u00c0 la m\u00e9diath\u00e8que intercommunale Le Cercle, Place Jules M\u00e9line, Remiremont.<\/strong><\/p>\n<p>mediatheque@ccpvm.fr<br \/>\n03 29 22 50 01<\/p>\n","protected":false},"excerpt":{"rendered":"<p>PRINTEMPS DES PO\u00c8TES SPECTACLE \u00ab\u00a0DEBOUT 30 ANS APR\u00c8S\u00a0\u00bb Clotilde Pratt Le Printemps des Po\u00e8tes Le\u00a0Printemps\u00a0des\u00a0Po\u00e8tes\u00a02026\u00a0se\u00a0d\u00e9roulera\u00a0du\u00a014\u00a0au\u00a031\u00a0mars\u00a02026,\u00a0avec\u00a0le\u00a0th\u00e8me\u00a0\u00ab\u00a0La\u00a0libert\u00e9.\u00a0Force\u00a0vive,\u00a0d\u00e9ploy\u00e9e\u00a0\u00bb. Le Printemps des po\u00e8tes est [&hellip;]<\/p>\n","protected":false},"author":391,"featured_media":88290,"comment_status":"open","ping_status":"open","sticky":false,"template":"","format":"standard","meta":{"footnotes":""},"categories":[26,4,43],"tags":[8788,7255],"class_list":["post-88289","post","type-post","status-publish","format-standard","has-post-thumbnail","hentry","category-a-la-une","category-culture","category-remiremont-remiremont-son-canton","tag-debout-30-ans-apres","tag-mediatheque-intercommunale-le-cercle"],"acf":[],"yoast_head":"<!-- This site is optimized with the Yoast SEO plugin v22.5 - https:\/\/yoast.com\/wordpress\/plugins\/seo\/ -->\n<title>PRINTEMPS DES PO\u00c8TES SPECTACLE \u00ab DEBOUT 30 ANS APR\u00c8S \u00bb - Remiremont Info<\/title>\n<meta name=\"robots\" content=\"index, follow, max-snippet:-1, max-image-preview:large, max-video-preview:-1\" \/>\n<link rel=\"canonical\" href=\"https:\/\/vosgesinfo.fr\/remiremontinfo\/2026\/01\/printemps-des-poetes-spectacle-debout-30-ans-apres\/\" \/>\n<meta name=\"twitter:card\" content=\"summary_large_image\" \/>\n<meta name=\"twitter:title\" content=\"PRINTEMPS DES PO\u00c8TES SPECTACLE \u00ab DEBOUT 30 ANS APR\u00c8S \u00bb - Remiremont Info\" \/>\n<meta name=\"twitter:description\" content=\"PRINTEMPS DES PO\u00c8TES SPECTACLE \u00ab\u00a0DEBOUT 30 ANS APR\u00c8S\u00a0\u00bb Clotilde Pratt Le Printemps des Po\u00e8tes Le\u00a0Printemps\u00a0des\u00a0Po\u00e8tes\u00a02026\u00a0se\u00a0d\u00e9roulera\u00a0du\u00a014\u00a0au\u00a031\u00a0mars\u00a02026,\u00a0avec\u00a0le\u00a0th\u00e8me\u00a0\u00ab\u00a0La\u00a0libert\u00e9.\u00a0Force\u00a0vive,\u00a0d\u00e9ploy\u00e9e\u00a0\u00bb. Le Printemps des po\u00e8tes est [&hellip;]\" \/>\n<meta name=\"twitter:image\" content=\"https:\/\/vosgesinfo.fr\/app\/uploads\/sites\/5\/2026\/01\/spectacle-debout-30-ans-apres.jpg\" \/>\n<meta name=\"twitter:creator\" content=\"@VosgesInfo88\" \/>\n<meta name=\"twitter:site\" content=\"@VosgesInfo88\" \/>\n<meta name=\"twitter:label1\" content=\"\u00c9crit par\" \/>\n\t<meta name=\"twitter:data1\" content=\"La redaction\" \/>\n\t<meta name=\"twitter:label2\" content=\"Dur\u00e9e de lecture estim\u00e9e\" \/>\n\t<meta name=\"twitter:data2\" content=\"2 minutes\" \/>\n<script type=\"application\/ld+json\" class=\"yoast-schema-graph\">{\"@context\":\"https:\/\/schema.org\",\"@graph\":[{\"@type\":\"Article\",\"@id\":\"https:\/\/vosgesinfo.fr\/remiremontinfo\/2026\/01\/printemps-des-poetes-spectacle-debout-30-ans-apres\/#article\",\"isPartOf\":{\"@id\":\"https:\/\/vosgesinfo.fr\/remiremontinfo\/2026\/01\/printemps-des-poetes-spectacle-debout-30-ans-apres\/\"},\"author\":{\"name\":\"La redaction\",\"@id\":\"https:\/\/vosgesinfo.fr\/remiremontinfo\/#\/schema\/person\/27a3695b06db98895b354c0765cdfc31\"},\"headline\":\"PRINTEMPS DES PO\u00c8TES SPECTACLE \u00ab DEBOUT 30 ANS APR\u00c8S \u00bb\",\"datePublished\":\"2026-01-27T05:00:01+00:00\",\"dateModified\":\"2026-01-26T17:07:14+00:00\",\"mainEntityOfPage\":{\"@id\":\"https:\/\/vosgesinfo.fr\/remiremontinfo\/2026\/01\/printemps-des-poetes-spectacle-debout-30-ans-apres\/\"},\"wordCount\":458,\"commentCount\":0,\"publisher\":{\"@id\":\"https:\/\/vosgesinfo.fr\/remiremontinfo\/#organization\"},\"image\":{\"@id\":\"https:\/\/vosgesinfo.fr\/remiremontinfo\/2026\/01\/printemps-des-poetes-spectacle-debout-30-ans-apres\/#primaryimage\"},\"thumbnailUrl\":\"https:\/\/vosgesinfo.fr\/app\/uploads\/sites\/5\/2026\/01\/spectacle-debout-30-ans-apres.jpg\",\"keywords\":[\"DEBOUT 30 ANS APR\u00c8S\",\"m\u00e9diath\u00e8que intercommunale Le Cercle\"],\"articleSection\":[\"A la Une\",\"Culture\",\"Remiremont\"],\"inLanguage\":\"fr-FR\",\"potentialAction\":[{\"@type\":\"CommentAction\",\"name\":\"Comment\",\"target\":[\"https:\/\/vosgesinfo.fr\/remiremontinfo\/2026\/01\/printemps-des-poetes-spectacle-debout-30-ans-apres\/#respond\"]}]},{\"@type\":\"WebPage\",\"@id\":\"https:\/\/vosgesinfo.fr\/remiremontinfo\/2026\/01\/printemps-des-poetes-spectacle-debout-30-ans-apres\/\",\"url\":\"https:\/\/vosgesinfo.fr\/remiremontinfo\/2026\/01\/printemps-des-poetes-spectacle-debout-30-ans-apres\/\",\"name\":\"PRINTEMPS DES PO\u00c8TES SPECTACLE \u00ab DEBOUT 30 ANS APR\u00c8S \u00bb - Remiremont Info\",\"isPartOf\":{\"@id\":\"https:\/\/vosgesinfo.fr\/remiremontinfo\/#website\"},\"primaryImageOfPage\":{\"@id\":\"https:\/\/vosgesinfo.fr\/remiremontinfo\/2026\/01\/printemps-des-poetes-spectacle-debout-30-ans-apres\/#primaryimage\"},\"image\":{\"@id\":\"https:\/\/vosgesinfo.fr\/remiremontinfo\/2026\/01\/printemps-des-poetes-spectacle-debout-30-ans-apres\/#primaryimage\"},\"thumbnailUrl\":\"https:\/\/vosgesinfo.fr\/app\/uploads\/sites\/5\/2026\/01\/spectacle-debout-30-ans-apres.jpg\",\"datePublished\":\"2026-01-27T05:00:01+00:00\",\"dateModified\":\"2026-01-26T17:07:14+00:00\",\"breadcrumb\":{\"@id\":\"https:\/\/vosgesinfo.fr\/remiremontinfo\/2026\/01\/printemps-des-poetes-spectacle-debout-30-ans-apres\/#breadcrumb\"},\"inLanguage\":\"fr-FR\",\"potentialAction\":[{\"@type\":\"ReadAction\",\"target\":[\"https:\/\/vosgesinfo.fr\/remiremontinfo\/2026\/01\/printemps-des-poetes-spectacle-debout-30-ans-apres\/\"]}]},{\"@type\":\"ImageObject\",\"inLanguage\":\"fr-FR\",\"@id\":\"https:\/\/vosgesinfo.fr\/remiremontinfo\/2026\/01\/printemps-des-poetes-spectacle-debout-30-ans-apres\/#primaryimage\",\"url\":\"https:\/\/vosgesinfo.fr\/app\/uploads\/sites\/5\/2026\/01\/spectacle-debout-30-ans-apres.jpg\",\"contentUrl\":\"https:\/\/vosgesinfo.fr\/app\/uploads\/sites\/5\/2026\/01\/spectacle-debout-30-ans-apres.jpg\",\"width\":491,\"height\":692},{\"@type\":\"BreadcrumbList\",\"@id\":\"https:\/\/vosgesinfo.fr\/remiremontinfo\/2026\/01\/printemps-des-poetes-spectacle-debout-30-ans-apres\/#breadcrumb\",\"itemListElement\":[{\"@type\":\"ListItem\",\"position\":1,\"name\":\"Home\",\"item\":\"https:\/\/vosgesinfo.fr\/remiremontinfo\/\"},{\"@type\":\"ListItem\",\"position\":2,\"name\":\"PRINTEMPS DES PO\u00c8TES SPECTACLE \u00ab DEBOUT 30 ANS APR\u00c8S \u00bb\"}]},{\"@type\":\"WebSite\",\"@id\":\"https:\/\/vosgesinfo.fr\/remiremontinfo\/#website\",\"url\":\"https:\/\/vosgesinfo.fr\/remiremontinfo\/\",\"name\":\"Remiremont Info\",\"description\":\"Toute l&#039;actualit\u00e9 de Remiremont\",\"publisher\":{\"@id\":\"https:\/\/vosgesinfo.fr\/remiremontinfo\/#organization\"},\"alternateName\":\"Toute l'actualit\u00e9 de Remiremont\",\"potentialAction\":[{\"@type\":\"SearchAction\",\"target\":{\"@type\":\"EntryPoint\",\"urlTemplate\":\"https:\/\/vosgesinfo.fr\/remiremontinfo\/?s={search_term_string}\"},\"query-input\":\"required name=search_term_string\"}],\"inLanguage\":\"fr-FR\"},{\"@type\":\"Organization\",\"@id\":\"https:\/\/vosgesinfo.fr\/remiremontinfo\/#organization\",\"name\":\"Remiremont Info\",\"url\":\"https:\/\/vosgesinfo.fr\/remiremontinfo\/\",\"logo\":{\"@type\":\"ImageObject\",\"inLanguage\":\"fr-FR\",\"@id\":\"https:\/\/vosgesinfo.fr\/remiremontinfo\/#\/schema\/logo\/image\/\",\"url\":\"https:\/\/vosgesinfo.fr\/app\/uploads\/sites\/5\/2023\/08\/favicon-remiremontinfo.png\",\"contentUrl\":\"https:\/\/vosgesinfo.fr\/app\/uploads\/sites\/5\/2023\/08\/favicon-remiremontinfo.png\",\"width\":512,\"height\":512,\"caption\":\"Remiremont Info\"},\"image\":{\"@id\":\"https:\/\/vosgesinfo.fr\/remiremontinfo\/#\/schema\/logo\/image\/\"},\"sameAs\":[\"https:\/\/www.facebook.com\/remiremontinfo\",\"https:\/\/x.com\/VosgesInfo88\",\"https:\/\/www.youtube.com\/@vosgesinfo\"]},{\"@type\":\"Person\",\"@id\":\"https:\/\/vosgesinfo.fr\/remiremontinfo\/#\/schema\/person\/27a3695b06db98895b354c0765cdfc31\",\"name\":\"La redaction\",\"image\":{\"@type\":\"ImageObject\",\"inLanguage\":\"fr-FR\",\"@id\":\"https:\/\/vosgesinfo.fr\/remiremontinfo\/#\/schema\/person\/image\/\",\"url\":\"https:\/\/secure.gravatar.com\/avatar\/64c76a78e501cedee55736f43f332df901e1896ae9cd8fad269ae2236dd0e8b6?s=96&d=mm&r=g\",\"contentUrl\":\"https:\/\/secure.gravatar.com\/avatar\/64c76a78e501cedee55736f43f332df901e1896ae9cd8fad269ae2236dd0e8b6?s=96&d=mm&r=g\",\"caption\":\"La redaction\"},\"url\":\"https:\/\/vosgesinfo.fr\/remiremontinfo\/author\/la-redaction\/\"}]}<\/script>\n<!-- \/ Yoast SEO plugin. -->","yoast_head_json":{"title":"PRINTEMPS DES PO\u00c8TES SPECTACLE \u00ab DEBOUT 30 ANS APR\u00c8S \u00bb - Remiremont Info","robots":{"index":"index","follow":"follow","max-snippet":"max-snippet:-1","max-image-preview":"max-image-preview:large","max-video-preview":"max-video-preview:-1"},"canonical":"https:\/\/vosgesinfo.fr\/remiremontinfo\/2026\/01\/printemps-des-poetes-spectacle-debout-30-ans-apres\/","twitter_card":"summary_large_image","twitter_title":"PRINTEMPS DES PO\u00c8TES SPECTACLE \u00ab DEBOUT 30 ANS APR\u00c8S \u00bb - Remiremont Info","twitter_description":"PRINTEMPS DES PO\u00c8TES SPECTACLE \u00ab\u00a0DEBOUT 30 ANS APR\u00c8S\u00a0\u00bb Clotilde Pratt Le Printemps des Po\u00e8tes Le\u00a0Printemps\u00a0des\u00a0Po\u00e8tes\u00a02026\u00a0se\u00a0d\u00e9roulera\u00a0du\u00a014\u00a0au\u00a031\u00a0mars\u00a02026,\u00a0avec\u00a0le\u00a0th\u00e8me\u00a0\u00ab\u00a0La\u00a0libert\u00e9.\u00a0Force\u00a0vive,\u00a0d\u00e9ploy\u00e9e\u00a0\u00bb. Le Printemps des po\u00e8tes est [&hellip;]","twitter_image":"https:\/\/vosgesinfo.fr\/app\/uploads\/sites\/5\/2026\/01\/spectacle-debout-30-ans-apres.jpg","twitter_creator":"@VosgesInfo88","twitter_site":"@VosgesInfo88","twitter_misc":{"\u00c9crit par":"La redaction","Dur\u00e9e de lecture estim\u00e9e":"2 minutes"},"schema":{"@context":"https:\/\/schema.org","@graph":[{"@type":"Article","@id":"https:\/\/vosgesinfo.fr\/remiremontinfo\/2026\/01\/printemps-des-poetes-spectacle-debout-30-ans-apres\/#article","isPartOf":{"@id":"https:\/\/vosgesinfo.fr\/remiremontinfo\/2026\/01\/printemps-des-poetes-spectacle-debout-30-ans-apres\/"},"author":{"name":"La redaction","@id":"https:\/\/vosgesinfo.fr\/remiremontinfo\/#\/schema\/person\/27a3695b06db98895b354c0765cdfc31"},"headline":"PRINTEMPS DES PO\u00c8TES SPECTACLE \u00ab DEBOUT 30 ANS APR\u00c8S \u00bb","datePublished":"2026-01-27T05:00:01+00:00","dateModified":"2026-01-26T17:07:14+00:00","mainEntityOfPage":{"@id":"https:\/\/vosgesinfo.fr\/remiremontinfo\/2026\/01\/printemps-des-poetes-spectacle-debout-30-ans-apres\/"},"wordCount":458,"commentCount":0,"publisher":{"@id":"https:\/\/vosgesinfo.fr\/remiremontinfo\/#organization"},"image":{"@id":"https:\/\/vosgesinfo.fr\/remiremontinfo\/2026\/01\/printemps-des-poetes-spectacle-debout-30-ans-apres\/#primaryimage"},"thumbnailUrl":"https:\/\/vosgesinfo.fr\/app\/uploads\/sites\/5\/2026\/01\/spectacle-debout-30-ans-apres.jpg","keywords":["DEBOUT 30 ANS APR\u00c8S","m\u00e9diath\u00e8que intercommunale Le Cercle"],"articleSection":["A la Une","Culture","Remiremont"],"inLanguage":"fr-FR","potentialAction":[{"@type":"CommentAction","name":"Comment","target":["https:\/\/vosgesinfo.fr\/remiremontinfo\/2026\/01\/printemps-des-poetes-spectacle-debout-30-ans-apres\/#respond"]}]},{"@type":"WebPage","@id":"https:\/\/vosgesinfo.fr\/remiremontinfo\/2026\/01\/printemps-des-poetes-spectacle-debout-30-ans-apres\/","url":"https:\/\/vosgesinfo.fr\/remiremontinfo\/2026\/01\/printemps-des-poetes-spectacle-debout-30-ans-apres\/","name":"PRINTEMPS DES PO\u00c8TES SPECTACLE \u00ab DEBOUT 30 ANS APR\u00c8S \u00bb - Remiremont Info","isPartOf":{"@id":"https:\/\/vosgesinfo.fr\/remiremontinfo\/#website"},"primaryImageOfPage":{"@id":"https:\/\/vosgesinfo.fr\/remiremontinfo\/2026\/01\/printemps-des-poetes-spectacle-debout-30-ans-apres\/#primaryimage"},"image":{"@id":"https:\/\/vosgesinfo.fr\/remiremontinfo\/2026\/01\/printemps-des-poetes-spectacle-debout-30-ans-apres\/#primaryimage"},"thumbnailUrl":"https:\/\/vosgesinfo.fr\/app\/uploads\/sites\/5\/2026\/01\/spectacle-debout-30-ans-apres.jpg","datePublished":"2026-01-27T05:00:01+00:00","dateModified":"2026-01-26T17:07:14+00:00","breadcrumb":{"@id":"https:\/\/vosgesinfo.fr\/remiremontinfo\/2026\/01\/printemps-des-poetes-spectacle-debout-30-ans-apres\/#breadcrumb"},"inLanguage":"fr-FR","potentialAction":[{"@type":"ReadAction","target":["https:\/\/vosgesinfo.fr\/remiremontinfo\/2026\/01\/printemps-des-poetes-spectacle-debout-30-ans-apres\/"]}]},{"@type":"ImageObject","inLanguage":"fr-FR","@id":"https:\/\/vosgesinfo.fr\/remiremontinfo\/2026\/01\/printemps-des-poetes-spectacle-debout-30-ans-apres\/#primaryimage","url":"https:\/\/vosgesinfo.fr\/app\/uploads\/sites\/5\/2026\/01\/spectacle-debout-30-ans-apres.jpg","contentUrl":"https:\/\/vosgesinfo.fr\/app\/uploads\/sites\/5\/2026\/01\/spectacle-debout-30-ans-apres.jpg","width":491,"height":692},{"@type":"BreadcrumbList","@id":"https:\/\/vosgesinfo.fr\/remiremontinfo\/2026\/01\/printemps-des-poetes-spectacle-debout-30-ans-apres\/#breadcrumb","itemListElement":[{"@type":"ListItem","position":1,"name":"Home","item":"https:\/\/vosgesinfo.fr\/remiremontinfo\/"},{"@type":"ListItem","position":2,"name":"PRINTEMPS DES PO\u00c8TES SPECTACLE \u00ab DEBOUT 30 ANS APR\u00c8S \u00bb"}]},{"@type":"WebSite","@id":"https:\/\/vosgesinfo.fr\/remiremontinfo\/#website","url":"https:\/\/vosgesinfo.fr\/remiremontinfo\/","name":"Remiremont Info","description":"Toute l&#039;actualit\u00e9 de Remiremont","publisher":{"@id":"https:\/\/vosgesinfo.fr\/remiremontinfo\/#organization"},"alternateName":"Toute l'actualit\u00e9 de Remiremont","potentialAction":[{"@type":"SearchAction","target":{"@type":"EntryPoint","urlTemplate":"https:\/\/vosgesinfo.fr\/remiremontinfo\/?s={search_term_string}"},"query-input":"required name=search_term_string"}],"inLanguage":"fr-FR"},{"@type":"Organization","@id":"https:\/\/vosgesinfo.fr\/remiremontinfo\/#organization","name":"Remiremont Info","url":"https:\/\/vosgesinfo.fr\/remiremontinfo\/","logo":{"@type":"ImageObject","inLanguage":"fr-FR","@id":"https:\/\/vosgesinfo.fr\/remiremontinfo\/#\/schema\/logo\/image\/","url":"https:\/\/vosgesinfo.fr\/app\/uploads\/sites\/5\/2023\/08\/favicon-remiremontinfo.png","contentUrl":"https:\/\/vosgesinfo.fr\/app\/uploads\/sites\/5\/2023\/08\/favicon-remiremontinfo.png","width":512,"height":512,"caption":"Remiremont Info"},"image":{"@id":"https:\/\/vosgesinfo.fr\/remiremontinfo\/#\/schema\/logo\/image\/"},"sameAs":["https:\/\/www.facebook.com\/remiremontinfo","https:\/\/x.com\/VosgesInfo88","https:\/\/www.youtube.com\/@vosgesinfo"]},{"@type":"Person","@id":"https:\/\/vosgesinfo.fr\/remiremontinfo\/#\/schema\/person\/27a3695b06db98895b354c0765cdfc31","name":"La redaction","image":{"@type":"ImageObject","inLanguage":"fr-FR","@id":"https:\/\/vosgesinfo.fr\/remiremontinfo\/#\/schema\/person\/image\/","url":"https:\/\/secure.gravatar.com\/avatar\/64c76a78e501cedee55736f43f332df901e1896ae9cd8fad269ae2236dd0e8b6?s=96&d=mm&r=g","contentUrl":"https:\/\/secure.gravatar.com\/avatar\/64c76a78e501cedee55736f43f332df901e1896ae9cd8fad269ae2236dd0e8b6?s=96&d=mm&r=g","caption":"La redaction"},"url":"https:\/\/vosgesinfo.fr\/remiremontinfo\/author\/la-redaction\/"}]}},"_links":{"self":[{"href":"https:\/\/vosgesinfo.fr\/remiremontinfo\/wp-json\/wp\/v2\/posts\/88289","targetHints":{"allow":["GET"]}}],"collection":[{"href":"https:\/\/vosgesinfo.fr\/remiremontinfo\/wp-json\/wp\/v2\/posts"}],"about":[{"href":"https:\/\/vosgesinfo.fr\/remiremontinfo\/wp-json\/wp\/v2\/types\/post"}],"author":[{"embeddable":true,"href":"https:\/\/vosgesinfo.fr\/remiremontinfo\/wp-json\/wp\/v2\/users\/391"}],"replies":[{"embeddable":true,"href":"https:\/\/vosgesinfo.fr\/remiremontinfo\/wp-json\/wp\/v2\/comments?post=88289"}],"version-history":[{"count":1,"href":"https:\/\/vosgesinfo.fr\/remiremontinfo\/wp-json\/wp\/v2\/posts\/88289\/revisions"}],"predecessor-version":[{"id":88291,"href":"https:\/\/vosgesinfo.fr\/remiremontinfo\/wp-json\/wp\/v2\/posts\/88289\/revisions\/88291"}],"wp:featuredmedia":[{"embeddable":true,"href":"https:\/\/vosgesinfo.fr\/remiremontinfo\/wp-json\/wp\/v2\/media\/88290"}],"wp:attachment":[{"href":"https:\/\/vosgesinfo.fr\/remiremontinfo\/wp-json\/wp\/v2\/media?parent=88289"}],"wp:term":[{"taxonomy":"category","embeddable":true,"href":"https:\/\/vosgesinfo.fr\/remiremontinfo\/wp-json\/wp\/v2\/categories?post=88289"},{"taxonomy":"post_tag","embeddable":true,"href":"https:\/\/vosgesinfo.fr\/remiremontinfo\/wp-json\/wp\/v2\/tags?post=88289"}],"curies":[{"name":"wp","href":"https:\/\/api.w.org\/{rel}","templated":true}]}}