{"id":88294,"date":"2026-01-27T09:30:33","date_gmt":"2026-01-27T08:30:33","guid":{"rendered":"https:\/\/vosgesinfo.fr\/remiremontinfo\/2026\/01\/la-lorraine-confrontee-a-un-nouvel-episode-de-pollution-atmospherique\/"},"modified":"2026-01-27T09:30:33","modified_gmt":"2026-01-27T08:30:33","slug":"la-lorraine-confrontee-a-un-nouvel-episode-de-pollution-atmospherique","status":"publish","type":"post","link":"https:\/\/vosgesinfo.fr\/remiremontinfo\/2026\/01\/la-lorraine-confrontee-a-un-nouvel-episode-de-pollution-atmospherique\/","title":{"rendered":"La Lorraine confront\u00e9e \u00e0 un nouvel \u00e9pisode de pollution atmosph\u00e9rique"},"content":{"rendered":"<h2 data-start=\"208\" data-end=\"499\"><strong><a href=\"https:\/\/vosgesinfo.fr\/app\/uploads\/sites\/3\/2025\/01\/pollution.jpg\"><img decoding=\"async\" class=\"aligncenter size-full wp-image-127464\" src=\"https:\/\/vosgesinfo.fr\/app\/uploads\/sites\/3\/2025\/01\/pollution.jpg\" alt=\"\" width=\"960\" height=\"640\" \/><\/a>La qualit\u00e9 de l\u2019air s\u2019est nettement d\u00e9grad\u00e9e ces derniers jours en Lorraine. En cause : des conditions m\u00e9t\u00e9orologiques particuli\u00e8rement stables, marqu\u00e9es par l\u2019absence de vent et la pr\u00e9sence persistante de brouillards, favorisant l\u2019accumulation de particules fines dans l\u2019atmosph\u00e8re.<\/strong><\/h2>\n<p data-start=\"501\" data-end=\"968\">Selon <strong data-start=\"507\" data-end=\"525\">ATMO Grand Est<\/strong>, l\u2019organisme r\u00e9gional charg\u00e9 de la surveillance de la qualit\u00e9 de l\u2019air, les concentrations de <strong data-start=\"620\" data-end=\"639\">particules PM10<\/strong> ont franchi le <strong data-start=\"655\" data-end=\"699\">seuil d\u2019information et de recommandation<\/strong> pour la deuxi\u00e8me journ\u00e9e cons\u00e9cutive, ce <strong data-start=\"741\" data-end=\"761\">lundi 26 janvier<\/strong>. Plusieurs territoires sont concern\u00e9s par cet \u00e9pisode, notamment le <strong data-start=\"830\" data-end=\"842\">Bas-Rhin<\/strong>, le <strong data-start=\"847\" data-end=\"860\">Haut-Rhin<\/strong>, la <strong data-start=\"865\" data-end=\"876\">Moselle<\/strong> et la <strong data-start=\"883\" data-end=\"905\">Meurthe-et-Moselle<\/strong>, avec une situation particuli\u00e8rement marqu\u00e9e dans le Bas-Rhin.<\/p>\n<p data-start=\"970\" data-end=\"1316\">Ce type de pollution hivernale est accentu\u00e9 par les ph\u00e9nom\u00e8nes d\u2019inversion thermique, qui emp\u00eachent la dispersion des polluants et entra\u00eenent leur stagnation pr\u00e8s du sol. Les particules fines, issues notamment du chauffage, du trafic routier et de certaines activit\u00e9s industrielles, peuvent alors atteindre des niveaux pr\u00e9occupants pour la sant\u00e9.<\/p>\n<p data-start=\"1318\" data-end=\"1607\">Toutefois, une <strong data-start=\"1333\" data-end=\"1361\">am\u00e9lioration progressive<\/strong> est attendue. D\u2019apr\u00e8s les pr\u00e9visions d\u2019ATMO Grand Est, l\u2019\u00e9volution des conditions m\u00e9t\u00e9orologiques devrait permettre un <strong data-start=\"1481\" data-end=\"1566\">retour \u00e0 des concentrations inf\u00e9rieures aux seuils r\u00e9glementaires d\u00e8s aujourd\u2019hui<\/strong>, mettant fin \u00e0 cet \u00e9pisode de pollution.<\/p>\n<p data-start=\"1609\" data-end=\"1868\" data-is-last-node=\"\" data-is-only-node=\"\">En attendant, les autorit\u00e9s sanitaires recommandent aux personnes les plus sensibles \u2014 enfants, personnes \u00e2g\u00e9es ou souffrant de pathologies respiratoires \u2014 de limiter les efforts physiques intenses et de rester attentives \u00e0 l\u2019\u00e9volution de la qualit\u00e9 de l\u2019air.<\/p>\n","protected":false},"excerpt":{"rendered":"<p>La qualit\u00e9 de l\u2019air s\u2019est nettement d\u00e9grad\u00e9e ces derniers jours en Lorraine. En cause : des conditions m\u00e9t\u00e9orologiques particuli\u00e8rement stables, [&hellip;]<\/p>\n","protected":false},"author":52,"featured_media":88295,"comment_status":"open","ping_status":"open","sticky":false,"template":"","format":"standard","meta":{"footnotes":""},"categories":[26,108,62,845,43,362],"tags":[],"class_list":["post-88294","post","type-post","status-publish","format-standard","has-post-thumbnail","hentry","category-a-la-une","category-epinal","category-gerardmer","category-la-plaine-des-vosges","category-remiremont-remiremont-son-canton","category-saint-die"],"acf":[],"yoast_head":"<!-- This site is optimized with the Yoast SEO plugin v22.5 - https:\/\/yoast.com\/wordpress\/plugins\/seo\/ -->\n<title>La Lorraine confront\u00e9e \u00e0 un nouvel \u00e9pisode de pollution atmosph\u00e9rique - Remiremont Info<\/title>\n<meta name=\"robots\" content=\"index, follow, max-snippet:-1, max-image-preview:large, max-video-preview:-1\" \/>\n<link rel=\"canonical\" href=\"https:\/\/vosgesinfo.fr\/remiremontinfo\/2026\/01\/la-lorraine-confrontee-a-un-nouvel-episode-de-pollution-atmospherique\/\" \/>\n<meta name=\"twitter:card\" content=\"summary_large_image\" \/>\n<meta name=\"twitter:title\" content=\"La Lorraine confront\u00e9e \u00e0 un nouvel \u00e9pisode de pollution atmosph\u00e9rique - Remiremont Info\" \/>\n<meta name=\"twitter:description\" content=\"La qualit\u00e9 de l\u2019air s\u2019est nettement d\u00e9grad\u00e9e ces derniers jours en Lorraine. En cause : des conditions m\u00e9t\u00e9orologiques particuli\u00e8rement stables, [&hellip;]\" \/>\n<meta name=\"twitter:image\" content=\"https:\/\/vosgesinfo.fr\/app\/uploads\/sites\/5\/2026\/01\/pollution.jpg\" \/>\n<meta name=\"twitter:creator\" content=\"@VosgesInfo88\" \/>\n<meta name=\"twitter:site\" content=\"@VosgesInfo88\" \/>\n<meta name=\"twitter:label1\" content=\"\u00c9crit par\" \/>\n\t<meta name=\"twitter:data1\" content=\"C.K.\" \/>\n\t<meta name=\"twitter:label2\" content=\"Dur\u00e9e de lecture estim\u00e9e\" \/>\n\t<meta name=\"twitter:data2\" content=\"1 minute\" \/>\n<script type=\"application\/ld+json\" class=\"yoast-schema-graph\">{\"@context\":\"https:\/\/schema.org\",\"@graph\":[{\"@type\":\"Article\",\"@id\":\"https:\/\/vosgesinfo.fr\/remiremontinfo\/2026\/01\/la-lorraine-confrontee-a-un-nouvel-episode-de-pollution-atmospherique\/#article\",\"isPartOf\":{\"@id\":\"https:\/\/vosgesinfo.fr\/remiremontinfo\/2026\/01\/la-lorraine-confrontee-a-un-nouvel-episode-de-pollution-atmospherique\/\"},\"author\":{\"name\":\"C.K.\",\"@id\":\"https:\/\/vosgesinfo.fr\/remiremontinfo\/#\/schema\/person\/6f9a650eeea99d969b6c4ab78fccbe81\"},\"headline\":\"La Lorraine confront\u00e9e \u00e0 un nouvel \u00e9pisode de pollution atmosph\u00e9rique\",\"datePublished\":\"2026-01-27T08:30:33+00:00\",\"dateModified\":\"2026-01-27T08:30:33+00:00\",\"mainEntityOfPage\":{\"@id\":\"https:\/\/vosgesinfo.fr\/remiremontinfo\/2026\/01\/la-lorraine-confrontee-a-un-nouvel-episode-de-pollution-atmospherique\/\"},\"wordCount\":274,\"commentCount\":0,\"publisher\":{\"@id\":\"https:\/\/vosgesinfo.fr\/remiremontinfo\/#organization\"},\"image\":{\"@id\":\"https:\/\/vosgesinfo.fr\/remiremontinfo\/2026\/01\/la-lorraine-confrontee-a-un-nouvel-episode-de-pollution-atmospherique\/#primaryimage\"},\"thumbnailUrl\":\"https:\/\/vosgesinfo.fr\/app\/uploads\/sites\/5\/2026\/01\/pollution.jpg\",\"articleSection\":[\"A la Une\",\"Epinal\",\"G\u00e9rardmer\",\"La plaine des vosges\",\"Remiremont\",\"Saint-di\u00e9\"],\"inLanguage\":\"fr-FR\",\"potentialAction\":[{\"@type\":\"CommentAction\",\"name\":\"Comment\",\"target\":[\"https:\/\/vosgesinfo.fr\/remiremontinfo\/2026\/01\/la-lorraine-confrontee-a-un-nouvel-episode-de-pollution-atmospherique\/#respond\"]}]},{\"@type\":\"WebPage\",\"@id\":\"https:\/\/vosgesinfo.fr\/remiremontinfo\/2026\/01\/la-lorraine-confrontee-a-un-nouvel-episode-de-pollution-atmospherique\/\",\"url\":\"https:\/\/vosgesinfo.fr\/remiremontinfo\/2026\/01\/la-lorraine-confrontee-a-un-nouvel-episode-de-pollution-atmospherique\/\",\"name\":\"La Lorraine confront\u00e9e \u00e0 un nouvel \u00e9pisode de pollution atmosph\u00e9rique - Remiremont Info\",\"isPartOf\":{\"@id\":\"https:\/\/vosgesinfo.fr\/remiremontinfo\/#website\"},\"primaryImageOfPage\":{\"@id\":\"https:\/\/vosgesinfo.fr\/remiremontinfo\/2026\/01\/la-lorraine-confrontee-a-un-nouvel-episode-de-pollution-atmospherique\/#primaryimage\"},\"image\":{\"@id\":\"https:\/\/vosgesinfo.fr\/remiremontinfo\/2026\/01\/la-lorraine-confrontee-a-un-nouvel-episode-de-pollution-atmospherique\/#primaryimage\"},\"thumbnailUrl\":\"https:\/\/vosgesinfo.fr\/app\/uploads\/sites\/5\/2026\/01\/pollution.jpg\",\"datePublished\":\"2026-01-27T08:30:33+00:00\",\"dateModified\":\"2026-01-27T08:30:33+00:00\",\"breadcrumb\":{\"@id\":\"https:\/\/vosgesinfo.fr\/remiremontinfo\/2026\/01\/la-lorraine-confrontee-a-un-nouvel-episode-de-pollution-atmospherique\/#breadcrumb\"},\"inLanguage\":\"fr-FR\",\"potentialAction\":[{\"@type\":\"ReadAction\",\"target\":[\"https:\/\/vosgesinfo.fr\/remiremontinfo\/2026\/01\/la-lorraine-confrontee-a-un-nouvel-episode-de-pollution-atmospherique\/\"]}]},{\"@type\":\"ImageObject\",\"inLanguage\":\"fr-FR\",\"@id\":\"https:\/\/vosgesinfo.fr\/remiremontinfo\/2026\/01\/la-lorraine-confrontee-a-un-nouvel-episode-de-pollution-atmospherique\/#primaryimage\",\"url\":\"https:\/\/vosgesinfo.fr\/app\/uploads\/sites\/5\/2026\/01\/pollution.jpg\",\"contentUrl\":\"https:\/\/vosgesinfo.fr\/app\/uploads\/sites\/5\/2026\/01\/pollution.jpg\",\"width\":960,\"height\":640},{\"@type\":\"BreadcrumbList\",\"@id\":\"https:\/\/vosgesinfo.fr\/remiremontinfo\/2026\/01\/la-lorraine-confrontee-a-un-nouvel-episode-de-pollution-atmospherique\/#breadcrumb\",\"itemListElement\":[{\"@type\":\"ListItem\",\"position\":1,\"name\":\"Home\",\"item\":\"https:\/\/vosgesinfo.fr\/remiremontinfo\/\"},{\"@type\":\"ListItem\",\"position\":2,\"name\":\"La Lorraine confront\u00e9e \u00e0 un nouvel \u00e9pisode de pollution atmosph\u00e9rique\"}]},{\"@type\":\"WebSite\",\"@id\":\"https:\/\/vosgesinfo.fr\/remiremontinfo\/#website\",\"url\":\"https:\/\/vosgesinfo.fr\/remiremontinfo\/\",\"name\":\"Remiremont Info\",\"description\":\"Toute l&#039;actualit\u00e9 de Remiremont\",\"publisher\":{\"@id\":\"https:\/\/vosgesinfo.fr\/remiremontinfo\/#organization\"},\"alternateName\":\"Toute l'actualit\u00e9 de Remiremont\",\"potentialAction\":[{\"@type\":\"SearchAction\",\"target\":{\"@type\":\"EntryPoint\",\"urlTemplate\":\"https:\/\/vosgesinfo.fr\/remiremontinfo\/?s={search_term_string}\"},\"query-input\":\"required name=search_term_string\"}],\"inLanguage\":\"fr-FR\"},{\"@type\":\"Organization\",\"@id\":\"https:\/\/vosgesinfo.fr\/remiremontinfo\/#organization\",\"name\":\"Remiremont Info\",\"url\":\"https:\/\/vosgesinfo.fr\/remiremontinfo\/\",\"logo\":{\"@type\":\"ImageObject\",\"inLanguage\":\"fr-FR\",\"@id\":\"https:\/\/vosgesinfo.fr\/remiremontinfo\/#\/schema\/logo\/image\/\",\"url\":\"https:\/\/vosgesinfo.fr\/app\/uploads\/sites\/5\/2023\/08\/favicon-remiremontinfo.png\",\"contentUrl\":\"https:\/\/vosgesinfo.fr\/app\/uploads\/sites\/5\/2023\/08\/favicon-remiremontinfo.png\",\"width\":512,\"height\":512,\"caption\":\"Remiremont Info\"},\"image\":{\"@id\":\"https:\/\/vosgesinfo.fr\/remiremontinfo\/#\/schema\/logo\/image\/\"},\"sameAs\":[\"https:\/\/www.facebook.com\/remiremontinfo\",\"https:\/\/x.com\/VosgesInfo88\",\"https:\/\/www.youtube.com\/@vosgesinfo\"]},{\"@type\":\"Person\",\"@id\":\"https:\/\/vosgesinfo.fr\/remiremontinfo\/#\/schema\/person\/6f9a650eeea99d969b6c4ab78fccbe81\",\"name\":\"C.K.\",\"image\":{\"@type\":\"ImageObject\",\"inLanguage\":\"fr-FR\",\"@id\":\"https:\/\/vosgesinfo.fr\/remiremontinfo\/#\/schema\/person\/image\/\",\"url\":\"https:\/\/secure.gravatar.com\/avatar\/48e3fc7f8421ba8942be6b74a2b7f014ca39bc00dece156b7a8e098ae7dc87bf?s=96&d=mm&r=g\",\"contentUrl\":\"https:\/\/secure.gravatar.com\/avatar\/48e3fc7f8421ba8942be6b74a2b7f014ca39bc00dece156b7a8e098ae7dc87bf?s=96&d=mm&r=g\",\"caption\":\"C.K.\"},\"url\":\"https:\/\/vosgesinfo.fr\/remiremontinfo\/author\/celia-k-n\/\"}]}<\/script>\n<!-- \/ Yoast SEO plugin. -->","yoast_head_json":{"title":"La Lorraine confront\u00e9e \u00e0 un nouvel \u00e9pisode de pollution atmosph\u00e9rique - Remiremont Info","robots":{"index":"index","follow":"follow","max-snippet":"max-snippet:-1","max-image-preview":"max-image-preview:large","max-video-preview":"max-video-preview:-1"},"canonical":"https:\/\/vosgesinfo.fr\/remiremontinfo\/2026\/01\/la-lorraine-confrontee-a-un-nouvel-episode-de-pollution-atmospherique\/","twitter_card":"summary_large_image","twitter_title":"La Lorraine confront\u00e9e \u00e0 un nouvel \u00e9pisode de pollution atmosph\u00e9rique - Remiremont Info","twitter_description":"La qualit\u00e9 de l\u2019air s\u2019est nettement d\u00e9grad\u00e9e ces derniers jours en Lorraine. En cause : des conditions m\u00e9t\u00e9orologiques particuli\u00e8rement stables, [&hellip;]","twitter_image":"https:\/\/vosgesinfo.fr\/app\/uploads\/sites\/5\/2026\/01\/pollution.jpg","twitter_creator":"@VosgesInfo88","twitter_site":"@VosgesInfo88","twitter_misc":{"\u00c9crit par":"C.K.","Dur\u00e9e de lecture estim\u00e9e":"1 minute"},"schema":{"@context":"https:\/\/schema.org","@graph":[{"@type":"Article","@id":"https:\/\/vosgesinfo.fr\/remiremontinfo\/2026\/01\/la-lorraine-confrontee-a-un-nouvel-episode-de-pollution-atmospherique\/#article","isPartOf":{"@id":"https:\/\/vosgesinfo.fr\/remiremontinfo\/2026\/01\/la-lorraine-confrontee-a-un-nouvel-episode-de-pollution-atmospherique\/"},"author":{"name":"C.K.","@id":"https:\/\/vosgesinfo.fr\/remiremontinfo\/#\/schema\/person\/6f9a650eeea99d969b6c4ab78fccbe81"},"headline":"La Lorraine confront\u00e9e \u00e0 un nouvel \u00e9pisode de pollution atmosph\u00e9rique","datePublished":"2026-01-27T08:30:33+00:00","dateModified":"2026-01-27T08:30:33+00:00","mainEntityOfPage":{"@id":"https:\/\/vosgesinfo.fr\/remiremontinfo\/2026\/01\/la-lorraine-confrontee-a-un-nouvel-episode-de-pollution-atmospherique\/"},"wordCount":274,"commentCount":0,"publisher":{"@id":"https:\/\/vosgesinfo.fr\/remiremontinfo\/#organization"},"image":{"@id":"https:\/\/vosgesinfo.fr\/remiremontinfo\/2026\/01\/la-lorraine-confrontee-a-un-nouvel-episode-de-pollution-atmospherique\/#primaryimage"},"thumbnailUrl":"https:\/\/vosgesinfo.fr\/app\/uploads\/sites\/5\/2026\/01\/pollution.jpg","articleSection":["A la Une","Epinal","G\u00e9rardmer","La plaine des vosges","Remiremont","Saint-di\u00e9"],"inLanguage":"fr-FR","potentialAction":[{"@type":"CommentAction","name":"Comment","target":["https:\/\/vosgesinfo.fr\/remiremontinfo\/2026\/01\/la-lorraine-confrontee-a-un-nouvel-episode-de-pollution-atmospherique\/#respond"]}]},{"@type":"WebPage","@id":"https:\/\/vosgesinfo.fr\/remiremontinfo\/2026\/01\/la-lorraine-confrontee-a-un-nouvel-episode-de-pollution-atmospherique\/","url":"https:\/\/vosgesinfo.fr\/remiremontinfo\/2026\/01\/la-lorraine-confrontee-a-un-nouvel-episode-de-pollution-atmospherique\/","name":"La Lorraine confront\u00e9e \u00e0 un nouvel \u00e9pisode de pollution atmosph\u00e9rique - Remiremont Info","isPartOf":{"@id":"https:\/\/vosgesinfo.fr\/remiremontinfo\/#website"},"primaryImageOfPage":{"@id":"https:\/\/vosgesinfo.fr\/remiremontinfo\/2026\/01\/la-lorraine-confrontee-a-un-nouvel-episode-de-pollution-atmospherique\/#primaryimage"},"image":{"@id":"https:\/\/vosgesinfo.fr\/remiremontinfo\/2026\/01\/la-lorraine-confrontee-a-un-nouvel-episode-de-pollution-atmospherique\/#primaryimage"},"thumbnailUrl":"https:\/\/vosgesinfo.fr\/app\/uploads\/sites\/5\/2026\/01\/pollution.jpg","datePublished":"2026-01-27T08:30:33+00:00","dateModified":"2026-01-27T08:30:33+00:00","breadcrumb":{"@id":"https:\/\/vosgesinfo.fr\/remiremontinfo\/2026\/01\/la-lorraine-confrontee-a-un-nouvel-episode-de-pollution-atmospherique\/#breadcrumb"},"inLanguage":"fr-FR","potentialAction":[{"@type":"ReadAction","target":["https:\/\/vosgesinfo.fr\/remiremontinfo\/2026\/01\/la-lorraine-confrontee-a-un-nouvel-episode-de-pollution-atmospherique\/"]}]},{"@type":"ImageObject","inLanguage":"fr-FR","@id":"https:\/\/vosgesinfo.fr\/remiremontinfo\/2026\/01\/la-lorraine-confrontee-a-un-nouvel-episode-de-pollution-atmospherique\/#primaryimage","url":"https:\/\/vosgesinfo.fr\/app\/uploads\/sites\/5\/2026\/01\/pollution.jpg","contentUrl":"https:\/\/vosgesinfo.fr\/app\/uploads\/sites\/5\/2026\/01\/pollution.jpg","width":960,"height":640},{"@type":"BreadcrumbList","@id":"https:\/\/vosgesinfo.fr\/remiremontinfo\/2026\/01\/la-lorraine-confrontee-a-un-nouvel-episode-de-pollution-atmospherique\/#breadcrumb","itemListElement":[{"@type":"ListItem","position":1,"name":"Home","item":"https:\/\/vosgesinfo.fr\/remiremontinfo\/"},{"@type":"ListItem","position":2,"name":"La Lorraine confront\u00e9e \u00e0 un nouvel \u00e9pisode de pollution atmosph\u00e9rique"}]},{"@type":"WebSite","@id":"https:\/\/vosgesinfo.fr\/remiremontinfo\/#website","url":"https:\/\/vosgesinfo.fr\/remiremontinfo\/","name":"Remiremont Info","description":"Toute l&#039;actualit\u00e9 de Remiremont","publisher":{"@id":"https:\/\/vosgesinfo.fr\/remiremontinfo\/#organization"},"alternateName":"Toute l'actualit\u00e9 de Remiremont","potentialAction":[{"@type":"SearchAction","target":{"@type":"EntryPoint","urlTemplate":"https:\/\/vosgesinfo.fr\/remiremontinfo\/?s={search_term_string}"},"query-input":"required name=search_term_string"}],"inLanguage":"fr-FR"},{"@type":"Organization","@id":"https:\/\/vosgesinfo.fr\/remiremontinfo\/#organization","name":"Remiremont Info","url":"https:\/\/vosgesinfo.fr\/remiremontinfo\/","logo":{"@type":"ImageObject","inLanguage":"fr-FR","@id":"https:\/\/vosgesinfo.fr\/remiremontinfo\/#\/schema\/logo\/image\/","url":"https:\/\/vosgesinfo.fr\/app\/uploads\/sites\/5\/2023\/08\/favicon-remiremontinfo.png","contentUrl":"https:\/\/vosgesinfo.fr\/app\/uploads\/sites\/5\/2023\/08\/favicon-remiremontinfo.png","width":512,"height":512,"caption":"Remiremont Info"},"image":{"@id":"https:\/\/vosgesinfo.fr\/remiremontinfo\/#\/schema\/logo\/image\/"},"sameAs":["https:\/\/www.facebook.com\/remiremontinfo","https:\/\/x.com\/VosgesInfo88","https:\/\/www.youtube.com\/@vosgesinfo"]},{"@type":"Person","@id":"https:\/\/vosgesinfo.fr\/remiremontinfo\/#\/schema\/person\/6f9a650eeea99d969b6c4ab78fccbe81","name":"C.K.","image":{"@type":"ImageObject","inLanguage":"fr-FR","@id":"https:\/\/vosgesinfo.fr\/remiremontinfo\/#\/schema\/person\/image\/","url":"https:\/\/secure.gravatar.com\/avatar\/48e3fc7f8421ba8942be6b74a2b7f014ca39bc00dece156b7a8e098ae7dc87bf?s=96&d=mm&r=g","contentUrl":"https:\/\/secure.gravatar.com\/avatar\/48e3fc7f8421ba8942be6b74a2b7f014ca39bc00dece156b7a8e098ae7dc87bf?s=96&d=mm&r=g","caption":"C.K."},"url":"https:\/\/vosgesinfo.fr\/remiremontinfo\/author\/celia-k-n\/"}]}},"_links":{"self":[{"href":"https:\/\/vosgesinfo.fr\/remiremontinfo\/wp-json\/wp\/v2\/posts\/88294","targetHints":{"allow":["GET"]}}],"collection":[{"href":"https:\/\/vosgesinfo.fr\/remiremontinfo\/wp-json\/wp\/v2\/posts"}],"about":[{"href":"https:\/\/vosgesinfo.fr\/remiremontinfo\/wp-json\/wp\/v2\/types\/post"}],"author":[{"embeddable":true,"href":"https:\/\/vosgesinfo.fr\/remiremontinfo\/wp-json\/wp\/v2\/users\/52"}],"replies":[{"embeddable":true,"href":"https:\/\/vosgesinfo.fr\/remiremontinfo\/wp-json\/wp\/v2\/comments?post=88294"}],"version-history":[{"count":0,"href":"https:\/\/vosgesinfo.fr\/remiremontinfo\/wp-json\/wp\/v2\/posts\/88294\/revisions"}],"wp:featuredmedia":[{"embeddable":true,"href":"https:\/\/vosgesinfo.fr\/remiremontinfo\/wp-json\/wp\/v2\/media\/88295"}],"wp:attachment":[{"href":"https:\/\/vosgesinfo.fr\/remiremontinfo\/wp-json\/wp\/v2\/media?parent=88294"}],"wp:term":[{"taxonomy":"category","embeddable":true,"href":"https:\/\/vosgesinfo.fr\/remiremontinfo\/wp-json\/wp\/v2\/categories?post=88294"},{"taxonomy":"post_tag","embeddable":true,"href":"https:\/\/vosgesinfo.fr\/remiremontinfo\/wp-json\/wp\/v2\/tags?post=88294"}],"curies":[{"name":"wp","href":"https:\/\/api.w.org\/{rel}","templated":true}]}}