{"id":88330,"date":"2026-01-28T09:09:47","date_gmt":"2026-01-28T08:09:47","guid":{"rendered":"https:\/\/vosgesinfo.fr\/remiremontinfo\/2026\/01\/sejour-handiski-alsr-dans-les-vosges-un-projet-humain-au-coeur-de-linclusion\/"},"modified":"2026-01-28T09:09:47","modified_gmt":"2026-01-28T08:09:47","slug":"sejour-handiski-alsr-dans-les-vosges-un-projet-humain-au-coeur-de-linclusion","status":"publish","type":"post","link":"https:\/\/vosgesinfo.fr\/remiremontinfo\/2026\/01\/sejour-handiski-alsr-dans-les-vosges-un-projet-humain-au-coeur-de-linclusion\/","title":{"rendered":"S\u00e9jour Handiski ALSR dans les Vosges : un projet humain au c\u0153ur de l\u2019inclusion"},"content":{"rendered":"<div id=\"attachment_139301\" style=\"width: 1034px\" class=\"wp-caption aligncenter\"><a href=\"https:\/\/vosgesinfo.fr\/app\/uploads\/sites\/3\/2026\/01\/sejour-handiski4.jpg\"><img decoding=\"async\" aria-describedby=\"caption-attachment-139301\" class=\"size-large wp-image-139301\" src=\"https:\/\/vosgesinfo.fr\/app\/uploads\/sites\/3\/2026\/01\/sejour-handiski4-1024x768.jpg\" alt=\"\" width=\"1024\" height=\"768\" \/><\/a><p id=\"caption-attachment-139301\" class=\"wp-caption-text\">photos \u2019Association Luxembourgeoise du Syndrome de Rett (ALSR.lu)<\/p><\/div>\n<h2 data-start=\"252\" data-end=\"528\"><strong>L\u2019Association Luxembourgeoise du Syndrome de Rett (ALSR.lu) organise, du 20 au 23 f\u00e9vrier 2026, dans les Vosges, la deuxi\u00e8me \u00e9dition de son s\u00e9jour Handiski, une initiative d\u00e9di\u00e9e \u00e0 l\u2019acc\u00e8s au sport et au loisir pour les jeunes filles atteintes du syndrome de Rett.<\/strong><\/h2>\n<p data-start=\"530\" data-end=\"863\">Ce s\u00e9jour permettra \u00e0 <strong data-start=\"552\" data-end=\"573\">six jeunes filles<\/strong> de pratiquer le <strong data-start=\"590\" data-end=\"604\">ski adapt\u00e9<\/strong>, encadr\u00e9es par des professionnels form\u00e9s au handiski, et accompagn\u00e9es de leurs <strong data-start=\"684\" data-end=\"696\">familles<\/strong>. Bien plus qu\u2019une activit\u00e9 sportive, ce projet offre un v\u00e9ritable moment de partage, de d\u00e9passement de soi et de joie, dans un environnement s\u00e9curis\u00e9 et bienveillant.<\/p>\n<h3 data-start=\"865\" data-end=\"900\">Une \u00e9volution majeure du projet<\/h3>\n<p data-start=\"902\" data-end=\"1280\">Apr\u00e8s le succ\u00e8s de la premi\u00e8re \u00e9dition, cette nouvelle session marque une <strong data-start=\"976\" data-end=\"1000\">\u00e9volution importante<\/strong>. Le nombre de participantes augmente, t\u00e9moignant de l\u2019enthousiasme et de l\u2019impact positif de cette initiative. Autre nouveaut\u00e9 majeure : <strong data-start=\"1138\" data-end=\"1225\">les fr\u00e8res et s\u0153urs des jeunes filles pourront \u00e9galement b\u00e9n\u00e9ficier de cours de ski<\/strong>, favorisant ainsi une approche familiale et inclusive.<\/p>\n<p data-start=\"1282\" data-end=\"1522\">Cette dimension est essentielle pour l\u2019ALSR, qui souhaite offrir non seulement une exp\u00e9rience sportive adapt\u00e9e, mais aussi un <strong data-start=\"1408\" data-end=\"1444\">temps de r\u00e9pit pour les familles<\/strong>, souvent fortement sollicit\u00e9es au quotidien par l\u2019accompagnement du handicap.<\/p>\n<h3 data-start=\"1524\" data-end=\"1588\">Un engagement pour l\u2019inclusion et l\u2019acc\u00e8s au sport pour tous<\/h3>\n<p data-start=\"1590\" data-end=\"1895\">\u00c0 travers ce s\u00e9jour Handiski, l\u2019ALSR r\u00e9affirme son engagement en faveur de <strong data-start=\"1665\" data-end=\"1680\">l\u2019inclusion<\/strong>, de <strong data-start=\"1685\" data-end=\"1710\">l\u2019\u00e9galit\u00e9 des chances<\/strong> et de <strong data-start=\"1717\" data-end=\"1747\">l\u2019acc\u00e8s au sport pour tous<\/strong>, quelles que soient les capacit\u00e9s physiques ou cognitives. Le ski devient ici un formidable outil de lien social, de confiance et d\u2019\u00e9panouissement.<\/p>\n<p data-start=\"1897\" data-end=\"2069\">Ce projet humain fort illustre la conviction de l\u2019association : le handicap ne doit jamais \u00eatre un frein \u00e0 la d\u00e9couverte, au plaisir et au partage d\u2019exp\u00e9riences en famille.<\/p>\n\n\t\t<style type=\"text\/css\">\n\t\t\t#gallery-1 {\n\t\t\t\tmargin: auto;\n\t\t\t}\n\t\t\t#gallery-1 .gallery-item {\n\t\t\t\tfloat: left;\n\t\t\t\tmargin-top: 10px;\n\t\t\t\ttext-align: center;\n\t\t\t\twidth: 33%;\n\t\t\t}\n\t\t\t#gallery-1 img {\n\t\t\t\tborder: 2px solid #cfcfcf;\n\t\t\t}\n\t\t\t#gallery-1 .gallery-caption {\n\t\t\t\tmargin-left: 0;\n\t\t\t}\n\t\t\t\/* see gallery_shortcode() in wp-includes\/media.php *\/\n\t\t<\/style>\n\t\t<div id='gallery-1' class='gallery galleryid-88330 gallery-columns-3 gallery-size-thumbnail'><dl class='gallery-item'>\n\t\t\t<dt class='gallery-icon portrait'>\n\t\t\t\t<a href='https:\/\/vosgesinfo.fr\/app\/uploads\/sites\/5\/2026\/01\/sejour-handiski3.jpg'><img decoding=\"async\" width=\"150\" height=\"150\" src=\"https:\/\/vosgesinfo.fr\/app\/uploads\/sites\/5\/2026\/01\/sejour-handiski3-150x150.jpg\" class=\"attachment-thumbnail size-thumbnail\" alt=\"\" \/><\/a>\n\t\t\t<\/dt><\/dl><dl class='gallery-item'>\n\t\t\t<dt class='gallery-icon portrait'>\n\t\t\t\t<a href='https:\/\/vosgesinfo.fr\/app\/uploads\/sites\/5\/2026\/01\/sans-titre-8.jpg'><img decoding=\"async\" width=\"150\" height=\"150\" src=\"https:\/\/vosgesinfo.fr\/app\/uploads\/sites\/5\/2026\/01\/sans-titre-8-150x150.jpg\" class=\"attachment-thumbnail size-thumbnail\" alt=\"\" \/><\/a>\n\t\t\t<\/dt><\/dl><dl class='gallery-item'>\n\t\t\t<dt class='gallery-icon portrait'>\n\t\t\t\t<a href='https:\/\/vosgesinfo.fr\/app\/uploads\/sites\/5\/2026\/01\/sejour-handiski.jpg'><img decoding=\"async\" width=\"150\" height=\"150\" src=\"https:\/\/vosgesinfo.fr\/app\/uploads\/sites\/5\/2026\/01\/sejour-handiski-150x150.jpg\" class=\"attachment-thumbnail size-thumbnail\" alt=\"\" \/><\/a>\n\t\t\t<\/dt><\/dl><br style=\"clear: both\" \/><dl class='gallery-item'>\n\t\t\t<dt class='gallery-icon portrait'>\n\t\t\t\t<a href='https:\/\/vosgesinfo.fr\/app\/uploads\/sites\/5\/2026\/01\/sejour-handiski2.jpg'><img decoding=\"async\" width=\"150\" height=\"150\" src=\"https:\/\/vosgesinfo.fr\/app\/uploads\/sites\/5\/2026\/01\/sejour-handiski2-150x150.jpg\" class=\"attachment-thumbnail size-thumbnail\" alt=\"\" \/><\/a>\n\t\t\t<\/dt><\/dl>\n\t\t\t<br style='clear: both' \/>\n\t\t<\/div>\n\n","protected":false},"excerpt":{"rendered":"<p>L\u2019Association Luxembourgeoise du Syndrome de Rett (ALSR.lu) organise, du 20 au 23 f\u00e9vrier 2026, dans les Vosges, la deuxi\u00e8me \u00e9dition [&hellip;]<\/p>\n","protected":false},"author":52,"featured_media":88331,"comment_status":"open","ping_status":"open","sticky":false,"template":"","format":"standard","meta":{"footnotes":""},"categories":[26,108,62,845,43,362],"tags":[],"class_list":["post-88330","post","type-post","status-publish","format-standard","has-post-thumbnail","hentry","category-a-la-une","category-epinal","category-gerardmer","category-la-plaine-des-vosges","category-remiremont-remiremont-son-canton","category-saint-die"],"acf":[],"yoast_head":"<!-- This site is optimized with the Yoast SEO plugin v22.5 - https:\/\/yoast.com\/wordpress\/plugins\/seo\/ -->\n<title>S\u00e9jour Handiski ALSR dans les Vosges : un projet humain au c\u0153ur de l\u2019inclusion - Remiremont Info<\/title>\n<meta name=\"robots\" content=\"index, follow, max-snippet:-1, max-image-preview:large, max-video-preview:-1\" \/>\n<link rel=\"canonical\" href=\"https:\/\/vosgesinfo.fr\/remiremontinfo\/2026\/01\/sejour-handiski-alsr-dans-les-vosges-un-projet-humain-au-coeur-de-linclusion\/\" \/>\n<meta name=\"twitter:card\" content=\"summary_large_image\" \/>\n<meta name=\"twitter:title\" content=\"S\u00e9jour Handiski ALSR dans les Vosges : un projet humain au c\u0153ur de l\u2019inclusion - Remiremont Info\" \/>\n<meta name=\"twitter:description\" content=\"L\u2019Association Luxembourgeoise du Syndrome de Rett (ALSR.lu) organise, du 20 au 23 f\u00e9vrier 2026, dans les Vosges, la deuxi\u00e8me \u00e9dition [&hellip;]\" \/>\n<meta name=\"twitter:image\" content=\"https:\/\/vosgesinfo.fr\/app\/uploads\/sites\/5\/2026\/01\/sejour-handiski4.jpg\" \/>\n<meta name=\"twitter:creator\" content=\"@VosgesInfo88\" \/>\n<meta name=\"twitter:site\" content=\"@VosgesInfo88\" \/>\n<meta name=\"twitter:label1\" content=\"\u00c9crit par\" \/>\n\t<meta name=\"twitter:data1\" content=\"C.K.\" \/>\n\t<meta name=\"twitter:label2\" content=\"Dur\u00e9e de lecture estim\u00e9e\" \/>\n\t<meta name=\"twitter:data2\" content=\"2 minutes\" \/>\n<script type=\"application\/ld+json\" class=\"yoast-schema-graph\">{\"@context\":\"https:\/\/schema.org\",\"@graph\":[{\"@type\":\"Article\",\"@id\":\"https:\/\/vosgesinfo.fr\/remiremontinfo\/2026\/01\/sejour-handiski-alsr-dans-les-vosges-un-projet-humain-au-coeur-de-linclusion\/#article\",\"isPartOf\":{\"@id\":\"https:\/\/vosgesinfo.fr\/remiremontinfo\/2026\/01\/sejour-handiski-alsr-dans-les-vosges-un-projet-humain-au-coeur-de-linclusion\/\"},\"author\":{\"name\":\"C.K.\",\"@id\":\"https:\/\/vosgesinfo.fr\/remiremontinfo\/#\/schema\/person\/6f9a650eeea99d969b6c4ab78fccbe81\"},\"headline\":\"S\u00e9jour Handiski ALSR dans les Vosges : un projet humain au c\u0153ur de l\u2019inclusion\",\"datePublished\":\"2026-01-28T08:09:47+00:00\",\"dateModified\":\"2026-01-28T08:09:47+00:00\",\"mainEntityOfPage\":{\"@id\":\"https:\/\/vosgesinfo.fr\/remiremontinfo\/2026\/01\/sejour-handiski-alsr-dans-les-vosges-un-projet-humain-au-coeur-de-linclusion\/\"},\"wordCount\":346,\"commentCount\":0,\"publisher\":{\"@id\":\"https:\/\/vosgesinfo.fr\/remiremontinfo\/#organization\"},\"image\":{\"@id\":\"https:\/\/vosgesinfo.fr\/remiremontinfo\/2026\/01\/sejour-handiski-alsr-dans-les-vosges-un-projet-humain-au-coeur-de-linclusion\/#primaryimage\"},\"thumbnailUrl\":\"https:\/\/vosgesinfo.fr\/app\/uploads\/sites\/5\/2026\/01\/sejour-handiski4.jpg\",\"articleSection\":[\"A la Une\",\"Epinal\",\"G\u00e9rardmer\",\"La plaine des vosges\",\"Remiremont\",\"Saint-di\u00e9\"],\"inLanguage\":\"fr-FR\",\"potentialAction\":[{\"@type\":\"CommentAction\",\"name\":\"Comment\",\"target\":[\"https:\/\/vosgesinfo.fr\/remiremontinfo\/2026\/01\/sejour-handiski-alsr-dans-les-vosges-un-projet-humain-au-coeur-de-linclusion\/#respond\"]}]},{\"@type\":\"WebPage\",\"@id\":\"https:\/\/vosgesinfo.fr\/remiremontinfo\/2026\/01\/sejour-handiski-alsr-dans-les-vosges-un-projet-humain-au-coeur-de-linclusion\/\",\"url\":\"https:\/\/vosgesinfo.fr\/remiremontinfo\/2026\/01\/sejour-handiski-alsr-dans-les-vosges-un-projet-humain-au-coeur-de-linclusion\/\",\"name\":\"S\u00e9jour Handiski ALSR dans les Vosges : un projet humain au c\u0153ur de l\u2019inclusion - Remiremont Info\",\"isPartOf\":{\"@id\":\"https:\/\/vosgesinfo.fr\/remiremontinfo\/#website\"},\"primaryImageOfPage\":{\"@id\":\"https:\/\/vosgesinfo.fr\/remiremontinfo\/2026\/01\/sejour-handiski-alsr-dans-les-vosges-un-projet-humain-au-coeur-de-linclusion\/#primaryimage\"},\"image\":{\"@id\":\"https:\/\/vosgesinfo.fr\/remiremontinfo\/2026\/01\/sejour-handiski-alsr-dans-les-vosges-un-projet-humain-au-coeur-de-linclusion\/#primaryimage\"},\"thumbnailUrl\":\"https:\/\/vosgesinfo.fr\/app\/uploads\/sites\/5\/2026\/01\/sejour-handiski4.jpg\",\"datePublished\":\"2026-01-28T08:09:47+00:00\",\"dateModified\":\"2026-01-28T08:09:47+00:00\",\"breadcrumb\":{\"@id\":\"https:\/\/vosgesinfo.fr\/remiremontinfo\/2026\/01\/sejour-handiski-alsr-dans-les-vosges-un-projet-humain-au-coeur-de-linclusion\/#breadcrumb\"},\"inLanguage\":\"fr-FR\",\"potentialAction\":[{\"@type\":\"ReadAction\",\"target\":[\"https:\/\/vosgesinfo.fr\/remiremontinfo\/2026\/01\/sejour-handiski-alsr-dans-les-vosges-un-projet-humain-au-coeur-de-linclusion\/\"]}]},{\"@type\":\"ImageObject\",\"inLanguage\":\"fr-FR\",\"@id\":\"https:\/\/vosgesinfo.fr\/remiremontinfo\/2026\/01\/sejour-handiski-alsr-dans-les-vosges-un-projet-humain-au-coeur-de-linclusion\/#primaryimage\",\"url\":\"https:\/\/vosgesinfo.fr\/app\/uploads\/sites\/5\/2026\/01\/sejour-handiski4.jpg\",\"contentUrl\":\"https:\/\/vosgesinfo.fr\/app\/uploads\/sites\/5\/2026\/01\/sejour-handiski4.jpg\",\"width\":1434,\"height\":1076},{\"@type\":\"BreadcrumbList\",\"@id\":\"https:\/\/vosgesinfo.fr\/remiremontinfo\/2026\/01\/sejour-handiski-alsr-dans-les-vosges-un-projet-humain-au-coeur-de-linclusion\/#breadcrumb\",\"itemListElement\":[{\"@type\":\"ListItem\",\"position\":1,\"name\":\"Home\",\"item\":\"https:\/\/vosgesinfo.fr\/remiremontinfo\/\"},{\"@type\":\"ListItem\",\"position\":2,\"name\":\"S\u00e9jour Handiski ALSR dans les Vosges : un projet humain au c\u0153ur de l\u2019inclusion\"}]},{\"@type\":\"WebSite\",\"@id\":\"https:\/\/vosgesinfo.fr\/remiremontinfo\/#website\",\"url\":\"https:\/\/vosgesinfo.fr\/remiremontinfo\/\",\"name\":\"Remiremont Info\",\"description\":\"Toute l&#039;actualit\u00e9 de Remiremont\",\"publisher\":{\"@id\":\"https:\/\/vosgesinfo.fr\/remiremontinfo\/#organization\"},\"alternateName\":\"Toute l'actualit\u00e9 de Remiremont\",\"potentialAction\":[{\"@type\":\"SearchAction\",\"target\":{\"@type\":\"EntryPoint\",\"urlTemplate\":\"https:\/\/vosgesinfo.fr\/remiremontinfo\/?s={search_term_string}\"},\"query-input\":\"required name=search_term_string\"}],\"inLanguage\":\"fr-FR\"},{\"@type\":\"Organization\",\"@id\":\"https:\/\/vosgesinfo.fr\/remiremontinfo\/#organization\",\"name\":\"Remiremont Info\",\"url\":\"https:\/\/vosgesinfo.fr\/remiremontinfo\/\",\"logo\":{\"@type\":\"ImageObject\",\"inLanguage\":\"fr-FR\",\"@id\":\"https:\/\/vosgesinfo.fr\/remiremontinfo\/#\/schema\/logo\/image\/\",\"url\":\"https:\/\/vosgesinfo.fr\/app\/uploads\/sites\/5\/2023\/08\/favicon-remiremontinfo.png\",\"contentUrl\":\"https:\/\/vosgesinfo.fr\/app\/uploads\/sites\/5\/2023\/08\/favicon-remiremontinfo.png\",\"width\":512,\"height\":512,\"caption\":\"Remiremont Info\"},\"image\":{\"@id\":\"https:\/\/vosgesinfo.fr\/remiremontinfo\/#\/schema\/logo\/image\/\"},\"sameAs\":[\"https:\/\/www.facebook.com\/remiremontinfo\",\"https:\/\/x.com\/VosgesInfo88\",\"https:\/\/www.youtube.com\/@vosgesinfo\"]},{\"@type\":\"Person\",\"@id\":\"https:\/\/vosgesinfo.fr\/remiremontinfo\/#\/schema\/person\/6f9a650eeea99d969b6c4ab78fccbe81\",\"name\":\"C.K.\",\"image\":{\"@type\":\"ImageObject\",\"inLanguage\":\"fr-FR\",\"@id\":\"https:\/\/vosgesinfo.fr\/remiremontinfo\/#\/schema\/person\/image\/\",\"url\":\"https:\/\/secure.gravatar.com\/avatar\/48e3fc7f8421ba8942be6b74a2b7f014ca39bc00dece156b7a8e098ae7dc87bf?s=96&d=mm&r=g\",\"contentUrl\":\"https:\/\/secure.gravatar.com\/avatar\/48e3fc7f8421ba8942be6b74a2b7f014ca39bc00dece156b7a8e098ae7dc87bf?s=96&d=mm&r=g\",\"caption\":\"C.K.\"},\"url\":\"https:\/\/vosgesinfo.fr\/remiremontinfo\/author\/celia-k-n\/\"}]}<\/script>\n<!-- \/ Yoast SEO plugin. -->","yoast_head_json":{"title":"S\u00e9jour Handiski ALSR dans les Vosges : un projet humain au c\u0153ur de l\u2019inclusion - Remiremont Info","robots":{"index":"index","follow":"follow","max-snippet":"max-snippet:-1","max-image-preview":"max-image-preview:large","max-video-preview":"max-video-preview:-1"},"canonical":"https:\/\/vosgesinfo.fr\/remiremontinfo\/2026\/01\/sejour-handiski-alsr-dans-les-vosges-un-projet-humain-au-coeur-de-linclusion\/","twitter_card":"summary_large_image","twitter_title":"S\u00e9jour Handiski ALSR dans les Vosges : un projet humain au c\u0153ur de l\u2019inclusion - Remiremont Info","twitter_description":"L\u2019Association Luxembourgeoise du Syndrome de Rett (ALSR.lu) organise, du 20 au 23 f\u00e9vrier 2026, dans les Vosges, la deuxi\u00e8me \u00e9dition [&hellip;]","twitter_image":"https:\/\/vosgesinfo.fr\/app\/uploads\/sites\/5\/2026\/01\/sejour-handiski4.jpg","twitter_creator":"@VosgesInfo88","twitter_site":"@VosgesInfo88","twitter_misc":{"\u00c9crit par":"C.K.","Dur\u00e9e de lecture estim\u00e9e":"2 minutes"},"schema":{"@context":"https:\/\/schema.org","@graph":[{"@type":"Article","@id":"https:\/\/vosgesinfo.fr\/remiremontinfo\/2026\/01\/sejour-handiski-alsr-dans-les-vosges-un-projet-humain-au-coeur-de-linclusion\/#article","isPartOf":{"@id":"https:\/\/vosgesinfo.fr\/remiremontinfo\/2026\/01\/sejour-handiski-alsr-dans-les-vosges-un-projet-humain-au-coeur-de-linclusion\/"},"author":{"name":"C.K.","@id":"https:\/\/vosgesinfo.fr\/remiremontinfo\/#\/schema\/person\/6f9a650eeea99d969b6c4ab78fccbe81"},"headline":"S\u00e9jour Handiski ALSR dans les Vosges : un projet humain au c\u0153ur de l\u2019inclusion","datePublished":"2026-01-28T08:09:47+00:00","dateModified":"2026-01-28T08:09:47+00:00","mainEntityOfPage":{"@id":"https:\/\/vosgesinfo.fr\/remiremontinfo\/2026\/01\/sejour-handiski-alsr-dans-les-vosges-un-projet-humain-au-coeur-de-linclusion\/"},"wordCount":346,"commentCount":0,"publisher":{"@id":"https:\/\/vosgesinfo.fr\/remiremontinfo\/#organization"},"image":{"@id":"https:\/\/vosgesinfo.fr\/remiremontinfo\/2026\/01\/sejour-handiski-alsr-dans-les-vosges-un-projet-humain-au-coeur-de-linclusion\/#primaryimage"},"thumbnailUrl":"https:\/\/vosgesinfo.fr\/app\/uploads\/sites\/5\/2026\/01\/sejour-handiski4.jpg","articleSection":["A la Une","Epinal","G\u00e9rardmer","La plaine des vosges","Remiremont","Saint-di\u00e9"],"inLanguage":"fr-FR","potentialAction":[{"@type":"CommentAction","name":"Comment","target":["https:\/\/vosgesinfo.fr\/remiremontinfo\/2026\/01\/sejour-handiski-alsr-dans-les-vosges-un-projet-humain-au-coeur-de-linclusion\/#respond"]}]},{"@type":"WebPage","@id":"https:\/\/vosgesinfo.fr\/remiremontinfo\/2026\/01\/sejour-handiski-alsr-dans-les-vosges-un-projet-humain-au-coeur-de-linclusion\/","url":"https:\/\/vosgesinfo.fr\/remiremontinfo\/2026\/01\/sejour-handiski-alsr-dans-les-vosges-un-projet-humain-au-coeur-de-linclusion\/","name":"S\u00e9jour Handiski ALSR dans les Vosges : un projet humain au c\u0153ur de l\u2019inclusion - Remiremont Info","isPartOf":{"@id":"https:\/\/vosgesinfo.fr\/remiremontinfo\/#website"},"primaryImageOfPage":{"@id":"https:\/\/vosgesinfo.fr\/remiremontinfo\/2026\/01\/sejour-handiski-alsr-dans-les-vosges-un-projet-humain-au-coeur-de-linclusion\/#primaryimage"},"image":{"@id":"https:\/\/vosgesinfo.fr\/remiremontinfo\/2026\/01\/sejour-handiski-alsr-dans-les-vosges-un-projet-humain-au-coeur-de-linclusion\/#primaryimage"},"thumbnailUrl":"https:\/\/vosgesinfo.fr\/app\/uploads\/sites\/5\/2026\/01\/sejour-handiski4.jpg","datePublished":"2026-01-28T08:09:47+00:00","dateModified":"2026-01-28T08:09:47+00:00","breadcrumb":{"@id":"https:\/\/vosgesinfo.fr\/remiremontinfo\/2026\/01\/sejour-handiski-alsr-dans-les-vosges-un-projet-humain-au-coeur-de-linclusion\/#breadcrumb"},"inLanguage":"fr-FR","potentialAction":[{"@type":"ReadAction","target":["https:\/\/vosgesinfo.fr\/remiremontinfo\/2026\/01\/sejour-handiski-alsr-dans-les-vosges-un-projet-humain-au-coeur-de-linclusion\/"]}]},{"@type":"ImageObject","inLanguage":"fr-FR","@id":"https:\/\/vosgesinfo.fr\/remiremontinfo\/2026\/01\/sejour-handiski-alsr-dans-les-vosges-un-projet-humain-au-coeur-de-linclusion\/#primaryimage","url":"https:\/\/vosgesinfo.fr\/app\/uploads\/sites\/5\/2026\/01\/sejour-handiski4.jpg","contentUrl":"https:\/\/vosgesinfo.fr\/app\/uploads\/sites\/5\/2026\/01\/sejour-handiski4.jpg","width":1434,"height":1076},{"@type":"BreadcrumbList","@id":"https:\/\/vosgesinfo.fr\/remiremontinfo\/2026\/01\/sejour-handiski-alsr-dans-les-vosges-un-projet-humain-au-coeur-de-linclusion\/#breadcrumb","itemListElement":[{"@type":"ListItem","position":1,"name":"Home","item":"https:\/\/vosgesinfo.fr\/remiremontinfo\/"},{"@type":"ListItem","position":2,"name":"S\u00e9jour Handiski ALSR dans les Vosges : un projet humain au c\u0153ur de l\u2019inclusion"}]},{"@type":"WebSite","@id":"https:\/\/vosgesinfo.fr\/remiremontinfo\/#website","url":"https:\/\/vosgesinfo.fr\/remiremontinfo\/","name":"Remiremont Info","description":"Toute l&#039;actualit\u00e9 de Remiremont","publisher":{"@id":"https:\/\/vosgesinfo.fr\/remiremontinfo\/#organization"},"alternateName":"Toute l'actualit\u00e9 de Remiremont","potentialAction":[{"@type":"SearchAction","target":{"@type":"EntryPoint","urlTemplate":"https:\/\/vosgesinfo.fr\/remiremontinfo\/?s={search_term_string}"},"query-input":"required name=search_term_string"}],"inLanguage":"fr-FR"},{"@type":"Organization","@id":"https:\/\/vosgesinfo.fr\/remiremontinfo\/#organization","name":"Remiremont Info","url":"https:\/\/vosgesinfo.fr\/remiremontinfo\/","logo":{"@type":"ImageObject","inLanguage":"fr-FR","@id":"https:\/\/vosgesinfo.fr\/remiremontinfo\/#\/schema\/logo\/image\/","url":"https:\/\/vosgesinfo.fr\/app\/uploads\/sites\/5\/2023\/08\/favicon-remiremontinfo.png","contentUrl":"https:\/\/vosgesinfo.fr\/app\/uploads\/sites\/5\/2023\/08\/favicon-remiremontinfo.png","width":512,"height":512,"caption":"Remiremont Info"},"image":{"@id":"https:\/\/vosgesinfo.fr\/remiremontinfo\/#\/schema\/logo\/image\/"},"sameAs":["https:\/\/www.facebook.com\/remiremontinfo","https:\/\/x.com\/VosgesInfo88","https:\/\/www.youtube.com\/@vosgesinfo"]},{"@type":"Person","@id":"https:\/\/vosgesinfo.fr\/remiremontinfo\/#\/schema\/person\/6f9a650eeea99d969b6c4ab78fccbe81","name":"C.K.","image":{"@type":"ImageObject","inLanguage":"fr-FR","@id":"https:\/\/vosgesinfo.fr\/remiremontinfo\/#\/schema\/person\/image\/","url":"https:\/\/secure.gravatar.com\/avatar\/48e3fc7f8421ba8942be6b74a2b7f014ca39bc00dece156b7a8e098ae7dc87bf?s=96&d=mm&r=g","contentUrl":"https:\/\/secure.gravatar.com\/avatar\/48e3fc7f8421ba8942be6b74a2b7f014ca39bc00dece156b7a8e098ae7dc87bf?s=96&d=mm&r=g","caption":"C.K."},"url":"https:\/\/vosgesinfo.fr\/remiremontinfo\/author\/celia-k-n\/"}]}},"_links":{"self":[{"href":"https:\/\/vosgesinfo.fr\/remiremontinfo\/wp-json\/wp\/v2\/posts\/88330","targetHints":{"allow":["GET"]}}],"collection":[{"href":"https:\/\/vosgesinfo.fr\/remiremontinfo\/wp-json\/wp\/v2\/posts"}],"about":[{"href":"https:\/\/vosgesinfo.fr\/remiremontinfo\/wp-json\/wp\/v2\/types\/post"}],"author":[{"embeddable":true,"href":"https:\/\/vosgesinfo.fr\/remiremontinfo\/wp-json\/wp\/v2\/users\/52"}],"replies":[{"embeddable":true,"href":"https:\/\/vosgesinfo.fr\/remiremontinfo\/wp-json\/wp\/v2\/comments?post=88330"}],"version-history":[{"count":0,"href":"https:\/\/vosgesinfo.fr\/remiremontinfo\/wp-json\/wp\/v2\/posts\/88330\/revisions"}],"wp:featuredmedia":[{"embeddable":true,"href":"https:\/\/vosgesinfo.fr\/remiremontinfo\/wp-json\/wp\/v2\/media\/88331"}],"wp:attachment":[{"href":"https:\/\/vosgesinfo.fr\/remiremontinfo\/wp-json\/wp\/v2\/media?parent=88330"}],"wp:term":[{"taxonomy":"category","embeddable":true,"href":"https:\/\/vosgesinfo.fr\/remiremontinfo\/wp-json\/wp\/v2\/categories?post=88330"},{"taxonomy":"post_tag","embeddable":true,"href":"https:\/\/vosgesinfo.fr\/remiremontinfo\/wp-json\/wp\/v2\/tags?post=88330"}],"curies":[{"name":"wp","href":"https:\/\/api.w.org\/{rel}","templated":true}]}}