{"id":88349,"date":"2026-01-28T12:27:28","date_gmt":"2026-01-28T11:27:28","guid":{"rendered":"https:\/\/vosgesinfo.fr\/remiremontinfo\/2026\/01\/le-chant-des-forets-realise-par-le-vosgien-vincent-munier-recompense-aux-prix-lumieres\/"},"modified":"2026-01-28T12:27:28","modified_gmt":"2026-01-28T11:27:28","slug":"le-chant-des-forets-realise-par-le-vosgien-vincent-munier-recompense-aux-prix-lumieres","status":"publish","type":"post","link":"https:\/\/vosgesinfo.fr\/remiremontinfo\/2026\/01\/le-chant-des-forets-realise-par-le-vosgien-vincent-munier-recompense-aux-prix-lumieres\/","title":{"rendered":"Le Chant des for\u00eats r\u00e9alis\u00e9 par le vosgien Vincent Munier r\u00e9compens\u00e9 aux prix Lumi\u00e8res"},"content":{"rendered":"<div id=\"attachment_135468\" style=\"width: 681px\" class=\"wp-caption aligncenter\"><a href=\"https:\/\/vosgesinfo.fr\/app\/uploads\/sites\/3\/2025\/09\/le-chant-des-forets.jpg\"><img decoding=\"async\" aria-describedby=\"caption-attachment-135468\" class=\"size-full wp-image-135468\" src=\"https:\/\/vosgesinfo.fr\/app\/uploads\/sites\/3\/2025\/09\/le-chant-des-forets.jpg\" alt=\"\" width=\"671\" height=\"409\" \/><\/a><p id=\"caption-attachment-135468\" class=\"wp-caption-text\">capture d&rsquo;\u00e9cran<\/p><\/div>\n<h2 data-start=\"219\" data-end=\"571\"><strong>Le r\u00e9alisateur et photographe vosgien Vincent Munier continue de voir son travail largement reconnu par le monde du cin\u00e9ma. Apr\u00e8s le succ\u00e8s retentissant de <em data-start=\"375\" data-end=\"399\">La Panth\u00e8re des neiges<\/em>, couronn\u00e9 par le C\u00e9sar du meilleur film documentaire, son nouveau long-m\u00e9trage <em data-start=\"479\" data-end=\"500\">Le Chant des for\u00eats<\/em> vient de recevoir une distinction prestigieuse lors des prix Lumi\u00e8res.<\/strong><\/h2>\n<p data-start=\"573\" data-end=\"951\">\u00c0 l\u2019occasion du lancement de la saison des r\u00e9compenses cin\u00e9matographiques, l\u2019Acad\u00e9mie des Lumi\u00e8res, en partenariat avec le Centre national du cin\u00e9ma, a d\u00e9voil\u00e9 son palmar\u00e8s annuel mettant \u00e0 l\u2019honneur les \u0153uvres et artistes majeurs du cin\u00e9ma fran\u00e7ais. Parmi les laur\u00e9ats figure <em data-start=\"850\" data-end=\"871\">Le Chant des for\u00eats<\/em>, v\u00e9ritable immersion sensorielle au c\u0153ur des paysages bois\u00e9s du massif vosgien.<\/p>\n<p data-start=\"953\" data-end=\"1376\">La r\u00e9compense a \u00e9t\u00e9 attribu\u00e9e \u00e0 la musique du film, \u00e9l\u00e9ment central de cette ode \u00e0 la nature. Les compositeurs Dom La Nena, Rosemary Standley et Warren Ellis ont \u00e9t\u00e9 distingu\u00e9s pour leur bande originale, salu\u00e9e pour sa capacit\u00e9 \u00e0 accompagner avec finesse et \u00e9motion les images contemplatives du documentaire. Leur travail sonore renforce l\u2019exp\u00e9rience immersive du spectateur, en donnant une voix presque vivante \u00e0 la for\u00eat.<\/p>\n<p data-start=\"1378\" data-end=\"1582\">Avec cette nouvelle reconnaissance, Vincent Munier confirme sa place singuli\u00e8re dans le paysage du documentaire fran\u00e7ais, en conjuguant regard artistique, engagement pour le vivant et exigence esth\u00e9tique.<\/p>\n<p data-start=\"1378\" data-end=\"1582\"><strong>Renseignements : <\/strong><a href=\"https:\/\/academiedeslumieres.com\/decouvrez-le-palmares-2026\/\"><strong>https:\/\/academiedeslumieres.com\/decouvrez-le-palmares-2026\/<\/strong><\/a><\/p>\n","protected":false},"excerpt":{"rendered":"<p>Le r\u00e9alisateur et photographe vosgien Vincent Munier continue de voir son travail largement reconnu par le monde du cin\u00e9ma. Apr\u00e8s [&hellip;]<\/p>\n","protected":false},"author":52,"featured_media":88350,"comment_status":"open","ping_status":"open","sticky":false,"template":"","format":"standard","meta":{"footnotes":""},"categories":[26,108,62,845,43,362],"tags":[],"class_list":["post-88349","post","type-post","status-publish","format-standard","has-post-thumbnail","hentry","category-a-la-une","category-epinal","category-gerardmer","category-la-plaine-des-vosges","category-remiremont-remiremont-son-canton","category-saint-die"],"acf":[],"yoast_head":"<!-- This site is optimized with the Yoast SEO plugin v22.5 - https:\/\/yoast.com\/wordpress\/plugins\/seo\/ -->\n<title>Le Chant des for\u00eats r\u00e9alis\u00e9 par le vosgien Vincent Munier r\u00e9compens\u00e9 aux prix Lumi\u00e8res - Remiremont Info<\/title>\n<meta name=\"robots\" content=\"index, follow, max-snippet:-1, max-image-preview:large, max-video-preview:-1\" \/>\n<link rel=\"canonical\" href=\"https:\/\/vosgesinfo.fr\/remiremontinfo\/2026\/01\/le-chant-des-forets-realise-par-le-vosgien-vincent-munier-recompense-aux-prix-lumieres\/\" \/>\n<meta name=\"twitter:card\" content=\"summary_large_image\" \/>\n<meta name=\"twitter:title\" content=\"Le Chant des for\u00eats r\u00e9alis\u00e9 par le vosgien Vincent Munier r\u00e9compens\u00e9 aux prix Lumi\u00e8res - Remiremont Info\" \/>\n<meta name=\"twitter:description\" content=\"Le r\u00e9alisateur et photographe vosgien Vincent Munier continue de voir son travail largement reconnu par le monde du cin\u00e9ma. Apr\u00e8s [&hellip;]\" \/>\n<meta name=\"twitter:image\" content=\"https:\/\/vosgesinfo.fr\/app\/uploads\/sites\/5\/2026\/01\/le-chant-des-forets.jpg\" \/>\n<meta name=\"twitter:creator\" content=\"@VosgesInfo88\" \/>\n<meta name=\"twitter:site\" content=\"@VosgesInfo88\" \/>\n<meta name=\"twitter:label1\" content=\"\u00c9crit par\" \/>\n\t<meta name=\"twitter:data1\" content=\"C.K.\" \/>\n\t<meta name=\"twitter:label2\" content=\"Dur\u00e9e de lecture estim\u00e9e\" \/>\n\t<meta name=\"twitter:data2\" content=\"1 minute\" \/>\n<script type=\"application\/ld+json\" class=\"yoast-schema-graph\">{\"@context\":\"https:\/\/schema.org\",\"@graph\":[{\"@type\":\"Article\",\"@id\":\"https:\/\/vosgesinfo.fr\/remiremontinfo\/2026\/01\/le-chant-des-forets-realise-par-le-vosgien-vincent-munier-recompense-aux-prix-lumieres\/#article\",\"isPartOf\":{\"@id\":\"https:\/\/vosgesinfo.fr\/remiremontinfo\/2026\/01\/le-chant-des-forets-realise-par-le-vosgien-vincent-munier-recompense-aux-prix-lumieres\/\"},\"author\":{\"name\":\"C.K.\",\"@id\":\"https:\/\/vosgesinfo.fr\/remiremontinfo\/#\/schema\/person\/6f9a650eeea99d969b6c4ab78fccbe81\"},\"headline\":\"Le Chant des for\u00eats r\u00e9alis\u00e9 par le vosgien Vincent Munier r\u00e9compens\u00e9 aux prix Lumi\u00e8res\",\"datePublished\":\"2026-01-28T11:27:28+00:00\",\"dateModified\":\"2026-01-28T11:27:28+00:00\",\"mainEntityOfPage\":{\"@id\":\"https:\/\/vosgesinfo.fr\/remiremontinfo\/2026\/01\/le-chant-des-forets-realise-par-le-vosgien-vincent-munier-recompense-aux-prix-lumieres\/\"},\"wordCount\":267,\"commentCount\":0,\"publisher\":{\"@id\":\"https:\/\/vosgesinfo.fr\/remiremontinfo\/#organization\"},\"image\":{\"@id\":\"https:\/\/vosgesinfo.fr\/remiremontinfo\/2026\/01\/le-chant-des-forets-realise-par-le-vosgien-vincent-munier-recompense-aux-prix-lumieres\/#primaryimage\"},\"thumbnailUrl\":\"https:\/\/vosgesinfo.fr\/app\/uploads\/sites\/5\/2026\/01\/le-chant-des-forets.jpg\",\"articleSection\":[\"A la Une\",\"Epinal\",\"G\u00e9rardmer\",\"La plaine des vosges\",\"Remiremont\",\"Saint-di\u00e9\"],\"inLanguage\":\"fr-FR\",\"potentialAction\":[{\"@type\":\"CommentAction\",\"name\":\"Comment\",\"target\":[\"https:\/\/vosgesinfo.fr\/remiremontinfo\/2026\/01\/le-chant-des-forets-realise-par-le-vosgien-vincent-munier-recompense-aux-prix-lumieres\/#respond\"]}]},{\"@type\":\"WebPage\",\"@id\":\"https:\/\/vosgesinfo.fr\/remiremontinfo\/2026\/01\/le-chant-des-forets-realise-par-le-vosgien-vincent-munier-recompense-aux-prix-lumieres\/\",\"url\":\"https:\/\/vosgesinfo.fr\/remiremontinfo\/2026\/01\/le-chant-des-forets-realise-par-le-vosgien-vincent-munier-recompense-aux-prix-lumieres\/\",\"name\":\"Le Chant des for\u00eats r\u00e9alis\u00e9 par le vosgien Vincent Munier r\u00e9compens\u00e9 aux prix Lumi\u00e8res - Remiremont Info\",\"isPartOf\":{\"@id\":\"https:\/\/vosgesinfo.fr\/remiremontinfo\/#website\"},\"primaryImageOfPage\":{\"@id\":\"https:\/\/vosgesinfo.fr\/remiremontinfo\/2026\/01\/le-chant-des-forets-realise-par-le-vosgien-vincent-munier-recompense-aux-prix-lumieres\/#primaryimage\"},\"image\":{\"@id\":\"https:\/\/vosgesinfo.fr\/remiremontinfo\/2026\/01\/le-chant-des-forets-realise-par-le-vosgien-vincent-munier-recompense-aux-prix-lumieres\/#primaryimage\"},\"thumbnailUrl\":\"https:\/\/vosgesinfo.fr\/app\/uploads\/sites\/5\/2026\/01\/le-chant-des-forets.jpg\",\"datePublished\":\"2026-01-28T11:27:28+00:00\",\"dateModified\":\"2026-01-28T11:27:28+00:00\",\"breadcrumb\":{\"@id\":\"https:\/\/vosgesinfo.fr\/remiremontinfo\/2026\/01\/le-chant-des-forets-realise-par-le-vosgien-vincent-munier-recompense-aux-prix-lumieres\/#breadcrumb\"},\"inLanguage\":\"fr-FR\",\"potentialAction\":[{\"@type\":\"ReadAction\",\"target\":[\"https:\/\/vosgesinfo.fr\/remiremontinfo\/2026\/01\/le-chant-des-forets-realise-par-le-vosgien-vincent-munier-recompense-aux-prix-lumieres\/\"]}]},{\"@type\":\"ImageObject\",\"inLanguage\":\"fr-FR\",\"@id\":\"https:\/\/vosgesinfo.fr\/remiremontinfo\/2026\/01\/le-chant-des-forets-realise-par-le-vosgien-vincent-munier-recompense-aux-prix-lumieres\/#primaryimage\",\"url\":\"https:\/\/vosgesinfo.fr\/app\/uploads\/sites\/5\/2026\/01\/le-chant-des-forets.jpg\",\"contentUrl\":\"https:\/\/vosgesinfo.fr\/app\/uploads\/sites\/5\/2026\/01\/le-chant-des-forets.jpg\",\"width\":671,\"height\":409},{\"@type\":\"BreadcrumbList\",\"@id\":\"https:\/\/vosgesinfo.fr\/remiremontinfo\/2026\/01\/le-chant-des-forets-realise-par-le-vosgien-vincent-munier-recompense-aux-prix-lumieres\/#breadcrumb\",\"itemListElement\":[{\"@type\":\"ListItem\",\"position\":1,\"name\":\"Home\",\"item\":\"https:\/\/vosgesinfo.fr\/remiremontinfo\/\"},{\"@type\":\"ListItem\",\"position\":2,\"name\":\"Le Chant des for\u00eats r\u00e9alis\u00e9 par le vosgien Vincent Munier r\u00e9compens\u00e9 aux prix Lumi\u00e8res\"}]},{\"@type\":\"WebSite\",\"@id\":\"https:\/\/vosgesinfo.fr\/remiremontinfo\/#website\",\"url\":\"https:\/\/vosgesinfo.fr\/remiremontinfo\/\",\"name\":\"Remiremont Info\",\"description\":\"Toute l&#039;actualit\u00e9 de Remiremont\",\"publisher\":{\"@id\":\"https:\/\/vosgesinfo.fr\/remiremontinfo\/#organization\"},\"alternateName\":\"Toute l'actualit\u00e9 de Remiremont\",\"potentialAction\":[{\"@type\":\"SearchAction\",\"target\":{\"@type\":\"EntryPoint\",\"urlTemplate\":\"https:\/\/vosgesinfo.fr\/remiremontinfo\/?s={search_term_string}\"},\"query-input\":\"required name=search_term_string\"}],\"inLanguage\":\"fr-FR\"},{\"@type\":\"Organization\",\"@id\":\"https:\/\/vosgesinfo.fr\/remiremontinfo\/#organization\",\"name\":\"Remiremont Info\",\"url\":\"https:\/\/vosgesinfo.fr\/remiremontinfo\/\",\"logo\":{\"@type\":\"ImageObject\",\"inLanguage\":\"fr-FR\",\"@id\":\"https:\/\/vosgesinfo.fr\/remiremontinfo\/#\/schema\/logo\/image\/\",\"url\":\"https:\/\/vosgesinfo.fr\/app\/uploads\/sites\/5\/2023\/08\/favicon-remiremontinfo.png\",\"contentUrl\":\"https:\/\/vosgesinfo.fr\/app\/uploads\/sites\/5\/2023\/08\/favicon-remiremontinfo.png\",\"width\":512,\"height\":512,\"caption\":\"Remiremont Info\"},\"image\":{\"@id\":\"https:\/\/vosgesinfo.fr\/remiremontinfo\/#\/schema\/logo\/image\/\"},\"sameAs\":[\"https:\/\/www.facebook.com\/remiremontinfo\",\"https:\/\/x.com\/VosgesInfo88\",\"https:\/\/www.youtube.com\/@vosgesinfo\"]},{\"@type\":\"Person\",\"@id\":\"https:\/\/vosgesinfo.fr\/remiremontinfo\/#\/schema\/person\/6f9a650eeea99d969b6c4ab78fccbe81\",\"name\":\"C.K.\",\"image\":{\"@type\":\"ImageObject\",\"inLanguage\":\"fr-FR\",\"@id\":\"https:\/\/vosgesinfo.fr\/remiremontinfo\/#\/schema\/person\/image\/\",\"url\":\"https:\/\/secure.gravatar.com\/avatar\/48e3fc7f8421ba8942be6b74a2b7f014ca39bc00dece156b7a8e098ae7dc87bf?s=96&d=mm&r=g\",\"contentUrl\":\"https:\/\/secure.gravatar.com\/avatar\/48e3fc7f8421ba8942be6b74a2b7f014ca39bc00dece156b7a8e098ae7dc87bf?s=96&d=mm&r=g\",\"caption\":\"C.K.\"},\"url\":\"https:\/\/vosgesinfo.fr\/remiremontinfo\/author\/celia-k-n\/\"}]}<\/script>\n<!-- \/ Yoast SEO plugin. -->","yoast_head_json":{"title":"Le Chant des for\u00eats r\u00e9alis\u00e9 par le vosgien Vincent Munier r\u00e9compens\u00e9 aux prix Lumi\u00e8res - Remiremont Info","robots":{"index":"index","follow":"follow","max-snippet":"max-snippet:-1","max-image-preview":"max-image-preview:large","max-video-preview":"max-video-preview:-1"},"canonical":"https:\/\/vosgesinfo.fr\/remiremontinfo\/2026\/01\/le-chant-des-forets-realise-par-le-vosgien-vincent-munier-recompense-aux-prix-lumieres\/","twitter_card":"summary_large_image","twitter_title":"Le Chant des for\u00eats r\u00e9alis\u00e9 par le vosgien Vincent Munier r\u00e9compens\u00e9 aux prix Lumi\u00e8res - Remiremont Info","twitter_description":"Le r\u00e9alisateur et photographe vosgien Vincent Munier continue de voir son travail largement reconnu par le monde du cin\u00e9ma. Apr\u00e8s [&hellip;]","twitter_image":"https:\/\/vosgesinfo.fr\/app\/uploads\/sites\/5\/2026\/01\/le-chant-des-forets.jpg","twitter_creator":"@VosgesInfo88","twitter_site":"@VosgesInfo88","twitter_misc":{"\u00c9crit par":"C.K.","Dur\u00e9e de lecture estim\u00e9e":"1 minute"},"schema":{"@context":"https:\/\/schema.org","@graph":[{"@type":"Article","@id":"https:\/\/vosgesinfo.fr\/remiremontinfo\/2026\/01\/le-chant-des-forets-realise-par-le-vosgien-vincent-munier-recompense-aux-prix-lumieres\/#article","isPartOf":{"@id":"https:\/\/vosgesinfo.fr\/remiremontinfo\/2026\/01\/le-chant-des-forets-realise-par-le-vosgien-vincent-munier-recompense-aux-prix-lumieres\/"},"author":{"name":"C.K.","@id":"https:\/\/vosgesinfo.fr\/remiremontinfo\/#\/schema\/person\/6f9a650eeea99d969b6c4ab78fccbe81"},"headline":"Le Chant des for\u00eats r\u00e9alis\u00e9 par le vosgien Vincent Munier r\u00e9compens\u00e9 aux prix Lumi\u00e8res","datePublished":"2026-01-28T11:27:28+00:00","dateModified":"2026-01-28T11:27:28+00:00","mainEntityOfPage":{"@id":"https:\/\/vosgesinfo.fr\/remiremontinfo\/2026\/01\/le-chant-des-forets-realise-par-le-vosgien-vincent-munier-recompense-aux-prix-lumieres\/"},"wordCount":267,"commentCount":0,"publisher":{"@id":"https:\/\/vosgesinfo.fr\/remiremontinfo\/#organization"},"image":{"@id":"https:\/\/vosgesinfo.fr\/remiremontinfo\/2026\/01\/le-chant-des-forets-realise-par-le-vosgien-vincent-munier-recompense-aux-prix-lumieres\/#primaryimage"},"thumbnailUrl":"https:\/\/vosgesinfo.fr\/app\/uploads\/sites\/5\/2026\/01\/le-chant-des-forets.jpg","articleSection":["A la Une","Epinal","G\u00e9rardmer","La plaine des vosges","Remiremont","Saint-di\u00e9"],"inLanguage":"fr-FR","potentialAction":[{"@type":"CommentAction","name":"Comment","target":["https:\/\/vosgesinfo.fr\/remiremontinfo\/2026\/01\/le-chant-des-forets-realise-par-le-vosgien-vincent-munier-recompense-aux-prix-lumieres\/#respond"]}]},{"@type":"WebPage","@id":"https:\/\/vosgesinfo.fr\/remiremontinfo\/2026\/01\/le-chant-des-forets-realise-par-le-vosgien-vincent-munier-recompense-aux-prix-lumieres\/","url":"https:\/\/vosgesinfo.fr\/remiremontinfo\/2026\/01\/le-chant-des-forets-realise-par-le-vosgien-vincent-munier-recompense-aux-prix-lumieres\/","name":"Le Chant des for\u00eats r\u00e9alis\u00e9 par le vosgien Vincent Munier r\u00e9compens\u00e9 aux prix Lumi\u00e8res - Remiremont Info","isPartOf":{"@id":"https:\/\/vosgesinfo.fr\/remiremontinfo\/#website"},"primaryImageOfPage":{"@id":"https:\/\/vosgesinfo.fr\/remiremontinfo\/2026\/01\/le-chant-des-forets-realise-par-le-vosgien-vincent-munier-recompense-aux-prix-lumieres\/#primaryimage"},"image":{"@id":"https:\/\/vosgesinfo.fr\/remiremontinfo\/2026\/01\/le-chant-des-forets-realise-par-le-vosgien-vincent-munier-recompense-aux-prix-lumieres\/#primaryimage"},"thumbnailUrl":"https:\/\/vosgesinfo.fr\/app\/uploads\/sites\/5\/2026\/01\/le-chant-des-forets.jpg","datePublished":"2026-01-28T11:27:28+00:00","dateModified":"2026-01-28T11:27:28+00:00","breadcrumb":{"@id":"https:\/\/vosgesinfo.fr\/remiremontinfo\/2026\/01\/le-chant-des-forets-realise-par-le-vosgien-vincent-munier-recompense-aux-prix-lumieres\/#breadcrumb"},"inLanguage":"fr-FR","potentialAction":[{"@type":"ReadAction","target":["https:\/\/vosgesinfo.fr\/remiremontinfo\/2026\/01\/le-chant-des-forets-realise-par-le-vosgien-vincent-munier-recompense-aux-prix-lumieres\/"]}]},{"@type":"ImageObject","inLanguage":"fr-FR","@id":"https:\/\/vosgesinfo.fr\/remiremontinfo\/2026\/01\/le-chant-des-forets-realise-par-le-vosgien-vincent-munier-recompense-aux-prix-lumieres\/#primaryimage","url":"https:\/\/vosgesinfo.fr\/app\/uploads\/sites\/5\/2026\/01\/le-chant-des-forets.jpg","contentUrl":"https:\/\/vosgesinfo.fr\/app\/uploads\/sites\/5\/2026\/01\/le-chant-des-forets.jpg","width":671,"height":409},{"@type":"BreadcrumbList","@id":"https:\/\/vosgesinfo.fr\/remiremontinfo\/2026\/01\/le-chant-des-forets-realise-par-le-vosgien-vincent-munier-recompense-aux-prix-lumieres\/#breadcrumb","itemListElement":[{"@type":"ListItem","position":1,"name":"Home","item":"https:\/\/vosgesinfo.fr\/remiremontinfo\/"},{"@type":"ListItem","position":2,"name":"Le Chant des for\u00eats r\u00e9alis\u00e9 par le vosgien Vincent Munier r\u00e9compens\u00e9 aux prix Lumi\u00e8res"}]},{"@type":"WebSite","@id":"https:\/\/vosgesinfo.fr\/remiremontinfo\/#website","url":"https:\/\/vosgesinfo.fr\/remiremontinfo\/","name":"Remiremont Info","description":"Toute l&#039;actualit\u00e9 de Remiremont","publisher":{"@id":"https:\/\/vosgesinfo.fr\/remiremontinfo\/#organization"},"alternateName":"Toute l'actualit\u00e9 de Remiremont","potentialAction":[{"@type":"SearchAction","target":{"@type":"EntryPoint","urlTemplate":"https:\/\/vosgesinfo.fr\/remiremontinfo\/?s={search_term_string}"},"query-input":"required name=search_term_string"}],"inLanguage":"fr-FR"},{"@type":"Organization","@id":"https:\/\/vosgesinfo.fr\/remiremontinfo\/#organization","name":"Remiremont Info","url":"https:\/\/vosgesinfo.fr\/remiremontinfo\/","logo":{"@type":"ImageObject","inLanguage":"fr-FR","@id":"https:\/\/vosgesinfo.fr\/remiremontinfo\/#\/schema\/logo\/image\/","url":"https:\/\/vosgesinfo.fr\/app\/uploads\/sites\/5\/2023\/08\/favicon-remiremontinfo.png","contentUrl":"https:\/\/vosgesinfo.fr\/app\/uploads\/sites\/5\/2023\/08\/favicon-remiremontinfo.png","width":512,"height":512,"caption":"Remiremont Info"},"image":{"@id":"https:\/\/vosgesinfo.fr\/remiremontinfo\/#\/schema\/logo\/image\/"},"sameAs":["https:\/\/www.facebook.com\/remiremontinfo","https:\/\/x.com\/VosgesInfo88","https:\/\/www.youtube.com\/@vosgesinfo"]},{"@type":"Person","@id":"https:\/\/vosgesinfo.fr\/remiremontinfo\/#\/schema\/person\/6f9a650eeea99d969b6c4ab78fccbe81","name":"C.K.","image":{"@type":"ImageObject","inLanguage":"fr-FR","@id":"https:\/\/vosgesinfo.fr\/remiremontinfo\/#\/schema\/person\/image\/","url":"https:\/\/secure.gravatar.com\/avatar\/48e3fc7f8421ba8942be6b74a2b7f014ca39bc00dece156b7a8e098ae7dc87bf?s=96&d=mm&r=g","contentUrl":"https:\/\/secure.gravatar.com\/avatar\/48e3fc7f8421ba8942be6b74a2b7f014ca39bc00dece156b7a8e098ae7dc87bf?s=96&d=mm&r=g","caption":"C.K."},"url":"https:\/\/vosgesinfo.fr\/remiremontinfo\/author\/celia-k-n\/"}]}},"_links":{"self":[{"href":"https:\/\/vosgesinfo.fr\/remiremontinfo\/wp-json\/wp\/v2\/posts\/88349","targetHints":{"allow":["GET"]}}],"collection":[{"href":"https:\/\/vosgesinfo.fr\/remiremontinfo\/wp-json\/wp\/v2\/posts"}],"about":[{"href":"https:\/\/vosgesinfo.fr\/remiremontinfo\/wp-json\/wp\/v2\/types\/post"}],"author":[{"embeddable":true,"href":"https:\/\/vosgesinfo.fr\/remiremontinfo\/wp-json\/wp\/v2\/users\/52"}],"replies":[{"embeddable":true,"href":"https:\/\/vosgesinfo.fr\/remiremontinfo\/wp-json\/wp\/v2\/comments?post=88349"}],"version-history":[{"count":0,"href":"https:\/\/vosgesinfo.fr\/remiremontinfo\/wp-json\/wp\/v2\/posts\/88349\/revisions"}],"wp:featuredmedia":[{"embeddable":true,"href":"https:\/\/vosgesinfo.fr\/remiremontinfo\/wp-json\/wp\/v2\/media\/88350"}],"wp:attachment":[{"href":"https:\/\/vosgesinfo.fr\/remiremontinfo\/wp-json\/wp\/v2\/media?parent=88349"}],"wp:term":[{"taxonomy":"category","embeddable":true,"href":"https:\/\/vosgesinfo.fr\/remiremontinfo\/wp-json\/wp\/v2\/categories?post=88349"},{"taxonomy":"post_tag","embeddable":true,"href":"https:\/\/vosgesinfo.fr\/remiremontinfo\/wp-json\/wp\/v2\/tags?post=88349"}],"curies":[{"name":"wp","href":"https:\/\/api.w.org\/{rel}","templated":true}]}}