{"id":88351,"date":"2026-01-28T15:15:08","date_gmt":"2026-01-28T14:15:08","guid":{"rendered":"https:\/\/vosgesinfo.fr\/remiremontinfo\/?p=88351"},"modified":"2026-01-28T14:52:23","modified_gmt":"2026-01-28T13:52:23","slug":"vagney-carton-plein-pour-la-premiere-edition-du-festival-vivrenjeux","status":"publish","type":"post","link":"https:\/\/vosgesinfo.fr\/remiremontinfo\/2026\/01\/vagney-carton-plein-pour-la-premiere-edition-du-festival-vivrenjeux\/","title":{"rendered":"Vagney &#8211; Carton plein pour la premi\u00e8re \u00e9dition du festival Vivr\u2019enjeux"},"content":{"rendered":"<p align=\"justify\"><a href=\"https:\/\/vosgesinfo.fr\/app\/uploads\/sites\/5\/2026\/01\/festival-vagney-2026.jpg\"><img decoding=\"async\" class=\"aligncenter size-large wp-image-88352\" src=\"https:\/\/vosgesinfo.fr\/app\/uploads\/sites\/5\/2026\/01\/festival-vagney-2026-1024x473.jpg\" alt=\"\" width=\"1024\" height=\"473\" srcset=\"https:\/\/vosgesinfo.fr\/app\/uploads\/sites\/5\/2026\/01\/festival-vagney-2026-1024x473.jpg 1024w, https:\/\/vosgesinfo.fr\/app\/uploads\/sites\/5\/2026\/01\/festival-vagney-2026-300x139.jpg 300w, https:\/\/vosgesinfo.fr\/app\/uploads\/sites\/5\/2026\/01\/festival-vagney-2026-768x355.jpg 768w, https:\/\/vosgesinfo.fr\/app\/uploads\/sites\/5\/2026\/01\/festival-vagney-2026-1536x709.jpg 1536w, https:\/\/vosgesinfo.fr\/app\/uploads\/sites\/5\/2026\/01\/festival-vagney-2026.jpg 1555w\" sizes=\"(max-width: 1024px) 100vw, 1024px\" \/><\/a><\/p>\n<p align=\"justify\">\n<p align=\"justify\">Ce samedi 24 janvier, \u00e0 la salle polyvalente de Vagney, s\u2019est tenue <b>la premi\u00e8re \u00e9dition du festival Vivr\u2019enjeux<\/b> organis\u00e9 par l\u2019association Vivre En\u2019Jeux. <b>Ce sont 650 visiteurs qui sont venus profiter de cette journ\u00e9e<\/b> plac\u00e9e sous le signe de la convivialit\u00e9 et du partage. Tout au long de la journ\u00e9e les visiteurs ont pu s\u2019adonner \u00e0 plusieurs activit\u00e9s ludiques\u00a0tels que des escape games, tournois pour tous, jeux de plateau, jeux de piste dans tout le festival et boutique de jeux d\u2019occasion. Un espace petite enfance a \u00e9galement combl\u00e9 les plus jeunes.<\/p>\n<p align=\"justify\">Sur places diff\u00e9rents partenaires \u00e9taient \u00e9galement de la partie\u00a0: Adrien Mansuy et ses cr\u00e9ations en bois, la boutique au Grand Gn\u00f4me, l\u2019Echiquier des Hautes Vosges, Christophe Gentilhomme cr\u00e9ateur de jeux, la m\u00e9diath\u00e8que de Vagney, les ludoth\u00e8ques de La Bresse et du Val d\u2019Ajol, les d\u00e9s de Gauioleno, Lalain Papoudark, l\u2019EHPAD de Vagney, ALE Vosges et Food is not dead.<\/p>\n<p align=\"justify\">Une journ\u00e9e pour tous qui a rassembl\u00e9 un large public. Les organisateurs tiennent \u00e0 remercier chaleureusement la commune de Vagney, les salari\u00e9s, les b\u00e9n\u00e9voles, les partenaires et les visiteurs sans qui cette journ\u00e9e n\u2019aurait pas \u00e9t\u00e9 possible !<\/p>\n","protected":false},"excerpt":{"rendered":"<p>Ce samedi 24 janvier, \u00e0 la salle polyvalente de Vagney, s\u2019est tenue la premi\u00e8re \u00e9dition du festival Vivr\u2019enjeux organis\u00e9 par [&hellip;]<\/p>\n","protected":false},"author":391,"featured_media":88352,"comment_status":"open","ping_status":"open","sticky":false,"template":"","format":"standard","meta":{"footnotes":""},"categories":[26,4,43,36],"tags":[8750],"class_list":["post-88351","post","type-post","status-publish","format-standard","has-post-thumbnail","hentry","category-a-la-une","category-culture","category-remiremont-remiremont-son-canton","category-vagney","tag-vivrenjeux"],"acf":[],"yoast_head":"<!-- This site is optimized with the Yoast SEO plugin v22.5 - https:\/\/yoast.com\/wordpress\/plugins\/seo\/ -->\n<title>Vagney - Carton plein pour la premi\u00e8re \u00e9dition du festival Vivr\u2019enjeux - Remiremont Info<\/title>\n<meta name=\"robots\" content=\"index, follow, max-snippet:-1, max-image-preview:large, max-video-preview:-1\" \/>\n<link rel=\"canonical\" href=\"https:\/\/vosgesinfo.fr\/remiremontinfo\/2026\/01\/vagney-carton-plein-pour-la-premiere-edition-du-festival-vivrenjeux\/\" \/>\n<meta name=\"twitter:card\" content=\"summary_large_image\" \/>\n<meta name=\"twitter:title\" content=\"Vagney - Carton plein pour la premi\u00e8re \u00e9dition du festival Vivr\u2019enjeux - Remiremont Info\" \/>\n<meta name=\"twitter:description\" content=\"Ce samedi 24 janvier, \u00e0 la salle polyvalente de Vagney, s\u2019est tenue la premi\u00e8re \u00e9dition du festival Vivr\u2019enjeux organis\u00e9 par [&hellip;]\" \/>\n<meta name=\"twitter:image\" content=\"https:\/\/vosgesinfo.fr\/app\/uploads\/sites\/5\/2026\/01\/festival-vagney-2026.jpg\" \/>\n<meta name=\"twitter:creator\" content=\"@VosgesInfo88\" \/>\n<meta name=\"twitter:site\" content=\"@VosgesInfo88\" \/>\n<meta name=\"twitter:label1\" content=\"\u00c9crit par\" \/>\n\t<meta name=\"twitter:data1\" content=\"La redaction\" \/>\n\t<meta name=\"twitter:label2\" content=\"Dur\u00e9e de lecture estim\u00e9e\" \/>\n\t<meta name=\"twitter:data2\" content=\"1 minute\" \/>\n<script type=\"application\/ld+json\" class=\"yoast-schema-graph\">{\"@context\":\"https:\/\/schema.org\",\"@graph\":[{\"@type\":\"Article\",\"@id\":\"https:\/\/vosgesinfo.fr\/remiremontinfo\/2026\/01\/vagney-carton-plein-pour-la-premiere-edition-du-festival-vivrenjeux\/#article\",\"isPartOf\":{\"@id\":\"https:\/\/vosgesinfo.fr\/remiremontinfo\/2026\/01\/vagney-carton-plein-pour-la-premiere-edition-du-festival-vivrenjeux\/\"},\"author\":{\"name\":\"La redaction\",\"@id\":\"https:\/\/vosgesinfo.fr\/remiremontinfo\/#\/schema\/person\/27a3695b06db98895b354c0765cdfc31\"},\"headline\":\"Vagney &#8211; Carton plein pour la premi\u00e8re \u00e9dition du festival Vivr\u2019enjeux\",\"datePublished\":\"2026-01-28T14:15:08+00:00\",\"dateModified\":\"2026-01-28T13:52:23+00:00\",\"mainEntityOfPage\":{\"@id\":\"https:\/\/vosgesinfo.fr\/remiremontinfo\/2026\/01\/vagney-carton-plein-pour-la-premiere-edition-du-festival-vivrenjeux\/\"},\"wordCount\":224,\"commentCount\":0,\"publisher\":{\"@id\":\"https:\/\/vosgesinfo.fr\/remiremontinfo\/#organization\"},\"image\":{\"@id\":\"https:\/\/vosgesinfo.fr\/remiremontinfo\/2026\/01\/vagney-carton-plein-pour-la-premiere-edition-du-festival-vivrenjeux\/#primaryimage\"},\"thumbnailUrl\":\"https:\/\/vosgesinfo.fr\/app\/uploads\/sites\/5\/2026\/01\/festival-vagney-2026.jpg\",\"keywords\":[\"Vivr\u2019enjeux\"],\"articleSection\":[\"A la Une\",\"Culture\",\"Remiremont\",\"Vagney\"],\"inLanguage\":\"fr-FR\",\"potentialAction\":[{\"@type\":\"CommentAction\",\"name\":\"Comment\",\"target\":[\"https:\/\/vosgesinfo.fr\/remiremontinfo\/2026\/01\/vagney-carton-plein-pour-la-premiere-edition-du-festival-vivrenjeux\/#respond\"]}]},{\"@type\":\"WebPage\",\"@id\":\"https:\/\/vosgesinfo.fr\/remiremontinfo\/2026\/01\/vagney-carton-plein-pour-la-premiere-edition-du-festival-vivrenjeux\/\",\"url\":\"https:\/\/vosgesinfo.fr\/remiremontinfo\/2026\/01\/vagney-carton-plein-pour-la-premiere-edition-du-festival-vivrenjeux\/\",\"name\":\"Vagney - Carton plein pour la premi\u00e8re \u00e9dition du festival Vivr\u2019enjeux - Remiremont Info\",\"isPartOf\":{\"@id\":\"https:\/\/vosgesinfo.fr\/remiremontinfo\/#website\"},\"primaryImageOfPage\":{\"@id\":\"https:\/\/vosgesinfo.fr\/remiremontinfo\/2026\/01\/vagney-carton-plein-pour-la-premiere-edition-du-festival-vivrenjeux\/#primaryimage\"},\"image\":{\"@id\":\"https:\/\/vosgesinfo.fr\/remiremontinfo\/2026\/01\/vagney-carton-plein-pour-la-premiere-edition-du-festival-vivrenjeux\/#primaryimage\"},\"thumbnailUrl\":\"https:\/\/vosgesinfo.fr\/app\/uploads\/sites\/5\/2026\/01\/festival-vagney-2026.jpg\",\"datePublished\":\"2026-01-28T14:15:08+00:00\",\"dateModified\":\"2026-01-28T13:52:23+00:00\",\"breadcrumb\":{\"@id\":\"https:\/\/vosgesinfo.fr\/remiremontinfo\/2026\/01\/vagney-carton-plein-pour-la-premiere-edition-du-festival-vivrenjeux\/#breadcrumb\"},\"inLanguage\":\"fr-FR\",\"potentialAction\":[{\"@type\":\"ReadAction\",\"target\":[\"https:\/\/vosgesinfo.fr\/remiremontinfo\/2026\/01\/vagney-carton-plein-pour-la-premiere-edition-du-festival-vivrenjeux\/\"]}]},{\"@type\":\"ImageObject\",\"inLanguage\":\"fr-FR\",\"@id\":\"https:\/\/vosgesinfo.fr\/remiremontinfo\/2026\/01\/vagney-carton-plein-pour-la-premiere-edition-du-festival-vivrenjeux\/#primaryimage\",\"url\":\"https:\/\/vosgesinfo.fr\/app\/uploads\/sites\/5\/2026\/01\/festival-vagney-2026.jpg\",\"contentUrl\":\"https:\/\/vosgesinfo.fr\/app\/uploads\/sites\/5\/2026\/01\/festival-vagney-2026.jpg\",\"width\":1555,\"height\":718},{\"@type\":\"BreadcrumbList\",\"@id\":\"https:\/\/vosgesinfo.fr\/remiremontinfo\/2026\/01\/vagney-carton-plein-pour-la-premiere-edition-du-festival-vivrenjeux\/#breadcrumb\",\"itemListElement\":[{\"@type\":\"ListItem\",\"position\":1,\"name\":\"Home\",\"item\":\"https:\/\/vosgesinfo.fr\/remiremontinfo\/\"},{\"@type\":\"ListItem\",\"position\":2,\"name\":\"Vagney &#8211; Carton plein pour la premi\u00e8re \u00e9dition du festival Vivr\u2019enjeux\"}]},{\"@type\":\"WebSite\",\"@id\":\"https:\/\/vosgesinfo.fr\/remiremontinfo\/#website\",\"url\":\"https:\/\/vosgesinfo.fr\/remiremontinfo\/\",\"name\":\"Remiremont Info\",\"description\":\"Toute l&#039;actualit\u00e9 de Remiremont\",\"publisher\":{\"@id\":\"https:\/\/vosgesinfo.fr\/remiremontinfo\/#organization\"},\"alternateName\":\"Toute l'actualit\u00e9 de Remiremont\",\"potentialAction\":[{\"@type\":\"SearchAction\",\"target\":{\"@type\":\"EntryPoint\",\"urlTemplate\":\"https:\/\/vosgesinfo.fr\/remiremontinfo\/?s={search_term_string}\"},\"query-input\":\"required name=search_term_string\"}],\"inLanguage\":\"fr-FR\"},{\"@type\":\"Organization\",\"@id\":\"https:\/\/vosgesinfo.fr\/remiremontinfo\/#organization\",\"name\":\"Remiremont Info\",\"url\":\"https:\/\/vosgesinfo.fr\/remiremontinfo\/\",\"logo\":{\"@type\":\"ImageObject\",\"inLanguage\":\"fr-FR\",\"@id\":\"https:\/\/vosgesinfo.fr\/remiremontinfo\/#\/schema\/logo\/image\/\",\"url\":\"https:\/\/vosgesinfo.fr\/app\/uploads\/sites\/5\/2023\/08\/favicon-remiremontinfo.png\",\"contentUrl\":\"https:\/\/vosgesinfo.fr\/app\/uploads\/sites\/5\/2023\/08\/favicon-remiremontinfo.png\",\"width\":512,\"height\":512,\"caption\":\"Remiremont Info\"},\"image\":{\"@id\":\"https:\/\/vosgesinfo.fr\/remiremontinfo\/#\/schema\/logo\/image\/\"},\"sameAs\":[\"https:\/\/www.facebook.com\/remiremontinfo\",\"https:\/\/x.com\/VosgesInfo88\",\"https:\/\/www.youtube.com\/@vosgesinfo\"]},{\"@type\":\"Person\",\"@id\":\"https:\/\/vosgesinfo.fr\/remiremontinfo\/#\/schema\/person\/27a3695b06db98895b354c0765cdfc31\",\"name\":\"La redaction\",\"image\":{\"@type\":\"ImageObject\",\"inLanguage\":\"fr-FR\",\"@id\":\"https:\/\/vosgesinfo.fr\/remiremontinfo\/#\/schema\/person\/image\/\",\"url\":\"https:\/\/secure.gravatar.com\/avatar\/64c76a78e501cedee55736f43f332df901e1896ae9cd8fad269ae2236dd0e8b6?s=96&d=mm&r=g\",\"contentUrl\":\"https:\/\/secure.gravatar.com\/avatar\/64c76a78e501cedee55736f43f332df901e1896ae9cd8fad269ae2236dd0e8b6?s=96&d=mm&r=g\",\"caption\":\"La redaction\"},\"url\":\"https:\/\/vosgesinfo.fr\/remiremontinfo\/author\/la-redaction\/\"}]}<\/script>\n<!-- \/ Yoast SEO plugin. -->","yoast_head_json":{"title":"Vagney - Carton plein pour la premi\u00e8re \u00e9dition du festival Vivr\u2019enjeux - Remiremont Info","robots":{"index":"index","follow":"follow","max-snippet":"max-snippet:-1","max-image-preview":"max-image-preview:large","max-video-preview":"max-video-preview:-1"},"canonical":"https:\/\/vosgesinfo.fr\/remiremontinfo\/2026\/01\/vagney-carton-plein-pour-la-premiere-edition-du-festival-vivrenjeux\/","twitter_card":"summary_large_image","twitter_title":"Vagney - Carton plein pour la premi\u00e8re \u00e9dition du festival Vivr\u2019enjeux - Remiremont Info","twitter_description":"Ce samedi 24 janvier, \u00e0 la salle polyvalente de Vagney, s\u2019est tenue la premi\u00e8re \u00e9dition du festival Vivr\u2019enjeux organis\u00e9 par [&hellip;]","twitter_image":"https:\/\/vosgesinfo.fr\/app\/uploads\/sites\/5\/2026\/01\/festival-vagney-2026.jpg","twitter_creator":"@VosgesInfo88","twitter_site":"@VosgesInfo88","twitter_misc":{"\u00c9crit par":"La redaction","Dur\u00e9e de lecture estim\u00e9e":"1 minute"},"schema":{"@context":"https:\/\/schema.org","@graph":[{"@type":"Article","@id":"https:\/\/vosgesinfo.fr\/remiremontinfo\/2026\/01\/vagney-carton-plein-pour-la-premiere-edition-du-festival-vivrenjeux\/#article","isPartOf":{"@id":"https:\/\/vosgesinfo.fr\/remiremontinfo\/2026\/01\/vagney-carton-plein-pour-la-premiere-edition-du-festival-vivrenjeux\/"},"author":{"name":"La redaction","@id":"https:\/\/vosgesinfo.fr\/remiremontinfo\/#\/schema\/person\/27a3695b06db98895b354c0765cdfc31"},"headline":"Vagney &#8211; Carton plein pour la premi\u00e8re \u00e9dition du festival Vivr\u2019enjeux","datePublished":"2026-01-28T14:15:08+00:00","dateModified":"2026-01-28T13:52:23+00:00","mainEntityOfPage":{"@id":"https:\/\/vosgesinfo.fr\/remiremontinfo\/2026\/01\/vagney-carton-plein-pour-la-premiere-edition-du-festival-vivrenjeux\/"},"wordCount":224,"commentCount":0,"publisher":{"@id":"https:\/\/vosgesinfo.fr\/remiremontinfo\/#organization"},"image":{"@id":"https:\/\/vosgesinfo.fr\/remiremontinfo\/2026\/01\/vagney-carton-plein-pour-la-premiere-edition-du-festival-vivrenjeux\/#primaryimage"},"thumbnailUrl":"https:\/\/vosgesinfo.fr\/app\/uploads\/sites\/5\/2026\/01\/festival-vagney-2026.jpg","keywords":["Vivr\u2019enjeux"],"articleSection":["A la Une","Culture","Remiremont","Vagney"],"inLanguage":"fr-FR","potentialAction":[{"@type":"CommentAction","name":"Comment","target":["https:\/\/vosgesinfo.fr\/remiremontinfo\/2026\/01\/vagney-carton-plein-pour-la-premiere-edition-du-festival-vivrenjeux\/#respond"]}]},{"@type":"WebPage","@id":"https:\/\/vosgesinfo.fr\/remiremontinfo\/2026\/01\/vagney-carton-plein-pour-la-premiere-edition-du-festival-vivrenjeux\/","url":"https:\/\/vosgesinfo.fr\/remiremontinfo\/2026\/01\/vagney-carton-plein-pour-la-premiere-edition-du-festival-vivrenjeux\/","name":"Vagney - Carton plein pour la premi\u00e8re \u00e9dition du festival Vivr\u2019enjeux - Remiremont Info","isPartOf":{"@id":"https:\/\/vosgesinfo.fr\/remiremontinfo\/#website"},"primaryImageOfPage":{"@id":"https:\/\/vosgesinfo.fr\/remiremontinfo\/2026\/01\/vagney-carton-plein-pour-la-premiere-edition-du-festival-vivrenjeux\/#primaryimage"},"image":{"@id":"https:\/\/vosgesinfo.fr\/remiremontinfo\/2026\/01\/vagney-carton-plein-pour-la-premiere-edition-du-festival-vivrenjeux\/#primaryimage"},"thumbnailUrl":"https:\/\/vosgesinfo.fr\/app\/uploads\/sites\/5\/2026\/01\/festival-vagney-2026.jpg","datePublished":"2026-01-28T14:15:08+00:00","dateModified":"2026-01-28T13:52:23+00:00","breadcrumb":{"@id":"https:\/\/vosgesinfo.fr\/remiremontinfo\/2026\/01\/vagney-carton-plein-pour-la-premiere-edition-du-festival-vivrenjeux\/#breadcrumb"},"inLanguage":"fr-FR","potentialAction":[{"@type":"ReadAction","target":["https:\/\/vosgesinfo.fr\/remiremontinfo\/2026\/01\/vagney-carton-plein-pour-la-premiere-edition-du-festival-vivrenjeux\/"]}]},{"@type":"ImageObject","inLanguage":"fr-FR","@id":"https:\/\/vosgesinfo.fr\/remiremontinfo\/2026\/01\/vagney-carton-plein-pour-la-premiere-edition-du-festival-vivrenjeux\/#primaryimage","url":"https:\/\/vosgesinfo.fr\/app\/uploads\/sites\/5\/2026\/01\/festival-vagney-2026.jpg","contentUrl":"https:\/\/vosgesinfo.fr\/app\/uploads\/sites\/5\/2026\/01\/festival-vagney-2026.jpg","width":1555,"height":718},{"@type":"BreadcrumbList","@id":"https:\/\/vosgesinfo.fr\/remiremontinfo\/2026\/01\/vagney-carton-plein-pour-la-premiere-edition-du-festival-vivrenjeux\/#breadcrumb","itemListElement":[{"@type":"ListItem","position":1,"name":"Home","item":"https:\/\/vosgesinfo.fr\/remiremontinfo\/"},{"@type":"ListItem","position":2,"name":"Vagney &#8211; Carton plein pour la premi\u00e8re \u00e9dition du festival Vivr\u2019enjeux"}]},{"@type":"WebSite","@id":"https:\/\/vosgesinfo.fr\/remiremontinfo\/#website","url":"https:\/\/vosgesinfo.fr\/remiremontinfo\/","name":"Remiremont Info","description":"Toute l&#039;actualit\u00e9 de Remiremont","publisher":{"@id":"https:\/\/vosgesinfo.fr\/remiremontinfo\/#organization"},"alternateName":"Toute l'actualit\u00e9 de Remiremont","potentialAction":[{"@type":"SearchAction","target":{"@type":"EntryPoint","urlTemplate":"https:\/\/vosgesinfo.fr\/remiremontinfo\/?s={search_term_string}"},"query-input":"required name=search_term_string"}],"inLanguage":"fr-FR"},{"@type":"Organization","@id":"https:\/\/vosgesinfo.fr\/remiremontinfo\/#organization","name":"Remiremont Info","url":"https:\/\/vosgesinfo.fr\/remiremontinfo\/","logo":{"@type":"ImageObject","inLanguage":"fr-FR","@id":"https:\/\/vosgesinfo.fr\/remiremontinfo\/#\/schema\/logo\/image\/","url":"https:\/\/vosgesinfo.fr\/app\/uploads\/sites\/5\/2023\/08\/favicon-remiremontinfo.png","contentUrl":"https:\/\/vosgesinfo.fr\/app\/uploads\/sites\/5\/2023\/08\/favicon-remiremontinfo.png","width":512,"height":512,"caption":"Remiremont Info"},"image":{"@id":"https:\/\/vosgesinfo.fr\/remiremontinfo\/#\/schema\/logo\/image\/"},"sameAs":["https:\/\/www.facebook.com\/remiremontinfo","https:\/\/x.com\/VosgesInfo88","https:\/\/www.youtube.com\/@vosgesinfo"]},{"@type":"Person","@id":"https:\/\/vosgesinfo.fr\/remiremontinfo\/#\/schema\/person\/27a3695b06db98895b354c0765cdfc31","name":"La redaction","image":{"@type":"ImageObject","inLanguage":"fr-FR","@id":"https:\/\/vosgesinfo.fr\/remiremontinfo\/#\/schema\/person\/image\/","url":"https:\/\/secure.gravatar.com\/avatar\/64c76a78e501cedee55736f43f332df901e1896ae9cd8fad269ae2236dd0e8b6?s=96&d=mm&r=g","contentUrl":"https:\/\/secure.gravatar.com\/avatar\/64c76a78e501cedee55736f43f332df901e1896ae9cd8fad269ae2236dd0e8b6?s=96&d=mm&r=g","caption":"La redaction"},"url":"https:\/\/vosgesinfo.fr\/remiremontinfo\/author\/la-redaction\/"}]}},"_links":{"self":[{"href":"https:\/\/vosgesinfo.fr\/remiremontinfo\/wp-json\/wp\/v2\/posts\/88351","targetHints":{"allow":["GET"]}}],"collection":[{"href":"https:\/\/vosgesinfo.fr\/remiremontinfo\/wp-json\/wp\/v2\/posts"}],"about":[{"href":"https:\/\/vosgesinfo.fr\/remiremontinfo\/wp-json\/wp\/v2\/types\/post"}],"author":[{"embeddable":true,"href":"https:\/\/vosgesinfo.fr\/remiremontinfo\/wp-json\/wp\/v2\/users\/391"}],"replies":[{"embeddable":true,"href":"https:\/\/vosgesinfo.fr\/remiremontinfo\/wp-json\/wp\/v2\/comments?post=88351"}],"version-history":[{"count":1,"href":"https:\/\/vosgesinfo.fr\/remiremontinfo\/wp-json\/wp\/v2\/posts\/88351\/revisions"}],"predecessor-version":[{"id":88353,"href":"https:\/\/vosgesinfo.fr\/remiremontinfo\/wp-json\/wp\/v2\/posts\/88351\/revisions\/88353"}],"wp:featuredmedia":[{"embeddable":true,"href":"https:\/\/vosgesinfo.fr\/remiremontinfo\/wp-json\/wp\/v2\/media\/88352"}],"wp:attachment":[{"href":"https:\/\/vosgesinfo.fr\/remiremontinfo\/wp-json\/wp\/v2\/media?parent=88351"}],"wp:term":[{"taxonomy":"category","embeddable":true,"href":"https:\/\/vosgesinfo.fr\/remiremontinfo\/wp-json\/wp\/v2\/categories?post=88351"},{"taxonomy":"post_tag","embeddable":true,"href":"https:\/\/vosgesinfo.fr\/remiremontinfo\/wp-json\/wp\/v2\/tags?post=88351"}],"curies":[{"name":"wp","href":"https:\/\/api.w.org\/{rel}","templated":true}]}}