{"id":88354,"date":"2026-01-28T18:46:58","date_gmt":"2026-01-28T17:46:58","guid":{"rendered":"https:\/\/vosgesinfo.fr\/remiremontinfo\/2026\/01\/le-depute-stephane-viry-fait-adopter-a-lunanimite-une-proposition-de-loi-pour-perenniser-une-solution-de-retour-a-lemploi\/"},"modified":"2026-01-28T18:46:58","modified_gmt":"2026-01-28T17:46:58","slug":"le-depute-stephane-viry-fait-adopter-a-lunanimite-une-proposition-de-loi-pour-perenniser-une-solution-de-retour-a-lemploi","status":"publish","type":"post","link":"https:\/\/vosgesinfo.fr\/remiremontinfo\/2026\/01\/le-depute-stephane-viry-fait-adopter-a-lunanimite-une-proposition-de-loi-pour-perenniser-une-solution-de-retour-a-lemploi\/","title":{"rendered":"Le d\u00e9put\u00e9 St\u00e9phane Viry fait adopter \u00e0 l\u2019unanimit\u00e9 une proposition de loi pour p\u00e9renniser une solution de retour \u00e0 l\u2019emploi"},"content":{"rendered":"<div id=\"attachment_134518\" style=\"width: 1034px\" class=\"wp-caption aligncenter\"><a href=\"https:\/\/vosgesinfo.fr\/app\/uploads\/sites\/3\/2025\/08\/stephane-viry5-1.jpg\"><img decoding=\"async\" aria-describedby=\"caption-attachment-134518\" class=\"size-large wp-image-134518\" src=\"https:\/\/vosgesinfo.fr\/app\/uploads\/sites\/3\/2025\/08\/stephane-viry5-1-1024x771.jpg\" alt=\"\" width=\"1024\" height=\"771\" \/><\/a><p id=\"caption-attachment-134518\" class=\"wp-caption-text\">photo d&rsquo;archive<\/p><\/div>\n<h2 data-start=\"283\" data-end=\"670\"><strong>Apr\u00e8s dix ann\u00e9es d\u2019exp\u00e9rimentation, le dispositif \u00ab Territoires z\u00e9ro ch\u00f4meur de longue dur\u00e9e \u00bb (TZCLD) franchit une \u00e9tape d\u00e9cisive. L\u2019Assembl\u00e9e nationale a adopt\u00e9 \u00e0 l\u2019unanimit\u00e9, hier soir, une proposition de loi port\u00e9e par le d\u00e9put\u00e9 St\u00e9phane Viry, visant \u00e0 p\u00e9renniser et \u00e9tendre cette solution innovante d\u2019insertion professionnelle, en voie d\u2019entr\u00e9e dans le droit commun.<\/strong><\/h2>\n<p data-start=\"672\" data-end=\"1102\">Fond\u00e9 sur une approche novatrice de l\u2019activation de la d\u00e9pense sociale, le dispositif propose de <strong data-start=\"769\" data-end=\"811\">mobiliser autrement les moyens publics<\/strong> : plut\u00f4t que de financer uniquement l\u2019indemnisation du ch\u00f4mage, il soutient la <strong data-start=\"891\" data-end=\"950\">cr\u00e9ation d\u2019emplois utiles, adapt\u00e9s et ancr\u00e9s localement<\/strong>. Il permet ainsi \u00e0 des personnes volontairement priv\u00e9es durablement d\u2019emploi d\u2019acc\u00e9der \u00e0 une <strong data-start=\"1044\" data-end=\"1101\">activit\u00e9 professionnelle choisie, stable et s\u00e9curis\u00e9e<\/strong>.<\/p>\n<h3 data-start=\"1104\" data-end=\"1164\">Une approche territoriale au service du droit \u00e0 l\u2019emploi<\/h3>\n<p data-start=\"1166\" data-end=\"1657\">Convaincu de la pertinence de cette d\u00e9marche, le d\u00e9put\u00e9 St\u00e9phane Viry, d\u00e9fenseur du <strong data-start=\"1250\" data-end=\"1280\">droit \u00e0 l\u2019emploi pour tous<\/strong>, salue une avanc\u00e9e majeure pour une politique de l\u2019emploi fond\u00e9e sur la proximit\u00e9 et les dynamiques locales. Le dispositif repose sur l\u2019identification, au plus pr\u00e8s du terrain, des personnes durablement priv\u00e9es d\u2019emploi et sur leur accompagnement vers un <strong data-start=\"1536\" data-end=\"1566\">retour \u00e0 l\u2019activit\u00e9 en CDI<\/strong>, \u00e0 <strong data-start=\"1570\" data-end=\"1586\">temps choisi<\/strong>, garantissant \u00e0 la fois stabilit\u00e9 professionnelle et s\u00e9curit\u00e9 sociale.<\/p>\n<p data-start=\"1659\" data-end=\"1841\">Cette approche contribue \u00e0 rendre pleinement effectif le <strong data-start=\"1716\" data-end=\"1765\">droit \u00e0 l\u2019emploi inscrit dans la Constitution<\/strong>, en apportant une r\u00e9ponse concr\u00e8te et adapt\u00e9e aux r\u00e9alit\u00e9s des territoires.<\/p>\n<h3 data-start=\"1843\" data-end=\"1881\">Une efficacit\u00e9 reconnue et \u00e9valu\u00e9e<\/h3>\n<p data-start=\"1883\" data-end=\"2273\">L\u2019exp\u00e9rimentation \u00ab Territoires z\u00e9ro ch\u00f4meur de longue dur\u00e9e \u00bb a fait l\u2019objet de <strong data-start=\"1964\" data-end=\"1998\">plusieurs travaux d\u2019\u00e9valuation<\/strong>, notamment les rapports publi\u00e9s en <strong data-start=\"2034\" data-end=\"2092\">2025 par la Cour des comptes et le comit\u00e9 scientifique<\/strong>. Ces analyses ont reconnu l\u2019efficacit\u00e9 et la singularit\u00e9 du dispositif, tout en permettant d\u2019en ajuster les modalit\u00e9s en vue d\u2019une <strong data-start=\"2224\" data-end=\"2272\">int\u00e9gration progressive dans le droit commun<\/strong>.<\/p>\n<p data-start=\"2275\" data-end=\"2530\">La proposition de loi adopt\u00e9e vise ainsi \u00e0 <strong data-start=\"2318\" data-end=\"2346\">p\u00e9renniser le dispositif<\/strong>, \u00e0 <strong data-start=\"2350\" data-end=\"2385\">en s\u00e9curiser le cadre juridique<\/strong> et \u00e0 <strong data-start=\"2391\" data-end=\"2431\">en permettre l\u2019extension progressive<\/strong>, afin d\u2019en faire une solution durable d\u2019insertion pour les personnes priv\u00e9es durablement d\u2019emploi.<\/p>\n<h3 data-start=\"2532\" data-end=\"2563\">Une adoption transpartisane<\/h3>\n<p data-start=\"2565\" data-end=\"2890\">L\u2019adoption \u00e0 l\u2019unanimit\u00e9 de ce texte est l\u2019aboutissement <strong data-start=\"2622\" data-end=\"2659\">d\u2019une ann\u00e9e de travail consensuel<\/strong> associant l\u2019ensemble des acteurs de l\u2019insertion. Elle t\u00e9moigne d\u2019une <strong data-start=\"2729\" data-end=\"2756\">d\u00e9marche transpartisane<\/strong>, fond\u00e9e sur un travail rigoureux, constructif et exigeant, men\u00e9 en lien \u00e9troit avec le <strong data-start=\"2844\" data-end=\"2889\">ministre du Travail, Jean-Pierre Farandou<\/strong>.<\/p>\n<p data-start=\"2892\" data-end=\"3136\">La prochaine \u00e9tape sera l\u2019<strong data-start=\"2918\" data-end=\"2953\">examen rapide du texte au S\u00e9nat<\/strong>, avec pour objectif d\u2019inscrire durablement cette solution dans le droit commun et de renforcer une <strong data-start=\"3053\" data-end=\"3135\">politique de l\u2019emploi plus juste, plus efficace et plus proche des territoires<\/strong>.<\/p>\n","protected":false},"excerpt":{"rendered":"<p>Apr\u00e8s dix ann\u00e9es d\u2019exp\u00e9rimentation, le dispositif \u00ab Territoires z\u00e9ro ch\u00f4meur de longue dur\u00e9e \u00bb (TZCLD) franchit une \u00e9tape d\u00e9cisive. L\u2019Assembl\u00e9e [&hellip;]<\/p>\n","protected":false},"author":52,"featured_media":88355,"comment_status":"open","ping_status":"open","sticky":false,"template":"","format":"standard","meta":{"footnotes":""},"categories":[26,108,62,845,43,362],"tags":[],"class_list":["post-88354","post","type-post","status-publish","format-standard","has-post-thumbnail","hentry","category-a-la-une","category-epinal","category-gerardmer","category-la-plaine-des-vosges","category-remiremont-remiremont-son-canton","category-saint-die"],"acf":[],"yoast_head":"<!-- This site is optimized with the Yoast SEO plugin v22.5 - https:\/\/yoast.com\/wordpress\/plugins\/seo\/ -->\n<title>Le d\u00e9put\u00e9 St\u00e9phane Viry fait adopter \u00e0 l\u2019unanimit\u00e9 une proposition de loi pour p\u00e9renniser une solution de retour \u00e0 l\u2019emploi - Remiremont Info<\/title>\n<meta name=\"robots\" content=\"index, follow, max-snippet:-1, max-image-preview:large, max-video-preview:-1\" \/>\n<link rel=\"canonical\" href=\"https:\/\/vosgesinfo.fr\/remiremontinfo\/2026\/01\/le-depute-stephane-viry-fait-adopter-a-lunanimite-une-proposition-de-loi-pour-perenniser-une-solution-de-retour-a-lemploi\/\" \/>\n<meta name=\"twitter:card\" content=\"summary_large_image\" \/>\n<meta name=\"twitter:title\" content=\"Le d\u00e9put\u00e9 St\u00e9phane Viry fait adopter \u00e0 l\u2019unanimit\u00e9 une proposition de loi pour p\u00e9renniser une solution de retour \u00e0 l\u2019emploi - Remiremont Info\" \/>\n<meta name=\"twitter:description\" content=\"Apr\u00e8s dix ann\u00e9es d\u2019exp\u00e9rimentation, le dispositif \u00ab Territoires z\u00e9ro ch\u00f4meur de longue dur\u00e9e \u00bb (TZCLD) franchit une \u00e9tape d\u00e9cisive. L\u2019Assembl\u00e9e [&hellip;]\" \/>\n<meta name=\"twitter:image\" content=\"https:\/\/vosgesinfo.fr\/app\/uploads\/sites\/5\/2026\/01\/stephane-viry5-1.jpg\" \/>\n<meta name=\"twitter:creator\" content=\"@VosgesInfo88\" \/>\n<meta name=\"twitter:site\" content=\"@VosgesInfo88\" \/>\n<meta name=\"twitter:label1\" content=\"\u00c9crit par\" \/>\n\t<meta name=\"twitter:data1\" content=\"C.K.\" \/>\n\t<meta name=\"twitter:label2\" content=\"Dur\u00e9e de lecture estim\u00e9e\" \/>\n\t<meta name=\"twitter:data2\" content=\"2 minutes\" \/>\n<script type=\"application\/ld+json\" class=\"yoast-schema-graph\">{\"@context\":\"https:\/\/schema.org\",\"@graph\":[{\"@type\":\"Article\",\"@id\":\"https:\/\/vosgesinfo.fr\/remiremontinfo\/2026\/01\/le-depute-stephane-viry-fait-adopter-a-lunanimite-une-proposition-de-loi-pour-perenniser-une-solution-de-retour-a-lemploi\/#article\",\"isPartOf\":{\"@id\":\"https:\/\/vosgesinfo.fr\/remiremontinfo\/2026\/01\/le-depute-stephane-viry-fait-adopter-a-lunanimite-une-proposition-de-loi-pour-perenniser-une-solution-de-retour-a-lemploi\/\"},\"author\":{\"name\":\"C.K.\",\"@id\":\"https:\/\/vosgesinfo.fr\/remiremontinfo\/#\/schema\/person\/6f9a650eeea99d969b6c4ab78fccbe81\"},\"headline\":\"Le d\u00e9put\u00e9 St\u00e9phane Viry fait adopter \u00e0 l\u2019unanimit\u00e9 une proposition de loi pour p\u00e9renniser une solution de retour \u00e0 l\u2019emploi\",\"datePublished\":\"2026-01-28T17:46:58+00:00\",\"dateModified\":\"2026-01-28T17:46:58+00:00\",\"mainEntityOfPage\":{\"@id\":\"https:\/\/vosgesinfo.fr\/remiremontinfo\/2026\/01\/le-depute-stephane-viry-fait-adopter-a-lunanimite-une-proposition-de-loi-pour-perenniser-une-solution-de-retour-a-lemploi\/\"},\"wordCount\":504,\"commentCount\":0,\"publisher\":{\"@id\":\"https:\/\/vosgesinfo.fr\/remiremontinfo\/#organization\"},\"image\":{\"@id\":\"https:\/\/vosgesinfo.fr\/remiremontinfo\/2026\/01\/le-depute-stephane-viry-fait-adopter-a-lunanimite-une-proposition-de-loi-pour-perenniser-une-solution-de-retour-a-lemploi\/#primaryimage\"},\"thumbnailUrl\":\"https:\/\/vosgesinfo.fr\/app\/uploads\/sites\/5\/2026\/01\/stephane-viry5-1.jpg\",\"articleSection\":[\"A la Une\",\"Epinal\",\"G\u00e9rardmer\",\"La plaine des vosges\",\"Remiremont\",\"Saint-di\u00e9\"],\"inLanguage\":\"fr-FR\",\"potentialAction\":[{\"@type\":\"CommentAction\",\"name\":\"Comment\",\"target\":[\"https:\/\/vosgesinfo.fr\/remiremontinfo\/2026\/01\/le-depute-stephane-viry-fait-adopter-a-lunanimite-une-proposition-de-loi-pour-perenniser-une-solution-de-retour-a-lemploi\/#respond\"]}]},{\"@type\":\"WebPage\",\"@id\":\"https:\/\/vosgesinfo.fr\/remiremontinfo\/2026\/01\/le-depute-stephane-viry-fait-adopter-a-lunanimite-une-proposition-de-loi-pour-perenniser-une-solution-de-retour-a-lemploi\/\",\"url\":\"https:\/\/vosgesinfo.fr\/remiremontinfo\/2026\/01\/le-depute-stephane-viry-fait-adopter-a-lunanimite-une-proposition-de-loi-pour-perenniser-une-solution-de-retour-a-lemploi\/\",\"name\":\"Le d\u00e9put\u00e9 St\u00e9phane Viry fait adopter \u00e0 l\u2019unanimit\u00e9 une proposition de loi pour p\u00e9renniser une solution de retour \u00e0 l\u2019emploi - Remiremont Info\",\"isPartOf\":{\"@id\":\"https:\/\/vosgesinfo.fr\/remiremontinfo\/#website\"},\"primaryImageOfPage\":{\"@id\":\"https:\/\/vosgesinfo.fr\/remiremontinfo\/2026\/01\/le-depute-stephane-viry-fait-adopter-a-lunanimite-une-proposition-de-loi-pour-perenniser-une-solution-de-retour-a-lemploi\/#primaryimage\"},\"image\":{\"@id\":\"https:\/\/vosgesinfo.fr\/remiremontinfo\/2026\/01\/le-depute-stephane-viry-fait-adopter-a-lunanimite-une-proposition-de-loi-pour-perenniser-une-solution-de-retour-a-lemploi\/#primaryimage\"},\"thumbnailUrl\":\"https:\/\/vosgesinfo.fr\/app\/uploads\/sites\/5\/2026\/01\/stephane-viry5-1.jpg\",\"datePublished\":\"2026-01-28T17:46:58+00:00\",\"dateModified\":\"2026-01-28T17:46:58+00:00\",\"breadcrumb\":{\"@id\":\"https:\/\/vosgesinfo.fr\/remiremontinfo\/2026\/01\/le-depute-stephane-viry-fait-adopter-a-lunanimite-une-proposition-de-loi-pour-perenniser-une-solution-de-retour-a-lemploi\/#breadcrumb\"},\"inLanguage\":\"fr-FR\",\"potentialAction\":[{\"@type\":\"ReadAction\",\"target\":[\"https:\/\/vosgesinfo.fr\/remiremontinfo\/2026\/01\/le-depute-stephane-viry-fait-adopter-a-lunanimite-une-proposition-de-loi-pour-perenniser-une-solution-de-retour-a-lemploi\/\"]}]},{\"@type\":\"ImageObject\",\"inLanguage\":\"fr-FR\",\"@id\":\"https:\/\/vosgesinfo.fr\/remiremontinfo\/2026\/01\/le-depute-stephane-viry-fait-adopter-a-lunanimite-une-proposition-de-loi-pour-perenniser-une-solution-de-retour-a-lemploi\/#primaryimage\",\"url\":\"https:\/\/vosgesinfo.fr\/app\/uploads\/sites\/5\/2026\/01\/stephane-viry5-1.jpg\",\"contentUrl\":\"https:\/\/vosgesinfo.fr\/app\/uploads\/sites\/5\/2026\/01\/stephane-viry5-1.jpg\",\"width\":1434,\"height\":1080},{\"@type\":\"BreadcrumbList\",\"@id\":\"https:\/\/vosgesinfo.fr\/remiremontinfo\/2026\/01\/le-depute-stephane-viry-fait-adopter-a-lunanimite-une-proposition-de-loi-pour-perenniser-une-solution-de-retour-a-lemploi\/#breadcrumb\",\"itemListElement\":[{\"@type\":\"ListItem\",\"position\":1,\"name\":\"Home\",\"item\":\"https:\/\/vosgesinfo.fr\/remiremontinfo\/\"},{\"@type\":\"ListItem\",\"position\":2,\"name\":\"Le d\u00e9put\u00e9 St\u00e9phane Viry fait adopter \u00e0 l\u2019unanimit\u00e9 une proposition de loi pour p\u00e9renniser une solution de retour \u00e0 l\u2019emploi\"}]},{\"@type\":\"WebSite\",\"@id\":\"https:\/\/vosgesinfo.fr\/remiremontinfo\/#website\",\"url\":\"https:\/\/vosgesinfo.fr\/remiremontinfo\/\",\"name\":\"Remiremont Info\",\"description\":\"Toute l&#039;actualit\u00e9 de Remiremont\",\"publisher\":{\"@id\":\"https:\/\/vosgesinfo.fr\/remiremontinfo\/#organization\"},\"alternateName\":\"Toute l'actualit\u00e9 de Remiremont\",\"potentialAction\":[{\"@type\":\"SearchAction\",\"target\":{\"@type\":\"EntryPoint\",\"urlTemplate\":\"https:\/\/vosgesinfo.fr\/remiremontinfo\/?s={search_term_string}\"},\"query-input\":\"required name=search_term_string\"}],\"inLanguage\":\"fr-FR\"},{\"@type\":\"Organization\",\"@id\":\"https:\/\/vosgesinfo.fr\/remiremontinfo\/#organization\",\"name\":\"Remiremont Info\",\"url\":\"https:\/\/vosgesinfo.fr\/remiremontinfo\/\",\"logo\":{\"@type\":\"ImageObject\",\"inLanguage\":\"fr-FR\",\"@id\":\"https:\/\/vosgesinfo.fr\/remiremontinfo\/#\/schema\/logo\/image\/\",\"url\":\"https:\/\/vosgesinfo.fr\/app\/uploads\/sites\/5\/2023\/08\/favicon-remiremontinfo.png\",\"contentUrl\":\"https:\/\/vosgesinfo.fr\/app\/uploads\/sites\/5\/2023\/08\/favicon-remiremontinfo.png\",\"width\":512,\"height\":512,\"caption\":\"Remiremont Info\"},\"image\":{\"@id\":\"https:\/\/vosgesinfo.fr\/remiremontinfo\/#\/schema\/logo\/image\/\"},\"sameAs\":[\"https:\/\/www.facebook.com\/remiremontinfo\",\"https:\/\/x.com\/VosgesInfo88\",\"https:\/\/www.youtube.com\/@vosgesinfo\"]},{\"@type\":\"Person\",\"@id\":\"https:\/\/vosgesinfo.fr\/remiremontinfo\/#\/schema\/person\/6f9a650eeea99d969b6c4ab78fccbe81\",\"name\":\"C.K.\",\"image\":{\"@type\":\"ImageObject\",\"inLanguage\":\"fr-FR\",\"@id\":\"https:\/\/vosgesinfo.fr\/remiremontinfo\/#\/schema\/person\/image\/\",\"url\":\"https:\/\/secure.gravatar.com\/avatar\/48e3fc7f8421ba8942be6b74a2b7f014ca39bc00dece156b7a8e098ae7dc87bf?s=96&d=mm&r=g\",\"contentUrl\":\"https:\/\/secure.gravatar.com\/avatar\/48e3fc7f8421ba8942be6b74a2b7f014ca39bc00dece156b7a8e098ae7dc87bf?s=96&d=mm&r=g\",\"caption\":\"C.K.\"},\"url\":\"https:\/\/vosgesinfo.fr\/remiremontinfo\/author\/celia-k-n\/\"}]}<\/script>\n<!-- \/ Yoast SEO plugin. -->","yoast_head_json":{"title":"Le d\u00e9put\u00e9 St\u00e9phane Viry fait adopter \u00e0 l\u2019unanimit\u00e9 une proposition de loi pour p\u00e9renniser une solution de retour \u00e0 l\u2019emploi - Remiremont Info","robots":{"index":"index","follow":"follow","max-snippet":"max-snippet:-1","max-image-preview":"max-image-preview:large","max-video-preview":"max-video-preview:-1"},"canonical":"https:\/\/vosgesinfo.fr\/remiremontinfo\/2026\/01\/le-depute-stephane-viry-fait-adopter-a-lunanimite-une-proposition-de-loi-pour-perenniser-une-solution-de-retour-a-lemploi\/","twitter_card":"summary_large_image","twitter_title":"Le d\u00e9put\u00e9 St\u00e9phane Viry fait adopter \u00e0 l\u2019unanimit\u00e9 une proposition de loi pour p\u00e9renniser une solution de retour \u00e0 l\u2019emploi - Remiremont Info","twitter_description":"Apr\u00e8s dix ann\u00e9es d\u2019exp\u00e9rimentation, le dispositif \u00ab Territoires z\u00e9ro ch\u00f4meur de longue dur\u00e9e \u00bb (TZCLD) franchit une \u00e9tape d\u00e9cisive. L\u2019Assembl\u00e9e [&hellip;]","twitter_image":"https:\/\/vosgesinfo.fr\/app\/uploads\/sites\/5\/2026\/01\/stephane-viry5-1.jpg","twitter_creator":"@VosgesInfo88","twitter_site":"@VosgesInfo88","twitter_misc":{"\u00c9crit par":"C.K.","Dur\u00e9e de lecture estim\u00e9e":"2 minutes"},"schema":{"@context":"https:\/\/schema.org","@graph":[{"@type":"Article","@id":"https:\/\/vosgesinfo.fr\/remiremontinfo\/2026\/01\/le-depute-stephane-viry-fait-adopter-a-lunanimite-une-proposition-de-loi-pour-perenniser-une-solution-de-retour-a-lemploi\/#article","isPartOf":{"@id":"https:\/\/vosgesinfo.fr\/remiremontinfo\/2026\/01\/le-depute-stephane-viry-fait-adopter-a-lunanimite-une-proposition-de-loi-pour-perenniser-une-solution-de-retour-a-lemploi\/"},"author":{"name":"C.K.","@id":"https:\/\/vosgesinfo.fr\/remiremontinfo\/#\/schema\/person\/6f9a650eeea99d969b6c4ab78fccbe81"},"headline":"Le d\u00e9put\u00e9 St\u00e9phane Viry fait adopter \u00e0 l\u2019unanimit\u00e9 une proposition de loi pour p\u00e9renniser une solution de retour \u00e0 l\u2019emploi","datePublished":"2026-01-28T17:46:58+00:00","dateModified":"2026-01-28T17:46:58+00:00","mainEntityOfPage":{"@id":"https:\/\/vosgesinfo.fr\/remiremontinfo\/2026\/01\/le-depute-stephane-viry-fait-adopter-a-lunanimite-une-proposition-de-loi-pour-perenniser-une-solution-de-retour-a-lemploi\/"},"wordCount":504,"commentCount":0,"publisher":{"@id":"https:\/\/vosgesinfo.fr\/remiremontinfo\/#organization"},"image":{"@id":"https:\/\/vosgesinfo.fr\/remiremontinfo\/2026\/01\/le-depute-stephane-viry-fait-adopter-a-lunanimite-une-proposition-de-loi-pour-perenniser-une-solution-de-retour-a-lemploi\/#primaryimage"},"thumbnailUrl":"https:\/\/vosgesinfo.fr\/app\/uploads\/sites\/5\/2026\/01\/stephane-viry5-1.jpg","articleSection":["A la Une","Epinal","G\u00e9rardmer","La plaine des vosges","Remiremont","Saint-di\u00e9"],"inLanguage":"fr-FR","potentialAction":[{"@type":"CommentAction","name":"Comment","target":["https:\/\/vosgesinfo.fr\/remiremontinfo\/2026\/01\/le-depute-stephane-viry-fait-adopter-a-lunanimite-une-proposition-de-loi-pour-perenniser-une-solution-de-retour-a-lemploi\/#respond"]}]},{"@type":"WebPage","@id":"https:\/\/vosgesinfo.fr\/remiremontinfo\/2026\/01\/le-depute-stephane-viry-fait-adopter-a-lunanimite-une-proposition-de-loi-pour-perenniser-une-solution-de-retour-a-lemploi\/","url":"https:\/\/vosgesinfo.fr\/remiremontinfo\/2026\/01\/le-depute-stephane-viry-fait-adopter-a-lunanimite-une-proposition-de-loi-pour-perenniser-une-solution-de-retour-a-lemploi\/","name":"Le d\u00e9put\u00e9 St\u00e9phane Viry fait adopter \u00e0 l\u2019unanimit\u00e9 une proposition de loi pour p\u00e9renniser une solution de retour \u00e0 l\u2019emploi - Remiremont Info","isPartOf":{"@id":"https:\/\/vosgesinfo.fr\/remiremontinfo\/#website"},"primaryImageOfPage":{"@id":"https:\/\/vosgesinfo.fr\/remiremontinfo\/2026\/01\/le-depute-stephane-viry-fait-adopter-a-lunanimite-une-proposition-de-loi-pour-perenniser-une-solution-de-retour-a-lemploi\/#primaryimage"},"image":{"@id":"https:\/\/vosgesinfo.fr\/remiremontinfo\/2026\/01\/le-depute-stephane-viry-fait-adopter-a-lunanimite-une-proposition-de-loi-pour-perenniser-une-solution-de-retour-a-lemploi\/#primaryimage"},"thumbnailUrl":"https:\/\/vosgesinfo.fr\/app\/uploads\/sites\/5\/2026\/01\/stephane-viry5-1.jpg","datePublished":"2026-01-28T17:46:58+00:00","dateModified":"2026-01-28T17:46:58+00:00","breadcrumb":{"@id":"https:\/\/vosgesinfo.fr\/remiremontinfo\/2026\/01\/le-depute-stephane-viry-fait-adopter-a-lunanimite-une-proposition-de-loi-pour-perenniser-une-solution-de-retour-a-lemploi\/#breadcrumb"},"inLanguage":"fr-FR","potentialAction":[{"@type":"ReadAction","target":["https:\/\/vosgesinfo.fr\/remiremontinfo\/2026\/01\/le-depute-stephane-viry-fait-adopter-a-lunanimite-une-proposition-de-loi-pour-perenniser-une-solution-de-retour-a-lemploi\/"]}]},{"@type":"ImageObject","inLanguage":"fr-FR","@id":"https:\/\/vosgesinfo.fr\/remiremontinfo\/2026\/01\/le-depute-stephane-viry-fait-adopter-a-lunanimite-une-proposition-de-loi-pour-perenniser-une-solution-de-retour-a-lemploi\/#primaryimage","url":"https:\/\/vosgesinfo.fr\/app\/uploads\/sites\/5\/2026\/01\/stephane-viry5-1.jpg","contentUrl":"https:\/\/vosgesinfo.fr\/app\/uploads\/sites\/5\/2026\/01\/stephane-viry5-1.jpg","width":1434,"height":1080},{"@type":"BreadcrumbList","@id":"https:\/\/vosgesinfo.fr\/remiremontinfo\/2026\/01\/le-depute-stephane-viry-fait-adopter-a-lunanimite-une-proposition-de-loi-pour-perenniser-une-solution-de-retour-a-lemploi\/#breadcrumb","itemListElement":[{"@type":"ListItem","position":1,"name":"Home","item":"https:\/\/vosgesinfo.fr\/remiremontinfo\/"},{"@type":"ListItem","position":2,"name":"Le d\u00e9put\u00e9 St\u00e9phane Viry fait adopter \u00e0 l\u2019unanimit\u00e9 une proposition de loi pour p\u00e9renniser une solution de retour \u00e0 l\u2019emploi"}]},{"@type":"WebSite","@id":"https:\/\/vosgesinfo.fr\/remiremontinfo\/#website","url":"https:\/\/vosgesinfo.fr\/remiremontinfo\/","name":"Remiremont Info","description":"Toute l&#039;actualit\u00e9 de Remiremont","publisher":{"@id":"https:\/\/vosgesinfo.fr\/remiremontinfo\/#organization"},"alternateName":"Toute l'actualit\u00e9 de Remiremont","potentialAction":[{"@type":"SearchAction","target":{"@type":"EntryPoint","urlTemplate":"https:\/\/vosgesinfo.fr\/remiremontinfo\/?s={search_term_string}"},"query-input":"required name=search_term_string"}],"inLanguage":"fr-FR"},{"@type":"Organization","@id":"https:\/\/vosgesinfo.fr\/remiremontinfo\/#organization","name":"Remiremont Info","url":"https:\/\/vosgesinfo.fr\/remiremontinfo\/","logo":{"@type":"ImageObject","inLanguage":"fr-FR","@id":"https:\/\/vosgesinfo.fr\/remiremontinfo\/#\/schema\/logo\/image\/","url":"https:\/\/vosgesinfo.fr\/app\/uploads\/sites\/5\/2023\/08\/favicon-remiremontinfo.png","contentUrl":"https:\/\/vosgesinfo.fr\/app\/uploads\/sites\/5\/2023\/08\/favicon-remiremontinfo.png","width":512,"height":512,"caption":"Remiremont Info"},"image":{"@id":"https:\/\/vosgesinfo.fr\/remiremontinfo\/#\/schema\/logo\/image\/"},"sameAs":["https:\/\/www.facebook.com\/remiremontinfo","https:\/\/x.com\/VosgesInfo88","https:\/\/www.youtube.com\/@vosgesinfo"]},{"@type":"Person","@id":"https:\/\/vosgesinfo.fr\/remiremontinfo\/#\/schema\/person\/6f9a650eeea99d969b6c4ab78fccbe81","name":"C.K.","image":{"@type":"ImageObject","inLanguage":"fr-FR","@id":"https:\/\/vosgesinfo.fr\/remiremontinfo\/#\/schema\/person\/image\/","url":"https:\/\/secure.gravatar.com\/avatar\/48e3fc7f8421ba8942be6b74a2b7f014ca39bc00dece156b7a8e098ae7dc87bf?s=96&d=mm&r=g","contentUrl":"https:\/\/secure.gravatar.com\/avatar\/48e3fc7f8421ba8942be6b74a2b7f014ca39bc00dece156b7a8e098ae7dc87bf?s=96&d=mm&r=g","caption":"C.K."},"url":"https:\/\/vosgesinfo.fr\/remiremontinfo\/author\/celia-k-n\/"}]}},"_links":{"self":[{"href":"https:\/\/vosgesinfo.fr\/remiremontinfo\/wp-json\/wp\/v2\/posts\/88354","targetHints":{"allow":["GET"]}}],"collection":[{"href":"https:\/\/vosgesinfo.fr\/remiremontinfo\/wp-json\/wp\/v2\/posts"}],"about":[{"href":"https:\/\/vosgesinfo.fr\/remiremontinfo\/wp-json\/wp\/v2\/types\/post"}],"author":[{"embeddable":true,"href":"https:\/\/vosgesinfo.fr\/remiremontinfo\/wp-json\/wp\/v2\/users\/52"}],"replies":[{"embeddable":true,"href":"https:\/\/vosgesinfo.fr\/remiremontinfo\/wp-json\/wp\/v2\/comments?post=88354"}],"version-history":[{"count":0,"href":"https:\/\/vosgesinfo.fr\/remiremontinfo\/wp-json\/wp\/v2\/posts\/88354\/revisions"}],"wp:featuredmedia":[{"embeddable":true,"href":"https:\/\/vosgesinfo.fr\/remiremontinfo\/wp-json\/wp\/v2\/media\/88355"}],"wp:attachment":[{"href":"https:\/\/vosgesinfo.fr\/remiremontinfo\/wp-json\/wp\/v2\/media?parent=88354"}],"wp:term":[{"taxonomy":"category","embeddable":true,"href":"https:\/\/vosgesinfo.fr\/remiremontinfo\/wp-json\/wp\/v2\/categories?post=88354"},{"taxonomy":"post_tag","embeddable":true,"href":"https:\/\/vosgesinfo.fr\/remiremontinfo\/wp-json\/wp\/v2\/tags?post=88354"}],"curies":[{"name":"wp","href":"https:\/\/api.w.org\/{rel}","templated":true}]}}