{"id":88378,"date":"2026-01-29T13:20:55","date_gmt":"2026-01-29T12:20:55","guid":{"rendered":"https:\/\/vosgesinfo.fr\/remiremontinfo\/?p=88378"},"modified":"2026-01-29T13:20:55","modified_gmt":"2026-01-29T12:20:55","slug":"odeurs-sur-la-moselotte-une-hypothese-historique-erigee-en-certitude-sans-fondement-suffisant","status":"publish","type":"post","link":"https:\/\/vosgesinfo.fr\/remiremontinfo\/2026\/01\/odeurs-sur-la-moselotte-une-hypothese-historique-erigee-en-certitude-sans-fondement-suffisant\/","title":{"rendered":"Odeurs sur la Moselotte : une hypoth\u00e8se historique \u00e9rig\u00e9e en certitude sans fondement suffisant"},"content":{"rendered":"<p><span data-olk-copy-source=\"MessageBody\">\u00ab\u00a0Depuis plusieurs mois, les habitants de La Bresse et des rives de la Moselotte sont confront\u00e9s \u00e0 des \u00e9pisodes r\u00e9currents d\u2019odeurs anormales, parfois intenses, alt\u00e9rant le cadre de vie et suscitant une inqui\u00e9tude l\u00e9gitime.<\/span><\/p>\n<p>Faisant suite \u00e0 nos courriers adress\u00e9s \u00e0 Madame le Maire de La Bresse puis \u00e0 Monsieur le Pr\u00e9fet des Vosges, \u00e0 Monsieur le Directeur de L\u2019ARS du Grand Est et \u00e0 notre communiqu\u00e9 du 25 janvier, une r\u00e9union s\u2019est tenue en mairie le <strong>lundi 26 janvier<\/strong>, \u00e0 l\u2019issue de celle-ci une hypoth\u00e8se est aujourd\u2019hui pr\u00e9sent\u00e9e dans les m\u00e9dias, par certains acteurs institutionnels comme la plus cr\u00e9dible, voire comme une quasi-certitude : celle d\u2019une <strong>pollution historique des sols issue des anciennes usines textiles des ann\u00e9es 1950-1970<\/strong>, <strong>notamment des compos\u00e9s soufr\u00e9s<\/strong>, qui remonterait\u00a0aujourd\u2019hui pour s\u2019\u00e9couler dans la Moselotte.<\/p>\n<p>Notre association estime n\u00e9cessaire de rappeler plusieurs \u00e9l\u00e9ments factuels essentiels.<\/p>\n<p>&nbsp;<\/p>\n<p><strong>1. Une hypoth\u00e8se qui ne repose pas sur l\u2019histoire industrielle locale<\/strong><\/p>\n<p>Les recherches historiques disponibles, y compris celles issues des archives locales et de la documentation patrimoniale, convergent sur un point clair :<\/p>\n<ul>\n<li>les usines textiles de la vall\u00e9e de la Moselotte, et en particulier \u00e0 <strong>La Bresse<\/strong>, \u00e9taient <strong>essentiellement des filatures et des tissages,<\/strong><\/li>\n<li><strong>aucune source document\u00e9e ne d\u00e9montre l\u2019existence d\u2019activit\u00e9s significatives de teinture ou d\u2019ennoblissement textile sur ces sites<\/strong>, activit\u00e9s qui seules auraient pu g\u00e9n\u00e9rer des rejets chimiques soufr\u00e9s notables et persistants.<\/li>\n<\/ul>\n<p>Dans les Vosges, ces op\u00e9rations de teinture et de blanchiment \u00e9taient historiquement <strong>concentr\u00e9es sur d\u2019autres sites sp\u00e9cialis\u00e9s<\/strong>, distincts g\u00e9ographiquement et industriellement.<\/p>\n<p>Pr\u00e9senter aujourd\u2019hui l\u2019industrie textile bressaude comme une source av\u00e9r\u00e9e de pollution soufr\u00e9e durable rel\u00e8ve donc <strong>davantage de l\u2019affirmation que de la d\u00e9monstration<\/strong>.<\/p>\n<p>&nbsp;<\/p>\n<p><strong>2. Absence de d\u00e9monstration environnementale solide<\/strong><\/p>\n<p>Les \u00e9tudes cit\u00e9es \u00e0 l\u2019appui de cette hypoth\u00e8se, notamment celles r\u00e9alis\u00e9es en <strong>2022<\/strong> et <strong>2024<\/strong>, n\u2019ont \u00e0 ce jour :<\/p>\n<ul>\n<li><strong>mis en \u00e9vidence aucune pollution significative des eaux souterraines<\/strong>, condition pourtant indispensable \u00e0 une migration actuelle de polluants anciens vers la rivi\u00e8re ;<\/li>\n<li><strong>\u00e9tabli aucun lien direct et d\u00e9montr\u00e9<\/strong> entre les compos\u00e9s d\u00e9tect\u00e9s et une source industrielle textile historique identifi\u00e9e.<\/li>\n<\/ul>\n<p>L\u2019\u00e9vocation d\u2019une pollution ancienne reste donc, en l\u2019\u00e9tat, <strong>une piste parmi d\u2019autres<\/strong>, et non une conclusion scientifique \u00e9tablie.<\/p>\n<p>&nbsp;<\/p>\n<p><strong>3. Une hypoth\u00e8se unique qui interroge<\/strong><\/p>\n<p>Il est par ailleurs pour le moins \u00e9tonnant que cette hypoth\u00e8se soit port\u00e9e quasi exclusivement par un repr\u00e9sentant d\u2019<strong>ATMO<\/strong>, organisme dont la mission r\u00e9glementaire porte sur <strong>la qualit\u00e9 de l\u2019air<\/strong>, et non sur l\u2019analyse des sols, des s\u00e9diments ou des flux hydrog\u00e9ologiques historiques.<\/p>\n<p>Que cette hypoth\u00e8se soit avanc\u00e9e n\u2019est pas en soi probl\u00e9matique.<br \/>\nQu\u2019elle soit <strong>pr\u00e9sent\u00e9e comme dominante, sans discussion publique d\u2019autres sc\u00e9narios possibles<\/strong>, l\u2019est beaucoup plus.<\/p>\n<p>Cette approche univoque donne le sentiment d\u2019un <strong>r\u00e9tr\u00e9cissement volontaire du champ d\u2019investigation<\/strong>, l\u00e0 o\u00f9 la situation exigerait au contraire prudence, ouverture et pluralit\u00e9 des hypoth\u00e8ses.<\/p>\n<p><strong>4. Nos demandes restent inchang\u00e9es<\/strong><\/p>\n<p>Face \u00e0 ces constats, <strong>La Bresse Environnement<\/strong> r\u00e9it\u00e8re solennellement les demandes d\u00e9j\u00e0 formul\u00e9es dans son premier communiqu\u00e9 :<\/p>\n<ol>\n<li><strong>Ouverture compl\u00e8te du champ d\u2019investigation<\/strong>, sans privil\u00e9gier a priori une hypoth\u00e8se non d\u00e9montr\u00e9e.<\/li>\n<li><strong>Transmission int\u00e9grale et publique<\/strong> :\n<ul>\n<li>des r\u00e9sultats des analyses r\u00e9alis\u00e9es en 2022 et 2024,<\/li>\n<li>des protocoles de pr\u00e9l\u00e8vements,<\/li>\n<li>des m\u00e9thodes d\u2019analyse utilis\u00e9es,<\/li>\n<li>des limites et incertitudes identifi\u00e9es.<\/li>\n<\/ul>\n<\/li>\n<li><strong>Communication du compte rendu \u00e9crit et officiel<\/strong> de la r\u00e9union tenue en mairie le <strong>26 janvier<\/strong>, incluant les interventions, hypoth\u00e8ses \u00e9voqu\u00e9es et engagements pris.<\/li>\n<li><strong>Association effective des repr\u00e9sentants de la soci\u00e9t\u00e9 civile et des habitants<\/strong> aux suites des investigations.<\/li>\n<\/ol>\n<p>&nbsp;<\/p>\n<p><strong>5. Pour une approche conforme aux principes de pr\u00e9caution et de transparence<\/strong><\/p>\n<p>La question pos\u00e9e n\u2019est pas celle de d\u00e9signer un responsable \u00e0 tout prix, mais de\u00a0<strong>comprendre r\u00e9ellement l\u2019origine des nuisances<\/strong>, dans un objectif de sant\u00e9 publique, de protection de l\u2019environnement et de confiance d\u00e9mocratique.<\/p>\n<p>\u00c9riger une hypoth\u00e8se fragile en certitude commode ne peut qu\u2019alimenter le doute et la d\u00e9fiance.<br \/>\n\u00c0 l\u2019inverse, <strong>la transparence, la rigueur scientifique et l\u2019ouverture du d\u00e9bat<\/strong> sont les seules voies cr\u00e9dibles pour sortir durablement de cette situation.<\/p>\n<p><strong>La Bresse Environnement<\/strong> restera pleinement mobilis\u00e9e pour que toute la lumi\u00e8re soit faite, sans angles morts ni r\u00e9ponses pr\u00e9matur\u00e9es\u00a0\u00bb.<\/p>\n<p>Le 29 janvier 2026<\/p>\n<p>La Bresse Environnement<\/p>\n","protected":false},"excerpt":{"rendered":"<p>\u00ab\u00a0Depuis plusieurs mois, les habitants de La Bresse et des rives de la Moselotte sont confront\u00e9s \u00e0 des \u00e9pisodes r\u00e9currents [&hellip;]<\/p>\n","protected":false},"author":391,"featured_media":88204,"comment_status":"closed","ping_status":"open","sticky":false,"template":"","format":"standard","meta":{"footnotes":""},"categories":[26,7,43],"tags":[667],"class_list":["post-88378","post","type-post","status-publish","format-standard","has-post-thumbnail","hentry","category-a-la-une","category-environnement","category-remiremont-remiremont-son-canton","tag-moselotte"],"acf":[],"yoast_head":"<!-- This site is optimized with the Yoast SEO plugin v22.5 - https:\/\/yoast.com\/wordpress\/plugins\/seo\/ -->\n<title>Odeurs sur la Moselotte : une hypoth\u00e8se historique \u00e9rig\u00e9e en certitude sans fondement suffisant - Remiremont Info<\/title>\n<meta name=\"robots\" content=\"index, follow, max-snippet:-1, max-image-preview:large, max-video-preview:-1\" \/>\n<link rel=\"canonical\" href=\"https:\/\/vosgesinfo.fr\/remiremontinfo\/?p=88378\" \/>\n<meta name=\"twitter:card\" content=\"summary_large_image\" \/>\n<meta name=\"twitter:title\" content=\"Odeurs sur la Moselotte : une hypoth\u00e8se historique \u00e9rig\u00e9e en certitude sans fondement suffisant - Remiremont Info\" \/>\n<meta name=\"twitter:description\" content=\"\u00ab\u00a0Depuis plusieurs mois, les habitants de La Bresse et des rives de la Moselotte sont confront\u00e9s \u00e0 des \u00e9pisodes r\u00e9currents [&hellip;]\" \/>\n<meta name=\"twitter:creator\" content=\"@VosgesInfo88\" \/>\n<meta name=\"twitter:site\" content=\"@VosgesInfo88\" \/>\n<meta name=\"twitter:label1\" content=\"\u00c9crit par\" \/>\n\t<meta name=\"twitter:data1\" content=\"La redaction\" \/>\n\t<meta name=\"twitter:label2\" content=\"Dur\u00e9e de lecture estim\u00e9e\" \/>\n\t<meta name=\"twitter:data2\" content=\"4 minutes\" \/>\n<script type=\"application\/ld+json\" class=\"yoast-schema-graph\">{\"@context\":\"https:\/\/schema.org\",\"@graph\":[{\"@type\":\"Article\",\"@id\":\"https:\/\/vosgesinfo.fr\/remiremontinfo\/?p=88378#article\",\"isPartOf\":{\"@id\":\"https:\/\/vosgesinfo.fr\/remiremontinfo\/?p=88378\"},\"author\":{\"name\":\"La redaction\",\"@id\":\"https:\/\/vosgesinfo.fr\/remiremontinfo\/#\/schema\/person\/27a3695b06db98895b354c0765cdfc31\"},\"headline\":\"Odeurs sur la Moselotte : une hypoth\u00e8se historique \u00e9rig\u00e9e en certitude sans fondement suffisant\",\"datePublished\":\"2026-01-29T12:20:55+00:00\",\"dateModified\":\"2026-01-29T12:20:55+00:00\",\"mainEntityOfPage\":{\"@id\":\"https:\/\/vosgesinfo.fr\/remiremontinfo\/?p=88378\"},\"wordCount\":788,\"publisher\":{\"@id\":\"https:\/\/vosgesinfo.fr\/remiremontinfo\/#organization\"},\"image\":{\"@id\":\"https:\/\/vosgesinfo.fr\/remiremontinfo\/?p=88378#primaryimage\"},\"thumbnailUrl\":\"https:\/\/vosgesinfo.fr\/app\/uploads\/sites\/5\/2026\/01\/moselotte-en-passant-par-ma-lorraine-blog.jpg\",\"keywords\":[\"Moselotte\"],\"articleSection\":[\"A la Une\",\"Environnement\",\"Remiremont\"],\"inLanguage\":\"fr-FR\"},{\"@type\":\"WebPage\",\"@id\":\"https:\/\/vosgesinfo.fr\/remiremontinfo\/?p=88378\",\"url\":\"https:\/\/vosgesinfo.fr\/remiremontinfo\/?p=88378\",\"name\":\"Odeurs sur la Moselotte : une hypoth\u00e8se historique \u00e9rig\u00e9e en certitude sans fondement suffisant - Remiremont Info\",\"isPartOf\":{\"@id\":\"https:\/\/vosgesinfo.fr\/remiremontinfo\/#website\"},\"primaryImageOfPage\":{\"@id\":\"https:\/\/vosgesinfo.fr\/remiremontinfo\/?p=88378#primaryimage\"},\"image\":{\"@id\":\"https:\/\/vosgesinfo.fr\/remiremontinfo\/?p=88378#primaryimage\"},\"thumbnailUrl\":\"https:\/\/vosgesinfo.fr\/app\/uploads\/sites\/5\/2026\/01\/moselotte-en-passant-par-ma-lorraine-blog.jpg\",\"datePublished\":\"2026-01-29T12:20:55+00:00\",\"dateModified\":\"2026-01-29T12:20:55+00:00\",\"breadcrumb\":{\"@id\":\"https:\/\/vosgesinfo.fr\/remiremontinfo\/?p=88378#breadcrumb\"},\"inLanguage\":\"fr-FR\",\"potentialAction\":[{\"@type\":\"ReadAction\",\"target\":[\"https:\/\/vosgesinfo.fr\/remiremontinfo\/?p=88378\"]}]},{\"@type\":\"ImageObject\",\"inLanguage\":\"fr-FR\",\"@id\":\"https:\/\/vosgesinfo.fr\/remiremontinfo\/?p=88378#primaryimage\",\"url\":\"https:\/\/vosgesinfo.fr\/app\/uploads\/sites\/5\/2026\/01\/moselotte-en-passant-par-ma-lorraine-blog.jpg\",\"contentUrl\":\"https:\/\/vosgesinfo.fr\/app\/uploads\/sites\/5\/2026\/01\/moselotte-en-passant-par-ma-lorraine-blog.jpg\",\"width\":646,\"height\":435,\"caption\":\"Photo d'illustration retouch\u00e9e - Blog \\\"En passant par ma Lorraine\\\"\"},{\"@type\":\"BreadcrumbList\",\"@id\":\"https:\/\/vosgesinfo.fr\/remiremontinfo\/?p=88378#breadcrumb\",\"itemListElement\":[{\"@type\":\"ListItem\",\"position\":1,\"name\":\"Home\",\"item\":\"https:\/\/vosgesinfo.fr\/remiremontinfo\/\"},{\"@type\":\"ListItem\",\"position\":2,\"name\":\"Odeurs sur la Moselotte : une hypoth\u00e8se historique \u00e9rig\u00e9e en certitude sans fondement suffisant\"}]},{\"@type\":\"WebSite\",\"@id\":\"https:\/\/vosgesinfo.fr\/remiremontinfo\/#website\",\"url\":\"https:\/\/vosgesinfo.fr\/remiremontinfo\/\",\"name\":\"Remiremont Info\",\"description\":\"Toute l&#039;actualit\u00e9 de Remiremont\",\"publisher\":{\"@id\":\"https:\/\/vosgesinfo.fr\/remiremontinfo\/#organization\"},\"alternateName\":\"Toute l'actualit\u00e9 de Remiremont\",\"potentialAction\":[{\"@type\":\"SearchAction\",\"target\":{\"@type\":\"EntryPoint\",\"urlTemplate\":\"https:\/\/vosgesinfo.fr\/remiremontinfo\/?s={search_term_string}\"},\"query-input\":\"required name=search_term_string\"}],\"inLanguage\":\"fr-FR\"},{\"@type\":\"Organization\",\"@id\":\"https:\/\/vosgesinfo.fr\/remiremontinfo\/#organization\",\"name\":\"Remiremont Info\",\"url\":\"https:\/\/vosgesinfo.fr\/remiremontinfo\/\",\"logo\":{\"@type\":\"ImageObject\",\"inLanguage\":\"fr-FR\",\"@id\":\"https:\/\/vosgesinfo.fr\/remiremontinfo\/#\/schema\/logo\/image\/\",\"url\":\"https:\/\/vosgesinfo.fr\/app\/uploads\/sites\/5\/2023\/08\/favicon-remiremontinfo.png\",\"contentUrl\":\"https:\/\/vosgesinfo.fr\/app\/uploads\/sites\/5\/2023\/08\/favicon-remiremontinfo.png\",\"width\":512,\"height\":512,\"caption\":\"Remiremont Info\"},\"image\":{\"@id\":\"https:\/\/vosgesinfo.fr\/remiremontinfo\/#\/schema\/logo\/image\/\"},\"sameAs\":[\"https:\/\/www.facebook.com\/remiremontinfo\",\"https:\/\/x.com\/VosgesInfo88\",\"https:\/\/www.youtube.com\/@vosgesinfo\"]},{\"@type\":\"Person\",\"@id\":\"https:\/\/vosgesinfo.fr\/remiremontinfo\/#\/schema\/person\/27a3695b06db98895b354c0765cdfc31\",\"name\":\"La redaction\",\"image\":{\"@type\":\"ImageObject\",\"inLanguage\":\"fr-FR\",\"@id\":\"https:\/\/vosgesinfo.fr\/remiremontinfo\/#\/schema\/person\/image\/\",\"url\":\"https:\/\/secure.gravatar.com\/avatar\/64c76a78e501cedee55736f43f332df901e1896ae9cd8fad269ae2236dd0e8b6?s=96&d=mm&r=g\",\"contentUrl\":\"https:\/\/secure.gravatar.com\/avatar\/64c76a78e501cedee55736f43f332df901e1896ae9cd8fad269ae2236dd0e8b6?s=96&d=mm&r=g\",\"caption\":\"La redaction\"},\"url\":\"https:\/\/vosgesinfo.fr\/remiremontinfo\/author\/la-redaction\/\"}]}<\/script>\n<!-- \/ Yoast SEO plugin. -->","yoast_head_json":{"title":"Odeurs sur la Moselotte : une hypoth\u00e8se historique \u00e9rig\u00e9e en certitude sans fondement suffisant - Remiremont Info","robots":{"index":"index","follow":"follow","max-snippet":"max-snippet:-1","max-image-preview":"max-image-preview:large","max-video-preview":"max-video-preview:-1"},"canonical":"https:\/\/vosgesinfo.fr\/remiremontinfo\/?p=88378","twitter_card":"summary_large_image","twitter_title":"Odeurs sur la Moselotte : une hypoth\u00e8se historique \u00e9rig\u00e9e en certitude sans fondement suffisant - Remiremont Info","twitter_description":"\u00ab\u00a0Depuis plusieurs mois, les habitants de La Bresse et des rives de la Moselotte sont confront\u00e9s \u00e0 des \u00e9pisodes r\u00e9currents [&hellip;]","twitter_creator":"@VosgesInfo88","twitter_site":"@VosgesInfo88","twitter_misc":{"\u00c9crit par":"La redaction","Dur\u00e9e de lecture estim\u00e9e":"4 minutes"},"schema":{"@context":"https:\/\/schema.org","@graph":[{"@type":"Article","@id":"https:\/\/vosgesinfo.fr\/remiremontinfo\/?p=88378#article","isPartOf":{"@id":"https:\/\/vosgesinfo.fr\/remiremontinfo\/?p=88378"},"author":{"name":"La redaction","@id":"https:\/\/vosgesinfo.fr\/remiremontinfo\/#\/schema\/person\/27a3695b06db98895b354c0765cdfc31"},"headline":"Odeurs sur la Moselotte : une hypoth\u00e8se historique \u00e9rig\u00e9e en certitude sans fondement suffisant","datePublished":"2026-01-29T12:20:55+00:00","dateModified":"2026-01-29T12:20:55+00:00","mainEntityOfPage":{"@id":"https:\/\/vosgesinfo.fr\/remiremontinfo\/?p=88378"},"wordCount":788,"publisher":{"@id":"https:\/\/vosgesinfo.fr\/remiremontinfo\/#organization"},"image":{"@id":"https:\/\/vosgesinfo.fr\/remiremontinfo\/?p=88378#primaryimage"},"thumbnailUrl":"https:\/\/vosgesinfo.fr\/app\/uploads\/sites\/5\/2026\/01\/moselotte-en-passant-par-ma-lorraine-blog.jpg","keywords":["Moselotte"],"articleSection":["A la Une","Environnement","Remiremont"],"inLanguage":"fr-FR"},{"@type":"WebPage","@id":"https:\/\/vosgesinfo.fr\/remiremontinfo\/?p=88378","url":"https:\/\/vosgesinfo.fr\/remiremontinfo\/?p=88378","name":"Odeurs sur la Moselotte : une hypoth\u00e8se historique \u00e9rig\u00e9e en certitude sans fondement suffisant - Remiremont Info","isPartOf":{"@id":"https:\/\/vosgesinfo.fr\/remiremontinfo\/#website"},"primaryImageOfPage":{"@id":"https:\/\/vosgesinfo.fr\/remiremontinfo\/?p=88378#primaryimage"},"image":{"@id":"https:\/\/vosgesinfo.fr\/remiremontinfo\/?p=88378#primaryimage"},"thumbnailUrl":"https:\/\/vosgesinfo.fr\/app\/uploads\/sites\/5\/2026\/01\/moselotte-en-passant-par-ma-lorraine-blog.jpg","datePublished":"2026-01-29T12:20:55+00:00","dateModified":"2026-01-29T12:20:55+00:00","breadcrumb":{"@id":"https:\/\/vosgesinfo.fr\/remiremontinfo\/?p=88378#breadcrumb"},"inLanguage":"fr-FR","potentialAction":[{"@type":"ReadAction","target":["https:\/\/vosgesinfo.fr\/remiremontinfo\/?p=88378"]}]},{"@type":"ImageObject","inLanguage":"fr-FR","@id":"https:\/\/vosgesinfo.fr\/remiremontinfo\/?p=88378#primaryimage","url":"https:\/\/vosgesinfo.fr\/app\/uploads\/sites\/5\/2026\/01\/moselotte-en-passant-par-ma-lorraine-blog.jpg","contentUrl":"https:\/\/vosgesinfo.fr\/app\/uploads\/sites\/5\/2026\/01\/moselotte-en-passant-par-ma-lorraine-blog.jpg","width":646,"height":435,"caption":"Photo d'illustration retouch\u00e9e - Blog \"En passant par ma Lorraine\""},{"@type":"BreadcrumbList","@id":"https:\/\/vosgesinfo.fr\/remiremontinfo\/?p=88378#breadcrumb","itemListElement":[{"@type":"ListItem","position":1,"name":"Home","item":"https:\/\/vosgesinfo.fr\/remiremontinfo\/"},{"@type":"ListItem","position":2,"name":"Odeurs sur la Moselotte : une hypoth\u00e8se historique \u00e9rig\u00e9e en certitude sans fondement suffisant"}]},{"@type":"WebSite","@id":"https:\/\/vosgesinfo.fr\/remiremontinfo\/#website","url":"https:\/\/vosgesinfo.fr\/remiremontinfo\/","name":"Remiremont Info","description":"Toute l&#039;actualit\u00e9 de Remiremont","publisher":{"@id":"https:\/\/vosgesinfo.fr\/remiremontinfo\/#organization"},"alternateName":"Toute l'actualit\u00e9 de Remiremont","potentialAction":[{"@type":"SearchAction","target":{"@type":"EntryPoint","urlTemplate":"https:\/\/vosgesinfo.fr\/remiremontinfo\/?s={search_term_string}"},"query-input":"required name=search_term_string"}],"inLanguage":"fr-FR"},{"@type":"Organization","@id":"https:\/\/vosgesinfo.fr\/remiremontinfo\/#organization","name":"Remiremont Info","url":"https:\/\/vosgesinfo.fr\/remiremontinfo\/","logo":{"@type":"ImageObject","inLanguage":"fr-FR","@id":"https:\/\/vosgesinfo.fr\/remiremontinfo\/#\/schema\/logo\/image\/","url":"https:\/\/vosgesinfo.fr\/app\/uploads\/sites\/5\/2023\/08\/favicon-remiremontinfo.png","contentUrl":"https:\/\/vosgesinfo.fr\/app\/uploads\/sites\/5\/2023\/08\/favicon-remiremontinfo.png","width":512,"height":512,"caption":"Remiremont Info"},"image":{"@id":"https:\/\/vosgesinfo.fr\/remiremontinfo\/#\/schema\/logo\/image\/"},"sameAs":["https:\/\/www.facebook.com\/remiremontinfo","https:\/\/x.com\/VosgesInfo88","https:\/\/www.youtube.com\/@vosgesinfo"]},{"@type":"Person","@id":"https:\/\/vosgesinfo.fr\/remiremontinfo\/#\/schema\/person\/27a3695b06db98895b354c0765cdfc31","name":"La redaction","image":{"@type":"ImageObject","inLanguage":"fr-FR","@id":"https:\/\/vosgesinfo.fr\/remiremontinfo\/#\/schema\/person\/image\/","url":"https:\/\/secure.gravatar.com\/avatar\/64c76a78e501cedee55736f43f332df901e1896ae9cd8fad269ae2236dd0e8b6?s=96&d=mm&r=g","contentUrl":"https:\/\/secure.gravatar.com\/avatar\/64c76a78e501cedee55736f43f332df901e1896ae9cd8fad269ae2236dd0e8b6?s=96&d=mm&r=g","caption":"La redaction"},"url":"https:\/\/vosgesinfo.fr\/remiremontinfo\/author\/la-redaction\/"}]}},"_links":{"self":[{"href":"https:\/\/vosgesinfo.fr\/remiremontinfo\/wp-json\/wp\/v2\/posts\/88378","targetHints":{"allow":["GET"]}}],"collection":[{"href":"https:\/\/vosgesinfo.fr\/remiremontinfo\/wp-json\/wp\/v2\/posts"}],"about":[{"href":"https:\/\/vosgesinfo.fr\/remiremontinfo\/wp-json\/wp\/v2\/types\/post"}],"author":[{"embeddable":true,"href":"https:\/\/vosgesinfo.fr\/remiremontinfo\/wp-json\/wp\/v2\/users\/391"}],"replies":[{"embeddable":true,"href":"https:\/\/vosgesinfo.fr\/remiremontinfo\/wp-json\/wp\/v2\/comments?post=88378"}],"version-history":[{"count":1,"href":"https:\/\/vosgesinfo.fr\/remiremontinfo\/wp-json\/wp\/v2\/posts\/88378\/revisions"}],"predecessor-version":[{"id":88379,"href":"https:\/\/vosgesinfo.fr\/remiremontinfo\/wp-json\/wp\/v2\/posts\/88378\/revisions\/88379"}],"wp:featuredmedia":[{"embeddable":true,"href":"https:\/\/vosgesinfo.fr\/remiremontinfo\/wp-json\/wp\/v2\/media\/88204"}],"wp:attachment":[{"href":"https:\/\/vosgesinfo.fr\/remiremontinfo\/wp-json\/wp\/v2\/media?parent=88378"}],"wp:term":[{"taxonomy":"category","embeddable":true,"href":"https:\/\/vosgesinfo.fr\/remiremontinfo\/wp-json\/wp\/v2\/categories?post=88378"},{"taxonomy":"post_tag","embeddable":true,"href":"https:\/\/vosgesinfo.fr\/remiremontinfo\/wp-json\/wp\/v2\/tags?post=88378"}],"curies":[{"name":"wp","href":"https:\/\/api.w.org\/{rel}","templated":true}]}}