{"id":88392,"date":"2026-01-29T17:45:13","date_gmt":"2026-01-29T16:45:13","guid":{"rendered":"https:\/\/vosgesinfo.fr\/remiremontinfo\/?p=88392"},"modified":"2026-01-29T17:45:13","modified_gmt":"2026-01-29T16:45:13","slug":"judo-stephane-pierrel-sest-vu-remettre-sa-ceinture-noire-1-dan-au-club-de-remiremont","status":"publish","type":"post","link":"https:\/\/vosgesinfo.fr\/remiremontinfo\/2026\/01\/judo-stephane-pierrel-sest-vu-remettre-sa-ceinture-noire-1-dan-au-club-de-remiremont\/","title":{"rendered":"Judo : St\u00e9phane PIERREL s&rsquo;est vu remettre sa ceinture noire 1 DAN au club de Remiremont"},"content":{"rendered":"<h3><a href=\"https:\/\/vosgesinfo.fr\/app\/uploads\/sites\/5\/2026\/01\/remise-de-ceinture-noire-1-dan-stephane-pierrel-5.jpeg\"><img decoding=\"async\" class=\"aligncenter size-large wp-image-88396\" src=\"https:\/\/vosgesinfo.fr\/app\/uploads\/sites\/5\/2026\/01\/remise-de-ceinture-noire-1-dan-stephane-pierrel-5-1024x659.jpeg\" alt=\"\" width=\"1024\" height=\"659\" srcset=\"https:\/\/vosgesinfo.fr\/app\/uploads\/sites\/5\/2026\/01\/remise-de-ceinture-noire-1-dan-stephane-pierrel-5-1024x659.jpeg 1024w, https:\/\/vosgesinfo.fr\/app\/uploads\/sites\/5\/2026\/01\/remise-de-ceinture-noire-1-dan-stephane-pierrel-5-300x193.jpeg 300w, https:\/\/vosgesinfo.fr\/app\/uploads\/sites\/5\/2026\/01\/remise-de-ceinture-noire-1-dan-stephane-pierrel-5-768x494.jpeg 768w, https:\/\/vosgesinfo.fr\/app\/uploads\/sites\/5\/2026\/01\/remise-de-ceinture-noire-1-dan-stephane-pierrel-5-1536x989.jpeg 1536w, https:\/\/vosgesinfo.fr\/app\/uploads\/sites\/5\/2026\/01\/remise-de-ceinture-noire-1-dan-stephane-pierrel-5.jpeg 1678w\" sizes=\"(max-width: 1024px) 100vw, 1024px\" \/><\/a><\/h3>\n\n\t\t<style type=\"text\/css\">\n\t\t\t#gallery-1 {\n\t\t\t\tmargin: auto;\n\t\t\t}\n\t\t\t#gallery-1 .gallery-item {\n\t\t\t\tfloat: left;\n\t\t\t\tmargin-top: 10px;\n\t\t\t\ttext-align: center;\n\t\t\t\twidth: 50%;\n\t\t\t}\n\t\t\t#gallery-1 img {\n\t\t\t\tborder: 2px solid #cfcfcf;\n\t\t\t}\n\t\t\t#gallery-1 .gallery-caption {\n\t\t\t\tmargin-left: 0;\n\t\t\t}\n\t\t\t\/* see gallery_shortcode() in wp-includes\/media.php *\/\n\t\t<\/style>\n\t\t<div id='gallery-1' class='gallery galleryid-88392 gallery-columns-2 gallery-size-medium'><dl class='gallery-item'>\n\t\t\t<dt class='gallery-icon landscape'>\n\t\t\t\t<a href='https:\/\/vosgesinfo.fr\/app\/uploads\/sites\/5\/2026\/01\/remise-de-ceinture-noire-1-dan-stephane-pierrel-3.jpeg'><img decoding=\"async\" width=\"300\" height=\"200\" src=\"https:\/\/vosgesinfo.fr\/app\/uploads\/sites\/5\/2026\/01\/remise-de-ceinture-noire-1-dan-stephane-pierrel-3-300x200.jpeg\" class=\"attachment-medium size-medium\" alt=\"\" srcset=\"https:\/\/vosgesinfo.fr\/app\/uploads\/sites\/5\/2026\/01\/remise-de-ceinture-noire-1-dan-stephane-pierrel-3-300x200.jpeg 300w, https:\/\/vosgesinfo.fr\/app\/uploads\/sites\/5\/2026\/01\/remise-de-ceinture-noire-1-dan-stephane-pierrel-3-1024x683.jpeg 1024w, https:\/\/vosgesinfo.fr\/app\/uploads\/sites\/5\/2026\/01\/remise-de-ceinture-noire-1-dan-stephane-pierrel-3-768x512.jpeg 768w, https:\/\/vosgesinfo.fr\/app\/uploads\/sites\/5\/2026\/01\/remise-de-ceinture-noire-1-dan-stephane-pierrel-3-1536x1024.jpeg 1536w, https:\/\/vosgesinfo.fr\/app\/uploads\/sites\/5\/2026\/01\/remise-de-ceinture-noire-1-dan-stephane-pierrel-3.jpeg 1620w\" sizes=\"(max-width: 300px) 100vw, 300px\" \/><\/a>\n\t\t\t<\/dt><\/dl><dl class='gallery-item'>\n\t\t\t<dt class='gallery-icon landscape'>\n\t\t\t\t<a href='https:\/\/vosgesinfo.fr\/app\/uploads\/sites\/5\/2026\/01\/remise-de-ceinture-noire-1-dan-stephane-pierrel-1.jpeg'><img decoding=\"async\" width=\"300\" height=\"200\" src=\"https:\/\/vosgesinfo.fr\/app\/uploads\/sites\/5\/2026\/01\/remise-de-ceinture-noire-1-dan-stephane-pierrel-1-300x200.jpeg\" class=\"attachment-medium size-medium\" alt=\"\" srcset=\"https:\/\/vosgesinfo.fr\/app\/uploads\/sites\/5\/2026\/01\/remise-de-ceinture-noire-1-dan-stephane-pierrel-1-300x200.jpeg 300w, https:\/\/vosgesinfo.fr\/app\/uploads\/sites\/5\/2026\/01\/remise-de-ceinture-noire-1-dan-stephane-pierrel-1-1024x683.jpeg 1024w, https:\/\/vosgesinfo.fr\/app\/uploads\/sites\/5\/2026\/01\/remise-de-ceinture-noire-1-dan-stephane-pierrel-1-768x512.jpeg 768w, https:\/\/vosgesinfo.fr\/app\/uploads\/sites\/5\/2026\/01\/remise-de-ceinture-noire-1-dan-stephane-pierrel-1-1536x1024.jpeg 1536w, https:\/\/vosgesinfo.fr\/app\/uploads\/sites\/5\/2026\/01\/remise-de-ceinture-noire-1-dan-stephane-pierrel-1.jpeg 1620w\" sizes=\"(max-width: 300px) 100vw, 300px\" \/><\/a>\n\t\t\t<\/dt><\/dl><br style=\"clear: both\" \/>\n\t\t<\/div>\n\n<h3>Ce mercredi 28 janvier, au club de Remiremont judo avait lieu un \u00e9v\u00e9nement particulier. Pour la premi\u00e8re fois de la vie du club un judoka sport adapt\u00e9 se voyait remettre des mains de son entra\u00eeneur Stany SIMON sa ceinture noire bien m\u00e9rit\u00e9e.<\/h3>\n<p>&nbsp;<\/p>\n<p><a href=\"https:\/\/vosgesinfo.fr\/app\/uploads\/sites\/5\/2026\/01\/remise-de-ceinture-noire-1-dan-stephane-pierrel-2.jpeg\"><img decoding=\"async\" class=\"alignright size-medium wp-image-88393\" src=\"https:\/\/vosgesinfo.fr\/app\/uploads\/sites\/5\/2026\/01\/remise-de-ceinture-noire-1-dan-stephane-pierrel-2-193x300.jpeg\" alt=\"\" width=\"193\" height=\"300\" srcset=\"https:\/\/vosgesinfo.fr\/app\/uploads\/sites\/5\/2026\/01\/remise-de-ceinture-noire-1-dan-stephane-pierrel-2-193x300.jpeg 193w, https:\/\/vosgesinfo.fr\/app\/uploads\/sites\/5\/2026\/01\/remise-de-ceinture-noire-1-dan-stephane-pierrel-2-660x1024.jpeg 660w, https:\/\/vosgesinfo.fr\/app\/uploads\/sites\/5\/2026\/01\/remise-de-ceinture-noire-1-dan-stephane-pierrel-2.jpeg 696w\" sizes=\"(max-width: 193px) 100vw, 193px\" \/><\/a>En effet St\u00e9phane, apr\u00e8s 15 ann\u00e9es de pratique, obtient enfin le s\u00e9same tant convoit\u00e9. Arriv\u00e9 sur le tard, ce judoka s&rsquo;est investi pleinement d\u00e8s le d\u00e9part au sein de la vie du club tant sur le plan sportif que sur le plan associatif. C&rsquo;est avec beaucoup de conviction et de r\u00e9gularit\u00e9 dans le travail que St\u00e9phane a su combattre et surpasser ses difficult\u00e9s. Son handicap affectant notamment sa capacit\u00e9 m\u00e9morielle, il lui fallut multiplier par 3 ou 4 le volume d&rsquo;entra\u00eenement n\u00e9cessaire pour passer \u00e9tape apr\u00e8s \u00e9tape chacune des ceintures symboliques de la progression du judoka. Son acharnement \u00e0 l&rsquo;entra\u00eenement l&rsquo;am\u00e8ne rapidement au sommet du niveau national en sport adapt\u00e9 et il devient champion de France \u00e0 plusieurs reprises. Parall\u00e8lement il s&rsquo;engage d\u00e8s 2017 dans la voie de la pr\u00e9paration \u00e0 la ceinture noire.<\/p>\n<p><a href=\"https:\/\/vosgesinfo.fr\/app\/uploads\/sites\/5\/2026\/01\/remise-de-ceinture-noire-1-dan-stephane-pierrel-4.jpeg\"><img decoding=\"async\" class=\"alignright size-medium wp-image-88395\" src=\"https:\/\/vosgesinfo.fr\/app\/uploads\/sites\/5\/2026\/01\/remise-de-ceinture-noire-1-dan-stephane-pierrel-4-200x300.jpeg\" alt=\"\" width=\"200\" height=\"300\" srcset=\"https:\/\/vosgesinfo.fr\/app\/uploads\/sites\/5\/2026\/01\/remise-de-ceinture-noire-1-dan-stephane-pierrel-4-200x300.jpeg 200w, https:\/\/vosgesinfo.fr\/app\/uploads\/sites\/5\/2026\/01\/remise-de-ceinture-noire-1-dan-stephane-pierrel-4-683x1024.jpeg 683w, https:\/\/vosgesinfo.fr\/app\/uploads\/sites\/5\/2026\/01\/remise-de-ceinture-noire-1-dan-stephane-pierrel-4.jpeg 720w\" sizes=\"(max-width: 200px) 100vw, 200px\" \/><\/a>Accompagn\u00e9 par les entra\u00eeneurs Stany SIMON et Pascal COLLIN, responsable de la structure Foyer Tremplin de Saint-Am\u00e9, St\u00e9phane parvient \u00e0 r\u00e9aliser la m\u00e9morisation des quelques 15 minutes de d\u00e9monstration technique appel\u00e9e kata, n\u00e9cessaire \u00e0 l&rsquo;obtention de la ceinture noire. Dans la foul\u00e9e, il r\u00e9alise \u00e9galement la validation de ses capacit\u00e9s d&rsquo;arbitrage. Autant de domaines dans lesquels il est n\u00e9cessaire de prouver ses comp\u00e9tences pour obtenir le Saint Graal. Enfin en multipliant les comp\u00e9titions dans le monde du sport adapt\u00e9 et du sport classique il obtient les 100 points exig\u00e9s soit 10 victoires.<br \/>\nCe r\u00e9sultat est \u00e9galement le fruit d&rsquo;un partenariat de longue date avec les structures d&rsquo;accueil pour jeunes adultes porteur de handicap local. Effectivement Remiremont judo accueille jusqu&rsquo;\u00e0 14 judokas en sport adapt\u00e9 tous les mardis apr\u00e8s-midi.<br \/>\nNathalie FERRY, pr\u00e9sidente de Remiremont judo, se f\u00e9licite de cette cons\u00e9cration, \u00e0 double titre puisqu&rsquo;il est en effet le premier judoka \u00e0 recevoir sa ceinture noire dans le nouveau dojo Axel CLERGET fra\u00eechement inaugur\u00e9 en d\u00e9cembre.<br \/>\nIl est certain, comme l&rsquo;ont \u00e9voqu\u00e9 ses entra\u00eeneurs, que St\u00e9phane est un exemple de surpassement et de courage. C&rsquo;est d&rsquo;ailleurs ce qui a \u00e9t\u00e9 brod\u00e9 en kanji japonais sur sa ceinture<br \/>\nDans son discours de remerciement St\u00e9phane souligne le travail important de partenariat de l&rsquo;ensemble des judokas du club dans les diff\u00e9rents moments de sa pr\u00e9paration. Entraide et prosp\u00e9rit\u00e9 mutuelle ont donc \u00e9t\u00e9 les ma\u00eetres mots de ce parcours.<br \/>\nEn fin de c\u00e9r\u00e9monie, comme il se doit, St\u00e9phane s&rsquo;est rendu \u00e0 l&rsquo;exercice des chutes et pas moins de 25 ceintures noires du 1er au 5e Dan, ont fait tomber St\u00e9phane symboliquement \u00e0 tour de r\u00f4le. C&rsquo;est \u00e9videmment autour d&rsquo;un verre de l&rsquo;amiti\u00e9 que s&rsquo; est conclue cette magnifique soir\u00e9e.<br \/>\nNul doute que cette nouvelle figure du judo Romarimontain inspirera d&rsquo;autres sportifs.<\/p>\n","protected":false},"excerpt":{"rendered":"<p>Ce mercredi 28 janvier, au club de Remiremont judo avait lieu un \u00e9v\u00e9nement particulier. Pour la premi\u00e8re fois de la [&hellip;]<\/p>\n","protected":false},"author":391,"featured_media":88394,"comment_status":"open","ping_status":"open","sticky":false,"template":"","format":"standard","meta":{"footnotes":""},"categories":[26,43,14],"tags":[6290,8798,1709,8797],"class_list":["post-88392","post","type-post","status-publish","format-standard","has-post-thumbnail","hentry","category-a-la-une","category-remiremont-remiremont-son-canton","category-sport","tag-judo-taiso-remiremont","tag-pascal-collin","tag-stany-simon","tag-stephane-pierrel"],"acf":[],"yoast_head":"<!-- This site is optimized with the Yoast SEO plugin v22.5 - https:\/\/yoast.com\/wordpress\/plugins\/seo\/ -->\n<title>Judo : St\u00e9phane PIERREL s&#039;est vu remettre sa ceinture noire 1 DAN au club de Remiremont - Remiremont Info<\/title>\n<meta name=\"robots\" content=\"index, follow, max-snippet:-1, max-image-preview:large, max-video-preview:-1\" \/>\n<link rel=\"canonical\" href=\"https:\/\/vosgesinfo.fr\/remiremontinfo\/?p=88392\" \/>\n<meta name=\"twitter:card\" content=\"summary_large_image\" \/>\n<meta name=\"twitter:title\" content=\"Judo : St\u00e9phane PIERREL s&#039;est vu remettre sa ceinture noire 1 DAN au club de Remiremont - Remiremont Info\" \/>\n<meta name=\"twitter:description\" content=\"Ce mercredi 28 janvier, au club de Remiremont judo avait lieu un \u00e9v\u00e9nement particulier. Pour la premi\u00e8re fois de la [&hellip;]\" \/>\n<meta name=\"twitter:image\" content=\"https:\/\/vosgesinfo.fr\/app\/uploads\/sites\/5\/2026\/01\/remise-de-ceinture-noire-1-dan-stephane-pierrel-3-300x200.jpeg\" \/>\n<meta name=\"twitter:creator\" content=\"@VosgesInfo88\" \/>\n<meta name=\"twitter:site\" content=\"@VosgesInfo88\" \/>\n<meta name=\"twitter:label1\" content=\"\u00c9crit par\" \/>\n\t<meta name=\"twitter:data1\" content=\"La redaction\" \/>\n\t<meta name=\"twitter:label2\" content=\"Dur\u00e9e de lecture estim\u00e9e\" \/>\n\t<meta name=\"twitter:data2\" content=\"3 minutes\" \/>\n<script type=\"application\/ld+json\" class=\"yoast-schema-graph\">{\"@context\":\"https:\/\/schema.org\",\"@graph\":[{\"@type\":\"Article\",\"@id\":\"https:\/\/vosgesinfo.fr\/remiremontinfo\/?p=88392#article\",\"isPartOf\":{\"@id\":\"https:\/\/vosgesinfo.fr\/remiremontinfo\/?p=88392\"},\"author\":{\"name\":\"La redaction\",\"@id\":\"https:\/\/vosgesinfo.fr\/remiremontinfo\/#\/schema\/person\/27a3695b06db98895b354c0765cdfc31\"},\"headline\":\"Judo : St\u00e9phane PIERREL s&rsquo;est vu remettre sa ceinture noire 1 DAN au club de Remiremont\",\"datePublished\":\"2026-01-29T16:45:13+00:00\",\"dateModified\":\"2026-01-29T16:45:13+00:00\",\"mainEntityOfPage\":{\"@id\":\"https:\/\/vosgesinfo.fr\/remiremontinfo\/?p=88392\"},\"wordCount\":554,\"commentCount\":0,\"publisher\":{\"@id\":\"https:\/\/vosgesinfo.fr\/remiremontinfo\/#organization\"},\"image\":{\"@id\":\"https:\/\/vosgesinfo.fr\/remiremontinfo\/?p=88392#primaryimage\"},\"thumbnailUrl\":\"https:\/\/vosgesinfo.fr\/app\/uploads\/sites\/5\/2026\/01\/remise-de-ceinture-noire-1-dan-stephane-pierrel-3.jpeg\",\"keywords\":[\"Judo-Ta\u00efso Remiremont\",\"Pascal Collin\",\"stany simon\",\"Stephane Pierrel\"],\"articleSection\":[\"A la Une\",\"Remiremont\",\"Sport\"],\"inLanguage\":\"fr-FR\",\"potentialAction\":[{\"@type\":\"CommentAction\",\"name\":\"Comment\",\"target\":[\"https:\/\/vosgesinfo.fr\/remiremontinfo\/?p=88392#respond\"]}]},{\"@type\":\"WebPage\",\"@id\":\"https:\/\/vosgesinfo.fr\/remiremontinfo\/?p=88392\",\"url\":\"https:\/\/vosgesinfo.fr\/remiremontinfo\/?p=88392\",\"name\":\"Judo : St\u00e9phane PIERREL s'est vu remettre sa ceinture noire 1 DAN au club de Remiremont - Remiremont Info\",\"isPartOf\":{\"@id\":\"https:\/\/vosgesinfo.fr\/remiremontinfo\/#website\"},\"primaryImageOfPage\":{\"@id\":\"https:\/\/vosgesinfo.fr\/remiremontinfo\/?p=88392#primaryimage\"},\"image\":{\"@id\":\"https:\/\/vosgesinfo.fr\/remiremontinfo\/?p=88392#primaryimage\"},\"thumbnailUrl\":\"https:\/\/vosgesinfo.fr\/app\/uploads\/sites\/5\/2026\/01\/remise-de-ceinture-noire-1-dan-stephane-pierrel-3.jpeg\",\"datePublished\":\"2026-01-29T16:45:13+00:00\",\"dateModified\":\"2026-01-29T16:45:13+00:00\",\"breadcrumb\":{\"@id\":\"https:\/\/vosgesinfo.fr\/remiremontinfo\/?p=88392#breadcrumb\"},\"inLanguage\":\"fr-FR\",\"potentialAction\":[{\"@type\":\"ReadAction\",\"target\":[\"https:\/\/vosgesinfo.fr\/remiremontinfo\/?p=88392\"]}]},{\"@type\":\"ImageObject\",\"inLanguage\":\"fr-FR\",\"@id\":\"https:\/\/vosgesinfo.fr\/remiremontinfo\/?p=88392#primaryimage\",\"url\":\"https:\/\/vosgesinfo.fr\/app\/uploads\/sites\/5\/2026\/01\/remise-de-ceinture-noire-1-dan-stephane-pierrel-3.jpeg\",\"contentUrl\":\"https:\/\/vosgesinfo.fr\/app\/uploads\/sites\/5\/2026\/01\/remise-de-ceinture-noire-1-dan-stephane-pierrel-3.jpeg\",\"width\":1620,\"height\":1080},{\"@type\":\"BreadcrumbList\",\"@id\":\"https:\/\/vosgesinfo.fr\/remiremontinfo\/?p=88392#breadcrumb\",\"itemListElement\":[{\"@type\":\"ListItem\",\"position\":1,\"name\":\"Home\",\"item\":\"https:\/\/vosgesinfo.fr\/remiremontinfo\/\"},{\"@type\":\"ListItem\",\"position\":2,\"name\":\"Judo : St\u00e9phane PIERREL s&#8217;est vu remettre sa ceinture noire 1 DAN au club de Remiremont\"}]},{\"@type\":\"WebSite\",\"@id\":\"https:\/\/vosgesinfo.fr\/remiremontinfo\/#website\",\"url\":\"https:\/\/vosgesinfo.fr\/remiremontinfo\/\",\"name\":\"Remiremont Info\",\"description\":\"Toute l&#039;actualit\u00e9 de Remiremont\",\"publisher\":{\"@id\":\"https:\/\/vosgesinfo.fr\/remiremontinfo\/#organization\"},\"alternateName\":\"Toute l'actualit\u00e9 de Remiremont\",\"potentialAction\":[{\"@type\":\"SearchAction\",\"target\":{\"@type\":\"EntryPoint\",\"urlTemplate\":\"https:\/\/vosgesinfo.fr\/remiremontinfo\/?s={search_term_string}\"},\"query-input\":\"required name=search_term_string\"}],\"inLanguage\":\"fr-FR\"},{\"@type\":\"Organization\",\"@id\":\"https:\/\/vosgesinfo.fr\/remiremontinfo\/#organization\",\"name\":\"Remiremont Info\",\"url\":\"https:\/\/vosgesinfo.fr\/remiremontinfo\/\",\"logo\":{\"@type\":\"ImageObject\",\"inLanguage\":\"fr-FR\",\"@id\":\"https:\/\/vosgesinfo.fr\/remiremontinfo\/#\/schema\/logo\/image\/\",\"url\":\"https:\/\/vosgesinfo.fr\/app\/uploads\/sites\/5\/2023\/08\/favicon-remiremontinfo.png\",\"contentUrl\":\"https:\/\/vosgesinfo.fr\/app\/uploads\/sites\/5\/2023\/08\/favicon-remiremontinfo.png\",\"width\":512,\"height\":512,\"caption\":\"Remiremont Info\"},\"image\":{\"@id\":\"https:\/\/vosgesinfo.fr\/remiremontinfo\/#\/schema\/logo\/image\/\"},\"sameAs\":[\"https:\/\/www.facebook.com\/remiremontinfo\",\"https:\/\/x.com\/VosgesInfo88\",\"https:\/\/www.youtube.com\/@vosgesinfo\"]},{\"@type\":\"Person\",\"@id\":\"https:\/\/vosgesinfo.fr\/remiremontinfo\/#\/schema\/person\/27a3695b06db98895b354c0765cdfc31\",\"name\":\"La redaction\",\"image\":{\"@type\":\"ImageObject\",\"inLanguage\":\"fr-FR\",\"@id\":\"https:\/\/vosgesinfo.fr\/remiremontinfo\/#\/schema\/person\/image\/\",\"url\":\"https:\/\/secure.gravatar.com\/avatar\/64c76a78e501cedee55736f43f332df901e1896ae9cd8fad269ae2236dd0e8b6?s=96&d=mm&r=g\",\"contentUrl\":\"https:\/\/secure.gravatar.com\/avatar\/64c76a78e501cedee55736f43f332df901e1896ae9cd8fad269ae2236dd0e8b6?s=96&d=mm&r=g\",\"caption\":\"La redaction\"},\"url\":\"https:\/\/vosgesinfo.fr\/remiremontinfo\/author\/la-redaction\/\"}]}<\/script>\n<!-- \/ Yoast SEO plugin. -->","yoast_head_json":{"title":"Judo : St\u00e9phane PIERREL s'est vu remettre sa ceinture noire 1 DAN au club de Remiremont - Remiremont Info","robots":{"index":"index","follow":"follow","max-snippet":"max-snippet:-1","max-image-preview":"max-image-preview:large","max-video-preview":"max-video-preview:-1"},"canonical":"https:\/\/vosgesinfo.fr\/remiremontinfo\/?p=88392","twitter_card":"summary_large_image","twitter_title":"Judo : St\u00e9phane PIERREL s'est vu remettre sa ceinture noire 1 DAN au club de Remiremont - Remiremont Info","twitter_description":"Ce mercredi 28 janvier, au club de Remiremont judo avait lieu un \u00e9v\u00e9nement particulier. Pour la premi\u00e8re fois de la [&hellip;]","twitter_image":"https:\/\/vosgesinfo.fr\/app\/uploads\/sites\/5\/2026\/01\/remise-de-ceinture-noire-1-dan-stephane-pierrel-3-300x200.jpeg","twitter_creator":"@VosgesInfo88","twitter_site":"@VosgesInfo88","twitter_misc":{"\u00c9crit par":"La redaction","Dur\u00e9e de lecture estim\u00e9e":"3 minutes"},"schema":{"@context":"https:\/\/schema.org","@graph":[{"@type":"Article","@id":"https:\/\/vosgesinfo.fr\/remiremontinfo\/?p=88392#article","isPartOf":{"@id":"https:\/\/vosgesinfo.fr\/remiremontinfo\/?p=88392"},"author":{"name":"La redaction","@id":"https:\/\/vosgesinfo.fr\/remiremontinfo\/#\/schema\/person\/27a3695b06db98895b354c0765cdfc31"},"headline":"Judo : St\u00e9phane PIERREL s&rsquo;est vu remettre sa ceinture noire 1 DAN au club de Remiremont","datePublished":"2026-01-29T16:45:13+00:00","dateModified":"2026-01-29T16:45:13+00:00","mainEntityOfPage":{"@id":"https:\/\/vosgesinfo.fr\/remiremontinfo\/?p=88392"},"wordCount":554,"commentCount":0,"publisher":{"@id":"https:\/\/vosgesinfo.fr\/remiremontinfo\/#organization"},"image":{"@id":"https:\/\/vosgesinfo.fr\/remiremontinfo\/?p=88392#primaryimage"},"thumbnailUrl":"https:\/\/vosgesinfo.fr\/app\/uploads\/sites\/5\/2026\/01\/remise-de-ceinture-noire-1-dan-stephane-pierrel-3.jpeg","keywords":["Judo-Ta\u00efso Remiremont","Pascal Collin","stany simon","Stephane Pierrel"],"articleSection":["A la Une","Remiremont","Sport"],"inLanguage":"fr-FR","potentialAction":[{"@type":"CommentAction","name":"Comment","target":["https:\/\/vosgesinfo.fr\/remiremontinfo\/?p=88392#respond"]}]},{"@type":"WebPage","@id":"https:\/\/vosgesinfo.fr\/remiremontinfo\/?p=88392","url":"https:\/\/vosgesinfo.fr\/remiremontinfo\/?p=88392","name":"Judo : St\u00e9phane PIERREL s'est vu remettre sa ceinture noire 1 DAN au club de Remiremont - Remiremont Info","isPartOf":{"@id":"https:\/\/vosgesinfo.fr\/remiremontinfo\/#website"},"primaryImageOfPage":{"@id":"https:\/\/vosgesinfo.fr\/remiremontinfo\/?p=88392#primaryimage"},"image":{"@id":"https:\/\/vosgesinfo.fr\/remiremontinfo\/?p=88392#primaryimage"},"thumbnailUrl":"https:\/\/vosgesinfo.fr\/app\/uploads\/sites\/5\/2026\/01\/remise-de-ceinture-noire-1-dan-stephane-pierrel-3.jpeg","datePublished":"2026-01-29T16:45:13+00:00","dateModified":"2026-01-29T16:45:13+00:00","breadcrumb":{"@id":"https:\/\/vosgesinfo.fr\/remiremontinfo\/?p=88392#breadcrumb"},"inLanguage":"fr-FR","potentialAction":[{"@type":"ReadAction","target":["https:\/\/vosgesinfo.fr\/remiremontinfo\/?p=88392"]}]},{"@type":"ImageObject","inLanguage":"fr-FR","@id":"https:\/\/vosgesinfo.fr\/remiremontinfo\/?p=88392#primaryimage","url":"https:\/\/vosgesinfo.fr\/app\/uploads\/sites\/5\/2026\/01\/remise-de-ceinture-noire-1-dan-stephane-pierrel-3.jpeg","contentUrl":"https:\/\/vosgesinfo.fr\/app\/uploads\/sites\/5\/2026\/01\/remise-de-ceinture-noire-1-dan-stephane-pierrel-3.jpeg","width":1620,"height":1080},{"@type":"BreadcrumbList","@id":"https:\/\/vosgesinfo.fr\/remiremontinfo\/?p=88392#breadcrumb","itemListElement":[{"@type":"ListItem","position":1,"name":"Home","item":"https:\/\/vosgesinfo.fr\/remiremontinfo\/"},{"@type":"ListItem","position":2,"name":"Judo : St\u00e9phane PIERREL s&#8217;est vu remettre sa ceinture noire 1 DAN au club de Remiremont"}]},{"@type":"WebSite","@id":"https:\/\/vosgesinfo.fr\/remiremontinfo\/#website","url":"https:\/\/vosgesinfo.fr\/remiremontinfo\/","name":"Remiremont Info","description":"Toute l&#039;actualit\u00e9 de Remiremont","publisher":{"@id":"https:\/\/vosgesinfo.fr\/remiremontinfo\/#organization"},"alternateName":"Toute l'actualit\u00e9 de Remiremont","potentialAction":[{"@type":"SearchAction","target":{"@type":"EntryPoint","urlTemplate":"https:\/\/vosgesinfo.fr\/remiremontinfo\/?s={search_term_string}"},"query-input":"required name=search_term_string"}],"inLanguage":"fr-FR"},{"@type":"Organization","@id":"https:\/\/vosgesinfo.fr\/remiremontinfo\/#organization","name":"Remiremont Info","url":"https:\/\/vosgesinfo.fr\/remiremontinfo\/","logo":{"@type":"ImageObject","inLanguage":"fr-FR","@id":"https:\/\/vosgesinfo.fr\/remiremontinfo\/#\/schema\/logo\/image\/","url":"https:\/\/vosgesinfo.fr\/app\/uploads\/sites\/5\/2023\/08\/favicon-remiremontinfo.png","contentUrl":"https:\/\/vosgesinfo.fr\/app\/uploads\/sites\/5\/2023\/08\/favicon-remiremontinfo.png","width":512,"height":512,"caption":"Remiremont Info"},"image":{"@id":"https:\/\/vosgesinfo.fr\/remiremontinfo\/#\/schema\/logo\/image\/"},"sameAs":["https:\/\/www.facebook.com\/remiremontinfo","https:\/\/x.com\/VosgesInfo88","https:\/\/www.youtube.com\/@vosgesinfo"]},{"@type":"Person","@id":"https:\/\/vosgesinfo.fr\/remiremontinfo\/#\/schema\/person\/27a3695b06db98895b354c0765cdfc31","name":"La redaction","image":{"@type":"ImageObject","inLanguage":"fr-FR","@id":"https:\/\/vosgesinfo.fr\/remiremontinfo\/#\/schema\/person\/image\/","url":"https:\/\/secure.gravatar.com\/avatar\/64c76a78e501cedee55736f43f332df901e1896ae9cd8fad269ae2236dd0e8b6?s=96&d=mm&r=g","contentUrl":"https:\/\/secure.gravatar.com\/avatar\/64c76a78e501cedee55736f43f332df901e1896ae9cd8fad269ae2236dd0e8b6?s=96&d=mm&r=g","caption":"La redaction"},"url":"https:\/\/vosgesinfo.fr\/remiremontinfo\/author\/la-redaction\/"}]}},"_links":{"self":[{"href":"https:\/\/vosgesinfo.fr\/remiremontinfo\/wp-json\/wp\/v2\/posts\/88392","targetHints":{"allow":["GET"]}}],"collection":[{"href":"https:\/\/vosgesinfo.fr\/remiremontinfo\/wp-json\/wp\/v2\/posts"}],"about":[{"href":"https:\/\/vosgesinfo.fr\/remiremontinfo\/wp-json\/wp\/v2\/types\/post"}],"author":[{"embeddable":true,"href":"https:\/\/vosgesinfo.fr\/remiremontinfo\/wp-json\/wp\/v2\/users\/391"}],"replies":[{"embeddable":true,"href":"https:\/\/vosgesinfo.fr\/remiremontinfo\/wp-json\/wp\/v2\/comments?post=88392"}],"version-history":[{"count":1,"href":"https:\/\/vosgesinfo.fr\/remiremontinfo\/wp-json\/wp\/v2\/posts\/88392\/revisions"}],"predecessor-version":[{"id":88398,"href":"https:\/\/vosgesinfo.fr\/remiremontinfo\/wp-json\/wp\/v2\/posts\/88392\/revisions\/88398"}],"wp:featuredmedia":[{"embeddable":true,"href":"https:\/\/vosgesinfo.fr\/remiremontinfo\/wp-json\/wp\/v2\/media\/88394"}],"wp:attachment":[{"href":"https:\/\/vosgesinfo.fr\/remiremontinfo\/wp-json\/wp\/v2\/media?parent=88392"}],"wp:term":[{"taxonomy":"category","embeddable":true,"href":"https:\/\/vosgesinfo.fr\/remiremontinfo\/wp-json\/wp\/v2\/categories?post=88392"},{"taxonomy":"post_tag","embeddable":true,"href":"https:\/\/vosgesinfo.fr\/remiremontinfo\/wp-json\/wp\/v2\/tags?post=88392"}],"curies":[{"name":"wp","href":"https:\/\/api.w.org\/{rel}","templated":true}]}}