{"id":88399,"date":"2026-01-29T20:10:24","date_gmt":"2026-01-29T19:10:24","guid":{"rendered":"https:\/\/vosgesinfo.fr\/remiremontinfo\/?p=88399"},"modified":"2026-01-29T20:10:24","modified_gmt":"2026-01-29T19:10:24","slug":"la-communication-digitale-de-loffice-de-tourisme-de-la-bresse-hautes-vosges-reconnue-a-lechelle-nationale","status":"publish","type":"post","link":"https:\/\/vosgesinfo.fr\/remiremontinfo\/2026\/01\/la-communication-digitale-de-loffice-de-tourisme-de-la-bresse-hautes-vosges-reconnue-a-lechelle-nationale\/","title":{"rendered":"La communication digitale de l\u2019Office de Tourisme de La Bresse Hautes Vosges reconnue \u00e0 l\u2019\u00e9chelle nationale"},"content":{"rendered":"<h3 align=\"left\"><a href=\"https:\/\/vosgesinfo.fr\/app\/uploads\/sites\/5\/2026\/01\/la-bresse-numerique.jpg\"><img decoding=\"async\" class=\"aligncenter size-medium wp-image-88400\" src=\"https:\/\/vosgesinfo.fr\/app\/uploads\/sites\/5\/2026\/01\/la-bresse-numerique-300x225.jpg\" alt=\"\" width=\"300\" height=\"225\" srcset=\"https:\/\/vosgesinfo.fr\/app\/uploads\/sites\/5\/2026\/01\/la-bresse-numerique-300x225.jpg 300w, https:\/\/vosgesinfo.fr\/app\/uploads\/sites\/5\/2026\/01\/la-bresse-numerique-768x577.jpg 768w, https:\/\/vosgesinfo.fr\/app\/uploads\/sites\/5\/2026\/01\/la-bresse-numerique.jpg 907w\" sizes=\"(max-width: 300px) 100vw, 300px\" \/><\/a><\/h3>\n<h3 align=\"left\"><span style=\"font-size: 12pt; color: #000000;\"> <span style=\"font-family: Times New Roman, serif;\"><span style=\"font-family: Calibri, sans-serif; font-size: 14pt;\"><br \/>\n<\/span><span style=\"font-family: Calibri, sans-serif;\"><b><span style=\"font-size: 14pt;\">D\u00e9but de semaine derni\u00e8re, le Community Manager de l\u2019Office de Tourisme de La Bresse Hautes Vosges a \u00e9t\u00e9 r\u00e9compens\u00e9 lors de la c\u00e9r\u00e9monie des CM Awards, organis\u00e9e par France Montagnes, l\u2019organisme national de promotion des destinations de montagne fran\u00e7aises.<\/span><br \/>\n<\/b><\/span><\/span><\/span><\/h3>\n<p align=\"left\"><span style=\"font-family: Times New Roman, serif; font-size: 12pt; color: #000000;\"><span style=\"font-family: Calibri, sans-serif;\">Il s\u2019est vu d\u00e9cerner le Prix sp\u00e9cial du \u201cCM le plus endurant\u201d, une distinction qui r\u00e9compense la cr\u00e9ativit\u00e9, la r\u00e9gularit\u00e9 et la qualit\u00e9 de l\u2019animation des r\u00e9seaux sociaux de la destination La Bresse Hautes Vosges. Ce prix souligne \u00e9galement la capacit\u00e9 \u00e0 <\/span><span style=\"font-family: Calibri, sans-serif;\"><b>valoriser le territoire de mani\u00e8re authentique, dynamique et innovante<\/b><\/span><span style=\"font-family: Calibri, sans-serif;\"> tout au long de l\u2019ann\u00e9e.<\/span><\/span><\/p>\n<p align=\"left\"><span style=\"font-family: Times New Roman, serif; font-size: 12pt; color: #000000;\"><span style=\"font-family: Calibri, sans-serif;\">Cette reconnaissance nationale met \u00e9galement en lumi\u00e8re <\/span><span style=\"font-family: Calibri, sans-serif;\"><b>le travail men\u00e9 quotidiennement par l\u2019Office de Tourisme<\/b><\/span><span style=\"font-family: Calibri, sans-serif;\"> pour faire rayonner la montagne vosgienne sur les principales plateformes sociales : Instagram, Facebook et TikTok. Une strat\u00e9gie digitale coh\u00e9rente et engag\u00e9e, au service de l\u2019attractivit\u00e9 du territoire.<\/span><\/span><\/p>\n<h4 align=\"left\"><span style=\"font-family: Times New Roman, serif; font-size: 14pt; color: #000000;\"><span style=\"font-family: Calibri, sans-serif;\"><b>Quelques chiffres cl\u00e9s :\u00a0<\/b><\/span><\/span><\/h4>\n<p align=\"left\"><span style=\"font-family: Times New Roman, serif; font-size: 12pt; color: #000000;\"><span style=\"font-family: Calibri, sans-serif;\">1er compte TikTok d\u2019Office de Tourisme du Grand Est avec 17 601 abonn\u00e9s<\/span><\/span><\/p>\n<p align=\"left\"><span style=\"font-family: Times New Roman, serif; font-size: 12pt; color: #000000;\"><span style=\"font-family: Calibri, sans-serif;\">Page Facebook d\u2019Office de Tourisme la plus dynamique et active du Grand Est (source : Meta Business Suite)<\/span><\/span><\/p>\n<p align=\"left\"><span style=\"font-family: Times New Roman, serif; font-size: 12pt; color: #000000;\"><span style=\"font-family: Calibri, sans-serif;\">Plus de 11 millions de vues sur la page Facebook Destination La Bresse en 2024<\/span><\/span><\/p>\n<p align=\"left\"><span style=\"font-family: Times New Roman, serif; font-size: 12pt; color: #000000;\"><span style=\"font-family: Calibri, sans-serif;\">+12 647 abonn\u00e9s sur Instagram depuis 2021, passant de 3 225 \u00e0 15 872 aujourd&rsquo;hui (chiffre 2025)<br \/>\n<\/span><\/span><\/p>\n<p align=\"left\"><span style=\"font-family: Times New Roman, serif; font-size: 12pt; color: #000000;\"><span style=\"font-family: Calibri, sans-serif;\">Une distinction qui confirme la pertinence de la strat\u00e9gie digitale mise en place et la volont\u00e9 de l\u2019Office de Tourisme de La Bresse Hautes Vosges de s\u2019inscrire comme un <\/span><span style=\"font-family: Calibri, sans-serif;\"><b>acteur incontournable de la communication touristique en montagne<\/b><\/span><span style=\"font-family: Calibri, sans-serif;\">.<\/span><\/span><\/p>\n","protected":false},"excerpt":{"rendered":"<p>D\u00e9but de semaine derni\u00e8re, le Community Manager de l\u2019Office de Tourisme de La Bresse Hautes Vosges a \u00e9t\u00e9 r\u00e9compens\u00e9 lors [&hellip;]<\/p>\n","protected":false},"author":42,"featured_media":88400,"comment_status":"open","ping_status":"open","sticky":false,"template":"","format":"standard","meta":{"footnotes":""},"categories":[26,104,25,43,13],"tags":[],"class_list":["post-88399","post","type-post","status-publish","format-standard","has-post-thumbnail","hentry","category-a-la-une","category-la-bresse-la-bresse-son-canton","category-la-bresse-son-canton","category-remiremont-remiremont-son-canton","category-societe"],"acf":[],"yoast_head":"<!-- This site is optimized with the Yoast SEO plugin v22.5 - https:\/\/yoast.com\/wordpress\/plugins\/seo\/ -->\n<title>La communication digitale de l\u2019Office de Tourisme de La Bresse Hautes Vosges reconnue \u00e0 l\u2019\u00e9chelle nationale - Remiremont Info<\/title>\n<meta name=\"robots\" content=\"index, follow, max-snippet:-1, max-image-preview:large, max-video-preview:-1\" \/>\n<link rel=\"canonical\" href=\"https:\/\/vosgesinfo.fr\/remiremontinfo\/?p=88399\" \/>\n<meta name=\"twitter:card\" content=\"summary_large_image\" \/>\n<meta name=\"twitter:title\" content=\"La communication digitale de l\u2019Office de Tourisme de La Bresse Hautes Vosges reconnue \u00e0 l\u2019\u00e9chelle nationale - Remiremont Info\" \/>\n<meta name=\"twitter:description\" content=\"D\u00e9but de semaine derni\u00e8re, le Community Manager de l\u2019Office de Tourisme de La Bresse Hautes Vosges a \u00e9t\u00e9 r\u00e9compens\u00e9 lors [&hellip;]\" \/>\n<meta name=\"twitter:image\" content=\"https:\/\/vosgesinfo.fr\/app\/uploads\/sites\/5\/2026\/01\/la-bresse-numerique-300x225.jpg\" \/>\n<meta name=\"twitter:creator\" content=\"@VosgesInfo88\" \/>\n<meta name=\"twitter:site\" content=\"@VosgesInfo88\" \/>\n<meta name=\"twitter:label1\" content=\"\u00c9crit par\" \/>\n\t<meta name=\"twitter:data1\" content=\"QG\" \/>\n\t<meta name=\"twitter:label2\" content=\"Dur\u00e9e de lecture estim\u00e9e\" \/>\n\t<meta name=\"twitter:data2\" content=\"1 minute\" \/>\n<script type=\"application\/ld+json\" class=\"yoast-schema-graph\">{\"@context\":\"https:\/\/schema.org\",\"@graph\":[{\"@type\":\"Article\",\"@id\":\"https:\/\/vosgesinfo.fr\/remiremontinfo\/?p=88399#article\",\"isPartOf\":{\"@id\":\"https:\/\/vosgesinfo.fr\/remiremontinfo\/?p=88399\"},\"author\":{\"name\":\"QG\",\"@id\":\"https:\/\/vosgesinfo.fr\/remiremontinfo\/#\/schema\/person\/db5605779a843dad16b5368f3e7613a5\"},\"headline\":\"La communication digitale de l\u2019Office de Tourisme de La Bresse Hautes Vosges reconnue \u00e0 l\u2019\u00e9chelle nationale\",\"datePublished\":\"2026-01-29T19:10:24+00:00\",\"dateModified\":\"2026-01-29T19:10:24+00:00\",\"mainEntityOfPage\":{\"@id\":\"https:\/\/vosgesinfo.fr\/remiremontinfo\/?p=88399\"},\"wordCount\":277,\"commentCount\":0,\"publisher\":{\"@id\":\"https:\/\/vosgesinfo.fr\/remiremontinfo\/#organization\"},\"image\":{\"@id\":\"https:\/\/vosgesinfo.fr\/remiremontinfo\/?p=88399#primaryimage\"},\"thumbnailUrl\":\"https:\/\/vosgesinfo.fr\/app\/uploads\/sites\/5\/2026\/01\/la-bresse-numerique.jpg\",\"articleSection\":[\"A la Une\",\"La Bresse\",\"La Bresse &amp; son canton\",\"Remiremont\",\"Soci\u00e9t\u00e9\"],\"inLanguage\":\"fr-FR\",\"potentialAction\":[{\"@type\":\"CommentAction\",\"name\":\"Comment\",\"target\":[\"https:\/\/vosgesinfo.fr\/remiremontinfo\/?p=88399#respond\"]}]},{\"@type\":\"WebPage\",\"@id\":\"https:\/\/vosgesinfo.fr\/remiremontinfo\/?p=88399\",\"url\":\"https:\/\/vosgesinfo.fr\/remiremontinfo\/?p=88399\",\"name\":\"La communication digitale de l\u2019Office de Tourisme de La Bresse Hautes Vosges reconnue \u00e0 l\u2019\u00e9chelle nationale - Remiremont Info\",\"isPartOf\":{\"@id\":\"https:\/\/vosgesinfo.fr\/remiremontinfo\/#website\"},\"primaryImageOfPage\":{\"@id\":\"https:\/\/vosgesinfo.fr\/remiremontinfo\/?p=88399#primaryimage\"},\"image\":{\"@id\":\"https:\/\/vosgesinfo.fr\/remiremontinfo\/?p=88399#primaryimage\"},\"thumbnailUrl\":\"https:\/\/vosgesinfo.fr\/app\/uploads\/sites\/5\/2026\/01\/la-bresse-numerique.jpg\",\"datePublished\":\"2026-01-29T19:10:24+00:00\",\"dateModified\":\"2026-01-29T19:10:24+00:00\",\"breadcrumb\":{\"@id\":\"https:\/\/vosgesinfo.fr\/remiremontinfo\/?p=88399#breadcrumb\"},\"inLanguage\":\"fr-FR\",\"potentialAction\":[{\"@type\":\"ReadAction\",\"target\":[\"https:\/\/vosgesinfo.fr\/remiremontinfo\/?p=88399\"]}]},{\"@type\":\"ImageObject\",\"inLanguage\":\"fr-FR\",\"@id\":\"https:\/\/vosgesinfo.fr\/remiremontinfo\/?p=88399#primaryimage\",\"url\":\"https:\/\/vosgesinfo.fr\/app\/uploads\/sites\/5\/2026\/01\/la-bresse-numerique.jpg\",\"contentUrl\":\"https:\/\/vosgesinfo.fr\/app\/uploads\/sites\/5\/2026\/01\/la-bresse-numerique.jpg\",\"width\":907,\"height\":681},{\"@type\":\"BreadcrumbList\",\"@id\":\"https:\/\/vosgesinfo.fr\/remiremontinfo\/?p=88399#breadcrumb\",\"itemListElement\":[{\"@type\":\"ListItem\",\"position\":1,\"name\":\"Home\",\"item\":\"https:\/\/vosgesinfo.fr\/remiremontinfo\/\"},{\"@type\":\"ListItem\",\"position\":2,\"name\":\"La communication digitale de l\u2019Office de Tourisme de La Bresse Hautes Vosges reconnue \u00e0 l\u2019\u00e9chelle nationale\"}]},{\"@type\":\"WebSite\",\"@id\":\"https:\/\/vosgesinfo.fr\/remiremontinfo\/#website\",\"url\":\"https:\/\/vosgesinfo.fr\/remiremontinfo\/\",\"name\":\"Remiremont Info\",\"description\":\"Toute l&#039;actualit\u00e9 de Remiremont\",\"publisher\":{\"@id\":\"https:\/\/vosgesinfo.fr\/remiremontinfo\/#organization\"},\"alternateName\":\"Toute l'actualit\u00e9 de Remiremont\",\"potentialAction\":[{\"@type\":\"SearchAction\",\"target\":{\"@type\":\"EntryPoint\",\"urlTemplate\":\"https:\/\/vosgesinfo.fr\/remiremontinfo\/?s={search_term_string}\"},\"query-input\":\"required name=search_term_string\"}],\"inLanguage\":\"fr-FR\"},{\"@type\":\"Organization\",\"@id\":\"https:\/\/vosgesinfo.fr\/remiremontinfo\/#organization\",\"name\":\"Remiremont Info\",\"url\":\"https:\/\/vosgesinfo.fr\/remiremontinfo\/\",\"logo\":{\"@type\":\"ImageObject\",\"inLanguage\":\"fr-FR\",\"@id\":\"https:\/\/vosgesinfo.fr\/remiremontinfo\/#\/schema\/logo\/image\/\",\"url\":\"https:\/\/vosgesinfo.fr\/app\/uploads\/sites\/5\/2023\/08\/favicon-remiremontinfo.png\",\"contentUrl\":\"https:\/\/vosgesinfo.fr\/app\/uploads\/sites\/5\/2023\/08\/favicon-remiremontinfo.png\",\"width\":512,\"height\":512,\"caption\":\"Remiremont Info\"},\"image\":{\"@id\":\"https:\/\/vosgesinfo.fr\/remiremontinfo\/#\/schema\/logo\/image\/\"},\"sameAs\":[\"https:\/\/www.facebook.com\/remiremontinfo\",\"https:\/\/x.com\/VosgesInfo88\",\"https:\/\/www.youtube.com\/@vosgesinfo\"]},{\"@type\":\"Person\",\"@id\":\"https:\/\/vosgesinfo.fr\/remiremontinfo\/#\/schema\/person\/db5605779a843dad16b5368f3e7613a5\",\"name\":\"QG\",\"image\":{\"@type\":\"ImageObject\",\"inLanguage\":\"fr-FR\",\"@id\":\"https:\/\/vosgesinfo.fr\/remiremontinfo\/#\/schema\/person\/image\/\",\"url\":\"https:\/\/secure.gravatar.com\/avatar\/ea80c42c204b534408512832fde52504ecabb9706bcb6151cf6175e5b64e6793?s=96&d=mm&r=g\",\"contentUrl\":\"https:\/\/secure.gravatar.com\/avatar\/ea80c42c204b534408512832fde52504ecabb9706bcb6151cf6175e5b64e6793?s=96&d=mm&r=g\",\"caption\":\"QG\"},\"url\":\"https:\/\/vosgesinfo.fr\/remiremontinfo\/author\/quentin88\/\"}]}<\/script>\n<!-- \/ Yoast SEO plugin. -->","yoast_head_json":{"title":"La communication digitale de l\u2019Office de Tourisme de La Bresse Hautes Vosges reconnue \u00e0 l\u2019\u00e9chelle nationale - Remiremont Info","robots":{"index":"index","follow":"follow","max-snippet":"max-snippet:-1","max-image-preview":"max-image-preview:large","max-video-preview":"max-video-preview:-1"},"canonical":"https:\/\/vosgesinfo.fr\/remiremontinfo\/?p=88399","twitter_card":"summary_large_image","twitter_title":"La communication digitale de l\u2019Office de Tourisme de La Bresse Hautes Vosges reconnue \u00e0 l\u2019\u00e9chelle nationale - Remiremont Info","twitter_description":"D\u00e9but de semaine derni\u00e8re, le Community Manager de l\u2019Office de Tourisme de La Bresse Hautes Vosges a \u00e9t\u00e9 r\u00e9compens\u00e9 lors [&hellip;]","twitter_image":"https:\/\/vosgesinfo.fr\/app\/uploads\/sites\/5\/2026\/01\/la-bresse-numerique-300x225.jpg","twitter_creator":"@VosgesInfo88","twitter_site":"@VosgesInfo88","twitter_misc":{"\u00c9crit par":"QG","Dur\u00e9e de lecture estim\u00e9e":"1 minute"},"schema":{"@context":"https:\/\/schema.org","@graph":[{"@type":"Article","@id":"https:\/\/vosgesinfo.fr\/remiremontinfo\/?p=88399#article","isPartOf":{"@id":"https:\/\/vosgesinfo.fr\/remiremontinfo\/?p=88399"},"author":{"name":"QG","@id":"https:\/\/vosgesinfo.fr\/remiremontinfo\/#\/schema\/person\/db5605779a843dad16b5368f3e7613a5"},"headline":"La communication digitale de l\u2019Office de Tourisme de La Bresse Hautes Vosges reconnue \u00e0 l\u2019\u00e9chelle nationale","datePublished":"2026-01-29T19:10:24+00:00","dateModified":"2026-01-29T19:10:24+00:00","mainEntityOfPage":{"@id":"https:\/\/vosgesinfo.fr\/remiremontinfo\/?p=88399"},"wordCount":277,"commentCount":0,"publisher":{"@id":"https:\/\/vosgesinfo.fr\/remiremontinfo\/#organization"},"image":{"@id":"https:\/\/vosgesinfo.fr\/remiremontinfo\/?p=88399#primaryimage"},"thumbnailUrl":"https:\/\/vosgesinfo.fr\/app\/uploads\/sites\/5\/2026\/01\/la-bresse-numerique.jpg","articleSection":["A la Une","La Bresse","La Bresse &amp; son canton","Remiremont","Soci\u00e9t\u00e9"],"inLanguage":"fr-FR","potentialAction":[{"@type":"CommentAction","name":"Comment","target":["https:\/\/vosgesinfo.fr\/remiremontinfo\/?p=88399#respond"]}]},{"@type":"WebPage","@id":"https:\/\/vosgesinfo.fr\/remiremontinfo\/?p=88399","url":"https:\/\/vosgesinfo.fr\/remiremontinfo\/?p=88399","name":"La communication digitale de l\u2019Office de Tourisme de La Bresse Hautes Vosges reconnue \u00e0 l\u2019\u00e9chelle nationale - Remiremont Info","isPartOf":{"@id":"https:\/\/vosgesinfo.fr\/remiremontinfo\/#website"},"primaryImageOfPage":{"@id":"https:\/\/vosgesinfo.fr\/remiremontinfo\/?p=88399#primaryimage"},"image":{"@id":"https:\/\/vosgesinfo.fr\/remiremontinfo\/?p=88399#primaryimage"},"thumbnailUrl":"https:\/\/vosgesinfo.fr\/app\/uploads\/sites\/5\/2026\/01\/la-bresse-numerique.jpg","datePublished":"2026-01-29T19:10:24+00:00","dateModified":"2026-01-29T19:10:24+00:00","breadcrumb":{"@id":"https:\/\/vosgesinfo.fr\/remiremontinfo\/?p=88399#breadcrumb"},"inLanguage":"fr-FR","potentialAction":[{"@type":"ReadAction","target":["https:\/\/vosgesinfo.fr\/remiremontinfo\/?p=88399"]}]},{"@type":"ImageObject","inLanguage":"fr-FR","@id":"https:\/\/vosgesinfo.fr\/remiremontinfo\/?p=88399#primaryimage","url":"https:\/\/vosgesinfo.fr\/app\/uploads\/sites\/5\/2026\/01\/la-bresse-numerique.jpg","contentUrl":"https:\/\/vosgesinfo.fr\/app\/uploads\/sites\/5\/2026\/01\/la-bresse-numerique.jpg","width":907,"height":681},{"@type":"BreadcrumbList","@id":"https:\/\/vosgesinfo.fr\/remiremontinfo\/?p=88399#breadcrumb","itemListElement":[{"@type":"ListItem","position":1,"name":"Home","item":"https:\/\/vosgesinfo.fr\/remiremontinfo\/"},{"@type":"ListItem","position":2,"name":"La communication digitale de l\u2019Office de Tourisme de La Bresse Hautes Vosges reconnue \u00e0 l\u2019\u00e9chelle nationale"}]},{"@type":"WebSite","@id":"https:\/\/vosgesinfo.fr\/remiremontinfo\/#website","url":"https:\/\/vosgesinfo.fr\/remiremontinfo\/","name":"Remiremont Info","description":"Toute l&#039;actualit\u00e9 de Remiremont","publisher":{"@id":"https:\/\/vosgesinfo.fr\/remiremontinfo\/#organization"},"alternateName":"Toute l'actualit\u00e9 de Remiremont","potentialAction":[{"@type":"SearchAction","target":{"@type":"EntryPoint","urlTemplate":"https:\/\/vosgesinfo.fr\/remiremontinfo\/?s={search_term_string}"},"query-input":"required name=search_term_string"}],"inLanguage":"fr-FR"},{"@type":"Organization","@id":"https:\/\/vosgesinfo.fr\/remiremontinfo\/#organization","name":"Remiremont Info","url":"https:\/\/vosgesinfo.fr\/remiremontinfo\/","logo":{"@type":"ImageObject","inLanguage":"fr-FR","@id":"https:\/\/vosgesinfo.fr\/remiremontinfo\/#\/schema\/logo\/image\/","url":"https:\/\/vosgesinfo.fr\/app\/uploads\/sites\/5\/2023\/08\/favicon-remiremontinfo.png","contentUrl":"https:\/\/vosgesinfo.fr\/app\/uploads\/sites\/5\/2023\/08\/favicon-remiremontinfo.png","width":512,"height":512,"caption":"Remiremont Info"},"image":{"@id":"https:\/\/vosgesinfo.fr\/remiremontinfo\/#\/schema\/logo\/image\/"},"sameAs":["https:\/\/www.facebook.com\/remiremontinfo","https:\/\/x.com\/VosgesInfo88","https:\/\/www.youtube.com\/@vosgesinfo"]},{"@type":"Person","@id":"https:\/\/vosgesinfo.fr\/remiremontinfo\/#\/schema\/person\/db5605779a843dad16b5368f3e7613a5","name":"QG","image":{"@type":"ImageObject","inLanguage":"fr-FR","@id":"https:\/\/vosgesinfo.fr\/remiremontinfo\/#\/schema\/person\/image\/","url":"https:\/\/secure.gravatar.com\/avatar\/ea80c42c204b534408512832fde52504ecabb9706bcb6151cf6175e5b64e6793?s=96&d=mm&r=g","contentUrl":"https:\/\/secure.gravatar.com\/avatar\/ea80c42c204b534408512832fde52504ecabb9706bcb6151cf6175e5b64e6793?s=96&d=mm&r=g","caption":"QG"},"url":"https:\/\/vosgesinfo.fr\/remiremontinfo\/author\/quentin88\/"}]}},"_links":{"self":[{"href":"https:\/\/vosgesinfo.fr\/remiremontinfo\/wp-json\/wp\/v2\/posts\/88399","targetHints":{"allow":["GET"]}}],"collection":[{"href":"https:\/\/vosgesinfo.fr\/remiremontinfo\/wp-json\/wp\/v2\/posts"}],"about":[{"href":"https:\/\/vosgesinfo.fr\/remiremontinfo\/wp-json\/wp\/v2\/types\/post"}],"author":[{"embeddable":true,"href":"https:\/\/vosgesinfo.fr\/remiremontinfo\/wp-json\/wp\/v2\/users\/42"}],"replies":[{"embeddable":true,"href":"https:\/\/vosgesinfo.fr\/remiremontinfo\/wp-json\/wp\/v2\/comments?post=88399"}],"version-history":[{"count":1,"href":"https:\/\/vosgesinfo.fr\/remiremontinfo\/wp-json\/wp\/v2\/posts\/88399\/revisions"}],"predecessor-version":[{"id":88401,"href":"https:\/\/vosgesinfo.fr\/remiremontinfo\/wp-json\/wp\/v2\/posts\/88399\/revisions\/88401"}],"wp:featuredmedia":[{"embeddable":true,"href":"https:\/\/vosgesinfo.fr\/remiremontinfo\/wp-json\/wp\/v2\/media\/88400"}],"wp:attachment":[{"href":"https:\/\/vosgesinfo.fr\/remiremontinfo\/wp-json\/wp\/v2\/media?parent=88399"}],"wp:term":[{"taxonomy":"category","embeddable":true,"href":"https:\/\/vosgesinfo.fr\/remiremontinfo\/wp-json\/wp\/v2\/categories?post=88399"},{"taxonomy":"post_tag","embeddable":true,"href":"https:\/\/vosgesinfo.fr\/remiremontinfo\/wp-json\/wp\/v2\/tags?post=88399"}],"curies":[{"name":"wp","href":"https:\/\/api.w.org\/{rel}","templated":true}]}}