{"id":88414,"date":"2026-01-31T10:34:48","date_gmt":"2026-01-31T09:34:48","guid":{"rendered":"https:\/\/vosgesinfo.fr\/remiremontinfo\/2026\/01\/les-eleves-de-1re-option-sante-du-lycee-andre-malraux-en-immersion-au-centre-hospitalier-de-remiremont\/"},"modified":"2026-01-31T10:34:48","modified_gmt":"2026-01-31T09:34:48","slug":"les-eleves-de-1re-option-sante-du-lycee-andre-malraux-en-immersion-au-centre-hospitalier-de-remiremont","status":"publish","type":"post","link":"https:\/\/vosgesinfo.fr\/remiremontinfo\/2026\/01\/les-eleves-de-1re-option-sante-du-lycee-andre-malraux-en-immersion-au-centre-hospitalier-de-remiremont\/","title":{"rendered":"Les \u00e9l\u00e8ves de 1re Option Sant\u00e9 du lyc\u00e9e Andr\u00e9 Malraux en immersion au centre hospitalier de Remiremont"},"content":{"rendered":"<div id=\"attachment_139396\" style=\"width: 1034px\" class=\"wp-caption aligncenter\"><a href=\"https:\/\/vosgesinfo.fr\/app\/uploads\/sites\/3\/2026\/01\/623054626-1352197323374304-5505447551994052500-n.jpg\"><img decoding=\"async\" aria-describedby=\"caption-attachment-139396\" class=\"size-large wp-image-139396\" src=\"https:\/\/vosgesinfo.fr\/app\/uploads\/sites\/3\/2026\/01\/623054626-1352197323374304-5505447551994052500-n-1024x768.jpg\" alt=\"\" width=\"1024\" height=\"768\" \/><\/a><p id=\"caption-attachment-139396\" class=\"wp-caption-text\">photo Centre Hospitalier de Remiremont<\/p><\/div>\n<h2 data-start=\"248\" data-end=\"667\"><strong>Le centre hospitalier de Remiremont a r\u00e9cemment accueilli un groupe de 16 \u00e9l\u00e8ves de 1re Option Sant\u00e9 du lyc\u00e9e Andr\u00e9 Malraux de Remiremont, parmi les tout premiers Vosgiens \u00e0 exp\u00e9rimenter cette nouvelle Option Sant\u00e9, mise en place \u00e0 titre exp\u00e9rimental au niveau national. Ce dispositif innovant vise \u00e0 sensibiliser les jeunes aux m\u00e9tiers de la sant\u00e9 et \u00e0 r\u00e9pondre, \u00e0 long terme, aux enjeux du d\u00e9sert m\u00e9dical.<\/strong><\/h2>\n<p data-start=\"669\" data-end=\"960\">Dans le cadre de ce projet, un partenariat se construit avec \u201cLes H\u00f4pitaux Voient la Vie en Vosges\u201d (LH3V) afin de proposer aux \u00e9l\u00e8ves des interventions p\u00e9dagogiques et des visites de terrain, leur permettant de d\u00e9couvrir concr\u00e8tement les m\u00e9tiers m\u00e9dicaux (PM) et param\u00e9dicaux (PNM).<\/p>\n<p data-start=\"962\" data-end=\"1339\">Plusieurs actions ont d\u00e9j\u00e0 \u00e9t\u00e9 men\u00e9es avec succ\u00e8s. Les \u00e9l\u00e8ves ont tout d\u2019abord b\u00e9n\u00e9fici\u00e9 d\u2019une premi\u00e8re visite de la Pharmacie \u00e0 Usage Int\u00e9rieur (PUI) et du service d\u2019Imagerie, encadr\u00e9e par les professionnels du centre hospitalier. Un grand merci \u00e0 Lydie Fernandez, cadre des services, ainsi qu\u2019aux \u00e9quipes mobilis\u00e9es pour leur accueil chaleureux et leur disponibilit\u00e9.<\/p>\n<p data-start=\"1341\" data-end=\"1606\">Un atelier ludique de pr\u00e9sentation des nombreux m\u00e9tiers de l\u2019h\u00f4pital a \u00e9galement \u00e9t\u00e9 propos\u00e9, anim\u00e9 par Karine et Marine de la cellule LH3V, offrant aux \u00e9l\u00e8ves une vision globale et concr\u00e8te des parcours professionnels possibles dans le domaine de la sant\u00e9.<\/p>\n<p data-start=\"1608\" data-end=\"1975\">Derni\u00e8rement, les lyc\u00e9ens ont v\u00e9cu une deuxi\u00e8me immersion particuli\u00e8rement marquante : la d\u00e9couverte du bloc op\u00e9ratoire. Guid\u00e9s par Lydie Huertas, cadre du service, ils ont pu \u00e9changer avec des professionnels passionn\u00e9s : Nils, Cl\u00e9mentine et le Dr Muresan, qui ont partag\u00e9 avec enthousiasme leur quotidien et leur parcours.<\/p>\n<p data-start=\"1977\" data-end=\"2211\">En tenue r\u00e9glementaire, les \u00e9l\u00e8ves ont pleinement appr\u00e9ci\u00e9 cette immersion et la richesse des \u00e9changes, des exp\u00e9riences d\u00e9terminantes pour les aider \u00e0 affiner leur projet d\u2019orientation vers les fili\u00e8res m\u00e9dicales et param\u00e9dicales.<\/p>\n","protected":false},"excerpt":{"rendered":"<p>Le centre hospitalier de Remiremont a r\u00e9cemment accueilli un groupe de 16 \u00e9l\u00e8ves de 1re Option Sant\u00e9 du lyc\u00e9e Andr\u00e9 [&hellip;]<\/p>\n","protected":false},"author":52,"featured_media":88415,"comment_status":"open","ping_status":"open","sticky":false,"template":"","format":"standard","meta":{"footnotes":""},"categories":[26,108,43,12],"tags":[],"class_list":["post-88414","post","type-post","status-publish","format-standard","has-post-thumbnail","hentry","category-a-la-une","category-epinal","category-remiremont-remiremont-son-canton","category-sante"],"acf":[],"yoast_head":"<!-- This site is optimized with the Yoast SEO plugin v22.5 - https:\/\/yoast.com\/wordpress\/plugins\/seo\/ -->\n<title>Les \u00e9l\u00e8ves de 1re Option Sant\u00e9 du lyc\u00e9e Andr\u00e9 Malraux en immersion au centre hospitalier de Remiremont - Remiremont Info<\/title>\n<meta name=\"robots\" content=\"index, follow, max-snippet:-1, max-image-preview:large, max-video-preview:-1\" \/>\n<link rel=\"canonical\" href=\"https:\/\/vosgesinfo.fr\/remiremontinfo\/2026\/01\/les-eleves-de-1re-option-sante-du-lycee-andre-malraux-en-immersion-au-centre-hospitalier-de-remiremont\/\" \/>\n<meta name=\"twitter:card\" content=\"summary_large_image\" \/>\n<meta name=\"twitter:title\" content=\"Les \u00e9l\u00e8ves de 1re Option Sant\u00e9 du lyc\u00e9e Andr\u00e9 Malraux en immersion au centre hospitalier de Remiremont - Remiremont Info\" \/>\n<meta name=\"twitter:description\" content=\"Le centre hospitalier de Remiremont a r\u00e9cemment accueilli un groupe de 16 \u00e9l\u00e8ves de 1re Option Sant\u00e9 du lyc\u00e9e Andr\u00e9 [&hellip;]\" \/>\n<meta name=\"twitter:image\" content=\"https:\/\/vosgesinfo.fr\/app\/uploads\/sites\/5\/2026\/01\/623054626-1352197323374304-5505447551994052500-n.jpg\" \/>\n<meta name=\"twitter:creator\" content=\"@VosgesInfo88\" \/>\n<meta name=\"twitter:site\" content=\"@VosgesInfo88\" \/>\n<meta name=\"twitter:label1\" content=\"\u00c9crit par\" \/>\n\t<meta name=\"twitter:data1\" content=\"C.K.\" \/>\n\t<meta name=\"twitter:label2\" content=\"Dur\u00e9e de lecture estim\u00e9e\" \/>\n\t<meta name=\"twitter:data2\" content=\"2 minutes\" \/>\n<script type=\"application\/ld+json\" class=\"yoast-schema-graph\">{\"@context\":\"https:\/\/schema.org\",\"@graph\":[{\"@type\":\"Article\",\"@id\":\"https:\/\/vosgesinfo.fr\/remiremontinfo\/2026\/01\/les-eleves-de-1re-option-sante-du-lycee-andre-malraux-en-immersion-au-centre-hospitalier-de-remiremont\/#article\",\"isPartOf\":{\"@id\":\"https:\/\/vosgesinfo.fr\/remiremontinfo\/2026\/01\/les-eleves-de-1re-option-sante-du-lycee-andre-malraux-en-immersion-au-centre-hospitalier-de-remiremont\/\"},\"author\":{\"name\":\"C.K.\",\"@id\":\"https:\/\/vosgesinfo.fr\/remiremontinfo\/#\/schema\/person\/6f9a650eeea99d969b6c4ab78fccbe81\"},\"headline\":\"Les \u00e9l\u00e8ves de 1re Option Sant\u00e9 du lyc\u00e9e Andr\u00e9 Malraux en immersion au centre hospitalier de Remiremont\",\"datePublished\":\"2026-01-31T09:34:48+00:00\",\"dateModified\":\"2026-01-31T09:34:48+00:00\",\"mainEntityOfPage\":{\"@id\":\"https:\/\/vosgesinfo.fr\/remiremontinfo\/2026\/01\/les-eleves-de-1re-option-sante-du-lycee-andre-malraux-en-immersion-au-centre-hospitalier-de-remiremont\/\"},\"wordCount\":365,\"commentCount\":0,\"publisher\":{\"@id\":\"https:\/\/vosgesinfo.fr\/remiremontinfo\/#organization\"},\"image\":{\"@id\":\"https:\/\/vosgesinfo.fr\/remiremontinfo\/2026\/01\/les-eleves-de-1re-option-sante-du-lycee-andre-malraux-en-immersion-au-centre-hospitalier-de-remiremont\/#primaryimage\"},\"thumbnailUrl\":\"https:\/\/vosgesinfo.fr\/app\/uploads\/sites\/5\/2026\/01\/623054626-1352197323374304-5505447551994052500-n.jpg\",\"articleSection\":[\"A la Une\",\"Epinal\",\"Remiremont\",\"Sant\u00e9\"],\"inLanguage\":\"fr-FR\",\"potentialAction\":[{\"@type\":\"CommentAction\",\"name\":\"Comment\",\"target\":[\"https:\/\/vosgesinfo.fr\/remiremontinfo\/2026\/01\/les-eleves-de-1re-option-sante-du-lycee-andre-malraux-en-immersion-au-centre-hospitalier-de-remiremont\/#respond\"]}]},{\"@type\":\"WebPage\",\"@id\":\"https:\/\/vosgesinfo.fr\/remiremontinfo\/2026\/01\/les-eleves-de-1re-option-sante-du-lycee-andre-malraux-en-immersion-au-centre-hospitalier-de-remiremont\/\",\"url\":\"https:\/\/vosgesinfo.fr\/remiremontinfo\/2026\/01\/les-eleves-de-1re-option-sante-du-lycee-andre-malraux-en-immersion-au-centre-hospitalier-de-remiremont\/\",\"name\":\"Les \u00e9l\u00e8ves de 1re Option Sant\u00e9 du lyc\u00e9e Andr\u00e9 Malraux en immersion au centre hospitalier de Remiremont - Remiremont Info\",\"isPartOf\":{\"@id\":\"https:\/\/vosgesinfo.fr\/remiremontinfo\/#website\"},\"primaryImageOfPage\":{\"@id\":\"https:\/\/vosgesinfo.fr\/remiremontinfo\/2026\/01\/les-eleves-de-1re-option-sante-du-lycee-andre-malraux-en-immersion-au-centre-hospitalier-de-remiremont\/#primaryimage\"},\"image\":{\"@id\":\"https:\/\/vosgesinfo.fr\/remiremontinfo\/2026\/01\/les-eleves-de-1re-option-sante-du-lycee-andre-malraux-en-immersion-au-centre-hospitalier-de-remiremont\/#primaryimage\"},\"thumbnailUrl\":\"https:\/\/vosgesinfo.fr\/app\/uploads\/sites\/5\/2026\/01\/623054626-1352197323374304-5505447551994052500-n.jpg\",\"datePublished\":\"2026-01-31T09:34:48+00:00\",\"dateModified\":\"2026-01-31T09:34:48+00:00\",\"breadcrumb\":{\"@id\":\"https:\/\/vosgesinfo.fr\/remiremontinfo\/2026\/01\/les-eleves-de-1re-option-sante-du-lycee-andre-malraux-en-immersion-au-centre-hospitalier-de-remiremont\/#breadcrumb\"},\"inLanguage\":\"fr-FR\",\"potentialAction\":[{\"@type\":\"ReadAction\",\"target\":[\"https:\/\/vosgesinfo.fr\/remiremontinfo\/2026\/01\/les-eleves-de-1re-option-sante-du-lycee-andre-malraux-en-immersion-au-centre-hospitalier-de-remiremont\/\"]}]},{\"@type\":\"ImageObject\",\"inLanguage\":\"fr-FR\",\"@id\":\"https:\/\/vosgesinfo.fr\/remiremontinfo\/2026\/01\/les-eleves-de-1re-option-sante-du-lycee-andre-malraux-en-immersion-au-centre-hospitalier-de-remiremont\/#primaryimage\",\"url\":\"https:\/\/vosgesinfo.fr\/app\/uploads\/sites\/5\/2026\/01\/623054626-1352197323374304-5505447551994052500-n.jpg\",\"contentUrl\":\"https:\/\/vosgesinfo.fr\/app\/uploads\/sites\/5\/2026\/01\/623054626-1352197323374304-5505447551994052500-n.jpg\",\"width\":1440,\"height\":1080},{\"@type\":\"BreadcrumbList\",\"@id\":\"https:\/\/vosgesinfo.fr\/remiremontinfo\/2026\/01\/les-eleves-de-1re-option-sante-du-lycee-andre-malraux-en-immersion-au-centre-hospitalier-de-remiremont\/#breadcrumb\",\"itemListElement\":[{\"@type\":\"ListItem\",\"position\":1,\"name\":\"Home\",\"item\":\"https:\/\/vosgesinfo.fr\/remiremontinfo\/\"},{\"@type\":\"ListItem\",\"position\":2,\"name\":\"Les \u00e9l\u00e8ves de 1re Option Sant\u00e9 du lyc\u00e9e Andr\u00e9 Malraux en immersion au centre hospitalier de Remiremont\"}]},{\"@type\":\"WebSite\",\"@id\":\"https:\/\/vosgesinfo.fr\/remiremontinfo\/#website\",\"url\":\"https:\/\/vosgesinfo.fr\/remiremontinfo\/\",\"name\":\"Remiremont Info\",\"description\":\"Toute l&#039;actualit\u00e9 de Remiremont\",\"publisher\":{\"@id\":\"https:\/\/vosgesinfo.fr\/remiremontinfo\/#organization\"},\"alternateName\":\"Toute l'actualit\u00e9 de Remiremont\",\"potentialAction\":[{\"@type\":\"SearchAction\",\"target\":{\"@type\":\"EntryPoint\",\"urlTemplate\":\"https:\/\/vosgesinfo.fr\/remiremontinfo\/?s={search_term_string}\"},\"query-input\":\"required name=search_term_string\"}],\"inLanguage\":\"fr-FR\"},{\"@type\":\"Organization\",\"@id\":\"https:\/\/vosgesinfo.fr\/remiremontinfo\/#organization\",\"name\":\"Remiremont Info\",\"url\":\"https:\/\/vosgesinfo.fr\/remiremontinfo\/\",\"logo\":{\"@type\":\"ImageObject\",\"inLanguage\":\"fr-FR\",\"@id\":\"https:\/\/vosgesinfo.fr\/remiremontinfo\/#\/schema\/logo\/image\/\",\"url\":\"https:\/\/vosgesinfo.fr\/app\/uploads\/sites\/5\/2023\/08\/favicon-remiremontinfo.png\",\"contentUrl\":\"https:\/\/vosgesinfo.fr\/app\/uploads\/sites\/5\/2023\/08\/favicon-remiremontinfo.png\",\"width\":512,\"height\":512,\"caption\":\"Remiremont Info\"},\"image\":{\"@id\":\"https:\/\/vosgesinfo.fr\/remiremontinfo\/#\/schema\/logo\/image\/\"},\"sameAs\":[\"https:\/\/www.facebook.com\/remiremontinfo\",\"https:\/\/x.com\/VosgesInfo88\",\"https:\/\/www.youtube.com\/@vosgesinfo\"]},{\"@type\":\"Person\",\"@id\":\"https:\/\/vosgesinfo.fr\/remiremontinfo\/#\/schema\/person\/6f9a650eeea99d969b6c4ab78fccbe81\",\"name\":\"C.K.\",\"image\":{\"@type\":\"ImageObject\",\"inLanguage\":\"fr-FR\",\"@id\":\"https:\/\/vosgesinfo.fr\/remiremontinfo\/#\/schema\/person\/image\/\",\"url\":\"https:\/\/secure.gravatar.com\/avatar\/48e3fc7f8421ba8942be6b74a2b7f014ca39bc00dece156b7a8e098ae7dc87bf?s=96&d=mm&r=g\",\"contentUrl\":\"https:\/\/secure.gravatar.com\/avatar\/48e3fc7f8421ba8942be6b74a2b7f014ca39bc00dece156b7a8e098ae7dc87bf?s=96&d=mm&r=g\",\"caption\":\"C.K.\"},\"url\":\"https:\/\/vosgesinfo.fr\/remiremontinfo\/author\/celia-k-n\/\"}]}<\/script>\n<!-- \/ Yoast SEO plugin. -->","yoast_head_json":{"title":"Les \u00e9l\u00e8ves de 1re Option Sant\u00e9 du lyc\u00e9e Andr\u00e9 Malraux en immersion au centre hospitalier de Remiremont - Remiremont Info","robots":{"index":"index","follow":"follow","max-snippet":"max-snippet:-1","max-image-preview":"max-image-preview:large","max-video-preview":"max-video-preview:-1"},"canonical":"https:\/\/vosgesinfo.fr\/remiremontinfo\/2026\/01\/les-eleves-de-1re-option-sante-du-lycee-andre-malraux-en-immersion-au-centre-hospitalier-de-remiremont\/","twitter_card":"summary_large_image","twitter_title":"Les \u00e9l\u00e8ves de 1re Option Sant\u00e9 du lyc\u00e9e Andr\u00e9 Malraux en immersion au centre hospitalier de Remiremont - Remiremont Info","twitter_description":"Le centre hospitalier de Remiremont a r\u00e9cemment accueilli un groupe de 16 \u00e9l\u00e8ves de 1re Option Sant\u00e9 du lyc\u00e9e Andr\u00e9 [&hellip;]","twitter_image":"https:\/\/vosgesinfo.fr\/app\/uploads\/sites\/5\/2026\/01\/623054626-1352197323374304-5505447551994052500-n.jpg","twitter_creator":"@VosgesInfo88","twitter_site":"@VosgesInfo88","twitter_misc":{"\u00c9crit par":"C.K.","Dur\u00e9e de lecture estim\u00e9e":"2 minutes"},"schema":{"@context":"https:\/\/schema.org","@graph":[{"@type":"Article","@id":"https:\/\/vosgesinfo.fr\/remiremontinfo\/2026\/01\/les-eleves-de-1re-option-sante-du-lycee-andre-malraux-en-immersion-au-centre-hospitalier-de-remiremont\/#article","isPartOf":{"@id":"https:\/\/vosgesinfo.fr\/remiremontinfo\/2026\/01\/les-eleves-de-1re-option-sante-du-lycee-andre-malraux-en-immersion-au-centre-hospitalier-de-remiremont\/"},"author":{"name":"C.K.","@id":"https:\/\/vosgesinfo.fr\/remiremontinfo\/#\/schema\/person\/6f9a650eeea99d969b6c4ab78fccbe81"},"headline":"Les \u00e9l\u00e8ves de 1re Option Sant\u00e9 du lyc\u00e9e Andr\u00e9 Malraux en immersion au centre hospitalier de Remiremont","datePublished":"2026-01-31T09:34:48+00:00","dateModified":"2026-01-31T09:34:48+00:00","mainEntityOfPage":{"@id":"https:\/\/vosgesinfo.fr\/remiremontinfo\/2026\/01\/les-eleves-de-1re-option-sante-du-lycee-andre-malraux-en-immersion-au-centre-hospitalier-de-remiremont\/"},"wordCount":365,"commentCount":0,"publisher":{"@id":"https:\/\/vosgesinfo.fr\/remiremontinfo\/#organization"},"image":{"@id":"https:\/\/vosgesinfo.fr\/remiremontinfo\/2026\/01\/les-eleves-de-1re-option-sante-du-lycee-andre-malraux-en-immersion-au-centre-hospitalier-de-remiremont\/#primaryimage"},"thumbnailUrl":"https:\/\/vosgesinfo.fr\/app\/uploads\/sites\/5\/2026\/01\/623054626-1352197323374304-5505447551994052500-n.jpg","articleSection":["A la Une","Epinal","Remiremont","Sant\u00e9"],"inLanguage":"fr-FR","potentialAction":[{"@type":"CommentAction","name":"Comment","target":["https:\/\/vosgesinfo.fr\/remiremontinfo\/2026\/01\/les-eleves-de-1re-option-sante-du-lycee-andre-malraux-en-immersion-au-centre-hospitalier-de-remiremont\/#respond"]}]},{"@type":"WebPage","@id":"https:\/\/vosgesinfo.fr\/remiremontinfo\/2026\/01\/les-eleves-de-1re-option-sante-du-lycee-andre-malraux-en-immersion-au-centre-hospitalier-de-remiremont\/","url":"https:\/\/vosgesinfo.fr\/remiremontinfo\/2026\/01\/les-eleves-de-1re-option-sante-du-lycee-andre-malraux-en-immersion-au-centre-hospitalier-de-remiremont\/","name":"Les \u00e9l\u00e8ves de 1re Option Sant\u00e9 du lyc\u00e9e Andr\u00e9 Malraux en immersion au centre hospitalier de Remiremont - Remiremont Info","isPartOf":{"@id":"https:\/\/vosgesinfo.fr\/remiremontinfo\/#website"},"primaryImageOfPage":{"@id":"https:\/\/vosgesinfo.fr\/remiremontinfo\/2026\/01\/les-eleves-de-1re-option-sante-du-lycee-andre-malraux-en-immersion-au-centre-hospitalier-de-remiremont\/#primaryimage"},"image":{"@id":"https:\/\/vosgesinfo.fr\/remiremontinfo\/2026\/01\/les-eleves-de-1re-option-sante-du-lycee-andre-malraux-en-immersion-au-centre-hospitalier-de-remiremont\/#primaryimage"},"thumbnailUrl":"https:\/\/vosgesinfo.fr\/app\/uploads\/sites\/5\/2026\/01\/623054626-1352197323374304-5505447551994052500-n.jpg","datePublished":"2026-01-31T09:34:48+00:00","dateModified":"2026-01-31T09:34:48+00:00","breadcrumb":{"@id":"https:\/\/vosgesinfo.fr\/remiremontinfo\/2026\/01\/les-eleves-de-1re-option-sante-du-lycee-andre-malraux-en-immersion-au-centre-hospitalier-de-remiremont\/#breadcrumb"},"inLanguage":"fr-FR","potentialAction":[{"@type":"ReadAction","target":["https:\/\/vosgesinfo.fr\/remiremontinfo\/2026\/01\/les-eleves-de-1re-option-sante-du-lycee-andre-malraux-en-immersion-au-centre-hospitalier-de-remiremont\/"]}]},{"@type":"ImageObject","inLanguage":"fr-FR","@id":"https:\/\/vosgesinfo.fr\/remiremontinfo\/2026\/01\/les-eleves-de-1re-option-sante-du-lycee-andre-malraux-en-immersion-au-centre-hospitalier-de-remiremont\/#primaryimage","url":"https:\/\/vosgesinfo.fr\/app\/uploads\/sites\/5\/2026\/01\/623054626-1352197323374304-5505447551994052500-n.jpg","contentUrl":"https:\/\/vosgesinfo.fr\/app\/uploads\/sites\/5\/2026\/01\/623054626-1352197323374304-5505447551994052500-n.jpg","width":1440,"height":1080},{"@type":"BreadcrumbList","@id":"https:\/\/vosgesinfo.fr\/remiremontinfo\/2026\/01\/les-eleves-de-1re-option-sante-du-lycee-andre-malraux-en-immersion-au-centre-hospitalier-de-remiremont\/#breadcrumb","itemListElement":[{"@type":"ListItem","position":1,"name":"Home","item":"https:\/\/vosgesinfo.fr\/remiremontinfo\/"},{"@type":"ListItem","position":2,"name":"Les \u00e9l\u00e8ves de 1re Option Sant\u00e9 du lyc\u00e9e Andr\u00e9 Malraux en immersion au centre hospitalier de Remiremont"}]},{"@type":"WebSite","@id":"https:\/\/vosgesinfo.fr\/remiremontinfo\/#website","url":"https:\/\/vosgesinfo.fr\/remiremontinfo\/","name":"Remiremont Info","description":"Toute l&#039;actualit\u00e9 de Remiremont","publisher":{"@id":"https:\/\/vosgesinfo.fr\/remiremontinfo\/#organization"},"alternateName":"Toute l'actualit\u00e9 de Remiremont","potentialAction":[{"@type":"SearchAction","target":{"@type":"EntryPoint","urlTemplate":"https:\/\/vosgesinfo.fr\/remiremontinfo\/?s={search_term_string}"},"query-input":"required name=search_term_string"}],"inLanguage":"fr-FR"},{"@type":"Organization","@id":"https:\/\/vosgesinfo.fr\/remiremontinfo\/#organization","name":"Remiremont Info","url":"https:\/\/vosgesinfo.fr\/remiremontinfo\/","logo":{"@type":"ImageObject","inLanguage":"fr-FR","@id":"https:\/\/vosgesinfo.fr\/remiremontinfo\/#\/schema\/logo\/image\/","url":"https:\/\/vosgesinfo.fr\/app\/uploads\/sites\/5\/2023\/08\/favicon-remiremontinfo.png","contentUrl":"https:\/\/vosgesinfo.fr\/app\/uploads\/sites\/5\/2023\/08\/favicon-remiremontinfo.png","width":512,"height":512,"caption":"Remiremont Info"},"image":{"@id":"https:\/\/vosgesinfo.fr\/remiremontinfo\/#\/schema\/logo\/image\/"},"sameAs":["https:\/\/www.facebook.com\/remiremontinfo","https:\/\/x.com\/VosgesInfo88","https:\/\/www.youtube.com\/@vosgesinfo"]},{"@type":"Person","@id":"https:\/\/vosgesinfo.fr\/remiremontinfo\/#\/schema\/person\/6f9a650eeea99d969b6c4ab78fccbe81","name":"C.K.","image":{"@type":"ImageObject","inLanguage":"fr-FR","@id":"https:\/\/vosgesinfo.fr\/remiremontinfo\/#\/schema\/person\/image\/","url":"https:\/\/secure.gravatar.com\/avatar\/48e3fc7f8421ba8942be6b74a2b7f014ca39bc00dece156b7a8e098ae7dc87bf?s=96&d=mm&r=g","contentUrl":"https:\/\/secure.gravatar.com\/avatar\/48e3fc7f8421ba8942be6b74a2b7f014ca39bc00dece156b7a8e098ae7dc87bf?s=96&d=mm&r=g","caption":"C.K."},"url":"https:\/\/vosgesinfo.fr\/remiremontinfo\/author\/celia-k-n\/"}]}},"_links":{"self":[{"href":"https:\/\/vosgesinfo.fr\/remiremontinfo\/wp-json\/wp\/v2\/posts\/88414","targetHints":{"allow":["GET"]}}],"collection":[{"href":"https:\/\/vosgesinfo.fr\/remiremontinfo\/wp-json\/wp\/v2\/posts"}],"about":[{"href":"https:\/\/vosgesinfo.fr\/remiremontinfo\/wp-json\/wp\/v2\/types\/post"}],"author":[{"embeddable":true,"href":"https:\/\/vosgesinfo.fr\/remiremontinfo\/wp-json\/wp\/v2\/users\/52"}],"replies":[{"embeddable":true,"href":"https:\/\/vosgesinfo.fr\/remiremontinfo\/wp-json\/wp\/v2\/comments?post=88414"}],"version-history":[{"count":0,"href":"https:\/\/vosgesinfo.fr\/remiremontinfo\/wp-json\/wp\/v2\/posts\/88414\/revisions"}],"wp:featuredmedia":[{"embeddable":true,"href":"https:\/\/vosgesinfo.fr\/remiremontinfo\/wp-json\/wp\/v2\/media\/88415"}],"wp:attachment":[{"href":"https:\/\/vosgesinfo.fr\/remiremontinfo\/wp-json\/wp\/v2\/media?parent=88414"}],"wp:term":[{"taxonomy":"category","embeddable":true,"href":"https:\/\/vosgesinfo.fr\/remiremontinfo\/wp-json\/wp\/v2\/categories?post=88414"},{"taxonomy":"post_tag","embeddable":true,"href":"https:\/\/vosgesinfo.fr\/remiremontinfo\/wp-json\/wp\/v2\/tags?post=88414"}],"curies":[{"name":"wp","href":"https:\/\/api.w.org\/{rel}","templated":true}]}}