{"id":88453,"date":"2026-01-31T21:08:28","date_gmt":"2026-01-31T20:08:28","guid":{"rendered":"https:\/\/vosgesinfo.fr\/remiremontinfo\/2026\/01\/mothers-baby-remporte-le-grand-prix-du-33e-festival-international-du-film-fantastique\/"},"modified":"2026-01-31T21:08:28","modified_gmt":"2026-01-31T20:08:28","slug":"mothers-baby-remporte-le-grand-prix-du-33e-festival-international-du-film-fantastique","status":"publish","type":"post","link":"https:\/\/vosgesinfo.fr\/remiremontinfo\/2026\/01\/mothers-baby-remporte-le-grand-prix-du-33e-festival-international-du-film-fantastique\/","title":{"rendered":"\u00ab\u00a0Mother&rsquo;s Baby\u00a0\u00bb remporte le Grand Prix du 33e festival international du film fantastique"},"content":{"rendered":"<div id=\"attachment_87573\" style=\"width: 1450px\" class=\"wp-caption aligncenter\"><a href=\"https:\/\/vosgesinfo.fr\/app\/uploads\/sites\/6\/2026\/01\/img-20260131-195925.jpg\"><img decoding=\"async\" aria-describedby=\"caption-attachment-87573\" class=\"wp-image-87573 size-full\" src=\"https:\/\/vosgesinfo.fr\/app\/uploads\/sites\/6\/2026\/01\/img-20260131-195925.jpg\" alt=\"\" width=\"1440\" height=\"1080\" \/><\/a><p id=\"caption-attachment-87573\" class=\"wp-caption-text\"><span style=\"color: #000080;\">Le jury longs m\u00e9trages, par l&rsquo;interm\u00e9diaire de Nad\u00e8ge Beausson-Diagne, a prononc\u00e9 un discours introductifs particuli\u00e8rement engag\u00e9 en faveur de la lutte contre tous les types de racisme et de discrimination, contre les harc\u00e8lement de toute sorte, contre l\u2019oppression des peuples au Soudan, en Iran, en Palestine ou en Afghanistan.<\/span><\/p><\/div>\n\n\t\t<style type=\"text\/css\">\n\t\t\t#gallery-1 {\n\t\t\t\tmargin: auto;\n\t\t\t}\n\t\t\t#gallery-1 .gallery-item {\n\t\t\t\tfloat: left;\n\t\t\t\tmargin-top: 10px;\n\t\t\t\ttext-align: center;\n\t\t\t\twidth: 33%;\n\t\t\t}\n\t\t\t#gallery-1 img {\n\t\t\t\tborder: 2px solid #cfcfcf;\n\t\t\t}\n\t\t\t#gallery-1 .gallery-caption {\n\t\t\t\tmargin-left: 0;\n\t\t\t}\n\t\t\t\/* see gallery_shortcode() in wp-includes\/media.php *\/\n\t\t<\/style>\n\t\t<div id='gallery-1' class='gallery galleryid-88453 gallery-columns-3 gallery-size-thumbnail'><dl class='gallery-item'>\n\t\t\t<dt class='gallery-icon portrait'>\n\t\t\t\t<a href='https:\/\/vosgesinfo.fr\/app\/uploads\/sites\/5\/2026\/01\/img-20260131-200001.jpg'><img decoding=\"async\" width=\"150\" height=\"150\" src=\"https:\/\/vosgesinfo.fr\/app\/uploads\/sites\/5\/2026\/01\/img-20260131-200001-150x150.jpg\" class=\"attachment-thumbnail size-thumbnail\" alt=\"\" \/><\/a>\n\t\t\t<\/dt><\/dl><dl class='gallery-item'>\n\t\t\t<dt class='gallery-icon portrait'>\n\t\t\t\t<a href='https:\/\/vosgesinfo.fr\/app\/uploads\/sites\/5\/2026\/01\/img-20260131-200236.jpg'><img decoding=\"async\" width=\"150\" height=\"150\" src=\"https:\/\/vosgesinfo.fr\/app\/uploads\/sites\/5\/2026\/01\/img-20260131-200236-150x150.jpg\" class=\"attachment-thumbnail size-thumbnail\" alt=\"\" \/><\/a>\n\t\t\t<\/dt><\/dl>\n\t\t\t<br style='clear: both' \/>\n\t\t<\/div>\n\n<p>&nbsp;<\/p>\n<p><strong>Le Jury Longs M\u00e9trages de la 33e \u00e9dition du Festival international du film fantastique de G\u00e9rardmer, pr\u00e9sid\u00e9 par Alice Taglioni, entour\u00e9e de Oulaya Amamra, Nathan Ambrosioni, Nad\u00e8ge Beausson-Diagne, Cascadeur, Alice David, Jos\u00e9phine de Meaux et Maud Wyler a d\u00e9cern\u00e9 les prix suivants :<\/strong><\/p>\n<p>&nbsp;<\/p>\n<p><strong>Grand Prix<\/strong><\/p>\n<div id=\"attachment_87576\" style=\"width: 235px\" class=\"wp-caption alignright\"><a href=\"https:\/\/vosgesinfo.fr\/app\/uploads\/sites\/6\/2026\/01\/img-20260131-200503.jpg\"><img decoding=\"async\" aria-describedby=\"caption-attachment-87576\" class=\"size-medium wp-image-87576\" src=\"https:\/\/vosgesinfo.fr\/app\/uploads\/sites\/6\/2026\/01\/img-20260131-200503-225x300.jpg\" alt=\"\" width=\"225\" height=\"300\" \/><\/a><p id=\"caption-attachment-87576\" class=\"wp-caption-text\">Alice Taglioni, pr\u00e9sidente du jury longs m\u00e9trages.<\/p><\/div>\n<p>Soutenu par la R\u00e9gion Grand Est<br \/>\nMOTHER&rsquo;S BABY de Johanna Moder (Autriche, Suisse, Allemagne)<br \/>\nVendeur : The Match Factory<\/p>\n<p><strong>Prix du Jury<\/strong><br \/>\nTHE WEED EATERS de Callum Devlin (Nouvelle-Z\u00e9lande)<br \/>\nProduction : Causeway Films<br \/>\nkristina@causewayfilms.com.au<br \/>\nwww.causewayfilms.com.au<\/p>\n<p><strong>Prix du Jury<\/strong><br \/>\nCADET de Adilkhan Yerzhanov (Kazakhstan)<br \/>\nVentes internationales : olga.khlasheva@gmail.com<\/p>\n<p>Le Jury de la Critique du 33e Festival international du film fantastique de<br \/>\nG\u00e9rardmer, compos\u00e9 des critiques et journalistes Philippe Rouyer \u2013 Pr\u00e9sident<br \/>\n(Positif \/ Le Cercle \/ Psychologies), Fr\u00e9d\u00e9ric Strauss (T\u00e9l\u00e9rama), Corinne<br \/>\nPelissier (France Inter), Natacha Triou (France Culture) &amp; Marc Godin<br \/>\n(Technikart) a remis le prix suivant :<\/p>\n<p><strong>Prix de la Critique<\/strong><\/p>\n<div id=\"attachment_87572\" style=\"width: 235px\" class=\"wp-caption alignright\"><a href=\"https:\/\/vosgesinfo.fr\/app\/uploads\/sites\/6\/2026\/01\/elmilio-portes.jpg\"><img decoding=\"async\" aria-describedby=\"caption-attachment-87572\" class=\"size-medium wp-image-87572\" src=\"https:\/\/vosgesinfo.fr\/app\/uploads\/sites\/6\/2026\/01\/elmilio-portes-225x300.jpg\" alt=\"\" width=\"225\" height=\"300\" \/><\/a><p id=\"caption-attachment-87572\" class=\"wp-caption-text\">Emilio Portes avec le jury jeunes.<\/p><\/div>\n<p>CADET de Adilkhan Yerzhanov (Kazakhstan)<br \/>\nVentes internationales : olga.khlasheva@gmail.com<\/p>\n<p><strong>Prix du Public<\/strong><br \/>\nSoutenu par la ville de G\u00e9rardmer<br \/>\nREDUX REDUX de Kevin et Matthew McManus (\u00c9tats-Unis d\u2019Am\u00e9rique)<br \/>\nDistribution France : Shadowz Films<\/p>\n<p><strong>Prix du Jury Jeunes de la R\u00e9gion Grand Est<\/strong><\/p>\n<p>Soutenu par la R\u00e9gion Grand Est<br \/>\nDON&rsquo;T LEAVE THE KIDS ALONE de Emilio Portes (Mexique)<br \/>\nVendeur : FilmSharks<\/p>\n<p>&nbsp;<\/p>\n<p>&nbsp;<\/p>\n<p><strong>Grand Prix du Court M\u00e9trage<\/strong><br \/>\nSoutenu par INSOMNIA<\/p>\n<div id=\"attachment_87578\" style=\"width: 310px\" class=\"wp-caption alignright\"><a href=\"https:\/\/vosgesinfo.fr\/app\/uploads\/sites\/6\/2026\/01\/jonas-brise.jpg\"><img decoding=\"async\" aria-describedby=\"caption-attachment-87578\" class=\"size-medium wp-image-87578\" src=\"https:\/\/vosgesinfo.fr\/app\/uploads\/sites\/6\/2026\/01\/jonas-brise-300x225.jpg\" alt=\"\" width=\"300\" height=\"225\" \/><\/a><p id=\"caption-attachment-87578\" class=\"wp-caption-text\">Jonas Bris\u00e9 en compagnie du jury courts m\u00e9trages.<\/p><\/div>\n<p>&nbsp;<\/p>\n<p>EXSANGUINA de Jonas Bris\u00e9 (France)<br \/>\nDisponible prochainement sur INSOMNIA<br \/>\nPartenaire officiel, INSOMNIA \u2013 le service de streaming de Mediawan enti\u00e8rement d\u00e9di\u00e9 \u00e0 la th\u00e9matique de l\u2019horreur \u2013 remet le Grand Prix et parrainera une nouvelle fois le film laur\u00e9at, auquel il offrira une diffusion exclusive en 2026. INSOMNIA est accessible sur Canal+, Free, SFR, ainsi que sur Prime Video Channels et Molotov.<\/p>\n<div id=\"attachment_87571\" style=\"width: 1034px\" class=\"wp-caption aligncenter\"><a href=\"https:\/\/vosgesinfo.fr\/app\/uploads\/sites\/6\/2026\/01\/christophe-gans.jpg\"><img decoding=\"async\" aria-describedby=\"caption-attachment-87571\" class=\"wp-image-87571 size-large\" src=\"https:\/\/vosgesinfo.fr\/app\/uploads\/sites\/6\/2026\/01\/christophe-gans-1024x768.jpg\" alt=\"\" width=\"1024\" height=\"768\" \/><\/a><p id=\"caption-attachment-87571\" class=\"wp-caption-text\">Christophe Gans est venu pr\u00e9sent\u00e9 son film : Silent Hill 2, projet\u00e9 au terme de la c\u00e9r\u00e9monie.<\/p><\/div>\n","protected":false},"excerpt":{"rendered":"<p>&nbsp; Le Jury Longs M\u00e9trages de la 33e \u00e9dition du Festival international du film fantastique de G\u00e9rardmer, pr\u00e9sid\u00e9 par Alice [&hellip;]<\/p>\n","protected":false},"author":42,"featured_media":88454,"comment_status":"open","ping_status":"open","sticky":false,"template":"","format":"standard","meta":{"footnotes":""},"categories":[26,4,108,62,845,43,362],"tags":[1471,8803],"class_list":["post-88453","post","type-post","status-publish","format-standard","has-post-thumbnail","hentry","category-a-la-une","category-culture","category-epinal","category-gerardmer","category-la-plaine-des-vosges","category-remiremont-remiremont-son-canton","category-saint-die","tag-festival-du-film-fantastique-gerardmer","tag-nadege-beausson-diagne"],"acf":[],"yoast_head":"<!-- This site is optimized with the Yoast SEO plugin v22.5 - https:\/\/yoast.com\/wordpress\/plugins\/seo\/ -->\n<title>&quot;Mother&#039;s Baby&quot; remporte le Grand Prix du 33e festival international du film fantastique - Remiremont Info<\/title>\n<meta name=\"robots\" content=\"index, follow, max-snippet:-1, max-image-preview:large, max-video-preview:-1\" \/>\n<link rel=\"canonical\" href=\"https:\/\/vosgesinfo.fr\/remiremontinfo\/2026\/01\/mothers-baby-remporte-le-grand-prix-du-33e-festival-international-du-film-fantastique\/\" \/>\n<meta name=\"twitter:card\" content=\"summary_large_image\" \/>\n<meta name=\"twitter:title\" content=\"&quot;Mother&#039;s Baby&quot; remporte le Grand Prix du 33e festival international du film fantastique - Remiremont Info\" \/>\n<meta name=\"twitter:description\" content=\"&nbsp; Le Jury Longs M\u00e9trages de la 33e \u00e9dition du Festival international du film fantastique de G\u00e9rardmer, pr\u00e9sid\u00e9 par Alice [&hellip;]\" \/>\n<meta name=\"twitter:image\" content=\"https:\/\/vosgesinfo.fr\/app\/uploads\/sites\/5\/2026\/01\/img-20260131-195925.jpg\" \/>\n<meta name=\"twitter:creator\" content=\"@VosgesInfo88\" \/>\n<meta name=\"twitter:site\" content=\"@VosgesInfo88\" \/>\n<meta name=\"twitter:label1\" content=\"\u00c9crit par\" \/>\n\t<meta name=\"twitter:data1\" content=\"QG\" \/>\n\t<meta name=\"twitter:label2\" content=\"Dur\u00e9e de lecture estim\u00e9e\" \/>\n\t<meta name=\"twitter:data2\" content=\"2 minutes\" \/>\n<script type=\"application\/ld+json\" class=\"yoast-schema-graph\">{\"@context\":\"https:\/\/schema.org\",\"@graph\":[{\"@type\":\"Article\",\"@id\":\"https:\/\/vosgesinfo.fr\/remiremontinfo\/2026\/01\/mothers-baby-remporte-le-grand-prix-du-33e-festival-international-du-film-fantastique\/#article\",\"isPartOf\":{\"@id\":\"https:\/\/vosgesinfo.fr\/remiremontinfo\/2026\/01\/mothers-baby-remporte-le-grand-prix-du-33e-festival-international-du-film-fantastique\/\"},\"author\":{\"name\":\"QG\",\"@id\":\"https:\/\/vosgesinfo.fr\/remiremontinfo\/#\/schema\/person\/db5605779a843dad16b5368f3e7613a5\"},\"headline\":\"\u00ab\u00a0Mother&rsquo;s Baby\u00a0\u00bb remporte le Grand Prix du 33e festival international du film fantastique\",\"datePublished\":\"2026-01-31T20:08:28+00:00\",\"dateModified\":\"2026-01-31T20:08:28+00:00\",\"mainEntityOfPage\":{\"@id\":\"https:\/\/vosgesinfo.fr\/remiremontinfo\/2026\/01\/mothers-baby-remporte-le-grand-prix-du-33e-festival-international-du-film-fantastique\/\"},\"wordCount\":456,\"commentCount\":0,\"publisher\":{\"@id\":\"https:\/\/vosgesinfo.fr\/remiremontinfo\/#organization\"},\"image\":{\"@id\":\"https:\/\/vosgesinfo.fr\/remiremontinfo\/2026\/01\/mothers-baby-remporte-le-grand-prix-du-33e-festival-international-du-film-fantastique\/#primaryimage\"},\"thumbnailUrl\":\"https:\/\/vosgesinfo.fr\/app\/uploads\/sites\/5\/2026\/01\/img-20260131-195925.jpg\",\"keywords\":[\"festival du film fantastique gerardmer\",\"nadege beausson diagne\"],\"articleSection\":[\"A la Une\",\"Culture\",\"Epinal\",\"G\u00e9rardmer\",\"La plaine des vosges\",\"Remiremont\",\"Saint-di\u00e9\"],\"inLanguage\":\"fr-FR\",\"potentialAction\":[{\"@type\":\"CommentAction\",\"name\":\"Comment\",\"target\":[\"https:\/\/vosgesinfo.fr\/remiremontinfo\/2026\/01\/mothers-baby-remporte-le-grand-prix-du-33e-festival-international-du-film-fantastique\/#respond\"]}]},{\"@type\":\"WebPage\",\"@id\":\"https:\/\/vosgesinfo.fr\/remiremontinfo\/2026\/01\/mothers-baby-remporte-le-grand-prix-du-33e-festival-international-du-film-fantastique\/\",\"url\":\"https:\/\/vosgesinfo.fr\/remiremontinfo\/2026\/01\/mothers-baby-remporte-le-grand-prix-du-33e-festival-international-du-film-fantastique\/\",\"name\":\"\\\"Mother's Baby\\\" remporte le Grand Prix du 33e festival international du film fantastique - Remiremont Info\",\"isPartOf\":{\"@id\":\"https:\/\/vosgesinfo.fr\/remiremontinfo\/#website\"},\"primaryImageOfPage\":{\"@id\":\"https:\/\/vosgesinfo.fr\/remiremontinfo\/2026\/01\/mothers-baby-remporte-le-grand-prix-du-33e-festival-international-du-film-fantastique\/#primaryimage\"},\"image\":{\"@id\":\"https:\/\/vosgesinfo.fr\/remiremontinfo\/2026\/01\/mothers-baby-remporte-le-grand-prix-du-33e-festival-international-du-film-fantastique\/#primaryimage\"},\"thumbnailUrl\":\"https:\/\/vosgesinfo.fr\/app\/uploads\/sites\/5\/2026\/01\/img-20260131-195925.jpg\",\"datePublished\":\"2026-01-31T20:08:28+00:00\",\"dateModified\":\"2026-01-31T20:08:28+00:00\",\"breadcrumb\":{\"@id\":\"https:\/\/vosgesinfo.fr\/remiremontinfo\/2026\/01\/mothers-baby-remporte-le-grand-prix-du-33e-festival-international-du-film-fantastique\/#breadcrumb\"},\"inLanguage\":\"fr-FR\",\"potentialAction\":[{\"@type\":\"ReadAction\",\"target\":[\"https:\/\/vosgesinfo.fr\/remiremontinfo\/2026\/01\/mothers-baby-remporte-le-grand-prix-du-33e-festival-international-du-film-fantastique\/\"]}]},{\"@type\":\"ImageObject\",\"inLanguage\":\"fr-FR\",\"@id\":\"https:\/\/vosgesinfo.fr\/remiremontinfo\/2026\/01\/mothers-baby-remporte-le-grand-prix-du-33e-festival-international-du-film-fantastique\/#primaryimage\",\"url\":\"https:\/\/vosgesinfo.fr\/app\/uploads\/sites\/5\/2026\/01\/img-20260131-195925.jpg\",\"contentUrl\":\"https:\/\/vosgesinfo.fr\/app\/uploads\/sites\/5\/2026\/01\/img-20260131-195925.jpg\",\"width\":1440,\"height\":1080},{\"@type\":\"BreadcrumbList\",\"@id\":\"https:\/\/vosgesinfo.fr\/remiremontinfo\/2026\/01\/mothers-baby-remporte-le-grand-prix-du-33e-festival-international-du-film-fantastique\/#breadcrumb\",\"itemListElement\":[{\"@type\":\"ListItem\",\"position\":1,\"name\":\"Home\",\"item\":\"https:\/\/vosgesinfo.fr\/remiremontinfo\/\"},{\"@type\":\"ListItem\",\"position\":2,\"name\":\"\u00ab\u00a0Mother&rsquo;s Baby\u00a0\u00bb remporte le Grand Prix du 33e festival international du film fantastique\"}]},{\"@type\":\"WebSite\",\"@id\":\"https:\/\/vosgesinfo.fr\/remiremontinfo\/#website\",\"url\":\"https:\/\/vosgesinfo.fr\/remiremontinfo\/\",\"name\":\"Remiremont Info\",\"description\":\"Toute l&#039;actualit\u00e9 de Remiremont\",\"publisher\":{\"@id\":\"https:\/\/vosgesinfo.fr\/remiremontinfo\/#organization\"},\"alternateName\":\"Toute l'actualit\u00e9 de Remiremont\",\"potentialAction\":[{\"@type\":\"SearchAction\",\"target\":{\"@type\":\"EntryPoint\",\"urlTemplate\":\"https:\/\/vosgesinfo.fr\/remiremontinfo\/?s={search_term_string}\"},\"query-input\":\"required name=search_term_string\"}],\"inLanguage\":\"fr-FR\"},{\"@type\":\"Organization\",\"@id\":\"https:\/\/vosgesinfo.fr\/remiremontinfo\/#organization\",\"name\":\"Remiremont Info\",\"url\":\"https:\/\/vosgesinfo.fr\/remiremontinfo\/\",\"logo\":{\"@type\":\"ImageObject\",\"inLanguage\":\"fr-FR\",\"@id\":\"https:\/\/vosgesinfo.fr\/remiremontinfo\/#\/schema\/logo\/image\/\",\"url\":\"https:\/\/vosgesinfo.fr\/app\/uploads\/sites\/5\/2023\/08\/favicon-remiremontinfo.png\",\"contentUrl\":\"https:\/\/vosgesinfo.fr\/app\/uploads\/sites\/5\/2023\/08\/favicon-remiremontinfo.png\",\"width\":512,\"height\":512,\"caption\":\"Remiremont Info\"},\"image\":{\"@id\":\"https:\/\/vosgesinfo.fr\/remiremontinfo\/#\/schema\/logo\/image\/\"},\"sameAs\":[\"https:\/\/www.facebook.com\/remiremontinfo\",\"https:\/\/x.com\/VosgesInfo88\",\"https:\/\/www.youtube.com\/@vosgesinfo\"]},{\"@type\":\"Person\",\"@id\":\"https:\/\/vosgesinfo.fr\/remiremontinfo\/#\/schema\/person\/db5605779a843dad16b5368f3e7613a5\",\"name\":\"QG\",\"image\":{\"@type\":\"ImageObject\",\"inLanguage\":\"fr-FR\",\"@id\":\"https:\/\/vosgesinfo.fr\/remiremontinfo\/#\/schema\/person\/image\/\",\"url\":\"https:\/\/secure.gravatar.com\/avatar\/ea80c42c204b534408512832fde52504ecabb9706bcb6151cf6175e5b64e6793?s=96&d=mm&r=g\",\"contentUrl\":\"https:\/\/secure.gravatar.com\/avatar\/ea80c42c204b534408512832fde52504ecabb9706bcb6151cf6175e5b64e6793?s=96&d=mm&r=g\",\"caption\":\"QG\"},\"url\":\"https:\/\/vosgesinfo.fr\/remiremontinfo\/author\/quentin88\/\"}]}<\/script>\n<!-- \/ Yoast SEO plugin. -->","yoast_head_json":{"title":"\"Mother's Baby\" remporte le Grand Prix du 33e festival international du film fantastique - Remiremont Info","robots":{"index":"index","follow":"follow","max-snippet":"max-snippet:-1","max-image-preview":"max-image-preview:large","max-video-preview":"max-video-preview:-1"},"canonical":"https:\/\/vosgesinfo.fr\/remiremontinfo\/2026\/01\/mothers-baby-remporte-le-grand-prix-du-33e-festival-international-du-film-fantastique\/","twitter_card":"summary_large_image","twitter_title":"\"Mother's Baby\" remporte le Grand Prix du 33e festival international du film fantastique - Remiremont Info","twitter_description":"&nbsp; Le Jury Longs M\u00e9trages de la 33e \u00e9dition du Festival international du film fantastique de G\u00e9rardmer, pr\u00e9sid\u00e9 par Alice [&hellip;]","twitter_image":"https:\/\/vosgesinfo.fr\/app\/uploads\/sites\/5\/2026\/01\/img-20260131-195925.jpg","twitter_creator":"@VosgesInfo88","twitter_site":"@VosgesInfo88","twitter_misc":{"\u00c9crit par":"QG","Dur\u00e9e de lecture estim\u00e9e":"2 minutes"},"schema":{"@context":"https:\/\/schema.org","@graph":[{"@type":"Article","@id":"https:\/\/vosgesinfo.fr\/remiremontinfo\/2026\/01\/mothers-baby-remporte-le-grand-prix-du-33e-festival-international-du-film-fantastique\/#article","isPartOf":{"@id":"https:\/\/vosgesinfo.fr\/remiremontinfo\/2026\/01\/mothers-baby-remporte-le-grand-prix-du-33e-festival-international-du-film-fantastique\/"},"author":{"name":"QG","@id":"https:\/\/vosgesinfo.fr\/remiremontinfo\/#\/schema\/person\/db5605779a843dad16b5368f3e7613a5"},"headline":"\u00ab\u00a0Mother&rsquo;s Baby\u00a0\u00bb remporte le Grand Prix du 33e festival international du film fantastique","datePublished":"2026-01-31T20:08:28+00:00","dateModified":"2026-01-31T20:08:28+00:00","mainEntityOfPage":{"@id":"https:\/\/vosgesinfo.fr\/remiremontinfo\/2026\/01\/mothers-baby-remporte-le-grand-prix-du-33e-festival-international-du-film-fantastique\/"},"wordCount":456,"commentCount":0,"publisher":{"@id":"https:\/\/vosgesinfo.fr\/remiremontinfo\/#organization"},"image":{"@id":"https:\/\/vosgesinfo.fr\/remiremontinfo\/2026\/01\/mothers-baby-remporte-le-grand-prix-du-33e-festival-international-du-film-fantastique\/#primaryimage"},"thumbnailUrl":"https:\/\/vosgesinfo.fr\/app\/uploads\/sites\/5\/2026\/01\/img-20260131-195925.jpg","keywords":["festival du film fantastique gerardmer","nadege beausson diagne"],"articleSection":["A la Une","Culture","Epinal","G\u00e9rardmer","La plaine des vosges","Remiremont","Saint-di\u00e9"],"inLanguage":"fr-FR","potentialAction":[{"@type":"CommentAction","name":"Comment","target":["https:\/\/vosgesinfo.fr\/remiremontinfo\/2026\/01\/mothers-baby-remporte-le-grand-prix-du-33e-festival-international-du-film-fantastique\/#respond"]}]},{"@type":"WebPage","@id":"https:\/\/vosgesinfo.fr\/remiremontinfo\/2026\/01\/mothers-baby-remporte-le-grand-prix-du-33e-festival-international-du-film-fantastique\/","url":"https:\/\/vosgesinfo.fr\/remiremontinfo\/2026\/01\/mothers-baby-remporte-le-grand-prix-du-33e-festival-international-du-film-fantastique\/","name":"\"Mother's Baby\" remporte le Grand Prix du 33e festival international du film fantastique - Remiremont Info","isPartOf":{"@id":"https:\/\/vosgesinfo.fr\/remiremontinfo\/#website"},"primaryImageOfPage":{"@id":"https:\/\/vosgesinfo.fr\/remiremontinfo\/2026\/01\/mothers-baby-remporte-le-grand-prix-du-33e-festival-international-du-film-fantastique\/#primaryimage"},"image":{"@id":"https:\/\/vosgesinfo.fr\/remiremontinfo\/2026\/01\/mothers-baby-remporte-le-grand-prix-du-33e-festival-international-du-film-fantastique\/#primaryimage"},"thumbnailUrl":"https:\/\/vosgesinfo.fr\/app\/uploads\/sites\/5\/2026\/01\/img-20260131-195925.jpg","datePublished":"2026-01-31T20:08:28+00:00","dateModified":"2026-01-31T20:08:28+00:00","breadcrumb":{"@id":"https:\/\/vosgesinfo.fr\/remiremontinfo\/2026\/01\/mothers-baby-remporte-le-grand-prix-du-33e-festival-international-du-film-fantastique\/#breadcrumb"},"inLanguage":"fr-FR","potentialAction":[{"@type":"ReadAction","target":["https:\/\/vosgesinfo.fr\/remiremontinfo\/2026\/01\/mothers-baby-remporte-le-grand-prix-du-33e-festival-international-du-film-fantastique\/"]}]},{"@type":"ImageObject","inLanguage":"fr-FR","@id":"https:\/\/vosgesinfo.fr\/remiremontinfo\/2026\/01\/mothers-baby-remporte-le-grand-prix-du-33e-festival-international-du-film-fantastique\/#primaryimage","url":"https:\/\/vosgesinfo.fr\/app\/uploads\/sites\/5\/2026\/01\/img-20260131-195925.jpg","contentUrl":"https:\/\/vosgesinfo.fr\/app\/uploads\/sites\/5\/2026\/01\/img-20260131-195925.jpg","width":1440,"height":1080},{"@type":"BreadcrumbList","@id":"https:\/\/vosgesinfo.fr\/remiremontinfo\/2026\/01\/mothers-baby-remporte-le-grand-prix-du-33e-festival-international-du-film-fantastique\/#breadcrumb","itemListElement":[{"@type":"ListItem","position":1,"name":"Home","item":"https:\/\/vosgesinfo.fr\/remiremontinfo\/"},{"@type":"ListItem","position":2,"name":"\u00ab\u00a0Mother&rsquo;s Baby\u00a0\u00bb remporte le Grand Prix du 33e festival international du film fantastique"}]},{"@type":"WebSite","@id":"https:\/\/vosgesinfo.fr\/remiremontinfo\/#website","url":"https:\/\/vosgesinfo.fr\/remiremontinfo\/","name":"Remiremont Info","description":"Toute l&#039;actualit\u00e9 de Remiremont","publisher":{"@id":"https:\/\/vosgesinfo.fr\/remiremontinfo\/#organization"},"alternateName":"Toute l'actualit\u00e9 de Remiremont","potentialAction":[{"@type":"SearchAction","target":{"@type":"EntryPoint","urlTemplate":"https:\/\/vosgesinfo.fr\/remiremontinfo\/?s={search_term_string}"},"query-input":"required name=search_term_string"}],"inLanguage":"fr-FR"},{"@type":"Organization","@id":"https:\/\/vosgesinfo.fr\/remiremontinfo\/#organization","name":"Remiremont Info","url":"https:\/\/vosgesinfo.fr\/remiremontinfo\/","logo":{"@type":"ImageObject","inLanguage":"fr-FR","@id":"https:\/\/vosgesinfo.fr\/remiremontinfo\/#\/schema\/logo\/image\/","url":"https:\/\/vosgesinfo.fr\/app\/uploads\/sites\/5\/2023\/08\/favicon-remiremontinfo.png","contentUrl":"https:\/\/vosgesinfo.fr\/app\/uploads\/sites\/5\/2023\/08\/favicon-remiremontinfo.png","width":512,"height":512,"caption":"Remiremont Info"},"image":{"@id":"https:\/\/vosgesinfo.fr\/remiremontinfo\/#\/schema\/logo\/image\/"},"sameAs":["https:\/\/www.facebook.com\/remiremontinfo","https:\/\/x.com\/VosgesInfo88","https:\/\/www.youtube.com\/@vosgesinfo"]},{"@type":"Person","@id":"https:\/\/vosgesinfo.fr\/remiremontinfo\/#\/schema\/person\/db5605779a843dad16b5368f3e7613a5","name":"QG","image":{"@type":"ImageObject","inLanguage":"fr-FR","@id":"https:\/\/vosgesinfo.fr\/remiremontinfo\/#\/schema\/person\/image\/","url":"https:\/\/secure.gravatar.com\/avatar\/ea80c42c204b534408512832fde52504ecabb9706bcb6151cf6175e5b64e6793?s=96&d=mm&r=g","contentUrl":"https:\/\/secure.gravatar.com\/avatar\/ea80c42c204b534408512832fde52504ecabb9706bcb6151cf6175e5b64e6793?s=96&d=mm&r=g","caption":"QG"},"url":"https:\/\/vosgesinfo.fr\/remiremontinfo\/author\/quentin88\/"}]}},"_links":{"self":[{"href":"https:\/\/vosgesinfo.fr\/remiremontinfo\/wp-json\/wp\/v2\/posts\/88453","targetHints":{"allow":["GET"]}}],"collection":[{"href":"https:\/\/vosgesinfo.fr\/remiremontinfo\/wp-json\/wp\/v2\/posts"}],"about":[{"href":"https:\/\/vosgesinfo.fr\/remiremontinfo\/wp-json\/wp\/v2\/types\/post"}],"author":[{"embeddable":true,"href":"https:\/\/vosgesinfo.fr\/remiremontinfo\/wp-json\/wp\/v2\/users\/42"}],"replies":[{"embeddable":true,"href":"https:\/\/vosgesinfo.fr\/remiremontinfo\/wp-json\/wp\/v2\/comments?post=88453"}],"version-history":[{"count":0,"href":"https:\/\/vosgesinfo.fr\/remiremontinfo\/wp-json\/wp\/v2\/posts\/88453\/revisions"}],"wp:featuredmedia":[{"embeddable":true,"href":"https:\/\/vosgesinfo.fr\/remiremontinfo\/wp-json\/wp\/v2\/media\/88454"}],"wp:attachment":[{"href":"https:\/\/vosgesinfo.fr\/remiremontinfo\/wp-json\/wp\/v2\/media?parent=88453"}],"wp:term":[{"taxonomy":"category","embeddable":true,"href":"https:\/\/vosgesinfo.fr\/remiremontinfo\/wp-json\/wp\/v2\/categories?post=88453"},{"taxonomy":"post_tag","embeddable":true,"href":"https:\/\/vosgesinfo.fr\/remiremontinfo\/wp-json\/wp\/v2\/tags?post=88453"}],"curies":[{"name":"wp","href":"https:\/\/api.w.org\/{rel}","templated":true}]}}