{"id":89570,"date":"2026-03-11T05:54:16","date_gmt":"2026-03-11T04:54:16","guid":{"rendered":"https:\/\/vosgesinfo.fr\/remiremontinfo\/?p=89570"},"modified":"2026-03-10T09:12:49","modified_gmt":"2026-03-10T08:12:49","slug":"vide-grenier-et-baby-bourse-a-cleurie","status":"publish","type":"post","link":"https:\/\/vosgesinfo.fr\/remiremontinfo\/2026\/03\/vide-grenier-et-baby-bourse-a-cleurie\/","title":{"rendered":"Vide Grenier et baby bourse \u00e0 Cleurie"},"content":{"rendered":"<p>L&rsquo;Association des Parents d\u2019\u00c9l\u00e8ves de Cleurie organise un vide grenier et une baby bourse \u00e0 Cleurie le dimanche 29 mars 2026 de 7h00 \u00e0 17h00 pr\u00e8s de la mairie de Cleurie.<\/p>\n<p><strong>Renseignements et r\u00e9servations 06.71.86.45.86<\/strong> \/\u00a0<a href=\"mailto:julie.benedic@hotmail.fr\" target=\"_blank\" rel=\"noopener noreferrer\">julie.benedic@hotmail.fr<\/a><\/p>\n<p><a href=\"https:\/\/vosgesinfo.fr\/app\/uploads\/sites\/5\/2026\/03\/1000119577.jpg\"><img decoding=\"async\" class=\"aligncenter size-full wp-image-89571\" src=\"https:\/\/vosgesinfo.fr\/app\/uploads\/sites\/5\/2026\/03\/1000119577.jpg\" alt=\"\" width=\"768\" height=\"1080\" srcset=\"https:\/\/vosgesinfo.fr\/app\/uploads\/sites\/5\/2026\/03\/1000119577.jpg 768w, https:\/\/vosgesinfo.fr\/app\/uploads\/sites\/5\/2026\/03\/1000119577-213x300.jpg 213w, https:\/\/vosgesinfo.fr\/app\/uploads\/sites\/5\/2026\/03\/1000119577-728x1024.jpg 728w\" sizes=\"(max-width: 768px) 100vw, 768px\" \/><\/a><\/p>\n","protected":false},"excerpt":{"rendered":"<p>L&rsquo;Association des Parents d\u2019\u00c9l\u00e8ves de Cleurie organise un vide grenier et une baby bourse \u00e0 Cleurie le dimanche 29 mars [&hellip;]<\/p>\n","protected":false},"author":391,"featured_media":89571,"comment_status":"open","ping_status":"open","sticky":false,"template":"","format":"standard","meta":{"footnotes":""},"categories":[26,1547,43,17],"tags":[206,1012],"class_list":["post-89570","post","type-post","status-publish","format-standard","has-post-thumbnail","hentry","category-a-la-une","category-gerardmer-2","category-remiremont-remiremont-son-canton","category-vie-associative","tag-cleurie","tag-vide-grenier"],"acf":[],"yoast_head":"<!-- This site is optimized with the Yoast SEO plugin v22.5 - https:\/\/yoast.com\/wordpress\/plugins\/seo\/ -->\n<title>Vide Grenier et baby bourse \u00e0 Cleurie - Remiremont Info<\/title>\n<meta name=\"robots\" content=\"index, follow, max-snippet:-1, max-image-preview:large, max-video-preview:-1\" \/>\n<link rel=\"canonical\" href=\"https:\/\/vosgesinfo.fr\/remiremontinfo\/2026\/03\/vide-grenier-et-baby-bourse-a-cleurie\/\" \/>\n<meta name=\"twitter:card\" content=\"summary_large_image\" \/>\n<meta name=\"twitter:title\" content=\"Vide Grenier et baby bourse \u00e0 Cleurie - Remiremont Info\" \/>\n<meta name=\"twitter:description\" content=\"L&rsquo;Association des Parents d\u2019\u00c9l\u00e8ves de Cleurie organise un vide grenier et une baby bourse \u00e0 Cleurie le dimanche 29 mars [&hellip;]\" \/>\n<meta name=\"twitter:image\" content=\"https:\/\/vosgesinfo.fr\/app\/uploads\/sites\/5\/2026\/03\/1000119577.jpg\" \/>\n<meta name=\"twitter:creator\" content=\"@VosgesInfo88\" \/>\n<meta name=\"twitter:site\" content=\"@VosgesInfo88\" \/>\n<meta name=\"twitter:label1\" content=\"\u00c9crit par\" \/>\n\t<meta name=\"twitter:data1\" content=\"La redaction\" \/>\n<script type=\"application\/ld+json\" class=\"yoast-schema-graph\">{\"@context\":\"https:\/\/schema.org\",\"@graph\":[{\"@type\":\"Article\",\"@id\":\"https:\/\/vosgesinfo.fr\/remiremontinfo\/2026\/03\/vide-grenier-et-baby-bourse-a-cleurie\/#article\",\"isPartOf\":{\"@id\":\"https:\/\/vosgesinfo.fr\/remiremontinfo\/2026\/03\/vide-grenier-et-baby-bourse-a-cleurie\/\"},\"author\":{\"name\":\"La redaction\",\"@id\":\"https:\/\/vosgesinfo.fr\/remiremontinfo\/#\/schema\/person\/27a3695b06db98895b354c0765cdfc31\"},\"headline\":\"Vide Grenier et baby bourse \u00e0 Cleurie\",\"datePublished\":\"2026-03-11T04:54:16+00:00\",\"dateModified\":\"2026-03-10T08:12:49+00:00\",\"mainEntityOfPage\":{\"@id\":\"https:\/\/vosgesinfo.fr\/remiremontinfo\/2026\/03\/vide-grenier-et-baby-bourse-a-cleurie\/\"},\"wordCount\":45,\"commentCount\":0,\"publisher\":{\"@id\":\"https:\/\/vosgesinfo.fr\/remiremontinfo\/#organization\"},\"image\":{\"@id\":\"https:\/\/vosgesinfo.fr\/remiremontinfo\/2026\/03\/vide-grenier-et-baby-bourse-a-cleurie\/#primaryimage\"},\"thumbnailUrl\":\"https:\/\/vosgesinfo.fr\/app\/uploads\/sites\/5\/2026\/03\/1000119577.jpg\",\"keywords\":[\"cleurie\",\"vide grenier\"],\"articleSection\":[\"A la Une\",\"Gerardmer\",\"Remiremont\",\"Vie associative\"],\"inLanguage\":\"fr-FR\",\"potentialAction\":[{\"@type\":\"CommentAction\",\"name\":\"Comment\",\"target\":[\"https:\/\/vosgesinfo.fr\/remiremontinfo\/2026\/03\/vide-grenier-et-baby-bourse-a-cleurie\/#respond\"]}]},{\"@type\":\"WebPage\",\"@id\":\"https:\/\/vosgesinfo.fr\/remiremontinfo\/2026\/03\/vide-grenier-et-baby-bourse-a-cleurie\/\",\"url\":\"https:\/\/vosgesinfo.fr\/remiremontinfo\/2026\/03\/vide-grenier-et-baby-bourse-a-cleurie\/\",\"name\":\"Vide Grenier et baby bourse \u00e0 Cleurie - Remiremont Info\",\"isPartOf\":{\"@id\":\"https:\/\/vosgesinfo.fr\/remiremontinfo\/#website\"},\"primaryImageOfPage\":{\"@id\":\"https:\/\/vosgesinfo.fr\/remiremontinfo\/2026\/03\/vide-grenier-et-baby-bourse-a-cleurie\/#primaryimage\"},\"image\":{\"@id\":\"https:\/\/vosgesinfo.fr\/remiremontinfo\/2026\/03\/vide-grenier-et-baby-bourse-a-cleurie\/#primaryimage\"},\"thumbnailUrl\":\"https:\/\/vosgesinfo.fr\/app\/uploads\/sites\/5\/2026\/03\/1000119577.jpg\",\"datePublished\":\"2026-03-11T04:54:16+00:00\",\"dateModified\":\"2026-03-10T08:12:49+00:00\",\"breadcrumb\":{\"@id\":\"https:\/\/vosgesinfo.fr\/remiremontinfo\/2026\/03\/vide-grenier-et-baby-bourse-a-cleurie\/#breadcrumb\"},\"inLanguage\":\"fr-FR\",\"potentialAction\":[{\"@type\":\"ReadAction\",\"target\":[\"https:\/\/vosgesinfo.fr\/remiremontinfo\/2026\/03\/vide-grenier-et-baby-bourse-a-cleurie\/\"]}]},{\"@type\":\"ImageObject\",\"inLanguage\":\"fr-FR\",\"@id\":\"https:\/\/vosgesinfo.fr\/remiremontinfo\/2026\/03\/vide-grenier-et-baby-bourse-a-cleurie\/#primaryimage\",\"url\":\"https:\/\/vosgesinfo.fr\/app\/uploads\/sites\/5\/2026\/03\/1000119577.jpg\",\"contentUrl\":\"https:\/\/vosgesinfo.fr\/app\/uploads\/sites\/5\/2026\/03\/1000119577.jpg\",\"width\":768,\"height\":1080},{\"@type\":\"BreadcrumbList\",\"@id\":\"https:\/\/vosgesinfo.fr\/remiremontinfo\/2026\/03\/vide-grenier-et-baby-bourse-a-cleurie\/#breadcrumb\",\"itemListElement\":[{\"@type\":\"ListItem\",\"position\":1,\"name\":\"Home\",\"item\":\"https:\/\/vosgesinfo.fr\/remiremontinfo\/\"},{\"@type\":\"ListItem\",\"position\":2,\"name\":\"Vide Grenier et baby bourse \u00e0 Cleurie\"}]},{\"@type\":\"WebSite\",\"@id\":\"https:\/\/vosgesinfo.fr\/remiremontinfo\/#website\",\"url\":\"https:\/\/vosgesinfo.fr\/remiremontinfo\/\",\"name\":\"Remiremont Info\",\"description\":\"Toute l&#039;actualit\u00e9 de Remiremont\",\"publisher\":{\"@id\":\"https:\/\/vosgesinfo.fr\/remiremontinfo\/#organization\"},\"alternateName\":\"Toute l'actualit\u00e9 de Remiremont\",\"potentialAction\":[{\"@type\":\"SearchAction\",\"target\":{\"@type\":\"EntryPoint\",\"urlTemplate\":\"https:\/\/vosgesinfo.fr\/remiremontinfo\/?s={search_term_string}\"},\"query-input\":\"required name=search_term_string\"}],\"inLanguage\":\"fr-FR\"},{\"@type\":\"Organization\",\"@id\":\"https:\/\/vosgesinfo.fr\/remiremontinfo\/#organization\",\"name\":\"Remiremont Info\",\"url\":\"https:\/\/vosgesinfo.fr\/remiremontinfo\/\",\"logo\":{\"@type\":\"ImageObject\",\"inLanguage\":\"fr-FR\",\"@id\":\"https:\/\/vosgesinfo.fr\/remiremontinfo\/#\/schema\/logo\/image\/\",\"url\":\"https:\/\/vosgesinfo.fr\/app\/uploads\/sites\/5\/2023\/08\/favicon-remiremontinfo.png\",\"contentUrl\":\"https:\/\/vosgesinfo.fr\/app\/uploads\/sites\/5\/2023\/08\/favicon-remiremontinfo.png\",\"width\":512,\"height\":512,\"caption\":\"Remiremont Info\"},\"image\":{\"@id\":\"https:\/\/vosgesinfo.fr\/remiremontinfo\/#\/schema\/logo\/image\/\"},\"sameAs\":[\"https:\/\/www.facebook.com\/remiremontinfo\",\"https:\/\/x.com\/VosgesInfo88\",\"https:\/\/www.youtube.com\/@vosgesinfo\"]},{\"@type\":\"Person\",\"@id\":\"https:\/\/vosgesinfo.fr\/remiremontinfo\/#\/schema\/person\/27a3695b06db98895b354c0765cdfc31\",\"name\":\"La redaction\",\"image\":{\"@type\":\"ImageObject\",\"inLanguage\":\"fr-FR\",\"@id\":\"https:\/\/vosgesinfo.fr\/remiremontinfo\/#\/schema\/person\/image\/\",\"url\":\"https:\/\/secure.gravatar.com\/avatar\/64c76a78e501cedee55736f43f332df901e1896ae9cd8fad269ae2236dd0e8b6?s=96&d=mm&r=g\",\"contentUrl\":\"https:\/\/secure.gravatar.com\/avatar\/64c76a78e501cedee55736f43f332df901e1896ae9cd8fad269ae2236dd0e8b6?s=96&d=mm&r=g\",\"caption\":\"La redaction\"},\"url\":\"https:\/\/vosgesinfo.fr\/remiremontinfo\/author\/la-redaction\/\"}]}<\/script>\n<!-- \/ Yoast SEO plugin. -->","yoast_head_json":{"title":"Vide Grenier et baby bourse \u00e0 Cleurie - Remiremont Info","robots":{"index":"index","follow":"follow","max-snippet":"max-snippet:-1","max-image-preview":"max-image-preview:large","max-video-preview":"max-video-preview:-1"},"canonical":"https:\/\/vosgesinfo.fr\/remiremontinfo\/2026\/03\/vide-grenier-et-baby-bourse-a-cleurie\/","twitter_card":"summary_large_image","twitter_title":"Vide Grenier et baby bourse \u00e0 Cleurie - Remiremont Info","twitter_description":"L&rsquo;Association des Parents d\u2019\u00c9l\u00e8ves de Cleurie organise un vide grenier et une baby bourse \u00e0 Cleurie le dimanche 29 mars [&hellip;]","twitter_image":"https:\/\/vosgesinfo.fr\/app\/uploads\/sites\/5\/2026\/03\/1000119577.jpg","twitter_creator":"@VosgesInfo88","twitter_site":"@VosgesInfo88","twitter_misc":{"\u00c9crit par":"La redaction"},"schema":{"@context":"https:\/\/schema.org","@graph":[{"@type":"Article","@id":"https:\/\/vosgesinfo.fr\/remiremontinfo\/2026\/03\/vide-grenier-et-baby-bourse-a-cleurie\/#article","isPartOf":{"@id":"https:\/\/vosgesinfo.fr\/remiremontinfo\/2026\/03\/vide-grenier-et-baby-bourse-a-cleurie\/"},"author":{"name":"La redaction","@id":"https:\/\/vosgesinfo.fr\/remiremontinfo\/#\/schema\/person\/27a3695b06db98895b354c0765cdfc31"},"headline":"Vide Grenier et baby bourse \u00e0 Cleurie","datePublished":"2026-03-11T04:54:16+00:00","dateModified":"2026-03-10T08:12:49+00:00","mainEntityOfPage":{"@id":"https:\/\/vosgesinfo.fr\/remiremontinfo\/2026\/03\/vide-grenier-et-baby-bourse-a-cleurie\/"},"wordCount":45,"commentCount":0,"publisher":{"@id":"https:\/\/vosgesinfo.fr\/remiremontinfo\/#organization"},"image":{"@id":"https:\/\/vosgesinfo.fr\/remiremontinfo\/2026\/03\/vide-grenier-et-baby-bourse-a-cleurie\/#primaryimage"},"thumbnailUrl":"https:\/\/vosgesinfo.fr\/app\/uploads\/sites\/5\/2026\/03\/1000119577.jpg","keywords":["cleurie","vide grenier"],"articleSection":["A la Une","Gerardmer","Remiremont","Vie associative"],"inLanguage":"fr-FR","potentialAction":[{"@type":"CommentAction","name":"Comment","target":["https:\/\/vosgesinfo.fr\/remiremontinfo\/2026\/03\/vide-grenier-et-baby-bourse-a-cleurie\/#respond"]}]},{"@type":"WebPage","@id":"https:\/\/vosgesinfo.fr\/remiremontinfo\/2026\/03\/vide-grenier-et-baby-bourse-a-cleurie\/","url":"https:\/\/vosgesinfo.fr\/remiremontinfo\/2026\/03\/vide-grenier-et-baby-bourse-a-cleurie\/","name":"Vide Grenier et baby bourse \u00e0 Cleurie - Remiremont Info","isPartOf":{"@id":"https:\/\/vosgesinfo.fr\/remiremontinfo\/#website"},"primaryImageOfPage":{"@id":"https:\/\/vosgesinfo.fr\/remiremontinfo\/2026\/03\/vide-grenier-et-baby-bourse-a-cleurie\/#primaryimage"},"image":{"@id":"https:\/\/vosgesinfo.fr\/remiremontinfo\/2026\/03\/vide-grenier-et-baby-bourse-a-cleurie\/#primaryimage"},"thumbnailUrl":"https:\/\/vosgesinfo.fr\/app\/uploads\/sites\/5\/2026\/03\/1000119577.jpg","datePublished":"2026-03-11T04:54:16+00:00","dateModified":"2026-03-10T08:12:49+00:00","breadcrumb":{"@id":"https:\/\/vosgesinfo.fr\/remiremontinfo\/2026\/03\/vide-grenier-et-baby-bourse-a-cleurie\/#breadcrumb"},"inLanguage":"fr-FR","potentialAction":[{"@type":"ReadAction","target":["https:\/\/vosgesinfo.fr\/remiremontinfo\/2026\/03\/vide-grenier-et-baby-bourse-a-cleurie\/"]}]},{"@type":"ImageObject","inLanguage":"fr-FR","@id":"https:\/\/vosgesinfo.fr\/remiremontinfo\/2026\/03\/vide-grenier-et-baby-bourse-a-cleurie\/#primaryimage","url":"https:\/\/vosgesinfo.fr\/app\/uploads\/sites\/5\/2026\/03\/1000119577.jpg","contentUrl":"https:\/\/vosgesinfo.fr\/app\/uploads\/sites\/5\/2026\/03\/1000119577.jpg","width":768,"height":1080},{"@type":"BreadcrumbList","@id":"https:\/\/vosgesinfo.fr\/remiremontinfo\/2026\/03\/vide-grenier-et-baby-bourse-a-cleurie\/#breadcrumb","itemListElement":[{"@type":"ListItem","position":1,"name":"Home","item":"https:\/\/vosgesinfo.fr\/remiremontinfo\/"},{"@type":"ListItem","position":2,"name":"Vide Grenier et baby bourse \u00e0 Cleurie"}]},{"@type":"WebSite","@id":"https:\/\/vosgesinfo.fr\/remiremontinfo\/#website","url":"https:\/\/vosgesinfo.fr\/remiremontinfo\/","name":"Remiremont Info","description":"Toute l&#039;actualit\u00e9 de Remiremont","publisher":{"@id":"https:\/\/vosgesinfo.fr\/remiremontinfo\/#organization"},"alternateName":"Toute l'actualit\u00e9 de Remiremont","potentialAction":[{"@type":"SearchAction","target":{"@type":"EntryPoint","urlTemplate":"https:\/\/vosgesinfo.fr\/remiremontinfo\/?s={search_term_string}"},"query-input":"required name=search_term_string"}],"inLanguage":"fr-FR"},{"@type":"Organization","@id":"https:\/\/vosgesinfo.fr\/remiremontinfo\/#organization","name":"Remiremont Info","url":"https:\/\/vosgesinfo.fr\/remiremontinfo\/","logo":{"@type":"ImageObject","inLanguage":"fr-FR","@id":"https:\/\/vosgesinfo.fr\/remiremontinfo\/#\/schema\/logo\/image\/","url":"https:\/\/vosgesinfo.fr\/app\/uploads\/sites\/5\/2023\/08\/favicon-remiremontinfo.png","contentUrl":"https:\/\/vosgesinfo.fr\/app\/uploads\/sites\/5\/2023\/08\/favicon-remiremontinfo.png","width":512,"height":512,"caption":"Remiremont Info"},"image":{"@id":"https:\/\/vosgesinfo.fr\/remiremontinfo\/#\/schema\/logo\/image\/"},"sameAs":["https:\/\/www.facebook.com\/remiremontinfo","https:\/\/x.com\/VosgesInfo88","https:\/\/www.youtube.com\/@vosgesinfo"]},{"@type":"Person","@id":"https:\/\/vosgesinfo.fr\/remiremontinfo\/#\/schema\/person\/27a3695b06db98895b354c0765cdfc31","name":"La redaction","image":{"@type":"ImageObject","inLanguage":"fr-FR","@id":"https:\/\/vosgesinfo.fr\/remiremontinfo\/#\/schema\/person\/image\/","url":"https:\/\/secure.gravatar.com\/avatar\/64c76a78e501cedee55736f43f332df901e1896ae9cd8fad269ae2236dd0e8b6?s=96&d=mm&r=g","contentUrl":"https:\/\/secure.gravatar.com\/avatar\/64c76a78e501cedee55736f43f332df901e1896ae9cd8fad269ae2236dd0e8b6?s=96&d=mm&r=g","caption":"La redaction"},"url":"https:\/\/vosgesinfo.fr\/remiremontinfo\/author\/la-redaction\/"}]}},"_links":{"self":[{"href":"https:\/\/vosgesinfo.fr\/remiremontinfo\/wp-json\/wp\/v2\/posts\/89570","targetHints":{"allow":["GET"]}}],"collection":[{"href":"https:\/\/vosgesinfo.fr\/remiremontinfo\/wp-json\/wp\/v2\/posts"}],"about":[{"href":"https:\/\/vosgesinfo.fr\/remiremontinfo\/wp-json\/wp\/v2\/types\/post"}],"author":[{"embeddable":true,"href":"https:\/\/vosgesinfo.fr\/remiremontinfo\/wp-json\/wp\/v2\/users\/391"}],"replies":[{"embeddable":true,"href":"https:\/\/vosgesinfo.fr\/remiremontinfo\/wp-json\/wp\/v2\/comments?post=89570"}],"version-history":[{"count":1,"href":"https:\/\/vosgesinfo.fr\/remiremontinfo\/wp-json\/wp\/v2\/posts\/89570\/revisions"}],"predecessor-version":[{"id":89572,"href":"https:\/\/vosgesinfo.fr\/remiremontinfo\/wp-json\/wp\/v2\/posts\/89570\/revisions\/89572"}],"wp:featuredmedia":[{"embeddable":true,"href":"https:\/\/vosgesinfo.fr\/remiremontinfo\/wp-json\/wp\/v2\/media\/89571"}],"wp:attachment":[{"href":"https:\/\/vosgesinfo.fr\/remiremontinfo\/wp-json\/wp\/v2\/media?parent=89570"}],"wp:term":[{"taxonomy":"category","embeddable":true,"href":"https:\/\/vosgesinfo.fr\/remiremontinfo\/wp-json\/wp\/v2\/categories?post=89570"},{"taxonomy":"post_tag","embeddable":true,"href":"https:\/\/vosgesinfo.fr\/remiremontinfo\/wp-json\/wp\/v2\/tags?post=89570"}],"curies":[{"name":"wp","href":"https:\/\/api.w.org\/{rel}","templated":true}]}}