{"id":89582,"date":"2026-03-10T16:38:46","date_gmt":"2026-03-10T15:38:46","guid":{"rendered":"https:\/\/vosgesinfo.fr\/remiremontinfo\/?p=89582"},"modified":"2026-03-10T16:38:46","modified_gmt":"2026-03-10T15:38:46","slug":"la-semaine-nationale-de-la-petite-enfance-a-lhonneur","status":"publish","type":"post","link":"https:\/\/vosgesinfo.fr\/remiremontinfo\/2026\/03\/la-semaine-nationale-de-la-petite-enfance-a-lhonneur\/","title":{"rendered":"La Semaine Nationale de la Petite Enfance \u00e0 l\u2019honneur !"},"content":{"rendered":"<h3>En mars, l\u2019association \u201cAgir Pour La Petite Enfance\u201d organise un \u00e9v\u00e9nement national pour promouvoir les acteurs de la Petite Enfance. Comme chaque ann\u00e9e, la CCPVM et ses partenaires r\u00e9pondent pr\u00e9sents du 16 au 20 mars, autour du th\u00e8me \u201cDes \u00e9quilibres\u201d.<\/h3>\n<p><a href=\"https:\/\/vosgesinfo.fr\/app\/uploads\/sites\/5\/2026\/03\/affiche-officielle-60x80-2026-1-page-0001.jpg\"><img decoding=\"async\" class=\"alignright size-medium wp-image-89584\" src=\"https:\/\/vosgesinfo.fr\/app\/uploads\/sites\/5\/2026\/03\/affiche-officielle-60x80-2026-1-page-0001-225x300.jpg\" alt=\"\" width=\"225\" height=\"300\" srcset=\"https:\/\/vosgesinfo.fr\/app\/uploads\/sites\/5\/2026\/03\/affiche-officielle-60x80-2026-1-page-0001-225x300.jpg 225w, https:\/\/vosgesinfo.fr\/app\/uploads\/sites\/5\/2026\/03\/affiche-officielle-60x80-2026-1-page-0001-768x1024.jpg 768w, https:\/\/vosgesinfo.fr\/app\/uploads\/sites\/5\/2026\/03\/affiche-officielle-60x80-2026-1-page-0001.jpg 810w\" sizes=\"(max-width: 225px) 100vw, 225px\" \/><\/a>Les partenaires professionnels du territoire se sont r\u00e9unis pour concocter le programme. Parmi eux, les deux cr\u00e8ches intercommunales : la P\u2019tite Arche \u00e0 Remiremont et La P\u2019tite Cabane \u00e0 \u00c9loyes, la M\u00e9diath\u00e8que intercommunale Le Cercle, l&rsquo;\u00c9cole de Musique Le Cube, L&rsquo;EEAP (\u00c9tablissement pour Enfants et Adolescents Polyhandicap\u00e9s) La Courtine, le tout coordonn\u00e9 par Le Relais Petite Enfance La Ronde.<\/p>\n<p><strong>\u00c0 quoi s&rsquo;attendre ?<\/strong><br \/>\nChaque structure ouvre ses portes et met \u00e0 contribution ses \u00e9quipes pour des ateliers de motricit\u00e9 qui permettront de jouer avec l\u2019\u00e9quilibre ! La p\u00e9riode des 0 \u00e0 3 ans est en effet une p\u00e9riode privil\u00e9gi\u00e9e pour les activit\u00e9s qui font appel aux mouvements : se situer dans l\u2019espace, suivre un parcours au sol, empiler des objets, se balancer&#8230;<br \/>\nL\u2019enfant apprend et se d\u00e9veloppe en exp\u00e9rimentant.<br \/>\nLecture et musique seront aussi de la partie ! La SNPE est aussi l&rsquo;occasion de cr\u00e9er du lien entre professionnel-les du m\u00eame secteur et de valoriser l\u2019investissement des \u00e9quipes en cr\u00e9ant des moments de partage entre enfants pris en soin dans diff\u00e9rents modes d&rsquo;accueil.<br \/>\nLa SNPE est organis\u00e9e dans toute la France du 14 au 21 mars par l\u2019association Agir Pour la Petite Enfance et est soutenue par la CNAF. La CAF des Vosges encourage et soutient les \u00e9quipes du d\u00e9partement en finan\u00e7ant la mallette p\u00e9dagogique mise \u00e0 disposition des structures participantes.<\/p>\n<p><strong>ZOOM SUR LES \u00c9V\u00c9NEMENTS<\/strong><br \/>\nLundi 16 mars &#8211; 9h30 \u00e0 10h15 et 10h15 \u00e0 11h<br \/>\nLa P\u2019tite Arche \u00e0 Remiremont ouvrira ses portes aux<br \/>\nenfants de l&rsquo;EEAP et aux enfants accueillis chez des<br \/>\nassistant(e)s maternel(le)s. Au programme : parcours<br \/>\nau sol, constructions en \u00e9quilibre et parcours en<br \/>\ntrottinettes et draisiennes, si la m\u00e9t\u00e9o le permet.<br \/>\nMardi 17 mars &#8211; 10h \u00e0 11h<br \/>\nLa cr\u00e8che La P\u2019tite cabane \u00e0 Eloyes accueillera les<br \/>\nenfants et leurs assistant(e)s maternel(le)s, ainsi que<br \/>\nle public de l\u2019EEAP. Le service enfance de la<br \/>\nM\u00e9diath\u00e8que Le Cercle ouvrira la s\u00e9ance avec des<br \/>\nlectures mises en sc\u00e8ne. Puis l\u2019\u00e9quipe de la cr\u00e8che<br \/>\nproposera des ateliers de construction (briques en<br \/>\ncarton) et des jeux sur table.<br \/>\nMercredi 18 mars &#8211; 9h30 \u00e0 10h30<br \/>\nL&rsquo;EEAP La Courtine \u00e0 Remiremont accueillera les<br \/>\nenfants et leurs assistant(e)s maternel(le)s ainsi qu&rsquo;un<br \/>\ngroupe d&rsquo;enfants de La P\u2019tite Arche. Les \u00e9l\u00e8ves de<br \/>\nl&rsquo;\u00c9cole de Musique Le Cube offriront une audition de<br \/>\nchant en rapport avec le th\u00e8me de l\u2019\u00e9quilibre.<br \/>\nJeudi 19 mars &#8211; 9h30 \u00e0 10h15 et 10h30 \u00e0 11h15<br \/>\nC&rsquo;est cette fois \u00e0 la M\u00e9diath\u00e8que Le Cercle que tout<br \/>\nce petit monde sera accueilli : l\u2019occasion pour les<br \/>\nenfants de la cr\u00e8che d\u2019Eloyes de faire le voyage en<br \/>\ntrain jusqu\u2019\u00e0 Remiremont, pour leur plus grand<br \/>\nplaisir. Ils pourront y \u00e9couter une histoire mise en<br \/>\nsc\u00e8ne par la M\u00e9diath\u00e8que et un atelier fa\u00e7on<br \/>\nparcours moteur propos\u00e9 par le RPE.<br \/>\nVendredi 20 mars &#8211; 17h30 \u00e0 18h15<br \/>\nOn termine par une s\u00e9ance tout public \u00e0 la<br \/>\nm\u00e9diath\u00e8que pour les parents de jeunes enfants qui<br \/>\nsouhaitent en profiter !<br \/>\nNB : Les s\u00e9ances \u00e0 destination des assistant(e)s maternel(le)s sont \u00e9galement ouvertes aux gardes d\u2019enfants \u00e0 domicile et aux parents employeurs.<\/p>\n","protected":false},"excerpt":{"rendered":"<p>En mars, l\u2019association \u201cAgir Pour La Petite Enfance\u201d organise un \u00e9v\u00e9nement national pour promouvoir les acteurs de la Petite Enfance. [&hellip;]<\/p>\n","protected":false},"author":391,"featured_media":89584,"comment_status":"open","ping_status":"open","sticky":false,"template":"","format":"standard","meta":{"footnotes":""},"categories":[26,43],"tags":[9000,8998,8999],"class_list":["post-89582","post","type-post","status-publish","format-standard","has-post-thumbnail","hentry","category-a-la-une","category-remiremont-remiremont-son-canton","tag-la-ptite-arche","tag-semaine-de-la-petite-enfance","tag-snpe"],"acf":[],"yoast_head":"<!-- This site is optimized with the Yoast SEO plugin v22.5 - https:\/\/yoast.com\/wordpress\/plugins\/seo\/ -->\n<title>La Semaine Nationale de la Petite Enfance \u00e0 l\u2019honneur ! - Remiremont Info<\/title>\n<meta name=\"robots\" content=\"index, follow, max-snippet:-1, max-image-preview:large, max-video-preview:-1\" \/>\n<link rel=\"canonical\" href=\"https:\/\/vosgesinfo.fr\/remiremontinfo\/?p=89582\" \/>\n<meta name=\"twitter:card\" content=\"summary_large_image\" \/>\n<meta name=\"twitter:title\" content=\"La Semaine Nationale de la Petite Enfance \u00e0 l\u2019honneur ! - Remiremont Info\" \/>\n<meta name=\"twitter:description\" content=\"En mars, l\u2019association \u201cAgir Pour La Petite Enfance\u201d organise un \u00e9v\u00e9nement national pour promouvoir les acteurs de la Petite Enfance. [&hellip;]\" \/>\n<meta name=\"twitter:image\" content=\"https:\/\/vosgesinfo.fr\/app\/uploads\/sites\/5\/2026\/03\/affiche-officielle-60x80-2026-1-page-0001-225x300.jpg\" \/>\n<meta name=\"twitter:creator\" content=\"@VosgesInfo88\" \/>\n<meta name=\"twitter:site\" content=\"@VosgesInfo88\" \/>\n<meta name=\"twitter:label1\" content=\"\u00c9crit par\" \/>\n\t<meta name=\"twitter:data1\" content=\"La redaction\" \/>\n\t<meta name=\"twitter:label2\" content=\"Dur\u00e9e de lecture estim\u00e9e\" \/>\n\t<meta name=\"twitter:data2\" content=\"3 minutes\" \/>\n<script type=\"application\/ld+json\" class=\"yoast-schema-graph\">{\"@context\":\"https:\/\/schema.org\",\"@graph\":[{\"@type\":\"Article\",\"@id\":\"https:\/\/vosgesinfo.fr\/remiremontinfo\/?p=89582#article\",\"isPartOf\":{\"@id\":\"https:\/\/vosgesinfo.fr\/remiremontinfo\/?p=89582\"},\"author\":{\"name\":\"La redaction\",\"@id\":\"https:\/\/vosgesinfo.fr\/remiremontinfo\/#\/schema\/person\/27a3695b06db98895b354c0765cdfc31\"},\"headline\":\"La Semaine Nationale de la Petite Enfance \u00e0 l\u2019honneur !\",\"datePublished\":\"2026-03-10T15:38:46+00:00\",\"dateModified\":\"2026-03-10T15:38:46+00:00\",\"mainEntityOfPage\":{\"@id\":\"https:\/\/vosgesinfo.fr\/remiremontinfo\/?p=89582\"},\"wordCount\":604,\"commentCount\":0,\"publisher\":{\"@id\":\"https:\/\/vosgesinfo.fr\/remiremontinfo\/#organization\"},\"image\":{\"@id\":\"https:\/\/vosgesinfo.fr\/remiremontinfo\/?p=89582#primaryimage\"},\"thumbnailUrl\":\"https:\/\/vosgesinfo.fr\/app\/uploads\/sites\/5\/2026\/03\/affiche-officielle-60x80-2026-1-page-0001.jpg\",\"keywords\":[\"la P\u2019tite Arche\",\"semaine de la petite enfance\",\"SNPE\"],\"articleSection\":[\"A la Une\",\"Remiremont\"],\"inLanguage\":\"fr-FR\",\"potentialAction\":[{\"@type\":\"CommentAction\",\"name\":\"Comment\",\"target\":[\"https:\/\/vosgesinfo.fr\/remiremontinfo\/?p=89582#respond\"]}]},{\"@type\":\"WebPage\",\"@id\":\"https:\/\/vosgesinfo.fr\/remiremontinfo\/?p=89582\",\"url\":\"https:\/\/vosgesinfo.fr\/remiremontinfo\/?p=89582\",\"name\":\"La Semaine Nationale de la Petite Enfance \u00e0 l\u2019honneur ! - Remiremont Info\",\"isPartOf\":{\"@id\":\"https:\/\/vosgesinfo.fr\/remiremontinfo\/#website\"},\"primaryImageOfPage\":{\"@id\":\"https:\/\/vosgesinfo.fr\/remiremontinfo\/?p=89582#primaryimage\"},\"image\":{\"@id\":\"https:\/\/vosgesinfo.fr\/remiremontinfo\/?p=89582#primaryimage\"},\"thumbnailUrl\":\"https:\/\/vosgesinfo.fr\/app\/uploads\/sites\/5\/2026\/03\/affiche-officielle-60x80-2026-1-page-0001.jpg\",\"datePublished\":\"2026-03-10T15:38:46+00:00\",\"dateModified\":\"2026-03-10T15:38:46+00:00\",\"breadcrumb\":{\"@id\":\"https:\/\/vosgesinfo.fr\/remiremontinfo\/?p=89582#breadcrumb\"},\"inLanguage\":\"fr-FR\",\"potentialAction\":[{\"@type\":\"ReadAction\",\"target\":[\"https:\/\/vosgesinfo.fr\/remiremontinfo\/?p=89582\"]}]},{\"@type\":\"ImageObject\",\"inLanguage\":\"fr-FR\",\"@id\":\"https:\/\/vosgesinfo.fr\/remiremontinfo\/?p=89582#primaryimage\",\"url\":\"https:\/\/vosgesinfo.fr\/app\/uploads\/sites\/5\/2026\/03\/affiche-officielle-60x80-2026-1-page-0001.jpg\",\"contentUrl\":\"https:\/\/vosgesinfo.fr\/app\/uploads\/sites\/5\/2026\/03\/affiche-officielle-60x80-2026-1-page-0001.jpg\",\"width\":810,\"height\":1080},{\"@type\":\"BreadcrumbList\",\"@id\":\"https:\/\/vosgesinfo.fr\/remiremontinfo\/?p=89582#breadcrumb\",\"itemListElement\":[{\"@type\":\"ListItem\",\"position\":1,\"name\":\"Home\",\"item\":\"https:\/\/vosgesinfo.fr\/remiremontinfo\/\"},{\"@type\":\"ListItem\",\"position\":2,\"name\":\"La Semaine Nationale de la Petite Enfance \u00e0 l\u2019honneur !\"}]},{\"@type\":\"WebSite\",\"@id\":\"https:\/\/vosgesinfo.fr\/remiremontinfo\/#website\",\"url\":\"https:\/\/vosgesinfo.fr\/remiremontinfo\/\",\"name\":\"Remiremont Info\",\"description\":\"Toute l&#039;actualit\u00e9 de Remiremont\",\"publisher\":{\"@id\":\"https:\/\/vosgesinfo.fr\/remiremontinfo\/#organization\"},\"alternateName\":\"Toute l'actualit\u00e9 de Remiremont\",\"potentialAction\":[{\"@type\":\"SearchAction\",\"target\":{\"@type\":\"EntryPoint\",\"urlTemplate\":\"https:\/\/vosgesinfo.fr\/remiremontinfo\/?s={search_term_string}\"},\"query-input\":\"required name=search_term_string\"}],\"inLanguage\":\"fr-FR\"},{\"@type\":\"Organization\",\"@id\":\"https:\/\/vosgesinfo.fr\/remiremontinfo\/#organization\",\"name\":\"Remiremont Info\",\"url\":\"https:\/\/vosgesinfo.fr\/remiremontinfo\/\",\"logo\":{\"@type\":\"ImageObject\",\"inLanguage\":\"fr-FR\",\"@id\":\"https:\/\/vosgesinfo.fr\/remiremontinfo\/#\/schema\/logo\/image\/\",\"url\":\"https:\/\/vosgesinfo.fr\/app\/uploads\/sites\/5\/2023\/08\/favicon-remiremontinfo.png\",\"contentUrl\":\"https:\/\/vosgesinfo.fr\/app\/uploads\/sites\/5\/2023\/08\/favicon-remiremontinfo.png\",\"width\":512,\"height\":512,\"caption\":\"Remiremont Info\"},\"image\":{\"@id\":\"https:\/\/vosgesinfo.fr\/remiremontinfo\/#\/schema\/logo\/image\/\"},\"sameAs\":[\"https:\/\/www.facebook.com\/remiremontinfo\",\"https:\/\/x.com\/VosgesInfo88\",\"https:\/\/www.youtube.com\/@vosgesinfo\"]},{\"@type\":\"Person\",\"@id\":\"https:\/\/vosgesinfo.fr\/remiremontinfo\/#\/schema\/person\/27a3695b06db98895b354c0765cdfc31\",\"name\":\"La redaction\",\"image\":{\"@type\":\"ImageObject\",\"inLanguage\":\"fr-FR\",\"@id\":\"https:\/\/vosgesinfo.fr\/remiremontinfo\/#\/schema\/person\/image\/\",\"url\":\"https:\/\/secure.gravatar.com\/avatar\/64c76a78e501cedee55736f43f332df901e1896ae9cd8fad269ae2236dd0e8b6?s=96&d=mm&r=g\",\"contentUrl\":\"https:\/\/secure.gravatar.com\/avatar\/64c76a78e501cedee55736f43f332df901e1896ae9cd8fad269ae2236dd0e8b6?s=96&d=mm&r=g\",\"caption\":\"La redaction\"},\"url\":\"https:\/\/vosgesinfo.fr\/remiremontinfo\/author\/la-redaction\/\"}]}<\/script>\n<!-- \/ Yoast SEO plugin. -->","yoast_head_json":{"title":"La Semaine Nationale de la Petite Enfance \u00e0 l\u2019honneur ! - Remiremont Info","robots":{"index":"index","follow":"follow","max-snippet":"max-snippet:-1","max-image-preview":"max-image-preview:large","max-video-preview":"max-video-preview:-1"},"canonical":"https:\/\/vosgesinfo.fr\/remiremontinfo\/?p=89582","twitter_card":"summary_large_image","twitter_title":"La Semaine Nationale de la Petite Enfance \u00e0 l\u2019honneur ! - Remiremont Info","twitter_description":"En mars, l\u2019association \u201cAgir Pour La Petite Enfance\u201d organise un \u00e9v\u00e9nement national pour promouvoir les acteurs de la Petite Enfance. [&hellip;]","twitter_image":"https:\/\/vosgesinfo.fr\/app\/uploads\/sites\/5\/2026\/03\/affiche-officielle-60x80-2026-1-page-0001-225x300.jpg","twitter_creator":"@VosgesInfo88","twitter_site":"@VosgesInfo88","twitter_misc":{"\u00c9crit par":"La redaction","Dur\u00e9e de lecture estim\u00e9e":"3 minutes"},"schema":{"@context":"https:\/\/schema.org","@graph":[{"@type":"Article","@id":"https:\/\/vosgesinfo.fr\/remiremontinfo\/?p=89582#article","isPartOf":{"@id":"https:\/\/vosgesinfo.fr\/remiremontinfo\/?p=89582"},"author":{"name":"La redaction","@id":"https:\/\/vosgesinfo.fr\/remiremontinfo\/#\/schema\/person\/27a3695b06db98895b354c0765cdfc31"},"headline":"La Semaine Nationale de la Petite Enfance \u00e0 l\u2019honneur !","datePublished":"2026-03-10T15:38:46+00:00","dateModified":"2026-03-10T15:38:46+00:00","mainEntityOfPage":{"@id":"https:\/\/vosgesinfo.fr\/remiremontinfo\/?p=89582"},"wordCount":604,"commentCount":0,"publisher":{"@id":"https:\/\/vosgesinfo.fr\/remiremontinfo\/#organization"},"image":{"@id":"https:\/\/vosgesinfo.fr\/remiremontinfo\/?p=89582#primaryimage"},"thumbnailUrl":"https:\/\/vosgesinfo.fr\/app\/uploads\/sites\/5\/2026\/03\/affiche-officielle-60x80-2026-1-page-0001.jpg","keywords":["la P\u2019tite Arche","semaine de la petite enfance","SNPE"],"articleSection":["A la Une","Remiremont"],"inLanguage":"fr-FR","potentialAction":[{"@type":"CommentAction","name":"Comment","target":["https:\/\/vosgesinfo.fr\/remiremontinfo\/?p=89582#respond"]}]},{"@type":"WebPage","@id":"https:\/\/vosgesinfo.fr\/remiremontinfo\/?p=89582","url":"https:\/\/vosgesinfo.fr\/remiremontinfo\/?p=89582","name":"La Semaine Nationale de la Petite Enfance \u00e0 l\u2019honneur ! - Remiremont Info","isPartOf":{"@id":"https:\/\/vosgesinfo.fr\/remiremontinfo\/#website"},"primaryImageOfPage":{"@id":"https:\/\/vosgesinfo.fr\/remiremontinfo\/?p=89582#primaryimage"},"image":{"@id":"https:\/\/vosgesinfo.fr\/remiremontinfo\/?p=89582#primaryimage"},"thumbnailUrl":"https:\/\/vosgesinfo.fr\/app\/uploads\/sites\/5\/2026\/03\/affiche-officielle-60x80-2026-1-page-0001.jpg","datePublished":"2026-03-10T15:38:46+00:00","dateModified":"2026-03-10T15:38:46+00:00","breadcrumb":{"@id":"https:\/\/vosgesinfo.fr\/remiremontinfo\/?p=89582#breadcrumb"},"inLanguage":"fr-FR","potentialAction":[{"@type":"ReadAction","target":["https:\/\/vosgesinfo.fr\/remiremontinfo\/?p=89582"]}]},{"@type":"ImageObject","inLanguage":"fr-FR","@id":"https:\/\/vosgesinfo.fr\/remiremontinfo\/?p=89582#primaryimage","url":"https:\/\/vosgesinfo.fr\/app\/uploads\/sites\/5\/2026\/03\/affiche-officielle-60x80-2026-1-page-0001.jpg","contentUrl":"https:\/\/vosgesinfo.fr\/app\/uploads\/sites\/5\/2026\/03\/affiche-officielle-60x80-2026-1-page-0001.jpg","width":810,"height":1080},{"@type":"BreadcrumbList","@id":"https:\/\/vosgesinfo.fr\/remiremontinfo\/?p=89582#breadcrumb","itemListElement":[{"@type":"ListItem","position":1,"name":"Home","item":"https:\/\/vosgesinfo.fr\/remiremontinfo\/"},{"@type":"ListItem","position":2,"name":"La Semaine Nationale de la Petite Enfance \u00e0 l\u2019honneur !"}]},{"@type":"WebSite","@id":"https:\/\/vosgesinfo.fr\/remiremontinfo\/#website","url":"https:\/\/vosgesinfo.fr\/remiremontinfo\/","name":"Remiremont Info","description":"Toute l&#039;actualit\u00e9 de Remiremont","publisher":{"@id":"https:\/\/vosgesinfo.fr\/remiremontinfo\/#organization"},"alternateName":"Toute l'actualit\u00e9 de Remiremont","potentialAction":[{"@type":"SearchAction","target":{"@type":"EntryPoint","urlTemplate":"https:\/\/vosgesinfo.fr\/remiremontinfo\/?s={search_term_string}"},"query-input":"required name=search_term_string"}],"inLanguage":"fr-FR"},{"@type":"Organization","@id":"https:\/\/vosgesinfo.fr\/remiremontinfo\/#organization","name":"Remiremont Info","url":"https:\/\/vosgesinfo.fr\/remiremontinfo\/","logo":{"@type":"ImageObject","inLanguage":"fr-FR","@id":"https:\/\/vosgesinfo.fr\/remiremontinfo\/#\/schema\/logo\/image\/","url":"https:\/\/vosgesinfo.fr\/app\/uploads\/sites\/5\/2023\/08\/favicon-remiremontinfo.png","contentUrl":"https:\/\/vosgesinfo.fr\/app\/uploads\/sites\/5\/2023\/08\/favicon-remiremontinfo.png","width":512,"height":512,"caption":"Remiremont Info"},"image":{"@id":"https:\/\/vosgesinfo.fr\/remiremontinfo\/#\/schema\/logo\/image\/"},"sameAs":["https:\/\/www.facebook.com\/remiremontinfo","https:\/\/x.com\/VosgesInfo88","https:\/\/www.youtube.com\/@vosgesinfo"]},{"@type":"Person","@id":"https:\/\/vosgesinfo.fr\/remiremontinfo\/#\/schema\/person\/27a3695b06db98895b354c0765cdfc31","name":"La redaction","image":{"@type":"ImageObject","inLanguage":"fr-FR","@id":"https:\/\/vosgesinfo.fr\/remiremontinfo\/#\/schema\/person\/image\/","url":"https:\/\/secure.gravatar.com\/avatar\/64c76a78e501cedee55736f43f332df901e1896ae9cd8fad269ae2236dd0e8b6?s=96&d=mm&r=g","contentUrl":"https:\/\/secure.gravatar.com\/avatar\/64c76a78e501cedee55736f43f332df901e1896ae9cd8fad269ae2236dd0e8b6?s=96&d=mm&r=g","caption":"La redaction"},"url":"https:\/\/vosgesinfo.fr\/remiremontinfo\/author\/la-redaction\/"}]}},"_links":{"self":[{"href":"https:\/\/vosgesinfo.fr\/remiremontinfo\/wp-json\/wp\/v2\/posts\/89582","targetHints":{"allow":["GET"]}}],"collection":[{"href":"https:\/\/vosgesinfo.fr\/remiremontinfo\/wp-json\/wp\/v2\/posts"}],"about":[{"href":"https:\/\/vosgesinfo.fr\/remiremontinfo\/wp-json\/wp\/v2\/types\/post"}],"author":[{"embeddable":true,"href":"https:\/\/vosgesinfo.fr\/remiremontinfo\/wp-json\/wp\/v2\/users\/391"}],"replies":[{"embeddable":true,"href":"https:\/\/vosgesinfo.fr\/remiremontinfo\/wp-json\/wp\/v2\/comments?post=89582"}],"version-history":[{"count":1,"href":"https:\/\/vosgesinfo.fr\/remiremontinfo\/wp-json\/wp\/v2\/posts\/89582\/revisions"}],"predecessor-version":[{"id":89585,"href":"https:\/\/vosgesinfo.fr\/remiremontinfo\/wp-json\/wp\/v2\/posts\/89582\/revisions\/89585"}],"wp:featuredmedia":[{"embeddable":true,"href":"https:\/\/vosgesinfo.fr\/remiremontinfo\/wp-json\/wp\/v2\/media\/89584"}],"wp:attachment":[{"href":"https:\/\/vosgesinfo.fr\/remiremontinfo\/wp-json\/wp\/v2\/media?parent=89582"}],"wp:term":[{"taxonomy":"category","embeddable":true,"href":"https:\/\/vosgesinfo.fr\/remiremontinfo\/wp-json\/wp\/v2\/categories?post=89582"},{"taxonomy":"post_tag","embeddable":true,"href":"https:\/\/vosgesinfo.fr\/remiremontinfo\/wp-json\/wp\/v2\/tags?post=89582"}],"curies":[{"name":"wp","href":"https:\/\/api.w.org\/{rel}","templated":true}]}}