{"id":89602,"date":"2026-03-11T15:08:33","date_gmt":"2026-03-11T14:08:33","guid":{"rendered":"https:\/\/vosgesinfo.fr\/remiremontinfo\/?p=89602"},"modified":"2026-03-11T15:08:55","modified_gmt":"2026-03-11T14:08:55","slug":"le-syndicat-des-parents-mobilises-contre-la-possible-fermeture-dune-classe-a-lecole-du-centre","status":"publish","type":"post","link":"https:\/\/vosgesinfo.fr\/remiremontinfo\/2026\/03\/le-syndicat-des-parents-mobilises-contre-la-possible-fermeture-dune-classe-a-lecole-du-centre\/","title":{"rendered":"Le Syndicat : des parents mobilis\u00e9s contre la possible fermeture d&rsquo;une classe \u00e0 l&rsquo;\u00e9cole du Centre"},"content":{"rendered":"<p><a href=\"https:\/\/vosgesinfo.fr\/app\/uploads\/sites\/5\/2026\/03\/fermeture-dune-classe-a-lecole-du-centre-le-syndicat-5.jpeg\"><img decoding=\"async\" class=\"aligncenter size-large wp-image-89607\" src=\"https:\/\/vosgesinfo.fr\/app\/uploads\/sites\/5\/2026\/03\/fermeture-dune-classe-a-lecole-du-centre-le-syndicat-5-1024x768.jpeg\" alt=\"\" width=\"1024\" height=\"768\" srcset=\"https:\/\/vosgesinfo.fr\/app\/uploads\/sites\/5\/2026\/03\/fermeture-dune-classe-a-lecole-du-centre-le-syndicat-5-1024x768.jpeg 1024w, https:\/\/vosgesinfo.fr\/app\/uploads\/sites\/5\/2026\/03\/fermeture-dune-classe-a-lecole-du-centre-le-syndicat-5-300x225.jpeg 300w, https:\/\/vosgesinfo.fr\/app\/uploads\/sites\/5\/2026\/03\/fermeture-dune-classe-a-lecole-du-centre-le-syndicat-5-768x576.jpeg 768w, https:\/\/vosgesinfo.fr\/app\/uploads\/sites\/5\/2026\/03\/fermeture-dune-classe-a-lecole-du-centre-le-syndicat-5.jpeg 1440w\" sizes=\"(max-width: 1024px) 100vw, 1024px\" \/><\/a><\/p>\n\n\t\t<style type=\"text\/css\">\n\t\t\t#gallery-1 {\n\t\t\t\tmargin: auto;\n\t\t\t}\n\t\t\t#gallery-1 .gallery-item {\n\t\t\t\tfloat: left;\n\t\t\t\tmargin-top: 10px;\n\t\t\t\ttext-align: center;\n\t\t\t\twidth: 50%;\n\t\t\t}\n\t\t\t#gallery-1 img {\n\t\t\t\tborder: 2px solid #cfcfcf;\n\t\t\t}\n\t\t\t#gallery-1 .gallery-caption {\n\t\t\t\tmargin-left: 0;\n\t\t\t}\n\t\t\t\/* see gallery_shortcode() in wp-includes\/media.php *\/\n\t\t<\/style>\n\t\t<div id='gallery-1' class='gallery galleryid-89602 gallery-columns-2 gallery-size-medium'><dl class='gallery-item'>\n\t\t\t<dt class='gallery-icon portrait'>\n\t\t\t\t<a href='https:\/\/vosgesinfo.fr\/app\/uploads\/sites\/5\/2026\/03\/fermeture-dune-classe-a-lecole-du-centre-le-syndicat-4.jpeg'><img decoding=\"async\" width=\"225\" height=\"300\" src=\"https:\/\/vosgesinfo.fr\/app\/uploads\/sites\/5\/2026\/03\/fermeture-dune-classe-a-lecole-du-centre-le-syndicat-4-225x300.jpeg\" class=\"attachment-medium size-medium\" alt=\"\" srcset=\"https:\/\/vosgesinfo.fr\/app\/uploads\/sites\/5\/2026\/03\/fermeture-dune-classe-a-lecole-du-centre-le-syndicat-4-225x300.jpeg 225w, https:\/\/vosgesinfo.fr\/app\/uploads\/sites\/5\/2026\/03\/fermeture-dune-classe-a-lecole-du-centre-le-syndicat-4-768x1024.jpeg 768w, https:\/\/vosgesinfo.fr\/app\/uploads\/sites\/5\/2026\/03\/fermeture-dune-classe-a-lecole-du-centre-le-syndicat-4.jpeg 810w\" sizes=\"(max-width: 225px) 100vw, 225px\" \/><\/a>\n\t\t\t<\/dt><\/dl><dl class='gallery-item'>\n\t\t\t<dt class='gallery-icon portrait'>\n\t\t\t\t<a href='https:\/\/vosgesinfo.fr\/app\/uploads\/sites\/5\/2026\/03\/fermeture-dune-classe-a-lecole-du-centre-le-syndicat-3.jpeg'><img decoding=\"async\" width=\"224\" height=\"300\" src=\"https:\/\/vosgesinfo.fr\/app\/uploads\/sites\/5\/2026\/03\/fermeture-dune-classe-a-lecole-du-centre-le-syndicat-3-224x300.jpeg\" class=\"attachment-medium size-medium\" alt=\"\" srcset=\"https:\/\/vosgesinfo.fr\/app\/uploads\/sites\/5\/2026\/03\/fermeture-dune-classe-a-lecole-du-centre-le-syndicat-3-224x300.jpeg 224w, https:\/\/vosgesinfo.fr\/app\/uploads\/sites\/5\/2026\/03\/fermeture-dune-classe-a-lecole-du-centre-le-syndicat-3-766x1024.jpeg 766w, https:\/\/vosgesinfo.fr\/app\/uploads\/sites\/5\/2026\/03\/fermeture-dune-classe-a-lecole-du-centre-le-syndicat-3-768x1027.jpeg 768w, https:\/\/vosgesinfo.fr\/app\/uploads\/sites\/5\/2026\/03\/fermeture-dune-classe-a-lecole-du-centre-le-syndicat-3.jpeg 808w\" sizes=\"(max-width: 224px) 100vw, 224px\" \/><\/a>\n\t\t\t<\/dt><\/dl><br style=\"clear: both\" \/>\n\t\t<\/div>\n\n<h3>Au Syndicat, la mobilisation s&rsquo;organise face \u00e0 la possible fermeture d&rsquo;une classe \u00e0 l&rsquo;\u00e9cole du Centre \u00e0 la rentr\u00e9e de septembre 2026. Samedi 7 mars, de nombreux parents d&rsquo;\u00e9l\u00e8ves se sont rassembl\u00e9s au rond-point des Granitiers pour alerter sur la suppression envisag\u00e9e d&rsquo;un poste d&rsquo;enseignant.<\/h3>\n<p>Cette d\u00e9cision, attendue en avril 2026, n&rsquo;est pas encore d\u00e9finitive, mais elle suscite une vive inqui\u00e9tude parmi les familles. Pour la prochaine rentr\u00e9e, 139 \u00e9l\u00e8ves sont actuellement annonc\u00e9s, alors qu&rsquo;il en faudrait 145 pour maintenir le poste concern\u00e9. Un \u00e9cart de seulement six \u00e9l\u00e8ves qui pourrait pourtant entra\u00eener la fermeture d&rsquo;une classe.<\/p>\n<p><a href=\"https:\/\/vosgesinfo.fr\/app\/uploads\/sites\/5\/2026\/03\/fermeture-dune-classe-a-lecole-du-centre-le-syndicat-1.jpeg\"><img decoding=\"async\" class=\"alignright size-medium wp-image-89603\" src=\"https:\/\/vosgesinfo.fr\/app\/uploads\/sites\/5\/2026\/03\/fermeture-dune-classe-a-lecole-du-centre-le-syndicat-1-300x225.jpeg\" alt=\"\" width=\"300\" height=\"225\" srcset=\"https:\/\/vosgesinfo.fr\/app\/uploads\/sites\/5\/2026\/03\/fermeture-dune-classe-a-lecole-du-centre-le-syndicat-1-300x225.jpeg 300w, https:\/\/vosgesinfo.fr\/app\/uploads\/sites\/5\/2026\/03\/fermeture-dune-classe-a-lecole-du-centre-le-syndicat-1-1024x768.jpeg 1024w, https:\/\/vosgesinfo.fr\/app\/uploads\/sites\/5\/2026\/03\/fermeture-dune-classe-a-lecole-du-centre-le-syndicat-1-768x576.jpeg 768w, https:\/\/vosgesinfo.fr\/app\/uploads\/sites\/5\/2026\/03\/fermeture-dune-classe-a-lecole-du-centre-le-syndicat-1.jpeg 1440w\" sizes=\"(max-width: 300px) 100vw, 300px\" \/><\/a>Les parents redoutent les cons\u00e9quences d&rsquo;une telle mesure : des effectifs plus charg\u00e9s, des conditions d&rsquo;apprentissage plus difficiles et une fragilisation de l&rsquo;\u00e9cole. Dans une commune qui a d\u00e9j\u00e0 connu la fermeture de l&rsquo;\u00e9cole de Julienrupt il y a deux ans, cette nouvelle menace est particuli\u00e8rement mal v\u00e9cue.<\/p>\n<p>La mobilisation de samedi s&rsquo;est d\u00e9roul\u00e9e dans le calme, sans blocage de la circulation, sous la surveillance des policiers du commissariat de Remiremont. De nombreux soutiens \u00e9taient pr\u00e9sents aux c\u00f4t\u00e9s des familles, parmi lesquels des \u00e9lus, dont le maire Pascal Claude, ainsi que des habitants et des enfants.<\/p>\n<p><a href=\"https:\/\/vosgesinfo.fr\/app\/uploads\/sites\/5\/2026\/03\/fermeture-dune-classe-a-lecole-du-centre-le-syndicat-1.jpg\"><img decoding=\"async\" class=\"alignright size-medium wp-image-89608\" src=\"https:\/\/vosgesinfo.fr\/app\/uploads\/sites\/5\/2026\/03\/fermeture-dune-classe-a-lecole-du-centre-le-syndicat-1-200x300.jpg\" alt=\"\" width=\"200\" height=\"300\" srcset=\"https:\/\/vosgesinfo.fr\/app\/uploads\/sites\/5\/2026\/03\/fermeture-dune-classe-a-lecole-du-centre-le-syndicat-1-200x300.jpg 200w, https:\/\/vosgesinfo.fr\/app\/uploads\/sites\/5\/2026\/03\/fermeture-dune-classe-a-lecole-du-centre-le-syndicat-1-683x1024.jpg 683w, https:\/\/vosgesinfo.fr\/app\/uploads\/sites\/5\/2026\/03\/fermeture-dune-classe-a-lecole-du-centre-le-syndicat-1.jpg 720w\" sizes=\"(max-width: 200px) 100vw, 200px\" \/><\/a>En parall\u00e8le de cette manifestation, plusieurs actions ont \u00e9t\u00e9 engag\u00e9es. Les repr\u00e9sentants des parents d&rsquo;\u00e9l\u00e8ves ont \u00e9crit au directeur de l&rsquo;acad\u00e9mie ainsi qu&rsquo;au d\u00e9put\u00e9 Christophe Naegelen, qui leur a apport\u00e9 son soutien. Une p\u00e9tition en ligne reste \u00e9galement ouverte et continue de circuler largement. Pr\u00e8s de 450 flyers ont d\u00e9j\u00e0 \u00e9t\u00e9 distribu\u00e9s pour encourager la mobilisation.<\/p>\n<p>La mairie a \u00e9galement avanc\u00e9 la date d&rsquo;inscription des nouveaux \u00e9l\u00e8ves, et celles-ci sont d\u00e9sormais ouvertes, afin de permettre aux familles concern\u00e9es d&rsquo;effectuer les d\u00e9marches au plus vite.<\/p>\n<p>Les parents appellent aujourd&rsquo;hui \u00e0 une large solidarit\u00e9. Chaque signature compte pour d\u00e9fendre l&rsquo;avenir de l&rsquo;\u00e9cole et montrer l&rsquo;attachement de toute une commune \u00e0 ses enfants et \u00e0 leurs conditions d&rsquo;apprentissage. Parents, grands-parents, proches, amis, habitants du secteur : chacun peut apporter son soutien en signant et en partageant la p\u00e9tition.<\/p>\n<p>Lien de la p\u00e9tition :<\/p>\n<p><a href=\"https:\/\/www.onparticipe.fr\/p\/spWsrheO\" target=\"_blank\" rel=\"noopener noreferrer\">https:\/\/www.onparticipe.fr\/p\/spWsrheO<\/a><\/p>\n<p><a href=\"https:\/\/vosgesinfo.fr\/app\/uploads\/sites\/5\/2026\/03\/fermeture-dune-classe-a-lecole-du-centre-le-syndicat-2.jpeg\"><img decoding=\"async\" class=\"aligncenter size-large wp-image-89604\" src=\"https:\/\/vosgesinfo.fr\/app\/uploads\/sites\/5\/2026\/03\/fermeture-dune-classe-a-lecole-du-centre-le-syndicat-2-1024x768.jpeg\" alt=\"\" width=\"1024\" height=\"768\" srcset=\"https:\/\/vosgesinfo.fr\/app\/uploads\/sites\/5\/2026\/03\/fermeture-dune-classe-a-lecole-du-centre-le-syndicat-2-1024x768.jpeg 1024w, https:\/\/vosgesinfo.fr\/app\/uploads\/sites\/5\/2026\/03\/fermeture-dune-classe-a-lecole-du-centre-le-syndicat-2-300x225.jpeg 300w, https:\/\/vosgesinfo.fr\/app\/uploads\/sites\/5\/2026\/03\/fermeture-dune-classe-a-lecole-du-centre-le-syndicat-2-768x576.jpeg 768w, https:\/\/vosgesinfo.fr\/app\/uploads\/sites\/5\/2026\/03\/fermeture-dune-classe-a-lecole-du-centre-le-syndicat-2.jpeg 1440w\" sizes=\"(max-width: 1024px) 100vw, 1024px\" \/><\/a><\/p>\n","protected":false},"excerpt":{"rendered":"<p>Au Syndicat, la mobilisation s&rsquo;organise face \u00e0 la possible fermeture d&rsquo;une classe \u00e0 l&rsquo;\u00e9cole du Centre \u00e0 la rentr\u00e9e de [&hellip;]<\/p>\n","protected":false},"author":391,"featured_media":89606,"comment_status":"open","ping_status":"open","sticky":false,"template":"","format":"standard","meta":{"footnotes":""},"categories":[26,6,43],"tags":[1205],"class_list":["post-89602","post","type-post","status-publish","format-standard","has-post-thumbnail","hentry","category-a-la-une","category-education","category-remiremont-remiremont-son-canton","tag-le-syndicat"],"acf":[],"yoast_head":"<!-- This site is optimized with the Yoast SEO plugin v22.5 - https:\/\/yoast.com\/wordpress\/plugins\/seo\/ -->\n<title>Le Syndicat : des parents mobilis\u00e9s contre la possible fermeture d&#039;une classe \u00e0 l&#039;\u00e9cole du Centre - Remiremont Info<\/title>\n<meta name=\"robots\" content=\"index, follow, max-snippet:-1, max-image-preview:large, max-video-preview:-1\" \/>\n<link rel=\"canonical\" href=\"https:\/\/vosgesinfo.fr\/remiremontinfo\/2026\/03\/le-syndicat-des-parents-mobilises-contre-la-possible-fermeture-dune-classe-a-lecole-du-centre\/\" \/>\n<meta name=\"twitter:card\" content=\"summary_large_image\" \/>\n<meta name=\"twitter:title\" content=\"Le Syndicat : des parents mobilis\u00e9s contre la possible fermeture d&#039;une classe \u00e0 l&#039;\u00e9cole du Centre - Remiremont Info\" \/>\n<meta name=\"twitter:description\" content=\"Au Syndicat, la mobilisation s&rsquo;organise face \u00e0 la possible fermeture d&rsquo;une classe \u00e0 l&rsquo;\u00e9cole du Centre \u00e0 la rentr\u00e9e de [&hellip;]\" \/>\n<meta name=\"twitter:image\" content=\"https:\/\/vosgesinfo.fr\/app\/uploads\/sites\/5\/2026\/03\/fermeture-dune-classe-a-lecole-du-centre-le-syndicat-4.jpeg\" \/>\n<meta name=\"twitter:creator\" content=\"@VosgesInfo88\" \/>\n<meta name=\"twitter:site\" content=\"@VosgesInfo88\" \/>\n<meta name=\"twitter:label1\" content=\"\u00c9crit par\" \/>\n\t<meta name=\"twitter:data1\" content=\"La redaction\" \/>\n\t<meta name=\"twitter:label2\" content=\"Dur\u00e9e de lecture estim\u00e9e\" \/>\n\t<meta name=\"twitter:data2\" content=\"3 minutes\" \/>\n<script type=\"application\/ld+json\" class=\"yoast-schema-graph\">{\"@context\":\"https:\/\/schema.org\",\"@graph\":[{\"@type\":\"Article\",\"@id\":\"https:\/\/vosgesinfo.fr\/remiremontinfo\/2026\/03\/le-syndicat-des-parents-mobilises-contre-la-possible-fermeture-dune-classe-a-lecole-du-centre\/#article\",\"isPartOf\":{\"@id\":\"https:\/\/vosgesinfo.fr\/remiremontinfo\/2026\/03\/le-syndicat-des-parents-mobilises-contre-la-possible-fermeture-dune-classe-a-lecole-du-centre\/\"},\"author\":{\"name\":\"La redaction\",\"@id\":\"https:\/\/vosgesinfo.fr\/remiremontinfo\/#\/schema\/person\/27a3695b06db98895b354c0765cdfc31\"},\"headline\":\"Le Syndicat : des parents mobilis\u00e9s contre la possible fermeture d&rsquo;une classe \u00e0 l&rsquo;\u00e9cole du Centre\",\"datePublished\":\"2026-03-11T14:08:33+00:00\",\"dateModified\":\"2026-03-11T14:08:55+00:00\",\"mainEntityOfPage\":{\"@id\":\"https:\/\/vosgesinfo.fr\/remiremontinfo\/2026\/03\/le-syndicat-des-parents-mobilises-contre-la-possible-fermeture-dune-classe-a-lecole-du-centre\/\"},\"wordCount\":411,\"commentCount\":0,\"publisher\":{\"@id\":\"https:\/\/vosgesinfo.fr\/remiremontinfo\/#organization\"},\"image\":{\"@id\":\"https:\/\/vosgesinfo.fr\/remiremontinfo\/2026\/03\/le-syndicat-des-parents-mobilises-contre-la-possible-fermeture-dune-classe-a-lecole-du-centre\/#primaryimage\"},\"thumbnailUrl\":\"https:\/\/vosgesinfo.fr\/app\/uploads\/sites\/5\/2026\/03\/fermeture-dune-classe-a-lecole-du-centre-le-syndicat-4.jpeg\",\"keywords\":[\"Le Syndicat\"],\"articleSection\":[\"A la Une\",\"\u00c9ducation\",\"Remiremont\"],\"inLanguage\":\"fr-FR\",\"potentialAction\":[{\"@type\":\"CommentAction\",\"name\":\"Comment\",\"target\":[\"https:\/\/vosgesinfo.fr\/remiremontinfo\/2026\/03\/le-syndicat-des-parents-mobilises-contre-la-possible-fermeture-dune-classe-a-lecole-du-centre\/#respond\"]}]},{\"@type\":\"WebPage\",\"@id\":\"https:\/\/vosgesinfo.fr\/remiremontinfo\/2026\/03\/le-syndicat-des-parents-mobilises-contre-la-possible-fermeture-dune-classe-a-lecole-du-centre\/\",\"url\":\"https:\/\/vosgesinfo.fr\/remiremontinfo\/2026\/03\/le-syndicat-des-parents-mobilises-contre-la-possible-fermeture-dune-classe-a-lecole-du-centre\/\",\"name\":\"Le Syndicat : des parents mobilis\u00e9s contre la possible fermeture d'une classe \u00e0 l'\u00e9cole du Centre - Remiremont Info\",\"isPartOf\":{\"@id\":\"https:\/\/vosgesinfo.fr\/remiremontinfo\/#website\"},\"primaryImageOfPage\":{\"@id\":\"https:\/\/vosgesinfo.fr\/remiremontinfo\/2026\/03\/le-syndicat-des-parents-mobilises-contre-la-possible-fermeture-dune-classe-a-lecole-du-centre\/#primaryimage\"},\"image\":{\"@id\":\"https:\/\/vosgesinfo.fr\/remiremontinfo\/2026\/03\/le-syndicat-des-parents-mobilises-contre-la-possible-fermeture-dune-classe-a-lecole-du-centre\/#primaryimage\"},\"thumbnailUrl\":\"https:\/\/vosgesinfo.fr\/app\/uploads\/sites\/5\/2026\/03\/fermeture-dune-classe-a-lecole-du-centre-le-syndicat-4.jpeg\",\"datePublished\":\"2026-03-11T14:08:33+00:00\",\"dateModified\":\"2026-03-11T14:08:55+00:00\",\"breadcrumb\":{\"@id\":\"https:\/\/vosgesinfo.fr\/remiremontinfo\/2026\/03\/le-syndicat-des-parents-mobilises-contre-la-possible-fermeture-dune-classe-a-lecole-du-centre\/#breadcrumb\"},\"inLanguage\":\"fr-FR\",\"potentialAction\":[{\"@type\":\"ReadAction\",\"target\":[\"https:\/\/vosgesinfo.fr\/remiremontinfo\/2026\/03\/le-syndicat-des-parents-mobilises-contre-la-possible-fermeture-dune-classe-a-lecole-du-centre\/\"]}]},{\"@type\":\"ImageObject\",\"inLanguage\":\"fr-FR\",\"@id\":\"https:\/\/vosgesinfo.fr\/remiremontinfo\/2026\/03\/le-syndicat-des-parents-mobilises-contre-la-possible-fermeture-dune-classe-a-lecole-du-centre\/#primaryimage\",\"url\":\"https:\/\/vosgesinfo.fr\/app\/uploads\/sites\/5\/2026\/03\/fermeture-dune-classe-a-lecole-du-centre-le-syndicat-4.jpeg\",\"contentUrl\":\"https:\/\/vosgesinfo.fr\/app\/uploads\/sites\/5\/2026\/03\/fermeture-dune-classe-a-lecole-du-centre-le-syndicat-4.jpeg\",\"width\":810,\"height\":1080},{\"@type\":\"BreadcrumbList\",\"@id\":\"https:\/\/vosgesinfo.fr\/remiremontinfo\/2026\/03\/le-syndicat-des-parents-mobilises-contre-la-possible-fermeture-dune-classe-a-lecole-du-centre\/#breadcrumb\",\"itemListElement\":[{\"@type\":\"ListItem\",\"position\":1,\"name\":\"Home\",\"item\":\"https:\/\/vosgesinfo.fr\/remiremontinfo\/\"},{\"@type\":\"ListItem\",\"position\":2,\"name\":\"Le Syndicat : des parents mobilis\u00e9s contre la possible fermeture d&#8217;une classe \u00e0 l&#8217;\u00e9cole du Centre\"}]},{\"@type\":\"WebSite\",\"@id\":\"https:\/\/vosgesinfo.fr\/remiremontinfo\/#website\",\"url\":\"https:\/\/vosgesinfo.fr\/remiremontinfo\/\",\"name\":\"Remiremont Info\",\"description\":\"Toute l&#039;actualit\u00e9 de Remiremont\",\"publisher\":{\"@id\":\"https:\/\/vosgesinfo.fr\/remiremontinfo\/#organization\"},\"alternateName\":\"Toute l'actualit\u00e9 de Remiremont\",\"potentialAction\":[{\"@type\":\"SearchAction\",\"target\":{\"@type\":\"EntryPoint\",\"urlTemplate\":\"https:\/\/vosgesinfo.fr\/remiremontinfo\/?s={search_term_string}\"},\"query-input\":\"required name=search_term_string\"}],\"inLanguage\":\"fr-FR\"},{\"@type\":\"Organization\",\"@id\":\"https:\/\/vosgesinfo.fr\/remiremontinfo\/#organization\",\"name\":\"Remiremont Info\",\"url\":\"https:\/\/vosgesinfo.fr\/remiremontinfo\/\",\"logo\":{\"@type\":\"ImageObject\",\"inLanguage\":\"fr-FR\",\"@id\":\"https:\/\/vosgesinfo.fr\/remiremontinfo\/#\/schema\/logo\/image\/\",\"url\":\"https:\/\/vosgesinfo.fr\/app\/uploads\/sites\/5\/2023\/08\/favicon-remiremontinfo.png\",\"contentUrl\":\"https:\/\/vosgesinfo.fr\/app\/uploads\/sites\/5\/2023\/08\/favicon-remiremontinfo.png\",\"width\":512,\"height\":512,\"caption\":\"Remiremont Info\"},\"image\":{\"@id\":\"https:\/\/vosgesinfo.fr\/remiremontinfo\/#\/schema\/logo\/image\/\"},\"sameAs\":[\"https:\/\/www.facebook.com\/remiremontinfo\",\"https:\/\/x.com\/VosgesInfo88\",\"https:\/\/www.youtube.com\/@vosgesinfo\"]},{\"@type\":\"Person\",\"@id\":\"https:\/\/vosgesinfo.fr\/remiremontinfo\/#\/schema\/person\/27a3695b06db98895b354c0765cdfc31\",\"name\":\"La redaction\",\"image\":{\"@type\":\"ImageObject\",\"inLanguage\":\"fr-FR\",\"@id\":\"https:\/\/vosgesinfo.fr\/remiremontinfo\/#\/schema\/person\/image\/\",\"url\":\"https:\/\/secure.gravatar.com\/avatar\/64c76a78e501cedee55736f43f332df901e1896ae9cd8fad269ae2236dd0e8b6?s=96&d=mm&r=g\",\"contentUrl\":\"https:\/\/secure.gravatar.com\/avatar\/64c76a78e501cedee55736f43f332df901e1896ae9cd8fad269ae2236dd0e8b6?s=96&d=mm&r=g\",\"caption\":\"La redaction\"},\"url\":\"https:\/\/vosgesinfo.fr\/remiremontinfo\/author\/la-redaction\/\"}]}<\/script>\n<!-- \/ Yoast SEO plugin. -->","yoast_head_json":{"title":"Le Syndicat : des parents mobilis\u00e9s contre la possible fermeture d'une classe \u00e0 l'\u00e9cole du Centre - Remiremont Info","robots":{"index":"index","follow":"follow","max-snippet":"max-snippet:-1","max-image-preview":"max-image-preview:large","max-video-preview":"max-video-preview:-1"},"canonical":"https:\/\/vosgesinfo.fr\/remiremontinfo\/2026\/03\/le-syndicat-des-parents-mobilises-contre-la-possible-fermeture-dune-classe-a-lecole-du-centre\/","twitter_card":"summary_large_image","twitter_title":"Le Syndicat : des parents mobilis\u00e9s contre la possible fermeture d'une classe \u00e0 l'\u00e9cole du Centre - Remiremont Info","twitter_description":"Au Syndicat, la mobilisation s&rsquo;organise face \u00e0 la possible fermeture d&rsquo;une classe \u00e0 l&rsquo;\u00e9cole du Centre \u00e0 la rentr\u00e9e de [&hellip;]","twitter_image":"https:\/\/vosgesinfo.fr\/app\/uploads\/sites\/5\/2026\/03\/fermeture-dune-classe-a-lecole-du-centre-le-syndicat-4.jpeg","twitter_creator":"@VosgesInfo88","twitter_site":"@VosgesInfo88","twitter_misc":{"\u00c9crit par":"La redaction","Dur\u00e9e de lecture estim\u00e9e":"3 minutes"},"schema":{"@context":"https:\/\/schema.org","@graph":[{"@type":"Article","@id":"https:\/\/vosgesinfo.fr\/remiremontinfo\/2026\/03\/le-syndicat-des-parents-mobilises-contre-la-possible-fermeture-dune-classe-a-lecole-du-centre\/#article","isPartOf":{"@id":"https:\/\/vosgesinfo.fr\/remiremontinfo\/2026\/03\/le-syndicat-des-parents-mobilises-contre-la-possible-fermeture-dune-classe-a-lecole-du-centre\/"},"author":{"name":"La redaction","@id":"https:\/\/vosgesinfo.fr\/remiremontinfo\/#\/schema\/person\/27a3695b06db98895b354c0765cdfc31"},"headline":"Le Syndicat : des parents mobilis\u00e9s contre la possible fermeture d&rsquo;une classe \u00e0 l&rsquo;\u00e9cole du Centre","datePublished":"2026-03-11T14:08:33+00:00","dateModified":"2026-03-11T14:08:55+00:00","mainEntityOfPage":{"@id":"https:\/\/vosgesinfo.fr\/remiremontinfo\/2026\/03\/le-syndicat-des-parents-mobilises-contre-la-possible-fermeture-dune-classe-a-lecole-du-centre\/"},"wordCount":411,"commentCount":0,"publisher":{"@id":"https:\/\/vosgesinfo.fr\/remiremontinfo\/#organization"},"image":{"@id":"https:\/\/vosgesinfo.fr\/remiremontinfo\/2026\/03\/le-syndicat-des-parents-mobilises-contre-la-possible-fermeture-dune-classe-a-lecole-du-centre\/#primaryimage"},"thumbnailUrl":"https:\/\/vosgesinfo.fr\/app\/uploads\/sites\/5\/2026\/03\/fermeture-dune-classe-a-lecole-du-centre-le-syndicat-4.jpeg","keywords":["Le Syndicat"],"articleSection":["A la Une","\u00c9ducation","Remiremont"],"inLanguage":"fr-FR","potentialAction":[{"@type":"CommentAction","name":"Comment","target":["https:\/\/vosgesinfo.fr\/remiremontinfo\/2026\/03\/le-syndicat-des-parents-mobilises-contre-la-possible-fermeture-dune-classe-a-lecole-du-centre\/#respond"]}]},{"@type":"WebPage","@id":"https:\/\/vosgesinfo.fr\/remiremontinfo\/2026\/03\/le-syndicat-des-parents-mobilises-contre-la-possible-fermeture-dune-classe-a-lecole-du-centre\/","url":"https:\/\/vosgesinfo.fr\/remiremontinfo\/2026\/03\/le-syndicat-des-parents-mobilises-contre-la-possible-fermeture-dune-classe-a-lecole-du-centre\/","name":"Le Syndicat : des parents mobilis\u00e9s contre la possible fermeture d'une classe \u00e0 l'\u00e9cole du Centre - Remiremont Info","isPartOf":{"@id":"https:\/\/vosgesinfo.fr\/remiremontinfo\/#website"},"primaryImageOfPage":{"@id":"https:\/\/vosgesinfo.fr\/remiremontinfo\/2026\/03\/le-syndicat-des-parents-mobilises-contre-la-possible-fermeture-dune-classe-a-lecole-du-centre\/#primaryimage"},"image":{"@id":"https:\/\/vosgesinfo.fr\/remiremontinfo\/2026\/03\/le-syndicat-des-parents-mobilises-contre-la-possible-fermeture-dune-classe-a-lecole-du-centre\/#primaryimage"},"thumbnailUrl":"https:\/\/vosgesinfo.fr\/app\/uploads\/sites\/5\/2026\/03\/fermeture-dune-classe-a-lecole-du-centre-le-syndicat-4.jpeg","datePublished":"2026-03-11T14:08:33+00:00","dateModified":"2026-03-11T14:08:55+00:00","breadcrumb":{"@id":"https:\/\/vosgesinfo.fr\/remiremontinfo\/2026\/03\/le-syndicat-des-parents-mobilises-contre-la-possible-fermeture-dune-classe-a-lecole-du-centre\/#breadcrumb"},"inLanguage":"fr-FR","potentialAction":[{"@type":"ReadAction","target":["https:\/\/vosgesinfo.fr\/remiremontinfo\/2026\/03\/le-syndicat-des-parents-mobilises-contre-la-possible-fermeture-dune-classe-a-lecole-du-centre\/"]}]},{"@type":"ImageObject","inLanguage":"fr-FR","@id":"https:\/\/vosgesinfo.fr\/remiremontinfo\/2026\/03\/le-syndicat-des-parents-mobilises-contre-la-possible-fermeture-dune-classe-a-lecole-du-centre\/#primaryimage","url":"https:\/\/vosgesinfo.fr\/app\/uploads\/sites\/5\/2026\/03\/fermeture-dune-classe-a-lecole-du-centre-le-syndicat-4.jpeg","contentUrl":"https:\/\/vosgesinfo.fr\/app\/uploads\/sites\/5\/2026\/03\/fermeture-dune-classe-a-lecole-du-centre-le-syndicat-4.jpeg","width":810,"height":1080},{"@type":"BreadcrumbList","@id":"https:\/\/vosgesinfo.fr\/remiremontinfo\/2026\/03\/le-syndicat-des-parents-mobilises-contre-la-possible-fermeture-dune-classe-a-lecole-du-centre\/#breadcrumb","itemListElement":[{"@type":"ListItem","position":1,"name":"Home","item":"https:\/\/vosgesinfo.fr\/remiremontinfo\/"},{"@type":"ListItem","position":2,"name":"Le Syndicat : des parents mobilis\u00e9s contre la possible fermeture d&#8217;une classe \u00e0 l&#8217;\u00e9cole du Centre"}]},{"@type":"WebSite","@id":"https:\/\/vosgesinfo.fr\/remiremontinfo\/#website","url":"https:\/\/vosgesinfo.fr\/remiremontinfo\/","name":"Remiremont Info","description":"Toute l&#039;actualit\u00e9 de Remiremont","publisher":{"@id":"https:\/\/vosgesinfo.fr\/remiremontinfo\/#organization"},"alternateName":"Toute l'actualit\u00e9 de Remiremont","potentialAction":[{"@type":"SearchAction","target":{"@type":"EntryPoint","urlTemplate":"https:\/\/vosgesinfo.fr\/remiremontinfo\/?s={search_term_string}"},"query-input":"required name=search_term_string"}],"inLanguage":"fr-FR"},{"@type":"Organization","@id":"https:\/\/vosgesinfo.fr\/remiremontinfo\/#organization","name":"Remiremont Info","url":"https:\/\/vosgesinfo.fr\/remiremontinfo\/","logo":{"@type":"ImageObject","inLanguage":"fr-FR","@id":"https:\/\/vosgesinfo.fr\/remiremontinfo\/#\/schema\/logo\/image\/","url":"https:\/\/vosgesinfo.fr\/app\/uploads\/sites\/5\/2023\/08\/favicon-remiremontinfo.png","contentUrl":"https:\/\/vosgesinfo.fr\/app\/uploads\/sites\/5\/2023\/08\/favicon-remiremontinfo.png","width":512,"height":512,"caption":"Remiremont Info"},"image":{"@id":"https:\/\/vosgesinfo.fr\/remiremontinfo\/#\/schema\/logo\/image\/"},"sameAs":["https:\/\/www.facebook.com\/remiremontinfo","https:\/\/x.com\/VosgesInfo88","https:\/\/www.youtube.com\/@vosgesinfo"]},{"@type":"Person","@id":"https:\/\/vosgesinfo.fr\/remiremontinfo\/#\/schema\/person\/27a3695b06db98895b354c0765cdfc31","name":"La redaction","image":{"@type":"ImageObject","inLanguage":"fr-FR","@id":"https:\/\/vosgesinfo.fr\/remiremontinfo\/#\/schema\/person\/image\/","url":"https:\/\/secure.gravatar.com\/avatar\/64c76a78e501cedee55736f43f332df901e1896ae9cd8fad269ae2236dd0e8b6?s=96&d=mm&r=g","contentUrl":"https:\/\/secure.gravatar.com\/avatar\/64c76a78e501cedee55736f43f332df901e1896ae9cd8fad269ae2236dd0e8b6?s=96&d=mm&r=g","caption":"La redaction"},"url":"https:\/\/vosgesinfo.fr\/remiremontinfo\/author\/la-redaction\/"}]}},"_links":{"self":[{"href":"https:\/\/vosgesinfo.fr\/remiremontinfo\/wp-json\/wp\/v2\/posts\/89602","targetHints":{"allow":["GET"]}}],"collection":[{"href":"https:\/\/vosgesinfo.fr\/remiremontinfo\/wp-json\/wp\/v2\/posts"}],"about":[{"href":"https:\/\/vosgesinfo.fr\/remiremontinfo\/wp-json\/wp\/v2\/types\/post"}],"author":[{"embeddable":true,"href":"https:\/\/vosgesinfo.fr\/remiremontinfo\/wp-json\/wp\/v2\/users\/391"}],"replies":[{"embeddable":true,"href":"https:\/\/vosgesinfo.fr\/remiremontinfo\/wp-json\/wp\/v2\/comments?post=89602"}],"version-history":[{"count":1,"href":"https:\/\/vosgesinfo.fr\/remiremontinfo\/wp-json\/wp\/v2\/posts\/89602\/revisions"}],"predecessor-version":[{"id":89609,"href":"https:\/\/vosgesinfo.fr\/remiremontinfo\/wp-json\/wp\/v2\/posts\/89602\/revisions\/89609"}],"wp:featuredmedia":[{"embeddable":true,"href":"https:\/\/vosgesinfo.fr\/remiremontinfo\/wp-json\/wp\/v2\/media\/89606"}],"wp:attachment":[{"href":"https:\/\/vosgesinfo.fr\/remiremontinfo\/wp-json\/wp\/v2\/media?parent=89602"}],"wp:term":[{"taxonomy":"category","embeddable":true,"href":"https:\/\/vosgesinfo.fr\/remiremontinfo\/wp-json\/wp\/v2\/categories?post=89602"},{"taxonomy":"post_tag","embeddable":true,"href":"https:\/\/vosgesinfo.fr\/remiremontinfo\/wp-json\/wp\/v2\/tags?post=89602"}],"curies":[{"name":"wp","href":"https:\/\/api.w.org\/{rel}","templated":true}]}}