{"id":89631,"date":"2026-03-13T11:33:14","date_gmt":"2026-03-13T10:33:14","guid":{"rendered":"https:\/\/vosgesinfo.fr\/remiremontinfo\/?p=89631"},"modified":"2026-03-13T11:33:14","modified_gmt":"2026-03-13T10:33:14","slug":"une-boulangerie-vosgienne-sous-le-coup-dune-fermeture-administrative","status":"publish","type":"post","link":"https:\/\/vosgesinfo.fr\/remiremontinfo\/2026\/03\/une-boulangerie-vosgienne-sous-le-coup-dune-fermeture-administrative\/","title":{"rendered":"Une boulangerie vosgienne sous le coup d&rsquo;une fermeture administrative"},"content":{"rendered":"<div id=\"attachment_88945\" style=\"width: 1034px\" class=\"wp-caption alignnone\"><a href=\"https:\/\/vosgesinfo.fr\/app\/uploads\/sites\/4\/2026\/03\/vosges-fermeture-administrative-boulangerie-xertigny-6.jpg\"><img decoding=\"async\" aria-describedby=\"caption-attachment-88945\" class=\"size-large wp-image-88945\" src=\"https:\/\/vosgesinfo.fr\/app\/uploads\/sites\/4\/2026\/03\/vosges-fermeture-administrative-boulangerie-xertigny-6-1024x1024.jpg\" alt=\"\" width=\"1024\" height=\"1024\" \/><\/a><p id=\"caption-attachment-88945\" class=\"wp-caption-text\">(Photographies Pr\u00e9fecture des Vosges)<\/p><\/div>\n<h2>La <strong>Pr\u00e9fecture des Vosges<\/strong> a annonc\u00e9, <strong>ce vendredi matin<\/strong>, la <strong>fermeture administrative<\/strong> de la <strong>boulangerie du centre<\/strong>, situ\u00e9e rue du Commandant-Saint-Sernin \u00e0 <strong>Xertigny<\/strong>. La mesure a \u00e9t\u00e9 prise en raison de plusieurs manquements faisant appara\u00eetre un risque grave et imminent pour la sant\u00e9 publique.<\/h2>\n<p><!--more--><\/p>\n<h3><strong>Des conditions sanitaires jug\u00e9es insuffisantes<\/strong><\/h3>\n<p>Parmi les \u00e9l\u00e9ments relev\u00e9s figurent des <strong>locaux et des \u00e9quipements sales<\/strong>, <strong>couverts de moisissures<\/strong>, ainsi que la <strong>pr\u00e9sence de rongeurs et de d\u00e9jections<\/strong>. Des <strong>denr\u00e9es<\/strong> \u00e9taient aussi conserv\u00e9es dans des <strong>conditions inad\u00e9quates<\/strong>.<\/p>\n<h3><strong>Une r\u00e9ouverture conditionn\u00e9e \u00e0 une remise en conformit\u00e9<\/strong><\/h3>\n<p>La fermeture administrative restera en vigueur jusqu\u2019au constat, par les agents de la direction d\u00e9partementale de l\u2019emploi, du travail, des solidarit\u00e9s et de la protection des populations \u2013 <strong>DDETSPP 88<\/strong> \u2013, de la <strong>remise en conformit\u00e9<\/strong> de l\u2019\u00e9tablissement avec les <strong>r\u00e8gles de s\u00e9curit\u00e9 sanitaire des aliments<\/strong>.<\/p>\n\n\t\t<style type=\"text\/css\">\n\t\t\t#gallery-1 {\n\t\t\t\tmargin: auto;\n\t\t\t}\n\t\t\t#gallery-1 .gallery-item {\n\t\t\t\tfloat: left;\n\t\t\t\tmargin-top: 10px;\n\t\t\t\ttext-align: center;\n\t\t\t\twidth: 33%;\n\t\t\t}\n\t\t\t#gallery-1 img {\n\t\t\t\tborder: 2px solid #cfcfcf;\n\t\t\t}\n\t\t\t#gallery-1 .gallery-caption {\n\t\t\t\tmargin-left: 0;\n\t\t\t}\n\t\t\t\/* see gallery_shortcode() in wp-includes\/media.php *\/\n\t\t<\/style>\n\t\t<div id='gallery-1' class='gallery galleryid-89631 gallery-columns-3 gallery-size-thumbnail'><dl class='gallery-item'>\n\t\t\t<dt class='gallery-icon landscape'>\n\t\t\t\t<a href='https:\/\/vosgesinfo.fr\/app\/uploads\/sites\/5\/2026\/03\/vosges-fermeture-administrative-boulangerie-xertigny-1.jpg'><img decoding=\"async\" width=\"150\" height=\"150\" src=\"https:\/\/vosgesinfo.fr\/app\/uploads\/sites\/5\/2026\/03\/vosges-fermeture-administrative-boulangerie-xertigny-1-150x150.jpg\" class=\"attachment-thumbnail size-thumbnail\" alt=\"\" srcset=\"https:\/\/vosgesinfo.fr\/app\/uploads\/sites\/5\/2026\/03\/vosges-fermeture-administrative-boulangerie-xertigny-1-150x150.jpg 150w, https:\/\/vosgesinfo.fr\/app\/uploads\/sites\/5\/2026\/03\/vosges-fermeture-administrative-boulangerie-xertigny-1-300x300.jpg 300w, https:\/\/vosgesinfo.fr\/app\/uploads\/sites\/5\/2026\/03\/vosges-fermeture-administrative-boulangerie-xertigny-1-1024x1024.jpg 1024w, https:\/\/vosgesinfo.fr\/app\/uploads\/sites\/5\/2026\/03\/vosges-fermeture-administrative-boulangerie-xertigny-1-768x768.jpg 768w, https:\/\/vosgesinfo.fr\/app\/uploads\/sites\/5\/2026\/03\/vosges-fermeture-administrative-boulangerie-xertigny-1.jpg 1080w\" sizes=\"(max-width: 150px) 100vw, 150px\" \/><\/a>\n\t\t\t<\/dt><\/dl><dl class='gallery-item'>\n\t\t\t<dt class='gallery-icon landscape'>\n\t\t\t\t<a href='https:\/\/vosgesinfo.fr\/app\/uploads\/sites\/5\/2026\/03\/vosges-fermeture-administrative-boulangerie-xertigny-2.jpg'><img decoding=\"async\" width=\"150\" height=\"150\" src=\"https:\/\/vosgesinfo.fr\/app\/uploads\/sites\/5\/2026\/03\/vosges-fermeture-administrative-boulangerie-xertigny-2-150x150.jpg\" class=\"attachment-thumbnail size-thumbnail\" alt=\"\" srcset=\"https:\/\/vosgesinfo.fr\/app\/uploads\/sites\/5\/2026\/03\/vosges-fermeture-administrative-boulangerie-xertigny-2-150x150.jpg 150w, https:\/\/vosgesinfo.fr\/app\/uploads\/sites\/5\/2026\/03\/vosges-fermeture-administrative-boulangerie-xertigny-2-300x300.jpg 300w, https:\/\/vosgesinfo.fr\/app\/uploads\/sites\/5\/2026\/03\/vosges-fermeture-administrative-boulangerie-xertigny-2-1024x1024.jpg 1024w, https:\/\/vosgesinfo.fr\/app\/uploads\/sites\/5\/2026\/03\/vosges-fermeture-administrative-boulangerie-xertigny-2-768x768.jpg 768w, https:\/\/vosgesinfo.fr\/app\/uploads\/sites\/5\/2026\/03\/vosges-fermeture-administrative-boulangerie-xertigny-2.jpg 1080w\" sizes=\"(max-width: 150px) 100vw, 150px\" \/><\/a>\n\t\t\t<\/dt><\/dl><dl class='gallery-item'>\n\t\t\t<dt class='gallery-icon landscape'>\n\t\t\t\t<a href='https:\/\/vosgesinfo.fr\/app\/uploads\/sites\/5\/2026\/03\/vosges-fermeture-administrative-boulangerie-xertigny-3.jpg'><img decoding=\"async\" width=\"150\" height=\"150\" src=\"https:\/\/vosgesinfo.fr\/app\/uploads\/sites\/5\/2026\/03\/vosges-fermeture-administrative-boulangerie-xertigny-3-150x150.jpg\" class=\"attachment-thumbnail size-thumbnail\" alt=\"\" srcset=\"https:\/\/vosgesinfo.fr\/app\/uploads\/sites\/5\/2026\/03\/vosges-fermeture-administrative-boulangerie-xertigny-3-150x150.jpg 150w, https:\/\/vosgesinfo.fr\/app\/uploads\/sites\/5\/2026\/03\/vosges-fermeture-administrative-boulangerie-xertigny-3-300x300.jpg 300w, https:\/\/vosgesinfo.fr\/app\/uploads\/sites\/5\/2026\/03\/vosges-fermeture-administrative-boulangerie-xertigny-3-1024x1024.jpg 1024w, https:\/\/vosgesinfo.fr\/app\/uploads\/sites\/5\/2026\/03\/vosges-fermeture-administrative-boulangerie-xertigny-3-768x768.jpg 768w, https:\/\/vosgesinfo.fr\/app\/uploads\/sites\/5\/2026\/03\/vosges-fermeture-administrative-boulangerie-xertigny-3.jpg 1080w\" sizes=\"(max-width: 150px) 100vw, 150px\" \/><\/a>\n\t\t\t<\/dt><\/dl><br style=\"clear: both\" \/><dl class='gallery-item'>\n\t\t\t<dt class='gallery-icon landscape'>\n\t\t\t\t<a href='https:\/\/vosgesinfo.fr\/app\/uploads\/sites\/5\/2026\/03\/vosges-fermeture-administrative-boulangerie-xertigny-4.jpg'><img decoding=\"async\" width=\"150\" height=\"150\" src=\"https:\/\/vosgesinfo.fr\/app\/uploads\/sites\/5\/2026\/03\/vosges-fermeture-administrative-boulangerie-xertigny-4-150x150.jpg\" class=\"attachment-thumbnail size-thumbnail\" alt=\"\" srcset=\"https:\/\/vosgesinfo.fr\/app\/uploads\/sites\/5\/2026\/03\/vosges-fermeture-administrative-boulangerie-xertigny-4-150x150.jpg 150w, https:\/\/vosgesinfo.fr\/app\/uploads\/sites\/5\/2026\/03\/vosges-fermeture-administrative-boulangerie-xertigny-4-300x300.jpg 300w, https:\/\/vosgesinfo.fr\/app\/uploads\/sites\/5\/2026\/03\/vosges-fermeture-administrative-boulangerie-xertigny-4-1024x1024.jpg 1024w, https:\/\/vosgesinfo.fr\/app\/uploads\/sites\/5\/2026\/03\/vosges-fermeture-administrative-boulangerie-xertigny-4-768x768.jpg 768w, https:\/\/vosgesinfo.fr\/app\/uploads\/sites\/5\/2026\/03\/vosges-fermeture-administrative-boulangerie-xertigny-4.jpg 1080w\" sizes=\"(max-width: 150px) 100vw, 150px\" \/><\/a>\n\t\t\t<\/dt><\/dl><dl class='gallery-item'>\n\t\t\t<dt class='gallery-icon landscape'>\n\t\t\t\t<a href='https:\/\/vosgesinfo.fr\/app\/uploads\/sites\/5\/2026\/03\/vosges-fermeture-administrative-boulangerie-xertigny-5.jpg'><img decoding=\"async\" width=\"150\" height=\"150\" src=\"https:\/\/vosgesinfo.fr\/app\/uploads\/sites\/5\/2026\/03\/vosges-fermeture-administrative-boulangerie-xertigny-5-150x150.jpg\" class=\"attachment-thumbnail size-thumbnail\" alt=\"\" srcset=\"https:\/\/vosgesinfo.fr\/app\/uploads\/sites\/5\/2026\/03\/vosges-fermeture-administrative-boulangerie-xertigny-5-150x150.jpg 150w, https:\/\/vosgesinfo.fr\/app\/uploads\/sites\/5\/2026\/03\/vosges-fermeture-administrative-boulangerie-xertigny-5-300x300.jpg 300w, https:\/\/vosgesinfo.fr\/app\/uploads\/sites\/5\/2026\/03\/vosges-fermeture-administrative-boulangerie-xertigny-5-1024x1024.jpg 1024w, https:\/\/vosgesinfo.fr\/app\/uploads\/sites\/5\/2026\/03\/vosges-fermeture-administrative-boulangerie-xertigny-5-768x768.jpg 768w, https:\/\/vosgesinfo.fr\/app\/uploads\/sites\/5\/2026\/03\/vosges-fermeture-administrative-boulangerie-xertigny-5.jpg 1080w\" sizes=\"(max-width: 150px) 100vw, 150px\" \/><\/a>\n\t\t\t<\/dt><\/dl>\n\t\t\t<br style='clear: both' \/>\n\t\t<\/div>\n\n","protected":false},"excerpt":{"rendered":"<p>La Pr\u00e9fecture des Vosges a annonc\u00e9, ce vendredi matin, la fermeture administrative de la boulangerie du centre, situ\u00e9e rue du [&hellip;]<\/p>\n","protected":false},"author":46,"featured_media":89632,"comment_status":"open","ping_status":"open","sticky":false,"template":"","format":"standard","meta":{"footnotes":""},"categories":[26,108,6375,62,845,43],"tags":[9009,9010,4639,2523,9011,9012,9013,268],"class_list":["post-89631","post","type-post","status-publish","format-standard","has-post-thumbnail","hentry","category-a-la-une","category-epinal","category-fait-divers","category-gerardmer","category-la-plaine-des-vosges","category-remiremont-remiremont-son-canton","tag-boulangerie-du-centre","tag-ddetspp-88","tag-fermeture-administrative","tag-prefecture-des-vosges","tag-rue-du-commandant-saint-sernin","tag-sante-publique","tag-securite-sanitaire-des-aliments","tag-xertigny"],"acf":[],"yoast_head":"<!-- This site is optimized with the Yoast SEO plugin v22.5 - https:\/\/yoast.com\/wordpress\/plugins\/seo\/ -->\n<title>Une boulangerie vosgienne sous le coup d&#039;une fermeture administrative - Remiremont Info<\/title>\n<meta name=\"robots\" content=\"index, follow, max-snippet:-1, max-image-preview:large, max-video-preview:-1\" \/>\n<link rel=\"canonical\" href=\"https:\/\/vosgesinfo.fr\/remiremontinfo\/2026\/03\/une-boulangerie-vosgienne-sous-le-coup-dune-fermeture-administrative\/\" \/>\n<meta name=\"twitter:card\" content=\"summary_large_image\" \/>\n<meta name=\"twitter:title\" content=\"Une boulangerie vosgienne sous le coup d&#039;une fermeture administrative - Remiremont Info\" \/>\n<meta name=\"twitter:description\" content=\"La Pr\u00e9fecture des Vosges a annonc\u00e9, ce vendredi matin, la fermeture administrative de la boulangerie du centre, situ\u00e9e rue du [&hellip;]\" \/>\n<meta name=\"twitter:image\" content=\"https:\/\/vosgesinfo.fr\/app\/uploads\/sites\/5\/2026\/03\/vosges-fermeture-administrative-boulangerie-xertigny-6.jpg\" \/>\n<meta name=\"twitter:creator\" content=\"@VosgesInfo88\" \/>\n<meta name=\"twitter:site\" content=\"@VosgesInfo88\" \/>\n<meta name=\"twitter:label1\" content=\"\u00c9crit par\" \/>\n\t<meta name=\"twitter:data1\" content=\"J.J.\" \/>\n\t<meta name=\"twitter:label2\" content=\"Dur\u00e9e de lecture estim\u00e9e\" \/>\n\t<meta name=\"twitter:data2\" content=\"1 minute\" \/>\n<script type=\"application\/ld+json\" class=\"yoast-schema-graph\">{\"@context\":\"https:\/\/schema.org\",\"@graph\":[{\"@type\":\"Article\",\"@id\":\"https:\/\/vosgesinfo.fr\/remiremontinfo\/2026\/03\/une-boulangerie-vosgienne-sous-le-coup-dune-fermeture-administrative\/#article\",\"isPartOf\":{\"@id\":\"https:\/\/vosgesinfo.fr\/remiremontinfo\/2026\/03\/une-boulangerie-vosgienne-sous-le-coup-dune-fermeture-administrative\/\"},\"author\":{\"name\":\"J.J.\",\"@id\":\"https:\/\/vosgesinfo.fr\/remiremontinfo\/#\/schema\/person\/fa73e9f726d67bb88f46d5b7943cb572\"},\"headline\":\"Une boulangerie vosgienne sous le coup d&rsquo;une fermeture administrative\",\"datePublished\":\"2026-03-13T10:33:14+00:00\",\"dateModified\":\"2026-03-13T10:33:14+00:00\",\"mainEntityOfPage\":{\"@id\":\"https:\/\/vosgesinfo.fr\/remiremontinfo\/2026\/03\/une-boulangerie-vosgienne-sous-le-coup-dune-fermeture-administrative\/\"},\"wordCount\":176,\"commentCount\":0,\"publisher\":{\"@id\":\"https:\/\/vosgesinfo.fr\/remiremontinfo\/#organization\"},\"image\":{\"@id\":\"https:\/\/vosgesinfo.fr\/remiremontinfo\/2026\/03\/une-boulangerie-vosgienne-sous-le-coup-dune-fermeture-administrative\/#primaryimage\"},\"thumbnailUrl\":\"https:\/\/vosgesinfo.fr\/app\/uploads\/sites\/5\/2026\/03\/vosges-fermeture-administrative-boulangerie-xertigny-6.jpg\",\"keywords\":[\"boulangerie du centre\",\"DDETSPP 88\",\"fermeture administrative\",\"pr\u00e9fecture des Vosges\",\"rue du Commandant-Saint-Sernin\",\"sant\u00e9 publique\",\"s\u00e9curit\u00e9 sanitaire des aliments\",\"Xertigny\"],\"articleSection\":[\"A la Une\",\"Epinal\",\"Fait Divers\",\"G\u00e9rardmer\",\"La plaine des vosges\",\"Remiremont\"],\"inLanguage\":\"fr-FR\",\"potentialAction\":[{\"@type\":\"CommentAction\",\"name\":\"Comment\",\"target\":[\"https:\/\/vosgesinfo.fr\/remiremontinfo\/2026\/03\/une-boulangerie-vosgienne-sous-le-coup-dune-fermeture-administrative\/#respond\"]}]},{\"@type\":\"WebPage\",\"@id\":\"https:\/\/vosgesinfo.fr\/remiremontinfo\/2026\/03\/une-boulangerie-vosgienne-sous-le-coup-dune-fermeture-administrative\/\",\"url\":\"https:\/\/vosgesinfo.fr\/remiremontinfo\/2026\/03\/une-boulangerie-vosgienne-sous-le-coup-dune-fermeture-administrative\/\",\"name\":\"Une boulangerie vosgienne sous le coup d'une fermeture administrative - Remiremont Info\",\"isPartOf\":{\"@id\":\"https:\/\/vosgesinfo.fr\/remiremontinfo\/#website\"},\"primaryImageOfPage\":{\"@id\":\"https:\/\/vosgesinfo.fr\/remiremontinfo\/2026\/03\/une-boulangerie-vosgienne-sous-le-coup-dune-fermeture-administrative\/#primaryimage\"},\"image\":{\"@id\":\"https:\/\/vosgesinfo.fr\/remiremontinfo\/2026\/03\/une-boulangerie-vosgienne-sous-le-coup-dune-fermeture-administrative\/#primaryimage\"},\"thumbnailUrl\":\"https:\/\/vosgesinfo.fr\/app\/uploads\/sites\/5\/2026\/03\/vosges-fermeture-administrative-boulangerie-xertigny-6.jpg\",\"datePublished\":\"2026-03-13T10:33:14+00:00\",\"dateModified\":\"2026-03-13T10:33:14+00:00\",\"breadcrumb\":{\"@id\":\"https:\/\/vosgesinfo.fr\/remiremontinfo\/2026\/03\/une-boulangerie-vosgienne-sous-le-coup-dune-fermeture-administrative\/#breadcrumb\"},\"inLanguage\":\"fr-FR\",\"potentialAction\":[{\"@type\":\"ReadAction\",\"target\":[\"https:\/\/vosgesinfo.fr\/remiremontinfo\/2026\/03\/une-boulangerie-vosgienne-sous-le-coup-dune-fermeture-administrative\/\"]}]},{\"@type\":\"ImageObject\",\"inLanguage\":\"fr-FR\",\"@id\":\"https:\/\/vosgesinfo.fr\/remiremontinfo\/2026\/03\/une-boulangerie-vosgienne-sous-le-coup-dune-fermeture-administrative\/#primaryimage\",\"url\":\"https:\/\/vosgesinfo.fr\/app\/uploads\/sites\/5\/2026\/03\/vosges-fermeture-administrative-boulangerie-xertigny-6.jpg\",\"contentUrl\":\"https:\/\/vosgesinfo.fr\/app\/uploads\/sites\/5\/2026\/03\/vosges-fermeture-administrative-boulangerie-xertigny-6.jpg\",\"width\":1080,\"height\":1080},{\"@type\":\"BreadcrumbList\",\"@id\":\"https:\/\/vosgesinfo.fr\/remiremontinfo\/2026\/03\/une-boulangerie-vosgienne-sous-le-coup-dune-fermeture-administrative\/#breadcrumb\",\"itemListElement\":[{\"@type\":\"ListItem\",\"position\":1,\"name\":\"Home\",\"item\":\"https:\/\/vosgesinfo.fr\/remiremontinfo\/\"},{\"@type\":\"ListItem\",\"position\":2,\"name\":\"Une boulangerie vosgienne sous le coup d&rsquo;une fermeture administrative\"}]},{\"@type\":\"WebSite\",\"@id\":\"https:\/\/vosgesinfo.fr\/remiremontinfo\/#website\",\"url\":\"https:\/\/vosgesinfo.fr\/remiremontinfo\/\",\"name\":\"Remiremont Info\",\"description\":\"Toute l&#039;actualit\u00e9 de Remiremont\",\"publisher\":{\"@id\":\"https:\/\/vosgesinfo.fr\/remiremontinfo\/#organization\"},\"alternateName\":\"Toute l'actualit\u00e9 de Remiremont\",\"potentialAction\":[{\"@type\":\"SearchAction\",\"target\":{\"@type\":\"EntryPoint\",\"urlTemplate\":\"https:\/\/vosgesinfo.fr\/remiremontinfo\/?s={search_term_string}\"},\"query-input\":\"required name=search_term_string\"}],\"inLanguage\":\"fr-FR\"},{\"@type\":\"Organization\",\"@id\":\"https:\/\/vosgesinfo.fr\/remiremontinfo\/#organization\",\"name\":\"Remiremont Info\",\"url\":\"https:\/\/vosgesinfo.fr\/remiremontinfo\/\",\"logo\":{\"@type\":\"ImageObject\",\"inLanguage\":\"fr-FR\",\"@id\":\"https:\/\/vosgesinfo.fr\/remiremontinfo\/#\/schema\/logo\/image\/\",\"url\":\"https:\/\/vosgesinfo.fr\/app\/uploads\/sites\/5\/2023\/08\/favicon-remiremontinfo.png\",\"contentUrl\":\"https:\/\/vosgesinfo.fr\/app\/uploads\/sites\/5\/2023\/08\/favicon-remiremontinfo.png\",\"width\":512,\"height\":512,\"caption\":\"Remiremont Info\"},\"image\":{\"@id\":\"https:\/\/vosgesinfo.fr\/remiremontinfo\/#\/schema\/logo\/image\/\"},\"sameAs\":[\"https:\/\/www.facebook.com\/remiremontinfo\",\"https:\/\/x.com\/VosgesInfo88\",\"https:\/\/www.youtube.com\/@vosgesinfo\"]},{\"@type\":\"Person\",\"@id\":\"https:\/\/vosgesinfo.fr\/remiremontinfo\/#\/schema\/person\/fa73e9f726d67bb88f46d5b7943cb572\",\"name\":\"J.J.\",\"image\":{\"@type\":\"ImageObject\",\"inLanguage\":\"fr-FR\",\"@id\":\"https:\/\/vosgesinfo.fr\/remiremontinfo\/#\/schema\/person\/image\/\",\"url\":\"https:\/\/secure.gravatar.com\/avatar\/219e749e47ffbcca018a360ae4add7d4cdf1cdaaf8bc7676b27efade3fe65615?s=96&d=mm&r=g\",\"contentUrl\":\"https:\/\/secure.gravatar.com\/avatar\/219e749e47ffbcca018a360ae4add7d4cdf1cdaaf8bc7676b27efade3fe65615?s=96&d=mm&r=g\",\"caption\":\"J.J.\"},\"url\":\"https:\/\/vosgesinfo.fr\/remiremontinfo\/author\/j-j\/\"}]}<\/script>\n<!-- \/ Yoast SEO plugin. -->","yoast_head_json":{"title":"Une boulangerie vosgienne sous le coup d'une fermeture administrative - Remiremont Info","robots":{"index":"index","follow":"follow","max-snippet":"max-snippet:-1","max-image-preview":"max-image-preview:large","max-video-preview":"max-video-preview:-1"},"canonical":"https:\/\/vosgesinfo.fr\/remiremontinfo\/2026\/03\/une-boulangerie-vosgienne-sous-le-coup-dune-fermeture-administrative\/","twitter_card":"summary_large_image","twitter_title":"Une boulangerie vosgienne sous le coup d'une fermeture administrative - Remiremont Info","twitter_description":"La Pr\u00e9fecture des Vosges a annonc\u00e9, ce vendredi matin, la fermeture administrative de la boulangerie du centre, situ\u00e9e rue du [&hellip;]","twitter_image":"https:\/\/vosgesinfo.fr\/app\/uploads\/sites\/5\/2026\/03\/vosges-fermeture-administrative-boulangerie-xertigny-6.jpg","twitter_creator":"@VosgesInfo88","twitter_site":"@VosgesInfo88","twitter_misc":{"\u00c9crit par":"J.J.","Dur\u00e9e de lecture estim\u00e9e":"1 minute"},"schema":{"@context":"https:\/\/schema.org","@graph":[{"@type":"Article","@id":"https:\/\/vosgesinfo.fr\/remiremontinfo\/2026\/03\/une-boulangerie-vosgienne-sous-le-coup-dune-fermeture-administrative\/#article","isPartOf":{"@id":"https:\/\/vosgesinfo.fr\/remiremontinfo\/2026\/03\/une-boulangerie-vosgienne-sous-le-coup-dune-fermeture-administrative\/"},"author":{"name":"J.J.","@id":"https:\/\/vosgesinfo.fr\/remiremontinfo\/#\/schema\/person\/fa73e9f726d67bb88f46d5b7943cb572"},"headline":"Une boulangerie vosgienne sous le coup d&rsquo;une fermeture administrative","datePublished":"2026-03-13T10:33:14+00:00","dateModified":"2026-03-13T10:33:14+00:00","mainEntityOfPage":{"@id":"https:\/\/vosgesinfo.fr\/remiremontinfo\/2026\/03\/une-boulangerie-vosgienne-sous-le-coup-dune-fermeture-administrative\/"},"wordCount":176,"commentCount":0,"publisher":{"@id":"https:\/\/vosgesinfo.fr\/remiremontinfo\/#organization"},"image":{"@id":"https:\/\/vosgesinfo.fr\/remiremontinfo\/2026\/03\/une-boulangerie-vosgienne-sous-le-coup-dune-fermeture-administrative\/#primaryimage"},"thumbnailUrl":"https:\/\/vosgesinfo.fr\/app\/uploads\/sites\/5\/2026\/03\/vosges-fermeture-administrative-boulangerie-xertigny-6.jpg","keywords":["boulangerie du centre","DDETSPP 88","fermeture administrative","pr\u00e9fecture des Vosges","rue du Commandant-Saint-Sernin","sant\u00e9 publique","s\u00e9curit\u00e9 sanitaire des aliments","Xertigny"],"articleSection":["A la Une","Epinal","Fait Divers","G\u00e9rardmer","La plaine des vosges","Remiremont"],"inLanguage":"fr-FR","potentialAction":[{"@type":"CommentAction","name":"Comment","target":["https:\/\/vosgesinfo.fr\/remiremontinfo\/2026\/03\/une-boulangerie-vosgienne-sous-le-coup-dune-fermeture-administrative\/#respond"]}]},{"@type":"WebPage","@id":"https:\/\/vosgesinfo.fr\/remiremontinfo\/2026\/03\/une-boulangerie-vosgienne-sous-le-coup-dune-fermeture-administrative\/","url":"https:\/\/vosgesinfo.fr\/remiremontinfo\/2026\/03\/une-boulangerie-vosgienne-sous-le-coup-dune-fermeture-administrative\/","name":"Une boulangerie vosgienne sous le coup d'une fermeture administrative - Remiremont Info","isPartOf":{"@id":"https:\/\/vosgesinfo.fr\/remiremontinfo\/#website"},"primaryImageOfPage":{"@id":"https:\/\/vosgesinfo.fr\/remiremontinfo\/2026\/03\/une-boulangerie-vosgienne-sous-le-coup-dune-fermeture-administrative\/#primaryimage"},"image":{"@id":"https:\/\/vosgesinfo.fr\/remiremontinfo\/2026\/03\/une-boulangerie-vosgienne-sous-le-coup-dune-fermeture-administrative\/#primaryimage"},"thumbnailUrl":"https:\/\/vosgesinfo.fr\/app\/uploads\/sites\/5\/2026\/03\/vosges-fermeture-administrative-boulangerie-xertigny-6.jpg","datePublished":"2026-03-13T10:33:14+00:00","dateModified":"2026-03-13T10:33:14+00:00","breadcrumb":{"@id":"https:\/\/vosgesinfo.fr\/remiremontinfo\/2026\/03\/une-boulangerie-vosgienne-sous-le-coup-dune-fermeture-administrative\/#breadcrumb"},"inLanguage":"fr-FR","potentialAction":[{"@type":"ReadAction","target":["https:\/\/vosgesinfo.fr\/remiremontinfo\/2026\/03\/une-boulangerie-vosgienne-sous-le-coup-dune-fermeture-administrative\/"]}]},{"@type":"ImageObject","inLanguage":"fr-FR","@id":"https:\/\/vosgesinfo.fr\/remiremontinfo\/2026\/03\/une-boulangerie-vosgienne-sous-le-coup-dune-fermeture-administrative\/#primaryimage","url":"https:\/\/vosgesinfo.fr\/app\/uploads\/sites\/5\/2026\/03\/vosges-fermeture-administrative-boulangerie-xertigny-6.jpg","contentUrl":"https:\/\/vosgesinfo.fr\/app\/uploads\/sites\/5\/2026\/03\/vosges-fermeture-administrative-boulangerie-xertigny-6.jpg","width":1080,"height":1080},{"@type":"BreadcrumbList","@id":"https:\/\/vosgesinfo.fr\/remiremontinfo\/2026\/03\/une-boulangerie-vosgienne-sous-le-coup-dune-fermeture-administrative\/#breadcrumb","itemListElement":[{"@type":"ListItem","position":1,"name":"Home","item":"https:\/\/vosgesinfo.fr\/remiremontinfo\/"},{"@type":"ListItem","position":2,"name":"Une boulangerie vosgienne sous le coup d&rsquo;une fermeture administrative"}]},{"@type":"WebSite","@id":"https:\/\/vosgesinfo.fr\/remiremontinfo\/#website","url":"https:\/\/vosgesinfo.fr\/remiremontinfo\/","name":"Remiremont Info","description":"Toute l&#039;actualit\u00e9 de Remiremont","publisher":{"@id":"https:\/\/vosgesinfo.fr\/remiremontinfo\/#organization"},"alternateName":"Toute l'actualit\u00e9 de Remiremont","potentialAction":[{"@type":"SearchAction","target":{"@type":"EntryPoint","urlTemplate":"https:\/\/vosgesinfo.fr\/remiremontinfo\/?s={search_term_string}"},"query-input":"required name=search_term_string"}],"inLanguage":"fr-FR"},{"@type":"Organization","@id":"https:\/\/vosgesinfo.fr\/remiremontinfo\/#organization","name":"Remiremont Info","url":"https:\/\/vosgesinfo.fr\/remiremontinfo\/","logo":{"@type":"ImageObject","inLanguage":"fr-FR","@id":"https:\/\/vosgesinfo.fr\/remiremontinfo\/#\/schema\/logo\/image\/","url":"https:\/\/vosgesinfo.fr\/app\/uploads\/sites\/5\/2023\/08\/favicon-remiremontinfo.png","contentUrl":"https:\/\/vosgesinfo.fr\/app\/uploads\/sites\/5\/2023\/08\/favicon-remiremontinfo.png","width":512,"height":512,"caption":"Remiremont Info"},"image":{"@id":"https:\/\/vosgesinfo.fr\/remiremontinfo\/#\/schema\/logo\/image\/"},"sameAs":["https:\/\/www.facebook.com\/remiremontinfo","https:\/\/x.com\/VosgesInfo88","https:\/\/www.youtube.com\/@vosgesinfo"]},{"@type":"Person","@id":"https:\/\/vosgesinfo.fr\/remiremontinfo\/#\/schema\/person\/fa73e9f726d67bb88f46d5b7943cb572","name":"J.J.","image":{"@type":"ImageObject","inLanguage":"fr-FR","@id":"https:\/\/vosgesinfo.fr\/remiremontinfo\/#\/schema\/person\/image\/","url":"https:\/\/secure.gravatar.com\/avatar\/219e749e47ffbcca018a360ae4add7d4cdf1cdaaf8bc7676b27efade3fe65615?s=96&d=mm&r=g","contentUrl":"https:\/\/secure.gravatar.com\/avatar\/219e749e47ffbcca018a360ae4add7d4cdf1cdaaf8bc7676b27efade3fe65615?s=96&d=mm&r=g","caption":"J.J."},"url":"https:\/\/vosgesinfo.fr\/remiremontinfo\/author\/j-j\/"}]}},"_links":{"self":[{"href":"https:\/\/vosgesinfo.fr\/remiremontinfo\/wp-json\/wp\/v2\/posts\/89631","targetHints":{"allow":["GET"]}}],"collection":[{"href":"https:\/\/vosgesinfo.fr\/remiremontinfo\/wp-json\/wp\/v2\/posts"}],"about":[{"href":"https:\/\/vosgesinfo.fr\/remiremontinfo\/wp-json\/wp\/v2\/types\/post"}],"author":[{"embeddable":true,"href":"https:\/\/vosgesinfo.fr\/remiremontinfo\/wp-json\/wp\/v2\/users\/46"}],"replies":[{"embeddable":true,"href":"https:\/\/vosgesinfo.fr\/remiremontinfo\/wp-json\/wp\/v2\/comments?post=89631"}],"version-history":[{"count":1,"href":"https:\/\/vosgesinfo.fr\/remiremontinfo\/wp-json\/wp\/v2\/posts\/89631\/revisions"}],"predecessor-version":[{"id":89633,"href":"https:\/\/vosgesinfo.fr\/remiremontinfo\/wp-json\/wp\/v2\/posts\/89631\/revisions\/89633"}],"wp:featuredmedia":[{"embeddable":true,"href":"https:\/\/vosgesinfo.fr\/remiremontinfo\/wp-json\/wp\/v2\/media\/89632"}],"wp:attachment":[{"href":"https:\/\/vosgesinfo.fr\/remiremontinfo\/wp-json\/wp\/v2\/media?parent=89631"}],"wp:term":[{"taxonomy":"category","embeddable":true,"href":"https:\/\/vosgesinfo.fr\/remiremontinfo\/wp-json\/wp\/v2\/categories?post=89631"},{"taxonomy":"post_tag","embeddable":true,"href":"https:\/\/vosgesinfo.fr\/remiremontinfo\/wp-json\/wp\/v2\/tags?post=89631"}],"curies":[{"name":"wp","href":"https:\/\/api.w.org\/{rel}","templated":true}]}}