{"id":89639,"date":"2026-03-13T17:31:54","date_gmt":"2026-03-13T16:31:54","guid":{"rendered":"https:\/\/vosgesinfo.fr\/remiremontinfo\/?p=89639"},"modified":"2026-03-13T17:31:54","modified_gmt":"2026-03-13T16:31:54","slug":"stage-de-danses-commerciales-avec-jonathan-jenvrin-star-academy","status":"publish","type":"post","link":"https:\/\/vosgesinfo.fr\/remiremontinfo\/2026\/03\/stage-de-danses-commerciales-avec-jonathan-jenvrin-star-academy\/","title":{"rendered":"Stage de danses commerciales avec Jonathan Jenvrin (Star Academy)"},"content":{"rendered":"<p><a href=\"https:\/\/vosgesinfo.fr\/app\/uploads\/sites\/5\/2026\/03\/stagejonathandmajpeg.jpg\"><img decoding=\"async\" class=\"aligncenter size-full wp-image-89640\" src=\"https:\/\/vosgesinfo.fr\/app\/uploads\/sites\/5\/2026\/03\/stagejonathandmajpeg.jpg\" alt=\"\" width=\"621\" height=\"622\" srcset=\"https:\/\/vosgesinfo.fr\/app\/uploads\/sites\/5\/2026\/03\/stagejonathandmajpeg.jpg 621w, https:\/\/vosgesinfo.fr\/app\/uploads\/sites\/5\/2026\/03\/stagejonathandmajpeg-300x300.jpg 300w, https:\/\/vosgesinfo.fr\/app\/uploads\/sites\/5\/2026\/03\/stagejonathandmajpeg-150x150.jpg 150w\" sizes=\"(max-width: 621px) 100vw, 621px\" \/><\/a><\/p>\n<p>&nbsp;<\/p>\n<h3><strong>La Danse Moderne Academy organise un \u00e9v\u00e9nement exceptionnel en accueillant Jonathan Jenvrin, danseur r\u00e9v\u00e9l\u00e9 au grand public dans la Star Academy, pour un stage de danses commerciales ouvert \u00e0 tou\u00b7te\u00b7s. Cet atelier constitue une opportunit\u00e9 rare pour les jeunes et les habitant\u00b7es du territoire de d\u00e9couvrir un style chor\u00e9graphique moderne, dynamique et accessible.<\/strong><\/h3>\n<p>Les danses commerciales, largement pr\u00e9sentes dans les clips, les shows t\u00e9l\u00e9vis\u00e9s et les performances sc\u00e9niques actuelles, se caract\u00e9risent par leur \u00e9nergie, leur expressivit\u00e9 et leur dimension sc\u00e9nique. Gr\u00e2ce \u00e0 son exp\u00e9rience et \u00e0 sa p\u00e9dagogie, Jonathan Jenvrin proposera une immersion compl\u00e8te dans cet univers, permettant aux participant\u00b7es de d\u00e9velopper technique, confiance et pr\u00e9sence artistique.<br \/>\nCe stage se d\u00e9roulera le dimanche 24 mai, de 14h \u00e0 16h, au Gymnase du Tertre \u00e0 Remiremont. Pendant deux heures, les participant\u00b7es auront l\u2019occasion d\u2019apprendre \u00e0 ma\u00eetriser les codes des danses commerciales et de vivre une immersion compl\u00e8te dans un style qui allie pr\u00e9cision, \u00e9nergie et plaisir du mouvement.<br \/>\nL\u2019objectif est simple : permettre \u00e0 chacun\u00b7e de progresser, de s\u2019exprimer et de partager un moment fort autour de la danse.<br \/>\nParticiper \u00e0 ce stage, c\u2019est s\u2019offrir un moment d\u2019expression, d\u2019apprentissage et de plaisir, guid\u00e9 par un artiste talentueux et g\u00e9n\u00e9reux. C\u2019est aussi l\u2019occasion de vivre une<br \/>\nexp\u00e9rience collective forte, de se d\u00e9passer et de repartir avec de nouveaux outils, de nouvelles sensations et une belle dose d\u2019inspiration. Les inscriptions sont ouvertes et les places limit\u00e9es. Pour toute information compl\u00e9mentaire, la Danse Moderne Academy reste disponible. Nous avons h\u00e2te de vous accueillir pour ce moment unique, plac\u00e9 sous le signe de la danse, du partage et de l\u2019\u00e9nergie positive.<\/p>\n<p><strong>Infos pratiques<\/strong><br \/>\nLieu : Gymnase du Tertre &#8211; 7, rue du Tertre \u00e0 Remiremont<br \/>\nBilletterie en ligne via le QR CODE ou lien ci-dessous :<br \/>\nhttps:\/\/www.helloasso.com\/associations\/association-danse-moderne-academy<br \/>\nContact : dma88200@gmail.com<br \/>\nT\u00e9l\u00e9phone : 06.21.93.36.05<\/p>\n","protected":false},"excerpt":{"rendered":"<p>&nbsp; La Danse Moderne Academy organise un \u00e9v\u00e9nement exceptionnel en accueillant Jonathan Jenvrin, danseur r\u00e9v\u00e9l\u00e9 au grand public dans la [&hellip;]<\/p>\n","protected":false},"author":391,"featured_media":89640,"comment_status":"open","ping_status":"open","sticky":false,"template":"","format":"standard","meta":{"footnotes":""},"categories":[26,4,43],"tags":[],"class_list":["post-89639","post","type-post","status-publish","format-standard","has-post-thumbnail","hentry","category-a-la-une","category-culture","category-remiremont-remiremont-son-canton"],"acf":[],"yoast_head":"<!-- This site is optimized with the Yoast SEO plugin v22.5 - https:\/\/yoast.com\/wordpress\/plugins\/seo\/ -->\n<title>Stage de danses commerciales avec Jonathan Jenvrin (Star Academy) - Remiremont Info<\/title>\n<meta name=\"robots\" content=\"index, follow, max-snippet:-1, max-image-preview:large, max-video-preview:-1\" \/>\n<link rel=\"canonical\" href=\"https:\/\/vosgesinfo.fr\/remiremontinfo\/?p=89639\" \/>\n<meta name=\"twitter:card\" content=\"summary_large_image\" \/>\n<meta name=\"twitter:title\" content=\"Stage de danses commerciales avec Jonathan Jenvrin (Star Academy) - Remiremont Info\" \/>\n<meta name=\"twitter:description\" content=\"&nbsp; La Danse Moderne Academy organise un \u00e9v\u00e9nement exceptionnel en accueillant Jonathan Jenvrin, danseur r\u00e9v\u00e9l\u00e9 au grand public dans la [&hellip;]\" \/>\n<meta name=\"twitter:image\" content=\"https:\/\/vosgesinfo.fr\/app\/uploads\/sites\/5\/2026\/03\/stagejonathandmajpeg.jpg\" \/>\n<meta name=\"twitter:creator\" content=\"@VosgesInfo88\" \/>\n<meta name=\"twitter:site\" content=\"@VosgesInfo88\" \/>\n<meta name=\"twitter:label1\" content=\"\u00c9crit par\" \/>\n\t<meta name=\"twitter:data1\" content=\"La redaction\" \/>\n\t<meta name=\"twitter:label2\" content=\"Dur\u00e9e de lecture estim\u00e9e\" \/>\n\t<meta name=\"twitter:data2\" content=\"2 minutes\" \/>\n<script type=\"application\/ld+json\" class=\"yoast-schema-graph\">{\"@context\":\"https:\/\/schema.org\",\"@graph\":[{\"@type\":\"Article\",\"@id\":\"https:\/\/vosgesinfo.fr\/remiremontinfo\/?p=89639#article\",\"isPartOf\":{\"@id\":\"https:\/\/vosgesinfo.fr\/remiremontinfo\/?p=89639\"},\"author\":{\"name\":\"La redaction\",\"@id\":\"https:\/\/vosgesinfo.fr\/remiremontinfo\/#\/schema\/person\/27a3695b06db98895b354c0765cdfc31\"},\"headline\":\"Stage de danses commerciales avec Jonathan Jenvrin (Star Academy)\",\"datePublished\":\"2026-03-13T16:31:54+00:00\",\"dateModified\":\"2026-03-13T16:31:54+00:00\",\"mainEntityOfPage\":{\"@id\":\"https:\/\/vosgesinfo.fr\/remiremontinfo\/?p=89639\"},\"wordCount\":347,\"commentCount\":0,\"publisher\":{\"@id\":\"https:\/\/vosgesinfo.fr\/remiremontinfo\/#organization\"},\"image\":{\"@id\":\"https:\/\/vosgesinfo.fr\/remiremontinfo\/?p=89639#primaryimage\"},\"thumbnailUrl\":\"https:\/\/vosgesinfo.fr\/app\/uploads\/sites\/5\/2026\/03\/stagejonathandmajpeg.jpg\",\"articleSection\":[\"A la Une\",\"Culture\",\"Remiremont\"],\"inLanguage\":\"fr-FR\",\"potentialAction\":[{\"@type\":\"CommentAction\",\"name\":\"Comment\",\"target\":[\"https:\/\/vosgesinfo.fr\/remiremontinfo\/?p=89639#respond\"]}]},{\"@type\":\"WebPage\",\"@id\":\"https:\/\/vosgesinfo.fr\/remiremontinfo\/?p=89639\",\"url\":\"https:\/\/vosgesinfo.fr\/remiremontinfo\/?p=89639\",\"name\":\"Stage de danses commerciales avec Jonathan Jenvrin (Star Academy) - Remiremont Info\",\"isPartOf\":{\"@id\":\"https:\/\/vosgesinfo.fr\/remiremontinfo\/#website\"},\"primaryImageOfPage\":{\"@id\":\"https:\/\/vosgesinfo.fr\/remiremontinfo\/?p=89639#primaryimage\"},\"image\":{\"@id\":\"https:\/\/vosgesinfo.fr\/remiremontinfo\/?p=89639#primaryimage\"},\"thumbnailUrl\":\"https:\/\/vosgesinfo.fr\/app\/uploads\/sites\/5\/2026\/03\/stagejonathandmajpeg.jpg\",\"datePublished\":\"2026-03-13T16:31:54+00:00\",\"dateModified\":\"2026-03-13T16:31:54+00:00\",\"breadcrumb\":{\"@id\":\"https:\/\/vosgesinfo.fr\/remiremontinfo\/?p=89639#breadcrumb\"},\"inLanguage\":\"fr-FR\",\"potentialAction\":[{\"@type\":\"ReadAction\",\"target\":[\"https:\/\/vosgesinfo.fr\/remiremontinfo\/?p=89639\"]}]},{\"@type\":\"ImageObject\",\"inLanguage\":\"fr-FR\",\"@id\":\"https:\/\/vosgesinfo.fr\/remiremontinfo\/?p=89639#primaryimage\",\"url\":\"https:\/\/vosgesinfo.fr\/app\/uploads\/sites\/5\/2026\/03\/stagejonathandmajpeg.jpg\",\"contentUrl\":\"https:\/\/vosgesinfo.fr\/app\/uploads\/sites\/5\/2026\/03\/stagejonathandmajpeg.jpg\",\"width\":621,\"height\":622},{\"@type\":\"BreadcrumbList\",\"@id\":\"https:\/\/vosgesinfo.fr\/remiremontinfo\/?p=89639#breadcrumb\",\"itemListElement\":[{\"@type\":\"ListItem\",\"position\":1,\"name\":\"Home\",\"item\":\"https:\/\/vosgesinfo.fr\/remiremontinfo\/\"},{\"@type\":\"ListItem\",\"position\":2,\"name\":\"Stage de danses commerciales avec Jonathan Jenvrin (Star Academy)\"}]},{\"@type\":\"WebSite\",\"@id\":\"https:\/\/vosgesinfo.fr\/remiremontinfo\/#website\",\"url\":\"https:\/\/vosgesinfo.fr\/remiremontinfo\/\",\"name\":\"Remiremont Info\",\"description\":\"Toute l&#039;actualit\u00e9 de Remiremont\",\"publisher\":{\"@id\":\"https:\/\/vosgesinfo.fr\/remiremontinfo\/#organization\"},\"alternateName\":\"Toute l'actualit\u00e9 de Remiremont\",\"potentialAction\":[{\"@type\":\"SearchAction\",\"target\":{\"@type\":\"EntryPoint\",\"urlTemplate\":\"https:\/\/vosgesinfo.fr\/remiremontinfo\/?s={search_term_string}\"},\"query-input\":\"required name=search_term_string\"}],\"inLanguage\":\"fr-FR\"},{\"@type\":\"Organization\",\"@id\":\"https:\/\/vosgesinfo.fr\/remiremontinfo\/#organization\",\"name\":\"Remiremont Info\",\"url\":\"https:\/\/vosgesinfo.fr\/remiremontinfo\/\",\"logo\":{\"@type\":\"ImageObject\",\"inLanguage\":\"fr-FR\",\"@id\":\"https:\/\/vosgesinfo.fr\/remiremontinfo\/#\/schema\/logo\/image\/\",\"url\":\"https:\/\/vosgesinfo.fr\/app\/uploads\/sites\/5\/2023\/08\/favicon-remiremontinfo.png\",\"contentUrl\":\"https:\/\/vosgesinfo.fr\/app\/uploads\/sites\/5\/2023\/08\/favicon-remiremontinfo.png\",\"width\":512,\"height\":512,\"caption\":\"Remiremont Info\"},\"image\":{\"@id\":\"https:\/\/vosgesinfo.fr\/remiremontinfo\/#\/schema\/logo\/image\/\"},\"sameAs\":[\"https:\/\/www.facebook.com\/remiremontinfo\",\"https:\/\/x.com\/VosgesInfo88\",\"https:\/\/www.youtube.com\/@vosgesinfo\"]},{\"@type\":\"Person\",\"@id\":\"https:\/\/vosgesinfo.fr\/remiremontinfo\/#\/schema\/person\/27a3695b06db98895b354c0765cdfc31\",\"name\":\"La redaction\",\"image\":{\"@type\":\"ImageObject\",\"inLanguage\":\"fr-FR\",\"@id\":\"https:\/\/vosgesinfo.fr\/remiremontinfo\/#\/schema\/person\/image\/\",\"url\":\"https:\/\/secure.gravatar.com\/avatar\/64c76a78e501cedee55736f43f332df901e1896ae9cd8fad269ae2236dd0e8b6?s=96&d=mm&r=g\",\"contentUrl\":\"https:\/\/secure.gravatar.com\/avatar\/64c76a78e501cedee55736f43f332df901e1896ae9cd8fad269ae2236dd0e8b6?s=96&d=mm&r=g\",\"caption\":\"La redaction\"},\"url\":\"https:\/\/vosgesinfo.fr\/remiremontinfo\/author\/la-redaction\/\"}]}<\/script>\n<!-- \/ Yoast SEO plugin. -->","yoast_head_json":{"title":"Stage de danses commerciales avec Jonathan Jenvrin (Star Academy) - Remiremont Info","robots":{"index":"index","follow":"follow","max-snippet":"max-snippet:-1","max-image-preview":"max-image-preview:large","max-video-preview":"max-video-preview:-1"},"canonical":"https:\/\/vosgesinfo.fr\/remiremontinfo\/?p=89639","twitter_card":"summary_large_image","twitter_title":"Stage de danses commerciales avec Jonathan Jenvrin (Star Academy) - Remiremont Info","twitter_description":"&nbsp; La Danse Moderne Academy organise un \u00e9v\u00e9nement exceptionnel en accueillant Jonathan Jenvrin, danseur r\u00e9v\u00e9l\u00e9 au grand public dans la [&hellip;]","twitter_image":"https:\/\/vosgesinfo.fr\/app\/uploads\/sites\/5\/2026\/03\/stagejonathandmajpeg.jpg","twitter_creator":"@VosgesInfo88","twitter_site":"@VosgesInfo88","twitter_misc":{"\u00c9crit par":"La redaction","Dur\u00e9e de lecture estim\u00e9e":"2 minutes"},"schema":{"@context":"https:\/\/schema.org","@graph":[{"@type":"Article","@id":"https:\/\/vosgesinfo.fr\/remiremontinfo\/?p=89639#article","isPartOf":{"@id":"https:\/\/vosgesinfo.fr\/remiremontinfo\/?p=89639"},"author":{"name":"La redaction","@id":"https:\/\/vosgesinfo.fr\/remiremontinfo\/#\/schema\/person\/27a3695b06db98895b354c0765cdfc31"},"headline":"Stage de danses commerciales avec Jonathan Jenvrin (Star Academy)","datePublished":"2026-03-13T16:31:54+00:00","dateModified":"2026-03-13T16:31:54+00:00","mainEntityOfPage":{"@id":"https:\/\/vosgesinfo.fr\/remiremontinfo\/?p=89639"},"wordCount":347,"commentCount":0,"publisher":{"@id":"https:\/\/vosgesinfo.fr\/remiremontinfo\/#organization"},"image":{"@id":"https:\/\/vosgesinfo.fr\/remiremontinfo\/?p=89639#primaryimage"},"thumbnailUrl":"https:\/\/vosgesinfo.fr\/app\/uploads\/sites\/5\/2026\/03\/stagejonathandmajpeg.jpg","articleSection":["A la Une","Culture","Remiremont"],"inLanguage":"fr-FR","potentialAction":[{"@type":"CommentAction","name":"Comment","target":["https:\/\/vosgesinfo.fr\/remiremontinfo\/?p=89639#respond"]}]},{"@type":"WebPage","@id":"https:\/\/vosgesinfo.fr\/remiremontinfo\/?p=89639","url":"https:\/\/vosgesinfo.fr\/remiremontinfo\/?p=89639","name":"Stage de danses commerciales avec Jonathan Jenvrin (Star Academy) - Remiremont Info","isPartOf":{"@id":"https:\/\/vosgesinfo.fr\/remiremontinfo\/#website"},"primaryImageOfPage":{"@id":"https:\/\/vosgesinfo.fr\/remiremontinfo\/?p=89639#primaryimage"},"image":{"@id":"https:\/\/vosgesinfo.fr\/remiremontinfo\/?p=89639#primaryimage"},"thumbnailUrl":"https:\/\/vosgesinfo.fr\/app\/uploads\/sites\/5\/2026\/03\/stagejonathandmajpeg.jpg","datePublished":"2026-03-13T16:31:54+00:00","dateModified":"2026-03-13T16:31:54+00:00","breadcrumb":{"@id":"https:\/\/vosgesinfo.fr\/remiremontinfo\/?p=89639#breadcrumb"},"inLanguage":"fr-FR","potentialAction":[{"@type":"ReadAction","target":["https:\/\/vosgesinfo.fr\/remiremontinfo\/?p=89639"]}]},{"@type":"ImageObject","inLanguage":"fr-FR","@id":"https:\/\/vosgesinfo.fr\/remiremontinfo\/?p=89639#primaryimage","url":"https:\/\/vosgesinfo.fr\/app\/uploads\/sites\/5\/2026\/03\/stagejonathandmajpeg.jpg","contentUrl":"https:\/\/vosgesinfo.fr\/app\/uploads\/sites\/5\/2026\/03\/stagejonathandmajpeg.jpg","width":621,"height":622},{"@type":"BreadcrumbList","@id":"https:\/\/vosgesinfo.fr\/remiremontinfo\/?p=89639#breadcrumb","itemListElement":[{"@type":"ListItem","position":1,"name":"Home","item":"https:\/\/vosgesinfo.fr\/remiremontinfo\/"},{"@type":"ListItem","position":2,"name":"Stage de danses commerciales avec Jonathan Jenvrin (Star Academy)"}]},{"@type":"WebSite","@id":"https:\/\/vosgesinfo.fr\/remiremontinfo\/#website","url":"https:\/\/vosgesinfo.fr\/remiremontinfo\/","name":"Remiremont Info","description":"Toute l&#039;actualit\u00e9 de Remiremont","publisher":{"@id":"https:\/\/vosgesinfo.fr\/remiremontinfo\/#organization"},"alternateName":"Toute l'actualit\u00e9 de Remiremont","potentialAction":[{"@type":"SearchAction","target":{"@type":"EntryPoint","urlTemplate":"https:\/\/vosgesinfo.fr\/remiremontinfo\/?s={search_term_string}"},"query-input":"required name=search_term_string"}],"inLanguage":"fr-FR"},{"@type":"Organization","@id":"https:\/\/vosgesinfo.fr\/remiremontinfo\/#organization","name":"Remiremont Info","url":"https:\/\/vosgesinfo.fr\/remiremontinfo\/","logo":{"@type":"ImageObject","inLanguage":"fr-FR","@id":"https:\/\/vosgesinfo.fr\/remiremontinfo\/#\/schema\/logo\/image\/","url":"https:\/\/vosgesinfo.fr\/app\/uploads\/sites\/5\/2023\/08\/favicon-remiremontinfo.png","contentUrl":"https:\/\/vosgesinfo.fr\/app\/uploads\/sites\/5\/2023\/08\/favicon-remiremontinfo.png","width":512,"height":512,"caption":"Remiremont Info"},"image":{"@id":"https:\/\/vosgesinfo.fr\/remiremontinfo\/#\/schema\/logo\/image\/"},"sameAs":["https:\/\/www.facebook.com\/remiremontinfo","https:\/\/x.com\/VosgesInfo88","https:\/\/www.youtube.com\/@vosgesinfo"]},{"@type":"Person","@id":"https:\/\/vosgesinfo.fr\/remiremontinfo\/#\/schema\/person\/27a3695b06db98895b354c0765cdfc31","name":"La redaction","image":{"@type":"ImageObject","inLanguage":"fr-FR","@id":"https:\/\/vosgesinfo.fr\/remiremontinfo\/#\/schema\/person\/image\/","url":"https:\/\/secure.gravatar.com\/avatar\/64c76a78e501cedee55736f43f332df901e1896ae9cd8fad269ae2236dd0e8b6?s=96&d=mm&r=g","contentUrl":"https:\/\/secure.gravatar.com\/avatar\/64c76a78e501cedee55736f43f332df901e1896ae9cd8fad269ae2236dd0e8b6?s=96&d=mm&r=g","caption":"La redaction"},"url":"https:\/\/vosgesinfo.fr\/remiremontinfo\/author\/la-redaction\/"}]}},"_links":{"self":[{"href":"https:\/\/vosgesinfo.fr\/remiremontinfo\/wp-json\/wp\/v2\/posts\/89639","targetHints":{"allow":["GET"]}}],"collection":[{"href":"https:\/\/vosgesinfo.fr\/remiremontinfo\/wp-json\/wp\/v2\/posts"}],"about":[{"href":"https:\/\/vosgesinfo.fr\/remiremontinfo\/wp-json\/wp\/v2\/types\/post"}],"author":[{"embeddable":true,"href":"https:\/\/vosgesinfo.fr\/remiremontinfo\/wp-json\/wp\/v2\/users\/391"}],"replies":[{"embeddable":true,"href":"https:\/\/vosgesinfo.fr\/remiremontinfo\/wp-json\/wp\/v2\/comments?post=89639"}],"version-history":[{"count":1,"href":"https:\/\/vosgesinfo.fr\/remiremontinfo\/wp-json\/wp\/v2\/posts\/89639\/revisions"}],"predecessor-version":[{"id":89641,"href":"https:\/\/vosgesinfo.fr\/remiremontinfo\/wp-json\/wp\/v2\/posts\/89639\/revisions\/89641"}],"wp:featuredmedia":[{"embeddable":true,"href":"https:\/\/vosgesinfo.fr\/remiremontinfo\/wp-json\/wp\/v2\/media\/89640"}],"wp:attachment":[{"href":"https:\/\/vosgesinfo.fr\/remiremontinfo\/wp-json\/wp\/v2\/media?parent=89639"}],"wp:term":[{"taxonomy":"category","embeddable":true,"href":"https:\/\/vosgesinfo.fr\/remiremontinfo\/wp-json\/wp\/v2\/categories?post=89639"},{"taxonomy":"post_tag","embeddable":true,"href":"https:\/\/vosgesinfo.fr\/remiremontinfo\/wp-json\/wp\/v2\/tags?post=89639"}],"curies":[{"name":"wp","href":"https:\/\/api.w.org\/{rel}","templated":true}]}}