{"id":89642,"date":"2026-03-14T14:40:38","date_gmt":"2026-03-14T13:40:38","guid":{"rendered":"https:\/\/vosgesinfo.fr\/remiremontinfo\/?p=89642"},"modified":"2026-03-14T14:40:38","modified_gmt":"2026-03-14T13:40:38","slug":"les-enfants-sur-les-rails-des-hautes-vosges","status":"publish","type":"post","link":"https:\/\/vosgesinfo.fr\/remiremontinfo\/2026\/03\/les-enfants-sur-les-rails-des-hautes-vosges\/","title":{"rendered":"Les enfants sur les rails des Hautes-Vosges"},"content":{"rendered":"<div id=\"attachment_89643\" style=\"width: 1034px\" class=\"wp-caption alignright\"><a href=\"https:\/\/vosgesinfo.fr\/app\/uploads\/sites\/5\/2026\/03\/jean-claude-bigorne-et-capucine-abonou.jpg\"><img decoding=\"async\" aria-describedby=\"caption-attachment-89643\" class=\"size-large wp-image-89643\" src=\"https:\/\/vosgesinfo.fr\/app\/uploads\/sites\/5\/2026\/03\/jean-claude-bigorne-et-capucine-abonou-1024x680.jpg\" alt=\"\" width=\"1024\" height=\"680\" srcset=\"https:\/\/vosgesinfo.fr\/app\/uploads\/sites\/5\/2026\/03\/jean-claude-bigorne-et-capucine-abonou-1024x680.jpg 1024w, https:\/\/vosgesinfo.fr\/app\/uploads\/sites\/5\/2026\/03\/jean-claude-bigorne-et-capucine-abonou-300x199.jpg 300w, https:\/\/vosgesinfo.fr\/app\/uploads\/sites\/5\/2026\/03\/jean-claude-bigorne-et-capucine-abonou-768x510.jpg 768w, https:\/\/vosgesinfo.fr\/app\/uploads\/sites\/5\/2026\/03\/jean-claude-bigorne-et-capucine-abonou.jpg 1356w\" sizes=\"(max-width: 1024px) 100vw, 1024px\" \/><\/a><p id=\"caption-attachment-89643\" class=\"wp-caption-text\">Jean-Claude Bigorne et Capucine Abonou<\/p><\/div>\n<p><strong>Ce vendredi matin, deux classes de l\u2019\u00e9cole primaire de la Maix et une classe de l\u2019\u00e9cole primaire Jules Ferry de Remiremont accueillaient deux intervenants dans le cadre de leur projet de d\u00e9couverte et de recherche autour du patrimoine ferroviaire.<\/strong><\/p>\n<p>Ce projet de valorisation du patrimoine ferroviaire entourant la voie verte des Hautes Vosges, port\u00e9 par le PETR du Pays de Remiremont et de ses vall\u00e9es, a \u00e9t\u00e9 construit en partenariat avec l&rsquo;\u00c9ducation nationale. Il vise \u00e0 faire travailler, sur l&rsquo;ann\u00e9e scolaire 2025\/2026, les \u00e9coles du territoire, volontaires pour amener leurs \u00e9l\u00e8ves \u00e0 d\u00e9couvrir ce patrimoine ferroviaire des Hautes Vosges.<\/p>\n<p>Ainsi, dans les classes CE2\/CM1 de Christelle Laurent et CM1\/CM2 de Caroline Haxaire \u00e0 l\u2019\u00e9cole de la Maix, puis dans la classe de CM1\/CM2 de Capucine Abonou \u00e0 l\u2019\u00e9cole Jules Ferry, sont venus Jean-Claude Bigorne et Patrick Mangel.<\/p>\n<p>Jean-Claude Bigorne, dont le p\u00e8re \u00e9tait cheminot et les fils sont cheminots, mais qui n\u2019a jamais concr\u00e9tis\u00e9 son r\u00eave d\u2019enfant, celui de conduire des trains, est venu parler de sa passion autour de la projection d\u2019un diaporama, tr\u00e8s document\u00e9, qu\u2019il a con\u00e7u et qui est intitul\u00e9 \u00ab\u00a0Sur les rails des Hautes-Vosges\u00a0\u00bb.<\/p>\n<p>Patrick Mangel, fils et petit-fils de cheminots, qui lui a travaill\u00e9 \u00e0 l\u2019entretien des voies sur les lignes de Remiremont \u00e0 Bussang et Remiremont \u00e0 Cornimont de mai 1982 jusqu\u2019\u00e0 la fermeture des lignes le 28 mai 1989, a partag\u00e9 sa connaissance du monde ferroviaire dans les Hautes-Vosges. Il a pu aussi expliquer qu\u2019avant la fermeture des lignes, tout comme le jour du dernier train, tous les Vosgiens concern\u00e9s ont exprim\u00e9, sans \u00eatre entendus, leur opinion.<\/p>\n<p>D\u00e9sormais les \u00e9l\u00e8ves des trois classes concern\u00e9es vont continuer leur travail de recherche et de d\u00e9couverte en se rendant entre autres sur place. Certains devraient m\u00eame peut-\u00eatre travailler \u00e0 la cr\u00e9ation d\u2019une vid\u00e9o, affaire \u00e0 suivre\u2026<\/p>\n<p><strong>PM<\/strong><\/p>\n\n\t\t<style type=\"text\/css\">\n\t\t\t#gallery-1 {\n\t\t\t\tmargin: auto;\n\t\t\t}\n\t\t\t#gallery-1 .gallery-item {\n\t\t\t\tfloat: left;\n\t\t\t\tmargin-top: 10px;\n\t\t\t\ttext-align: center;\n\t\t\t\twidth: 50%;\n\t\t\t}\n\t\t\t#gallery-1 img {\n\t\t\t\tborder: 2px solid #cfcfcf;\n\t\t\t}\n\t\t\t#gallery-1 .gallery-caption {\n\t\t\t\tmargin-left: 0;\n\t\t\t}\n\t\t\t\/* see gallery_shortcode() in wp-includes\/media.php *\/\n\t\t<\/style>\n\t\t<div id='gallery-1' class='gallery galleryid-89642 gallery-columns-2 gallery-size-medium'><dl class='gallery-item'>\n\t\t\t<dt class='gallery-icon landscape'>\n\t\t\t\t<a href='https:\/\/vosgesinfo.fr\/app\/uploads\/sites\/5\/2026\/03\/classe-cm1-cm2-jules-ferry.jpg'><img decoding=\"async\" width=\"300\" height=\"199\" src=\"https:\/\/vosgesinfo.fr\/app\/uploads\/sites\/5\/2026\/03\/classe-cm1-cm2-jules-ferry-300x199.jpg\" class=\"attachment-medium size-medium\" alt=\"\" aria-describedby=\"gallery-1-89644\" srcset=\"https:\/\/vosgesinfo.fr\/app\/uploads\/sites\/5\/2026\/03\/classe-cm1-cm2-jules-ferry-300x199.jpg 300w, https:\/\/vosgesinfo.fr\/app\/uploads\/sites\/5\/2026\/03\/classe-cm1-cm2-jules-ferry-1024x680.jpg 1024w, https:\/\/vosgesinfo.fr\/app\/uploads\/sites\/5\/2026\/03\/classe-cm1-cm2-jules-ferry-768x510.jpg 768w, https:\/\/vosgesinfo.fr\/app\/uploads\/sites\/5\/2026\/03\/classe-cm1-cm2-jules-ferry.jpg 1354w\" sizes=\"(max-width: 300px) 100vw, 300px\" \/><\/a>\n\t\t\t<\/dt>\n\t\t\t\t<dd class='wp-caption-text gallery-caption' id='gallery-1-89644'>\n\t\t\t\tClasse CM1 CM2 Jules Ferry\n\t\t\t\t<\/dd><\/dl><dl class='gallery-item'>\n\t\t\t<dt class='gallery-icon landscape'>\n\t\t\t\t<a href='https:\/\/vosgesinfo.fr\/app\/uploads\/sites\/5\/2026\/03\/classe-de-caroline-haxaire.jpg'><img decoding=\"async\" width=\"300\" height=\"199\" src=\"https:\/\/vosgesinfo.fr\/app\/uploads\/sites\/5\/2026\/03\/classe-de-caroline-haxaire-300x199.jpg\" class=\"attachment-medium size-medium\" alt=\"\" aria-describedby=\"gallery-1-89645\" srcset=\"https:\/\/vosgesinfo.fr\/app\/uploads\/sites\/5\/2026\/03\/classe-de-caroline-haxaire-300x199.jpg 300w, https:\/\/vosgesinfo.fr\/app\/uploads\/sites\/5\/2026\/03\/classe-de-caroline-haxaire-1024x681.jpg 1024w, https:\/\/vosgesinfo.fr\/app\/uploads\/sites\/5\/2026\/03\/classe-de-caroline-haxaire-768x510.jpg 768w, https:\/\/vosgesinfo.fr\/app\/uploads\/sites\/5\/2026\/03\/classe-de-caroline-haxaire.jpg 1351w\" sizes=\"(max-width: 300px) 100vw, 300px\" \/><\/a>\n\t\t\t<\/dt>\n\t\t\t\t<dd class='wp-caption-text gallery-caption' id='gallery-1-89645'>\n\t\t\t\tClasse de Caroline Haxaire\n\t\t\t\t<\/dd><\/dl><br style=\"clear: both\" \/><dl class='gallery-item'>\n\t\t\t<dt class='gallery-icon landscape'>\n\t\t\t\t<a href='https:\/\/vosgesinfo.fr\/app\/uploads\/sites\/5\/2026\/03\/classe-de-christelle-laurent.jpg'><img decoding=\"async\" width=\"300\" height=\"200\" src=\"https:\/\/vosgesinfo.fr\/app\/uploads\/sites\/5\/2026\/03\/classe-de-christelle-laurent-300x200.jpg\" class=\"attachment-medium size-medium\" alt=\"\" aria-describedby=\"gallery-1-89646\" srcset=\"https:\/\/vosgesinfo.fr\/app\/uploads\/sites\/5\/2026\/03\/classe-de-christelle-laurent-300x200.jpg 300w, https:\/\/vosgesinfo.fr\/app\/uploads\/sites\/5\/2026\/03\/classe-de-christelle-laurent-1024x683.jpg 1024w, https:\/\/vosgesinfo.fr\/app\/uploads\/sites\/5\/2026\/03\/classe-de-christelle-laurent-768x512.jpg 768w, https:\/\/vosgesinfo.fr\/app\/uploads\/sites\/5\/2026\/03\/classe-de-christelle-laurent.jpg 1347w\" sizes=\"(max-width: 300px) 100vw, 300px\" \/><\/a>\n\t\t\t<\/dt>\n\t\t\t\t<dd class='wp-caption-text gallery-caption' id='gallery-1-89646'>\n\t\t\t\tClasse de Christelle Laurent\n\t\t\t\t<\/dd><\/dl>\n\t\t\t<br style='clear: both' \/>\n\t\t<\/div>\n\n","protected":false},"excerpt":{"rendered":"<p>Ce vendredi matin, deux classes de l\u2019\u00e9cole primaire de la Maix et une classe de l\u2019\u00e9cole primaire Jules Ferry de [&hellip;]<\/p>\n","protected":false},"author":413,"featured_media":89643,"comment_status":"open","ping_status":"open","sticky":false,"template":"","format":"standard","meta":{"footnotes":""},"categories":[26,4,6,165,86,25,37,35],"tags":[9016,7473,9014,9015,1026],"class_list":["post-89642","post","type-post","status-publish","format-standard","has-post-thumbnail","hentry","category-a-la-une","category-culture","category-education","category-enseignement","category-histoire","category-la-bresse-son-canton","category-le-thillot-son-canton","category-remiremont-son-canton","tag-ecole-de-la-maix","tag-ecole-jules-ferry","tag-jean-claude-bigorne","tag-patrick-mangel","tag-petr-du-pays-de-remiremont"],"acf":[],"yoast_head":"<!-- This site is optimized with the Yoast SEO plugin v22.5 - https:\/\/yoast.com\/wordpress\/plugins\/seo\/ -->\n<title>Les enfants sur les rails des Hautes-Vosges - Remiremont Info<\/title>\n<meta name=\"robots\" content=\"index, follow, max-snippet:-1, max-image-preview:large, max-video-preview:-1\" \/>\n<link rel=\"canonical\" href=\"https:\/\/vosgesinfo.fr\/remiremontinfo\/?p=89642\" \/>\n<meta name=\"twitter:card\" content=\"summary_large_image\" \/>\n<meta name=\"twitter:title\" content=\"Les enfants sur les rails des Hautes-Vosges - Remiremont Info\" \/>\n<meta name=\"twitter:description\" content=\"Ce vendredi matin, deux classes de l\u2019\u00e9cole primaire de la Maix et une classe de l\u2019\u00e9cole primaire Jules Ferry de [&hellip;]\" \/>\n<meta name=\"twitter:image\" content=\"https:\/\/vosgesinfo.fr\/app\/uploads\/sites\/5\/2026\/03\/jean-claude-bigorne-et-capucine-abonou.jpg\" \/>\n<meta name=\"twitter:creator\" content=\"@VosgesInfo88\" \/>\n<meta name=\"twitter:site\" content=\"@VosgesInfo88\" \/>\n<meta name=\"twitter:label1\" content=\"\u00c9crit par\" \/>\n\t<meta name=\"twitter:data1\" content=\"P.M\" \/>\n\t<meta name=\"twitter:label2\" content=\"Dur\u00e9e de lecture estim\u00e9e\" \/>\n\t<meta name=\"twitter:data2\" content=\"3 minutes\" \/>\n<script type=\"application\/ld+json\" class=\"yoast-schema-graph\">{\"@context\":\"https:\/\/schema.org\",\"@graph\":[{\"@type\":\"Article\",\"@id\":\"https:\/\/vosgesinfo.fr\/remiremontinfo\/?p=89642#article\",\"isPartOf\":{\"@id\":\"https:\/\/vosgesinfo.fr\/remiremontinfo\/?p=89642\"},\"author\":{\"name\":\"P.M\",\"@id\":\"https:\/\/vosgesinfo.fr\/remiremontinfo\/#\/schema\/person\/a6fd2dde36da20be3679f2058b94c5b8\"},\"headline\":\"Les enfants sur les rails des Hautes-Vosges\",\"datePublished\":\"2026-03-14T13:40:38+00:00\",\"dateModified\":\"2026-03-14T13:40:38+00:00\",\"mainEntityOfPage\":{\"@id\":\"https:\/\/vosgesinfo.fr\/remiremontinfo\/?p=89642\"},\"wordCount\":349,\"commentCount\":0,\"publisher\":{\"@id\":\"https:\/\/vosgesinfo.fr\/remiremontinfo\/#organization\"},\"image\":{\"@id\":\"https:\/\/vosgesinfo.fr\/remiremontinfo\/?p=89642#primaryimage\"},\"thumbnailUrl\":\"https:\/\/vosgesinfo.fr\/app\/uploads\/sites\/5\/2026\/03\/jean-claude-bigorne-et-capucine-abonou.jpg\",\"keywords\":[\"Ecole de la Maix\",\"Ecole Jules Ferry\",\"Jean-Claude Bigorne\",\"Patrick Mangel\",\"PETR du Pays de Remiremont\"],\"articleSection\":[\"A la Une\",\"Culture\",\"\u00c9ducation\",\"Enseignement\",\"Histoire\",\"La Bresse &amp; son canton\",\"Le Thillot &amp; son canton\",\"Remiremont &amp; son canton\"],\"inLanguage\":\"fr-FR\",\"potentialAction\":[{\"@type\":\"CommentAction\",\"name\":\"Comment\",\"target\":[\"https:\/\/vosgesinfo.fr\/remiremontinfo\/?p=89642#respond\"]}]},{\"@type\":\"WebPage\",\"@id\":\"https:\/\/vosgesinfo.fr\/remiremontinfo\/?p=89642\",\"url\":\"https:\/\/vosgesinfo.fr\/remiremontinfo\/?p=89642\",\"name\":\"Les enfants sur les rails des Hautes-Vosges - Remiremont Info\",\"isPartOf\":{\"@id\":\"https:\/\/vosgesinfo.fr\/remiremontinfo\/#website\"},\"primaryImageOfPage\":{\"@id\":\"https:\/\/vosgesinfo.fr\/remiremontinfo\/?p=89642#primaryimage\"},\"image\":{\"@id\":\"https:\/\/vosgesinfo.fr\/remiremontinfo\/?p=89642#primaryimage\"},\"thumbnailUrl\":\"https:\/\/vosgesinfo.fr\/app\/uploads\/sites\/5\/2026\/03\/jean-claude-bigorne-et-capucine-abonou.jpg\",\"datePublished\":\"2026-03-14T13:40:38+00:00\",\"dateModified\":\"2026-03-14T13:40:38+00:00\",\"breadcrumb\":{\"@id\":\"https:\/\/vosgesinfo.fr\/remiremontinfo\/?p=89642#breadcrumb\"},\"inLanguage\":\"fr-FR\",\"potentialAction\":[{\"@type\":\"ReadAction\",\"target\":[\"https:\/\/vosgesinfo.fr\/remiremontinfo\/?p=89642\"]}]},{\"@type\":\"ImageObject\",\"inLanguage\":\"fr-FR\",\"@id\":\"https:\/\/vosgesinfo.fr\/remiremontinfo\/?p=89642#primaryimage\",\"url\":\"https:\/\/vosgesinfo.fr\/app\/uploads\/sites\/5\/2026\/03\/jean-claude-bigorne-et-capucine-abonou.jpg\",\"contentUrl\":\"https:\/\/vosgesinfo.fr\/app\/uploads\/sites\/5\/2026\/03\/jean-claude-bigorne-et-capucine-abonou.jpg\",\"width\":1356,\"height\":900,\"caption\":\"Jean-Claude Bigorne et Capucine Abonou\"},{\"@type\":\"BreadcrumbList\",\"@id\":\"https:\/\/vosgesinfo.fr\/remiremontinfo\/?p=89642#breadcrumb\",\"itemListElement\":[{\"@type\":\"ListItem\",\"position\":1,\"name\":\"Home\",\"item\":\"https:\/\/vosgesinfo.fr\/remiremontinfo\/\"},{\"@type\":\"ListItem\",\"position\":2,\"name\":\"Les enfants sur les rails des Hautes-Vosges\"}]},{\"@type\":\"WebSite\",\"@id\":\"https:\/\/vosgesinfo.fr\/remiremontinfo\/#website\",\"url\":\"https:\/\/vosgesinfo.fr\/remiremontinfo\/\",\"name\":\"Remiremont Info\",\"description\":\"Toute l&#039;actualit\u00e9 de Remiremont\",\"publisher\":{\"@id\":\"https:\/\/vosgesinfo.fr\/remiremontinfo\/#organization\"},\"alternateName\":\"Toute l'actualit\u00e9 de Remiremont\",\"potentialAction\":[{\"@type\":\"SearchAction\",\"target\":{\"@type\":\"EntryPoint\",\"urlTemplate\":\"https:\/\/vosgesinfo.fr\/remiremontinfo\/?s={search_term_string}\"},\"query-input\":\"required name=search_term_string\"}],\"inLanguage\":\"fr-FR\"},{\"@type\":\"Organization\",\"@id\":\"https:\/\/vosgesinfo.fr\/remiremontinfo\/#organization\",\"name\":\"Remiremont Info\",\"url\":\"https:\/\/vosgesinfo.fr\/remiremontinfo\/\",\"logo\":{\"@type\":\"ImageObject\",\"inLanguage\":\"fr-FR\",\"@id\":\"https:\/\/vosgesinfo.fr\/remiremontinfo\/#\/schema\/logo\/image\/\",\"url\":\"https:\/\/vosgesinfo.fr\/app\/uploads\/sites\/5\/2023\/08\/favicon-remiremontinfo.png\",\"contentUrl\":\"https:\/\/vosgesinfo.fr\/app\/uploads\/sites\/5\/2023\/08\/favicon-remiremontinfo.png\",\"width\":512,\"height\":512,\"caption\":\"Remiremont Info\"},\"image\":{\"@id\":\"https:\/\/vosgesinfo.fr\/remiremontinfo\/#\/schema\/logo\/image\/\"},\"sameAs\":[\"https:\/\/www.facebook.com\/remiremontinfo\",\"https:\/\/x.com\/VosgesInfo88\",\"https:\/\/www.youtube.com\/@vosgesinfo\"]},{\"@type\":\"Person\",\"@id\":\"https:\/\/vosgesinfo.fr\/remiremontinfo\/#\/schema\/person\/a6fd2dde36da20be3679f2058b94c5b8\",\"name\":\"P.M\",\"image\":{\"@type\":\"ImageObject\",\"inLanguage\":\"fr-FR\",\"@id\":\"https:\/\/vosgesinfo.fr\/remiremontinfo\/#\/schema\/person\/image\/\",\"url\":\"https:\/\/secure.gravatar.com\/avatar\/db38f6ef38bb165f6f4d352563f264129673ed4536984fbbcddf700bd12f8a9a?s=96&d=mm&r=g\",\"contentUrl\":\"https:\/\/secure.gravatar.com\/avatar\/db38f6ef38bb165f6f4d352563f264129673ed4536984fbbcddf700bd12f8a9a?s=96&d=mm&r=g\",\"caption\":\"P.M\"},\"url\":\"https:\/\/vosgesinfo.fr\/remiremontinfo\/author\/p-mangel88\/\"}]}<\/script>\n<!-- \/ Yoast SEO plugin. -->","yoast_head_json":{"title":"Les enfants sur les rails des Hautes-Vosges - Remiremont Info","robots":{"index":"index","follow":"follow","max-snippet":"max-snippet:-1","max-image-preview":"max-image-preview:large","max-video-preview":"max-video-preview:-1"},"canonical":"https:\/\/vosgesinfo.fr\/remiremontinfo\/?p=89642","twitter_card":"summary_large_image","twitter_title":"Les enfants sur les rails des Hautes-Vosges - Remiremont Info","twitter_description":"Ce vendredi matin, deux classes de l\u2019\u00e9cole primaire de la Maix et une classe de l\u2019\u00e9cole primaire Jules Ferry de [&hellip;]","twitter_image":"https:\/\/vosgesinfo.fr\/app\/uploads\/sites\/5\/2026\/03\/jean-claude-bigorne-et-capucine-abonou.jpg","twitter_creator":"@VosgesInfo88","twitter_site":"@VosgesInfo88","twitter_misc":{"\u00c9crit par":"P.M","Dur\u00e9e de lecture estim\u00e9e":"3 minutes"},"schema":{"@context":"https:\/\/schema.org","@graph":[{"@type":"Article","@id":"https:\/\/vosgesinfo.fr\/remiremontinfo\/?p=89642#article","isPartOf":{"@id":"https:\/\/vosgesinfo.fr\/remiremontinfo\/?p=89642"},"author":{"name":"P.M","@id":"https:\/\/vosgesinfo.fr\/remiremontinfo\/#\/schema\/person\/a6fd2dde36da20be3679f2058b94c5b8"},"headline":"Les enfants sur les rails des Hautes-Vosges","datePublished":"2026-03-14T13:40:38+00:00","dateModified":"2026-03-14T13:40:38+00:00","mainEntityOfPage":{"@id":"https:\/\/vosgesinfo.fr\/remiremontinfo\/?p=89642"},"wordCount":349,"commentCount":0,"publisher":{"@id":"https:\/\/vosgesinfo.fr\/remiremontinfo\/#organization"},"image":{"@id":"https:\/\/vosgesinfo.fr\/remiremontinfo\/?p=89642#primaryimage"},"thumbnailUrl":"https:\/\/vosgesinfo.fr\/app\/uploads\/sites\/5\/2026\/03\/jean-claude-bigorne-et-capucine-abonou.jpg","keywords":["Ecole de la Maix","Ecole Jules Ferry","Jean-Claude Bigorne","Patrick Mangel","PETR du Pays de Remiremont"],"articleSection":["A la Une","Culture","\u00c9ducation","Enseignement","Histoire","La Bresse &amp; son canton","Le Thillot &amp; son canton","Remiremont &amp; son canton"],"inLanguage":"fr-FR","potentialAction":[{"@type":"CommentAction","name":"Comment","target":["https:\/\/vosgesinfo.fr\/remiremontinfo\/?p=89642#respond"]}]},{"@type":"WebPage","@id":"https:\/\/vosgesinfo.fr\/remiremontinfo\/?p=89642","url":"https:\/\/vosgesinfo.fr\/remiremontinfo\/?p=89642","name":"Les enfants sur les rails des Hautes-Vosges - Remiremont Info","isPartOf":{"@id":"https:\/\/vosgesinfo.fr\/remiremontinfo\/#website"},"primaryImageOfPage":{"@id":"https:\/\/vosgesinfo.fr\/remiremontinfo\/?p=89642#primaryimage"},"image":{"@id":"https:\/\/vosgesinfo.fr\/remiremontinfo\/?p=89642#primaryimage"},"thumbnailUrl":"https:\/\/vosgesinfo.fr\/app\/uploads\/sites\/5\/2026\/03\/jean-claude-bigorne-et-capucine-abonou.jpg","datePublished":"2026-03-14T13:40:38+00:00","dateModified":"2026-03-14T13:40:38+00:00","breadcrumb":{"@id":"https:\/\/vosgesinfo.fr\/remiremontinfo\/?p=89642#breadcrumb"},"inLanguage":"fr-FR","potentialAction":[{"@type":"ReadAction","target":["https:\/\/vosgesinfo.fr\/remiremontinfo\/?p=89642"]}]},{"@type":"ImageObject","inLanguage":"fr-FR","@id":"https:\/\/vosgesinfo.fr\/remiremontinfo\/?p=89642#primaryimage","url":"https:\/\/vosgesinfo.fr\/app\/uploads\/sites\/5\/2026\/03\/jean-claude-bigorne-et-capucine-abonou.jpg","contentUrl":"https:\/\/vosgesinfo.fr\/app\/uploads\/sites\/5\/2026\/03\/jean-claude-bigorne-et-capucine-abonou.jpg","width":1356,"height":900,"caption":"Jean-Claude Bigorne et Capucine Abonou"},{"@type":"BreadcrumbList","@id":"https:\/\/vosgesinfo.fr\/remiremontinfo\/?p=89642#breadcrumb","itemListElement":[{"@type":"ListItem","position":1,"name":"Home","item":"https:\/\/vosgesinfo.fr\/remiremontinfo\/"},{"@type":"ListItem","position":2,"name":"Les enfants sur les rails des Hautes-Vosges"}]},{"@type":"WebSite","@id":"https:\/\/vosgesinfo.fr\/remiremontinfo\/#website","url":"https:\/\/vosgesinfo.fr\/remiremontinfo\/","name":"Remiremont Info","description":"Toute l&#039;actualit\u00e9 de Remiremont","publisher":{"@id":"https:\/\/vosgesinfo.fr\/remiremontinfo\/#organization"},"alternateName":"Toute l'actualit\u00e9 de Remiremont","potentialAction":[{"@type":"SearchAction","target":{"@type":"EntryPoint","urlTemplate":"https:\/\/vosgesinfo.fr\/remiremontinfo\/?s={search_term_string}"},"query-input":"required name=search_term_string"}],"inLanguage":"fr-FR"},{"@type":"Organization","@id":"https:\/\/vosgesinfo.fr\/remiremontinfo\/#organization","name":"Remiremont Info","url":"https:\/\/vosgesinfo.fr\/remiremontinfo\/","logo":{"@type":"ImageObject","inLanguage":"fr-FR","@id":"https:\/\/vosgesinfo.fr\/remiremontinfo\/#\/schema\/logo\/image\/","url":"https:\/\/vosgesinfo.fr\/app\/uploads\/sites\/5\/2023\/08\/favicon-remiremontinfo.png","contentUrl":"https:\/\/vosgesinfo.fr\/app\/uploads\/sites\/5\/2023\/08\/favicon-remiremontinfo.png","width":512,"height":512,"caption":"Remiremont Info"},"image":{"@id":"https:\/\/vosgesinfo.fr\/remiremontinfo\/#\/schema\/logo\/image\/"},"sameAs":["https:\/\/www.facebook.com\/remiremontinfo","https:\/\/x.com\/VosgesInfo88","https:\/\/www.youtube.com\/@vosgesinfo"]},{"@type":"Person","@id":"https:\/\/vosgesinfo.fr\/remiremontinfo\/#\/schema\/person\/a6fd2dde36da20be3679f2058b94c5b8","name":"P.M","image":{"@type":"ImageObject","inLanguage":"fr-FR","@id":"https:\/\/vosgesinfo.fr\/remiremontinfo\/#\/schema\/person\/image\/","url":"https:\/\/secure.gravatar.com\/avatar\/db38f6ef38bb165f6f4d352563f264129673ed4536984fbbcddf700bd12f8a9a?s=96&d=mm&r=g","contentUrl":"https:\/\/secure.gravatar.com\/avatar\/db38f6ef38bb165f6f4d352563f264129673ed4536984fbbcddf700bd12f8a9a?s=96&d=mm&r=g","caption":"P.M"},"url":"https:\/\/vosgesinfo.fr\/remiremontinfo\/author\/p-mangel88\/"}]}},"_links":{"self":[{"href":"https:\/\/vosgesinfo.fr\/remiremontinfo\/wp-json\/wp\/v2\/posts\/89642","targetHints":{"allow":["GET"]}}],"collection":[{"href":"https:\/\/vosgesinfo.fr\/remiremontinfo\/wp-json\/wp\/v2\/posts"}],"about":[{"href":"https:\/\/vosgesinfo.fr\/remiremontinfo\/wp-json\/wp\/v2\/types\/post"}],"author":[{"embeddable":true,"href":"https:\/\/vosgesinfo.fr\/remiremontinfo\/wp-json\/wp\/v2\/users\/413"}],"replies":[{"embeddable":true,"href":"https:\/\/vosgesinfo.fr\/remiremontinfo\/wp-json\/wp\/v2\/comments?post=89642"}],"version-history":[{"count":1,"href":"https:\/\/vosgesinfo.fr\/remiremontinfo\/wp-json\/wp\/v2\/posts\/89642\/revisions"}],"predecessor-version":[{"id":89647,"href":"https:\/\/vosgesinfo.fr\/remiremontinfo\/wp-json\/wp\/v2\/posts\/89642\/revisions\/89647"}],"wp:featuredmedia":[{"embeddable":true,"href":"https:\/\/vosgesinfo.fr\/remiremontinfo\/wp-json\/wp\/v2\/media\/89643"}],"wp:attachment":[{"href":"https:\/\/vosgesinfo.fr\/remiremontinfo\/wp-json\/wp\/v2\/media?parent=89642"}],"wp:term":[{"taxonomy":"category","embeddable":true,"href":"https:\/\/vosgesinfo.fr\/remiremontinfo\/wp-json\/wp\/v2\/categories?post=89642"},{"taxonomy":"post_tag","embeddable":true,"href":"https:\/\/vosgesinfo.fr\/remiremontinfo\/wp-json\/wp\/v2\/tags?post=89642"}],"curies":[{"name":"wp","href":"https:\/\/api.w.org\/{rel}","templated":true}]}}