{"id":89654,"date":"2026-03-14T10:33:11","date_gmt":"2026-03-14T09:33:11","guid":{"rendered":"https:\/\/vosgesinfo.fr\/remiremontinfo\/?p=89654"},"modified":"2026-03-14T10:33:11","modified_gmt":"2026-03-14T09:33:11","slug":"le-salon-de-peinture-du-groupe-artistique-vosgien-est-ouvert","status":"publish","type":"post","link":"https:\/\/vosgesinfo.fr\/remiremontinfo\/2026\/03\/le-salon-de-peinture-du-groupe-artistique-vosgien-est-ouvert\/","title":{"rendered":"Le salon de peinture du Groupe Artistique Vosgien est ouvert"},"content":{"rendered":"<div id=\"attachment_88967\" style=\"width: 1034px\" class=\"wp-caption alignnone\"><a href=\"https:\/\/vosgesinfo.fr\/app\/uploads\/sites\/4\/2026\/03\/vernissage-salon-peinture-gav-mpn-4.jpg\"><img decoding=\"async\" aria-describedby=\"caption-attachment-88967\" class=\"size-full wp-image-88967\" src=\"https:\/\/vosgesinfo.fr\/app\/uploads\/sites\/4\/2026\/03\/vernissage-salon-peinture-gav-mpn-4.jpg\" alt=\"\" width=\"1024\" height=\"683\" \/><\/a><p id=\"caption-attachment-88967\" class=\"wp-caption-text\">(Photographies Marc Fourniquet)<\/p><\/div>\n<h2>Le salon annuel de peinture du <strong>Groupe Artistique Vosgien \u2013 GAV \u2013<\/strong> a \u00e9t\u00e9 inaugur\u00e9 ce vendredi soir au <strong>Mus\u00e9e Pierre No\u00ebl<\/strong>. Cette nouvelle exposition artistique d\u00e9odatienne est \u00e0 d\u00e9couvrir jusqu&rsquo;au <strong>dimanche 29 mars<\/strong>.<\/h2>\n<p><!--more--><\/p>\n<h3 class=\"western\"><strong>76 exposants pour l\u2019\u00e9dition 2026<\/strong><\/h3>\n<p>Pour cette \u00e9dition 2026, <strong>76 exposants venus des Vosges, de Lorraine, d\u2019Alsace et de la Meuse<\/strong> pr\u00e9sentent leurs \u0153uvres. Consacr\u00e9 \u00e0 la peinture, le salon r\u00e9unit <strong>des artistes d\u00e9butants et des artistes confirm\u00e9s<\/strong>, dans une grande diversit\u00e9 de sensibilit\u00e9s et de techniques.<\/p>\n<h3 class=\"western\"><strong>Brigitte Codarin invit\u00e9e d\u2019honneur<\/strong><\/h3>\n<p><strong>Brigitte Codarin<\/strong> est l\u2019invit\u00e9e d\u2019honneur de cette \u00e9dition. Elle dirige <strong>l\u2019Atelier de Brigitte<\/strong>, \u00e0 <strong>Saint-Michel-sur-Meurthe<\/strong>.<\/p>\n<h3 class=\"western\"><strong>Les artistes prim\u00e9s par le jury<\/strong><\/h3>\n<p>Le vernissage de <strong>ce vendredi soir<\/strong> \u00e9tait aussi l\u2019occasion de d\u00e9voiler les noms des <strong>artistes prim\u00e9s par le jury du salon<\/strong>. Il s\u2019agit, respectivement, de <strong>Michel Colin<\/strong> pour la cat\u00e9gorie <strong>\u00ab Huile \u00bb, Thierry Diochet <\/strong>pour la cat\u00e9gorie <strong>\u00ab Aquarelle-dessin \u00bb, Colette Douche<\/strong> pour la cat\u00e9gorie <strong>\u00ab Technique mixte \u00bb et Thomas Fleury<\/strong> pour la cat\u00e9gorie <strong>\u00ab Originalit\u00e9 \u00bb<\/strong>.<\/p>\n<h3 class=\"western\"><strong>Les jours et horaires d\u2019ouverture<\/strong><\/h3>\n<p>L\u2019exposition est visible de 13h30 \u00e0 17h30 les <strong>lundis, mercredis, jeudis, vendredis et samedis<\/strong>, ainsi que le <strong>dimanche 29 mars<\/strong>. <strong>L\u2019entr\u00e9e est libre<\/strong>.<\/p>\n<h3 class=\"western\"><strong>Deux salons chaque ann\u00e9e<\/strong><\/h3>\n<p>Cr\u00e9\u00e9 en <strong>1933<\/strong>, le <strong>Groupe Artistique Vosgien<\/strong> permet chaque ann\u00e9e aux artistes de pr\u00e9senter leur travail au public \u00e0 travers <strong>deux salons d\u00e9odatiens<\/strong>. L\u2019un est d\u00e9di\u00e9 \u00e0 la peinture au <strong>Mus\u00e9e Pierre No\u00ebl<\/strong>, l\u2019autre \u00e0 la sculpture au <strong>clo\u00eetre de l\u2019ensemble cath\u00e9dral.<\/strong><\/p>\n\n\t\t<style type=\"text\/css\">\n\t\t\t#gallery-1 {\n\t\t\t\tmargin: auto;\n\t\t\t}\n\t\t\t#gallery-1 .gallery-item {\n\t\t\t\tfloat: left;\n\t\t\t\tmargin-top: 10px;\n\t\t\t\ttext-align: center;\n\t\t\t\twidth: 33%;\n\t\t\t}\n\t\t\t#gallery-1 img {\n\t\t\t\tborder: 2px solid #cfcfcf;\n\t\t\t}\n\t\t\t#gallery-1 .gallery-caption {\n\t\t\t\tmargin-left: 0;\n\t\t\t}\n\t\t\t\/* see gallery_shortcode() in wp-includes\/media.php *\/\n\t\t<\/style>\n\t\t<div id='gallery-1' class='gallery galleryid-89654 gallery-columns-3 gallery-size-thumbnail'><dl class='gallery-item'>\n\t\t\t<dt class='gallery-icon landscape'>\n\t\t\t\t<a href='https:\/\/vosgesinfo.fr\/app\/uploads\/sites\/5\/2026\/03\/vernissage-salon-peinture-gav-mpn-6.jpg'><img decoding=\"async\" width=\"150\" height=\"150\" src=\"https:\/\/vosgesinfo.fr\/app\/uploads\/sites\/5\/2026\/03\/vernissage-salon-peinture-gav-mpn-6-150x150.jpg\" class=\"attachment-thumbnail size-thumbnail\" alt=\"\" \/><\/a>\n\t\t\t<\/dt><\/dl><dl class='gallery-item'>\n\t\t\t<dt class='gallery-icon landscape'>\n\t\t\t\t<a href='https:\/\/vosgesinfo.fr\/app\/uploads\/sites\/5\/2026\/03\/vernissage-salon-peinture-gav-mpn-5.jpg'><img decoding=\"async\" width=\"150\" height=\"150\" src=\"https:\/\/vosgesinfo.fr\/app\/uploads\/sites\/5\/2026\/03\/vernissage-salon-peinture-gav-mpn-5-150x150.jpg\" class=\"attachment-thumbnail size-thumbnail\" alt=\"\" \/><\/a>\n\t\t\t<\/dt><\/dl><dl class='gallery-item'>\n\t\t\t<dt class='gallery-icon landscape'>\n\t\t\t\t<a href='https:\/\/vosgesinfo.fr\/app\/uploads\/sites\/5\/2026\/03\/vernissage-salon-peinture-gav-mpn-3.jpg'><img decoding=\"async\" width=\"150\" height=\"150\" src=\"https:\/\/vosgesinfo.fr\/app\/uploads\/sites\/5\/2026\/03\/vernissage-salon-peinture-gav-mpn-3-150x150.jpg\" class=\"attachment-thumbnail size-thumbnail\" alt=\"\" \/><\/a>\n\t\t\t<\/dt><\/dl><br style=\"clear: both\" \/><dl class='gallery-item'>\n\t\t\t<dt class='gallery-icon landscape'>\n\t\t\t\t<a href='https:\/\/vosgesinfo.fr\/app\/uploads\/sites\/5\/2026\/03\/vernissage-salon-peinture-gav-mpn-2.jpg'><img decoding=\"async\" width=\"150\" height=\"150\" src=\"https:\/\/vosgesinfo.fr\/app\/uploads\/sites\/5\/2026\/03\/vernissage-salon-peinture-gav-mpn-2-150x150.jpg\" class=\"attachment-thumbnail size-thumbnail\" alt=\"\" \/><\/a>\n\t\t\t<\/dt><\/dl><dl class='gallery-item'>\n\t\t\t<dt class='gallery-icon landscape'>\n\t\t\t\t<a href='https:\/\/vosgesinfo.fr\/app\/uploads\/sites\/5\/2026\/03\/vernissage-salon-peinture-gav-mpn-1.jpg'><img decoding=\"async\" width=\"150\" height=\"150\" src=\"https:\/\/vosgesinfo.fr\/app\/uploads\/sites\/5\/2026\/03\/vernissage-salon-peinture-gav-mpn-1-150x150.jpg\" class=\"attachment-thumbnail size-thumbnail\" alt=\"\" \/><\/a>\n\t\t\t<\/dt><\/dl>\n\t\t\t<br style='clear: both' \/>\n\t\t<\/div>\n\n","protected":false},"excerpt":{"rendered":"<p>Le salon annuel de peinture du Groupe Artistique Vosgien \u2013 GAV \u2013 a \u00e9t\u00e9 inaugur\u00e9 ce vendredi soir au Mus\u00e9e [&hellip;]<\/p>\n","protected":false},"author":46,"featured_media":89655,"comment_status":"open","ping_status":"open","sticky":false,"template":"","format":"standard","meta":{"footnotes":""},"categories":[26,229,108,62,845,43,883],"tags":[9017,9018,7178,7179,7180,2155,7313,9019,32],"class_list":["post-89654","post","type-post","status-publish","format-standard","has-post-thumbnail","hentry","category-a-la-une","category-art","category-epinal","category-gerardmer","category-la-plaine-des-vosges","category-remiremont-remiremont-son-canton","category-saint-die-des-vosges","tag-brigitte-codarin","tag-exposition-artistique","tag-gav","tag-groupe-artistique-vosgien","tag-musee-pierre-noel","tag-peinture","tag-saint-michel-sur-meurthe","tag-salon-de-peinture","tag-vosges"],"acf":[],"yoast_head":"<!-- This site is optimized with the Yoast SEO plugin v22.5 - https:\/\/yoast.com\/wordpress\/plugins\/seo\/ -->\n<title>Le salon de peinture du Groupe Artistique Vosgien est ouvert - Remiremont Info<\/title>\n<meta name=\"robots\" content=\"index, follow, max-snippet:-1, max-image-preview:large, max-video-preview:-1\" \/>\n<link rel=\"canonical\" href=\"https:\/\/vosgesinfo.fr\/remiremontinfo\/2026\/03\/le-salon-de-peinture-du-groupe-artistique-vosgien-est-ouvert\/\" \/>\n<meta name=\"twitter:card\" content=\"summary_large_image\" \/>\n<meta name=\"twitter:title\" content=\"Le salon de peinture du Groupe Artistique Vosgien est ouvert - Remiremont Info\" \/>\n<meta name=\"twitter:description\" content=\"Le salon annuel de peinture du Groupe Artistique Vosgien \u2013 GAV \u2013 a \u00e9t\u00e9 inaugur\u00e9 ce vendredi soir au Mus\u00e9e [&hellip;]\" \/>\n<meta name=\"twitter:image\" content=\"https:\/\/vosgesinfo.fr\/app\/uploads\/sites\/5\/2026\/03\/vernissage-salon-peinture-gav-mpn-4.jpg\" \/>\n<meta name=\"twitter:creator\" content=\"@VosgesInfo88\" \/>\n<meta name=\"twitter:site\" content=\"@VosgesInfo88\" \/>\n<meta name=\"twitter:label1\" content=\"\u00c9crit par\" \/>\n\t<meta name=\"twitter:data1\" content=\"J.J.\" \/>\n\t<meta name=\"twitter:label2\" content=\"Dur\u00e9e de lecture estim\u00e9e\" \/>\n\t<meta name=\"twitter:data2\" content=\"1 minute\" \/>\n<script type=\"application\/ld+json\" class=\"yoast-schema-graph\">{\"@context\":\"https:\/\/schema.org\",\"@graph\":[{\"@type\":\"Article\",\"@id\":\"https:\/\/vosgesinfo.fr\/remiremontinfo\/2026\/03\/le-salon-de-peinture-du-groupe-artistique-vosgien-est-ouvert\/#article\",\"isPartOf\":{\"@id\":\"https:\/\/vosgesinfo.fr\/remiremontinfo\/2026\/03\/le-salon-de-peinture-du-groupe-artistique-vosgien-est-ouvert\/\"},\"author\":{\"name\":\"J.J.\",\"@id\":\"https:\/\/vosgesinfo.fr\/remiremontinfo\/#\/schema\/person\/fa73e9f726d67bb88f46d5b7943cb572\"},\"headline\":\"Le salon de peinture du Groupe Artistique Vosgien est ouvert\",\"datePublished\":\"2026-03-14T09:33:11+00:00\",\"dateModified\":\"2026-03-14T09:33:11+00:00\",\"mainEntityOfPage\":{\"@id\":\"https:\/\/vosgesinfo.fr\/remiremontinfo\/2026\/03\/le-salon-de-peinture-du-groupe-artistique-vosgien-est-ouvert\/\"},\"wordCount\":282,\"commentCount\":0,\"publisher\":{\"@id\":\"https:\/\/vosgesinfo.fr\/remiremontinfo\/#organization\"},\"image\":{\"@id\":\"https:\/\/vosgesinfo.fr\/remiremontinfo\/2026\/03\/le-salon-de-peinture-du-groupe-artistique-vosgien-est-ouvert\/#primaryimage\"},\"thumbnailUrl\":\"https:\/\/vosgesinfo.fr\/app\/uploads\/sites\/5\/2026\/03\/vernissage-salon-peinture-gav-mpn-4.jpg\",\"keywords\":[\"Brigitte Codarin\",\"Exposition artistique\",\"GAV\",\"Groupe Artistique Vosgien\",\"Mus\u00e9e Pierre-No\u00ebl\",\"peinture\",\"Saint-Michel-sur-Meurthe\",\"salon de peinture\",\"Vosges\"],\"articleSection\":[\"A la Une\",\"Art\",\"Epinal\",\"G\u00e9rardmer\",\"La plaine des vosges\",\"Remiremont\",\"Saint-Di\u00e9-des-Vosges\"],\"inLanguage\":\"fr-FR\",\"potentialAction\":[{\"@type\":\"CommentAction\",\"name\":\"Comment\",\"target\":[\"https:\/\/vosgesinfo.fr\/remiremontinfo\/2026\/03\/le-salon-de-peinture-du-groupe-artistique-vosgien-est-ouvert\/#respond\"]}]},{\"@type\":\"WebPage\",\"@id\":\"https:\/\/vosgesinfo.fr\/remiremontinfo\/2026\/03\/le-salon-de-peinture-du-groupe-artistique-vosgien-est-ouvert\/\",\"url\":\"https:\/\/vosgesinfo.fr\/remiremontinfo\/2026\/03\/le-salon-de-peinture-du-groupe-artistique-vosgien-est-ouvert\/\",\"name\":\"Le salon de peinture du Groupe Artistique Vosgien est ouvert - Remiremont Info\",\"isPartOf\":{\"@id\":\"https:\/\/vosgesinfo.fr\/remiremontinfo\/#website\"},\"primaryImageOfPage\":{\"@id\":\"https:\/\/vosgesinfo.fr\/remiremontinfo\/2026\/03\/le-salon-de-peinture-du-groupe-artistique-vosgien-est-ouvert\/#primaryimage\"},\"image\":{\"@id\":\"https:\/\/vosgesinfo.fr\/remiremontinfo\/2026\/03\/le-salon-de-peinture-du-groupe-artistique-vosgien-est-ouvert\/#primaryimage\"},\"thumbnailUrl\":\"https:\/\/vosgesinfo.fr\/app\/uploads\/sites\/5\/2026\/03\/vernissage-salon-peinture-gav-mpn-4.jpg\",\"datePublished\":\"2026-03-14T09:33:11+00:00\",\"dateModified\":\"2026-03-14T09:33:11+00:00\",\"breadcrumb\":{\"@id\":\"https:\/\/vosgesinfo.fr\/remiremontinfo\/2026\/03\/le-salon-de-peinture-du-groupe-artistique-vosgien-est-ouvert\/#breadcrumb\"},\"inLanguage\":\"fr-FR\",\"potentialAction\":[{\"@type\":\"ReadAction\",\"target\":[\"https:\/\/vosgesinfo.fr\/remiremontinfo\/2026\/03\/le-salon-de-peinture-du-groupe-artistique-vosgien-est-ouvert\/\"]}]},{\"@type\":\"ImageObject\",\"inLanguage\":\"fr-FR\",\"@id\":\"https:\/\/vosgesinfo.fr\/remiremontinfo\/2026\/03\/le-salon-de-peinture-du-groupe-artistique-vosgien-est-ouvert\/#primaryimage\",\"url\":\"https:\/\/vosgesinfo.fr\/app\/uploads\/sites\/5\/2026\/03\/vernissage-salon-peinture-gav-mpn-4.jpg\",\"contentUrl\":\"https:\/\/vosgesinfo.fr\/app\/uploads\/sites\/5\/2026\/03\/vernissage-salon-peinture-gav-mpn-4.jpg\",\"width\":1024,\"height\":683},{\"@type\":\"BreadcrumbList\",\"@id\":\"https:\/\/vosgesinfo.fr\/remiremontinfo\/2026\/03\/le-salon-de-peinture-du-groupe-artistique-vosgien-est-ouvert\/#breadcrumb\",\"itemListElement\":[{\"@type\":\"ListItem\",\"position\":1,\"name\":\"Home\",\"item\":\"https:\/\/vosgesinfo.fr\/remiremontinfo\/\"},{\"@type\":\"ListItem\",\"position\":2,\"name\":\"Le salon de peinture du Groupe Artistique Vosgien est ouvert\"}]},{\"@type\":\"WebSite\",\"@id\":\"https:\/\/vosgesinfo.fr\/remiremontinfo\/#website\",\"url\":\"https:\/\/vosgesinfo.fr\/remiremontinfo\/\",\"name\":\"Remiremont Info\",\"description\":\"Toute l&#039;actualit\u00e9 de Remiremont\",\"publisher\":{\"@id\":\"https:\/\/vosgesinfo.fr\/remiremontinfo\/#organization\"},\"alternateName\":\"Toute l'actualit\u00e9 de Remiremont\",\"potentialAction\":[{\"@type\":\"SearchAction\",\"target\":{\"@type\":\"EntryPoint\",\"urlTemplate\":\"https:\/\/vosgesinfo.fr\/remiremontinfo\/?s={search_term_string}\"},\"query-input\":\"required name=search_term_string\"}],\"inLanguage\":\"fr-FR\"},{\"@type\":\"Organization\",\"@id\":\"https:\/\/vosgesinfo.fr\/remiremontinfo\/#organization\",\"name\":\"Remiremont Info\",\"url\":\"https:\/\/vosgesinfo.fr\/remiremontinfo\/\",\"logo\":{\"@type\":\"ImageObject\",\"inLanguage\":\"fr-FR\",\"@id\":\"https:\/\/vosgesinfo.fr\/remiremontinfo\/#\/schema\/logo\/image\/\",\"url\":\"https:\/\/vosgesinfo.fr\/app\/uploads\/sites\/5\/2023\/08\/favicon-remiremontinfo.png\",\"contentUrl\":\"https:\/\/vosgesinfo.fr\/app\/uploads\/sites\/5\/2023\/08\/favicon-remiremontinfo.png\",\"width\":512,\"height\":512,\"caption\":\"Remiremont Info\"},\"image\":{\"@id\":\"https:\/\/vosgesinfo.fr\/remiremontinfo\/#\/schema\/logo\/image\/\"},\"sameAs\":[\"https:\/\/www.facebook.com\/remiremontinfo\",\"https:\/\/x.com\/VosgesInfo88\",\"https:\/\/www.youtube.com\/@vosgesinfo\"]},{\"@type\":\"Person\",\"@id\":\"https:\/\/vosgesinfo.fr\/remiremontinfo\/#\/schema\/person\/fa73e9f726d67bb88f46d5b7943cb572\",\"name\":\"J.J.\",\"image\":{\"@type\":\"ImageObject\",\"inLanguage\":\"fr-FR\",\"@id\":\"https:\/\/vosgesinfo.fr\/remiremontinfo\/#\/schema\/person\/image\/\",\"url\":\"https:\/\/secure.gravatar.com\/avatar\/219e749e47ffbcca018a360ae4add7d4cdf1cdaaf8bc7676b27efade3fe65615?s=96&d=mm&r=g\",\"contentUrl\":\"https:\/\/secure.gravatar.com\/avatar\/219e749e47ffbcca018a360ae4add7d4cdf1cdaaf8bc7676b27efade3fe65615?s=96&d=mm&r=g\",\"caption\":\"J.J.\"},\"url\":\"https:\/\/vosgesinfo.fr\/remiremontinfo\/author\/j-j\/\"}]}<\/script>\n<!-- \/ Yoast SEO plugin. -->","yoast_head_json":{"title":"Le salon de peinture du Groupe Artistique Vosgien est ouvert - Remiremont Info","robots":{"index":"index","follow":"follow","max-snippet":"max-snippet:-1","max-image-preview":"max-image-preview:large","max-video-preview":"max-video-preview:-1"},"canonical":"https:\/\/vosgesinfo.fr\/remiremontinfo\/2026\/03\/le-salon-de-peinture-du-groupe-artistique-vosgien-est-ouvert\/","twitter_card":"summary_large_image","twitter_title":"Le salon de peinture du Groupe Artistique Vosgien est ouvert - Remiremont Info","twitter_description":"Le salon annuel de peinture du Groupe Artistique Vosgien \u2013 GAV \u2013 a \u00e9t\u00e9 inaugur\u00e9 ce vendredi soir au Mus\u00e9e [&hellip;]","twitter_image":"https:\/\/vosgesinfo.fr\/app\/uploads\/sites\/5\/2026\/03\/vernissage-salon-peinture-gav-mpn-4.jpg","twitter_creator":"@VosgesInfo88","twitter_site":"@VosgesInfo88","twitter_misc":{"\u00c9crit par":"J.J.","Dur\u00e9e de lecture estim\u00e9e":"1 minute"},"schema":{"@context":"https:\/\/schema.org","@graph":[{"@type":"Article","@id":"https:\/\/vosgesinfo.fr\/remiremontinfo\/2026\/03\/le-salon-de-peinture-du-groupe-artistique-vosgien-est-ouvert\/#article","isPartOf":{"@id":"https:\/\/vosgesinfo.fr\/remiremontinfo\/2026\/03\/le-salon-de-peinture-du-groupe-artistique-vosgien-est-ouvert\/"},"author":{"name":"J.J.","@id":"https:\/\/vosgesinfo.fr\/remiremontinfo\/#\/schema\/person\/fa73e9f726d67bb88f46d5b7943cb572"},"headline":"Le salon de peinture du Groupe Artistique Vosgien est ouvert","datePublished":"2026-03-14T09:33:11+00:00","dateModified":"2026-03-14T09:33:11+00:00","mainEntityOfPage":{"@id":"https:\/\/vosgesinfo.fr\/remiremontinfo\/2026\/03\/le-salon-de-peinture-du-groupe-artistique-vosgien-est-ouvert\/"},"wordCount":282,"commentCount":0,"publisher":{"@id":"https:\/\/vosgesinfo.fr\/remiremontinfo\/#organization"},"image":{"@id":"https:\/\/vosgesinfo.fr\/remiremontinfo\/2026\/03\/le-salon-de-peinture-du-groupe-artistique-vosgien-est-ouvert\/#primaryimage"},"thumbnailUrl":"https:\/\/vosgesinfo.fr\/app\/uploads\/sites\/5\/2026\/03\/vernissage-salon-peinture-gav-mpn-4.jpg","keywords":["Brigitte Codarin","Exposition artistique","GAV","Groupe Artistique Vosgien","Mus\u00e9e Pierre-No\u00ebl","peinture","Saint-Michel-sur-Meurthe","salon de peinture","Vosges"],"articleSection":["A la Une","Art","Epinal","G\u00e9rardmer","La plaine des vosges","Remiremont","Saint-Di\u00e9-des-Vosges"],"inLanguage":"fr-FR","potentialAction":[{"@type":"CommentAction","name":"Comment","target":["https:\/\/vosgesinfo.fr\/remiremontinfo\/2026\/03\/le-salon-de-peinture-du-groupe-artistique-vosgien-est-ouvert\/#respond"]}]},{"@type":"WebPage","@id":"https:\/\/vosgesinfo.fr\/remiremontinfo\/2026\/03\/le-salon-de-peinture-du-groupe-artistique-vosgien-est-ouvert\/","url":"https:\/\/vosgesinfo.fr\/remiremontinfo\/2026\/03\/le-salon-de-peinture-du-groupe-artistique-vosgien-est-ouvert\/","name":"Le salon de peinture du Groupe Artistique Vosgien est ouvert - Remiremont Info","isPartOf":{"@id":"https:\/\/vosgesinfo.fr\/remiremontinfo\/#website"},"primaryImageOfPage":{"@id":"https:\/\/vosgesinfo.fr\/remiremontinfo\/2026\/03\/le-salon-de-peinture-du-groupe-artistique-vosgien-est-ouvert\/#primaryimage"},"image":{"@id":"https:\/\/vosgesinfo.fr\/remiremontinfo\/2026\/03\/le-salon-de-peinture-du-groupe-artistique-vosgien-est-ouvert\/#primaryimage"},"thumbnailUrl":"https:\/\/vosgesinfo.fr\/app\/uploads\/sites\/5\/2026\/03\/vernissage-salon-peinture-gav-mpn-4.jpg","datePublished":"2026-03-14T09:33:11+00:00","dateModified":"2026-03-14T09:33:11+00:00","breadcrumb":{"@id":"https:\/\/vosgesinfo.fr\/remiremontinfo\/2026\/03\/le-salon-de-peinture-du-groupe-artistique-vosgien-est-ouvert\/#breadcrumb"},"inLanguage":"fr-FR","potentialAction":[{"@type":"ReadAction","target":["https:\/\/vosgesinfo.fr\/remiremontinfo\/2026\/03\/le-salon-de-peinture-du-groupe-artistique-vosgien-est-ouvert\/"]}]},{"@type":"ImageObject","inLanguage":"fr-FR","@id":"https:\/\/vosgesinfo.fr\/remiremontinfo\/2026\/03\/le-salon-de-peinture-du-groupe-artistique-vosgien-est-ouvert\/#primaryimage","url":"https:\/\/vosgesinfo.fr\/app\/uploads\/sites\/5\/2026\/03\/vernissage-salon-peinture-gav-mpn-4.jpg","contentUrl":"https:\/\/vosgesinfo.fr\/app\/uploads\/sites\/5\/2026\/03\/vernissage-salon-peinture-gav-mpn-4.jpg","width":1024,"height":683},{"@type":"BreadcrumbList","@id":"https:\/\/vosgesinfo.fr\/remiremontinfo\/2026\/03\/le-salon-de-peinture-du-groupe-artistique-vosgien-est-ouvert\/#breadcrumb","itemListElement":[{"@type":"ListItem","position":1,"name":"Home","item":"https:\/\/vosgesinfo.fr\/remiremontinfo\/"},{"@type":"ListItem","position":2,"name":"Le salon de peinture du Groupe Artistique Vosgien est ouvert"}]},{"@type":"WebSite","@id":"https:\/\/vosgesinfo.fr\/remiremontinfo\/#website","url":"https:\/\/vosgesinfo.fr\/remiremontinfo\/","name":"Remiremont Info","description":"Toute l&#039;actualit\u00e9 de Remiremont","publisher":{"@id":"https:\/\/vosgesinfo.fr\/remiremontinfo\/#organization"},"alternateName":"Toute l'actualit\u00e9 de Remiremont","potentialAction":[{"@type":"SearchAction","target":{"@type":"EntryPoint","urlTemplate":"https:\/\/vosgesinfo.fr\/remiremontinfo\/?s={search_term_string}"},"query-input":"required name=search_term_string"}],"inLanguage":"fr-FR"},{"@type":"Organization","@id":"https:\/\/vosgesinfo.fr\/remiremontinfo\/#organization","name":"Remiremont Info","url":"https:\/\/vosgesinfo.fr\/remiremontinfo\/","logo":{"@type":"ImageObject","inLanguage":"fr-FR","@id":"https:\/\/vosgesinfo.fr\/remiremontinfo\/#\/schema\/logo\/image\/","url":"https:\/\/vosgesinfo.fr\/app\/uploads\/sites\/5\/2023\/08\/favicon-remiremontinfo.png","contentUrl":"https:\/\/vosgesinfo.fr\/app\/uploads\/sites\/5\/2023\/08\/favicon-remiremontinfo.png","width":512,"height":512,"caption":"Remiremont Info"},"image":{"@id":"https:\/\/vosgesinfo.fr\/remiremontinfo\/#\/schema\/logo\/image\/"},"sameAs":["https:\/\/www.facebook.com\/remiremontinfo","https:\/\/x.com\/VosgesInfo88","https:\/\/www.youtube.com\/@vosgesinfo"]},{"@type":"Person","@id":"https:\/\/vosgesinfo.fr\/remiremontinfo\/#\/schema\/person\/fa73e9f726d67bb88f46d5b7943cb572","name":"J.J.","image":{"@type":"ImageObject","inLanguage":"fr-FR","@id":"https:\/\/vosgesinfo.fr\/remiremontinfo\/#\/schema\/person\/image\/","url":"https:\/\/secure.gravatar.com\/avatar\/219e749e47ffbcca018a360ae4add7d4cdf1cdaaf8bc7676b27efade3fe65615?s=96&d=mm&r=g","contentUrl":"https:\/\/secure.gravatar.com\/avatar\/219e749e47ffbcca018a360ae4add7d4cdf1cdaaf8bc7676b27efade3fe65615?s=96&d=mm&r=g","caption":"J.J."},"url":"https:\/\/vosgesinfo.fr\/remiremontinfo\/author\/j-j\/"}]}},"_links":{"self":[{"href":"https:\/\/vosgesinfo.fr\/remiremontinfo\/wp-json\/wp\/v2\/posts\/89654","targetHints":{"allow":["GET"]}}],"collection":[{"href":"https:\/\/vosgesinfo.fr\/remiremontinfo\/wp-json\/wp\/v2\/posts"}],"about":[{"href":"https:\/\/vosgesinfo.fr\/remiremontinfo\/wp-json\/wp\/v2\/types\/post"}],"author":[{"embeddable":true,"href":"https:\/\/vosgesinfo.fr\/remiremontinfo\/wp-json\/wp\/v2\/users\/46"}],"replies":[{"embeddable":true,"href":"https:\/\/vosgesinfo.fr\/remiremontinfo\/wp-json\/wp\/v2\/comments?post=89654"}],"version-history":[{"count":1,"href":"https:\/\/vosgesinfo.fr\/remiremontinfo\/wp-json\/wp\/v2\/posts\/89654\/revisions"}],"predecessor-version":[{"id":89656,"href":"https:\/\/vosgesinfo.fr\/remiremontinfo\/wp-json\/wp\/v2\/posts\/89654\/revisions\/89656"}],"wp:featuredmedia":[{"embeddable":true,"href":"https:\/\/vosgesinfo.fr\/remiremontinfo\/wp-json\/wp\/v2\/media\/89655"}],"wp:attachment":[{"href":"https:\/\/vosgesinfo.fr\/remiremontinfo\/wp-json\/wp\/v2\/media?parent=89654"}],"wp:term":[{"taxonomy":"category","embeddable":true,"href":"https:\/\/vosgesinfo.fr\/remiremontinfo\/wp-json\/wp\/v2\/categories?post=89654"},{"taxonomy":"post_tag","embeddable":true,"href":"https:\/\/vosgesinfo.fr\/remiremontinfo\/wp-json\/wp\/v2\/tags?post=89654"}],"curies":[{"name":"wp","href":"https:\/\/api.w.org\/{rel}","templated":true}]}}