{"id":89667,"date":"2026-03-16T05:45:04","date_gmt":"2026-03-16T04:45:04","guid":{"rendered":"https:\/\/vosgesinfo.fr\/remiremontinfo\/?p=89667"},"modified":"2026-03-15T21:48:57","modified_gmt":"2026-03-15T20:48:57","slug":"plus-de-cent-personnes-au-cine-debat-organise-par-la-ldh","status":"publish","type":"post","link":"https:\/\/vosgesinfo.fr\/remiremontinfo\/2026\/03\/plus-de-cent-personnes-au-cine-debat-organise-par-la-ldh\/","title":{"rendered":"Plus de cent personnes au Cin\u00e9-D\u00e9bat organis\u00e9 par la LDH"},"content":{"rendered":"<p><a href=\"https:\/\/vosgesinfo.fr\/app\/uploads\/sites\/5\/2026\/03\/cine-debat-mars1.jpg\"><img decoding=\"async\" class=\"size-large wp-image-89668 aligncenter\" src=\"https:\/\/vosgesinfo.fr\/app\/uploads\/sites\/5\/2026\/03\/cine-debat-mars1-1024x472.jpg\" alt=\"\" width=\"1024\" height=\"472\" srcset=\"https:\/\/vosgesinfo.fr\/app\/uploads\/sites\/5\/2026\/03\/cine-debat-mars1-1024x472.jpg 1024w, https:\/\/vosgesinfo.fr\/app\/uploads\/sites\/5\/2026\/03\/cine-debat-mars1-300x138.jpg 300w, https:\/\/vosgesinfo.fr\/app\/uploads\/sites\/5\/2026\/03\/cine-debat-mars1-768x354.jpg 768w, https:\/\/vosgesinfo.fr\/app\/uploads\/sites\/5\/2026\/03\/cine-debat-mars1.jpg 1515w\" sizes=\"(max-width: 1024px) 100vw, 1024px\" \/><\/a><\/p>\n<p><b>Plus de 100 personnes \u00e9taient pr\u00e9sentes vendredi soir, 13 mars, au cin\u00e9ma le Majestic de Remiremont pour assister \u00e0 la projection du film \u00ab\u00a0Soul\u00e8vements\u00a0\u00bb, propos\u00e9 par la section romarimontaine de la Ligue des Droits de l\u2019Homme (LDH<\/b>).<\/p>\n<p>A la suite du film, un d\u00e9bat a \u00e9t\u00e9 anim\u00e9 par Bernard Schmitt, pr\u00e9sident de Vosges Nature Environnement. Un moment fort, tant par l&rsquo;\u00e9motion des personnes interview\u00e9es par le r\u00e9alisateur du film Thomas Lacoste que par les pr\u00e9cisions apport\u00e9es par Bernard Schmitt.<\/p>\n<div id=\"attachment_89669\" style=\"width: 156px\" class=\"wp-caption alignright\"><a href=\"https:\/\/vosgesinfo.fr\/app\/uploads\/sites\/5\/2026\/03\/cine-debat-mars2.jpg\"><img decoding=\"async\" aria-describedby=\"caption-attachment-89669\" class=\"size-medium wp-image-89669\" src=\"https:\/\/vosgesinfo.fr\/app\/uploads\/sites\/5\/2026\/03\/cine-debat-mars2-146x300.jpg\" alt=\"\" width=\"146\" height=\"300\" srcset=\"https:\/\/vosgesinfo.fr\/app\/uploads\/sites\/5\/2026\/03\/cine-debat-mars2-146x300.jpg 146w, https:\/\/vosgesinfo.fr\/app\/uploads\/sites\/5\/2026\/03\/cine-debat-mars2.jpg 416w\" sizes=\"(max-width: 146px) 100vw, 146px\" \/><\/a><p id=\"caption-attachment-89669\" class=\"wp-caption-text\">Bernard Schmitt<\/p><\/div>\n<p>Un film qui pr\u00e9sente bien l&rsquo;int\u00e9r\u00eat des jeunes agriculteurs pour la d\u00e9fense de leurs terres, de leurs b\u00eates et pour le maintien d&rsquo;un environnement sain. Des convictions partag\u00e9es par des milliers de personnes qui essaient de d\u00e9fendre la protection de l&rsquo;environnement.<\/p>\n<p><b>PM <\/b><\/p>\n<p>photos Christiane Thiriat<\/p>\n","protected":false},"excerpt":{"rendered":"<p>Plus de 100 personnes \u00e9taient pr\u00e9sentes vendredi soir, 13 mars, au cin\u00e9ma le Majestic de Remiremont pour assister \u00e0 la [&hellip;]<\/p>\n","protected":false},"author":391,"featured_media":89671,"comment_status":"open","ping_status":"open","sticky":false,"template":"","format":"standard","meta":{"footnotes":""},"categories":[26,6676,4,35,13,60,17],"tags":[7448],"class_list":["post-89667","post","type-post","status-publish","format-standard","has-post-thumbnail","hentry","category-a-la-une","category-cinema","category-culture","category-remiremont-son-canton","category-societe","category-solidarite","category-vie-associative","tag-ldh-remiremont"],"acf":[],"yoast_head":"<!-- This site is optimized with the Yoast SEO plugin v22.5 - https:\/\/yoast.com\/wordpress\/plugins\/seo\/ -->\n<title>Plus de cent personnes au Cin\u00e9-D\u00e9bat organis\u00e9 par la LDH - Remiremont Info<\/title>\n<meta name=\"robots\" content=\"index, follow, max-snippet:-1, max-image-preview:large, max-video-preview:-1\" \/>\n<link rel=\"canonical\" href=\"https:\/\/vosgesinfo.fr\/remiremontinfo\/2026\/03\/plus-de-cent-personnes-au-cine-debat-organise-par-la-ldh\/\" \/>\n<meta name=\"twitter:card\" content=\"summary_large_image\" \/>\n<meta name=\"twitter:title\" content=\"Plus de cent personnes au Cin\u00e9-D\u00e9bat organis\u00e9 par la LDH - Remiremont Info\" \/>\n<meta name=\"twitter:description\" content=\"Plus de 100 personnes \u00e9taient pr\u00e9sentes vendredi soir, 13 mars, au cin\u00e9ma le Majestic de Remiremont pour assister \u00e0 la [&hellip;]\" \/>\n<meta name=\"twitter:image\" content=\"https:\/\/vosgesinfo.fr\/app\/uploads\/sites\/5\/2026\/03\/cine-debat-ldh3.jpg\" \/>\n<meta name=\"twitter:creator\" content=\"@VosgesInfo88\" \/>\n<meta name=\"twitter:site\" content=\"@VosgesInfo88\" \/>\n<meta name=\"twitter:label1\" content=\"\u00c9crit par\" \/>\n\t<meta name=\"twitter:data1\" content=\"La redaction\" \/>\n\t<meta name=\"twitter:label2\" content=\"Dur\u00e9e de lecture estim\u00e9e\" \/>\n\t<meta name=\"twitter:data2\" content=\"2 minutes\" \/>\n<script type=\"application\/ld+json\" class=\"yoast-schema-graph\">{\"@context\":\"https:\/\/schema.org\",\"@graph\":[{\"@type\":\"Article\",\"@id\":\"https:\/\/vosgesinfo.fr\/remiremontinfo\/2026\/03\/plus-de-cent-personnes-au-cine-debat-organise-par-la-ldh\/#article\",\"isPartOf\":{\"@id\":\"https:\/\/vosgesinfo.fr\/remiremontinfo\/2026\/03\/plus-de-cent-personnes-au-cine-debat-organise-par-la-ldh\/\"},\"author\":{\"name\":\"La redaction\",\"@id\":\"https:\/\/vosgesinfo.fr\/remiremontinfo\/#\/schema\/person\/27a3695b06db98895b354c0765cdfc31\"},\"headline\":\"Plus de cent personnes au Cin\u00e9-D\u00e9bat organis\u00e9 par la LDH\",\"datePublished\":\"2026-03-16T04:45:04+00:00\",\"dateModified\":\"2026-03-15T20:48:57+00:00\",\"mainEntityOfPage\":{\"@id\":\"https:\/\/vosgesinfo.fr\/remiremontinfo\/2026\/03\/plus-de-cent-personnes-au-cine-debat-organise-par-la-ldh\/\"},\"wordCount\":163,\"commentCount\":0,\"publisher\":{\"@id\":\"https:\/\/vosgesinfo.fr\/remiremontinfo\/#organization\"},\"image\":{\"@id\":\"https:\/\/vosgesinfo.fr\/remiremontinfo\/2026\/03\/plus-de-cent-personnes-au-cine-debat-organise-par-la-ldh\/#primaryimage\"},\"thumbnailUrl\":\"https:\/\/vosgesinfo.fr\/app\/uploads\/sites\/5\/2026\/03\/cine-debat-ldh3.jpg\",\"keywords\":[\"LDH Remiremont\"],\"articleSection\":[\"A la Une\",\"cin\u00e9ma\",\"Culture\",\"Remiremont &amp; son canton\",\"Soci\u00e9t\u00e9\",\"Solidarit\u00e9\",\"Vie associative\"],\"inLanguage\":\"fr-FR\",\"potentialAction\":[{\"@type\":\"CommentAction\",\"name\":\"Comment\",\"target\":[\"https:\/\/vosgesinfo.fr\/remiremontinfo\/2026\/03\/plus-de-cent-personnes-au-cine-debat-organise-par-la-ldh\/#respond\"]}]},{\"@type\":\"WebPage\",\"@id\":\"https:\/\/vosgesinfo.fr\/remiremontinfo\/2026\/03\/plus-de-cent-personnes-au-cine-debat-organise-par-la-ldh\/\",\"url\":\"https:\/\/vosgesinfo.fr\/remiremontinfo\/2026\/03\/plus-de-cent-personnes-au-cine-debat-organise-par-la-ldh\/\",\"name\":\"Plus de cent personnes au Cin\u00e9-D\u00e9bat organis\u00e9 par la LDH - Remiremont Info\",\"isPartOf\":{\"@id\":\"https:\/\/vosgesinfo.fr\/remiremontinfo\/#website\"},\"primaryImageOfPage\":{\"@id\":\"https:\/\/vosgesinfo.fr\/remiremontinfo\/2026\/03\/plus-de-cent-personnes-au-cine-debat-organise-par-la-ldh\/#primaryimage\"},\"image\":{\"@id\":\"https:\/\/vosgesinfo.fr\/remiremontinfo\/2026\/03\/plus-de-cent-personnes-au-cine-debat-organise-par-la-ldh\/#primaryimage\"},\"thumbnailUrl\":\"https:\/\/vosgesinfo.fr\/app\/uploads\/sites\/5\/2026\/03\/cine-debat-ldh3.jpg\",\"datePublished\":\"2026-03-16T04:45:04+00:00\",\"dateModified\":\"2026-03-15T20:48:57+00:00\",\"breadcrumb\":{\"@id\":\"https:\/\/vosgesinfo.fr\/remiremontinfo\/2026\/03\/plus-de-cent-personnes-au-cine-debat-organise-par-la-ldh\/#breadcrumb\"},\"inLanguage\":\"fr-FR\",\"potentialAction\":[{\"@type\":\"ReadAction\",\"target\":[\"https:\/\/vosgesinfo.fr\/remiremontinfo\/2026\/03\/plus-de-cent-personnes-au-cine-debat-organise-par-la-ldh\/\"]}]},{\"@type\":\"ImageObject\",\"inLanguage\":\"fr-FR\",\"@id\":\"https:\/\/vosgesinfo.fr\/remiremontinfo\/2026\/03\/plus-de-cent-personnes-au-cine-debat-organise-par-la-ldh\/#primaryimage\",\"url\":\"https:\/\/vosgesinfo.fr\/app\/uploads\/sites\/5\/2026\/03\/cine-debat-ldh3.jpg\",\"contentUrl\":\"https:\/\/vosgesinfo.fr\/app\/uploads\/sites\/5\/2026\/03\/cine-debat-ldh3.jpg\",\"width\":379,\"height\":563},{\"@type\":\"BreadcrumbList\",\"@id\":\"https:\/\/vosgesinfo.fr\/remiremontinfo\/2026\/03\/plus-de-cent-personnes-au-cine-debat-organise-par-la-ldh\/#breadcrumb\",\"itemListElement\":[{\"@type\":\"ListItem\",\"position\":1,\"name\":\"Home\",\"item\":\"https:\/\/vosgesinfo.fr\/remiremontinfo\/\"},{\"@type\":\"ListItem\",\"position\":2,\"name\":\"Plus de cent personnes au Cin\u00e9-D\u00e9bat organis\u00e9 par la LDH\"}]},{\"@type\":\"WebSite\",\"@id\":\"https:\/\/vosgesinfo.fr\/remiremontinfo\/#website\",\"url\":\"https:\/\/vosgesinfo.fr\/remiremontinfo\/\",\"name\":\"Remiremont Info\",\"description\":\"Toute l&#039;actualit\u00e9 de Remiremont\",\"publisher\":{\"@id\":\"https:\/\/vosgesinfo.fr\/remiremontinfo\/#organization\"},\"alternateName\":\"Toute l'actualit\u00e9 de Remiremont\",\"potentialAction\":[{\"@type\":\"SearchAction\",\"target\":{\"@type\":\"EntryPoint\",\"urlTemplate\":\"https:\/\/vosgesinfo.fr\/remiremontinfo\/?s={search_term_string}\"},\"query-input\":\"required name=search_term_string\"}],\"inLanguage\":\"fr-FR\"},{\"@type\":\"Organization\",\"@id\":\"https:\/\/vosgesinfo.fr\/remiremontinfo\/#organization\",\"name\":\"Remiremont Info\",\"url\":\"https:\/\/vosgesinfo.fr\/remiremontinfo\/\",\"logo\":{\"@type\":\"ImageObject\",\"inLanguage\":\"fr-FR\",\"@id\":\"https:\/\/vosgesinfo.fr\/remiremontinfo\/#\/schema\/logo\/image\/\",\"url\":\"https:\/\/vosgesinfo.fr\/app\/uploads\/sites\/5\/2023\/08\/favicon-remiremontinfo.png\",\"contentUrl\":\"https:\/\/vosgesinfo.fr\/app\/uploads\/sites\/5\/2023\/08\/favicon-remiremontinfo.png\",\"width\":512,\"height\":512,\"caption\":\"Remiremont Info\"},\"image\":{\"@id\":\"https:\/\/vosgesinfo.fr\/remiremontinfo\/#\/schema\/logo\/image\/\"},\"sameAs\":[\"https:\/\/www.facebook.com\/remiremontinfo\",\"https:\/\/x.com\/VosgesInfo88\",\"https:\/\/www.youtube.com\/@vosgesinfo\"]},{\"@type\":\"Person\",\"@id\":\"https:\/\/vosgesinfo.fr\/remiremontinfo\/#\/schema\/person\/27a3695b06db98895b354c0765cdfc31\",\"name\":\"La redaction\",\"image\":{\"@type\":\"ImageObject\",\"inLanguage\":\"fr-FR\",\"@id\":\"https:\/\/vosgesinfo.fr\/remiremontinfo\/#\/schema\/person\/image\/\",\"url\":\"https:\/\/secure.gravatar.com\/avatar\/64c76a78e501cedee55736f43f332df901e1896ae9cd8fad269ae2236dd0e8b6?s=96&d=mm&r=g\",\"contentUrl\":\"https:\/\/secure.gravatar.com\/avatar\/64c76a78e501cedee55736f43f332df901e1896ae9cd8fad269ae2236dd0e8b6?s=96&d=mm&r=g\",\"caption\":\"La redaction\"},\"url\":\"https:\/\/vosgesinfo.fr\/remiremontinfo\/author\/la-redaction\/\"}]}<\/script>\n<!-- \/ Yoast SEO plugin. -->","yoast_head_json":{"title":"Plus de cent personnes au Cin\u00e9-D\u00e9bat organis\u00e9 par la LDH - Remiremont Info","robots":{"index":"index","follow":"follow","max-snippet":"max-snippet:-1","max-image-preview":"max-image-preview:large","max-video-preview":"max-video-preview:-1"},"canonical":"https:\/\/vosgesinfo.fr\/remiremontinfo\/2026\/03\/plus-de-cent-personnes-au-cine-debat-organise-par-la-ldh\/","twitter_card":"summary_large_image","twitter_title":"Plus de cent personnes au Cin\u00e9-D\u00e9bat organis\u00e9 par la LDH - Remiremont Info","twitter_description":"Plus de 100 personnes \u00e9taient pr\u00e9sentes vendredi soir, 13 mars, au cin\u00e9ma le Majestic de Remiremont pour assister \u00e0 la [&hellip;]","twitter_image":"https:\/\/vosgesinfo.fr\/app\/uploads\/sites\/5\/2026\/03\/cine-debat-ldh3.jpg","twitter_creator":"@VosgesInfo88","twitter_site":"@VosgesInfo88","twitter_misc":{"\u00c9crit par":"La redaction","Dur\u00e9e de lecture estim\u00e9e":"2 minutes"},"schema":{"@context":"https:\/\/schema.org","@graph":[{"@type":"Article","@id":"https:\/\/vosgesinfo.fr\/remiremontinfo\/2026\/03\/plus-de-cent-personnes-au-cine-debat-organise-par-la-ldh\/#article","isPartOf":{"@id":"https:\/\/vosgesinfo.fr\/remiremontinfo\/2026\/03\/plus-de-cent-personnes-au-cine-debat-organise-par-la-ldh\/"},"author":{"name":"La redaction","@id":"https:\/\/vosgesinfo.fr\/remiremontinfo\/#\/schema\/person\/27a3695b06db98895b354c0765cdfc31"},"headline":"Plus de cent personnes au Cin\u00e9-D\u00e9bat organis\u00e9 par la LDH","datePublished":"2026-03-16T04:45:04+00:00","dateModified":"2026-03-15T20:48:57+00:00","mainEntityOfPage":{"@id":"https:\/\/vosgesinfo.fr\/remiremontinfo\/2026\/03\/plus-de-cent-personnes-au-cine-debat-organise-par-la-ldh\/"},"wordCount":163,"commentCount":0,"publisher":{"@id":"https:\/\/vosgesinfo.fr\/remiremontinfo\/#organization"},"image":{"@id":"https:\/\/vosgesinfo.fr\/remiremontinfo\/2026\/03\/plus-de-cent-personnes-au-cine-debat-organise-par-la-ldh\/#primaryimage"},"thumbnailUrl":"https:\/\/vosgesinfo.fr\/app\/uploads\/sites\/5\/2026\/03\/cine-debat-ldh3.jpg","keywords":["LDH Remiremont"],"articleSection":["A la Une","cin\u00e9ma","Culture","Remiremont &amp; son canton","Soci\u00e9t\u00e9","Solidarit\u00e9","Vie associative"],"inLanguage":"fr-FR","potentialAction":[{"@type":"CommentAction","name":"Comment","target":["https:\/\/vosgesinfo.fr\/remiremontinfo\/2026\/03\/plus-de-cent-personnes-au-cine-debat-organise-par-la-ldh\/#respond"]}]},{"@type":"WebPage","@id":"https:\/\/vosgesinfo.fr\/remiremontinfo\/2026\/03\/plus-de-cent-personnes-au-cine-debat-organise-par-la-ldh\/","url":"https:\/\/vosgesinfo.fr\/remiremontinfo\/2026\/03\/plus-de-cent-personnes-au-cine-debat-organise-par-la-ldh\/","name":"Plus de cent personnes au Cin\u00e9-D\u00e9bat organis\u00e9 par la LDH - Remiremont Info","isPartOf":{"@id":"https:\/\/vosgesinfo.fr\/remiremontinfo\/#website"},"primaryImageOfPage":{"@id":"https:\/\/vosgesinfo.fr\/remiremontinfo\/2026\/03\/plus-de-cent-personnes-au-cine-debat-organise-par-la-ldh\/#primaryimage"},"image":{"@id":"https:\/\/vosgesinfo.fr\/remiremontinfo\/2026\/03\/plus-de-cent-personnes-au-cine-debat-organise-par-la-ldh\/#primaryimage"},"thumbnailUrl":"https:\/\/vosgesinfo.fr\/app\/uploads\/sites\/5\/2026\/03\/cine-debat-ldh3.jpg","datePublished":"2026-03-16T04:45:04+00:00","dateModified":"2026-03-15T20:48:57+00:00","breadcrumb":{"@id":"https:\/\/vosgesinfo.fr\/remiremontinfo\/2026\/03\/plus-de-cent-personnes-au-cine-debat-organise-par-la-ldh\/#breadcrumb"},"inLanguage":"fr-FR","potentialAction":[{"@type":"ReadAction","target":["https:\/\/vosgesinfo.fr\/remiremontinfo\/2026\/03\/plus-de-cent-personnes-au-cine-debat-organise-par-la-ldh\/"]}]},{"@type":"ImageObject","inLanguage":"fr-FR","@id":"https:\/\/vosgesinfo.fr\/remiremontinfo\/2026\/03\/plus-de-cent-personnes-au-cine-debat-organise-par-la-ldh\/#primaryimage","url":"https:\/\/vosgesinfo.fr\/app\/uploads\/sites\/5\/2026\/03\/cine-debat-ldh3.jpg","contentUrl":"https:\/\/vosgesinfo.fr\/app\/uploads\/sites\/5\/2026\/03\/cine-debat-ldh3.jpg","width":379,"height":563},{"@type":"BreadcrumbList","@id":"https:\/\/vosgesinfo.fr\/remiremontinfo\/2026\/03\/plus-de-cent-personnes-au-cine-debat-organise-par-la-ldh\/#breadcrumb","itemListElement":[{"@type":"ListItem","position":1,"name":"Home","item":"https:\/\/vosgesinfo.fr\/remiremontinfo\/"},{"@type":"ListItem","position":2,"name":"Plus de cent personnes au Cin\u00e9-D\u00e9bat organis\u00e9 par la LDH"}]},{"@type":"WebSite","@id":"https:\/\/vosgesinfo.fr\/remiremontinfo\/#website","url":"https:\/\/vosgesinfo.fr\/remiremontinfo\/","name":"Remiremont Info","description":"Toute l&#039;actualit\u00e9 de Remiremont","publisher":{"@id":"https:\/\/vosgesinfo.fr\/remiremontinfo\/#organization"},"alternateName":"Toute l'actualit\u00e9 de Remiremont","potentialAction":[{"@type":"SearchAction","target":{"@type":"EntryPoint","urlTemplate":"https:\/\/vosgesinfo.fr\/remiremontinfo\/?s={search_term_string}"},"query-input":"required name=search_term_string"}],"inLanguage":"fr-FR"},{"@type":"Organization","@id":"https:\/\/vosgesinfo.fr\/remiremontinfo\/#organization","name":"Remiremont Info","url":"https:\/\/vosgesinfo.fr\/remiremontinfo\/","logo":{"@type":"ImageObject","inLanguage":"fr-FR","@id":"https:\/\/vosgesinfo.fr\/remiremontinfo\/#\/schema\/logo\/image\/","url":"https:\/\/vosgesinfo.fr\/app\/uploads\/sites\/5\/2023\/08\/favicon-remiremontinfo.png","contentUrl":"https:\/\/vosgesinfo.fr\/app\/uploads\/sites\/5\/2023\/08\/favicon-remiremontinfo.png","width":512,"height":512,"caption":"Remiremont Info"},"image":{"@id":"https:\/\/vosgesinfo.fr\/remiremontinfo\/#\/schema\/logo\/image\/"},"sameAs":["https:\/\/www.facebook.com\/remiremontinfo","https:\/\/x.com\/VosgesInfo88","https:\/\/www.youtube.com\/@vosgesinfo"]},{"@type":"Person","@id":"https:\/\/vosgesinfo.fr\/remiremontinfo\/#\/schema\/person\/27a3695b06db98895b354c0765cdfc31","name":"La redaction","image":{"@type":"ImageObject","inLanguage":"fr-FR","@id":"https:\/\/vosgesinfo.fr\/remiremontinfo\/#\/schema\/person\/image\/","url":"https:\/\/secure.gravatar.com\/avatar\/64c76a78e501cedee55736f43f332df901e1896ae9cd8fad269ae2236dd0e8b6?s=96&d=mm&r=g","contentUrl":"https:\/\/secure.gravatar.com\/avatar\/64c76a78e501cedee55736f43f332df901e1896ae9cd8fad269ae2236dd0e8b6?s=96&d=mm&r=g","caption":"La redaction"},"url":"https:\/\/vosgesinfo.fr\/remiremontinfo\/author\/la-redaction\/"}]}},"_links":{"self":[{"href":"https:\/\/vosgesinfo.fr\/remiremontinfo\/wp-json\/wp\/v2\/posts\/89667","targetHints":{"allow":["GET"]}}],"collection":[{"href":"https:\/\/vosgesinfo.fr\/remiremontinfo\/wp-json\/wp\/v2\/posts"}],"about":[{"href":"https:\/\/vosgesinfo.fr\/remiremontinfo\/wp-json\/wp\/v2\/types\/post"}],"author":[{"embeddable":true,"href":"https:\/\/vosgesinfo.fr\/remiremontinfo\/wp-json\/wp\/v2\/users\/391"}],"replies":[{"embeddable":true,"href":"https:\/\/vosgesinfo.fr\/remiremontinfo\/wp-json\/wp\/v2\/comments?post=89667"}],"version-history":[{"count":5,"href":"https:\/\/vosgesinfo.fr\/remiremontinfo\/wp-json\/wp\/v2\/posts\/89667\/revisions"}],"predecessor-version":[{"id":89693,"href":"https:\/\/vosgesinfo.fr\/remiremontinfo\/wp-json\/wp\/v2\/posts\/89667\/revisions\/89693"}],"wp:featuredmedia":[{"embeddable":true,"href":"https:\/\/vosgesinfo.fr\/remiremontinfo\/wp-json\/wp\/v2\/media\/89671"}],"wp:attachment":[{"href":"https:\/\/vosgesinfo.fr\/remiremontinfo\/wp-json\/wp\/v2\/media?parent=89667"}],"wp:term":[{"taxonomy":"category","embeddable":true,"href":"https:\/\/vosgesinfo.fr\/remiremontinfo\/wp-json\/wp\/v2\/categories?post=89667"},{"taxonomy":"post_tag","embeddable":true,"href":"https:\/\/vosgesinfo.fr\/remiremontinfo\/wp-json\/wp\/v2\/tags?post=89667"}],"curies":[{"name":"wp","href":"https:\/\/api.w.org\/{rel}","templated":true}]}}