{"id":89709,"date":"2026-03-16T12:31:23","date_gmt":"2026-03-16T11:31:23","guid":{"rendered":"https:\/\/vosgesinfo.fr\/remiremontinfo\/2026\/03\/epinal-appel-a-temoins-apres-des-accusations-visant-un-ancien-pretre-passe-par-la-ville\/"},"modified":"2026-03-16T12:31:23","modified_gmt":"2026-03-16T11:31:23","slug":"epinal-appel-a-temoins-apres-des-accusations-visant-un-ancien-pretre-passe-par-la-ville","status":"publish","type":"post","link":"https:\/\/vosgesinfo.fr\/remiremontinfo\/2026\/03\/epinal-appel-a-temoins-apres-des-accusations-visant-un-ancien-pretre-passe-par-la-ville\/","title":{"rendered":"\u00c9pinal : appel \u00e0 t\u00e9moins apr\u00e8s des accusations visant un ancien pr\u00eatre pass\u00e9 par la ville"},"content":{"rendered":"<div id=\"attachment_140650\" style=\"width: 1546px\" class=\"wp-caption aligncenter\"><a href=\"https:\/\/vosgesinfo.fr\/app\/uploads\/sites\/3\/2026\/03\/appel-a-temoignages-pretres-diocese.jpg\"><img decoding=\"async\" aria-describedby=\"caption-attachment-140650\" class=\"size-full wp-image-140650\" src=\"https:\/\/vosgesinfo.fr\/app\/uploads\/sites\/3\/2026\/03\/appel-a-temoignages-pretres-diocese.jpg\" alt=\"\" width=\"1536\" height=\"1024\" \/><\/a><p id=\"caption-attachment-140650\" class=\"wp-caption-text\">illustration<\/p><\/div>\n<h2 data-start=\"89\" data-end=\"554\"><strong>Trois dioc\u00e8ses fran\u00e7ais invitent toute personne susceptible d\u2019apporter des informations \u00e0 se manifester apr\u00e8s la mise en cause d\u2019un pr\u00eatre aujourd\u2019hui d\u00e9c\u00e9d\u00e9. Dans un communiqu\u00e9 commun rendu public le 16 mars, les dioc\u00e8ses de <span class=\"hover:entity-accent entity-underline inline cursor-pointer align-baseline\"><span class=\"whitespace-normal\">Dioc\u00e8se de Saint-Di\u00e9<\/span><\/span>, de <span class=\"hover:entity-accent entity-underline inline cursor-pointer align-baseline\"><span class=\"whitespace-normal\">Dioc\u00e8se de Nice<\/span><\/span> et de <span class=\"hover:entity-accent entity-underline inline cursor-pointer align-baseline\"><span class=\"whitespace-normal\">Dioc\u00e8se de Fr\u00e9jus-Toulon<\/span><\/span> indiquent avoir re\u00e7u un t\u00e9moignage \u00e9voquant des violences sexuelles qui auraient \u00e9t\u00e9 commises dans les ann\u00e9es 1960.<\/strong><\/h2>\n<p data-start=\"556\" data-end=\"910\">Selon ces informations, les faits rapport\u00e9s concerneraient l\u2019abb\u00e9 <span class=\"hover:entity-accent entity-underline inline cursor-pointer align-baseline\"><span class=\"whitespace-normal\">Pierre Jeanvoine<\/span><\/span>, pr\u00eatre ayant exerc\u00e9 autrefois dans les Vosges. Les accusations portent sur une p\u00e9riode situ\u00e9e entre 1966 et 1968, alors qu\u2019il \u00e9tait impliqu\u00e9 dans les activit\u00e9s de la man\u00e9canterie de l\u2019Institution Saint-Joseph \u00e0 <span class=\"hover:entity-accent entity-underline inline cursor-pointer align-baseline\"><span class=\"whitespace-normal\">\u00c9pinal<\/span><\/span>.<\/p>\n<h3 data-section-id=\"rxtd86\" data-start=\"912\" data-end=\"960\">Un parcours pastoral dans plusieurs dioc\u00e8ses<\/h3>\n<p data-start=\"962\" data-end=\"1298\">Ordonn\u00e9 et affect\u00e9 dans le dioc\u00e8se de Saint-Di\u00e9 \u00e0 partir de 1948, le pr\u00eatre aurait quitt\u00e9 les Vosges en 1968 pour rejoindre <span class=\"hover:entity-accent entity-underline inline cursor-pointer align-baseline\"><span class=\"whitespace-normal\">Saint\u2011Rapha\u00ebl<\/span><\/span>, dans le dioc\u00e8se de Fr\u00e9jus-Toulon. Plusieurs ann\u00e9es plus tard, en 1975, il aurait poursuivi son minist\u00e8re \u00e0 <span class=\"hover:entity-accent entity-underline inline cursor-pointer align-baseline\"><span class=\"whitespace-normal\">Antibes<\/span><\/span>, au sein du dioc\u00e8se de Nice.<\/p>\n<p data-start=\"1300\" data-end=\"1506\">\u00c0 la suite du t\u00e9moignage r\u00e9cemment port\u00e9 \u00e0 leur connaissance, les autorit\u00e9s dioc\u00e9saines souhaitent d\u00e9sormais recueillir d\u2019\u00e9ventuels r\u00e9cits similaires ou toute information pouvant \u00e9clairer les faits \u00e9voqu\u00e9s.<\/p>\n<h3 data-section-id=\"152c5ch\" data-start=\"1508\" data-end=\"1557\">Des dispositifs d\u2019\u00e9coute ouverts aux victimes<\/h3>\n<p data-start=\"1559\" data-end=\"1877\">Dans leur d\u00e9claration, les trois dioc\u00e8ses expliquent vouloir agir \u00ab dans une d\u00e9marche de v\u00e9rit\u00e9 et de justice \u00bb. Les personnes qui auraient \u00e9t\u00e9 victimes ou qui disposeraient d\u2019\u00e9l\u00e9ments susceptibles d\u2019aider \u00e0 la compr\u00e9hension des \u00e9v\u00e9nements sont encourag\u00e9es \u00e0 prendre contact avec les dispositifs d\u2019\u00e9coute mis en place.<\/p>\n<p data-start=\"1879\" data-end=\"1918\">Plusieurs structures sont accessibles :<\/p>\n<ul data-start=\"1920\" data-end=\"2384\">\n<li data-section-id=\"1bj3eg3\" data-start=\"1920\" data-end=\"2017\">\n<p data-start=\"1922\" data-end=\"2017\">la cellule d\u2019\u00e9coute du <span class=\"hover:entity-accent entity-underline inline cursor-pointer align-baseline\"><span class=\"whitespace-normal\">Dioc\u00e8se de Saint-Di\u00e9<\/span><\/span> : <a class=\"decorated-link cursor-pointer\" rel=\"noopener\" data-start=\"1985\" data-end=\"2015\">cellule.ecoute@catholique88.fr<\/a><\/p>\n<\/li>\n<li data-section-id=\"1wtirb1\" data-start=\"2018\" data-end=\"2143\">\n<p data-start=\"2020\" data-end=\"2143\">la cellule d\u2019\u00e9coute du <span class=\"hover:entity-accent entity-underline inline cursor-pointer align-baseline\"><span class=\"whitespace-normal\">Dioc\u00e8se de Fr\u00e9jus-Toulon<\/span><\/span> : <a class=\"decorated-link cursor-pointer\" rel=\"noopener\" data-start=\"2083\" data-end=\"2124\">ecoute.victimes@diocese-frejus-toulon.com<\/a> \u2013 06 81 38 60 74<\/p>\n<\/li>\n<li data-section-id=\"gin1b8\" data-start=\"2144\" data-end=\"2247\">\n<p data-start=\"2146\" data-end=\"2247\">la cellule d\u2019\u00e9coute du <span class=\"hover:entity-accent entity-underline inline cursor-pointer align-baseline\"><span class=\"whitespace-normal\">Dioc\u00e8se de Nice<\/span><\/span> : <a class=\"decorated-link cursor-pointer\" rel=\"noopener\" data-start=\"2209\" data-end=\"2245\">ecoute.souffrance@nice.catholique.fr<\/a><\/p>\n<\/li>\n<li data-section-id=\"1dyblsn\" data-start=\"2248\" data-end=\"2316\">\n<p data-start=\"2250\" data-end=\"2316\">l\u2019<span class=\"hover:entity-accent entity-underline inline cursor-pointer align-baseline\"><span class=\"whitespace-normal\">Instance nationale ind\u00e9pendante de reconnaissance et de r\u00e9paration<\/span><\/span> : <a class=\"decorated-link cursor-pointer\" rel=\"noopener\" data-start=\"2294\" data-end=\"2314\">secretariat@inirr.fr<\/a><\/p>\n<\/li>\n<li data-section-id=\"s58hqb\" data-start=\"2317\" data-end=\"2384\">\n<p data-start=\"2319\" data-end=\"2384\">l\u2019association <span class=\"hover:entity-accent entity-underline inline cursor-pointer align-baseline\"><span class=\"whitespace-normal\">France Victimes<\/span><\/span> : 116 006<\/p>\n<\/li>\n<\/ul>\n<h3 data-section-id=\"1ro367a\" data-start=\"2386\" data-end=\"2430\"><\/h3>\n<h3 data-section-id=\"1ro367a\" data-start=\"2386\" data-end=\"2430\">\u00ab Aucun t\u00e9moignage ne doit \u00eatre ignor\u00e9 \u00bb<\/h3>\n<p data-start=\"2432\" data-end=\"2726\">Dans ce communiqu\u00e9 commun, les \u00e9v\u00eaques soulignent qu\u2019aucune situation de violence ou d\u2019abus ne doit \u00eatre pass\u00e9e sous silence, m\u00eame plusieurs d\u00e9cennies apr\u00e8s les faits. Ils assurent condamner fermement ce type d\u2019actes et expriment leur soutien aux personnes susceptibles d\u2019en avoir \u00e9t\u00e9 victimes.<\/p>\n<p data-start=\"2728\" data-end=\"2938\" data-is-last-node=\"\" data-is-only-node=\"\">Le texte est sign\u00e9 par <span class=\"hover:entity-accent entity-underline inline cursor-pointer align-baseline\"><span class=\"whitespace-normal\">Fran\u00e7ois Gourdon<\/span><\/span>, \u00e9v\u00eaque de Saint-Di\u00e9, <span class=\"hover:entity-accent entity-underline inline cursor-pointer align-baseline\"><span class=\"whitespace-normal\">Fran\u00e7ois Touvet<\/span><\/span>, \u00e9v\u00eaque de Fr\u00e9jus-Toulon, et <span class=\"hover:entity-accent entity-underline inline cursor-pointer align-baseline\"><span class=\"whitespace-normal\">Jean\u2011Philippe Nault<\/span><\/span>, \u00e9v\u00eaque de Nice.<\/p>\n","protected":false},"excerpt":{"rendered":"<p>Trois dioc\u00e8ses fran\u00e7ais invitent toute personne susceptible d\u2019apporter des informations \u00e0 se manifester apr\u00e8s la mise en cause d\u2019un pr\u00eatre [&hellip;]<\/p>\n","protected":false},"author":52,"featured_media":89710,"comment_status":"open","ping_status":"open","sticky":false,"template":"","format":"standard","meta":{"footnotes":""},"categories":[26,108,62,845,43,362],"tags":[],"class_list":["post-89709","post","type-post","status-publish","format-standard","has-post-thumbnail","hentry","category-a-la-une","category-epinal","category-gerardmer","category-la-plaine-des-vosges","category-remiremont-remiremont-son-canton","category-saint-die"],"acf":[],"yoast_head":"<!-- This site is optimized with the Yoast SEO plugin v22.5 - https:\/\/yoast.com\/wordpress\/plugins\/seo\/ -->\n<title>\u00c9pinal : appel \u00e0 t\u00e9moins apr\u00e8s des accusations visant un ancien pr\u00eatre pass\u00e9 par la ville - Remiremont Info<\/title>\n<meta name=\"robots\" content=\"index, follow, max-snippet:-1, max-image-preview:large, max-video-preview:-1\" \/>\n<link rel=\"canonical\" href=\"https:\/\/vosgesinfo.fr\/remiremontinfo\/2026\/03\/epinal-appel-a-temoins-apres-des-accusations-visant-un-ancien-pretre-passe-par-la-ville\/\" \/>\n<meta name=\"twitter:card\" content=\"summary_large_image\" \/>\n<meta name=\"twitter:title\" content=\"\u00c9pinal : appel \u00e0 t\u00e9moins apr\u00e8s des accusations visant un ancien pr\u00eatre pass\u00e9 par la ville - Remiremont Info\" \/>\n<meta name=\"twitter:description\" content=\"Trois dioc\u00e8ses fran\u00e7ais invitent toute personne susceptible d\u2019apporter des informations \u00e0 se manifester apr\u00e8s la mise en cause d\u2019un pr\u00eatre [&hellip;]\" \/>\n<meta name=\"twitter:image\" content=\"https:\/\/vosgesinfo.fr\/app\/uploads\/sites\/5\/2026\/03\/appel-a-temoignages-pretres-diocese.jpg\" \/>\n<meta name=\"twitter:creator\" content=\"@VosgesInfo88\" \/>\n<meta name=\"twitter:site\" content=\"@VosgesInfo88\" \/>\n<meta name=\"twitter:label1\" content=\"\u00c9crit par\" \/>\n\t<meta name=\"twitter:data1\" content=\"C.K.\" \/>\n\t<meta name=\"twitter:label2\" content=\"Dur\u00e9e de lecture estim\u00e9e\" \/>\n\t<meta name=\"twitter:data2\" content=\"2 minutes\" \/>\n<script type=\"application\/ld+json\" class=\"yoast-schema-graph\">{\"@context\":\"https:\/\/schema.org\",\"@graph\":[{\"@type\":\"Article\",\"@id\":\"https:\/\/vosgesinfo.fr\/remiremontinfo\/2026\/03\/epinal-appel-a-temoins-apres-des-accusations-visant-un-ancien-pretre-passe-par-la-ville\/#article\",\"isPartOf\":{\"@id\":\"https:\/\/vosgesinfo.fr\/remiremontinfo\/2026\/03\/epinal-appel-a-temoins-apres-des-accusations-visant-un-ancien-pretre-passe-par-la-ville\/\"},\"author\":{\"name\":\"C.K.\",\"@id\":\"https:\/\/vosgesinfo.fr\/remiremontinfo\/#\/schema\/person\/6f9a650eeea99d969b6c4ab78fccbe81\"},\"headline\":\"\u00c9pinal : appel \u00e0 t\u00e9moins apr\u00e8s des accusations visant un ancien pr\u00eatre pass\u00e9 par la ville\",\"datePublished\":\"2026-03-16T11:31:23+00:00\",\"dateModified\":\"2026-03-16T11:31:23+00:00\",\"mainEntityOfPage\":{\"@id\":\"https:\/\/vosgesinfo.fr\/remiremontinfo\/2026\/03\/epinal-appel-a-temoins-apres-des-accusations-visant-un-ancien-pretre-passe-par-la-ville\/\"},\"wordCount\":454,\"commentCount\":0,\"publisher\":{\"@id\":\"https:\/\/vosgesinfo.fr\/remiremontinfo\/#organization\"},\"image\":{\"@id\":\"https:\/\/vosgesinfo.fr\/remiremontinfo\/2026\/03\/epinal-appel-a-temoins-apres-des-accusations-visant-un-ancien-pretre-passe-par-la-ville\/#primaryimage\"},\"thumbnailUrl\":\"https:\/\/vosgesinfo.fr\/app\/uploads\/sites\/5\/2026\/03\/appel-a-temoignages-pretres-diocese.jpg\",\"articleSection\":[\"A la Une\",\"Epinal\",\"G\u00e9rardmer\",\"La plaine des vosges\",\"Remiremont\",\"Saint-di\u00e9\"],\"inLanguage\":\"fr-FR\",\"potentialAction\":[{\"@type\":\"CommentAction\",\"name\":\"Comment\",\"target\":[\"https:\/\/vosgesinfo.fr\/remiremontinfo\/2026\/03\/epinal-appel-a-temoins-apres-des-accusations-visant-un-ancien-pretre-passe-par-la-ville\/#respond\"]}]},{\"@type\":\"WebPage\",\"@id\":\"https:\/\/vosgesinfo.fr\/remiremontinfo\/2026\/03\/epinal-appel-a-temoins-apres-des-accusations-visant-un-ancien-pretre-passe-par-la-ville\/\",\"url\":\"https:\/\/vosgesinfo.fr\/remiremontinfo\/2026\/03\/epinal-appel-a-temoins-apres-des-accusations-visant-un-ancien-pretre-passe-par-la-ville\/\",\"name\":\"\u00c9pinal : appel \u00e0 t\u00e9moins apr\u00e8s des accusations visant un ancien pr\u00eatre pass\u00e9 par la ville - Remiremont Info\",\"isPartOf\":{\"@id\":\"https:\/\/vosgesinfo.fr\/remiremontinfo\/#website\"},\"primaryImageOfPage\":{\"@id\":\"https:\/\/vosgesinfo.fr\/remiremontinfo\/2026\/03\/epinal-appel-a-temoins-apres-des-accusations-visant-un-ancien-pretre-passe-par-la-ville\/#primaryimage\"},\"image\":{\"@id\":\"https:\/\/vosgesinfo.fr\/remiremontinfo\/2026\/03\/epinal-appel-a-temoins-apres-des-accusations-visant-un-ancien-pretre-passe-par-la-ville\/#primaryimage\"},\"thumbnailUrl\":\"https:\/\/vosgesinfo.fr\/app\/uploads\/sites\/5\/2026\/03\/appel-a-temoignages-pretres-diocese.jpg\",\"datePublished\":\"2026-03-16T11:31:23+00:00\",\"dateModified\":\"2026-03-16T11:31:23+00:00\",\"breadcrumb\":{\"@id\":\"https:\/\/vosgesinfo.fr\/remiremontinfo\/2026\/03\/epinal-appel-a-temoins-apres-des-accusations-visant-un-ancien-pretre-passe-par-la-ville\/#breadcrumb\"},\"inLanguage\":\"fr-FR\",\"potentialAction\":[{\"@type\":\"ReadAction\",\"target\":[\"https:\/\/vosgesinfo.fr\/remiremontinfo\/2026\/03\/epinal-appel-a-temoins-apres-des-accusations-visant-un-ancien-pretre-passe-par-la-ville\/\"]}]},{\"@type\":\"ImageObject\",\"inLanguage\":\"fr-FR\",\"@id\":\"https:\/\/vosgesinfo.fr\/remiremontinfo\/2026\/03\/epinal-appel-a-temoins-apres-des-accusations-visant-un-ancien-pretre-passe-par-la-ville\/#primaryimage\",\"url\":\"https:\/\/vosgesinfo.fr\/app\/uploads\/sites\/5\/2026\/03\/appel-a-temoignages-pretres-diocese.jpg\",\"contentUrl\":\"https:\/\/vosgesinfo.fr\/app\/uploads\/sites\/5\/2026\/03\/appel-a-temoignages-pretres-diocese.jpg\",\"width\":1536,\"height\":1024},{\"@type\":\"BreadcrumbList\",\"@id\":\"https:\/\/vosgesinfo.fr\/remiremontinfo\/2026\/03\/epinal-appel-a-temoins-apres-des-accusations-visant-un-ancien-pretre-passe-par-la-ville\/#breadcrumb\",\"itemListElement\":[{\"@type\":\"ListItem\",\"position\":1,\"name\":\"Home\",\"item\":\"https:\/\/vosgesinfo.fr\/remiremontinfo\/\"},{\"@type\":\"ListItem\",\"position\":2,\"name\":\"\u00c9pinal : appel \u00e0 t\u00e9moins apr\u00e8s des accusations visant un ancien pr\u00eatre pass\u00e9 par la ville\"}]},{\"@type\":\"WebSite\",\"@id\":\"https:\/\/vosgesinfo.fr\/remiremontinfo\/#website\",\"url\":\"https:\/\/vosgesinfo.fr\/remiremontinfo\/\",\"name\":\"Remiremont Info\",\"description\":\"Toute l&#039;actualit\u00e9 de Remiremont\",\"publisher\":{\"@id\":\"https:\/\/vosgesinfo.fr\/remiremontinfo\/#organization\"},\"alternateName\":\"Toute l'actualit\u00e9 de Remiremont\",\"potentialAction\":[{\"@type\":\"SearchAction\",\"target\":{\"@type\":\"EntryPoint\",\"urlTemplate\":\"https:\/\/vosgesinfo.fr\/remiremontinfo\/?s={search_term_string}\"},\"query-input\":\"required name=search_term_string\"}],\"inLanguage\":\"fr-FR\"},{\"@type\":\"Organization\",\"@id\":\"https:\/\/vosgesinfo.fr\/remiremontinfo\/#organization\",\"name\":\"Remiremont Info\",\"url\":\"https:\/\/vosgesinfo.fr\/remiremontinfo\/\",\"logo\":{\"@type\":\"ImageObject\",\"inLanguage\":\"fr-FR\",\"@id\":\"https:\/\/vosgesinfo.fr\/remiremontinfo\/#\/schema\/logo\/image\/\",\"url\":\"https:\/\/vosgesinfo.fr\/app\/uploads\/sites\/5\/2023\/08\/favicon-remiremontinfo.png\",\"contentUrl\":\"https:\/\/vosgesinfo.fr\/app\/uploads\/sites\/5\/2023\/08\/favicon-remiremontinfo.png\",\"width\":512,\"height\":512,\"caption\":\"Remiremont Info\"},\"image\":{\"@id\":\"https:\/\/vosgesinfo.fr\/remiremontinfo\/#\/schema\/logo\/image\/\"},\"sameAs\":[\"https:\/\/www.facebook.com\/remiremontinfo\",\"https:\/\/x.com\/VosgesInfo88\",\"https:\/\/www.youtube.com\/@vosgesinfo\"]},{\"@type\":\"Person\",\"@id\":\"https:\/\/vosgesinfo.fr\/remiremontinfo\/#\/schema\/person\/6f9a650eeea99d969b6c4ab78fccbe81\",\"name\":\"C.K.\",\"image\":{\"@type\":\"ImageObject\",\"inLanguage\":\"fr-FR\",\"@id\":\"https:\/\/vosgesinfo.fr\/remiremontinfo\/#\/schema\/person\/image\/\",\"url\":\"https:\/\/secure.gravatar.com\/avatar\/48e3fc7f8421ba8942be6b74a2b7f014ca39bc00dece156b7a8e098ae7dc87bf?s=96&d=mm&r=g\",\"contentUrl\":\"https:\/\/secure.gravatar.com\/avatar\/48e3fc7f8421ba8942be6b74a2b7f014ca39bc00dece156b7a8e098ae7dc87bf?s=96&d=mm&r=g\",\"caption\":\"C.K.\"},\"url\":\"https:\/\/vosgesinfo.fr\/remiremontinfo\/author\/celia-k-n\/\"}]}<\/script>\n<!-- \/ Yoast SEO plugin. -->","yoast_head_json":{"title":"\u00c9pinal : appel \u00e0 t\u00e9moins apr\u00e8s des accusations visant un ancien pr\u00eatre pass\u00e9 par la ville - Remiremont Info","robots":{"index":"index","follow":"follow","max-snippet":"max-snippet:-1","max-image-preview":"max-image-preview:large","max-video-preview":"max-video-preview:-1"},"canonical":"https:\/\/vosgesinfo.fr\/remiremontinfo\/2026\/03\/epinal-appel-a-temoins-apres-des-accusations-visant-un-ancien-pretre-passe-par-la-ville\/","twitter_card":"summary_large_image","twitter_title":"\u00c9pinal : appel \u00e0 t\u00e9moins apr\u00e8s des accusations visant un ancien pr\u00eatre pass\u00e9 par la ville - Remiremont Info","twitter_description":"Trois dioc\u00e8ses fran\u00e7ais invitent toute personne susceptible d\u2019apporter des informations \u00e0 se manifester apr\u00e8s la mise en cause d\u2019un pr\u00eatre [&hellip;]","twitter_image":"https:\/\/vosgesinfo.fr\/app\/uploads\/sites\/5\/2026\/03\/appel-a-temoignages-pretres-diocese.jpg","twitter_creator":"@VosgesInfo88","twitter_site":"@VosgesInfo88","twitter_misc":{"\u00c9crit par":"C.K.","Dur\u00e9e de lecture estim\u00e9e":"2 minutes"},"schema":{"@context":"https:\/\/schema.org","@graph":[{"@type":"Article","@id":"https:\/\/vosgesinfo.fr\/remiremontinfo\/2026\/03\/epinal-appel-a-temoins-apres-des-accusations-visant-un-ancien-pretre-passe-par-la-ville\/#article","isPartOf":{"@id":"https:\/\/vosgesinfo.fr\/remiremontinfo\/2026\/03\/epinal-appel-a-temoins-apres-des-accusations-visant-un-ancien-pretre-passe-par-la-ville\/"},"author":{"name":"C.K.","@id":"https:\/\/vosgesinfo.fr\/remiremontinfo\/#\/schema\/person\/6f9a650eeea99d969b6c4ab78fccbe81"},"headline":"\u00c9pinal : appel \u00e0 t\u00e9moins apr\u00e8s des accusations visant un ancien pr\u00eatre pass\u00e9 par la ville","datePublished":"2026-03-16T11:31:23+00:00","dateModified":"2026-03-16T11:31:23+00:00","mainEntityOfPage":{"@id":"https:\/\/vosgesinfo.fr\/remiremontinfo\/2026\/03\/epinal-appel-a-temoins-apres-des-accusations-visant-un-ancien-pretre-passe-par-la-ville\/"},"wordCount":454,"commentCount":0,"publisher":{"@id":"https:\/\/vosgesinfo.fr\/remiremontinfo\/#organization"},"image":{"@id":"https:\/\/vosgesinfo.fr\/remiremontinfo\/2026\/03\/epinal-appel-a-temoins-apres-des-accusations-visant-un-ancien-pretre-passe-par-la-ville\/#primaryimage"},"thumbnailUrl":"https:\/\/vosgesinfo.fr\/app\/uploads\/sites\/5\/2026\/03\/appel-a-temoignages-pretres-diocese.jpg","articleSection":["A la Une","Epinal","G\u00e9rardmer","La plaine des vosges","Remiremont","Saint-di\u00e9"],"inLanguage":"fr-FR","potentialAction":[{"@type":"CommentAction","name":"Comment","target":["https:\/\/vosgesinfo.fr\/remiremontinfo\/2026\/03\/epinal-appel-a-temoins-apres-des-accusations-visant-un-ancien-pretre-passe-par-la-ville\/#respond"]}]},{"@type":"WebPage","@id":"https:\/\/vosgesinfo.fr\/remiremontinfo\/2026\/03\/epinal-appel-a-temoins-apres-des-accusations-visant-un-ancien-pretre-passe-par-la-ville\/","url":"https:\/\/vosgesinfo.fr\/remiremontinfo\/2026\/03\/epinal-appel-a-temoins-apres-des-accusations-visant-un-ancien-pretre-passe-par-la-ville\/","name":"\u00c9pinal : appel \u00e0 t\u00e9moins apr\u00e8s des accusations visant un ancien pr\u00eatre pass\u00e9 par la ville - Remiremont Info","isPartOf":{"@id":"https:\/\/vosgesinfo.fr\/remiremontinfo\/#website"},"primaryImageOfPage":{"@id":"https:\/\/vosgesinfo.fr\/remiremontinfo\/2026\/03\/epinal-appel-a-temoins-apres-des-accusations-visant-un-ancien-pretre-passe-par-la-ville\/#primaryimage"},"image":{"@id":"https:\/\/vosgesinfo.fr\/remiremontinfo\/2026\/03\/epinal-appel-a-temoins-apres-des-accusations-visant-un-ancien-pretre-passe-par-la-ville\/#primaryimage"},"thumbnailUrl":"https:\/\/vosgesinfo.fr\/app\/uploads\/sites\/5\/2026\/03\/appel-a-temoignages-pretres-diocese.jpg","datePublished":"2026-03-16T11:31:23+00:00","dateModified":"2026-03-16T11:31:23+00:00","breadcrumb":{"@id":"https:\/\/vosgesinfo.fr\/remiremontinfo\/2026\/03\/epinal-appel-a-temoins-apres-des-accusations-visant-un-ancien-pretre-passe-par-la-ville\/#breadcrumb"},"inLanguage":"fr-FR","potentialAction":[{"@type":"ReadAction","target":["https:\/\/vosgesinfo.fr\/remiremontinfo\/2026\/03\/epinal-appel-a-temoins-apres-des-accusations-visant-un-ancien-pretre-passe-par-la-ville\/"]}]},{"@type":"ImageObject","inLanguage":"fr-FR","@id":"https:\/\/vosgesinfo.fr\/remiremontinfo\/2026\/03\/epinal-appel-a-temoins-apres-des-accusations-visant-un-ancien-pretre-passe-par-la-ville\/#primaryimage","url":"https:\/\/vosgesinfo.fr\/app\/uploads\/sites\/5\/2026\/03\/appel-a-temoignages-pretres-diocese.jpg","contentUrl":"https:\/\/vosgesinfo.fr\/app\/uploads\/sites\/5\/2026\/03\/appel-a-temoignages-pretres-diocese.jpg","width":1536,"height":1024},{"@type":"BreadcrumbList","@id":"https:\/\/vosgesinfo.fr\/remiremontinfo\/2026\/03\/epinal-appel-a-temoins-apres-des-accusations-visant-un-ancien-pretre-passe-par-la-ville\/#breadcrumb","itemListElement":[{"@type":"ListItem","position":1,"name":"Home","item":"https:\/\/vosgesinfo.fr\/remiremontinfo\/"},{"@type":"ListItem","position":2,"name":"\u00c9pinal : appel \u00e0 t\u00e9moins apr\u00e8s des accusations visant un ancien pr\u00eatre pass\u00e9 par la ville"}]},{"@type":"WebSite","@id":"https:\/\/vosgesinfo.fr\/remiremontinfo\/#website","url":"https:\/\/vosgesinfo.fr\/remiremontinfo\/","name":"Remiremont Info","description":"Toute l&#039;actualit\u00e9 de Remiremont","publisher":{"@id":"https:\/\/vosgesinfo.fr\/remiremontinfo\/#organization"},"alternateName":"Toute l'actualit\u00e9 de Remiremont","potentialAction":[{"@type":"SearchAction","target":{"@type":"EntryPoint","urlTemplate":"https:\/\/vosgesinfo.fr\/remiremontinfo\/?s={search_term_string}"},"query-input":"required name=search_term_string"}],"inLanguage":"fr-FR"},{"@type":"Organization","@id":"https:\/\/vosgesinfo.fr\/remiremontinfo\/#organization","name":"Remiremont Info","url":"https:\/\/vosgesinfo.fr\/remiremontinfo\/","logo":{"@type":"ImageObject","inLanguage":"fr-FR","@id":"https:\/\/vosgesinfo.fr\/remiremontinfo\/#\/schema\/logo\/image\/","url":"https:\/\/vosgesinfo.fr\/app\/uploads\/sites\/5\/2023\/08\/favicon-remiremontinfo.png","contentUrl":"https:\/\/vosgesinfo.fr\/app\/uploads\/sites\/5\/2023\/08\/favicon-remiremontinfo.png","width":512,"height":512,"caption":"Remiremont Info"},"image":{"@id":"https:\/\/vosgesinfo.fr\/remiremontinfo\/#\/schema\/logo\/image\/"},"sameAs":["https:\/\/www.facebook.com\/remiremontinfo","https:\/\/x.com\/VosgesInfo88","https:\/\/www.youtube.com\/@vosgesinfo"]},{"@type":"Person","@id":"https:\/\/vosgesinfo.fr\/remiremontinfo\/#\/schema\/person\/6f9a650eeea99d969b6c4ab78fccbe81","name":"C.K.","image":{"@type":"ImageObject","inLanguage":"fr-FR","@id":"https:\/\/vosgesinfo.fr\/remiremontinfo\/#\/schema\/person\/image\/","url":"https:\/\/secure.gravatar.com\/avatar\/48e3fc7f8421ba8942be6b74a2b7f014ca39bc00dece156b7a8e098ae7dc87bf?s=96&d=mm&r=g","contentUrl":"https:\/\/secure.gravatar.com\/avatar\/48e3fc7f8421ba8942be6b74a2b7f014ca39bc00dece156b7a8e098ae7dc87bf?s=96&d=mm&r=g","caption":"C.K."},"url":"https:\/\/vosgesinfo.fr\/remiremontinfo\/author\/celia-k-n\/"}]}},"_links":{"self":[{"href":"https:\/\/vosgesinfo.fr\/remiremontinfo\/wp-json\/wp\/v2\/posts\/89709","targetHints":{"allow":["GET"]}}],"collection":[{"href":"https:\/\/vosgesinfo.fr\/remiremontinfo\/wp-json\/wp\/v2\/posts"}],"about":[{"href":"https:\/\/vosgesinfo.fr\/remiremontinfo\/wp-json\/wp\/v2\/types\/post"}],"author":[{"embeddable":true,"href":"https:\/\/vosgesinfo.fr\/remiremontinfo\/wp-json\/wp\/v2\/users\/52"}],"replies":[{"embeddable":true,"href":"https:\/\/vosgesinfo.fr\/remiremontinfo\/wp-json\/wp\/v2\/comments?post=89709"}],"version-history":[{"count":0,"href":"https:\/\/vosgesinfo.fr\/remiremontinfo\/wp-json\/wp\/v2\/posts\/89709\/revisions"}],"wp:featuredmedia":[{"embeddable":true,"href":"https:\/\/vosgesinfo.fr\/remiremontinfo\/wp-json\/wp\/v2\/media\/89710"}],"wp:attachment":[{"href":"https:\/\/vosgesinfo.fr\/remiremontinfo\/wp-json\/wp\/v2\/media?parent=89709"}],"wp:term":[{"taxonomy":"category","embeddable":true,"href":"https:\/\/vosgesinfo.fr\/remiremontinfo\/wp-json\/wp\/v2\/categories?post=89709"},{"taxonomy":"post_tag","embeddable":true,"href":"https:\/\/vosgesinfo.fr\/remiremontinfo\/wp-json\/wp\/v2\/tags?post=89709"}],"curies":[{"name":"wp","href":"https:\/\/api.w.org\/{rel}","templated":true}]}}