{"id":89737,"date":"2026-03-17T11:43:47","date_gmt":"2026-03-17T10:43:47","guid":{"rendered":"https:\/\/vosgesinfo.fr\/remiremontinfo\/?p=89737"},"modified":"2026-03-17T11:43:47","modified_gmt":"2026-03-17T10:43:47","slug":"vagney-ordre-du-jour-du-conseil-municipal-du-20-mars-2026","status":"publish","type":"post","link":"https:\/\/vosgesinfo.fr\/remiremontinfo\/2026\/03\/vagney-ordre-du-jour-du-conseil-municipal-du-20-mars-2026\/","title":{"rendered":"Vagney &#8211; ORDRE DU JOUR DU CONSEIL MUNICIPAL du 20 mars 2026"},"content":{"rendered":"<p>ORDRE DU JOUR DU CONSEIL MUNICIPAL<br \/>\nDU VENDREDI 20 MARS 2026 A 19h00<br \/>\n1 \u2013 D\u00e9claration d\u2019installation des nouveaux conseillers municipaux.<br \/>\n2 \u2013 Election du Maire.<br \/>\nEn application de l\u2019article L. 2121-7 du code g\u00e9n\u00e9ral des collectivit\u00e9s territoriales, il sera propos\u00e9 au conseil municipal de proc\u00e9der \u00e0 l\u2019\u00e9lection du Maire, qui se tient \u00e0 la majorit\u00e9 absolue des membres pr\u00e9sents ou repr\u00e9sent\u00e9s et au scrutin secret. Il n\u2019y a pas d\u2019obligation de d\u00e9p\u00f4t de candidature.<br \/>\n3 \u2013 D\u00e9termination du nombre d\u2019adjoints au Maire.<br \/>\nEn l\u2019application de l\u2019article L. 2122-2 du code g\u00e9n\u00e9ral des collectivit\u00e9s territoriales, le nombre d\u2019adjoints au Maire ne peut d\u00e9passer 30 % de l\u2019effectif l\u00e9gal du conseil municipal, soit 8 pour la Commune de Vagney. Aussi, il sera propos\u00e9 au conseil municipal de d\u00e9terminer le nombre d\u2019adjoints au Maire \u00e0 8.<br \/>\n4 \u2013 Election des Adjoints au Maire.<br \/>\nEn application de l\u2019article L. 2121-7-2 du code g\u00e9n\u00e9ral des collectivit\u00e9s territoriales, il sera propos\u00e9 au conseil municipal de proc\u00e9der \u00e0 l\u2019\u00e9lection des adjoints au Maire, qui se tient \u00e0 la<br \/>\nmajorit\u00e9 absolue des membres pr\u00e9sents ou repr\u00e9sent\u00e9s et au scrutin secret par liste. Une liste candidate doit obligatoirement \u00eatre d\u00e9pos\u00e9e \u00e0 chaque tour de scrutin n\u00e9cessaire.<br \/>\nUne liste doit \u00eatre compos\u00e9e alternativement d\u2019un candidat de chaque sexe. L\u2019\u00e9cart entre le nombre des candidats de chaque sexe ne peut \u00eatre sup\u00e9rieur \u00e0 un.<br \/>\n5\u2013 Lecture et distribution de la charte de l\u2019\u00e9lu local Monsieur le Maire donnera lecture et fera proc\u00e9der \u00e0 la distribution de la charte de l\u2019\u00e9lu local et d\u2019extraits du code g\u00e9n\u00e9ral des collectivit\u00e9s territoriales \u00e0 l\u2019ensemble du conseil municipal en vertu de l\u2019article L. 2121-7 du code g\u00e9n\u00e9ral des collectivit\u00e9s territoriales.<\/p>\n","protected":false},"excerpt":{"rendered":"<p>ORDRE DU JOUR DU CONSEIL MUNICIPAL DU VENDREDI 20 MARS 2026 A 19h00 1 \u2013 D\u00e9claration d\u2019installation des nouveaux conseillers [&hellip;]<\/p>\n","protected":false},"author":391,"featured_media":73079,"comment_status":"closed","ping_status":"open","sticky":false,"template":"","format":"standard","meta":{"footnotes":""},"categories":[26,10,43],"tags":[160],"class_list":["post-89737","post","type-post","status-publish","format-standard","has-post-thumbnail","hentry","category-a-la-une","category-politique","category-remiremont-remiremont-son-canton","tag-vagney"],"acf":[],"yoast_head":"<!-- This site is optimized with the Yoast SEO plugin v22.5 - https:\/\/yoast.com\/wordpress\/plugins\/seo\/ -->\n<title>Vagney - ORDRE DU JOUR DU CONSEIL MUNICIPAL du 20 mars 2026 - Remiremont Info<\/title>\n<meta name=\"robots\" content=\"index, follow, max-snippet:-1, max-image-preview:large, max-video-preview:-1\" \/>\n<link rel=\"canonical\" href=\"https:\/\/vosgesinfo.fr\/remiremontinfo\/?p=89737\" \/>\n<meta name=\"twitter:card\" content=\"summary_large_image\" \/>\n<meta name=\"twitter:title\" content=\"Vagney - ORDRE DU JOUR DU CONSEIL MUNICIPAL du 20 mars 2026 - Remiremont Info\" \/>\n<meta name=\"twitter:description\" content=\"ORDRE DU JOUR DU CONSEIL MUNICIPAL DU VENDREDI 20 MARS 2026 A 19h00 1 \u2013 D\u00e9claration d\u2019installation des nouveaux conseillers [&hellip;]\" \/>\n<meta name=\"twitter:creator\" content=\"@VosgesInfo88\" \/>\n<meta name=\"twitter:site\" content=\"@VosgesInfo88\" \/>\n<meta name=\"twitter:label1\" content=\"\u00c9crit par\" \/>\n\t<meta name=\"twitter:data1\" content=\"La redaction\" \/>\n\t<meta name=\"twitter:label2\" content=\"Dur\u00e9e de lecture estim\u00e9e\" \/>\n\t<meta name=\"twitter:data2\" content=\"2 minutes\" \/>\n<script type=\"application\/ld+json\" class=\"yoast-schema-graph\">{\"@context\":\"https:\/\/schema.org\",\"@graph\":[{\"@type\":\"Article\",\"@id\":\"https:\/\/vosgesinfo.fr\/remiremontinfo\/?p=89737#article\",\"isPartOf\":{\"@id\":\"https:\/\/vosgesinfo.fr\/remiremontinfo\/?p=89737\"},\"author\":{\"name\":\"La redaction\",\"@id\":\"https:\/\/vosgesinfo.fr\/remiremontinfo\/#\/schema\/person\/27a3695b06db98895b354c0765cdfc31\"},\"headline\":\"Vagney &#8211; ORDRE DU JOUR DU CONSEIL MUNICIPAL du 20 mars 2026\",\"datePublished\":\"2026-03-17T10:43:47+00:00\",\"dateModified\":\"2026-03-17T10:43:47+00:00\",\"mainEntityOfPage\":{\"@id\":\"https:\/\/vosgesinfo.fr\/remiremontinfo\/?p=89737\"},\"wordCount\":319,\"publisher\":{\"@id\":\"https:\/\/vosgesinfo.fr\/remiremontinfo\/#organization\"},\"image\":{\"@id\":\"https:\/\/vosgesinfo.fr\/remiremontinfo\/?p=89737#primaryimage\"},\"thumbnailUrl\":\"https:\/\/vosgesinfo.fr\/app\/uploads\/sites\/5\/2024\/09\/202105conseil-municipa-400x255-2.jpg\",\"keywords\":[\"vagney\"],\"articleSection\":[\"A la Une\",\"Politique\",\"Remiremont\"],\"inLanguage\":\"fr-FR\"},{\"@type\":\"WebPage\",\"@id\":\"https:\/\/vosgesinfo.fr\/remiremontinfo\/?p=89737\",\"url\":\"https:\/\/vosgesinfo.fr\/remiremontinfo\/?p=89737\",\"name\":\"Vagney - ORDRE DU JOUR DU CONSEIL MUNICIPAL du 20 mars 2026 - Remiremont Info\",\"isPartOf\":{\"@id\":\"https:\/\/vosgesinfo.fr\/remiremontinfo\/#website\"},\"primaryImageOfPage\":{\"@id\":\"https:\/\/vosgesinfo.fr\/remiremontinfo\/?p=89737#primaryimage\"},\"image\":{\"@id\":\"https:\/\/vosgesinfo.fr\/remiremontinfo\/?p=89737#primaryimage\"},\"thumbnailUrl\":\"https:\/\/vosgesinfo.fr\/app\/uploads\/sites\/5\/2024\/09\/202105conseil-municipa-400x255-2.jpg\",\"datePublished\":\"2026-03-17T10:43:47+00:00\",\"dateModified\":\"2026-03-17T10:43:47+00:00\",\"breadcrumb\":{\"@id\":\"https:\/\/vosgesinfo.fr\/remiremontinfo\/?p=89737#breadcrumb\"},\"inLanguage\":\"fr-FR\",\"potentialAction\":[{\"@type\":\"ReadAction\",\"target\":[\"https:\/\/vosgesinfo.fr\/remiremontinfo\/?p=89737\"]}]},{\"@type\":\"ImageObject\",\"inLanguage\":\"fr-FR\",\"@id\":\"https:\/\/vosgesinfo.fr\/remiremontinfo\/?p=89737#primaryimage\",\"url\":\"https:\/\/vosgesinfo.fr\/app\/uploads\/sites\/5\/2024\/09\/202105conseil-municipa-400x255-2.jpg\",\"contentUrl\":\"https:\/\/vosgesinfo.fr\/app\/uploads\/sites\/5\/2024\/09\/202105conseil-municipa-400x255-2.jpg\",\"width\":400,\"height\":255},{\"@type\":\"BreadcrumbList\",\"@id\":\"https:\/\/vosgesinfo.fr\/remiremontinfo\/?p=89737#breadcrumb\",\"itemListElement\":[{\"@type\":\"ListItem\",\"position\":1,\"name\":\"Home\",\"item\":\"https:\/\/vosgesinfo.fr\/remiremontinfo\/\"},{\"@type\":\"ListItem\",\"position\":2,\"name\":\"Vagney &#8211;\"}]},{\"@type\":\"WebSite\",\"@id\":\"https:\/\/vosgesinfo.fr\/remiremontinfo\/#website\",\"url\":\"https:\/\/vosgesinfo.fr\/remiremontinfo\/\",\"name\":\"Remiremont Info\",\"description\":\"Toute l&#039;actualit\u00e9 de Remiremont\",\"publisher\":{\"@id\":\"https:\/\/vosgesinfo.fr\/remiremontinfo\/#organization\"},\"alternateName\":\"Toute l'actualit\u00e9 de Remiremont\",\"potentialAction\":[{\"@type\":\"SearchAction\",\"target\":{\"@type\":\"EntryPoint\",\"urlTemplate\":\"https:\/\/vosgesinfo.fr\/remiremontinfo\/?s={search_term_string}\"},\"query-input\":\"required name=search_term_string\"}],\"inLanguage\":\"fr-FR\"},{\"@type\":\"Organization\",\"@id\":\"https:\/\/vosgesinfo.fr\/remiremontinfo\/#organization\",\"name\":\"Remiremont Info\",\"url\":\"https:\/\/vosgesinfo.fr\/remiremontinfo\/\",\"logo\":{\"@type\":\"ImageObject\",\"inLanguage\":\"fr-FR\",\"@id\":\"https:\/\/vosgesinfo.fr\/remiremontinfo\/#\/schema\/logo\/image\/\",\"url\":\"https:\/\/vosgesinfo.fr\/app\/uploads\/sites\/5\/2023\/08\/favicon-remiremontinfo.png\",\"contentUrl\":\"https:\/\/vosgesinfo.fr\/app\/uploads\/sites\/5\/2023\/08\/favicon-remiremontinfo.png\",\"width\":512,\"height\":512,\"caption\":\"Remiremont Info\"},\"image\":{\"@id\":\"https:\/\/vosgesinfo.fr\/remiremontinfo\/#\/schema\/logo\/image\/\"},\"sameAs\":[\"https:\/\/www.facebook.com\/remiremontinfo\",\"https:\/\/x.com\/VosgesInfo88\",\"https:\/\/www.youtube.com\/@vosgesinfo\"]},{\"@type\":\"Person\",\"@id\":\"https:\/\/vosgesinfo.fr\/remiremontinfo\/#\/schema\/person\/27a3695b06db98895b354c0765cdfc31\",\"name\":\"La redaction\",\"image\":{\"@type\":\"ImageObject\",\"inLanguage\":\"fr-FR\",\"@id\":\"https:\/\/vosgesinfo.fr\/remiremontinfo\/#\/schema\/person\/image\/\",\"url\":\"https:\/\/secure.gravatar.com\/avatar\/64c76a78e501cedee55736f43f332df901e1896ae9cd8fad269ae2236dd0e8b6?s=96&d=mm&r=g\",\"contentUrl\":\"https:\/\/secure.gravatar.com\/avatar\/64c76a78e501cedee55736f43f332df901e1896ae9cd8fad269ae2236dd0e8b6?s=96&d=mm&r=g\",\"caption\":\"La redaction\"},\"url\":\"https:\/\/vosgesinfo.fr\/remiremontinfo\/author\/la-redaction\/\"}]}<\/script>\n<!-- \/ Yoast SEO plugin. -->","yoast_head_json":{"title":"Vagney - ORDRE DU JOUR DU CONSEIL MUNICIPAL du 20 mars 2026 - Remiremont Info","robots":{"index":"index","follow":"follow","max-snippet":"max-snippet:-1","max-image-preview":"max-image-preview:large","max-video-preview":"max-video-preview:-1"},"canonical":"https:\/\/vosgesinfo.fr\/remiremontinfo\/?p=89737","twitter_card":"summary_large_image","twitter_title":"Vagney - ORDRE DU JOUR DU CONSEIL MUNICIPAL du 20 mars 2026 - Remiremont Info","twitter_description":"ORDRE DU JOUR DU CONSEIL MUNICIPAL DU VENDREDI 20 MARS 2026 A 19h00 1 \u2013 D\u00e9claration d\u2019installation des nouveaux conseillers [&hellip;]","twitter_creator":"@VosgesInfo88","twitter_site":"@VosgesInfo88","twitter_misc":{"\u00c9crit par":"La redaction","Dur\u00e9e de lecture estim\u00e9e":"2 minutes"},"schema":{"@context":"https:\/\/schema.org","@graph":[{"@type":"Article","@id":"https:\/\/vosgesinfo.fr\/remiremontinfo\/?p=89737#article","isPartOf":{"@id":"https:\/\/vosgesinfo.fr\/remiremontinfo\/?p=89737"},"author":{"name":"La redaction","@id":"https:\/\/vosgesinfo.fr\/remiremontinfo\/#\/schema\/person\/27a3695b06db98895b354c0765cdfc31"},"headline":"Vagney &#8211; ORDRE DU JOUR DU CONSEIL MUNICIPAL du 20 mars 2026","datePublished":"2026-03-17T10:43:47+00:00","dateModified":"2026-03-17T10:43:47+00:00","mainEntityOfPage":{"@id":"https:\/\/vosgesinfo.fr\/remiremontinfo\/?p=89737"},"wordCount":319,"publisher":{"@id":"https:\/\/vosgesinfo.fr\/remiremontinfo\/#organization"},"image":{"@id":"https:\/\/vosgesinfo.fr\/remiremontinfo\/?p=89737#primaryimage"},"thumbnailUrl":"https:\/\/vosgesinfo.fr\/app\/uploads\/sites\/5\/2024\/09\/202105conseil-municipa-400x255-2.jpg","keywords":["vagney"],"articleSection":["A la Une","Politique","Remiremont"],"inLanguage":"fr-FR"},{"@type":"WebPage","@id":"https:\/\/vosgesinfo.fr\/remiremontinfo\/?p=89737","url":"https:\/\/vosgesinfo.fr\/remiremontinfo\/?p=89737","name":"Vagney - ORDRE DU JOUR DU CONSEIL MUNICIPAL du 20 mars 2026 - Remiremont Info","isPartOf":{"@id":"https:\/\/vosgesinfo.fr\/remiremontinfo\/#website"},"primaryImageOfPage":{"@id":"https:\/\/vosgesinfo.fr\/remiremontinfo\/?p=89737#primaryimage"},"image":{"@id":"https:\/\/vosgesinfo.fr\/remiremontinfo\/?p=89737#primaryimage"},"thumbnailUrl":"https:\/\/vosgesinfo.fr\/app\/uploads\/sites\/5\/2024\/09\/202105conseil-municipa-400x255-2.jpg","datePublished":"2026-03-17T10:43:47+00:00","dateModified":"2026-03-17T10:43:47+00:00","breadcrumb":{"@id":"https:\/\/vosgesinfo.fr\/remiremontinfo\/?p=89737#breadcrumb"},"inLanguage":"fr-FR","potentialAction":[{"@type":"ReadAction","target":["https:\/\/vosgesinfo.fr\/remiremontinfo\/?p=89737"]}]},{"@type":"ImageObject","inLanguage":"fr-FR","@id":"https:\/\/vosgesinfo.fr\/remiremontinfo\/?p=89737#primaryimage","url":"https:\/\/vosgesinfo.fr\/app\/uploads\/sites\/5\/2024\/09\/202105conseil-municipa-400x255-2.jpg","contentUrl":"https:\/\/vosgesinfo.fr\/app\/uploads\/sites\/5\/2024\/09\/202105conseil-municipa-400x255-2.jpg","width":400,"height":255},{"@type":"BreadcrumbList","@id":"https:\/\/vosgesinfo.fr\/remiremontinfo\/?p=89737#breadcrumb","itemListElement":[{"@type":"ListItem","position":1,"name":"Home","item":"https:\/\/vosgesinfo.fr\/remiremontinfo\/"},{"@type":"ListItem","position":2,"name":"Vagney &#8211;"}]},{"@type":"WebSite","@id":"https:\/\/vosgesinfo.fr\/remiremontinfo\/#website","url":"https:\/\/vosgesinfo.fr\/remiremontinfo\/","name":"Remiremont Info","description":"Toute l&#039;actualit\u00e9 de Remiremont","publisher":{"@id":"https:\/\/vosgesinfo.fr\/remiremontinfo\/#organization"},"alternateName":"Toute l'actualit\u00e9 de Remiremont","potentialAction":[{"@type":"SearchAction","target":{"@type":"EntryPoint","urlTemplate":"https:\/\/vosgesinfo.fr\/remiremontinfo\/?s={search_term_string}"},"query-input":"required name=search_term_string"}],"inLanguage":"fr-FR"},{"@type":"Organization","@id":"https:\/\/vosgesinfo.fr\/remiremontinfo\/#organization","name":"Remiremont Info","url":"https:\/\/vosgesinfo.fr\/remiremontinfo\/","logo":{"@type":"ImageObject","inLanguage":"fr-FR","@id":"https:\/\/vosgesinfo.fr\/remiremontinfo\/#\/schema\/logo\/image\/","url":"https:\/\/vosgesinfo.fr\/app\/uploads\/sites\/5\/2023\/08\/favicon-remiremontinfo.png","contentUrl":"https:\/\/vosgesinfo.fr\/app\/uploads\/sites\/5\/2023\/08\/favicon-remiremontinfo.png","width":512,"height":512,"caption":"Remiremont Info"},"image":{"@id":"https:\/\/vosgesinfo.fr\/remiremontinfo\/#\/schema\/logo\/image\/"},"sameAs":["https:\/\/www.facebook.com\/remiremontinfo","https:\/\/x.com\/VosgesInfo88","https:\/\/www.youtube.com\/@vosgesinfo"]},{"@type":"Person","@id":"https:\/\/vosgesinfo.fr\/remiremontinfo\/#\/schema\/person\/27a3695b06db98895b354c0765cdfc31","name":"La redaction","image":{"@type":"ImageObject","inLanguage":"fr-FR","@id":"https:\/\/vosgesinfo.fr\/remiremontinfo\/#\/schema\/person\/image\/","url":"https:\/\/secure.gravatar.com\/avatar\/64c76a78e501cedee55736f43f332df901e1896ae9cd8fad269ae2236dd0e8b6?s=96&d=mm&r=g","contentUrl":"https:\/\/secure.gravatar.com\/avatar\/64c76a78e501cedee55736f43f332df901e1896ae9cd8fad269ae2236dd0e8b6?s=96&d=mm&r=g","caption":"La redaction"},"url":"https:\/\/vosgesinfo.fr\/remiremontinfo\/author\/la-redaction\/"}]}},"_links":{"self":[{"href":"https:\/\/vosgesinfo.fr\/remiremontinfo\/wp-json\/wp\/v2\/posts\/89737","targetHints":{"allow":["GET"]}}],"collection":[{"href":"https:\/\/vosgesinfo.fr\/remiremontinfo\/wp-json\/wp\/v2\/posts"}],"about":[{"href":"https:\/\/vosgesinfo.fr\/remiremontinfo\/wp-json\/wp\/v2\/types\/post"}],"author":[{"embeddable":true,"href":"https:\/\/vosgesinfo.fr\/remiremontinfo\/wp-json\/wp\/v2\/users\/391"}],"replies":[{"embeddable":true,"href":"https:\/\/vosgesinfo.fr\/remiremontinfo\/wp-json\/wp\/v2\/comments?post=89737"}],"version-history":[{"count":1,"href":"https:\/\/vosgesinfo.fr\/remiremontinfo\/wp-json\/wp\/v2\/posts\/89737\/revisions"}],"predecessor-version":[{"id":89738,"href":"https:\/\/vosgesinfo.fr\/remiremontinfo\/wp-json\/wp\/v2\/posts\/89737\/revisions\/89738"}],"wp:featuredmedia":[{"embeddable":true,"href":"https:\/\/vosgesinfo.fr\/remiremontinfo\/wp-json\/wp\/v2\/media\/73079"}],"wp:attachment":[{"href":"https:\/\/vosgesinfo.fr\/remiremontinfo\/wp-json\/wp\/v2\/media?parent=89737"}],"wp:term":[{"taxonomy":"category","embeddable":true,"href":"https:\/\/vosgesinfo.fr\/remiremontinfo\/wp-json\/wp\/v2\/categories?post=89737"},{"taxonomy":"post_tag","embeddable":true,"href":"https:\/\/vosgesinfo.fr\/remiremontinfo\/wp-json\/wp\/v2\/tags?post=89737"}],"curies":[{"name":"wp","href":"https:\/\/api.w.org\/{rel}","templated":true}]}}