{"id":90567,"date":"2026-04-27T12:28:32","date_gmt":"2026-04-27T10:28:32","guid":{"rendered":"https:\/\/vosgesinfo.fr\/remiremontinfo\/?p=90567"},"modified":"2026-04-27T12:28:32","modified_gmt":"2026-04-27T10:28:32","slug":"creation-dun-relais-de-parents-et-amis-des-residents-des-foyers-tremplin","status":"publish","type":"post","link":"https:\/\/vosgesinfo.fr\/remiremontinfo\/2026\/04\/creation-dun-relais-de-parents-et-amis-des-residents-des-foyers-tremplin\/","title":{"rendered":"Cr\u00e9ation d\u2019un relais de parents et amis des r\u00e9sidents des foyers Tremplin"},"content":{"rendered":"<p style=\"text-align: center;\"><strong>Communiqu\u00e9<\/strong><\/p>\n<p style=\"text-align: justify;\">Si les r\u00e9sidents \u00a0du Foyer d\u2019H\u00e9bergement de travailleurs en Esat, et du Foyer d\u2019Accueil Sp\u00e9cialis\u00e9 pour personnes porteuses de handicap intellectuel <a href=\"https:\/\/vosgesinfo.fr\/app\/uploads\/sites\/5\/2026\/04\/tremplin-panoramique.jpg\"><img decoding=\"async\" class=\"wp-image-90569 alignright\" src=\"https:\/\/vosgesinfo.fr\/app\/uploads\/sites\/5\/2026\/04\/tremplin-panoramique.jpg\" alt=\"\" width=\"264\" height=\"149\" \/><\/a>ont tous, et c\u2019est heureux, \u00a0le droit de vote au sein de l\u2019association Tremplin, leurs proches se sont vus retirer cette responsabilit\u00e9 lors de l\u2019adoption \u00a0discr\u00e8te et sans d\u00e9bat de nouveaux statuts lors d\u2019une Assembl\u00e9e G\u00e9n\u00e9rale Extraordinaire \u00e0\u00a0 l\u2019automne dernier.<\/p>\n<p style=\"text-align: justify;\">Il semble que les demandes exprim\u00e9es par des familles d\u2019instaurer un Conseil de Vie Sociale au sein des foyers ne recueille pas l\u2019assentiment du Conseil d\u2019Administration et de la Direction. Cette instance consultative \u00a0r\u00e9glementaire d\u2019expression existe normalement dans tous les \u00e9tablissements m\u00e9dico-sociaux pour adultes, ainsi que dans les structures hospitali\u00e8res. \u00a0Elle r\u00e9unit normalement plusieurs fois par an des repr\u00e9sentants des r\u00e9sidents, de leurs familles et tuteurs, des personnels et des financeurs.<\/p>\n<p style=\"text-align: justify;\">Afin de ne plus avoir \u00e0 r\u00e9pondre \u00e0 ce type de demande, et \u00e0 d\u2019autres questions d\u2019adh\u00e9rents, les statuts de Tremplin ont donc \u00e9t\u00e9 modifi\u00e9s, \u00e9loignant les familles et adh\u00e9rents de la gouvernance des \u00e9tablissements et du projet associatif.<\/p>\n<p style=\"text-align: justify;\">De m\u00eame, les nouveaux statuts permettent au conseil d\u2019administration de \u00a0\u00a0d\u00e9sormais \u00a0exclure \u00e0 sa guise des adh\u00e9rents de l\u2019association ou d\u2019 emp\u00eacher certains proches de r\u00e9sidents d\u2019en devenir membres.<\/p>\n<p style=\"text-align: justify;\">Nous sommes assez loin du projet initial de Tremplin ainsi pr\u00e9sent\u00e9 en ligne \u00a0dans son PROJET ASSOCIATIF<a href=\"#_ftn1\" name=\"_ftnref1\">[1]<\/a> \u00a0: <strong><em>\u00ab\u00a0L\u2019Association Tremplin est un mouvement parental, de fr\u00e8res, s\u0153urs, amis de personnes en situation de handicap mental.<\/em><\/strong><em> \u00a0[\u2026 ] <\/em><strong>Son action s\u2019appuie sur une coop\u00e9ration permanente entre familles, b\u00e9n\u00e9voles, administrateurs, professionnels, partenaires du territoire, services territoriaux de financement et de contr\u00f4le dans le respect des responsabilit\u00e9s respectives.\u00a0\u00bb<\/strong><\/p>\n<p style=\"text-align: justify;\">L\u2019objet associatif du\u00a0\u00ab\u00a0Relais des Amis et Familles de Tremplin\u00a0\u00bb est le suivant\u00a0:<\/p>\n<ul style=\"text-align: justify;\">\n<li>permettre aux r\u00e9sidents, familles et amis d\u2019\u00e9changer sur la vie au sein des Foyers Tremplin\u00a0;<\/li>\n<li>rechercher la communication avec la gouvernance de l\u2019Association Tremplin et la direction des Foyers\u00a0;<\/li>\n<li>proposer un accompagnement dans les activit\u00e9s de loisirs organis\u00e9es pour les r\u00e9sidents<\/li>\n<li>veiller au respect des droits et de la dignit\u00e9 des r\u00e9sidents, des familles et des personnels des Foyers Tremplin.<\/li>\n<li>exercer toute action utile \u00e0 la d\u00e9fense des droits et int\u00e9r\u00eats des r\u00e9sidents et de leurs repr\u00e9sentants.<\/li>\n<\/ul>\n<h4 style=\"text-align: justify;\">Toute personne int\u00e9ress\u00e9e par la cr\u00e9ation de cette association peut se faire conna\u00eetre et demander le projet de statut \u00e0 l\u2019adresse suivante\u00a0: \u00a0<a href=\"mailto:raft88120@outlook.fr\">raft88120@outlook.fr<\/a><\/h4>\n<h5><strong><a href=\"#_ftnref1\" name=\"_ftn1\">[1]<\/a> http:\/\/foyer-tremplin.com\/wordpress\/wp-content\/uploads\/2019\/12\/PROJET-ASSOCIATIF.pdf<\/strong><\/h5>\n<p>&nbsp;<\/p>\n","protected":false},"excerpt":{"rendered":"<p>Communiqu\u00e9 Si les r\u00e9sidents \u00a0du Foyer d\u2019H\u00e9bergement de travailleurs en Esat, et du Foyer d\u2019Accueil Sp\u00e9cialis\u00e9 pour personnes porteuses de [&hellip;]<\/p>\n","protected":false},"author":425,"featured_media":90887,"comment_status":"closed","ping_status":"open","sticky":false,"template":"","format":"standard","meta":{"footnotes":""},"categories":[26,8792,43,223,17],"tags":[],"class_list":["post-90567","post","type-post","status-publish","format-standard","has-post-thumbnail","hentry","category-a-la-une","category-associations","category-remiremont-remiremont-son-canton","category-saint-ame","category-vie-associative"],"acf":[],"yoast_head":"<!-- This site is optimized with the Yoast SEO plugin v22.5 - https:\/\/yoast.com\/wordpress\/plugins\/seo\/ -->\n<title>Cr\u00e9ation d\u2019un relais de parents et amis des r\u00e9sidents des foyers Tremplin - Remiremont Info<\/title>\n<meta name=\"robots\" content=\"index, follow, max-snippet:-1, max-image-preview:large, max-video-preview:-1\" \/>\n<link rel=\"canonical\" href=\"https:\/\/vosgesinfo.fr\/remiremontinfo\/?p=90567\" \/>\n<meta name=\"twitter:card\" content=\"summary_large_image\" \/>\n<meta name=\"twitter:title\" content=\"Cr\u00e9ation d\u2019un relais de parents et amis des r\u00e9sidents des foyers Tremplin - Remiremont Info\" \/>\n<meta name=\"twitter:description\" content=\"Communiqu\u00e9 Si les r\u00e9sidents \u00a0du Foyer d\u2019H\u00e9bergement de travailleurs en Esat, et du Foyer d\u2019Accueil Sp\u00e9cialis\u00e9 pour personnes porteuses de [&hellip;]\" \/>\n<meta name=\"twitter:image\" content=\"https:\/\/vosgesinfo.fr\/app\/uploads\/sites\/5\/2026\/04\/tremplin-panoramique.jpg\" \/>\n<meta name=\"twitter:creator\" content=\"@VosgesInfo88\" \/>\n<meta name=\"twitter:site\" content=\"@VosgesInfo88\" \/>\n<meta name=\"twitter:label1\" content=\"\u00c9crit par\" \/>\n\t<meta name=\"twitter:data1\" content=\"olivierfetet\" \/>\n\t<meta name=\"twitter:label2\" content=\"Dur\u00e9e de lecture estim\u00e9e\" \/>\n\t<meta name=\"twitter:data2\" content=\"3 minutes\" \/>\n<script type=\"application\/ld+json\" class=\"yoast-schema-graph\">{\"@context\":\"https:\/\/schema.org\",\"@graph\":[{\"@type\":\"Article\",\"@id\":\"https:\/\/vosgesinfo.fr\/remiremontinfo\/?p=90567#article\",\"isPartOf\":{\"@id\":\"https:\/\/vosgesinfo.fr\/remiremontinfo\/?p=90567\"},\"author\":{\"name\":\"olivierfetet\",\"@id\":\"https:\/\/vosgesinfo.fr\/remiremontinfo\/#\/schema\/person\/6a9816f55dc9c118d917ce7adaefb2be\"},\"headline\":\"Cr\u00e9ation d\u2019un relais de parents et amis des r\u00e9sidents des foyers Tremplin\",\"datePublished\":\"2026-04-27T10:28:32+00:00\",\"dateModified\":\"2026-04-27T10:28:32+00:00\",\"mainEntityOfPage\":{\"@id\":\"https:\/\/vosgesinfo.fr\/remiremontinfo\/?p=90567\"},\"wordCount\":463,\"publisher\":{\"@id\":\"https:\/\/vosgesinfo.fr\/remiremontinfo\/#organization\"},\"image\":{\"@id\":\"https:\/\/vosgesinfo.fr\/remiremontinfo\/?p=90567#primaryimage\"},\"thumbnailUrl\":\"https:\/\/vosgesinfo.fr\/app\/uploads\/sites\/5\/2026\/04\/tremplin.jpg\",\"articleSection\":[\"A la Une\",\"Associations\",\"Remiremont\",\"Saint-Am\u00e9\",\"Vie associative\"],\"inLanguage\":\"fr-FR\"},{\"@type\":\"WebPage\",\"@id\":\"https:\/\/vosgesinfo.fr\/remiremontinfo\/?p=90567\",\"url\":\"https:\/\/vosgesinfo.fr\/remiremontinfo\/?p=90567\",\"name\":\"Cr\u00e9ation d\u2019un relais de parents et amis des r\u00e9sidents des foyers Tremplin - Remiremont Info\",\"isPartOf\":{\"@id\":\"https:\/\/vosgesinfo.fr\/remiremontinfo\/#website\"},\"primaryImageOfPage\":{\"@id\":\"https:\/\/vosgesinfo.fr\/remiremontinfo\/?p=90567#primaryimage\"},\"image\":{\"@id\":\"https:\/\/vosgesinfo.fr\/remiremontinfo\/?p=90567#primaryimage\"},\"thumbnailUrl\":\"https:\/\/vosgesinfo.fr\/app\/uploads\/sites\/5\/2026\/04\/tremplin.jpg\",\"datePublished\":\"2026-04-27T10:28:32+00:00\",\"dateModified\":\"2026-04-27T10:28:32+00:00\",\"breadcrumb\":{\"@id\":\"https:\/\/vosgesinfo.fr\/remiremontinfo\/?p=90567#breadcrumb\"},\"inLanguage\":\"fr-FR\",\"potentialAction\":[{\"@type\":\"ReadAction\",\"target\":[\"https:\/\/vosgesinfo.fr\/remiremontinfo\/?p=90567\"]}]},{\"@type\":\"ImageObject\",\"inLanguage\":\"fr-FR\",\"@id\":\"https:\/\/vosgesinfo.fr\/remiremontinfo\/?p=90567#primaryimage\",\"url\":\"https:\/\/vosgesinfo.fr\/app\/uploads\/sites\/5\/2026\/04\/tremplin.jpg\",\"contentUrl\":\"https:\/\/vosgesinfo.fr\/app\/uploads\/sites\/5\/2026\/04\/tremplin.jpg\",\"width\":512,\"height\":307},{\"@type\":\"BreadcrumbList\",\"@id\":\"https:\/\/vosgesinfo.fr\/remiremontinfo\/?p=90567#breadcrumb\",\"itemListElement\":[{\"@type\":\"ListItem\",\"position\":1,\"name\":\"Home\",\"item\":\"https:\/\/vosgesinfo.fr\/remiremontinfo\/\"},{\"@type\":\"ListItem\",\"position\":2,\"name\":\"Cr\u00e9ation d\u2019un relais de parents et amis des r\u00e9sidents des foyers Tremplin\"}]},{\"@type\":\"WebSite\",\"@id\":\"https:\/\/vosgesinfo.fr\/remiremontinfo\/#website\",\"url\":\"https:\/\/vosgesinfo.fr\/remiremontinfo\/\",\"name\":\"Remiremont Info\",\"description\":\"Toute l&#039;actualit\u00e9 de Remiremont\",\"publisher\":{\"@id\":\"https:\/\/vosgesinfo.fr\/remiremontinfo\/#organization\"},\"alternateName\":\"Toute l'actualit\u00e9 de Remiremont\",\"potentialAction\":[{\"@type\":\"SearchAction\",\"target\":{\"@type\":\"EntryPoint\",\"urlTemplate\":\"https:\/\/vosgesinfo.fr\/remiremontinfo\/?s={search_term_string}\"},\"query-input\":\"required name=search_term_string\"}],\"inLanguage\":\"fr-FR\"},{\"@type\":\"Organization\",\"@id\":\"https:\/\/vosgesinfo.fr\/remiremontinfo\/#organization\",\"name\":\"Remiremont Info\",\"url\":\"https:\/\/vosgesinfo.fr\/remiremontinfo\/\",\"logo\":{\"@type\":\"ImageObject\",\"inLanguage\":\"fr-FR\",\"@id\":\"https:\/\/vosgesinfo.fr\/remiremontinfo\/#\/schema\/logo\/image\/\",\"url\":\"https:\/\/vosgesinfo.fr\/app\/uploads\/sites\/5\/2023\/08\/favicon-remiremontinfo.png\",\"contentUrl\":\"https:\/\/vosgesinfo.fr\/app\/uploads\/sites\/5\/2023\/08\/favicon-remiremontinfo.png\",\"width\":512,\"height\":512,\"caption\":\"Remiremont Info\"},\"image\":{\"@id\":\"https:\/\/vosgesinfo.fr\/remiremontinfo\/#\/schema\/logo\/image\/\"},\"sameAs\":[\"https:\/\/www.facebook.com\/remiremontinfo\",\"https:\/\/x.com\/VosgesInfo88\",\"https:\/\/www.youtube.com\/@vosgesinfo\"]},{\"@type\":\"Person\",\"@id\":\"https:\/\/vosgesinfo.fr\/remiremontinfo\/#\/schema\/person\/6a9816f55dc9c118d917ce7adaefb2be\",\"name\":\"olivierfetet\",\"image\":{\"@type\":\"ImageObject\",\"inLanguage\":\"fr-FR\",\"@id\":\"https:\/\/vosgesinfo.fr\/remiremontinfo\/#\/schema\/person\/image\/\",\"url\":\"https:\/\/secure.gravatar.com\/avatar\/01d37288f674bd97924b79dea4a95b1cf0e2fb13c33bb7f2533e01617b284459?s=96&d=mm&r=g\",\"contentUrl\":\"https:\/\/secure.gravatar.com\/avatar\/01d37288f674bd97924b79dea4a95b1cf0e2fb13c33bb7f2533e01617b284459?s=96&d=mm&r=g\",\"caption\":\"olivierfetet\"},\"url\":\"https:\/\/vosgesinfo.fr\/remiremontinfo\/author\/olivierfetet\/\"}]}<\/script>\n<!-- \/ Yoast SEO plugin. -->","yoast_head_json":{"title":"Cr\u00e9ation d\u2019un relais de parents et amis des r\u00e9sidents des foyers Tremplin - Remiremont Info","robots":{"index":"index","follow":"follow","max-snippet":"max-snippet:-1","max-image-preview":"max-image-preview:large","max-video-preview":"max-video-preview:-1"},"canonical":"https:\/\/vosgesinfo.fr\/remiremontinfo\/?p=90567","twitter_card":"summary_large_image","twitter_title":"Cr\u00e9ation d\u2019un relais de parents et amis des r\u00e9sidents des foyers Tremplin - Remiremont Info","twitter_description":"Communiqu\u00e9 Si les r\u00e9sidents \u00a0du Foyer d\u2019H\u00e9bergement de travailleurs en Esat, et du Foyer d\u2019Accueil Sp\u00e9cialis\u00e9 pour personnes porteuses de [&hellip;]","twitter_image":"https:\/\/vosgesinfo.fr\/app\/uploads\/sites\/5\/2026\/04\/tremplin-panoramique.jpg","twitter_creator":"@VosgesInfo88","twitter_site":"@VosgesInfo88","twitter_misc":{"\u00c9crit par":"olivierfetet","Dur\u00e9e de lecture estim\u00e9e":"3 minutes"},"schema":{"@context":"https:\/\/schema.org","@graph":[{"@type":"Article","@id":"https:\/\/vosgesinfo.fr\/remiremontinfo\/?p=90567#article","isPartOf":{"@id":"https:\/\/vosgesinfo.fr\/remiremontinfo\/?p=90567"},"author":{"name":"olivierfetet","@id":"https:\/\/vosgesinfo.fr\/remiremontinfo\/#\/schema\/person\/6a9816f55dc9c118d917ce7adaefb2be"},"headline":"Cr\u00e9ation d\u2019un relais de parents et amis des r\u00e9sidents des foyers Tremplin","datePublished":"2026-04-27T10:28:32+00:00","dateModified":"2026-04-27T10:28:32+00:00","mainEntityOfPage":{"@id":"https:\/\/vosgesinfo.fr\/remiremontinfo\/?p=90567"},"wordCount":463,"publisher":{"@id":"https:\/\/vosgesinfo.fr\/remiremontinfo\/#organization"},"image":{"@id":"https:\/\/vosgesinfo.fr\/remiremontinfo\/?p=90567#primaryimage"},"thumbnailUrl":"https:\/\/vosgesinfo.fr\/app\/uploads\/sites\/5\/2026\/04\/tremplin.jpg","articleSection":["A la Une","Associations","Remiremont","Saint-Am\u00e9","Vie associative"],"inLanguage":"fr-FR"},{"@type":"WebPage","@id":"https:\/\/vosgesinfo.fr\/remiremontinfo\/?p=90567","url":"https:\/\/vosgesinfo.fr\/remiremontinfo\/?p=90567","name":"Cr\u00e9ation d\u2019un relais de parents et amis des r\u00e9sidents des foyers Tremplin - Remiremont Info","isPartOf":{"@id":"https:\/\/vosgesinfo.fr\/remiremontinfo\/#website"},"primaryImageOfPage":{"@id":"https:\/\/vosgesinfo.fr\/remiremontinfo\/?p=90567#primaryimage"},"image":{"@id":"https:\/\/vosgesinfo.fr\/remiremontinfo\/?p=90567#primaryimage"},"thumbnailUrl":"https:\/\/vosgesinfo.fr\/app\/uploads\/sites\/5\/2026\/04\/tremplin.jpg","datePublished":"2026-04-27T10:28:32+00:00","dateModified":"2026-04-27T10:28:32+00:00","breadcrumb":{"@id":"https:\/\/vosgesinfo.fr\/remiremontinfo\/?p=90567#breadcrumb"},"inLanguage":"fr-FR","potentialAction":[{"@type":"ReadAction","target":["https:\/\/vosgesinfo.fr\/remiremontinfo\/?p=90567"]}]},{"@type":"ImageObject","inLanguage":"fr-FR","@id":"https:\/\/vosgesinfo.fr\/remiremontinfo\/?p=90567#primaryimage","url":"https:\/\/vosgesinfo.fr\/app\/uploads\/sites\/5\/2026\/04\/tremplin.jpg","contentUrl":"https:\/\/vosgesinfo.fr\/app\/uploads\/sites\/5\/2026\/04\/tremplin.jpg","width":512,"height":307},{"@type":"BreadcrumbList","@id":"https:\/\/vosgesinfo.fr\/remiremontinfo\/?p=90567#breadcrumb","itemListElement":[{"@type":"ListItem","position":1,"name":"Home","item":"https:\/\/vosgesinfo.fr\/remiremontinfo\/"},{"@type":"ListItem","position":2,"name":"Cr\u00e9ation d\u2019un relais de parents et amis des r\u00e9sidents des foyers Tremplin"}]},{"@type":"WebSite","@id":"https:\/\/vosgesinfo.fr\/remiremontinfo\/#website","url":"https:\/\/vosgesinfo.fr\/remiremontinfo\/","name":"Remiremont Info","description":"Toute l&#039;actualit\u00e9 de Remiremont","publisher":{"@id":"https:\/\/vosgesinfo.fr\/remiremontinfo\/#organization"},"alternateName":"Toute l'actualit\u00e9 de Remiremont","potentialAction":[{"@type":"SearchAction","target":{"@type":"EntryPoint","urlTemplate":"https:\/\/vosgesinfo.fr\/remiremontinfo\/?s={search_term_string}"},"query-input":"required name=search_term_string"}],"inLanguage":"fr-FR"},{"@type":"Organization","@id":"https:\/\/vosgesinfo.fr\/remiremontinfo\/#organization","name":"Remiremont Info","url":"https:\/\/vosgesinfo.fr\/remiremontinfo\/","logo":{"@type":"ImageObject","inLanguage":"fr-FR","@id":"https:\/\/vosgesinfo.fr\/remiremontinfo\/#\/schema\/logo\/image\/","url":"https:\/\/vosgesinfo.fr\/app\/uploads\/sites\/5\/2023\/08\/favicon-remiremontinfo.png","contentUrl":"https:\/\/vosgesinfo.fr\/app\/uploads\/sites\/5\/2023\/08\/favicon-remiremontinfo.png","width":512,"height":512,"caption":"Remiremont Info"},"image":{"@id":"https:\/\/vosgesinfo.fr\/remiremontinfo\/#\/schema\/logo\/image\/"},"sameAs":["https:\/\/www.facebook.com\/remiremontinfo","https:\/\/x.com\/VosgesInfo88","https:\/\/www.youtube.com\/@vosgesinfo"]},{"@type":"Person","@id":"https:\/\/vosgesinfo.fr\/remiremontinfo\/#\/schema\/person\/6a9816f55dc9c118d917ce7adaefb2be","name":"olivierfetet","image":{"@type":"ImageObject","inLanguage":"fr-FR","@id":"https:\/\/vosgesinfo.fr\/remiremontinfo\/#\/schema\/person\/image\/","url":"https:\/\/secure.gravatar.com\/avatar\/01d37288f674bd97924b79dea4a95b1cf0e2fb13c33bb7f2533e01617b284459?s=96&d=mm&r=g","contentUrl":"https:\/\/secure.gravatar.com\/avatar\/01d37288f674bd97924b79dea4a95b1cf0e2fb13c33bb7f2533e01617b284459?s=96&d=mm&r=g","caption":"olivierfetet"},"url":"https:\/\/vosgesinfo.fr\/remiremontinfo\/author\/olivierfetet\/"}]}},"_links":{"self":[{"href":"https:\/\/vosgesinfo.fr\/remiremontinfo\/wp-json\/wp\/v2\/posts\/90567","targetHints":{"allow":["GET"]}}],"collection":[{"href":"https:\/\/vosgesinfo.fr\/remiremontinfo\/wp-json\/wp\/v2\/posts"}],"about":[{"href":"https:\/\/vosgesinfo.fr\/remiremontinfo\/wp-json\/wp\/v2\/types\/post"}],"author":[{"embeddable":true,"href":"https:\/\/vosgesinfo.fr\/remiremontinfo\/wp-json\/wp\/v2\/users\/425"}],"replies":[{"embeddable":true,"href":"https:\/\/vosgesinfo.fr\/remiremontinfo\/wp-json\/wp\/v2\/comments?post=90567"}],"version-history":[{"count":8,"href":"https:\/\/vosgesinfo.fr\/remiremontinfo\/wp-json\/wp\/v2\/posts\/90567\/revisions"}],"predecessor-version":[{"id":90888,"href":"https:\/\/vosgesinfo.fr\/remiremontinfo\/wp-json\/wp\/v2\/posts\/90567\/revisions\/90888"}],"wp:featuredmedia":[{"embeddable":true,"href":"https:\/\/vosgesinfo.fr\/remiremontinfo\/wp-json\/wp\/v2\/media\/90887"}],"wp:attachment":[{"href":"https:\/\/vosgesinfo.fr\/remiremontinfo\/wp-json\/wp\/v2\/media?parent=90567"}],"wp:term":[{"taxonomy":"category","embeddable":true,"href":"https:\/\/vosgesinfo.fr\/remiremontinfo\/wp-json\/wp\/v2\/categories?post=90567"},{"taxonomy":"post_tag","embeddable":true,"href":"https:\/\/vosgesinfo.fr\/remiremontinfo\/wp-json\/wp\/v2\/tags?post=90567"}],"curies":[{"name":"wp","href":"https:\/\/api.w.org\/{rel}","templated":true}]}}