{"id":90842,"date":"2026-04-28T05:55:58","date_gmt":"2026-04-28T03:55:58","guid":{"rendered":"https:\/\/vosgesinfo.fr\/remiremontinfo\/?p=90842"},"modified":"2026-04-28T05:55:58","modified_gmt":"2026-04-28T03:55:58","slug":"appel-a-benevoles-festival-resonuances-2026","status":"publish","type":"post","link":"https:\/\/vosgesinfo.fr\/remiremontinfo\/2026\/04\/appel-a-benevoles-festival-resonuances-2026\/","title":{"rendered":"Appel \u00e0 b\u00e9n\u00e9voles &#8211; Festival R\u00e9soNuances 2026 !!!"},"content":{"rendered":"<div><\/div>\n<div class=\"x_gmail_quote x_gmail_quote_container\">\n<div dir=\"ltr\">\n<div>\n<div>\n<p>Le festival <b>R\u00e9soNuances<\/b>\u00a0revient cette ann\u00e9e pour trois nouvelles soir\u00e9es de musique et de partage, les <b>10, 11 et 12 juillet 2026<\/b> \ud83c\udfb6\ud83c\udf3f<br \/>\nPour que cet \u00e9v\u00e9nement puisse voir le jour, nous avons besoin de vous !<\/p>\n<p><a href=\"https:\/\/vosgesinfo.fr\/app\/uploads\/sites\/6\/2026\/04\/affiche-resonuances-2026-06-041.jpg\"><img decoding=\"async\" class=\"alignright size-medium wp-image-90738\" src=\"https:\/\/vosgesinfo.fr\/app\/uploads\/sites\/6\/2026\/04\/affiche-resonuances-2026-06-041-213x300.jpg\" alt=\"\" width=\"213\" height=\"300\" \/><\/a>L\u2019\u00e9v\u00e9nement propose trois soir\u00e9es de concerts au <b>Tholy<\/b> et \u00e0 <b>Sapois<\/b>, m\u00ealant musique vivante et paysages naturels. Le festival se distingue par son choix de lieux atypiques \u2014 <i>les Jardins de Bernadette, l\u2019Espace Potier et la Place du Village du Tholy<\/i> \u2014 o\u00f9 la nature devient un v\u00e9ritable partenaire artistique.<\/p>\n<p>\ud83d\udc49 Nous recherchons des <b>b\u00e9n\u00e9voles<\/b> pour les p\u00f4les suivants :<\/p>\n<p>billetterie<\/p>\n<p>parking<\/p>\n<p>restauration<\/p>\n<p>buvette<\/p>\n<p>Logistique et technique<\/p>\n<p>Vous pouvez vous investir <b>sur une seule journ\u00e9e<\/b> ou <b>sur les trois jours<\/b>, pour les plus vaillants \ud83d\udcaa<br \/>\nToutes les bonnes volont\u00e9s sont les bienvenues !<\/p>\n<p>Vous trouverez ci dessous<b>\u00a0un questionnaire (Google Form)<\/b> qui vous permettra d\u2019indiquer vos disponibilit\u00e9s et de vous inscrire sur les p\u00f4les qui vous int\u00e9ressent :<\/p>\n<p><a title=\"https:\/\/docs.google.com\/forms\/d\/e\/1FAIpQLSfBy8FP90fj9gRNERZuC3VZj9L5VWVGNqQUHBArLps22PnWBA\/viewform?usp=sharing&amp;ouid=113194626735243536053\" href=\"https:\/\/docs.google.com\/forms\/d\/e\/1FAIpQLSfBy8FP90fj9gRNERZuC3VZj9L5VWVGNqQUHBArLps22PnWBA\/viewform?usp=sharing&amp;ouid=113194626735243536053\" target=\"_blank\" rel=\"noopener noreferrer\" data-auth=\"NotApplicable\" data-linkindex=\"0\">https:\/\/docs.google.com\/forms\/d\/e\/1FAIpQLSfBy8FP90fj9gRNERZuC3VZj9L5VWVGNqQUHBArLps22PnWBA\/viewform?usp=sharing&amp;ouid=113194626735243536053<\/a><\/p>\n<p>Un immense merci par avance pour votre engagement, nous avons h\u00e2te de partager ces trois beaux jours avec vous, dans une ambiance conviviale et festive !<\/p>\n<p>\u00c0 tr\u00e8s bient\u00f4t,<\/p>\n<p>L\u2019\u00e9quipe du festival<\/p>\n<\/div>\n<\/div>\n<\/div>\n<\/div>\n","protected":false},"excerpt":{"rendered":"<p>Le festival R\u00e9soNuances\u00a0revient cette ann\u00e9e pour trois nouvelles soir\u00e9es de musique et de partage, les 10, 11 et 12 juillet [&hellip;]<\/p>\n","protected":false},"author":391,"featured_media":90843,"comment_status":"open","ping_status":"open","sticky":false,"template":"","format":"standard","meta":{"footnotes":""},"categories":[26,8520,62,43,17],"tags":[4225],"class_list":["post-90842","post","type-post","status-publish","format-standard","has-post-thumbnail","hentry","category-a-la-une","category-concert","category-gerardmer","category-remiremont-remiremont-son-canton","category-vie-associative","tag-resonuances"],"acf":[],"yoast_head":"<!-- This site is optimized with the Yoast SEO plugin v22.5 - https:\/\/yoast.com\/wordpress\/plugins\/seo\/ -->\n<title>Appel \u00e0 b\u00e9n\u00e9voles - Festival R\u00e9soNuances 2026 !!! - Remiremont Info<\/title>\n<meta name=\"robots\" content=\"index, follow, max-snippet:-1, max-image-preview:large, max-video-preview:-1\" \/>\n<link rel=\"canonical\" href=\"https:\/\/vosgesinfo.fr\/remiremontinfo\/2026\/04\/appel-a-benevoles-festival-resonuances-2026\/\" \/>\n<meta name=\"twitter:card\" content=\"summary_large_image\" \/>\n<meta name=\"twitter:title\" content=\"Appel \u00e0 b\u00e9n\u00e9voles - Festival R\u00e9soNuances 2026 !!! - Remiremont Info\" \/>\n<meta name=\"twitter:description\" content=\"Le festival R\u00e9soNuances\u00a0revient cette ann\u00e9e pour trois nouvelles soir\u00e9es de musique et de partage, les 10, 11 et 12 juillet [&hellip;]\" \/>\n<meta name=\"twitter:image\" content=\"https:\/\/vosgesinfo.fr\/app\/uploads\/sites\/5\/2026\/04\/affiche-resonuances-2026-06-041.jpg\" \/>\n<meta name=\"twitter:creator\" content=\"@VosgesInfo88\" \/>\n<meta name=\"twitter:site\" content=\"@VosgesInfo88\" \/>\n<meta name=\"twitter:label1\" content=\"\u00c9crit par\" \/>\n\t<meta name=\"twitter:data1\" content=\"La redaction\" \/>\n\t<meta name=\"twitter:label2\" content=\"Dur\u00e9e de lecture estim\u00e9e\" \/>\n\t<meta name=\"twitter:data2\" content=\"1 minute\" \/>\n<script type=\"application\/ld+json\" class=\"yoast-schema-graph\">{\"@context\":\"https:\/\/schema.org\",\"@graph\":[{\"@type\":\"Article\",\"@id\":\"https:\/\/vosgesinfo.fr\/remiremontinfo\/2026\/04\/appel-a-benevoles-festival-resonuances-2026\/#article\",\"isPartOf\":{\"@id\":\"https:\/\/vosgesinfo.fr\/remiremontinfo\/2026\/04\/appel-a-benevoles-festival-resonuances-2026\/\"},\"author\":{\"name\":\"La redaction\",\"@id\":\"https:\/\/vosgesinfo.fr\/remiremontinfo\/#\/schema\/person\/27a3695b06db98895b354c0765cdfc31\"},\"headline\":\"Appel \u00e0 b\u00e9n\u00e9voles &#8211; Festival R\u00e9soNuances 2026 !!!\",\"datePublished\":\"2026-04-28T03:55:58+00:00\",\"dateModified\":\"2026-04-28T03:55:58+00:00\",\"mainEntityOfPage\":{\"@id\":\"https:\/\/vosgesinfo.fr\/remiremontinfo\/2026\/04\/appel-a-benevoles-festival-resonuances-2026\/\"},\"wordCount\":222,\"commentCount\":0,\"publisher\":{\"@id\":\"https:\/\/vosgesinfo.fr\/remiremontinfo\/#organization\"},\"image\":{\"@id\":\"https:\/\/vosgesinfo.fr\/remiremontinfo\/2026\/04\/appel-a-benevoles-festival-resonuances-2026\/#primaryimage\"},\"thumbnailUrl\":\"https:\/\/vosgesinfo.fr\/app\/uploads\/sites\/5\/2026\/04\/affiche-resonuances-2026-06-041.jpg\",\"keywords\":[\"r\u00e9sonuances\"],\"articleSection\":[\"A la Une\",\"Concert\",\"G\u00e9rardmer\",\"Remiremont\",\"Vie associative\"],\"inLanguage\":\"fr-FR\",\"potentialAction\":[{\"@type\":\"CommentAction\",\"name\":\"Comment\",\"target\":[\"https:\/\/vosgesinfo.fr\/remiremontinfo\/2026\/04\/appel-a-benevoles-festival-resonuances-2026\/#respond\"]}]},{\"@type\":\"WebPage\",\"@id\":\"https:\/\/vosgesinfo.fr\/remiremontinfo\/2026\/04\/appel-a-benevoles-festival-resonuances-2026\/\",\"url\":\"https:\/\/vosgesinfo.fr\/remiremontinfo\/2026\/04\/appel-a-benevoles-festival-resonuances-2026\/\",\"name\":\"Appel \u00e0 b\u00e9n\u00e9voles - Festival R\u00e9soNuances 2026 !!! - Remiremont Info\",\"isPartOf\":{\"@id\":\"https:\/\/vosgesinfo.fr\/remiremontinfo\/#website\"},\"primaryImageOfPage\":{\"@id\":\"https:\/\/vosgesinfo.fr\/remiremontinfo\/2026\/04\/appel-a-benevoles-festival-resonuances-2026\/#primaryimage\"},\"image\":{\"@id\":\"https:\/\/vosgesinfo.fr\/remiremontinfo\/2026\/04\/appel-a-benevoles-festival-resonuances-2026\/#primaryimage\"},\"thumbnailUrl\":\"https:\/\/vosgesinfo.fr\/app\/uploads\/sites\/5\/2026\/04\/affiche-resonuances-2026-06-041.jpg\",\"datePublished\":\"2026-04-28T03:55:58+00:00\",\"dateModified\":\"2026-04-28T03:55:58+00:00\",\"breadcrumb\":{\"@id\":\"https:\/\/vosgesinfo.fr\/remiremontinfo\/2026\/04\/appel-a-benevoles-festival-resonuances-2026\/#breadcrumb\"},\"inLanguage\":\"fr-FR\",\"potentialAction\":[{\"@type\":\"ReadAction\",\"target\":[\"https:\/\/vosgesinfo.fr\/remiremontinfo\/2026\/04\/appel-a-benevoles-festival-resonuances-2026\/\"]}]},{\"@type\":\"ImageObject\",\"inLanguage\":\"fr-FR\",\"@id\":\"https:\/\/vosgesinfo.fr\/remiremontinfo\/2026\/04\/appel-a-benevoles-festival-resonuances-2026\/#primaryimage\",\"url\":\"https:\/\/vosgesinfo.fr\/app\/uploads\/sites\/5\/2026\/04\/affiche-resonuances-2026-06-041.jpg\",\"contentUrl\":\"https:\/\/vosgesinfo.fr\/app\/uploads\/sites\/5\/2026\/04\/affiche-resonuances-2026-06-041.jpg\",\"width\":620,\"height\":874},{\"@type\":\"BreadcrumbList\",\"@id\":\"https:\/\/vosgesinfo.fr\/remiremontinfo\/2026\/04\/appel-a-benevoles-festival-resonuances-2026\/#breadcrumb\",\"itemListElement\":[{\"@type\":\"ListItem\",\"position\":1,\"name\":\"Home\",\"item\":\"https:\/\/vosgesinfo.fr\/remiremontinfo\/\"},{\"@type\":\"ListItem\",\"position\":2,\"name\":\"Appel \u00e0 b\u00e9n\u00e9voles &#8211; Festival R\u00e9soNuances 2026 !!!\"}]},{\"@type\":\"WebSite\",\"@id\":\"https:\/\/vosgesinfo.fr\/remiremontinfo\/#website\",\"url\":\"https:\/\/vosgesinfo.fr\/remiremontinfo\/\",\"name\":\"Remiremont Info\",\"description\":\"Toute l&#039;actualit\u00e9 de Remiremont\",\"publisher\":{\"@id\":\"https:\/\/vosgesinfo.fr\/remiremontinfo\/#organization\"},\"alternateName\":\"Toute l'actualit\u00e9 de Remiremont\",\"potentialAction\":[{\"@type\":\"SearchAction\",\"target\":{\"@type\":\"EntryPoint\",\"urlTemplate\":\"https:\/\/vosgesinfo.fr\/remiremontinfo\/?s={search_term_string}\"},\"query-input\":\"required name=search_term_string\"}],\"inLanguage\":\"fr-FR\"},{\"@type\":\"Organization\",\"@id\":\"https:\/\/vosgesinfo.fr\/remiremontinfo\/#organization\",\"name\":\"Remiremont Info\",\"url\":\"https:\/\/vosgesinfo.fr\/remiremontinfo\/\",\"logo\":{\"@type\":\"ImageObject\",\"inLanguage\":\"fr-FR\",\"@id\":\"https:\/\/vosgesinfo.fr\/remiremontinfo\/#\/schema\/logo\/image\/\",\"url\":\"https:\/\/vosgesinfo.fr\/app\/uploads\/sites\/5\/2023\/08\/favicon-remiremontinfo.png\",\"contentUrl\":\"https:\/\/vosgesinfo.fr\/app\/uploads\/sites\/5\/2023\/08\/favicon-remiremontinfo.png\",\"width\":512,\"height\":512,\"caption\":\"Remiremont Info\"},\"image\":{\"@id\":\"https:\/\/vosgesinfo.fr\/remiremontinfo\/#\/schema\/logo\/image\/\"},\"sameAs\":[\"https:\/\/www.facebook.com\/remiremontinfo\",\"https:\/\/x.com\/VosgesInfo88\",\"https:\/\/www.youtube.com\/@vosgesinfo\"]},{\"@type\":\"Person\",\"@id\":\"https:\/\/vosgesinfo.fr\/remiremontinfo\/#\/schema\/person\/27a3695b06db98895b354c0765cdfc31\",\"name\":\"La redaction\",\"image\":{\"@type\":\"ImageObject\",\"inLanguage\":\"fr-FR\",\"@id\":\"https:\/\/vosgesinfo.fr\/remiremontinfo\/#\/schema\/person\/image\/\",\"url\":\"https:\/\/secure.gravatar.com\/avatar\/64c76a78e501cedee55736f43f332df901e1896ae9cd8fad269ae2236dd0e8b6?s=96&d=mm&r=g\",\"contentUrl\":\"https:\/\/secure.gravatar.com\/avatar\/64c76a78e501cedee55736f43f332df901e1896ae9cd8fad269ae2236dd0e8b6?s=96&d=mm&r=g\",\"caption\":\"La redaction\"},\"url\":\"https:\/\/vosgesinfo.fr\/remiremontinfo\/author\/la-redaction\/\"}]}<\/script>\n<!-- \/ Yoast SEO plugin. -->","yoast_head_json":{"title":"Appel \u00e0 b\u00e9n\u00e9voles - Festival R\u00e9soNuances 2026 !!! - Remiremont Info","robots":{"index":"index","follow":"follow","max-snippet":"max-snippet:-1","max-image-preview":"max-image-preview:large","max-video-preview":"max-video-preview:-1"},"canonical":"https:\/\/vosgesinfo.fr\/remiremontinfo\/2026\/04\/appel-a-benevoles-festival-resonuances-2026\/","twitter_card":"summary_large_image","twitter_title":"Appel \u00e0 b\u00e9n\u00e9voles - Festival R\u00e9soNuances 2026 !!! - Remiremont Info","twitter_description":"Le festival R\u00e9soNuances\u00a0revient cette ann\u00e9e pour trois nouvelles soir\u00e9es de musique et de partage, les 10, 11 et 12 juillet [&hellip;]","twitter_image":"https:\/\/vosgesinfo.fr\/app\/uploads\/sites\/5\/2026\/04\/affiche-resonuances-2026-06-041.jpg","twitter_creator":"@VosgesInfo88","twitter_site":"@VosgesInfo88","twitter_misc":{"\u00c9crit par":"La redaction","Dur\u00e9e de lecture estim\u00e9e":"1 minute"},"schema":{"@context":"https:\/\/schema.org","@graph":[{"@type":"Article","@id":"https:\/\/vosgesinfo.fr\/remiremontinfo\/2026\/04\/appel-a-benevoles-festival-resonuances-2026\/#article","isPartOf":{"@id":"https:\/\/vosgesinfo.fr\/remiremontinfo\/2026\/04\/appel-a-benevoles-festival-resonuances-2026\/"},"author":{"name":"La redaction","@id":"https:\/\/vosgesinfo.fr\/remiremontinfo\/#\/schema\/person\/27a3695b06db98895b354c0765cdfc31"},"headline":"Appel \u00e0 b\u00e9n\u00e9voles &#8211; Festival R\u00e9soNuances 2026 !!!","datePublished":"2026-04-28T03:55:58+00:00","dateModified":"2026-04-28T03:55:58+00:00","mainEntityOfPage":{"@id":"https:\/\/vosgesinfo.fr\/remiremontinfo\/2026\/04\/appel-a-benevoles-festival-resonuances-2026\/"},"wordCount":222,"commentCount":0,"publisher":{"@id":"https:\/\/vosgesinfo.fr\/remiremontinfo\/#organization"},"image":{"@id":"https:\/\/vosgesinfo.fr\/remiremontinfo\/2026\/04\/appel-a-benevoles-festival-resonuances-2026\/#primaryimage"},"thumbnailUrl":"https:\/\/vosgesinfo.fr\/app\/uploads\/sites\/5\/2026\/04\/affiche-resonuances-2026-06-041.jpg","keywords":["r\u00e9sonuances"],"articleSection":["A la Une","Concert","G\u00e9rardmer","Remiremont","Vie associative"],"inLanguage":"fr-FR","potentialAction":[{"@type":"CommentAction","name":"Comment","target":["https:\/\/vosgesinfo.fr\/remiremontinfo\/2026\/04\/appel-a-benevoles-festival-resonuances-2026\/#respond"]}]},{"@type":"WebPage","@id":"https:\/\/vosgesinfo.fr\/remiremontinfo\/2026\/04\/appel-a-benevoles-festival-resonuances-2026\/","url":"https:\/\/vosgesinfo.fr\/remiremontinfo\/2026\/04\/appel-a-benevoles-festival-resonuances-2026\/","name":"Appel \u00e0 b\u00e9n\u00e9voles - Festival R\u00e9soNuances 2026 !!! - Remiremont Info","isPartOf":{"@id":"https:\/\/vosgesinfo.fr\/remiremontinfo\/#website"},"primaryImageOfPage":{"@id":"https:\/\/vosgesinfo.fr\/remiremontinfo\/2026\/04\/appel-a-benevoles-festival-resonuances-2026\/#primaryimage"},"image":{"@id":"https:\/\/vosgesinfo.fr\/remiremontinfo\/2026\/04\/appel-a-benevoles-festival-resonuances-2026\/#primaryimage"},"thumbnailUrl":"https:\/\/vosgesinfo.fr\/app\/uploads\/sites\/5\/2026\/04\/affiche-resonuances-2026-06-041.jpg","datePublished":"2026-04-28T03:55:58+00:00","dateModified":"2026-04-28T03:55:58+00:00","breadcrumb":{"@id":"https:\/\/vosgesinfo.fr\/remiremontinfo\/2026\/04\/appel-a-benevoles-festival-resonuances-2026\/#breadcrumb"},"inLanguage":"fr-FR","potentialAction":[{"@type":"ReadAction","target":["https:\/\/vosgesinfo.fr\/remiremontinfo\/2026\/04\/appel-a-benevoles-festival-resonuances-2026\/"]}]},{"@type":"ImageObject","inLanguage":"fr-FR","@id":"https:\/\/vosgesinfo.fr\/remiremontinfo\/2026\/04\/appel-a-benevoles-festival-resonuances-2026\/#primaryimage","url":"https:\/\/vosgesinfo.fr\/app\/uploads\/sites\/5\/2026\/04\/affiche-resonuances-2026-06-041.jpg","contentUrl":"https:\/\/vosgesinfo.fr\/app\/uploads\/sites\/5\/2026\/04\/affiche-resonuances-2026-06-041.jpg","width":620,"height":874},{"@type":"BreadcrumbList","@id":"https:\/\/vosgesinfo.fr\/remiremontinfo\/2026\/04\/appel-a-benevoles-festival-resonuances-2026\/#breadcrumb","itemListElement":[{"@type":"ListItem","position":1,"name":"Home","item":"https:\/\/vosgesinfo.fr\/remiremontinfo\/"},{"@type":"ListItem","position":2,"name":"Appel \u00e0 b\u00e9n\u00e9voles &#8211; Festival R\u00e9soNuances 2026 !!!"}]},{"@type":"WebSite","@id":"https:\/\/vosgesinfo.fr\/remiremontinfo\/#website","url":"https:\/\/vosgesinfo.fr\/remiremontinfo\/","name":"Remiremont Info","description":"Toute l&#039;actualit\u00e9 de Remiremont","publisher":{"@id":"https:\/\/vosgesinfo.fr\/remiremontinfo\/#organization"},"alternateName":"Toute l'actualit\u00e9 de Remiremont","potentialAction":[{"@type":"SearchAction","target":{"@type":"EntryPoint","urlTemplate":"https:\/\/vosgesinfo.fr\/remiremontinfo\/?s={search_term_string}"},"query-input":"required name=search_term_string"}],"inLanguage":"fr-FR"},{"@type":"Organization","@id":"https:\/\/vosgesinfo.fr\/remiremontinfo\/#organization","name":"Remiremont Info","url":"https:\/\/vosgesinfo.fr\/remiremontinfo\/","logo":{"@type":"ImageObject","inLanguage":"fr-FR","@id":"https:\/\/vosgesinfo.fr\/remiremontinfo\/#\/schema\/logo\/image\/","url":"https:\/\/vosgesinfo.fr\/app\/uploads\/sites\/5\/2023\/08\/favicon-remiremontinfo.png","contentUrl":"https:\/\/vosgesinfo.fr\/app\/uploads\/sites\/5\/2023\/08\/favicon-remiremontinfo.png","width":512,"height":512,"caption":"Remiremont Info"},"image":{"@id":"https:\/\/vosgesinfo.fr\/remiremontinfo\/#\/schema\/logo\/image\/"},"sameAs":["https:\/\/www.facebook.com\/remiremontinfo","https:\/\/x.com\/VosgesInfo88","https:\/\/www.youtube.com\/@vosgesinfo"]},{"@type":"Person","@id":"https:\/\/vosgesinfo.fr\/remiremontinfo\/#\/schema\/person\/27a3695b06db98895b354c0765cdfc31","name":"La redaction","image":{"@type":"ImageObject","inLanguage":"fr-FR","@id":"https:\/\/vosgesinfo.fr\/remiremontinfo\/#\/schema\/person\/image\/","url":"https:\/\/secure.gravatar.com\/avatar\/64c76a78e501cedee55736f43f332df901e1896ae9cd8fad269ae2236dd0e8b6?s=96&d=mm&r=g","contentUrl":"https:\/\/secure.gravatar.com\/avatar\/64c76a78e501cedee55736f43f332df901e1896ae9cd8fad269ae2236dd0e8b6?s=96&d=mm&r=g","caption":"La redaction"},"url":"https:\/\/vosgesinfo.fr\/remiremontinfo\/author\/la-redaction\/"}]}},"_links":{"self":[{"href":"https:\/\/vosgesinfo.fr\/remiremontinfo\/wp-json\/wp\/v2\/posts\/90842","targetHints":{"allow":["GET"]}}],"collection":[{"href":"https:\/\/vosgesinfo.fr\/remiremontinfo\/wp-json\/wp\/v2\/posts"}],"about":[{"href":"https:\/\/vosgesinfo.fr\/remiremontinfo\/wp-json\/wp\/v2\/types\/post"}],"author":[{"embeddable":true,"href":"https:\/\/vosgesinfo.fr\/remiremontinfo\/wp-json\/wp\/v2\/users\/391"}],"replies":[{"embeddable":true,"href":"https:\/\/vosgesinfo.fr\/remiremontinfo\/wp-json\/wp\/v2\/comments?post=90842"}],"version-history":[{"count":1,"href":"https:\/\/vosgesinfo.fr\/remiremontinfo\/wp-json\/wp\/v2\/posts\/90842\/revisions"}],"predecessor-version":[{"id":90892,"href":"https:\/\/vosgesinfo.fr\/remiremontinfo\/wp-json\/wp\/v2\/posts\/90842\/revisions\/90892"}],"wp:featuredmedia":[{"embeddable":true,"href":"https:\/\/vosgesinfo.fr\/remiremontinfo\/wp-json\/wp\/v2\/media\/90843"}],"wp:attachment":[{"href":"https:\/\/vosgesinfo.fr\/remiremontinfo\/wp-json\/wp\/v2\/media?parent=90842"}],"wp:term":[{"taxonomy":"category","embeddable":true,"href":"https:\/\/vosgesinfo.fr\/remiremontinfo\/wp-json\/wp\/v2\/categories?post=90842"},{"taxonomy":"post_tag","embeddable":true,"href":"https:\/\/vosgesinfo.fr\/remiremontinfo\/wp-json\/wp\/v2\/tags?post=90842"}],"curies":[{"name":"wp","href":"https:\/\/api.w.org\/{rel}","templated":true}]}}