{"id":90844,"date":"2026-04-27T09:58:34","date_gmt":"2026-04-27T07:58:34","guid":{"rendered":"https:\/\/vosgesinfo.fr\/remiremontinfo\/?p=90844"},"modified":"2026-04-27T09:59:11","modified_gmt":"2026-04-27T07:59:11","slug":"journee-nationale-du-souvenir-des-victimes-et-heros-de-la-deportation","status":"publish","type":"post","link":"https:\/\/vosgesinfo.fr\/remiremontinfo\/2026\/04\/journee-nationale-du-souvenir-des-victimes-et-heros-de-la-deportation\/","title":{"rendered":"Journ\u00e9e Nationale du souvenir des victimes et h\u00e9ros de la d\u00e9portation"},"content":{"rendered":"<div id=\"attachment_90845\" style=\"width: 1034px\" class=\"wp-caption aligncenter\"><a href=\"https:\/\/vosgesinfo.fr\/app\/uploads\/sites\/5\/2026\/04\/journee-nationale-des-deportes-50.jpg\"><img decoding=\"async\" aria-describedby=\"caption-attachment-90845\" class=\"size-large wp-image-90845\" src=\"https:\/\/vosgesinfo.fr\/app\/uploads\/sites\/5\/2026\/04\/journee-nationale-des-deportes-50-1024x683.jpg\" alt=\"\" width=\"1024\" height=\"683\" srcset=\"https:\/\/vosgesinfo.fr\/app\/uploads\/sites\/5\/2026\/04\/journee-nationale-des-deportes-50-1024x683.jpg 1024w, https:\/\/vosgesinfo.fr\/app\/uploads\/sites\/5\/2026\/04\/journee-nationale-des-deportes-50-300x200.jpg 300w, https:\/\/vosgesinfo.fr\/app\/uploads\/sites\/5\/2026\/04\/journee-nationale-des-deportes-50-768x512.jpg 768w, https:\/\/vosgesinfo.fr\/app\/uploads\/sites\/5\/2026\/04\/journee-nationale-des-deportes-50-1536x1024.jpg 1536w, https:\/\/vosgesinfo.fr\/app\/uploads\/sites\/5\/2026\/04\/journee-nationale-des-deportes-50.jpg 1920w\" sizes=\"(max-width: 1024px) 100vw, 1024px\" \/><\/a><p id=\"caption-attachment-90845\" class=\"wp-caption-text\">D\u00e9p\u00f4t de gerbe de la ville par Monsieur le Maire<\/p><\/div>\n<p><strong>Ce dimanche matin a eu lieu \u00e0 Remiremont la c\u00e9r\u00e9monie d\u2019hommage aux victimes et h\u00e9ros de la d\u00e9portation, dans le cadre de la journ\u00e9e nationale du souvenir des victimes et h\u00e9ros de la d\u00e9portation.<\/strong><\/p>\n<p>La c\u00e9r\u00e9monie, sous le regard et le contr\u00f4le du chef protocole, Gilbert Bouch\u00e9, s&rsquo;est d\u00e9roul\u00e9e au cimeti\u00e8re de Remiremont,<\/p>\n<div id=\"attachment_90846\" style=\"width: 210px\" class=\"wp-caption alignright\"><a href=\"https:\/\/vosgesinfo.fr\/app\/uploads\/sites\/5\/2026\/04\/journee-nationale-des-deportes-29.jpg\"><img decoding=\"async\" aria-describedby=\"caption-attachment-90846\" class=\"size-medium wp-image-90846\" src=\"https:\/\/vosgesinfo.fr\/app\/uploads\/sites\/5\/2026\/04\/journee-nationale-des-deportes-29-200x300.jpg\" alt=\"\" width=\"200\" height=\"300\" srcset=\"https:\/\/vosgesinfo.fr\/app\/uploads\/sites\/5\/2026\/04\/journee-nationale-des-deportes-29-200x300.jpg 200w, https:\/\/vosgesinfo.fr\/app\/uploads\/sites\/5\/2026\/04\/journee-nationale-des-deportes-29-683x1024.jpg 683w, https:\/\/vosgesinfo.fr\/app\/uploads\/sites\/5\/2026\/04\/journee-nationale-des-deportes-29-768x1152.jpg 768w, https:\/\/vosgesinfo.fr\/app\/uploads\/sites\/5\/2026\/04\/journee-nationale-des-deportes-29-1024x1536.jpg 1024w, https:\/\/vosgesinfo.fr\/app\/uploads\/sites\/5\/2026\/04\/journee-nationale-des-deportes-29.jpg 1280w\" sizes=\"(max-width: 200px) 100vw, 200px\" \/><\/a><p id=\"caption-attachment-90846\" class=\"wp-caption-text\">Lecture du message des associations de d\u00e9port\u00e9s<\/p><\/div>\n<p>Au Monument aux Morts avec lev\u00e9e des couleurs, d\u00e9p\u00f4t de gerbe par le Conseil d\u00e9partemental et par la ville de Remiremont et recueillement. Monsieur le maire de Remiremont, Jean Beno\u00eet Tisserand, entour\u00e9 d\u2019\u00e9lus du conseil municipal, de Val\u00e9rie Jankowski repr\u00e9sentant le conseil d\u00e9partemental, des autorit\u00e9s militaires et de repr\u00e9sentants d\u2019associations de d\u00e9port\u00e9s, a lu le message r\u00e9dig\u00e9 par les associations de d\u00e9port\u00e9s.<\/p>\n<p>Puis au cimeti\u00e8re militaire, d\u00e9p\u00f4t de gerbe par les autorit\u00e9s militaires et recueillement. La c\u00e9r\u00e9monie a continu\u00e9 et s\u2019est conclue dans le hall de l\u2019h\u00f4tel de ville avec d\u00e9p\u00f4t de gerbe sous la plaque comm\u00e9morative des Isra\u00e9lites de Remiremont d\u00e9port\u00e9s \u00e0 Auschwitz par Monsieur le Maire accompagn\u00e9 de L\u00e9on Sib\u00e9oni, pr\u00e9sident de la communaut\u00e9 isra\u00e9lite, et recueillement.<\/p>\n<p><strong>PM<\/strong><\/p>\n<div id=\"attachment_90847\" style=\"width: 1034px\" class=\"wp-caption alignright\"><a href=\"https:\/\/vosgesinfo.fr\/app\/uploads\/sites\/5\/2026\/04\/journee-nationale-des-deportes-94.jpg\"><img decoding=\"async\" aria-describedby=\"caption-attachment-90847\" class=\"size-large wp-image-90847\" src=\"https:\/\/vosgesinfo.fr\/app\/uploads\/sites\/5\/2026\/04\/journee-nationale-des-deportes-94-1024x683.jpg\" alt=\"\" width=\"1024\" height=\"683\" srcset=\"https:\/\/vosgesinfo.fr\/app\/uploads\/sites\/5\/2026\/04\/journee-nationale-des-deportes-94-1024x683.jpg 1024w, https:\/\/vosgesinfo.fr\/app\/uploads\/sites\/5\/2026\/04\/journee-nationale-des-deportes-94-300x200.jpg 300w, https:\/\/vosgesinfo.fr\/app\/uploads\/sites\/5\/2026\/04\/journee-nationale-des-deportes-94-768x512.jpg 768w, https:\/\/vosgesinfo.fr\/app\/uploads\/sites\/5\/2026\/04\/journee-nationale-des-deportes-94-1536x1024.jpg 1536w, https:\/\/vosgesinfo.fr\/app\/uploads\/sites\/5\/2026\/04\/journee-nationale-des-deportes-94.jpg 1920w\" sizes=\"(max-width: 1024px) 100vw, 1024px\" \/><\/a><p id=\"caption-attachment-90847\" class=\"wp-caption-text\">D\u00e9p\u00f4t de gerbe par Monsieur le Maire et le pr\u00e9sident de la communaut\u00e9 Isra\u00e9lite<\/p><\/div>\n\n\t\t<style type=\"text\/css\">\n\t\t\t#gallery-1 {\n\t\t\t\tmargin: auto;\n\t\t\t}\n\t\t\t#gallery-1 .gallery-item {\n\t\t\t\tfloat: left;\n\t\t\t\tmargin-top: 10px;\n\t\t\t\ttext-align: center;\n\t\t\t\twidth: 50%;\n\t\t\t}\n\t\t\t#gallery-1 img {\n\t\t\t\tborder: 2px solid #cfcfcf;\n\t\t\t}\n\t\t\t#gallery-1 .gallery-caption {\n\t\t\t\tmargin-left: 0;\n\t\t\t}\n\t\t\t\/* see gallery_shortcode() in wp-includes\/media.php *\/\n\t\t<\/style>\n\t\t<div id='gallery-1' class='gallery galleryid-90844 gallery-columns-2 gallery-size-medium'><dl class='gallery-item'>\n\t\t\t<dt class='gallery-icon landscape'>\n\t\t\t\t<a href='https:\/\/vosgesinfo.fr\/app\/uploads\/sites\/5\/2026\/04\/depot-de-la-gerbe-du-conseil-departemental.jpg'><img decoding=\"async\" width=\"300\" height=\"200\" src=\"https:\/\/vosgesinfo.fr\/app\/uploads\/sites\/5\/2026\/04\/depot-de-la-gerbe-du-conseil-departemental-300x200.jpg\" class=\"attachment-medium size-medium\" alt=\"\" aria-describedby=\"gallery-1-90849\" srcset=\"https:\/\/vosgesinfo.fr\/app\/uploads\/sites\/5\/2026\/04\/depot-de-la-gerbe-du-conseil-departemental-300x200.jpg 300w, https:\/\/vosgesinfo.fr\/app\/uploads\/sites\/5\/2026\/04\/depot-de-la-gerbe-du-conseil-departemental-1024x683.jpg 1024w, https:\/\/vosgesinfo.fr\/app\/uploads\/sites\/5\/2026\/04\/depot-de-la-gerbe-du-conseil-departemental-768x512.jpg 768w, https:\/\/vosgesinfo.fr\/app\/uploads\/sites\/5\/2026\/04\/depot-de-la-gerbe-du-conseil-departemental.jpg 1354w\" sizes=\"(max-width: 300px) 100vw, 300px\" \/><\/a>\n\t\t\t<\/dt>\n\t\t\t\t<dd class='wp-caption-text gallery-caption' id='gallery-1-90849'>\n\t\t\t\tD\u00e9p\u00f4t de la gerbe du conseil d\u00e9partemental\n\t\t\t\t<\/dd><\/dl><dl class='gallery-item'>\n\t\t\t<dt class='gallery-icon landscape'>\n\t\t\t\t<a href='https:\/\/vosgesinfo.fr\/app\/uploads\/sites\/5\/2026\/04\/depot-de-la-gerbe-par-les-autorites-militaires.jpg'><img decoding=\"async\" width=\"300\" height=\"197\" src=\"https:\/\/vosgesinfo.fr\/app\/uploads\/sites\/5\/2026\/04\/depot-de-la-gerbe-par-les-autorites-militaires-300x197.jpg\" class=\"attachment-medium size-medium\" alt=\"\" aria-describedby=\"gallery-1-90850\" srcset=\"https:\/\/vosgesinfo.fr\/app\/uploads\/sites\/5\/2026\/04\/depot-de-la-gerbe-par-les-autorites-militaires-300x197.jpg 300w, https:\/\/vosgesinfo.fr\/app\/uploads\/sites\/5\/2026\/04\/depot-de-la-gerbe-par-les-autorites-militaires-1024x673.jpg 1024w, https:\/\/vosgesinfo.fr\/app\/uploads\/sites\/5\/2026\/04\/depot-de-la-gerbe-par-les-autorites-militaires-768x505.jpg 768w, https:\/\/vosgesinfo.fr\/app\/uploads\/sites\/5\/2026\/04\/depot-de-la-gerbe-par-les-autorites-militaires.jpg 1357w\" sizes=\"(max-width: 300px) 100vw, 300px\" \/><\/a>\n\t\t\t<\/dt>\n\t\t\t\t<dd class='wp-caption-text gallery-caption' id='gallery-1-90850'>\n\t\t\t\tD\u00e9p\u00f4t de la gerbe par les autorit\u00e9s militaires\n\t\t\t\t<\/dd><\/dl><br style=\"clear: both\" \/>\n\t\t<\/div>\n\n<p>&nbsp;<\/p>\n","protected":false},"excerpt":{"rendered":"<p>Ce dimanche matin a eu lieu \u00e0 Remiremont la c\u00e9r\u00e9monie d\u2019hommage aux victimes et h\u00e9ros de la d\u00e9portation, dans le [&hellip;]<\/p>\n","protected":false},"author":413,"featured_media":90845,"comment_status":"open","ping_status":"open","sticky":false,"template":"","format":"standard","meta":{"footnotes":""},"categories":[26,9253,86,43,35,13],"tags":[379],"class_list":["post-90844","post","type-post","status-publish","format-standard","has-post-thumbnail","hentry","category-a-la-une","category-ceremonie","category-histoire","category-remiremont-remiremont-son-canton","category-remiremont-son-canton","category-societe","tag-ceremonie"],"acf":[],"yoast_head":"<!-- This site is optimized with the Yoast SEO plugin v22.5 - https:\/\/yoast.com\/wordpress\/plugins\/seo\/ -->\n<title>Journ\u00e9e Nationale du souvenir des victimes et h\u00e9ros de la d\u00e9portation - Remiremont Info<\/title>\n<meta name=\"robots\" content=\"index, follow, max-snippet:-1, max-image-preview:large, max-video-preview:-1\" \/>\n<link rel=\"canonical\" href=\"https:\/\/vosgesinfo.fr\/remiremontinfo\/2026\/04\/journee-nationale-du-souvenir-des-victimes-et-heros-de-la-deportation\/\" \/>\n<meta name=\"twitter:card\" content=\"summary_large_image\" \/>\n<meta name=\"twitter:title\" content=\"Journ\u00e9e Nationale du souvenir des victimes et h\u00e9ros de la d\u00e9portation - Remiremont Info\" \/>\n<meta name=\"twitter:description\" content=\"Ce dimanche matin a eu lieu \u00e0 Remiremont la c\u00e9r\u00e9monie d\u2019hommage aux victimes et h\u00e9ros de la d\u00e9portation, dans le [&hellip;]\" \/>\n<meta name=\"twitter:image\" content=\"https:\/\/vosgesinfo.fr\/app\/uploads\/sites\/5\/2026\/04\/journee-nationale-des-deportes-50.jpg\" \/>\n<meta name=\"twitter:creator\" content=\"@VosgesInfo88\" \/>\n<meta name=\"twitter:site\" content=\"@VosgesInfo88\" \/>\n<meta name=\"twitter:label1\" content=\"\u00c9crit par\" \/>\n\t<meta name=\"twitter:data1\" content=\"P.M\" \/>\n\t<meta name=\"twitter:label2\" content=\"Dur\u00e9e de lecture estim\u00e9e\" \/>\n\t<meta name=\"twitter:data2\" content=\"2 minutes\" \/>\n<script type=\"application\/ld+json\" class=\"yoast-schema-graph\">{\"@context\":\"https:\/\/schema.org\",\"@graph\":[{\"@type\":\"Article\",\"@id\":\"https:\/\/vosgesinfo.fr\/remiremontinfo\/2026\/04\/journee-nationale-du-souvenir-des-victimes-et-heros-de-la-deportation\/#article\",\"isPartOf\":{\"@id\":\"https:\/\/vosgesinfo.fr\/remiremontinfo\/2026\/04\/journee-nationale-du-souvenir-des-victimes-et-heros-de-la-deportation\/\"},\"author\":{\"name\":\"P.M\",\"@id\":\"https:\/\/vosgesinfo.fr\/remiremontinfo\/#\/schema\/person\/a6fd2dde36da20be3679f2058b94c5b8\"},\"headline\":\"Journ\u00e9e Nationale du souvenir des victimes et h\u00e9ros de la d\u00e9portation\",\"datePublished\":\"2026-04-27T07:58:34+00:00\",\"dateModified\":\"2026-04-27T07:59:11+00:00\",\"mainEntityOfPage\":{\"@id\":\"https:\/\/vosgesinfo.fr\/remiremontinfo\/2026\/04\/journee-nationale-du-souvenir-des-victimes-et-heros-de-la-deportation\/\"},\"wordCount\":304,\"commentCount\":0,\"publisher\":{\"@id\":\"https:\/\/vosgesinfo.fr\/remiremontinfo\/#organization\"},\"image\":{\"@id\":\"https:\/\/vosgesinfo.fr\/remiremontinfo\/2026\/04\/journee-nationale-du-souvenir-des-victimes-et-heros-de-la-deportation\/#primaryimage\"},\"thumbnailUrl\":\"https:\/\/vosgesinfo.fr\/app\/uploads\/sites\/5\/2026\/04\/journee-nationale-des-deportes-50.jpg\",\"keywords\":[\"c\u00e9r\u00e9monie\"],\"articleSection\":[\"A la Une\",\"C\u00e9r\u00e9monie\",\"Histoire\",\"Remiremont\",\"Remiremont &amp; son canton\",\"Soci\u00e9t\u00e9\"],\"inLanguage\":\"fr-FR\",\"potentialAction\":[{\"@type\":\"CommentAction\",\"name\":\"Comment\",\"target\":[\"https:\/\/vosgesinfo.fr\/remiremontinfo\/2026\/04\/journee-nationale-du-souvenir-des-victimes-et-heros-de-la-deportation\/#respond\"]}]},{\"@type\":\"WebPage\",\"@id\":\"https:\/\/vosgesinfo.fr\/remiremontinfo\/2026\/04\/journee-nationale-du-souvenir-des-victimes-et-heros-de-la-deportation\/\",\"url\":\"https:\/\/vosgesinfo.fr\/remiremontinfo\/2026\/04\/journee-nationale-du-souvenir-des-victimes-et-heros-de-la-deportation\/\",\"name\":\"Journ\u00e9e Nationale du souvenir des victimes et h\u00e9ros de la d\u00e9portation - Remiremont Info\",\"isPartOf\":{\"@id\":\"https:\/\/vosgesinfo.fr\/remiremontinfo\/#website\"},\"primaryImageOfPage\":{\"@id\":\"https:\/\/vosgesinfo.fr\/remiremontinfo\/2026\/04\/journee-nationale-du-souvenir-des-victimes-et-heros-de-la-deportation\/#primaryimage\"},\"image\":{\"@id\":\"https:\/\/vosgesinfo.fr\/remiremontinfo\/2026\/04\/journee-nationale-du-souvenir-des-victimes-et-heros-de-la-deportation\/#primaryimage\"},\"thumbnailUrl\":\"https:\/\/vosgesinfo.fr\/app\/uploads\/sites\/5\/2026\/04\/journee-nationale-des-deportes-50.jpg\",\"datePublished\":\"2026-04-27T07:58:34+00:00\",\"dateModified\":\"2026-04-27T07:59:11+00:00\",\"breadcrumb\":{\"@id\":\"https:\/\/vosgesinfo.fr\/remiremontinfo\/2026\/04\/journee-nationale-du-souvenir-des-victimes-et-heros-de-la-deportation\/#breadcrumb\"},\"inLanguage\":\"fr-FR\",\"potentialAction\":[{\"@type\":\"ReadAction\",\"target\":[\"https:\/\/vosgesinfo.fr\/remiremontinfo\/2026\/04\/journee-nationale-du-souvenir-des-victimes-et-heros-de-la-deportation\/\"]}]},{\"@type\":\"ImageObject\",\"inLanguage\":\"fr-FR\",\"@id\":\"https:\/\/vosgesinfo.fr\/remiremontinfo\/2026\/04\/journee-nationale-du-souvenir-des-victimes-et-heros-de-la-deportation\/#primaryimage\",\"url\":\"https:\/\/vosgesinfo.fr\/app\/uploads\/sites\/5\/2026\/04\/journee-nationale-des-deportes-50.jpg\",\"contentUrl\":\"https:\/\/vosgesinfo.fr\/app\/uploads\/sites\/5\/2026\/04\/journee-nationale-des-deportes-50.jpg\",\"width\":1920,\"height\":1280,\"caption\":\"D\u00e9p\u00f4t de gerbe de la ville par Monsieur le Maire\"},{\"@type\":\"BreadcrumbList\",\"@id\":\"https:\/\/vosgesinfo.fr\/remiremontinfo\/2026\/04\/journee-nationale-du-souvenir-des-victimes-et-heros-de-la-deportation\/#breadcrumb\",\"itemListElement\":[{\"@type\":\"ListItem\",\"position\":1,\"name\":\"Home\",\"item\":\"https:\/\/vosgesinfo.fr\/remiremontinfo\/\"},{\"@type\":\"ListItem\",\"position\":2,\"name\":\"Journ\u00e9e Nationale du souvenir des victimes et h\u00e9ros de la d\u00e9portation\"}]},{\"@type\":\"WebSite\",\"@id\":\"https:\/\/vosgesinfo.fr\/remiremontinfo\/#website\",\"url\":\"https:\/\/vosgesinfo.fr\/remiremontinfo\/\",\"name\":\"Remiremont Info\",\"description\":\"Toute l&#039;actualit\u00e9 de Remiremont\",\"publisher\":{\"@id\":\"https:\/\/vosgesinfo.fr\/remiremontinfo\/#organization\"},\"alternateName\":\"Toute l'actualit\u00e9 de Remiremont\",\"potentialAction\":[{\"@type\":\"SearchAction\",\"target\":{\"@type\":\"EntryPoint\",\"urlTemplate\":\"https:\/\/vosgesinfo.fr\/remiremontinfo\/?s={search_term_string}\"},\"query-input\":\"required name=search_term_string\"}],\"inLanguage\":\"fr-FR\"},{\"@type\":\"Organization\",\"@id\":\"https:\/\/vosgesinfo.fr\/remiremontinfo\/#organization\",\"name\":\"Remiremont Info\",\"url\":\"https:\/\/vosgesinfo.fr\/remiremontinfo\/\",\"logo\":{\"@type\":\"ImageObject\",\"inLanguage\":\"fr-FR\",\"@id\":\"https:\/\/vosgesinfo.fr\/remiremontinfo\/#\/schema\/logo\/image\/\",\"url\":\"https:\/\/vosgesinfo.fr\/app\/uploads\/sites\/5\/2023\/08\/favicon-remiremontinfo.png\",\"contentUrl\":\"https:\/\/vosgesinfo.fr\/app\/uploads\/sites\/5\/2023\/08\/favicon-remiremontinfo.png\",\"width\":512,\"height\":512,\"caption\":\"Remiremont Info\"},\"image\":{\"@id\":\"https:\/\/vosgesinfo.fr\/remiremontinfo\/#\/schema\/logo\/image\/\"},\"sameAs\":[\"https:\/\/www.facebook.com\/remiremontinfo\",\"https:\/\/x.com\/VosgesInfo88\",\"https:\/\/www.youtube.com\/@vosgesinfo\"]},{\"@type\":\"Person\",\"@id\":\"https:\/\/vosgesinfo.fr\/remiremontinfo\/#\/schema\/person\/a6fd2dde36da20be3679f2058b94c5b8\",\"name\":\"P.M\",\"image\":{\"@type\":\"ImageObject\",\"inLanguage\":\"fr-FR\",\"@id\":\"https:\/\/vosgesinfo.fr\/remiremontinfo\/#\/schema\/person\/image\/\",\"url\":\"https:\/\/secure.gravatar.com\/avatar\/db38f6ef38bb165f6f4d352563f264129673ed4536984fbbcddf700bd12f8a9a?s=96&d=mm&r=g\",\"contentUrl\":\"https:\/\/secure.gravatar.com\/avatar\/db38f6ef38bb165f6f4d352563f264129673ed4536984fbbcddf700bd12f8a9a?s=96&d=mm&r=g\",\"caption\":\"P.M\"},\"url\":\"https:\/\/vosgesinfo.fr\/remiremontinfo\/author\/p-mangel88\/\"}]}<\/script>\n<!-- \/ Yoast SEO plugin. -->","yoast_head_json":{"title":"Journ\u00e9e Nationale du souvenir des victimes et h\u00e9ros de la d\u00e9portation - Remiremont Info","robots":{"index":"index","follow":"follow","max-snippet":"max-snippet:-1","max-image-preview":"max-image-preview:large","max-video-preview":"max-video-preview:-1"},"canonical":"https:\/\/vosgesinfo.fr\/remiremontinfo\/2026\/04\/journee-nationale-du-souvenir-des-victimes-et-heros-de-la-deportation\/","twitter_card":"summary_large_image","twitter_title":"Journ\u00e9e Nationale du souvenir des victimes et h\u00e9ros de la d\u00e9portation - Remiremont Info","twitter_description":"Ce dimanche matin a eu lieu \u00e0 Remiremont la c\u00e9r\u00e9monie d\u2019hommage aux victimes et h\u00e9ros de la d\u00e9portation, dans le [&hellip;]","twitter_image":"https:\/\/vosgesinfo.fr\/app\/uploads\/sites\/5\/2026\/04\/journee-nationale-des-deportes-50.jpg","twitter_creator":"@VosgesInfo88","twitter_site":"@VosgesInfo88","twitter_misc":{"\u00c9crit par":"P.M","Dur\u00e9e de lecture estim\u00e9e":"2 minutes"},"schema":{"@context":"https:\/\/schema.org","@graph":[{"@type":"Article","@id":"https:\/\/vosgesinfo.fr\/remiremontinfo\/2026\/04\/journee-nationale-du-souvenir-des-victimes-et-heros-de-la-deportation\/#article","isPartOf":{"@id":"https:\/\/vosgesinfo.fr\/remiremontinfo\/2026\/04\/journee-nationale-du-souvenir-des-victimes-et-heros-de-la-deportation\/"},"author":{"name":"P.M","@id":"https:\/\/vosgesinfo.fr\/remiremontinfo\/#\/schema\/person\/a6fd2dde36da20be3679f2058b94c5b8"},"headline":"Journ\u00e9e Nationale du souvenir des victimes et h\u00e9ros de la d\u00e9portation","datePublished":"2026-04-27T07:58:34+00:00","dateModified":"2026-04-27T07:59:11+00:00","mainEntityOfPage":{"@id":"https:\/\/vosgesinfo.fr\/remiremontinfo\/2026\/04\/journee-nationale-du-souvenir-des-victimes-et-heros-de-la-deportation\/"},"wordCount":304,"commentCount":0,"publisher":{"@id":"https:\/\/vosgesinfo.fr\/remiremontinfo\/#organization"},"image":{"@id":"https:\/\/vosgesinfo.fr\/remiremontinfo\/2026\/04\/journee-nationale-du-souvenir-des-victimes-et-heros-de-la-deportation\/#primaryimage"},"thumbnailUrl":"https:\/\/vosgesinfo.fr\/app\/uploads\/sites\/5\/2026\/04\/journee-nationale-des-deportes-50.jpg","keywords":["c\u00e9r\u00e9monie"],"articleSection":["A la Une","C\u00e9r\u00e9monie","Histoire","Remiremont","Remiremont &amp; son canton","Soci\u00e9t\u00e9"],"inLanguage":"fr-FR","potentialAction":[{"@type":"CommentAction","name":"Comment","target":["https:\/\/vosgesinfo.fr\/remiremontinfo\/2026\/04\/journee-nationale-du-souvenir-des-victimes-et-heros-de-la-deportation\/#respond"]}]},{"@type":"WebPage","@id":"https:\/\/vosgesinfo.fr\/remiremontinfo\/2026\/04\/journee-nationale-du-souvenir-des-victimes-et-heros-de-la-deportation\/","url":"https:\/\/vosgesinfo.fr\/remiremontinfo\/2026\/04\/journee-nationale-du-souvenir-des-victimes-et-heros-de-la-deportation\/","name":"Journ\u00e9e Nationale du souvenir des victimes et h\u00e9ros de la d\u00e9portation - Remiremont Info","isPartOf":{"@id":"https:\/\/vosgesinfo.fr\/remiremontinfo\/#website"},"primaryImageOfPage":{"@id":"https:\/\/vosgesinfo.fr\/remiremontinfo\/2026\/04\/journee-nationale-du-souvenir-des-victimes-et-heros-de-la-deportation\/#primaryimage"},"image":{"@id":"https:\/\/vosgesinfo.fr\/remiremontinfo\/2026\/04\/journee-nationale-du-souvenir-des-victimes-et-heros-de-la-deportation\/#primaryimage"},"thumbnailUrl":"https:\/\/vosgesinfo.fr\/app\/uploads\/sites\/5\/2026\/04\/journee-nationale-des-deportes-50.jpg","datePublished":"2026-04-27T07:58:34+00:00","dateModified":"2026-04-27T07:59:11+00:00","breadcrumb":{"@id":"https:\/\/vosgesinfo.fr\/remiremontinfo\/2026\/04\/journee-nationale-du-souvenir-des-victimes-et-heros-de-la-deportation\/#breadcrumb"},"inLanguage":"fr-FR","potentialAction":[{"@type":"ReadAction","target":["https:\/\/vosgesinfo.fr\/remiremontinfo\/2026\/04\/journee-nationale-du-souvenir-des-victimes-et-heros-de-la-deportation\/"]}]},{"@type":"ImageObject","inLanguage":"fr-FR","@id":"https:\/\/vosgesinfo.fr\/remiremontinfo\/2026\/04\/journee-nationale-du-souvenir-des-victimes-et-heros-de-la-deportation\/#primaryimage","url":"https:\/\/vosgesinfo.fr\/app\/uploads\/sites\/5\/2026\/04\/journee-nationale-des-deportes-50.jpg","contentUrl":"https:\/\/vosgesinfo.fr\/app\/uploads\/sites\/5\/2026\/04\/journee-nationale-des-deportes-50.jpg","width":1920,"height":1280,"caption":"D\u00e9p\u00f4t de gerbe de la ville par Monsieur le Maire"},{"@type":"BreadcrumbList","@id":"https:\/\/vosgesinfo.fr\/remiremontinfo\/2026\/04\/journee-nationale-du-souvenir-des-victimes-et-heros-de-la-deportation\/#breadcrumb","itemListElement":[{"@type":"ListItem","position":1,"name":"Home","item":"https:\/\/vosgesinfo.fr\/remiremontinfo\/"},{"@type":"ListItem","position":2,"name":"Journ\u00e9e Nationale du souvenir des victimes et h\u00e9ros de la d\u00e9portation"}]},{"@type":"WebSite","@id":"https:\/\/vosgesinfo.fr\/remiremontinfo\/#website","url":"https:\/\/vosgesinfo.fr\/remiremontinfo\/","name":"Remiremont Info","description":"Toute l&#039;actualit\u00e9 de Remiremont","publisher":{"@id":"https:\/\/vosgesinfo.fr\/remiremontinfo\/#organization"},"alternateName":"Toute l'actualit\u00e9 de Remiremont","potentialAction":[{"@type":"SearchAction","target":{"@type":"EntryPoint","urlTemplate":"https:\/\/vosgesinfo.fr\/remiremontinfo\/?s={search_term_string}"},"query-input":"required name=search_term_string"}],"inLanguage":"fr-FR"},{"@type":"Organization","@id":"https:\/\/vosgesinfo.fr\/remiremontinfo\/#organization","name":"Remiremont Info","url":"https:\/\/vosgesinfo.fr\/remiremontinfo\/","logo":{"@type":"ImageObject","inLanguage":"fr-FR","@id":"https:\/\/vosgesinfo.fr\/remiremontinfo\/#\/schema\/logo\/image\/","url":"https:\/\/vosgesinfo.fr\/app\/uploads\/sites\/5\/2023\/08\/favicon-remiremontinfo.png","contentUrl":"https:\/\/vosgesinfo.fr\/app\/uploads\/sites\/5\/2023\/08\/favicon-remiremontinfo.png","width":512,"height":512,"caption":"Remiremont Info"},"image":{"@id":"https:\/\/vosgesinfo.fr\/remiremontinfo\/#\/schema\/logo\/image\/"},"sameAs":["https:\/\/www.facebook.com\/remiremontinfo","https:\/\/x.com\/VosgesInfo88","https:\/\/www.youtube.com\/@vosgesinfo"]},{"@type":"Person","@id":"https:\/\/vosgesinfo.fr\/remiremontinfo\/#\/schema\/person\/a6fd2dde36da20be3679f2058b94c5b8","name":"P.M","image":{"@type":"ImageObject","inLanguage":"fr-FR","@id":"https:\/\/vosgesinfo.fr\/remiremontinfo\/#\/schema\/person\/image\/","url":"https:\/\/secure.gravatar.com\/avatar\/db38f6ef38bb165f6f4d352563f264129673ed4536984fbbcddf700bd12f8a9a?s=96&d=mm&r=g","contentUrl":"https:\/\/secure.gravatar.com\/avatar\/db38f6ef38bb165f6f4d352563f264129673ed4536984fbbcddf700bd12f8a9a?s=96&d=mm&r=g","caption":"P.M"},"url":"https:\/\/vosgesinfo.fr\/remiremontinfo\/author\/p-mangel88\/"}]}},"_links":{"self":[{"href":"https:\/\/vosgesinfo.fr\/remiremontinfo\/wp-json\/wp\/v2\/posts\/90844","targetHints":{"allow":["GET"]}}],"collection":[{"href":"https:\/\/vosgesinfo.fr\/remiremontinfo\/wp-json\/wp\/v2\/posts"}],"about":[{"href":"https:\/\/vosgesinfo.fr\/remiremontinfo\/wp-json\/wp\/v2\/types\/post"}],"author":[{"embeddable":true,"href":"https:\/\/vosgesinfo.fr\/remiremontinfo\/wp-json\/wp\/v2\/users\/413"}],"replies":[{"embeddable":true,"href":"https:\/\/vosgesinfo.fr\/remiremontinfo\/wp-json\/wp\/v2\/comments?post=90844"}],"version-history":[{"count":5,"href":"https:\/\/vosgesinfo.fr\/remiremontinfo\/wp-json\/wp\/v2\/posts\/90844\/revisions"}],"predecessor-version":[{"id":90866,"href":"https:\/\/vosgesinfo.fr\/remiremontinfo\/wp-json\/wp\/v2\/posts\/90844\/revisions\/90866"}],"wp:featuredmedia":[{"embeddable":true,"href":"https:\/\/vosgesinfo.fr\/remiremontinfo\/wp-json\/wp\/v2\/media\/90845"}],"wp:attachment":[{"href":"https:\/\/vosgesinfo.fr\/remiremontinfo\/wp-json\/wp\/v2\/media?parent=90844"}],"wp:term":[{"taxonomy":"category","embeddable":true,"href":"https:\/\/vosgesinfo.fr\/remiremontinfo\/wp-json\/wp\/v2\/categories?post=90844"},{"taxonomy":"post_tag","embeddable":true,"href":"https:\/\/vosgesinfo.fr\/remiremontinfo\/wp-json\/wp\/v2\/tags?post=90844"}],"curies":[{"name":"wp","href":"https:\/\/api.w.org\/{rel}","templated":true}]}}