{"id":90859,"date":"2026-04-27T05:51:13","date_gmt":"2026-04-27T03:51:13","guid":{"rendered":"https:\/\/vosgesinfo.fr\/remiremontinfo\/?p=90859"},"modified":"2026-04-26T23:20:54","modified_gmt":"2026-04-26T21:20:54","slug":"remiremont-a-lordre-du-jour-du-prochain-conseil-municipal-2","status":"publish","type":"post","link":"https:\/\/vosgesinfo.fr\/remiremontinfo\/2026\/04\/remiremont-a-lordre-du-jour-du-prochain-conseil-municipal-2\/","title":{"rendered":"Remiremont &#8211; \u00e0 l&rsquo;ordre du jour du prochain conseil municipal"},"content":{"rendered":"<p style=\"text-align: center;\"><strong>Conseil Municipal de la Ville de REMIREMONT<\/strong><br \/>\n<strong>S\u00e9ance du jeudi 30 avril 2026 \u00e0 18 h 00<\/strong><\/p>\n<p><strong>ORDRE du JOUR :<\/strong><br \/>\n1. Institution et vie politique &#8211; Conseil Municipal &#8211; D\u00e9signation d&rsquo;un secr\u00e9taire de s\u00e9ance (Rapport de Monsieur Jean-Beno\u00eet TISSERAND, Maire).<br \/>\n2. Institution et vie politique &#8211; Approbation du proc\u00e8s-verbal de la s\u00e9ance du Conseil Municipal du 10 Avril 2026 (Rapport de Monsieur Jean-Beno\u00eet TISSERAND, Maire).<br \/>\n3. Institution et vie politique &#8211; Commission Communale des Imp\u00f4ts Directs &#8211; D\u00e9signation des Commissaires (Rapport de Monsieur Jean-Beno\u00eet TISSERAND, Maire).<br \/>\n4. R\u00e9glementation et gestion du domaine &#8211; Bilan annuel des cessions et acquisitions<br \/>\nimmobili\u00e8res &#8211; Ann\u00e9e 2025 (Rapport de Monsieur Jean-Beno\u00eet TISSERAND, Maire).<br \/>\n5. Patrimoine Communal &#8211; Occupation du domaine public \u00e0 l&rsquo;espace le Belv\u00e9d\u00e8re (Rapport de Madame Joceline PORT\u00c9).<br \/>\n6. Patrimoine Communal &#8211; Convention de gestion de l&rsquo;\u00e9tang de la Demoiselle (Rapport<br \/>\nde Monsieur Fr\u00e9d\u00e9ric SIMON,).<br \/>\n7. Institution et vie politique &#8211; Syndicat D\u00e9partemental d\u2019\u00c9lectricit\u00e9 des Vosges (SDEV)- Comp\u00e9tence \u00c9clairage Public &#8211; D\u00e9cision de non transfert (Rapport de Monsieur Fr\u00e9d\u00e9ric SIMON).<br \/>\n8. Travaux et urbanisme &#8211; Prime municipale pour Ravalement de Fa\u00e7ades (PRF) (Rapport de Monsieur Jean-Beno\u00eet TISSERAND, Maire).<br \/>\n9. Finances &#8211; Restaurant Municipal Scolaire &#8211; Tarifs des repas 2026 &#8211; 2027 (Rapport de Madame Catherine VAGNON).<br \/>\n10. Finances &#8211; SCOLAIRE : R\u00e9partition des charges de fonctionnement des \u00e9coles primaires pour les enfants non r\u00e9sidents \u00e0 Remiremont et convention fixant les modalit\u00e9s de participation financi\u00e8re et d&rsquo;accueil &#8211; Ann\u00e9e scolaire 2025\/2026 (Rapport de Madame Catherine VAGNON).<br \/>\n11. Finances &#8211; C.C.A.S. &#8211; Demande de subvention 2026 (Rapport de Madame Brigitte CHARLES).<br \/>\n12. Finances &#8211; Mus\u00e9es municipaux &#8211; Acquisitions d&rsquo;\u0153uvres &#8211; Demande de subventions FRAM &#8211; Ann\u00e9e 2026 (DRAC et R\u00e9gion Grand Est) (Rapport<br \/>\nde Madame Brigitte CHARLES).<br \/>\n13. Finances &#8211; Carnaval v\u00e9nitien 2026 &#8211; Subvention sp\u00e9cifique stationnement<br \/>\n(Rapport de Monsieur Bruno HAILLANT).<br \/>\n14. Finances &#8211; Subventions aux Associations et Soci\u00e9t\u00e9s diverses &#8211; Exercice 2026<br \/>\n(Rapport de Monsieur Bruno HAILLANT).<br \/>\n15. Finances &#8211; Budget &#8211; Demandes de subventions 2026 : D.E.T.R. &#8211; D.S.I.L. &#8211;<br \/>\nF.I.P.D.- R\u00e9gion &#8211; D\u00e9partement et autres organismes &#8211; Additif (Rapport<br \/>\nde Monsieur Jean-Beno\u00eet TISSERAND, Maire).<br \/>\n16. Finances &#8211; Compte Financier Unique &#8211; Exercice 2025 &#8211; Budget Principal<br \/>\n(Rapport de Madame Anne-Marie DULUCQ).<br \/>\n17. Finances &#8211; Compte Financier Unique &#8211; Exercice 2025 &#8211; For\u00eat Communale<br \/>\n(Rapport de Madame Anne-Marie DULUCQ).<br \/>\n18. Finances &#8211; Budget Primitif &#8211; Exercice 2026 &#8211; Budget Principal (Rapport<br \/>\nde Monsieur Jean-Beno\u00eet TISSERAND, Maire).<br \/>\n19. Finances &#8211; Exercice 2025 &#8211; Affectation des r\u00e9sultats &#8211; Ville &#8211; For\u00eat Communale<br \/>\n(Rapport de Monsieur Jean-Beno\u00eet TISSERAND, Maire).<br \/>\n20. Finances &#8211; Fonds de compensation de la T.V.A. &#8211; Exercice 2025 &#8211; Affectation<br \/>\n(Rapport de Monsieur Jean-Beno\u00eet TISSERAND, Maire).<br \/>\n21. Finances &#8211; Taxe d&rsquo;am\u00e9nagement &#8211; Recettes 2025 &#8211; Affectation (Rapport de Monsieur Jean-Beno\u00eet TISSERAND, Maire).<br \/>\n22. Finances &#8211; Budget &#8211; Adoption du R\u00e8glement Budg\u00e9taire et Financier (Rapport de Monsieur Jean-Beno\u00eet TISSERAND, Maire).<br \/>\n23. Personnel territorial &#8211; Remboursement de frais aux membres du Conseil Municipal (Rapport de Monsieur Jean-Beno\u00eet TISSERAND, Maire).<br \/>\n24. Personnel territorial &#8211; Composition du Comit\u00e9 Social Territorial commun &#8211; Modalit\u00e9s de recueil des avis des repr\u00e9sentants de la collectivit\u00e9 (Rapport<br \/>\nde Monsieur Jean-Beno\u00eet TISSERAND, Maire).<br \/>\n25. Finances &#8211; Frais de repr\u00e9sentation du Maire (Rapport de Madame Val\u00e9rie JANKOWSKI).<br \/>\n26. Finances &#8211; Versement d&rsquo;une aide exceptionnelle \u00ab\u00a0coup de pouce\u00a0\u00bb \u00e0 une \u00e9l\u00e8ve en U.L.I.S. (Rapport de Monsieur Daniel N&rsquo;DAO).<\/p>\n<p>Questions diverses.<\/p>\n","protected":false},"excerpt":{"rendered":"<p>Conseil Municipal de la Ville de REMIREMONT S\u00e9ance du jeudi 30 avril 2026 \u00e0 18 h 00 ORDRE du JOUR [&hellip;]<\/p>\n","protected":false},"author":391,"featured_media":4836,"comment_status":"open","ping_status":"open","sticky":false,"template":"","format":"standard","meta":{"footnotes":""},"categories":[26,10,43],"tags":[],"class_list":["post-90859","post","type-post","status-publish","format-standard","has-post-thumbnail","hentry","category-a-la-une","category-politique","category-remiremont-remiremont-son-canton"],"acf":[],"yoast_head":"<!-- This site is optimized with the Yoast SEO plugin v22.5 - https:\/\/yoast.com\/wordpress\/plugins\/seo\/ -->\n<title>Remiremont - \u00e0 l&#039;ordre du jour du prochain conseil municipal - Remiremont Info<\/title>\n<meta name=\"robots\" content=\"index, follow, max-snippet:-1, max-image-preview:large, max-video-preview:-1\" \/>\n<link rel=\"canonical\" href=\"https:\/\/vosgesinfo.fr\/remiremontinfo\/2026\/04\/remiremont-a-lordre-du-jour-du-prochain-conseil-municipal-2\/\" \/>\n<meta name=\"twitter:card\" content=\"summary_large_image\" \/>\n<meta name=\"twitter:title\" content=\"Remiremont - \u00e0 l&#039;ordre du jour du prochain conseil municipal - Remiremont Info\" \/>\n<meta name=\"twitter:description\" content=\"Conseil Municipal de la Ville de REMIREMONT S\u00e9ance du jeudi 30 avril 2026 \u00e0 18 h 00 ORDRE du JOUR [&hellip;]\" \/>\n<meta name=\"twitter:image\" content=\"https:\/\/vosgesinfo.fr\/app\/uploads\/sites\/5\/2024\/03\/conseil-municipal.jpg\" \/>\n<meta name=\"twitter:creator\" content=\"@VosgesInfo88\" \/>\n<meta name=\"twitter:site\" content=\"@VosgesInfo88\" \/>\n<meta name=\"twitter:label1\" content=\"\u00c9crit par\" \/>\n\t<meta name=\"twitter:data1\" content=\"La redaction\" \/>\n\t<meta name=\"twitter:label2\" content=\"Dur\u00e9e de lecture estim\u00e9e\" \/>\n\t<meta name=\"twitter:data2\" content=\"3 minutes\" \/>\n<script type=\"application\/ld+json\" class=\"yoast-schema-graph\">{\"@context\":\"https:\/\/schema.org\",\"@graph\":[{\"@type\":\"Article\",\"@id\":\"https:\/\/vosgesinfo.fr\/remiremontinfo\/2026\/04\/remiremont-a-lordre-du-jour-du-prochain-conseil-municipal-2\/#article\",\"isPartOf\":{\"@id\":\"https:\/\/vosgesinfo.fr\/remiremontinfo\/2026\/04\/remiremont-a-lordre-du-jour-du-prochain-conseil-municipal-2\/\"},\"author\":{\"name\":\"La redaction\",\"@id\":\"https:\/\/vosgesinfo.fr\/remiremontinfo\/#\/schema\/person\/27a3695b06db98895b354c0765cdfc31\"},\"headline\":\"Remiremont &#8211; \u00e0 l&rsquo;ordre du jour du prochain conseil municipal\",\"datePublished\":\"2026-04-27T03:51:13+00:00\",\"dateModified\":\"2026-04-26T21:20:54+00:00\",\"mainEntityOfPage\":{\"@id\":\"https:\/\/vosgesinfo.fr\/remiremontinfo\/2026\/04\/remiremont-a-lordre-du-jour-du-prochain-conseil-municipal-2\/\"},\"wordCount\":592,\"commentCount\":0,\"publisher\":{\"@id\":\"https:\/\/vosgesinfo.fr\/remiremontinfo\/#organization\"},\"image\":{\"@id\":\"https:\/\/vosgesinfo.fr\/remiremontinfo\/2026\/04\/remiremont-a-lordre-du-jour-du-prochain-conseil-municipal-2\/#primaryimage\"},\"thumbnailUrl\":\"https:\/\/vosgesinfo.fr\/app\/uploads\/sites\/5\/2024\/03\/conseil-municipal.jpg\",\"articleSection\":[\"A la Une\",\"Politique\",\"Remiremont\"],\"inLanguage\":\"fr-FR\",\"potentialAction\":[{\"@type\":\"CommentAction\",\"name\":\"Comment\",\"target\":[\"https:\/\/vosgesinfo.fr\/remiremontinfo\/2026\/04\/remiremont-a-lordre-du-jour-du-prochain-conseil-municipal-2\/#respond\"]}]},{\"@type\":\"WebPage\",\"@id\":\"https:\/\/vosgesinfo.fr\/remiremontinfo\/2026\/04\/remiremont-a-lordre-du-jour-du-prochain-conseil-municipal-2\/\",\"url\":\"https:\/\/vosgesinfo.fr\/remiremontinfo\/2026\/04\/remiremont-a-lordre-du-jour-du-prochain-conseil-municipal-2\/\",\"name\":\"Remiremont - \u00e0 l'ordre du jour du prochain conseil municipal - Remiremont Info\",\"isPartOf\":{\"@id\":\"https:\/\/vosgesinfo.fr\/remiremontinfo\/#website\"},\"primaryImageOfPage\":{\"@id\":\"https:\/\/vosgesinfo.fr\/remiremontinfo\/2026\/04\/remiremont-a-lordre-du-jour-du-prochain-conseil-municipal-2\/#primaryimage\"},\"image\":{\"@id\":\"https:\/\/vosgesinfo.fr\/remiremontinfo\/2026\/04\/remiremont-a-lordre-du-jour-du-prochain-conseil-municipal-2\/#primaryimage\"},\"thumbnailUrl\":\"https:\/\/vosgesinfo.fr\/app\/uploads\/sites\/5\/2024\/03\/conseil-municipal.jpg\",\"datePublished\":\"2026-04-27T03:51:13+00:00\",\"dateModified\":\"2026-04-26T21:20:54+00:00\",\"breadcrumb\":{\"@id\":\"https:\/\/vosgesinfo.fr\/remiremontinfo\/2026\/04\/remiremont-a-lordre-du-jour-du-prochain-conseil-municipal-2\/#breadcrumb\"},\"inLanguage\":\"fr-FR\",\"potentialAction\":[{\"@type\":\"ReadAction\",\"target\":[\"https:\/\/vosgesinfo.fr\/remiremontinfo\/2026\/04\/remiremont-a-lordre-du-jour-du-prochain-conseil-municipal-2\/\"]}]},{\"@type\":\"ImageObject\",\"inLanguage\":\"fr-FR\",\"@id\":\"https:\/\/vosgesinfo.fr\/remiremontinfo\/2026\/04\/remiremont-a-lordre-du-jour-du-prochain-conseil-municipal-2\/#primaryimage\",\"url\":\"https:\/\/vosgesinfo.fr\/app\/uploads\/sites\/5\/2024\/03\/conseil-municipal.jpg\",\"contentUrl\":\"https:\/\/vosgesinfo.fr\/app\/uploads\/sites\/5\/2024\/03\/conseil-municipal.jpg\",\"width\":715,\"height\":345},{\"@type\":\"BreadcrumbList\",\"@id\":\"https:\/\/vosgesinfo.fr\/remiremontinfo\/2026\/04\/remiremont-a-lordre-du-jour-du-prochain-conseil-municipal-2\/#breadcrumb\",\"itemListElement\":[{\"@type\":\"ListItem\",\"position\":1,\"name\":\"Home\",\"item\":\"https:\/\/vosgesinfo.fr\/remiremontinfo\/\"},{\"@type\":\"ListItem\",\"position\":2,\"name\":\"Remiremont &#8211; \u00e0 l&rsquo;ordre du jour du prochain conseil municipal\"}]},{\"@type\":\"WebSite\",\"@id\":\"https:\/\/vosgesinfo.fr\/remiremontinfo\/#website\",\"url\":\"https:\/\/vosgesinfo.fr\/remiremontinfo\/\",\"name\":\"Remiremont Info\",\"description\":\"Toute l&#039;actualit\u00e9 de Remiremont\",\"publisher\":{\"@id\":\"https:\/\/vosgesinfo.fr\/remiremontinfo\/#organization\"},\"alternateName\":\"Toute l'actualit\u00e9 de Remiremont\",\"potentialAction\":[{\"@type\":\"SearchAction\",\"target\":{\"@type\":\"EntryPoint\",\"urlTemplate\":\"https:\/\/vosgesinfo.fr\/remiremontinfo\/?s={search_term_string}\"},\"query-input\":\"required name=search_term_string\"}],\"inLanguage\":\"fr-FR\"},{\"@type\":\"Organization\",\"@id\":\"https:\/\/vosgesinfo.fr\/remiremontinfo\/#organization\",\"name\":\"Remiremont Info\",\"url\":\"https:\/\/vosgesinfo.fr\/remiremontinfo\/\",\"logo\":{\"@type\":\"ImageObject\",\"inLanguage\":\"fr-FR\",\"@id\":\"https:\/\/vosgesinfo.fr\/remiremontinfo\/#\/schema\/logo\/image\/\",\"url\":\"https:\/\/vosgesinfo.fr\/app\/uploads\/sites\/5\/2023\/08\/favicon-remiremontinfo.png\",\"contentUrl\":\"https:\/\/vosgesinfo.fr\/app\/uploads\/sites\/5\/2023\/08\/favicon-remiremontinfo.png\",\"width\":512,\"height\":512,\"caption\":\"Remiremont Info\"},\"image\":{\"@id\":\"https:\/\/vosgesinfo.fr\/remiremontinfo\/#\/schema\/logo\/image\/\"},\"sameAs\":[\"https:\/\/www.facebook.com\/remiremontinfo\",\"https:\/\/x.com\/VosgesInfo88\",\"https:\/\/www.youtube.com\/@vosgesinfo\"]},{\"@type\":\"Person\",\"@id\":\"https:\/\/vosgesinfo.fr\/remiremontinfo\/#\/schema\/person\/27a3695b06db98895b354c0765cdfc31\",\"name\":\"La redaction\",\"image\":{\"@type\":\"ImageObject\",\"inLanguage\":\"fr-FR\",\"@id\":\"https:\/\/vosgesinfo.fr\/remiremontinfo\/#\/schema\/person\/image\/\",\"url\":\"https:\/\/secure.gravatar.com\/avatar\/64c76a78e501cedee55736f43f332df901e1896ae9cd8fad269ae2236dd0e8b6?s=96&d=mm&r=g\",\"contentUrl\":\"https:\/\/secure.gravatar.com\/avatar\/64c76a78e501cedee55736f43f332df901e1896ae9cd8fad269ae2236dd0e8b6?s=96&d=mm&r=g\",\"caption\":\"La redaction\"},\"url\":\"https:\/\/vosgesinfo.fr\/remiremontinfo\/author\/la-redaction\/\"}]}<\/script>\n<!-- \/ Yoast SEO plugin. -->","yoast_head_json":{"title":"Remiremont - \u00e0 l'ordre du jour du prochain conseil municipal - Remiremont Info","robots":{"index":"index","follow":"follow","max-snippet":"max-snippet:-1","max-image-preview":"max-image-preview:large","max-video-preview":"max-video-preview:-1"},"canonical":"https:\/\/vosgesinfo.fr\/remiremontinfo\/2026\/04\/remiremont-a-lordre-du-jour-du-prochain-conseil-municipal-2\/","twitter_card":"summary_large_image","twitter_title":"Remiremont - \u00e0 l'ordre du jour du prochain conseil municipal - Remiremont Info","twitter_description":"Conseil Municipal de la Ville de REMIREMONT S\u00e9ance du jeudi 30 avril 2026 \u00e0 18 h 00 ORDRE du JOUR [&hellip;]","twitter_image":"https:\/\/vosgesinfo.fr\/app\/uploads\/sites\/5\/2024\/03\/conseil-municipal.jpg","twitter_creator":"@VosgesInfo88","twitter_site":"@VosgesInfo88","twitter_misc":{"\u00c9crit par":"La redaction","Dur\u00e9e de lecture estim\u00e9e":"3 minutes"},"schema":{"@context":"https:\/\/schema.org","@graph":[{"@type":"Article","@id":"https:\/\/vosgesinfo.fr\/remiremontinfo\/2026\/04\/remiremont-a-lordre-du-jour-du-prochain-conseil-municipal-2\/#article","isPartOf":{"@id":"https:\/\/vosgesinfo.fr\/remiremontinfo\/2026\/04\/remiremont-a-lordre-du-jour-du-prochain-conseil-municipal-2\/"},"author":{"name":"La redaction","@id":"https:\/\/vosgesinfo.fr\/remiremontinfo\/#\/schema\/person\/27a3695b06db98895b354c0765cdfc31"},"headline":"Remiremont &#8211; \u00e0 l&rsquo;ordre du jour du prochain conseil municipal","datePublished":"2026-04-27T03:51:13+00:00","dateModified":"2026-04-26T21:20:54+00:00","mainEntityOfPage":{"@id":"https:\/\/vosgesinfo.fr\/remiremontinfo\/2026\/04\/remiremont-a-lordre-du-jour-du-prochain-conseil-municipal-2\/"},"wordCount":592,"commentCount":0,"publisher":{"@id":"https:\/\/vosgesinfo.fr\/remiremontinfo\/#organization"},"image":{"@id":"https:\/\/vosgesinfo.fr\/remiremontinfo\/2026\/04\/remiremont-a-lordre-du-jour-du-prochain-conseil-municipal-2\/#primaryimage"},"thumbnailUrl":"https:\/\/vosgesinfo.fr\/app\/uploads\/sites\/5\/2024\/03\/conseil-municipal.jpg","articleSection":["A la Une","Politique","Remiremont"],"inLanguage":"fr-FR","potentialAction":[{"@type":"CommentAction","name":"Comment","target":["https:\/\/vosgesinfo.fr\/remiremontinfo\/2026\/04\/remiremont-a-lordre-du-jour-du-prochain-conseil-municipal-2\/#respond"]}]},{"@type":"WebPage","@id":"https:\/\/vosgesinfo.fr\/remiremontinfo\/2026\/04\/remiremont-a-lordre-du-jour-du-prochain-conseil-municipal-2\/","url":"https:\/\/vosgesinfo.fr\/remiremontinfo\/2026\/04\/remiremont-a-lordre-du-jour-du-prochain-conseil-municipal-2\/","name":"Remiremont - \u00e0 l'ordre du jour du prochain conseil municipal - Remiremont Info","isPartOf":{"@id":"https:\/\/vosgesinfo.fr\/remiremontinfo\/#website"},"primaryImageOfPage":{"@id":"https:\/\/vosgesinfo.fr\/remiremontinfo\/2026\/04\/remiremont-a-lordre-du-jour-du-prochain-conseil-municipal-2\/#primaryimage"},"image":{"@id":"https:\/\/vosgesinfo.fr\/remiremontinfo\/2026\/04\/remiremont-a-lordre-du-jour-du-prochain-conseil-municipal-2\/#primaryimage"},"thumbnailUrl":"https:\/\/vosgesinfo.fr\/app\/uploads\/sites\/5\/2024\/03\/conseil-municipal.jpg","datePublished":"2026-04-27T03:51:13+00:00","dateModified":"2026-04-26T21:20:54+00:00","breadcrumb":{"@id":"https:\/\/vosgesinfo.fr\/remiremontinfo\/2026\/04\/remiremont-a-lordre-du-jour-du-prochain-conseil-municipal-2\/#breadcrumb"},"inLanguage":"fr-FR","potentialAction":[{"@type":"ReadAction","target":["https:\/\/vosgesinfo.fr\/remiremontinfo\/2026\/04\/remiremont-a-lordre-du-jour-du-prochain-conseil-municipal-2\/"]}]},{"@type":"ImageObject","inLanguage":"fr-FR","@id":"https:\/\/vosgesinfo.fr\/remiremontinfo\/2026\/04\/remiremont-a-lordre-du-jour-du-prochain-conseil-municipal-2\/#primaryimage","url":"https:\/\/vosgesinfo.fr\/app\/uploads\/sites\/5\/2024\/03\/conseil-municipal.jpg","contentUrl":"https:\/\/vosgesinfo.fr\/app\/uploads\/sites\/5\/2024\/03\/conseil-municipal.jpg","width":715,"height":345},{"@type":"BreadcrumbList","@id":"https:\/\/vosgesinfo.fr\/remiremontinfo\/2026\/04\/remiremont-a-lordre-du-jour-du-prochain-conseil-municipal-2\/#breadcrumb","itemListElement":[{"@type":"ListItem","position":1,"name":"Home","item":"https:\/\/vosgesinfo.fr\/remiremontinfo\/"},{"@type":"ListItem","position":2,"name":"Remiremont &#8211; \u00e0 l&rsquo;ordre du jour du prochain conseil municipal"}]},{"@type":"WebSite","@id":"https:\/\/vosgesinfo.fr\/remiremontinfo\/#website","url":"https:\/\/vosgesinfo.fr\/remiremontinfo\/","name":"Remiremont Info","description":"Toute l&#039;actualit\u00e9 de Remiremont","publisher":{"@id":"https:\/\/vosgesinfo.fr\/remiremontinfo\/#organization"},"alternateName":"Toute l'actualit\u00e9 de Remiremont","potentialAction":[{"@type":"SearchAction","target":{"@type":"EntryPoint","urlTemplate":"https:\/\/vosgesinfo.fr\/remiremontinfo\/?s={search_term_string}"},"query-input":"required name=search_term_string"}],"inLanguage":"fr-FR"},{"@type":"Organization","@id":"https:\/\/vosgesinfo.fr\/remiremontinfo\/#organization","name":"Remiremont Info","url":"https:\/\/vosgesinfo.fr\/remiremontinfo\/","logo":{"@type":"ImageObject","inLanguage":"fr-FR","@id":"https:\/\/vosgesinfo.fr\/remiremontinfo\/#\/schema\/logo\/image\/","url":"https:\/\/vosgesinfo.fr\/app\/uploads\/sites\/5\/2023\/08\/favicon-remiremontinfo.png","contentUrl":"https:\/\/vosgesinfo.fr\/app\/uploads\/sites\/5\/2023\/08\/favicon-remiremontinfo.png","width":512,"height":512,"caption":"Remiremont Info"},"image":{"@id":"https:\/\/vosgesinfo.fr\/remiremontinfo\/#\/schema\/logo\/image\/"},"sameAs":["https:\/\/www.facebook.com\/remiremontinfo","https:\/\/x.com\/VosgesInfo88","https:\/\/www.youtube.com\/@vosgesinfo"]},{"@type":"Person","@id":"https:\/\/vosgesinfo.fr\/remiremontinfo\/#\/schema\/person\/27a3695b06db98895b354c0765cdfc31","name":"La redaction","image":{"@type":"ImageObject","inLanguage":"fr-FR","@id":"https:\/\/vosgesinfo.fr\/remiremontinfo\/#\/schema\/person\/image\/","url":"https:\/\/secure.gravatar.com\/avatar\/64c76a78e501cedee55736f43f332df901e1896ae9cd8fad269ae2236dd0e8b6?s=96&d=mm&r=g","contentUrl":"https:\/\/secure.gravatar.com\/avatar\/64c76a78e501cedee55736f43f332df901e1896ae9cd8fad269ae2236dd0e8b6?s=96&d=mm&r=g","caption":"La redaction"},"url":"https:\/\/vosgesinfo.fr\/remiremontinfo\/author\/la-redaction\/"}]}},"_links":{"self":[{"href":"https:\/\/vosgesinfo.fr\/remiremontinfo\/wp-json\/wp\/v2\/posts\/90859","targetHints":{"allow":["GET"]}}],"collection":[{"href":"https:\/\/vosgesinfo.fr\/remiremontinfo\/wp-json\/wp\/v2\/posts"}],"about":[{"href":"https:\/\/vosgesinfo.fr\/remiremontinfo\/wp-json\/wp\/v2\/types\/post"}],"author":[{"embeddable":true,"href":"https:\/\/vosgesinfo.fr\/remiremontinfo\/wp-json\/wp\/v2\/users\/391"}],"replies":[{"embeddable":true,"href":"https:\/\/vosgesinfo.fr\/remiremontinfo\/wp-json\/wp\/v2\/comments?post=90859"}],"version-history":[{"count":1,"href":"https:\/\/vosgesinfo.fr\/remiremontinfo\/wp-json\/wp\/v2\/posts\/90859\/revisions"}],"predecessor-version":[{"id":90860,"href":"https:\/\/vosgesinfo.fr\/remiremontinfo\/wp-json\/wp\/v2\/posts\/90859\/revisions\/90860"}],"wp:featuredmedia":[{"embeddable":true,"href":"https:\/\/vosgesinfo.fr\/remiremontinfo\/wp-json\/wp\/v2\/media\/4836"}],"wp:attachment":[{"href":"https:\/\/vosgesinfo.fr\/remiremontinfo\/wp-json\/wp\/v2\/media?parent=90859"}],"wp:term":[{"taxonomy":"category","embeddable":true,"href":"https:\/\/vosgesinfo.fr\/remiremontinfo\/wp-json\/wp\/v2\/categories?post=90859"},{"taxonomy":"post_tag","embeddable":true,"href":"https:\/\/vosgesinfo.fr\/remiremontinfo\/wp-json\/wp\/v2\/tags?post=90859"}],"curies":[{"name":"wp","href":"https:\/\/api.w.org\/{rel}","templated":true}]}}