{"id":90907,"date":"2026-04-29T08:38:09","date_gmt":"2026-04-29T06:38:09","guid":{"rendered":"https:\/\/vosgesinfo.fr\/remiremontinfo\/2026\/04\/vosges-une-baisse-record-des-dechets-fruit-dun-engagement-collectif\/"},"modified":"2026-04-29T08:38:09","modified_gmt":"2026-04-29T06:38:09","slug":"vosges-une-baisse-record-des-dechets-fruit-dun-engagement-collectif","status":"publish","type":"post","link":"https:\/\/vosgesinfo.fr\/remiremontinfo\/2026\/04\/vosges-une-baisse-record-des-dechets-fruit-dun-engagement-collectif\/","title":{"rendered":"Vosges : une baisse record des d\u00e9chets, fruit d\u2019un engagement collectif"},"content":{"rendered":"<div id=\"attachment_142104\" style=\"width: 1450px\" class=\"wp-caption aligncenter\"><a href=\"https:\/\/vosgesinfo.fr\/app\/uploads\/sites\/3\/2026\/04\/feniix-rambervillers.2jpg.jpg\"><img decoding=\"async\" aria-describedby=\"caption-attachment-142104\" class=\"wp-image-142104 size-full\" src=\"https:\/\/vosgesinfo.fr\/app\/uploads\/sites\/3\/2026\/04\/feniix-rambervillers.2jpg.jpg\" alt=\"\" width=\"1440\" height=\"1920\" \/><\/a><p id=\"caption-attachment-142104\" class=\"wp-caption-text\">photos Evodia<\/p><\/div>\n<h2 data-start=\"87\" data-end=\"406\"><strong>Depuis 2023, EVODIA et ses neuf collectivit\u00e9s adh\u00e9rentes ont engag\u00e9 le territoire vosgien dans une d\u00e9marche ambitieuse : r\u00e9duire de 15 % en trois ans le volume des ordures m\u00e9nag\u00e8res r\u00e9siduelles et du tout-venant incin\u00e9rable. Trois ans plus tard, le pari est non seulement r\u00e9ussi, mais largement d\u00e9pass\u00e9.<\/strong><\/h2>\n<p data-start=\"408\" data-end=\"744\">Les r\u00e9sultats parlent d\u2019eux-m\u00eames. Alors qu\u2019en 2022, pr\u00e8s de 90 000 tonnes de d\u00e9chets \u00e9taient produites chaque ann\u00e9e, ce chiffre est tomb\u00e9 \u00e0 76 711 tonnes en 2025. Une diminution de plus de 13 000 tonnes, soit bien au-del\u00e0 de l\u2019objectif initial. Concr\u00e8tement, cela repr\u00e9sente l\u2019\u00e9quivalent d\u2019environ 500 semi-remorques de d\u00e9chets \u00e9vit\u00e9s.<\/p>\n<p data-start=\"746\" data-end=\"1043\">Cette baisse significative a permis au territoire d\u2019atteindre une autonomie de traitement gr\u00e2ce \u00e0 l\u2019Usine de Valorisation \u00c9nerg\u00e9tique FENIIX de Rambervillers. En limitant les transferts vers d\u2019autres sites, la collectivit\u00e9 a \u00e9galement r\u00e9duit les transports et optimis\u00e9 les co\u00fbts du service public.<\/p>\n<p data-start=\"1045\" data-end=\"1284\">Au total, cette strat\u00e9gie a g\u00e9n\u00e9r\u00e9 1,5 million d\u2019euros d\u2019\u00e9conomies. Une somme redistribu\u00e9e aux collectivit\u00e9s entre fin 2025 et d\u00e9but 2026, illustrant les b\u00e9n\u00e9fices conjoints d\u2019une politique \u00e0 la fois \u00e9cologique et \u00e9conomiquement vertueuse.<\/p>\n<p data-start=\"1286\" data-end=\"1703\">Cette r\u00e9ussite repose sur une mobilisation collective \u00e0 grande \u00e9chelle. Collectivit\u00e9s, \u00e9quipes techniques et habitants ont contribu\u00e9 \u00e0 transformer les pratiques. Plusieurs actions ont \u00e9t\u00e9 mises en place : \u00e9volution des modes de collecte, d\u00e9ploiement de la redevance incitative, d\u00e9veloppement du compostage, cr\u00e9ation de nouvelles fili\u00e8res de tri, lutte contre le gaspillage alimentaire ou encore promotion du r\u00e9emploi.<\/p>\n<p data-start=\"1705\" data-end=\"1871\">Parall\u00e8lement, une strat\u00e9gie de communication progressive et engageante a permis d\u2019accompagner ces changements, facilitant l\u2019adoption de nouveaux gestes au quotidien.<\/p>\n<p data-start=\"1873\" data-end=\"2181\">Au c\u0153ur de cette transformation, les Vosgiens ont jou\u00e9 un r\u00f4le d\u00e9terminant. En modifiant leurs habitudes \u2014 mieux trier, composter, r\u00e9parer, r\u00e9utiliser \u2014 ils ont contribu\u00e9 activement \u00e0 cette dynamique. Une preuve concr\u00e8te que les changements individuels, cumul\u00e9s, peuvent produire des r\u00e9sultats significatifs.<\/p>\n<p data-start=\"2183\" data-end=\"2443\">Si l\u2019objectif est aujourd\u2019hui atteint, le d\u00e9fi reste de maintenir cet \u00e9lan sur le long terme. R\u00e9duire durablement la production de d\u00e9chets demeure essentiel pour pr\u00e9server les ressources, limiter l\u2019impact environnemental et garantir un service public efficace.<\/p>\n<p data-start=\"2445\" data-end=\"2570\">En seulement trois ans, le territoire vosgien a su relever un d\u00e9fi majeur et le transformer en v\u00e9ritable r\u00e9ussite collective.<\/p>\n\n\t\t<style type=\"text\/css\">\n\t\t\t#gallery-1 {\n\t\t\t\tmargin: auto;\n\t\t\t}\n\t\t\t#gallery-1 .gallery-item {\n\t\t\t\tfloat: left;\n\t\t\t\tmargin-top: 10px;\n\t\t\t\ttext-align: center;\n\t\t\t\twidth: 33%;\n\t\t\t}\n\t\t\t#gallery-1 img {\n\t\t\t\tborder: 2px solid #cfcfcf;\n\t\t\t}\n\t\t\t#gallery-1 .gallery-caption {\n\t\t\t\tmargin-left: 0;\n\t\t\t}\n\t\t\t\/* see gallery_shortcode() in wp-includes\/media.php *\/\n\t\t<\/style>\n\t\t<div id='gallery-1' class='gallery galleryid-90907 gallery-columns-3 gallery-size-thumbnail'><dl class='gallery-item'>\n\t\t\t<dt class='gallery-icon portrait'>\n\t\t\t\t<a href='https:\/\/vosgesinfo.fr\/app\/uploads\/sites\/5\/2026\/04\/feniix-rambervillers.jpg'><img decoding=\"async\" width=\"150\" height=\"150\" src=\"https:\/\/vosgesinfo.fr\/app\/uploads\/sites\/5\/2026\/04\/feniix-rambervillers-150x150.jpg\" class=\"attachment-thumbnail size-thumbnail\" alt=\"\" \/><\/a>\n\t\t\t<\/dt><\/dl><dl class='gallery-item'>\n\t\t\t<dt class='gallery-icon portrait'>\n\t\t\t\t<a href='https:\/\/vosgesinfo.fr\/app\/uploads\/sites\/5\/2026\/04\/feniix-rambervillers.3jpg.jpg'><img decoding=\"async\" width=\"150\" height=\"150\" src=\"https:\/\/vosgesinfo.fr\/app\/uploads\/sites\/5\/2026\/04\/feniix-rambervillers.3jpg-150x150.jpg\" class=\"attachment-thumbnail size-thumbnail\" alt=\"\" \/><\/a>\n\t\t\t<\/dt><\/dl><dl class='gallery-item'>\n\t\t\t<dt class='gallery-icon portrait'>\n\t\t\t\t<a href='https:\/\/vosgesinfo.fr\/app\/uploads\/sites\/5\/2026\/04\/feniix-rambervillers.4jpg.jpg'><img decoding=\"async\" width=\"150\" height=\"150\" src=\"https:\/\/vosgesinfo.fr\/app\/uploads\/sites\/5\/2026\/04\/feniix-rambervillers.4jpg-150x150.jpg\" class=\"attachment-thumbnail size-thumbnail\" alt=\"\" \/><\/a>\n\t\t\t<\/dt><\/dl><br style=\"clear: both\" \/>\n\t\t<\/div>\n\n","protected":false},"excerpt":{"rendered":"<p>Depuis 2023, EVODIA et ses neuf collectivit\u00e9s adh\u00e9rentes ont engag\u00e9 le territoire vosgien dans une d\u00e9marche ambitieuse : r\u00e9duire de [&hellip;]<\/p>\n","protected":false},"author":52,"featured_media":90908,"comment_status":"open","ping_status":"open","sticky":false,"template":"","format":"standard","meta":{"footnotes":""},"categories":[26,7,108,62,845,43,362],"tags":[9261,2781,555,9262,9263,94,2474,9264,713,32],"class_list":["post-90907","post","type-post","status-publish","format-standard","has-post-thumbnail","hentry","category-a-la-une","category-environnement","category-epinal","category-gerardmer","category-la-plaine-des-vosges","category-remiremont-remiremont-son-canton","category-saint-die","tag-collectivites","tag-compostage","tag-dechets","tag-developpement-durable","tag-economie-circulaire","tag-environnement","tag-recyclage","tag-reduction-des-dechets","tag-transition-ecologique","tag-vosges"],"acf":[],"yoast_head":"<!-- This site is optimized with the Yoast SEO plugin v22.5 - https:\/\/yoast.com\/wordpress\/plugins\/seo\/ -->\n<title>Vosges : une baisse record des d\u00e9chets, fruit d\u2019un engagement collectif - Remiremont Info<\/title>\n<meta name=\"robots\" content=\"index, follow, max-snippet:-1, max-image-preview:large, max-video-preview:-1\" \/>\n<link rel=\"canonical\" href=\"https:\/\/vosgesinfo.fr\/remiremontinfo\/2026\/04\/vosges-une-baisse-record-des-dechets-fruit-dun-engagement-collectif\/\" \/>\n<meta name=\"twitter:card\" content=\"summary_large_image\" \/>\n<meta name=\"twitter:title\" content=\"Vosges : une baisse record des d\u00e9chets, fruit d\u2019un engagement collectif - Remiremont Info\" \/>\n<meta name=\"twitter:description\" content=\"Depuis 2023, EVODIA et ses neuf collectivit\u00e9s adh\u00e9rentes ont engag\u00e9 le territoire vosgien dans une d\u00e9marche ambitieuse : r\u00e9duire de [&hellip;]\" \/>\n<meta name=\"twitter:image\" content=\"https:\/\/vosgesinfo.fr\/app\/uploads\/sites\/5\/2026\/04\/feniix-rambervillers.2jpg.jpg\" \/>\n<meta name=\"twitter:creator\" content=\"@VosgesInfo88\" \/>\n<meta name=\"twitter:site\" content=\"@VosgesInfo88\" \/>\n<meta name=\"twitter:label1\" content=\"\u00c9crit par\" \/>\n\t<meta name=\"twitter:data1\" content=\"C.K.\" \/>\n\t<meta name=\"twitter:label2\" content=\"Dur\u00e9e de lecture estim\u00e9e\" \/>\n\t<meta name=\"twitter:data2\" content=\"2 minutes\" \/>\n<script type=\"application\/ld+json\" class=\"yoast-schema-graph\">{\"@context\":\"https:\/\/schema.org\",\"@graph\":[{\"@type\":\"Article\",\"@id\":\"https:\/\/vosgesinfo.fr\/remiremontinfo\/2026\/04\/vosges-une-baisse-record-des-dechets-fruit-dun-engagement-collectif\/#article\",\"isPartOf\":{\"@id\":\"https:\/\/vosgesinfo.fr\/remiremontinfo\/2026\/04\/vosges-une-baisse-record-des-dechets-fruit-dun-engagement-collectif\/\"},\"author\":{\"name\":\"C.K.\",\"@id\":\"https:\/\/vosgesinfo.fr\/remiremontinfo\/#\/schema\/person\/6f9a650eeea99d969b6c4ab78fccbe81\"},\"headline\":\"Vosges : une baisse record des d\u00e9chets, fruit d\u2019un engagement collectif\",\"datePublished\":\"2026-04-29T06:38:09+00:00\",\"dateModified\":\"2026-04-29T06:38:09+00:00\",\"mainEntityOfPage\":{\"@id\":\"https:\/\/vosgesinfo.fr\/remiremontinfo\/2026\/04\/vosges-une-baisse-record-des-dechets-fruit-dun-engagement-collectif\/\"},\"wordCount\":425,\"commentCount\":0,\"publisher\":{\"@id\":\"https:\/\/vosgesinfo.fr\/remiremontinfo\/#organization\"},\"image\":{\"@id\":\"https:\/\/vosgesinfo.fr\/remiremontinfo\/2026\/04\/vosges-une-baisse-record-des-dechets-fruit-dun-engagement-collectif\/#primaryimage\"},\"thumbnailUrl\":\"https:\/\/vosgesinfo.fr\/app\/uploads\/sites\/5\/2026\/04\/feniix-rambervillers.2jpg.jpg\",\"keywords\":[\"collectivit\u00e9s\",\"compostage\",\"D\u00e9chets\",\"d\u00e9veloppement durable\",\"\u00e9conomie circulaire\",\"environnement\",\"recyclage\",\"R\u00e9duction des d\u00e9chets\",\"transition ecologique\",\"Vosges\"],\"articleSection\":[\"A la Une\",\"Environnement\",\"Epinal\",\"G\u00e9rardmer\",\"La plaine des vosges\",\"Remiremont\",\"Saint-di\u00e9\"],\"inLanguage\":\"fr-FR\",\"potentialAction\":[{\"@type\":\"CommentAction\",\"name\":\"Comment\",\"target\":[\"https:\/\/vosgesinfo.fr\/remiremontinfo\/2026\/04\/vosges-une-baisse-record-des-dechets-fruit-dun-engagement-collectif\/#respond\"]}]},{\"@type\":\"WebPage\",\"@id\":\"https:\/\/vosgesinfo.fr\/remiremontinfo\/2026\/04\/vosges-une-baisse-record-des-dechets-fruit-dun-engagement-collectif\/\",\"url\":\"https:\/\/vosgesinfo.fr\/remiremontinfo\/2026\/04\/vosges-une-baisse-record-des-dechets-fruit-dun-engagement-collectif\/\",\"name\":\"Vosges : une baisse record des d\u00e9chets, fruit d\u2019un engagement collectif - Remiremont Info\",\"isPartOf\":{\"@id\":\"https:\/\/vosgesinfo.fr\/remiremontinfo\/#website\"},\"primaryImageOfPage\":{\"@id\":\"https:\/\/vosgesinfo.fr\/remiremontinfo\/2026\/04\/vosges-une-baisse-record-des-dechets-fruit-dun-engagement-collectif\/#primaryimage\"},\"image\":{\"@id\":\"https:\/\/vosgesinfo.fr\/remiremontinfo\/2026\/04\/vosges-une-baisse-record-des-dechets-fruit-dun-engagement-collectif\/#primaryimage\"},\"thumbnailUrl\":\"https:\/\/vosgesinfo.fr\/app\/uploads\/sites\/5\/2026\/04\/feniix-rambervillers.2jpg.jpg\",\"datePublished\":\"2026-04-29T06:38:09+00:00\",\"dateModified\":\"2026-04-29T06:38:09+00:00\",\"breadcrumb\":{\"@id\":\"https:\/\/vosgesinfo.fr\/remiremontinfo\/2026\/04\/vosges-une-baisse-record-des-dechets-fruit-dun-engagement-collectif\/#breadcrumb\"},\"inLanguage\":\"fr-FR\",\"potentialAction\":[{\"@type\":\"ReadAction\",\"target\":[\"https:\/\/vosgesinfo.fr\/remiremontinfo\/2026\/04\/vosges-une-baisse-record-des-dechets-fruit-dun-engagement-collectif\/\"]}]},{\"@type\":\"ImageObject\",\"inLanguage\":\"fr-FR\",\"@id\":\"https:\/\/vosgesinfo.fr\/remiremontinfo\/2026\/04\/vosges-une-baisse-record-des-dechets-fruit-dun-engagement-collectif\/#primaryimage\",\"url\":\"https:\/\/vosgesinfo.fr\/app\/uploads\/sites\/5\/2026\/04\/feniix-rambervillers.2jpg.jpg\",\"contentUrl\":\"https:\/\/vosgesinfo.fr\/app\/uploads\/sites\/5\/2026\/04\/feniix-rambervillers.2jpg.jpg\",\"width\":1440,\"height\":1920},{\"@type\":\"BreadcrumbList\",\"@id\":\"https:\/\/vosgesinfo.fr\/remiremontinfo\/2026\/04\/vosges-une-baisse-record-des-dechets-fruit-dun-engagement-collectif\/#breadcrumb\",\"itemListElement\":[{\"@type\":\"ListItem\",\"position\":1,\"name\":\"Home\",\"item\":\"https:\/\/vosgesinfo.fr\/remiremontinfo\/\"},{\"@type\":\"ListItem\",\"position\":2,\"name\":\"Vosges : une baisse record des d\u00e9chets, fruit d\u2019un engagement collectif\"}]},{\"@type\":\"WebSite\",\"@id\":\"https:\/\/vosgesinfo.fr\/remiremontinfo\/#website\",\"url\":\"https:\/\/vosgesinfo.fr\/remiremontinfo\/\",\"name\":\"Remiremont Info\",\"description\":\"Toute l&#039;actualit\u00e9 de Remiremont\",\"publisher\":{\"@id\":\"https:\/\/vosgesinfo.fr\/remiremontinfo\/#organization\"},\"alternateName\":\"Toute l'actualit\u00e9 de Remiremont\",\"potentialAction\":[{\"@type\":\"SearchAction\",\"target\":{\"@type\":\"EntryPoint\",\"urlTemplate\":\"https:\/\/vosgesinfo.fr\/remiremontinfo\/?s={search_term_string}\"},\"query-input\":\"required name=search_term_string\"}],\"inLanguage\":\"fr-FR\"},{\"@type\":\"Organization\",\"@id\":\"https:\/\/vosgesinfo.fr\/remiremontinfo\/#organization\",\"name\":\"Remiremont Info\",\"url\":\"https:\/\/vosgesinfo.fr\/remiremontinfo\/\",\"logo\":{\"@type\":\"ImageObject\",\"inLanguage\":\"fr-FR\",\"@id\":\"https:\/\/vosgesinfo.fr\/remiremontinfo\/#\/schema\/logo\/image\/\",\"url\":\"https:\/\/vosgesinfo.fr\/app\/uploads\/sites\/5\/2023\/08\/favicon-remiremontinfo.png\",\"contentUrl\":\"https:\/\/vosgesinfo.fr\/app\/uploads\/sites\/5\/2023\/08\/favicon-remiremontinfo.png\",\"width\":512,\"height\":512,\"caption\":\"Remiremont Info\"},\"image\":{\"@id\":\"https:\/\/vosgesinfo.fr\/remiremontinfo\/#\/schema\/logo\/image\/\"},\"sameAs\":[\"https:\/\/www.facebook.com\/remiremontinfo\",\"https:\/\/x.com\/VosgesInfo88\",\"https:\/\/www.youtube.com\/@vosgesinfo\"]},{\"@type\":\"Person\",\"@id\":\"https:\/\/vosgesinfo.fr\/remiremontinfo\/#\/schema\/person\/6f9a650eeea99d969b6c4ab78fccbe81\",\"name\":\"C.K.\",\"image\":{\"@type\":\"ImageObject\",\"inLanguage\":\"fr-FR\",\"@id\":\"https:\/\/vosgesinfo.fr\/remiremontinfo\/#\/schema\/person\/image\/\",\"url\":\"https:\/\/secure.gravatar.com\/avatar\/48e3fc7f8421ba8942be6b74a2b7f014ca39bc00dece156b7a8e098ae7dc87bf?s=96&d=mm&r=g\",\"contentUrl\":\"https:\/\/secure.gravatar.com\/avatar\/48e3fc7f8421ba8942be6b74a2b7f014ca39bc00dece156b7a8e098ae7dc87bf?s=96&d=mm&r=g\",\"caption\":\"C.K.\"},\"url\":\"https:\/\/vosgesinfo.fr\/remiremontinfo\/author\/celia-k-n\/\"}]}<\/script>\n<!-- \/ Yoast SEO plugin. -->","yoast_head_json":{"title":"Vosges : une baisse record des d\u00e9chets, fruit d\u2019un engagement collectif - Remiremont Info","robots":{"index":"index","follow":"follow","max-snippet":"max-snippet:-1","max-image-preview":"max-image-preview:large","max-video-preview":"max-video-preview:-1"},"canonical":"https:\/\/vosgesinfo.fr\/remiremontinfo\/2026\/04\/vosges-une-baisse-record-des-dechets-fruit-dun-engagement-collectif\/","twitter_card":"summary_large_image","twitter_title":"Vosges : une baisse record des d\u00e9chets, fruit d\u2019un engagement collectif - Remiremont Info","twitter_description":"Depuis 2023, EVODIA et ses neuf collectivit\u00e9s adh\u00e9rentes ont engag\u00e9 le territoire vosgien dans une d\u00e9marche ambitieuse : r\u00e9duire de [&hellip;]","twitter_image":"https:\/\/vosgesinfo.fr\/app\/uploads\/sites\/5\/2026\/04\/feniix-rambervillers.2jpg.jpg","twitter_creator":"@VosgesInfo88","twitter_site":"@VosgesInfo88","twitter_misc":{"\u00c9crit par":"C.K.","Dur\u00e9e de lecture estim\u00e9e":"2 minutes"},"schema":{"@context":"https:\/\/schema.org","@graph":[{"@type":"Article","@id":"https:\/\/vosgesinfo.fr\/remiremontinfo\/2026\/04\/vosges-une-baisse-record-des-dechets-fruit-dun-engagement-collectif\/#article","isPartOf":{"@id":"https:\/\/vosgesinfo.fr\/remiremontinfo\/2026\/04\/vosges-une-baisse-record-des-dechets-fruit-dun-engagement-collectif\/"},"author":{"name":"C.K.","@id":"https:\/\/vosgesinfo.fr\/remiremontinfo\/#\/schema\/person\/6f9a650eeea99d969b6c4ab78fccbe81"},"headline":"Vosges : une baisse record des d\u00e9chets, fruit d\u2019un engagement collectif","datePublished":"2026-04-29T06:38:09+00:00","dateModified":"2026-04-29T06:38:09+00:00","mainEntityOfPage":{"@id":"https:\/\/vosgesinfo.fr\/remiremontinfo\/2026\/04\/vosges-une-baisse-record-des-dechets-fruit-dun-engagement-collectif\/"},"wordCount":425,"commentCount":0,"publisher":{"@id":"https:\/\/vosgesinfo.fr\/remiremontinfo\/#organization"},"image":{"@id":"https:\/\/vosgesinfo.fr\/remiremontinfo\/2026\/04\/vosges-une-baisse-record-des-dechets-fruit-dun-engagement-collectif\/#primaryimage"},"thumbnailUrl":"https:\/\/vosgesinfo.fr\/app\/uploads\/sites\/5\/2026\/04\/feniix-rambervillers.2jpg.jpg","keywords":["collectivit\u00e9s","compostage","D\u00e9chets","d\u00e9veloppement durable","\u00e9conomie circulaire","environnement","recyclage","R\u00e9duction des d\u00e9chets","transition ecologique","Vosges"],"articleSection":["A la Une","Environnement","Epinal","G\u00e9rardmer","La plaine des vosges","Remiremont","Saint-di\u00e9"],"inLanguage":"fr-FR","potentialAction":[{"@type":"CommentAction","name":"Comment","target":["https:\/\/vosgesinfo.fr\/remiremontinfo\/2026\/04\/vosges-une-baisse-record-des-dechets-fruit-dun-engagement-collectif\/#respond"]}]},{"@type":"WebPage","@id":"https:\/\/vosgesinfo.fr\/remiremontinfo\/2026\/04\/vosges-une-baisse-record-des-dechets-fruit-dun-engagement-collectif\/","url":"https:\/\/vosgesinfo.fr\/remiremontinfo\/2026\/04\/vosges-une-baisse-record-des-dechets-fruit-dun-engagement-collectif\/","name":"Vosges : une baisse record des d\u00e9chets, fruit d\u2019un engagement collectif - Remiremont Info","isPartOf":{"@id":"https:\/\/vosgesinfo.fr\/remiremontinfo\/#website"},"primaryImageOfPage":{"@id":"https:\/\/vosgesinfo.fr\/remiremontinfo\/2026\/04\/vosges-une-baisse-record-des-dechets-fruit-dun-engagement-collectif\/#primaryimage"},"image":{"@id":"https:\/\/vosgesinfo.fr\/remiremontinfo\/2026\/04\/vosges-une-baisse-record-des-dechets-fruit-dun-engagement-collectif\/#primaryimage"},"thumbnailUrl":"https:\/\/vosgesinfo.fr\/app\/uploads\/sites\/5\/2026\/04\/feniix-rambervillers.2jpg.jpg","datePublished":"2026-04-29T06:38:09+00:00","dateModified":"2026-04-29T06:38:09+00:00","breadcrumb":{"@id":"https:\/\/vosgesinfo.fr\/remiremontinfo\/2026\/04\/vosges-une-baisse-record-des-dechets-fruit-dun-engagement-collectif\/#breadcrumb"},"inLanguage":"fr-FR","potentialAction":[{"@type":"ReadAction","target":["https:\/\/vosgesinfo.fr\/remiremontinfo\/2026\/04\/vosges-une-baisse-record-des-dechets-fruit-dun-engagement-collectif\/"]}]},{"@type":"ImageObject","inLanguage":"fr-FR","@id":"https:\/\/vosgesinfo.fr\/remiremontinfo\/2026\/04\/vosges-une-baisse-record-des-dechets-fruit-dun-engagement-collectif\/#primaryimage","url":"https:\/\/vosgesinfo.fr\/app\/uploads\/sites\/5\/2026\/04\/feniix-rambervillers.2jpg.jpg","contentUrl":"https:\/\/vosgesinfo.fr\/app\/uploads\/sites\/5\/2026\/04\/feniix-rambervillers.2jpg.jpg","width":1440,"height":1920},{"@type":"BreadcrumbList","@id":"https:\/\/vosgesinfo.fr\/remiremontinfo\/2026\/04\/vosges-une-baisse-record-des-dechets-fruit-dun-engagement-collectif\/#breadcrumb","itemListElement":[{"@type":"ListItem","position":1,"name":"Home","item":"https:\/\/vosgesinfo.fr\/remiremontinfo\/"},{"@type":"ListItem","position":2,"name":"Vosges : une baisse record des d\u00e9chets, fruit d\u2019un engagement collectif"}]},{"@type":"WebSite","@id":"https:\/\/vosgesinfo.fr\/remiremontinfo\/#website","url":"https:\/\/vosgesinfo.fr\/remiremontinfo\/","name":"Remiremont Info","description":"Toute l&#039;actualit\u00e9 de Remiremont","publisher":{"@id":"https:\/\/vosgesinfo.fr\/remiremontinfo\/#organization"},"alternateName":"Toute l'actualit\u00e9 de Remiremont","potentialAction":[{"@type":"SearchAction","target":{"@type":"EntryPoint","urlTemplate":"https:\/\/vosgesinfo.fr\/remiremontinfo\/?s={search_term_string}"},"query-input":"required name=search_term_string"}],"inLanguage":"fr-FR"},{"@type":"Organization","@id":"https:\/\/vosgesinfo.fr\/remiremontinfo\/#organization","name":"Remiremont Info","url":"https:\/\/vosgesinfo.fr\/remiremontinfo\/","logo":{"@type":"ImageObject","inLanguage":"fr-FR","@id":"https:\/\/vosgesinfo.fr\/remiremontinfo\/#\/schema\/logo\/image\/","url":"https:\/\/vosgesinfo.fr\/app\/uploads\/sites\/5\/2023\/08\/favicon-remiremontinfo.png","contentUrl":"https:\/\/vosgesinfo.fr\/app\/uploads\/sites\/5\/2023\/08\/favicon-remiremontinfo.png","width":512,"height":512,"caption":"Remiremont Info"},"image":{"@id":"https:\/\/vosgesinfo.fr\/remiremontinfo\/#\/schema\/logo\/image\/"},"sameAs":["https:\/\/www.facebook.com\/remiremontinfo","https:\/\/x.com\/VosgesInfo88","https:\/\/www.youtube.com\/@vosgesinfo"]},{"@type":"Person","@id":"https:\/\/vosgesinfo.fr\/remiremontinfo\/#\/schema\/person\/6f9a650eeea99d969b6c4ab78fccbe81","name":"C.K.","image":{"@type":"ImageObject","inLanguage":"fr-FR","@id":"https:\/\/vosgesinfo.fr\/remiremontinfo\/#\/schema\/person\/image\/","url":"https:\/\/secure.gravatar.com\/avatar\/48e3fc7f8421ba8942be6b74a2b7f014ca39bc00dece156b7a8e098ae7dc87bf?s=96&d=mm&r=g","contentUrl":"https:\/\/secure.gravatar.com\/avatar\/48e3fc7f8421ba8942be6b74a2b7f014ca39bc00dece156b7a8e098ae7dc87bf?s=96&d=mm&r=g","caption":"C.K."},"url":"https:\/\/vosgesinfo.fr\/remiremontinfo\/author\/celia-k-n\/"}]}},"_links":{"self":[{"href":"https:\/\/vosgesinfo.fr\/remiremontinfo\/wp-json\/wp\/v2\/posts\/90907","targetHints":{"allow":["GET"]}}],"collection":[{"href":"https:\/\/vosgesinfo.fr\/remiremontinfo\/wp-json\/wp\/v2\/posts"}],"about":[{"href":"https:\/\/vosgesinfo.fr\/remiremontinfo\/wp-json\/wp\/v2\/types\/post"}],"author":[{"embeddable":true,"href":"https:\/\/vosgesinfo.fr\/remiremontinfo\/wp-json\/wp\/v2\/users\/52"}],"replies":[{"embeddable":true,"href":"https:\/\/vosgesinfo.fr\/remiremontinfo\/wp-json\/wp\/v2\/comments?post=90907"}],"version-history":[{"count":0,"href":"https:\/\/vosgesinfo.fr\/remiremontinfo\/wp-json\/wp\/v2\/posts\/90907\/revisions"}],"wp:featuredmedia":[{"embeddable":true,"href":"https:\/\/vosgesinfo.fr\/remiremontinfo\/wp-json\/wp\/v2\/media\/90908"}],"wp:attachment":[{"href":"https:\/\/vosgesinfo.fr\/remiremontinfo\/wp-json\/wp\/v2\/media?parent=90907"}],"wp:term":[{"taxonomy":"category","embeddable":true,"href":"https:\/\/vosgesinfo.fr\/remiremontinfo\/wp-json\/wp\/v2\/categories?post=90907"},{"taxonomy":"post_tag","embeddable":true,"href":"https:\/\/vosgesinfo.fr\/remiremontinfo\/wp-json\/wp\/v2\/tags?post=90907"}],"curies":[{"name":"wp","href":"https:\/\/api.w.org\/{rel}","templated":true}]}}