{"id":90914,"date":"2026-04-30T05:52:28","date_gmt":"2026-04-30T03:52:28","guid":{"rendered":"https:\/\/vosgesinfo.fr\/remiremontinfo\/?p=90914"},"modified":"2026-04-29T16:28:14","modified_gmt":"2026-04-29T14:28:14","slug":"visite-guidee-du-cimetiere-de-remiremont","status":"publish","type":"post","link":"https:\/\/vosgesinfo.fr\/remiremontinfo\/2026\/04\/visite-guidee-du-cimetiere-de-remiremont\/","title":{"rendered":"Visite guid\u00e9e du cimeti\u00e8re de Remiremont"},"content":{"rendered":"<h3><a href=\"https:\/\/vosgesinfo.fr\/app\/uploads\/sites\/5\/2026\/04\/visite-guidee-du-cimetiere-de-remiremont.jpg\"><img decoding=\"async\" class=\"aligncenter size-full wp-image-90915\" src=\"https:\/\/vosgesinfo.fr\/app\/uploads\/sites\/5\/2026\/04\/visite-guidee-du-cimetiere-de-remiremont.jpg\" alt=\"\" width=\"589\" height=\"358\" srcset=\"https:\/\/vosgesinfo.fr\/app\/uploads\/sites\/5\/2026\/04\/visite-guidee-du-cimetiere-de-remiremont.jpg 589w, https:\/\/vosgesinfo.fr\/app\/uploads\/sites\/5\/2026\/04\/visite-guidee-du-cimetiere-de-remiremont-300x182.jpg 300w\" sizes=\"(max-width: 589px) 100vw, 589px\" \/><\/a><\/h3>\n<h3><\/h3>\n<h3>Du 8 au 11 mai 2026, le Printemps des Cimeti\u00e8res f\u00eate ses 10 ans ! Il s\u2019agit du seul \u00e9v\u00e9nement national d\u00e9di\u00e9 exclusivement \u00e0 la valorisation du patrimoine fun\u00e9raire. Pour l\u2019occasion, l\u2019office de tourisme reprogramme sa tr\u00e8s appr\u00e9ci\u00e9e visite guid\u00e9e du cimeti\u00e8re de Remiremont, le samedi 9 mai \u00e0 10h00.<\/h3>\n<p>D\u00c9COUVREZ LE CIMETI\u00c8RE DE REMIREMONT COMME<br \/>\nVOUS NE L\u2019AVEZ JAMAIS VU !<br \/>\nCette visite guid\u00e9e d\u20191h30 propose une d\u00e9couverte originale de l\u2019histoire de Remiremont \u00e0 travers son cimeti\u00e8re, v\u00e9ritable livre d\u2019histoire \u00e0 ciel ouvert. Loin d\u2019\u00eatre uniquement un lieu de recueillement, le cimeti\u00e8re conserve les traces des \u00e9volutions sociales, artistiques et politiques de la ville.<br \/>\nAu fil des all\u00e9es, les monuments fun\u00e9raires, les symboles sculpt\u00e9s et l\u2019organisation des diff\u00e9rents espaces permettent d\u2019aborder l\u2019histoire locale, les grandes familles, les conflits contemporains et l\u2019\u00e9volution des pratiques fun\u00e9raires. La visite met \u00e9galement en lumi\u00e8re l\u2019art fun\u00e9raire et les messages laiss\u00e9s par les g\u00e9n\u00e9rations pass\u00e9es.<br \/>\nUne approche historique et patrimoniale, pour comprendre comment la m\u00e9moire des habitants de Remiremont s\u2019inscrit durablement dans la pierre et le paysage.<br \/>\nCe que j\u2019aime par-dessus dans ce cimeti\u00e8re, c\u2019est que l\u2019on y croise la petite histoire dans la grande Histoire. Beaucoup de personnalit\u00e9s locales reposant en ce lieu ont contribu\u00e9 \u00e0 changer la face de la France. &#8211; Morgane, guide conf\u00e9renci\u00e8re.<\/p>\n<p>5\u20ac plein tarif (nos visites guid\u00e9es sont conseill\u00e9es \u00e0 partir de 12 ans)<br \/>\nPlaces limit\u00e9es, inscription obligatoire aupr\u00e8s de l\u2019office de tourisme (03 29 62 23 70 ou remiremont@otrp.fr)<\/p>\n","protected":false},"excerpt":{"rendered":"<p>Du 8 au 11 mai 2026, le Printemps des Cimeti\u00e8res f\u00eate ses 10 ans ! Il s\u2019agit du seul \u00e9v\u00e9nement [&hellip;]<\/p>\n","protected":false},"author":391,"featured_media":90915,"comment_status":"open","ping_status":"open","sticky":false,"template":"","format":"standard","meta":{"footnotes":""},"categories":[26,4,43],"tags":[9265],"class_list":["post-90914","post","type-post","status-publish","format-standard","has-post-thumbnail","hentry","category-a-la-une","category-culture","category-remiremont-remiremont-son-canton","tag-cimetiere-de-remiremont"],"acf":[],"yoast_head":"<!-- This site is optimized with the Yoast SEO plugin v22.5 - https:\/\/yoast.com\/wordpress\/plugins\/seo\/ -->\n<title>Visite guid\u00e9e du cimeti\u00e8re de Remiremont - Remiremont Info<\/title>\n<meta name=\"robots\" content=\"index, follow, max-snippet:-1, max-image-preview:large, max-video-preview:-1\" \/>\n<link rel=\"canonical\" href=\"https:\/\/vosgesinfo.fr\/remiremontinfo\/2026\/04\/visite-guidee-du-cimetiere-de-remiremont\/\" \/>\n<meta name=\"twitter:card\" content=\"summary_large_image\" \/>\n<meta name=\"twitter:title\" content=\"Visite guid\u00e9e du cimeti\u00e8re de Remiremont - Remiremont Info\" \/>\n<meta name=\"twitter:description\" content=\"Du 8 au 11 mai 2026, le Printemps des Cimeti\u00e8res f\u00eate ses 10 ans ! Il s\u2019agit du seul \u00e9v\u00e9nement [&hellip;]\" \/>\n<meta name=\"twitter:image\" content=\"https:\/\/vosgesinfo.fr\/app\/uploads\/sites\/5\/2026\/04\/visite-guidee-du-cimetiere-de-remiremont.jpg\" \/>\n<meta name=\"twitter:creator\" content=\"@VosgesInfo88\" \/>\n<meta name=\"twitter:site\" content=\"@VosgesInfo88\" \/>\n<meta name=\"twitter:label1\" content=\"\u00c9crit par\" \/>\n\t<meta name=\"twitter:data1\" content=\"La redaction\" \/>\n\t<meta name=\"twitter:label2\" content=\"Dur\u00e9e de lecture estim\u00e9e\" \/>\n\t<meta name=\"twitter:data2\" content=\"1 minute\" \/>\n<script type=\"application\/ld+json\" class=\"yoast-schema-graph\">{\"@context\":\"https:\/\/schema.org\",\"@graph\":[{\"@type\":\"Article\",\"@id\":\"https:\/\/vosgesinfo.fr\/remiremontinfo\/2026\/04\/visite-guidee-du-cimetiere-de-remiremont\/#article\",\"isPartOf\":{\"@id\":\"https:\/\/vosgesinfo.fr\/remiremontinfo\/2026\/04\/visite-guidee-du-cimetiere-de-remiremont\/\"},\"author\":{\"name\":\"La redaction\",\"@id\":\"https:\/\/vosgesinfo.fr\/remiremontinfo\/#\/schema\/person\/27a3695b06db98895b354c0765cdfc31\"},\"headline\":\"Visite guid\u00e9e du cimeti\u00e8re de Remiremont\",\"datePublished\":\"2026-04-30T03:52:28+00:00\",\"dateModified\":\"2026-04-29T14:28:14+00:00\",\"mainEntityOfPage\":{\"@id\":\"https:\/\/vosgesinfo.fr\/remiremontinfo\/2026\/04\/visite-guidee-du-cimetiere-de-remiremont\/\"},\"wordCount\":287,\"commentCount\":0,\"publisher\":{\"@id\":\"https:\/\/vosgesinfo.fr\/remiremontinfo\/#organization\"},\"image\":{\"@id\":\"https:\/\/vosgesinfo.fr\/remiremontinfo\/2026\/04\/visite-guidee-du-cimetiere-de-remiremont\/#primaryimage\"},\"thumbnailUrl\":\"https:\/\/vosgesinfo.fr\/app\/uploads\/sites\/5\/2026\/04\/visite-guidee-du-cimetiere-de-remiremont.jpg\",\"keywords\":[\"cimetiere de remiremont\"],\"articleSection\":[\"A la Une\",\"Culture\",\"Remiremont\"],\"inLanguage\":\"fr-FR\",\"potentialAction\":[{\"@type\":\"CommentAction\",\"name\":\"Comment\",\"target\":[\"https:\/\/vosgesinfo.fr\/remiremontinfo\/2026\/04\/visite-guidee-du-cimetiere-de-remiremont\/#respond\"]}]},{\"@type\":\"WebPage\",\"@id\":\"https:\/\/vosgesinfo.fr\/remiremontinfo\/2026\/04\/visite-guidee-du-cimetiere-de-remiremont\/\",\"url\":\"https:\/\/vosgesinfo.fr\/remiremontinfo\/2026\/04\/visite-guidee-du-cimetiere-de-remiremont\/\",\"name\":\"Visite guid\u00e9e du cimeti\u00e8re de Remiremont - Remiremont Info\",\"isPartOf\":{\"@id\":\"https:\/\/vosgesinfo.fr\/remiremontinfo\/#website\"},\"primaryImageOfPage\":{\"@id\":\"https:\/\/vosgesinfo.fr\/remiremontinfo\/2026\/04\/visite-guidee-du-cimetiere-de-remiremont\/#primaryimage\"},\"image\":{\"@id\":\"https:\/\/vosgesinfo.fr\/remiremontinfo\/2026\/04\/visite-guidee-du-cimetiere-de-remiremont\/#primaryimage\"},\"thumbnailUrl\":\"https:\/\/vosgesinfo.fr\/app\/uploads\/sites\/5\/2026\/04\/visite-guidee-du-cimetiere-de-remiremont.jpg\",\"datePublished\":\"2026-04-30T03:52:28+00:00\",\"dateModified\":\"2026-04-29T14:28:14+00:00\",\"breadcrumb\":{\"@id\":\"https:\/\/vosgesinfo.fr\/remiremontinfo\/2026\/04\/visite-guidee-du-cimetiere-de-remiremont\/#breadcrumb\"},\"inLanguage\":\"fr-FR\",\"potentialAction\":[{\"@type\":\"ReadAction\",\"target\":[\"https:\/\/vosgesinfo.fr\/remiremontinfo\/2026\/04\/visite-guidee-du-cimetiere-de-remiremont\/\"]}]},{\"@type\":\"ImageObject\",\"inLanguage\":\"fr-FR\",\"@id\":\"https:\/\/vosgesinfo.fr\/remiremontinfo\/2026\/04\/visite-guidee-du-cimetiere-de-remiremont\/#primaryimage\",\"url\":\"https:\/\/vosgesinfo.fr\/app\/uploads\/sites\/5\/2026\/04\/visite-guidee-du-cimetiere-de-remiremont.jpg\",\"contentUrl\":\"https:\/\/vosgesinfo.fr\/app\/uploads\/sites\/5\/2026\/04\/visite-guidee-du-cimetiere-de-remiremont.jpg\",\"width\":589,\"height\":358},{\"@type\":\"BreadcrumbList\",\"@id\":\"https:\/\/vosgesinfo.fr\/remiremontinfo\/2026\/04\/visite-guidee-du-cimetiere-de-remiremont\/#breadcrumb\",\"itemListElement\":[{\"@type\":\"ListItem\",\"position\":1,\"name\":\"Home\",\"item\":\"https:\/\/vosgesinfo.fr\/remiremontinfo\/\"},{\"@type\":\"ListItem\",\"position\":2,\"name\":\"Visite guid\u00e9e du cimeti\u00e8re de Remiremont\"}]},{\"@type\":\"WebSite\",\"@id\":\"https:\/\/vosgesinfo.fr\/remiremontinfo\/#website\",\"url\":\"https:\/\/vosgesinfo.fr\/remiremontinfo\/\",\"name\":\"Remiremont Info\",\"description\":\"Toute l&#039;actualit\u00e9 de Remiremont\",\"publisher\":{\"@id\":\"https:\/\/vosgesinfo.fr\/remiremontinfo\/#organization\"},\"alternateName\":\"Toute l'actualit\u00e9 de Remiremont\",\"potentialAction\":[{\"@type\":\"SearchAction\",\"target\":{\"@type\":\"EntryPoint\",\"urlTemplate\":\"https:\/\/vosgesinfo.fr\/remiremontinfo\/?s={search_term_string}\"},\"query-input\":\"required name=search_term_string\"}],\"inLanguage\":\"fr-FR\"},{\"@type\":\"Organization\",\"@id\":\"https:\/\/vosgesinfo.fr\/remiremontinfo\/#organization\",\"name\":\"Remiremont Info\",\"url\":\"https:\/\/vosgesinfo.fr\/remiremontinfo\/\",\"logo\":{\"@type\":\"ImageObject\",\"inLanguage\":\"fr-FR\",\"@id\":\"https:\/\/vosgesinfo.fr\/remiremontinfo\/#\/schema\/logo\/image\/\",\"url\":\"https:\/\/vosgesinfo.fr\/app\/uploads\/sites\/5\/2023\/08\/favicon-remiremontinfo.png\",\"contentUrl\":\"https:\/\/vosgesinfo.fr\/app\/uploads\/sites\/5\/2023\/08\/favicon-remiremontinfo.png\",\"width\":512,\"height\":512,\"caption\":\"Remiremont Info\"},\"image\":{\"@id\":\"https:\/\/vosgesinfo.fr\/remiremontinfo\/#\/schema\/logo\/image\/\"},\"sameAs\":[\"https:\/\/www.facebook.com\/remiremontinfo\",\"https:\/\/x.com\/VosgesInfo88\",\"https:\/\/www.youtube.com\/@vosgesinfo\"]},{\"@type\":\"Person\",\"@id\":\"https:\/\/vosgesinfo.fr\/remiremontinfo\/#\/schema\/person\/27a3695b06db98895b354c0765cdfc31\",\"name\":\"La redaction\",\"image\":{\"@type\":\"ImageObject\",\"inLanguage\":\"fr-FR\",\"@id\":\"https:\/\/vosgesinfo.fr\/remiremontinfo\/#\/schema\/person\/image\/\",\"url\":\"https:\/\/secure.gravatar.com\/avatar\/64c76a78e501cedee55736f43f332df901e1896ae9cd8fad269ae2236dd0e8b6?s=96&d=mm&r=g\",\"contentUrl\":\"https:\/\/secure.gravatar.com\/avatar\/64c76a78e501cedee55736f43f332df901e1896ae9cd8fad269ae2236dd0e8b6?s=96&d=mm&r=g\",\"caption\":\"La redaction\"},\"url\":\"https:\/\/vosgesinfo.fr\/remiremontinfo\/author\/la-redaction\/\"}]}<\/script>\n<!-- \/ Yoast SEO plugin. -->","yoast_head_json":{"title":"Visite guid\u00e9e du cimeti\u00e8re de Remiremont - Remiremont Info","robots":{"index":"index","follow":"follow","max-snippet":"max-snippet:-1","max-image-preview":"max-image-preview:large","max-video-preview":"max-video-preview:-1"},"canonical":"https:\/\/vosgesinfo.fr\/remiremontinfo\/2026\/04\/visite-guidee-du-cimetiere-de-remiremont\/","twitter_card":"summary_large_image","twitter_title":"Visite guid\u00e9e du cimeti\u00e8re de Remiremont - Remiremont Info","twitter_description":"Du 8 au 11 mai 2026, le Printemps des Cimeti\u00e8res f\u00eate ses 10 ans ! Il s\u2019agit du seul \u00e9v\u00e9nement [&hellip;]","twitter_image":"https:\/\/vosgesinfo.fr\/app\/uploads\/sites\/5\/2026\/04\/visite-guidee-du-cimetiere-de-remiremont.jpg","twitter_creator":"@VosgesInfo88","twitter_site":"@VosgesInfo88","twitter_misc":{"\u00c9crit par":"La redaction","Dur\u00e9e de lecture estim\u00e9e":"1 minute"},"schema":{"@context":"https:\/\/schema.org","@graph":[{"@type":"Article","@id":"https:\/\/vosgesinfo.fr\/remiremontinfo\/2026\/04\/visite-guidee-du-cimetiere-de-remiremont\/#article","isPartOf":{"@id":"https:\/\/vosgesinfo.fr\/remiremontinfo\/2026\/04\/visite-guidee-du-cimetiere-de-remiremont\/"},"author":{"name":"La redaction","@id":"https:\/\/vosgesinfo.fr\/remiremontinfo\/#\/schema\/person\/27a3695b06db98895b354c0765cdfc31"},"headline":"Visite guid\u00e9e du cimeti\u00e8re de Remiremont","datePublished":"2026-04-30T03:52:28+00:00","dateModified":"2026-04-29T14:28:14+00:00","mainEntityOfPage":{"@id":"https:\/\/vosgesinfo.fr\/remiremontinfo\/2026\/04\/visite-guidee-du-cimetiere-de-remiremont\/"},"wordCount":287,"commentCount":0,"publisher":{"@id":"https:\/\/vosgesinfo.fr\/remiremontinfo\/#organization"},"image":{"@id":"https:\/\/vosgesinfo.fr\/remiremontinfo\/2026\/04\/visite-guidee-du-cimetiere-de-remiremont\/#primaryimage"},"thumbnailUrl":"https:\/\/vosgesinfo.fr\/app\/uploads\/sites\/5\/2026\/04\/visite-guidee-du-cimetiere-de-remiremont.jpg","keywords":["cimetiere de remiremont"],"articleSection":["A la Une","Culture","Remiremont"],"inLanguage":"fr-FR","potentialAction":[{"@type":"CommentAction","name":"Comment","target":["https:\/\/vosgesinfo.fr\/remiremontinfo\/2026\/04\/visite-guidee-du-cimetiere-de-remiremont\/#respond"]}]},{"@type":"WebPage","@id":"https:\/\/vosgesinfo.fr\/remiremontinfo\/2026\/04\/visite-guidee-du-cimetiere-de-remiremont\/","url":"https:\/\/vosgesinfo.fr\/remiremontinfo\/2026\/04\/visite-guidee-du-cimetiere-de-remiremont\/","name":"Visite guid\u00e9e du cimeti\u00e8re de Remiremont - Remiremont Info","isPartOf":{"@id":"https:\/\/vosgesinfo.fr\/remiremontinfo\/#website"},"primaryImageOfPage":{"@id":"https:\/\/vosgesinfo.fr\/remiremontinfo\/2026\/04\/visite-guidee-du-cimetiere-de-remiremont\/#primaryimage"},"image":{"@id":"https:\/\/vosgesinfo.fr\/remiremontinfo\/2026\/04\/visite-guidee-du-cimetiere-de-remiremont\/#primaryimage"},"thumbnailUrl":"https:\/\/vosgesinfo.fr\/app\/uploads\/sites\/5\/2026\/04\/visite-guidee-du-cimetiere-de-remiremont.jpg","datePublished":"2026-04-30T03:52:28+00:00","dateModified":"2026-04-29T14:28:14+00:00","breadcrumb":{"@id":"https:\/\/vosgesinfo.fr\/remiremontinfo\/2026\/04\/visite-guidee-du-cimetiere-de-remiremont\/#breadcrumb"},"inLanguage":"fr-FR","potentialAction":[{"@type":"ReadAction","target":["https:\/\/vosgesinfo.fr\/remiremontinfo\/2026\/04\/visite-guidee-du-cimetiere-de-remiremont\/"]}]},{"@type":"ImageObject","inLanguage":"fr-FR","@id":"https:\/\/vosgesinfo.fr\/remiremontinfo\/2026\/04\/visite-guidee-du-cimetiere-de-remiremont\/#primaryimage","url":"https:\/\/vosgesinfo.fr\/app\/uploads\/sites\/5\/2026\/04\/visite-guidee-du-cimetiere-de-remiremont.jpg","contentUrl":"https:\/\/vosgesinfo.fr\/app\/uploads\/sites\/5\/2026\/04\/visite-guidee-du-cimetiere-de-remiremont.jpg","width":589,"height":358},{"@type":"BreadcrumbList","@id":"https:\/\/vosgesinfo.fr\/remiremontinfo\/2026\/04\/visite-guidee-du-cimetiere-de-remiremont\/#breadcrumb","itemListElement":[{"@type":"ListItem","position":1,"name":"Home","item":"https:\/\/vosgesinfo.fr\/remiremontinfo\/"},{"@type":"ListItem","position":2,"name":"Visite guid\u00e9e du cimeti\u00e8re de Remiremont"}]},{"@type":"WebSite","@id":"https:\/\/vosgesinfo.fr\/remiremontinfo\/#website","url":"https:\/\/vosgesinfo.fr\/remiremontinfo\/","name":"Remiremont Info","description":"Toute l&#039;actualit\u00e9 de Remiremont","publisher":{"@id":"https:\/\/vosgesinfo.fr\/remiremontinfo\/#organization"},"alternateName":"Toute l'actualit\u00e9 de Remiremont","potentialAction":[{"@type":"SearchAction","target":{"@type":"EntryPoint","urlTemplate":"https:\/\/vosgesinfo.fr\/remiremontinfo\/?s={search_term_string}"},"query-input":"required name=search_term_string"}],"inLanguage":"fr-FR"},{"@type":"Organization","@id":"https:\/\/vosgesinfo.fr\/remiremontinfo\/#organization","name":"Remiremont Info","url":"https:\/\/vosgesinfo.fr\/remiremontinfo\/","logo":{"@type":"ImageObject","inLanguage":"fr-FR","@id":"https:\/\/vosgesinfo.fr\/remiremontinfo\/#\/schema\/logo\/image\/","url":"https:\/\/vosgesinfo.fr\/app\/uploads\/sites\/5\/2023\/08\/favicon-remiremontinfo.png","contentUrl":"https:\/\/vosgesinfo.fr\/app\/uploads\/sites\/5\/2023\/08\/favicon-remiremontinfo.png","width":512,"height":512,"caption":"Remiremont Info"},"image":{"@id":"https:\/\/vosgesinfo.fr\/remiremontinfo\/#\/schema\/logo\/image\/"},"sameAs":["https:\/\/www.facebook.com\/remiremontinfo","https:\/\/x.com\/VosgesInfo88","https:\/\/www.youtube.com\/@vosgesinfo"]},{"@type":"Person","@id":"https:\/\/vosgesinfo.fr\/remiremontinfo\/#\/schema\/person\/27a3695b06db98895b354c0765cdfc31","name":"La redaction","image":{"@type":"ImageObject","inLanguage":"fr-FR","@id":"https:\/\/vosgesinfo.fr\/remiremontinfo\/#\/schema\/person\/image\/","url":"https:\/\/secure.gravatar.com\/avatar\/64c76a78e501cedee55736f43f332df901e1896ae9cd8fad269ae2236dd0e8b6?s=96&d=mm&r=g","contentUrl":"https:\/\/secure.gravatar.com\/avatar\/64c76a78e501cedee55736f43f332df901e1896ae9cd8fad269ae2236dd0e8b6?s=96&d=mm&r=g","caption":"La redaction"},"url":"https:\/\/vosgesinfo.fr\/remiremontinfo\/author\/la-redaction\/"}]}},"_links":{"self":[{"href":"https:\/\/vosgesinfo.fr\/remiremontinfo\/wp-json\/wp\/v2\/posts\/90914","targetHints":{"allow":["GET"]}}],"collection":[{"href":"https:\/\/vosgesinfo.fr\/remiremontinfo\/wp-json\/wp\/v2\/posts"}],"about":[{"href":"https:\/\/vosgesinfo.fr\/remiremontinfo\/wp-json\/wp\/v2\/types\/post"}],"author":[{"embeddable":true,"href":"https:\/\/vosgesinfo.fr\/remiremontinfo\/wp-json\/wp\/v2\/users\/391"}],"replies":[{"embeddable":true,"href":"https:\/\/vosgesinfo.fr\/remiremontinfo\/wp-json\/wp\/v2\/comments?post=90914"}],"version-history":[{"count":1,"href":"https:\/\/vosgesinfo.fr\/remiremontinfo\/wp-json\/wp\/v2\/posts\/90914\/revisions"}],"predecessor-version":[{"id":90916,"href":"https:\/\/vosgesinfo.fr\/remiremontinfo\/wp-json\/wp\/v2\/posts\/90914\/revisions\/90916"}],"wp:featuredmedia":[{"embeddable":true,"href":"https:\/\/vosgesinfo.fr\/remiremontinfo\/wp-json\/wp\/v2\/media\/90915"}],"wp:attachment":[{"href":"https:\/\/vosgesinfo.fr\/remiremontinfo\/wp-json\/wp\/v2\/media?parent=90914"}],"wp:term":[{"taxonomy":"category","embeddable":true,"href":"https:\/\/vosgesinfo.fr\/remiremontinfo\/wp-json\/wp\/v2\/categories?post=90914"},{"taxonomy":"post_tag","embeddable":true,"href":"https:\/\/vosgesinfo.fr\/remiremontinfo\/wp-json\/wp\/v2\/tags?post=90914"}],"curies":[{"name":"wp","href":"https:\/\/api.w.org\/{rel}","templated":true}]}}