{"id":90921,"date":"2026-04-29T17:43:18","date_gmt":"2026-04-29T15:43:18","guid":{"rendered":"https:\/\/vosgesinfo.fr\/remiremontinfo\/?p=90921"},"modified":"2026-04-29T17:43:18","modified_gmt":"2026-04-29T15:43:18","slug":"apres-des-annees-laisse-a-labandon-le-parcours-de-sante-renait","status":"publish","type":"post","link":"https:\/\/vosgesinfo.fr\/remiremontinfo\/2026\/04\/apres-des-annees-laisse-a-labandon-le-parcours-de-sante-renait\/","title":{"rendered":"Apr\u00e8s des ann\u00e9es laiss\u00e9 \u00e0 l\u2019abandon, le parcours de sant\u00e9 rena\u00eet."},"content":{"rendered":"<p><a href=\"https:\/\/vosgesinfo.fr\/app\/uploads\/sites\/5\/2026\/04\/parcours-de-sante-28.jpg\"><img decoding=\"async\" class=\"size-large wp-image-90922 aligncenter\" src=\"https:\/\/vosgesinfo.fr\/app\/uploads\/sites\/5\/2026\/04\/parcours-de-sante-28-1024x683.jpg\" alt=\"\" width=\"1024\" height=\"683\" srcset=\"https:\/\/vosgesinfo.fr\/app\/uploads\/sites\/5\/2026\/04\/parcours-de-sante-28-1024x683.jpg 1024w, https:\/\/vosgesinfo.fr\/app\/uploads\/sites\/5\/2026\/04\/parcours-de-sante-28-300x200.jpg 300w, https:\/\/vosgesinfo.fr\/app\/uploads\/sites\/5\/2026\/04\/parcours-de-sante-28-768x512.jpg 768w, https:\/\/vosgesinfo.fr\/app\/uploads\/sites\/5\/2026\/04\/parcours-de-sante-28-1536x1024.jpg 1536w, https:\/\/vosgesinfo.fr\/app\/uploads\/sites\/5\/2026\/04\/parcours-de-sante-28.jpg 1920w\" sizes=\"(max-width: 1024px) 100vw, 1024px\" \/><\/a><\/p>\n<p><strong>Fr\u00e9d\u00e9ric Simon, adjoint au d\u00e9veloppement durable, ainsi que Bruno Haillant, 1\u1d49\u02b3 adjoint, ont inaugur\u00e9 ce mercredi la premi\u00e8re boucle du nouveau parcours de sant\u00e9 de Remiremont<\/strong><strong>, d\u2019un peu plus de deux kilom\u00e8tres<\/strong><strong>. Pour l\u2019occasion, le monde sportif et associatif, les sapeurs-pompiers et les \u00e9lus municipaux \u00e9taient pr\u00e9sents.<\/strong><\/p>\n<p><a href=\"https:\/\/vosgesinfo.fr\/app\/uploads\/sites\/5\/2026\/04\/capture-decran-2026-04-29-173023.jpg\"><img decoding=\"async\" class=\"alignright size-medium wp-image-90925\" src=\"https:\/\/vosgesinfo.fr\/app\/uploads\/sites\/5\/2026\/04\/capture-decran-2026-04-29-173023-200x300.jpg\" alt=\"\" width=\"200\" height=\"300\" srcset=\"https:\/\/vosgesinfo.fr\/app\/uploads\/sites\/5\/2026\/04\/capture-decran-2026-04-29-173023-200x300.jpg 200w, https:\/\/vosgesinfo.fr\/app\/uploads\/sites\/5\/2026\/04\/capture-decran-2026-04-29-173023.jpg 600w\" sizes=\"(max-width: 200px) 100vw, 200px\" \/><\/a>Un parcours de sant\u00e9 financ\u00e9 par la vente de bois des for\u00eats communales et fabriqu\u00e9 avec du pin sylvestre issu d\u2019une for\u00eat vosgienne. Cette r\u00e9alisation a \u00e9t\u00e9 con\u00e7ue par la soci\u00e9t\u00e9 Rondino, concepteur et fabricant d&rsquo;\u00e9quipements en bois pour les collectivit\u00e9s, dont l\u2019un des sites de production est implant\u00e9 sur la commune de Coussey, \u00e0 proximit\u00e9 de Neufch\u00e2teau.<\/p>\n<p>Ce parcours, en pleine nature et \u00e0 proximit\u00e9 imm\u00e9diate de la ville, est ouvert \u00e0 tous et ne demande plus qu\u2019\u00e0 \u00eatre utilis\u00e9. De nombreux agr\u00e8s sont dispos\u00e9s tout au long du parcours permettant, que l\u2019on soit sportif ou non, de prendre soin de sa sant\u00e9. Chaque agr\u00e8s dispose d\u2019un petit panneau explicatif dot\u00e9 d\u2019un QR code, permettant d\u2019acc\u00e9der, avec son t\u00e9l\u00e9phone portable, \u00e0 une vid\u00e9o explicative. Il est \u00e9videmment tout \u00e0 fait possible de se contenter de lire le panneau pour utiliser l\u2019\u00e9quipement.<\/p>\n<div id=\"attachment_90923\" style=\"width: 310px\" class=\"wp-caption aligncenter\"><a href=\"https:\/\/vosgesinfo.fr\/app\/uploads\/sites\/5\/2026\/04\/parcours-de-sante-87.jpg\"><img decoding=\"async\" aria-describedby=\"caption-attachment-90923\" class=\"size-medium wp-image-90923\" src=\"https:\/\/vosgesinfo.fr\/app\/uploads\/sites\/5\/2026\/04\/parcours-de-sante-87-300x200.jpg\" alt=\"\" width=\"300\" height=\"200\" srcset=\"https:\/\/vosgesinfo.fr\/app\/uploads\/sites\/5\/2026\/04\/parcours-de-sante-87-300x200.jpg 300w, https:\/\/vosgesinfo.fr\/app\/uploads\/sites\/5\/2026\/04\/parcours-de-sante-87-1024x683.jpg 1024w, https:\/\/vosgesinfo.fr\/app\/uploads\/sites\/5\/2026\/04\/parcours-de-sante-87-768x512.jpg 768w, https:\/\/vosgesinfo.fr\/app\/uploads\/sites\/5\/2026\/04\/parcours-de-sante-87-1536x1024.jpg 1536w, https:\/\/vosgesinfo.fr\/app\/uploads\/sites\/5\/2026\/04\/parcours-de-sante-87.jpg 1920w\" sizes=\"(max-width: 300px) 100vw, 300px\" \/><\/a><p id=\"caption-attachment-90923\" class=\"wp-caption-text\">Lecture de vid\u00e9o via le QR Code<\/p><\/div>\n<p>&nbsp;<\/p>\n<p>Une deuxi\u00e8me boucle d\u2019environ 2,5 kilom\u00e8tres est d\u00e9j\u00e0 en projet pour venir compl\u00e9ter cette premi\u00e8re phase. Avec le retour des beaux jours, c\u2019est le moment de venir seul ou en famille ou groupe profiter de ce nouveau parcours de sant\u00e9. C\u2019est d\u00e9sormais \u00e0 chacun de se l\u2019approprier.<\/p>\n<p><strong>PM<\/strong><\/p>\n<div id=\"attachment_90926\" style=\"width: 1034px\" class=\"wp-caption alignright\"><a href=\"https:\/\/vosgesinfo.fr\/app\/uploads\/sites\/5\/2026\/04\/premires-pas-sur-le-parcours.jpg\"><img decoding=\"async\" aria-describedby=\"caption-attachment-90926\" class=\"size-large wp-image-90926\" src=\"https:\/\/vosgesinfo.fr\/app\/uploads\/sites\/5\/2026\/04\/premires-pas-sur-le-parcours-1024x682.jpg\" alt=\"\" width=\"1024\" height=\"682\" srcset=\"https:\/\/vosgesinfo.fr\/app\/uploads\/sites\/5\/2026\/04\/premires-pas-sur-le-parcours-1024x682.jpg 1024w, https:\/\/vosgesinfo.fr\/app\/uploads\/sites\/5\/2026\/04\/premires-pas-sur-le-parcours-300x200.jpg 300w, https:\/\/vosgesinfo.fr\/app\/uploads\/sites\/5\/2026\/04\/premires-pas-sur-le-parcours-768x512.jpg 768w, https:\/\/vosgesinfo.fr\/app\/uploads\/sites\/5\/2026\/04\/premires-pas-sur-le-parcours.jpg 1358w\" sizes=\"(max-width: 1024px) 100vw, 1024px\" \/><\/a><p id=\"caption-attachment-90926\" class=\"wp-caption-text\">Premiers pas sur le parcours<\/p><\/div>\n<p>&nbsp;<\/p>\n","protected":false},"excerpt":{"rendered":"<p>Fr\u00e9d\u00e9ric Simon, adjoint au d\u00e9veloppement durable, ainsi que Bruno Haillant, 1\u1d49\u02b3 adjoint, ont inaugur\u00e9 ce mercredi la premi\u00e8re boucle du [&hellip;]<\/p>\n","protected":false},"author":413,"featured_media":90922,"comment_status":"open","ping_status":"open","sticky":false,"template":"","format":"standard","meta":{"footnotes":""},"categories":[26,43,1556,35,12,14],"tags":[9266],"class_list":["post-90921","post","type-post","status-publish","format-standard","has-post-thumbnail","hentry","category-a-la-une","category-remiremont-remiremont-son-canton","category-remiremont-remiremont-son-canton-2","category-remiremont-son-canton","category-sante","category-sport","tag-parcours-de-sante"],"acf":[],"yoast_head":"<!-- This site is optimized with the Yoast SEO plugin v22.5 - https:\/\/yoast.com\/wordpress\/plugins\/seo\/ -->\n<title>Apr\u00e8s des ann\u00e9es laiss\u00e9 \u00e0 l\u2019abandon, le parcours de sant\u00e9 rena\u00eet. - Remiremont Info<\/title>\n<meta name=\"robots\" content=\"index, follow, max-snippet:-1, max-image-preview:large, max-video-preview:-1\" \/>\n<link rel=\"canonical\" href=\"https:\/\/vosgesinfo.fr\/remiremontinfo\/?p=90921\" \/>\n<meta name=\"twitter:card\" content=\"summary_large_image\" \/>\n<meta name=\"twitter:title\" content=\"Apr\u00e8s des ann\u00e9es laiss\u00e9 \u00e0 l\u2019abandon, le parcours de sant\u00e9 rena\u00eet. - Remiremont Info\" \/>\n<meta name=\"twitter:description\" content=\"Fr\u00e9d\u00e9ric Simon, adjoint au d\u00e9veloppement durable, ainsi que Bruno Haillant, 1\u1d49\u02b3 adjoint, ont inaugur\u00e9 ce mercredi la premi\u00e8re boucle du [&hellip;]\" \/>\n<meta name=\"twitter:image\" content=\"https:\/\/vosgesinfo.fr\/app\/uploads\/sites\/5\/2026\/04\/parcours-de-sante-28.jpg\" \/>\n<meta name=\"twitter:creator\" content=\"@VosgesInfo88\" \/>\n<meta name=\"twitter:site\" content=\"@VosgesInfo88\" \/>\n<meta name=\"twitter:label1\" content=\"\u00c9crit par\" \/>\n\t<meta name=\"twitter:data1\" content=\"P.M\" \/>\n\t<meta name=\"twitter:label2\" content=\"Dur\u00e9e de lecture estim\u00e9e\" \/>\n\t<meta name=\"twitter:data2\" content=\"3 minutes\" \/>\n<script type=\"application\/ld+json\" class=\"yoast-schema-graph\">{\"@context\":\"https:\/\/schema.org\",\"@graph\":[{\"@type\":\"Article\",\"@id\":\"https:\/\/vosgesinfo.fr\/remiremontinfo\/?p=90921#article\",\"isPartOf\":{\"@id\":\"https:\/\/vosgesinfo.fr\/remiremontinfo\/?p=90921\"},\"author\":{\"name\":\"P.M\",\"@id\":\"https:\/\/vosgesinfo.fr\/remiremontinfo\/#\/schema\/person\/a6fd2dde36da20be3679f2058b94c5b8\"},\"headline\":\"Apr\u00e8s des ann\u00e9es laiss\u00e9 \u00e0 l\u2019abandon, le parcours de sant\u00e9 rena\u00eet.\",\"datePublished\":\"2026-04-29T15:43:18+00:00\",\"dateModified\":\"2026-04-29T15:43:18+00:00\",\"mainEntityOfPage\":{\"@id\":\"https:\/\/vosgesinfo.fr\/remiremontinfo\/?p=90921\"},\"wordCount\":313,\"commentCount\":0,\"publisher\":{\"@id\":\"https:\/\/vosgesinfo.fr\/remiremontinfo\/#organization\"},\"image\":{\"@id\":\"https:\/\/vosgesinfo.fr\/remiremontinfo\/?p=90921#primaryimage\"},\"thumbnailUrl\":\"https:\/\/vosgesinfo.fr\/app\/uploads\/sites\/5\/2026\/04\/parcours-de-sante-28.jpg\",\"keywords\":[\"parcours de sant\u00e9\"],\"articleSection\":[\"A la Une\",\"Remiremont\",\"Remiremont\",\"Remiremont &amp; son canton\",\"Sant\u00e9\",\"Sport\"],\"inLanguage\":\"fr-FR\",\"potentialAction\":[{\"@type\":\"CommentAction\",\"name\":\"Comment\",\"target\":[\"https:\/\/vosgesinfo.fr\/remiremontinfo\/?p=90921#respond\"]}]},{\"@type\":\"WebPage\",\"@id\":\"https:\/\/vosgesinfo.fr\/remiremontinfo\/?p=90921\",\"url\":\"https:\/\/vosgesinfo.fr\/remiremontinfo\/?p=90921\",\"name\":\"Apr\u00e8s des ann\u00e9es laiss\u00e9 \u00e0 l\u2019abandon, le parcours de sant\u00e9 rena\u00eet. - Remiremont Info\",\"isPartOf\":{\"@id\":\"https:\/\/vosgesinfo.fr\/remiremontinfo\/#website\"},\"primaryImageOfPage\":{\"@id\":\"https:\/\/vosgesinfo.fr\/remiremontinfo\/?p=90921#primaryimage\"},\"image\":{\"@id\":\"https:\/\/vosgesinfo.fr\/remiremontinfo\/?p=90921#primaryimage\"},\"thumbnailUrl\":\"https:\/\/vosgesinfo.fr\/app\/uploads\/sites\/5\/2026\/04\/parcours-de-sante-28.jpg\",\"datePublished\":\"2026-04-29T15:43:18+00:00\",\"dateModified\":\"2026-04-29T15:43:18+00:00\",\"breadcrumb\":{\"@id\":\"https:\/\/vosgesinfo.fr\/remiremontinfo\/?p=90921#breadcrumb\"},\"inLanguage\":\"fr-FR\",\"potentialAction\":[{\"@type\":\"ReadAction\",\"target\":[\"https:\/\/vosgesinfo.fr\/remiremontinfo\/?p=90921\"]}]},{\"@type\":\"ImageObject\",\"inLanguage\":\"fr-FR\",\"@id\":\"https:\/\/vosgesinfo.fr\/remiremontinfo\/?p=90921#primaryimage\",\"url\":\"https:\/\/vosgesinfo.fr\/app\/uploads\/sites\/5\/2026\/04\/parcours-de-sante-28.jpg\",\"contentUrl\":\"https:\/\/vosgesinfo.fr\/app\/uploads\/sites\/5\/2026\/04\/parcours-de-sante-28.jpg\",\"width\":1920,\"height\":1280},{\"@type\":\"BreadcrumbList\",\"@id\":\"https:\/\/vosgesinfo.fr\/remiremontinfo\/?p=90921#breadcrumb\",\"itemListElement\":[{\"@type\":\"ListItem\",\"position\":1,\"name\":\"Home\",\"item\":\"https:\/\/vosgesinfo.fr\/remiremontinfo\/\"},{\"@type\":\"ListItem\",\"position\":2,\"name\":\"Apr\u00e8s des ann\u00e9es laiss\u00e9 \u00e0 l\u2019abandon, le parcours de sant\u00e9 rena\u00eet.\"}]},{\"@type\":\"WebSite\",\"@id\":\"https:\/\/vosgesinfo.fr\/remiremontinfo\/#website\",\"url\":\"https:\/\/vosgesinfo.fr\/remiremontinfo\/\",\"name\":\"Remiremont Info\",\"description\":\"Toute l&#039;actualit\u00e9 de Remiremont\",\"publisher\":{\"@id\":\"https:\/\/vosgesinfo.fr\/remiremontinfo\/#organization\"},\"alternateName\":\"Toute l'actualit\u00e9 de Remiremont\",\"potentialAction\":[{\"@type\":\"SearchAction\",\"target\":{\"@type\":\"EntryPoint\",\"urlTemplate\":\"https:\/\/vosgesinfo.fr\/remiremontinfo\/?s={search_term_string}\"},\"query-input\":\"required name=search_term_string\"}],\"inLanguage\":\"fr-FR\"},{\"@type\":\"Organization\",\"@id\":\"https:\/\/vosgesinfo.fr\/remiremontinfo\/#organization\",\"name\":\"Remiremont Info\",\"url\":\"https:\/\/vosgesinfo.fr\/remiremontinfo\/\",\"logo\":{\"@type\":\"ImageObject\",\"inLanguage\":\"fr-FR\",\"@id\":\"https:\/\/vosgesinfo.fr\/remiremontinfo\/#\/schema\/logo\/image\/\",\"url\":\"https:\/\/vosgesinfo.fr\/app\/uploads\/sites\/5\/2023\/08\/favicon-remiremontinfo.png\",\"contentUrl\":\"https:\/\/vosgesinfo.fr\/app\/uploads\/sites\/5\/2023\/08\/favicon-remiremontinfo.png\",\"width\":512,\"height\":512,\"caption\":\"Remiremont Info\"},\"image\":{\"@id\":\"https:\/\/vosgesinfo.fr\/remiremontinfo\/#\/schema\/logo\/image\/\"},\"sameAs\":[\"https:\/\/www.facebook.com\/remiremontinfo\",\"https:\/\/x.com\/VosgesInfo88\",\"https:\/\/www.youtube.com\/@vosgesinfo\"]},{\"@type\":\"Person\",\"@id\":\"https:\/\/vosgesinfo.fr\/remiremontinfo\/#\/schema\/person\/a6fd2dde36da20be3679f2058b94c5b8\",\"name\":\"P.M\",\"image\":{\"@type\":\"ImageObject\",\"inLanguage\":\"fr-FR\",\"@id\":\"https:\/\/vosgesinfo.fr\/remiremontinfo\/#\/schema\/person\/image\/\",\"url\":\"https:\/\/secure.gravatar.com\/avatar\/db38f6ef38bb165f6f4d352563f264129673ed4536984fbbcddf700bd12f8a9a?s=96&d=mm&r=g\",\"contentUrl\":\"https:\/\/secure.gravatar.com\/avatar\/db38f6ef38bb165f6f4d352563f264129673ed4536984fbbcddf700bd12f8a9a?s=96&d=mm&r=g\",\"caption\":\"P.M\"},\"url\":\"https:\/\/vosgesinfo.fr\/remiremontinfo\/author\/p-mangel88\/\"}]}<\/script>\n<!-- \/ Yoast SEO plugin. -->","yoast_head_json":{"title":"Apr\u00e8s des ann\u00e9es laiss\u00e9 \u00e0 l\u2019abandon, le parcours de sant\u00e9 rena\u00eet. - Remiremont Info","robots":{"index":"index","follow":"follow","max-snippet":"max-snippet:-1","max-image-preview":"max-image-preview:large","max-video-preview":"max-video-preview:-1"},"canonical":"https:\/\/vosgesinfo.fr\/remiremontinfo\/?p=90921","twitter_card":"summary_large_image","twitter_title":"Apr\u00e8s des ann\u00e9es laiss\u00e9 \u00e0 l\u2019abandon, le parcours de sant\u00e9 rena\u00eet. - Remiremont Info","twitter_description":"Fr\u00e9d\u00e9ric Simon, adjoint au d\u00e9veloppement durable, ainsi que Bruno Haillant, 1\u1d49\u02b3 adjoint, ont inaugur\u00e9 ce mercredi la premi\u00e8re boucle du [&hellip;]","twitter_image":"https:\/\/vosgesinfo.fr\/app\/uploads\/sites\/5\/2026\/04\/parcours-de-sante-28.jpg","twitter_creator":"@VosgesInfo88","twitter_site":"@VosgesInfo88","twitter_misc":{"\u00c9crit par":"P.M","Dur\u00e9e de lecture estim\u00e9e":"3 minutes"},"schema":{"@context":"https:\/\/schema.org","@graph":[{"@type":"Article","@id":"https:\/\/vosgesinfo.fr\/remiremontinfo\/?p=90921#article","isPartOf":{"@id":"https:\/\/vosgesinfo.fr\/remiremontinfo\/?p=90921"},"author":{"name":"P.M","@id":"https:\/\/vosgesinfo.fr\/remiremontinfo\/#\/schema\/person\/a6fd2dde36da20be3679f2058b94c5b8"},"headline":"Apr\u00e8s des ann\u00e9es laiss\u00e9 \u00e0 l\u2019abandon, le parcours de sant\u00e9 rena\u00eet.","datePublished":"2026-04-29T15:43:18+00:00","dateModified":"2026-04-29T15:43:18+00:00","mainEntityOfPage":{"@id":"https:\/\/vosgesinfo.fr\/remiremontinfo\/?p=90921"},"wordCount":313,"commentCount":0,"publisher":{"@id":"https:\/\/vosgesinfo.fr\/remiremontinfo\/#organization"},"image":{"@id":"https:\/\/vosgesinfo.fr\/remiremontinfo\/?p=90921#primaryimage"},"thumbnailUrl":"https:\/\/vosgesinfo.fr\/app\/uploads\/sites\/5\/2026\/04\/parcours-de-sante-28.jpg","keywords":["parcours de sant\u00e9"],"articleSection":["A la Une","Remiremont","Remiremont","Remiremont &amp; son canton","Sant\u00e9","Sport"],"inLanguage":"fr-FR","potentialAction":[{"@type":"CommentAction","name":"Comment","target":["https:\/\/vosgesinfo.fr\/remiremontinfo\/?p=90921#respond"]}]},{"@type":"WebPage","@id":"https:\/\/vosgesinfo.fr\/remiremontinfo\/?p=90921","url":"https:\/\/vosgesinfo.fr\/remiremontinfo\/?p=90921","name":"Apr\u00e8s des ann\u00e9es laiss\u00e9 \u00e0 l\u2019abandon, le parcours de sant\u00e9 rena\u00eet. - Remiremont Info","isPartOf":{"@id":"https:\/\/vosgesinfo.fr\/remiremontinfo\/#website"},"primaryImageOfPage":{"@id":"https:\/\/vosgesinfo.fr\/remiremontinfo\/?p=90921#primaryimage"},"image":{"@id":"https:\/\/vosgesinfo.fr\/remiremontinfo\/?p=90921#primaryimage"},"thumbnailUrl":"https:\/\/vosgesinfo.fr\/app\/uploads\/sites\/5\/2026\/04\/parcours-de-sante-28.jpg","datePublished":"2026-04-29T15:43:18+00:00","dateModified":"2026-04-29T15:43:18+00:00","breadcrumb":{"@id":"https:\/\/vosgesinfo.fr\/remiremontinfo\/?p=90921#breadcrumb"},"inLanguage":"fr-FR","potentialAction":[{"@type":"ReadAction","target":["https:\/\/vosgesinfo.fr\/remiremontinfo\/?p=90921"]}]},{"@type":"ImageObject","inLanguage":"fr-FR","@id":"https:\/\/vosgesinfo.fr\/remiremontinfo\/?p=90921#primaryimage","url":"https:\/\/vosgesinfo.fr\/app\/uploads\/sites\/5\/2026\/04\/parcours-de-sante-28.jpg","contentUrl":"https:\/\/vosgesinfo.fr\/app\/uploads\/sites\/5\/2026\/04\/parcours-de-sante-28.jpg","width":1920,"height":1280},{"@type":"BreadcrumbList","@id":"https:\/\/vosgesinfo.fr\/remiremontinfo\/?p=90921#breadcrumb","itemListElement":[{"@type":"ListItem","position":1,"name":"Home","item":"https:\/\/vosgesinfo.fr\/remiremontinfo\/"},{"@type":"ListItem","position":2,"name":"Apr\u00e8s des ann\u00e9es laiss\u00e9 \u00e0 l\u2019abandon, le parcours de sant\u00e9 rena\u00eet."}]},{"@type":"WebSite","@id":"https:\/\/vosgesinfo.fr\/remiremontinfo\/#website","url":"https:\/\/vosgesinfo.fr\/remiremontinfo\/","name":"Remiremont Info","description":"Toute l&#039;actualit\u00e9 de Remiremont","publisher":{"@id":"https:\/\/vosgesinfo.fr\/remiremontinfo\/#organization"},"alternateName":"Toute l'actualit\u00e9 de Remiremont","potentialAction":[{"@type":"SearchAction","target":{"@type":"EntryPoint","urlTemplate":"https:\/\/vosgesinfo.fr\/remiremontinfo\/?s={search_term_string}"},"query-input":"required name=search_term_string"}],"inLanguage":"fr-FR"},{"@type":"Organization","@id":"https:\/\/vosgesinfo.fr\/remiremontinfo\/#organization","name":"Remiremont Info","url":"https:\/\/vosgesinfo.fr\/remiremontinfo\/","logo":{"@type":"ImageObject","inLanguage":"fr-FR","@id":"https:\/\/vosgesinfo.fr\/remiremontinfo\/#\/schema\/logo\/image\/","url":"https:\/\/vosgesinfo.fr\/app\/uploads\/sites\/5\/2023\/08\/favicon-remiremontinfo.png","contentUrl":"https:\/\/vosgesinfo.fr\/app\/uploads\/sites\/5\/2023\/08\/favicon-remiremontinfo.png","width":512,"height":512,"caption":"Remiremont Info"},"image":{"@id":"https:\/\/vosgesinfo.fr\/remiremontinfo\/#\/schema\/logo\/image\/"},"sameAs":["https:\/\/www.facebook.com\/remiremontinfo","https:\/\/x.com\/VosgesInfo88","https:\/\/www.youtube.com\/@vosgesinfo"]},{"@type":"Person","@id":"https:\/\/vosgesinfo.fr\/remiremontinfo\/#\/schema\/person\/a6fd2dde36da20be3679f2058b94c5b8","name":"P.M","image":{"@type":"ImageObject","inLanguage":"fr-FR","@id":"https:\/\/vosgesinfo.fr\/remiremontinfo\/#\/schema\/person\/image\/","url":"https:\/\/secure.gravatar.com\/avatar\/db38f6ef38bb165f6f4d352563f264129673ed4536984fbbcddf700bd12f8a9a?s=96&d=mm&r=g","contentUrl":"https:\/\/secure.gravatar.com\/avatar\/db38f6ef38bb165f6f4d352563f264129673ed4536984fbbcddf700bd12f8a9a?s=96&d=mm&r=g","caption":"P.M"},"url":"https:\/\/vosgesinfo.fr\/remiremontinfo\/author\/p-mangel88\/"}]}},"_links":{"self":[{"href":"https:\/\/vosgesinfo.fr\/remiremontinfo\/wp-json\/wp\/v2\/posts\/90921","targetHints":{"allow":["GET"]}}],"collection":[{"href":"https:\/\/vosgesinfo.fr\/remiremontinfo\/wp-json\/wp\/v2\/posts"}],"about":[{"href":"https:\/\/vosgesinfo.fr\/remiremontinfo\/wp-json\/wp\/v2\/types\/post"}],"author":[{"embeddable":true,"href":"https:\/\/vosgesinfo.fr\/remiremontinfo\/wp-json\/wp\/v2\/users\/413"}],"replies":[{"embeddable":true,"href":"https:\/\/vosgesinfo.fr\/remiremontinfo\/wp-json\/wp\/v2\/comments?post=90921"}],"version-history":[{"count":3,"href":"https:\/\/vosgesinfo.fr\/remiremontinfo\/wp-json\/wp\/v2\/posts\/90921\/revisions"}],"predecessor-version":[{"id":90929,"href":"https:\/\/vosgesinfo.fr\/remiremontinfo\/wp-json\/wp\/v2\/posts\/90921\/revisions\/90929"}],"wp:featuredmedia":[{"embeddable":true,"href":"https:\/\/vosgesinfo.fr\/remiremontinfo\/wp-json\/wp\/v2\/media\/90922"}],"wp:attachment":[{"href":"https:\/\/vosgesinfo.fr\/remiremontinfo\/wp-json\/wp\/v2\/media?parent=90921"}],"wp:term":[{"taxonomy":"category","embeddable":true,"href":"https:\/\/vosgesinfo.fr\/remiremontinfo\/wp-json\/wp\/v2\/categories?post=90921"},{"taxonomy":"post_tag","embeddable":true,"href":"https:\/\/vosgesinfo.fr\/remiremontinfo\/wp-json\/wp\/v2\/tags?post=90921"}],"curies":[{"name":"wp","href":"https:\/\/api.w.org\/{rel}","templated":true}]}}